{"id":31337,"date":"2025-10-02T11:50:40","date_gmt":"2025-10-02T11:50:40","guid":{"rendered":"https:\/\/lequotidien.mr\/?p=31337"},"modified":"2025-10-02T11:50:40","modified_gmt":"2025-10-02T11:50:40","slug":"mauritanie-des-recettes-en-hausse-mais-une-realite-sociale-inchangee","status":"publish","type":"post","link":"https:\/\/lequotidien.mr\/?p=31337&lang=fr","title":{"rendered":"Mauritanie : des recettes en hausse, mais une r\u00e9alit\u00e9 sociale inchang\u00e9e"},"content":{"rendered":"<p>Le ministre des Affaires \u00e9conomiques, Dr Abdallahi O. Souleymane O. Cheikh Sidia, a pr\u00e9sent\u00e9 cette semaine des chiffres flatteurs sur les finances publiques, annon\u00e7ant une hausse de 10 % des recettes de l\u2019\u00c9tat en 2024 et qualifiant de \u00ab premi\u00e8re historique \u00bb l\u2019adoption rapide de la loi de r\u00e8glement budg\u00e9taire. Dans le m\u00eame temps, il a mis en avant un financement international de plus de 72 millions de dollars destin\u00e9 au secteur de l\u2019\u00e9ducation, cens\u00e9 renforcer les capacit\u00e9s du syst\u00e8me scolaire et am\u00e9liorer l\u2019acc\u00e8s des jeunes vuln\u00e9rables \u00e0 l\u2019enseignement.<\/p>\n<p>Derri\u00e8re ces annonces optimistes, plusieurs interrogations persistent sur la capacit\u00e9 r\u00e9elle de la politique \u00e9conomique \u00e0 changer le quotidien des Mauritaniens.<\/p>\n<h3>Une embellie budg\u00e9taire sous perfusion ext\u00e9rieure<\/h3>\n<p>La progression des recettes \u2013 8,6 milliards d\u2019ouguiyas suppl\u00e9mentaires par rapport \u00e0 2023 \u2013 est pr\u00e9sent\u00e9e comme le fruit d\u2019une \u00ab politique financi\u00e8re expansionniste r\u00e9ussie \u00bb. Or, une part non n\u00e9gligeable de cette dynamique repose encore sur des financements ext\u00e9rieurs et des pr\u00eats, comme le souligne l\u2019accord conclu avec l\u2019Association internationale de d\u00e9veloppement et la Banque allemande de d\u00e9veloppement. Autrement dit, le pays continue de fonctionner sous perfusion, renfor\u00e7ant sa d\u00e9pendance \u00e0 l\u2019aide internationale, alors m\u00eame que le gouvernement vante une \u00ab mobilisation accrue des ressources int\u00e9rieures \u00bb.<\/p>\n<h3>L\u2019\u00e9ducation, \u00e9ternelle promesse non tenue<\/h3>\n<p>Que 72 millions de dollars soient promis \u00e0 l\u2019\u00e9ducation semble une bonne nouvelle. Mais la r\u00e9alit\u00e9 des \u00e9coles rurales d\u00e9labr\u00e9es, du manque d\u2019enseignants form\u00e9s, des classes surcharg\u00e9es et des taux d\u2019abandon scolaire record laisse planer un doute sur l\u2019efficacit\u00e9 de ces fonds. La question cruciale demeure : ces financements serviront-ils \u00e0 r\u00e9former un syst\u00e8me \u00e9ducatif qui \u00e9choue ann\u00e9e apr\u00e8s ann\u00e9e, ou seront-ils engloutis dans des projets de fa\u00e7ade et une bureaucratie incapable de suivre les besoins r\u00e9els du terrain ?<\/p>\n<h3>La \u00ab ma\u00eetrise des d\u00e9penses \u00bb : un trompe-l\u2019\u0153il<\/h3>\n<p>Le ministre s\u2019est f\u00e9licit\u00e9 d\u2019un taux d\u2019ex\u00e9cution budg\u00e9taire de 94 %, pr\u00e9sent\u00e9 comme un signe de rigueur. Pourtant, cette ma\u00eetrise reste contestable dans un pays o\u00f9 les infrastructures de base (routes, eau potable, sant\u00e9 de proximit\u00e9) sont insuffisantes, et o\u00f9 une grande partie de la population vit encore dans la pr\u00e9carit\u00e9. Le d\u00e9calage entre les chiffres rassurants et la r\u00e9alit\u00e9 v\u00e9cue par les citoyens alimente une impression de gestion d\u00e9connect\u00e9e du quotidien.<\/p>\n<h3>Une communication internationale bien huil\u00e9e<\/h3>\n<p>La participation de la Mauritanie au <strong>Forum de la R\u00e9silience en Afrique<\/strong> \u00e0 Abidjan illustre une autre facette de cette politique : la mise en avant d\u2019un discours s\u00e9duisant \u00e0 l\u2019\u00e9tranger. \u00c0 travers la voix de ses repr\u00e9sentants, le pays se pr\u00e9sente comme un mod\u00e8le de stabilit\u00e9 dans un Sahel en crise, insistant sur la gouvernance et les d\u00e9penses sociales. Mais \u00e0 l\u2019int\u00e9rieur, les critiques fusent sur l\u2019incapacit\u00e9 des autorit\u00e9s \u00e0 offrir des services de base d\u00e9cents, \u00e0 enrayer la pauvret\u00e9 et \u00e0 freiner l\u2019exode rural massif.<\/p>\n<h3>Entre chiffres et r\u00e9alit\u00e9s<\/h3>\n<p>En somme, si les recettes progressent et que les discours se veulent rassurants, la v\u00e9ritable \u00e9preuve reste celle de la traduction de ces performances dans la vie quotidienne des Mauritaniens. L\u2019annonce d\u2019une \u00ab avanc\u00e9e historique \u00bb dans la gestion budg\u00e9taire ne suffit pas \u00e0 masquer le contraste : d\u2019un c\u00f4t\u00e9 des statistiques officielles en hausse, de l\u2019autre une soci\u00e9t\u00e9 confront\u00e9e au ch\u00f4mage, \u00e0 la chert\u00e9 de la vie, et \u00e0 un syst\u00e8me \u00e9ducatif et sanitaire en crise permanente.<\/p>\n<p>Le gouvernement pourra multiplier les indicateurs macro\u00e9conomiques et les podiums internationaux, mais tant que ces chiffres ne se traduiront pas par des changements tangibles dans la vie des citoyens, la \u00ab r\u00e9ussite \u00bb restera avant tout un exercice de communication.<\/p>\n<p>&nbsp;<\/p>\n<p>&nbsp;<\/p>\n","protected":false},"excerpt":{"rendered":"<p>Le ministre des Affaires \u00e9conomiques, Dr Abdallahi O. Souleymane O. Cheikh Sidia, a pr\u00e9sent\u00e9 cette semaine des chiffres flatteurs sur les finances publiques, annon\u00e7ant une hausse de 10 % des recettes de l\u2019\u00c9tat en 2024 et qualifiant de \u00ab premi\u00e8re historique \u00bb l\u2019adoption rapide de la loi de r\u00e8glement budg\u00e9taire. Dans le m\u00eame temps, il&#8230;..<\/p>\n","protected":false},"author":4,"featured_media":31338,"comment_status":"open","ping_status":"open","sticky":false,"template":"","format":"standard","meta":{"footnotes":""},"categories":[23,49,57],"tags":[],"class_list":["post-31337","post","type-post","status-publish","format-standard","has-post-thumbnail","hentry","category-actualite","category-economie","category-couverture-specilale"],"yoast_head":"<!-- This site is optimized with the Yoast SEO plugin v27.5 - https:\/\/yoast.com\/product\/yoast-seo-wordpress\/ -->\n<title>Mauritanie : des recettes en hausse, mais une r\u00e9alit\u00e9 sociale inchang\u00e9e - Le Quotidien de Nouakchott<\/title>\n<meta name=\"robots\" content=\"index, follow, max-snippet:-1, max-image-preview:large, max-video-preview:-1\" \/>\n<link rel=\"canonical\" href=\"https:\/\/lequotidien.mr\/?p=31337&lang=fr\" \/>\n<meta property=\"og:locale\" content=\"ar_AR\" \/>\n<meta property=\"og:type\" content=\"article\" \/>\n<meta property=\"og:title\" content=\"Mauritanie : des recettes en hausse, mais une r\u00e9alit\u00e9 sociale inchang\u00e9e - Le Quotidien de Nouakchott\" \/>\n<meta property=\"og:description\" content=\"Le ministre des Affaires \u00e9conomiques, Dr Abdallahi O. Souleymane O. Cheikh Sidia, a pr\u00e9sent\u00e9 cette semaine des chiffres flatteurs sur les finances publiques, annon\u00e7ant une hausse de 10 % des recettes de l\u2019\u00c9tat en 2024 et qualifiant de \u00ab premi\u00e8re historique \u00bb l\u2019adoption rapide de la loi de r\u00e8glement budg\u00e9taire. Dans le m\u00eame temps, il.....\" \/>\n<meta property=\"og:url\" content=\"https:\/\/lequotidien.mr\/?p=31337&amp;lang=fr\" \/>\n<meta property=\"og:site_name\" content=\"Le Quotidien de Nouakchott\" \/>\n<meta property=\"article:publisher\" content=\"https:\/\/web.facebook.com\/lequotidienmr\" \/>\n<meta property=\"article:published_time\" content=\"2025-10-02T11:50:40+00:00\" \/>\n<meta property=\"og:image\" content=\"https:\/\/lequotidien.mr\/wp-content\/uploads\/2025\/10\/\u062a\u0639\u0644\u064a\u0642-750x430-1.jpg\" \/>\n\t<meta property=\"og:image:width\" content=\"750\" \/>\n\t<meta property=\"og:image:height\" content=\"430\" \/>\n\t<meta property=\"og:image:type\" content=\"image\/jpeg\" \/>\n<meta name=\"author\" content=\"Le Quotidien\" \/>\n<meta name=\"twitter:card\" content=\"summary_large_image\" \/>\n<meta name=\"twitter:creator\" content=\"@lequotidienmr\" \/>\n<meta name=\"twitter:site\" content=\"@lequotidienmr\" \/>\n<meta name=\"twitter:label1\" content=\"\u0643\u064f\u062a\u0628 \u0628\u0648\u0627\u0633\u0637\u0629\" \/>\n\t<meta name=\"twitter:data1\" content=\"Le Quotidien\" \/>\n\t<meta name=\"twitter:label2\" content=\"\u0648\u0642\u062a \u0627\u0644\u0642\u0631\u0627\u0621\u0629 \u0627\u0644\u0645\u064f\u0642\u062f\u0651\u0631\" \/>\n\t<meta name=\"twitter:data2\" content=\"5 \u062f\u0642\u0627\u0626\u0642\" \/>\n<script type=\"application\/ld+json\" class=\"yoast-schema-graph\">{\"@context\":\"https:\\\/\\\/schema.org\",\"@graph\":[{\"@type\":\"Article\",\"@id\":\"https:\\\/\\\/lequotidien.mr\\\/?p=31337&lang=fr#article\",\"isPartOf\":{\"@id\":\"https:\\\/\\\/lequotidien.mr\\\/?p=31337&lang=fr\"},\"author\":{\"name\":\"Le Quotidien\",\"@id\":\"https:\\\/\\\/lequotidien.mr\\\/#\\\/schema\\\/person\\\/f90fcdaa970c60288de4ed2e64a56472\"},\"headline\":\"Mauritanie : des recettes en hausse, mais une r\u00e9alit\u00e9 sociale inchang\u00e9e\",\"datePublished\":\"2025-10-02T11:50:40+00:00\",\"mainEntityOfPage\":{\"@id\":\"https:\\\/\\\/lequotidien.mr\\\/?p=31337&lang=fr\"},\"wordCount\":658,\"commentCount\":0,\"publisher\":{\"@id\":\"https:\\\/\\\/lequotidien.mr\\\/#organization\"},\"image\":{\"@id\":\"https:\\\/\\\/lequotidien.mr\\\/?p=31337&lang=fr#primaryimage\"},\"thumbnailUrl\":\"https:\\\/\\\/lequotidien.mr\\\/wp-content\\\/uploads\\\/2025\\\/10\\\/\u062a\u0639\u0644\u064a\u0642-750x430-1.jpg\",\"articleSection\":[\"ACTUALIT\u00c9\",\"Economie\",\"Couverture sp\u00e9cilale\"],\"inLanguage\":\"ar\",\"potentialAction\":[{\"@type\":\"CommentAction\",\"name\":\"Comment\",\"target\":[\"https:\\\/\\\/lequotidien.mr\\\/?p=31337&lang=fr#respond\"]}]},{\"@type\":\"WebPage\",\"@id\":\"https:\\\/\\\/lequotidien.mr\\\/?p=31337&lang=fr\",\"url\":\"https:\\\/\\\/lequotidien.mr\\\/?p=31337&lang=fr\",\"name\":\"Mauritanie : des recettes en hausse, mais une r\u00e9alit\u00e9 sociale inchang\u00e9e - Le Quotidien de Nouakchott\",\"isPartOf\":{\"@id\":\"https:\\\/\\\/lequotidien.mr\\\/#website\"},\"primaryImageOfPage\":{\"@id\":\"https:\\\/\\\/lequotidien.mr\\\/?p=31337&lang=fr#primaryimage\"},\"image\":{\"@id\":\"https:\\\/\\\/lequotidien.mr\\\/?p=31337&lang=fr#primaryimage\"},\"thumbnailUrl\":\"https:\\\/\\\/lequotidien.mr\\\/wp-content\\\/uploads\\\/2025\\\/10\\\/\u062a\u0639\u0644\u064a\u0642-750x430-1.jpg\",\"datePublished\":\"2025-10-02T11:50:40+00:00\",\"breadcrumb\":{\"@id\":\"https:\\\/\\\/lequotidien.mr\\\/?p=31337&lang=fr#breadcrumb\"},\"inLanguage\":\"ar\",\"potentialAction\":[{\"@type\":\"ReadAction\",\"target\":[\"https:\\\/\\\/lequotidien.mr\\\/?p=31337&lang=fr\"]}]},{\"@type\":\"ImageObject\",\"inLanguage\":\"ar\",\"@id\":\"https:\\\/\\\/lequotidien.mr\\\/?p=31337&lang=fr#primaryimage\",\"url\":\"https:\\\/\\\/lequotidien.mr\\\/wp-content\\\/uploads\\\/2025\\\/10\\\/\u062a\u0639\u0644\u064a\u0642-750x430-1.jpg\",\"contentUrl\":\"https:\\\/\\\/lequotidien.mr\\\/wp-content\\\/uploads\\\/2025\\\/10\\\/\u062a\u0639\u0644\u064a\u0642-750x430-1.jpg\",\"width\":750,\"height\":430},{\"@type\":\"BreadcrumbList\",\"@id\":\"https:\\\/\\\/lequotidien.mr\\\/?p=31337&lang=fr#breadcrumb\",\"itemListElement\":[{\"@type\":\"ListItem\",\"position\":1,\"name\":\"Home\",\"item\":\"https:\\\/\\\/lequotidien.mr\\\/\"},{\"@type\":\"ListItem\",\"position\":2,\"name\":\"Mauritanie : des recettes en hausse, mais une r\u00e9alit\u00e9 sociale inchang\u00e9e\"}]},{\"@type\":\"WebSite\",\"@id\":\"https:\\\/\\\/lequotidien.mr\\\/#website\",\"url\":\"https:\\\/\\\/lequotidien.mr\\\/\",\"name\":\"Le Quotidien de Nouakchott\",\"description\":\"\u0625\u062e\u0628\u0627\u0631\u064a\u0629 \u0645\u0633\u062a\u0642\u0644\u0629 \u0644\u0644\u0623\u0646\u0628\u0627\u0621 \u0627\u0644\u0639\u0627\u0645\u0629\",\"publisher\":{\"@id\":\"https:\\\/\\\/lequotidien.mr\\\/#organization\"},\"potentialAction\":[{\"@type\":\"SearchAction\",\"target\":{\"@type\":\"EntryPoint\",\"urlTemplate\":\"https:\\\/\\\/lequotidien.mr\\\/?s={search_term_string}\"},\"query-input\":{\"@type\":\"PropertyValueSpecification\",\"valueRequired\":true,\"valueName\":\"search_term_string\"}}],\"inLanguage\":\"ar\"},{\"@type\":\"Organization\",\"@id\":\"https:\\\/\\\/lequotidien.mr\\\/#organization\",\"name\":\"Le Quotidien de Nouakchott\",\"url\":\"https:\\\/\\\/lequotidien.mr\\\/\",\"logo\":{\"@type\":\"ImageObject\",\"inLanguage\":\"ar\",\"@id\":\"https:\\\/\\\/lequotidien.mr\\\/#\\\/schema\\\/logo\\\/image\\\/\",\"url\":\"https:\\\/\\\/lequotidien.mr\\\/wp-content\\\/uploads\\\/2022\\\/11\\\/logolequotidien.jpg\",\"contentUrl\":\"https:\\\/\\\/lequotidien.mr\\\/wp-content\\\/uploads\\\/2022\\\/11\\\/logolequotidien.jpg\",\"width\":290,\"height\":65,\"caption\":\"Le Quotidien de Nouakchott\"},\"image\":{\"@id\":\"https:\\\/\\\/lequotidien.mr\\\/#\\\/schema\\\/logo\\\/image\\\/\"},\"sameAs\":[\"https:\\\/\\\/web.facebook.com\\\/lequotidienmr\",\"https:\\\/\\\/x.com\\\/lequotidienmr\"]},{\"@type\":\"Person\",\"@id\":\"https:\\\/\\\/lequotidien.mr\\\/#\\\/schema\\\/person\\\/f90fcdaa970c60288de4ed2e64a56472\",\"name\":\"Le Quotidien\",\"image\":{\"@type\":\"ImageObject\",\"inLanguage\":\"ar\",\"@id\":\"https:\\\/\\\/secure.gravatar.com\\\/avatar\\\/374cb39a1a458a912465a93e5a3ce6546886fc3da809a1f10c63e4e8fcbca30f?s=96&d=mm&r=g\",\"url\":\"https:\\\/\\\/secure.gravatar.com\\\/avatar\\\/374cb39a1a458a912465a93e5a3ce6546886fc3da809a1f10c63e4e8fcbca30f?s=96&d=mm&r=g\",\"contentUrl\":\"https:\\\/\\\/secure.gravatar.com\\\/avatar\\\/374cb39a1a458a912465a93e5a3ce6546886fc3da809a1f10c63e4e8fcbca30f?s=96&d=mm&r=g\",\"caption\":\"Le Quotidien\"},\"sameAs\":[\"https:\\\/\\\/lequotidien.mr\\\/\"],\"url\":\"https:\\\/\\\/lequotidien.mr\\\/?author=4\"}]}<\/script>\n<!-- \/ Yoast SEO plugin. -->","yoast_head_json":{"title":"Mauritanie : des recettes en hausse, mais une r\u00e9alit\u00e9 sociale inchang\u00e9e - Le Quotidien de Nouakchott","robots":{"index":"index","follow":"follow","max-snippet":"max-snippet:-1","max-image-preview":"max-image-preview:large","max-video-preview":"max-video-preview:-1"},"canonical":"https:\/\/lequotidien.mr\/?p=31337&lang=fr","og_locale":"ar_AR","og_type":"article","og_title":"Mauritanie : des recettes en hausse, mais une r\u00e9alit\u00e9 sociale inchang\u00e9e - Le Quotidien de Nouakchott","og_description":"Le ministre des Affaires \u00e9conomiques, Dr Abdallahi O. Souleymane O. Cheikh Sidia, a pr\u00e9sent\u00e9 cette semaine des chiffres flatteurs sur les finances publiques, annon\u00e7ant une hausse de 10 % des recettes de l\u2019\u00c9tat en 2024 et qualifiant de \u00ab premi\u00e8re historique \u00bb l\u2019adoption rapide de la loi de r\u00e8glement budg\u00e9taire. Dans le m\u00eame temps, il.....","og_url":"https:\/\/lequotidien.mr\/?p=31337&lang=fr","og_site_name":"Le Quotidien de Nouakchott","article_publisher":"https:\/\/web.facebook.com\/lequotidienmr","article_published_time":"2025-10-02T11:50:40+00:00","og_image":[{"width":750,"height":430,"url":"https:\/\/lequotidien.mr\/wp-content\/uploads\/2025\/10\/\u062a\u0639\u0644\u064a\u0642-750x430-1.jpg","type":"image\/jpeg"}],"author":"Le Quotidien","twitter_card":"summary_large_image","twitter_creator":"@lequotidienmr","twitter_site":"@lequotidienmr","twitter_misc":{"\u0643\u064f\u062a\u0628 \u0628\u0648\u0627\u0633\u0637\u0629":"Le Quotidien","\u0648\u0642\u062a \u0627\u0644\u0642\u0631\u0627\u0621\u0629 \u0627\u0644\u0645\u064f\u0642\u062f\u0651\u0631":"5 \u062f\u0642\u0627\u0626\u0642"},"schema":{"@context":"https:\/\/schema.org","@graph":[{"@type":"Article","@id":"https:\/\/lequotidien.mr\/?p=31337&lang=fr#article","isPartOf":{"@id":"https:\/\/lequotidien.mr\/?p=31337&lang=fr"},"author":{"name":"Le Quotidien","@id":"https:\/\/lequotidien.mr\/#\/schema\/person\/f90fcdaa970c60288de4ed2e64a56472"},"headline":"Mauritanie : des recettes en hausse, mais une r\u00e9alit\u00e9 sociale inchang\u00e9e","datePublished":"2025-10-02T11:50:40+00:00","mainEntityOfPage":{"@id":"https:\/\/lequotidien.mr\/?p=31337&lang=fr"},"wordCount":658,"commentCount":0,"publisher":{"@id":"https:\/\/lequotidien.mr\/#organization"},"image":{"@id":"https:\/\/lequotidien.mr\/?p=31337&lang=fr#primaryimage"},"thumbnailUrl":"https:\/\/lequotidien.mr\/wp-content\/uploads\/2025\/10\/\u062a\u0639\u0644\u064a\u0642-750x430-1.jpg","articleSection":["ACTUALIT\u00c9","Economie","Couverture sp\u00e9cilale"],"inLanguage":"ar","potentialAction":[{"@type":"CommentAction","name":"Comment","target":["https:\/\/lequotidien.mr\/?p=31337&lang=fr#respond"]}]},{"@type":"WebPage","@id":"https:\/\/lequotidien.mr\/?p=31337&lang=fr","url":"https:\/\/lequotidien.mr\/?p=31337&lang=fr","name":"Mauritanie : des recettes en hausse, mais une r\u00e9alit\u00e9 sociale inchang\u00e9e - Le Quotidien de Nouakchott","isPartOf":{"@id":"https:\/\/lequotidien.mr\/#website"},"primaryImageOfPage":{"@id":"https:\/\/lequotidien.mr\/?p=31337&lang=fr#primaryimage"},"image":{"@id":"https:\/\/lequotidien.mr\/?p=31337&lang=fr#primaryimage"},"thumbnailUrl":"https:\/\/lequotidien.mr\/wp-content\/uploads\/2025\/10\/\u062a\u0639\u0644\u064a\u0642-750x430-1.jpg","datePublished":"2025-10-02T11:50:40+00:00","breadcrumb":{"@id":"https:\/\/lequotidien.mr\/?p=31337&lang=fr#breadcrumb"},"inLanguage":"ar","potentialAction":[{"@type":"ReadAction","target":["https:\/\/lequotidien.mr\/?p=31337&lang=fr"]}]},{"@type":"ImageObject","inLanguage":"ar","@id":"https:\/\/lequotidien.mr\/?p=31337&lang=fr#primaryimage","url":"https:\/\/lequotidien.mr\/wp-content\/uploads\/2025\/10\/\u062a\u0639\u0644\u064a\u0642-750x430-1.jpg","contentUrl":"https:\/\/lequotidien.mr\/wp-content\/uploads\/2025\/10\/\u062a\u0639\u0644\u064a\u0642-750x430-1.jpg","width":750,"height":430},{"@type":"BreadcrumbList","@id":"https:\/\/lequotidien.mr\/?p=31337&lang=fr#breadcrumb","itemListElement":[{"@type":"ListItem","position":1,"name":"Home","item":"https:\/\/lequotidien.mr\/"},{"@type":"ListItem","position":2,"name":"Mauritanie : des recettes en hausse, mais une r\u00e9alit\u00e9 sociale inchang\u00e9e"}]},{"@type":"WebSite","@id":"https:\/\/lequotidien.mr\/#website","url":"https:\/\/lequotidien.mr\/","name":"Le Quotidien de Nouakchott","description":"\u0625\u062e\u0628\u0627\u0631\u064a\u0629 \u0645\u0633\u062a\u0642\u0644\u0629 \u0644\u0644\u0623\u0646\u0628\u0627\u0621 \u0627\u0644\u0639\u0627\u0645\u0629","publisher":{"@id":"https:\/\/lequotidien.mr\/#organization"},"potentialAction":[{"@type":"SearchAction","target":{"@type":"EntryPoint","urlTemplate":"https:\/\/lequotidien.mr\/?s={search_term_string}"},"query-input":{"@type":"PropertyValueSpecification","valueRequired":true,"valueName":"search_term_string"}}],"inLanguage":"ar"},{"@type":"Organization","@id":"https:\/\/lequotidien.mr\/#organization","name":"Le Quotidien de Nouakchott","url":"https:\/\/lequotidien.mr\/","logo":{"@type":"ImageObject","inLanguage":"ar","@id":"https:\/\/lequotidien.mr\/#\/schema\/logo\/image\/","url":"https:\/\/lequotidien.mr\/wp-content\/uploads\/2022\/11\/logolequotidien.jpg","contentUrl":"https:\/\/lequotidien.mr\/wp-content\/uploads\/2022\/11\/logolequotidien.jpg","width":290,"height":65,"caption":"Le Quotidien de Nouakchott"},"image":{"@id":"https:\/\/lequotidien.mr\/#\/schema\/logo\/image\/"},"sameAs":["https:\/\/web.facebook.com\/lequotidienmr","https:\/\/x.com\/lequotidienmr"]},{"@type":"Person","@id":"https:\/\/lequotidien.mr\/#\/schema\/person\/f90fcdaa970c60288de4ed2e64a56472","name":"Le Quotidien","image":{"@type":"ImageObject","inLanguage":"ar","@id":"https:\/\/secure.gravatar.com\/avatar\/374cb39a1a458a912465a93e5a3ce6546886fc3da809a1f10c63e4e8fcbca30f?s=96&d=mm&r=g","url":"https:\/\/secure.gravatar.com\/avatar\/374cb39a1a458a912465a93e5a3ce6546886fc3da809a1f10c63e4e8fcbca30f?s=96&d=mm&r=g","contentUrl":"https:\/\/secure.gravatar.com\/avatar\/374cb39a1a458a912465a93e5a3ce6546886fc3da809a1f10c63e4e8fcbca30f?s=96&d=mm&r=g","caption":"Le Quotidien"},"sameAs":["https:\/\/lequotidien.mr\/"],"url":"https:\/\/lequotidien.mr\/?author=4"}]}},"_links":{"self":[{"href":"https:\/\/lequotidien.mr\/index.php?rest_route=\/wp\/v2\/posts\/31337","targetHints":{"allow":["GET"]}}],"collection":[{"href":"https:\/\/lequotidien.mr\/index.php?rest_route=\/wp\/v2\/posts"}],"about":[{"href":"https:\/\/lequotidien.mr\/index.php?rest_route=\/wp\/v2\/types\/post"}],"author":[{"embeddable":true,"href":"https:\/\/lequotidien.mr\/index.php?rest_route=\/wp\/v2\/users\/4"}],"replies":[{"embeddable":true,"href":"https:\/\/lequotidien.mr\/index.php?rest_route=%2Fwp%2Fv2%2Fcomments&post=31337"}],"version-history":[{"count":1,"href":"https:\/\/lequotidien.mr\/index.php?rest_route=\/wp\/v2\/posts\/31337\/revisions"}],"predecessor-version":[{"id":31339,"href":"https:\/\/lequotidien.mr\/index.php?rest_route=\/wp\/v2\/posts\/31337\/revisions\/31339"}],"wp:featuredmedia":[{"embeddable":true,"href":"https:\/\/lequotidien.mr\/index.php?rest_route=\/wp\/v2\/media\/31338"}],"wp:attachment":[{"href":"https:\/\/lequotidien.mr\/index.php?rest_route=%2Fwp%2Fv2%2Fmedia&parent=31337"}],"wp:term":[{"taxonomy":"category","embeddable":true,"href":"https:\/\/lequotidien.mr\/index.php?rest_route=%2Fwp%2Fv2%2Fcategories&post=31337"},{"taxonomy":"post_tag","embeddable":true,"href":"https:\/\/lequotidien.mr\/index.php?rest_route=%2Fwp%2Fv2%2Ftags&post=31337"}],"curies":[{"name":"wp","href":"https:\/\/api.w.org\/{rel}","templated":true}]}}