{"id":31300,"date":"2025-09-30T13:10:08","date_gmt":"2025-09-30T13:10:08","guid":{"rendered":"https:\/\/lequotidien.mr\/?p=31300"},"modified":"2025-09-30T13:10:08","modified_gmt":"2025-09-30T13:10:08","slug":"trois-deces-dus-a-la-fievre-de-la-vallee-du-rift-le-ministere-de-la-sante-rassure-et-appelle-a-la-vigilance","status":"publish","type":"post","link":"https:\/\/lequotidien.mr\/?p=31300&lang=fr","title":{"rendered":"Trois d\u00e9c\u00e8s dus \u00e0 la fi\u00e8vre de la vall\u00e9e du Rift : le minist\u00e8re de la Sant\u00e9 rassure et appelle \u00e0 la vigilance"},"content":{"rendered":"<p data-start=\"204\" data-end=\"454\"><strong data-start=\"204\" data-end=\"245\">\u00a0<\/strong>\u00a0Le minist\u00e8re de la Sant\u00e9 a confirm\u00e9 ce lundi soir le d\u00e9c\u00e8s de trois personnes atteintes de la fi\u00e8vre de la vall\u00e9e du Rift (FVR) dans les wilayas du Trarza (Rosso), du Brakna (Aleg) et de l\u2019Assaba (Kiffa).<\/p>\n<p data-start=\"456\" data-end=\"718\">Dans un communiqu\u00e9 rendu public, le d\u00e9partement a pr\u00e9cis\u00e9 que la situation est \u00ab sous contr\u00f4le \u00bb, tout en appelant la population \u00e0 \u00e9viter la propagation de rumeurs et \u00e0 respecter scrupuleusement les mesures pr\u00e9ventives.<\/p>\n<h4 data-start=\"720\" data-end=\"749\">Une riposte coordonn\u00e9e<\/h4>\n<p data-start=\"750\" data-end=\"1080\">Face \u00e0 l\u2019apparition de ces cas, les autorit\u00e9s sanitaires ont d\u00e9clench\u00e9 imm\u00e9diatement le plan national de r\u00e9ponse \u00e9pid\u00e9miologique. Une cellule de crise a \u00e9t\u00e9 mise en place et travaille en \u00e9troite coordination avec l\u2019Organisation mondiale de la sant\u00e9 (OMS) et les partenaires techniques afin de limiter tout risque de propagation.<\/p>\n<p data-start=\"1082\" data-end=\"1344\">Le minist\u00e8re a rappel\u00e9 que, selon les enqu\u00eates \u00e9pid\u00e9miologiques en cours, les cas enregistr\u00e9s sont li\u00e9s \u00e0 un contact direct avec des animaux infect\u00e9s ou leurs produits, et non \u00e0 une transmission interhumaine, laquelle n\u2019a jamais \u00e9t\u00e9 scientifiquement d\u00e9montr\u00e9e.<\/p>\n<h4 data-start=\"1346\" data-end=\"1399\">Qu\u2019est-ce que la fi\u00e8vre de la vall\u00e9e du Rift ?<\/h4>\n<p data-start=\"1400\" data-end=\"1703\">La FVR est une maladie virale touchant principalement les animaux d\u2019\u00e9levage (ovins, caprins, bovins, cam\u00e9lid\u00e9s). Chez l\u2019homme, elle se manifeste le plus souvent (dans plus de 98 % des cas) sous une forme b\u00e9nigne, aux sympt\u00f4mes proches de la grippe : fi\u00e8vre, c\u00e9phal\u00e9es, douleurs musculaires et fatigue.<\/p>\n<p data-start=\"1705\" data-end=\"1734\">L\u2019infection peut survenir : lors de la manipulation ou de l\u2019abattage d\u2019animaux infect\u00e9s, par la consommation de lait non bouilli ou de viande insuffisamment cuite, plus rarement, \u00e0 travers les piq\u00fbres de moustiques porteurs du virus.<\/p>\n<h4>Mesures de pr\u00e9vention recommand\u00e9es<\/h4>\n<p data-start=\"1996\" data-end=\"2267\">Le minist\u00e8re a insist\u00e9 sur plusieurs gestes de protection, en particulier \u00e0 l\u2019intention des \u00e9leveurs, bouchers et v\u00e9t\u00e9rinaires : port de gants et d\u2019\u00e9quipements de protection, signalement imm\u00e9diat de tout avortement suspect dans les troupeaux, lavage r\u00e9gulier des mains.<\/p>\n<p data-start=\"2269\" data-end=\"2329\">Pour l\u2019ensemble des citoyens, les consignes sont claires : cuire soigneusement la viande et bouillir le lait avant consommation, \u00e9viter la consommation de sang animal, utiliser moustiquaires et r\u00e9pulsifs, consulter rapidement un centre de sant\u00e9 en cas de fi\u00e8vre, de c\u00e9phal\u00e9e ou de douleurs musculaires.<\/p>\n<h4>Un appel au calme<\/h4>\n<p data-start=\"2616\" data-end=\"2935\">Tout en confirmant la mobilisation compl\u00e8te des structures sanitaires et la disponibilit\u00e9 des moyens n\u00e9cessaires, le minist\u00e8re a voulu d\u00e9livrer un message de s\u00e9r\u00e9nit\u00e9 : \u00ab La situation est sous contr\u00f4le et fait l\u2019objet d\u2019un suivi rapproch\u00e9. Les mesures pr\u00e9ventives, lorsqu\u2019elles sont respect\u00e9es, sont tr\u00e8s efficaces. \u00bb<\/p>\n<p data-start=\"2937\" data-end=\"3121\">Il a enfin exhort\u00e9 la population \u00e0 la responsabilit\u00e9 collective, en \u00e9vitant la propagation de rumeurs infond\u00e9es et en s\u2019informant exclusivement via les canaux officiels du minist\u00e8re.<\/p>\n<p data-start=\"3123\" data-end=\"3185\">\u00ab Ensemble, prot\u00e9geons notre sant\u00e9 \u00bb, conclut le communiqu\u00e9.<\/p>\n<p>&nbsp;<\/p>\n","protected":false},"excerpt":{"rendered":"<p>\u00a0\u00a0Le minist\u00e8re de la Sant\u00e9 a confirm\u00e9 ce lundi soir le d\u00e9c\u00e8s de trois personnes atteintes de la fi\u00e8vre de la vall\u00e9e du Rift (FVR) dans les wilayas du Trarza (Rosso), du Brakna (Aleg) et de l\u2019Assaba (Kiffa). Dans un communiqu\u00e9 rendu public, le d\u00e9partement a pr\u00e9cis\u00e9 que la situation est \u00ab sous contr\u00f4le \u00bb,&#8230;..<\/p>\n","protected":false},"author":4,"featured_media":31301,"comment_status":"open","ping_status":"open","sticky":false,"template":"","format":"standard","meta":{"footnotes":""},"categories":[23,57],"tags":[],"class_list":["post-31300","post","type-post","status-publish","format-standard","has-post-thumbnail","hentry","category-actualite","category-couverture-specilale"],"yoast_head":"<!-- This site is optimized with the Yoast SEO plugin v27.5 - https:\/\/yoast.com\/product\/yoast-seo-wordpress\/ -->\n<title>Trois d\u00e9c\u00e8s dus \u00e0 la fi\u00e8vre de la vall\u00e9e du Rift : le minist\u00e8re de la Sant\u00e9 rassure et appelle \u00e0 la vigilance - Le Quotidien de Nouakchott<\/title>\n<meta name=\"robots\" content=\"index, follow, max-snippet:-1, max-image-preview:large, max-video-preview:-1\" \/>\n<link rel=\"canonical\" href=\"https:\/\/lequotidien.mr\/?p=31300&lang=fr\" \/>\n<meta property=\"og:locale\" content=\"ar_AR\" \/>\n<meta property=\"og:type\" content=\"article\" \/>\n<meta property=\"og:title\" content=\"Trois d\u00e9c\u00e8s dus \u00e0 la fi\u00e8vre de la vall\u00e9e du Rift : le minist\u00e8re de la Sant\u00e9 rassure et appelle \u00e0 la vigilance - Le Quotidien de Nouakchott\" \/>\n<meta property=\"og:description\" content=\"\u00a0\u00a0Le minist\u00e8re de la Sant\u00e9 a confirm\u00e9 ce lundi soir le d\u00e9c\u00e8s de trois personnes atteintes de la fi\u00e8vre de la vall\u00e9e du Rift (FVR) dans les wilayas du Trarza (Rosso), du Brakna (Aleg) et de l\u2019Assaba (Kiffa). Dans un communiqu\u00e9 rendu public, le d\u00e9partement a pr\u00e9cis\u00e9 que la situation est \u00ab sous contr\u00f4le \u00bb,.....\" \/>\n<meta property=\"og:url\" content=\"https:\/\/lequotidien.mr\/?p=31300&amp;lang=fr\" \/>\n<meta property=\"og:site_name\" content=\"Le Quotidien de Nouakchott\" \/>\n<meta property=\"article:publisher\" content=\"https:\/\/web.facebook.com\/lequotidienmr\" \/>\n<meta property=\"article:published_time\" content=\"2025-09-30T13:10:08+00:00\" \/>\n<meta property=\"og:image\" content=\"https:\/\/lequotidien.mr\/wp-content\/uploads\/2025\/09\/coqchante_26072020_ok_113145_0.jpg\" \/>\n\t<meta property=\"og:image:width\" content=\"1024\" \/>\n\t<meta property=\"og:image:height\" content=\"576\" \/>\n\t<meta property=\"og:image:type\" content=\"image\/jpeg\" \/>\n<meta name=\"author\" content=\"Le Quotidien\" \/>\n<meta name=\"twitter:card\" content=\"summary_large_image\" \/>\n<meta name=\"twitter:creator\" content=\"@lequotidienmr\" \/>\n<meta name=\"twitter:site\" content=\"@lequotidienmr\" \/>\n<meta name=\"twitter:label1\" content=\"\u0643\u064f\u062a\u0628 \u0628\u0648\u0627\u0633\u0637\u0629\" \/>\n\t<meta name=\"twitter:data1\" content=\"Le Quotidien\" \/>\n\t<meta name=\"twitter:label2\" content=\"\u0648\u0642\u062a \u0627\u0644\u0642\u0631\u0627\u0621\u0629 \u0627\u0644\u0645\u064f\u0642\u062f\u0651\u0631\" \/>\n\t<meta name=\"twitter:data2\" content=\"4 \u062f\u0642\u0627\u0626\u0642\" \/>\n<script type=\"application\/ld+json\" class=\"yoast-schema-graph\">{\"@context\":\"https:\\\/\\\/schema.org\",\"@graph\":[{\"@type\":\"Article\",\"@id\":\"https:\\\/\\\/lequotidien.mr\\\/?p=31300&lang=fr#article\",\"isPartOf\":{\"@id\":\"https:\\\/\\\/lequotidien.mr\\\/?p=31300&lang=fr\"},\"author\":{\"name\":\"Le Quotidien\",\"@id\":\"https:\\\/\\\/lequotidien.mr\\\/#\\\/schema\\\/person\\\/f90fcdaa970c60288de4ed2e64a56472\"},\"headline\":\"Trois d\u00e9c\u00e8s dus \u00e0 la fi\u00e8vre de la vall\u00e9e du Rift : le minist\u00e8re de la Sant\u00e9 rassure et appelle \u00e0 la vigilance\",\"datePublished\":\"2025-09-30T13:10:08+00:00\",\"mainEntityOfPage\":{\"@id\":\"https:\\\/\\\/lequotidien.mr\\\/?p=31300&lang=fr\"},\"wordCount\":512,\"commentCount\":0,\"publisher\":{\"@id\":\"https:\\\/\\\/lequotidien.mr\\\/#organization\"},\"image\":{\"@id\":\"https:\\\/\\\/lequotidien.mr\\\/?p=31300&lang=fr#primaryimage\"},\"thumbnailUrl\":\"https:\\\/\\\/lequotidien.mr\\\/wp-content\\\/uploads\\\/2025\\\/09\\\/coqchante_26072020_ok_113145_0.jpg\",\"articleSection\":[\"ACTUALIT\u00c9\",\"Couverture sp\u00e9cilale\"],\"inLanguage\":\"ar\",\"potentialAction\":[{\"@type\":\"CommentAction\",\"name\":\"Comment\",\"target\":[\"https:\\\/\\\/lequotidien.mr\\\/?p=31300&lang=fr#respond\"]}]},{\"@type\":\"WebPage\",\"@id\":\"https:\\\/\\\/lequotidien.mr\\\/?p=31300&lang=fr\",\"url\":\"https:\\\/\\\/lequotidien.mr\\\/?p=31300&lang=fr\",\"name\":\"Trois d\u00e9c\u00e8s dus \u00e0 la fi\u00e8vre de la vall\u00e9e du Rift : le minist\u00e8re de la Sant\u00e9 rassure et appelle \u00e0 la vigilance - Le Quotidien de Nouakchott\",\"isPartOf\":{\"@id\":\"https:\\\/\\\/lequotidien.mr\\\/#website\"},\"primaryImageOfPage\":{\"@id\":\"https:\\\/\\\/lequotidien.mr\\\/?p=31300&lang=fr#primaryimage\"},\"image\":{\"@id\":\"https:\\\/\\\/lequotidien.mr\\\/?p=31300&lang=fr#primaryimage\"},\"thumbnailUrl\":\"https:\\\/\\\/lequotidien.mr\\\/wp-content\\\/uploads\\\/2025\\\/09\\\/coqchante_26072020_ok_113145_0.jpg\",\"datePublished\":\"2025-09-30T13:10:08+00:00\",\"breadcrumb\":{\"@id\":\"https:\\\/\\\/lequotidien.mr\\\/?p=31300&lang=fr#breadcrumb\"},\"inLanguage\":\"ar\",\"potentialAction\":[{\"@type\":\"ReadAction\",\"target\":[\"https:\\\/\\\/lequotidien.mr\\\/?p=31300&lang=fr\"]}]},{\"@type\":\"ImageObject\",\"inLanguage\":\"ar\",\"@id\":\"https:\\\/\\\/lequotidien.mr\\\/?p=31300&lang=fr#primaryimage\",\"url\":\"https:\\\/\\\/lequotidien.mr\\\/wp-content\\\/uploads\\\/2025\\\/09\\\/coqchante_26072020_ok_113145_0.jpg\",\"contentUrl\":\"https:\\\/\\\/lequotidien.mr\\\/wp-content\\\/uploads\\\/2025\\\/09\\\/coqchante_26072020_ok_113145_0.jpg\",\"width\":1024,\"height\":576},{\"@type\":\"BreadcrumbList\",\"@id\":\"https:\\\/\\\/lequotidien.mr\\\/?p=31300&lang=fr#breadcrumb\",\"itemListElement\":[{\"@type\":\"ListItem\",\"position\":1,\"name\":\"Home\",\"item\":\"https:\\\/\\\/lequotidien.mr\\\/\"},{\"@type\":\"ListItem\",\"position\":2,\"name\":\"Trois d\u00e9c\u00e8s dus \u00e0 la fi\u00e8vre de la vall\u00e9e du Rift : le minist\u00e8re de la Sant\u00e9 rassure et appelle \u00e0 la vigilance\"}]},{\"@type\":\"WebSite\",\"@id\":\"https:\\\/\\\/lequotidien.mr\\\/#website\",\"url\":\"https:\\\/\\\/lequotidien.mr\\\/\",\"name\":\"Le Quotidien de Nouakchott\",\"description\":\"\u0625\u062e\u0628\u0627\u0631\u064a\u0629 \u0645\u0633\u062a\u0642\u0644\u0629 \u0644\u0644\u0623\u0646\u0628\u0627\u0621 \u0627\u0644\u0639\u0627\u0645\u0629\",\"publisher\":{\"@id\":\"https:\\\/\\\/lequotidien.mr\\\/#organization\"},\"potentialAction\":[{\"@type\":\"SearchAction\",\"target\":{\"@type\":\"EntryPoint\",\"urlTemplate\":\"https:\\\/\\\/lequotidien.mr\\\/?s={search_term_string}\"},\"query-input\":{\"@type\":\"PropertyValueSpecification\",\"valueRequired\":true,\"valueName\":\"search_term_string\"}}],\"inLanguage\":\"ar\"},{\"@type\":\"Organization\",\"@id\":\"https:\\\/\\\/lequotidien.mr\\\/#organization\",\"name\":\"Le Quotidien de Nouakchott\",\"url\":\"https:\\\/\\\/lequotidien.mr\\\/\",\"logo\":{\"@type\":\"ImageObject\",\"inLanguage\":\"ar\",\"@id\":\"https:\\\/\\\/lequotidien.mr\\\/#\\\/schema\\\/logo\\\/image\\\/\",\"url\":\"https:\\\/\\\/lequotidien.mr\\\/wp-content\\\/uploads\\\/2022\\\/11\\\/logolequotidien.jpg\",\"contentUrl\":\"https:\\\/\\\/lequotidien.mr\\\/wp-content\\\/uploads\\\/2022\\\/11\\\/logolequotidien.jpg\",\"width\":290,\"height\":65,\"caption\":\"Le Quotidien de Nouakchott\"},\"image\":{\"@id\":\"https:\\\/\\\/lequotidien.mr\\\/#\\\/schema\\\/logo\\\/image\\\/\"},\"sameAs\":[\"https:\\\/\\\/web.facebook.com\\\/lequotidienmr\",\"https:\\\/\\\/x.com\\\/lequotidienmr\"]},{\"@type\":\"Person\",\"@id\":\"https:\\\/\\\/lequotidien.mr\\\/#\\\/schema\\\/person\\\/f90fcdaa970c60288de4ed2e64a56472\",\"name\":\"Le Quotidien\",\"image\":{\"@type\":\"ImageObject\",\"inLanguage\":\"ar\",\"@id\":\"https:\\\/\\\/secure.gravatar.com\\\/avatar\\\/374cb39a1a458a912465a93e5a3ce6546886fc3da809a1f10c63e4e8fcbca30f?s=96&d=mm&r=g\",\"url\":\"https:\\\/\\\/secure.gravatar.com\\\/avatar\\\/374cb39a1a458a912465a93e5a3ce6546886fc3da809a1f10c63e4e8fcbca30f?s=96&d=mm&r=g\",\"contentUrl\":\"https:\\\/\\\/secure.gravatar.com\\\/avatar\\\/374cb39a1a458a912465a93e5a3ce6546886fc3da809a1f10c63e4e8fcbca30f?s=96&d=mm&r=g\",\"caption\":\"Le Quotidien\"},\"sameAs\":[\"https:\\\/\\\/lequotidien.mr\\\/\"],\"url\":\"https:\\\/\\\/lequotidien.mr\\\/?author=4\"}]}<\/script>\n<!-- \/ Yoast SEO plugin. -->","yoast_head_json":{"title":"Trois d\u00e9c\u00e8s dus \u00e0 la fi\u00e8vre de la vall\u00e9e du Rift : le minist\u00e8re de la Sant\u00e9 rassure et appelle \u00e0 la vigilance - Le Quotidien de Nouakchott","robots":{"index":"index","follow":"follow","max-snippet":"max-snippet:-1","max-image-preview":"max-image-preview:large","max-video-preview":"max-video-preview:-1"},"canonical":"https:\/\/lequotidien.mr\/?p=31300&lang=fr","og_locale":"ar_AR","og_type":"article","og_title":"Trois d\u00e9c\u00e8s dus \u00e0 la fi\u00e8vre de la vall\u00e9e du Rift : le minist\u00e8re de la Sant\u00e9 rassure et appelle \u00e0 la vigilance - Le Quotidien de Nouakchott","og_description":"\u00a0\u00a0Le minist\u00e8re de la Sant\u00e9 a confirm\u00e9 ce lundi soir le d\u00e9c\u00e8s de trois personnes atteintes de la fi\u00e8vre de la vall\u00e9e du Rift (FVR) dans les wilayas du Trarza (Rosso), du Brakna (Aleg) et de l\u2019Assaba (Kiffa). Dans un communiqu\u00e9 rendu public, le d\u00e9partement a pr\u00e9cis\u00e9 que la situation est \u00ab sous contr\u00f4le \u00bb,.....","og_url":"https:\/\/lequotidien.mr\/?p=31300&lang=fr","og_site_name":"Le Quotidien de Nouakchott","article_publisher":"https:\/\/web.facebook.com\/lequotidienmr","article_published_time":"2025-09-30T13:10:08+00:00","og_image":[{"width":1024,"height":576,"url":"https:\/\/lequotidien.mr\/wp-content\/uploads\/2025\/09\/coqchante_26072020_ok_113145_0.jpg","type":"image\/jpeg"}],"author":"Le Quotidien","twitter_card":"summary_large_image","twitter_creator":"@lequotidienmr","twitter_site":"@lequotidienmr","twitter_misc":{"\u0643\u064f\u062a\u0628 \u0628\u0648\u0627\u0633\u0637\u0629":"Le Quotidien","\u0648\u0642\u062a \u0627\u0644\u0642\u0631\u0627\u0621\u0629 \u0627\u0644\u0645\u064f\u0642\u062f\u0651\u0631":"4 \u062f\u0642\u0627\u0626\u0642"},"schema":{"@context":"https:\/\/schema.org","@graph":[{"@type":"Article","@id":"https:\/\/lequotidien.mr\/?p=31300&lang=fr#article","isPartOf":{"@id":"https:\/\/lequotidien.mr\/?p=31300&lang=fr"},"author":{"name":"Le Quotidien","@id":"https:\/\/lequotidien.mr\/#\/schema\/person\/f90fcdaa970c60288de4ed2e64a56472"},"headline":"Trois d\u00e9c\u00e8s dus \u00e0 la fi\u00e8vre de la vall\u00e9e du Rift : le minist\u00e8re de la Sant\u00e9 rassure et appelle \u00e0 la vigilance","datePublished":"2025-09-30T13:10:08+00:00","mainEntityOfPage":{"@id":"https:\/\/lequotidien.mr\/?p=31300&lang=fr"},"wordCount":512,"commentCount":0,"publisher":{"@id":"https:\/\/lequotidien.mr\/#organization"},"image":{"@id":"https:\/\/lequotidien.mr\/?p=31300&lang=fr#primaryimage"},"thumbnailUrl":"https:\/\/lequotidien.mr\/wp-content\/uploads\/2025\/09\/coqchante_26072020_ok_113145_0.jpg","articleSection":["ACTUALIT\u00c9","Couverture sp\u00e9cilale"],"inLanguage":"ar","potentialAction":[{"@type":"CommentAction","name":"Comment","target":["https:\/\/lequotidien.mr\/?p=31300&lang=fr#respond"]}]},{"@type":"WebPage","@id":"https:\/\/lequotidien.mr\/?p=31300&lang=fr","url":"https:\/\/lequotidien.mr\/?p=31300&lang=fr","name":"Trois d\u00e9c\u00e8s dus \u00e0 la fi\u00e8vre de la vall\u00e9e du Rift : le minist\u00e8re de la Sant\u00e9 rassure et appelle \u00e0 la vigilance - Le Quotidien de Nouakchott","isPartOf":{"@id":"https:\/\/lequotidien.mr\/#website"},"primaryImageOfPage":{"@id":"https:\/\/lequotidien.mr\/?p=31300&lang=fr#primaryimage"},"image":{"@id":"https:\/\/lequotidien.mr\/?p=31300&lang=fr#primaryimage"},"thumbnailUrl":"https:\/\/lequotidien.mr\/wp-content\/uploads\/2025\/09\/coqchante_26072020_ok_113145_0.jpg","datePublished":"2025-09-30T13:10:08+00:00","breadcrumb":{"@id":"https:\/\/lequotidien.mr\/?p=31300&lang=fr#breadcrumb"},"inLanguage":"ar","potentialAction":[{"@type":"ReadAction","target":["https:\/\/lequotidien.mr\/?p=31300&lang=fr"]}]},{"@type":"ImageObject","inLanguage":"ar","@id":"https:\/\/lequotidien.mr\/?p=31300&lang=fr#primaryimage","url":"https:\/\/lequotidien.mr\/wp-content\/uploads\/2025\/09\/coqchante_26072020_ok_113145_0.jpg","contentUrl":"https:\/\/lequotidien.mr\/wp-content\/uploads\/2025\/09\/coqchante_26072020_ok_113145_0.jpg","width":1024,"height":576},{"@type":"BreadcrumbList","@id":"https:\/\/lequotidien.mr\/?p=31300&lang=fr#breadcrumb","itemListElement":[{"@type":"ListItem","position":1,"name":"Home","item":"https:\/\/lequotidien.mr\/"},{"@type":"ListItem","position":2,"name":"Trois d\u00e9c\u00e8s dus \u00e0 la fi\u00e8vre de la vall\u00e9e du Rift : le minist\u00e8re de la Sant\u00e9 rassure et appelle \u00e0 la vigilance"}]},{"@type":"WebSite","@id":"https:\/\/lequotidien.mr\/#website","url":"https:\/\/lequotidien.mr\/","name":"Le Quotidien de Nouakchott","description":"\u0625\u062e\u0628\u0627\u0631\u064a\u0629 \u0645\u0633\u062a\u0642\u0644\u0629 \u0644\u0644\u0623\u0646\u0628\u0627\u0621 \u0627\u0644\u0639\u0627\u0645\u0629","publisher":{"@id":"https:\/\/lequotidien.mr\/#organization"},"potentialAction":[{"@type":"SearchAction","target":{"@type":"EntryPoint","urlTemplate":"https:\/\/lequotidien.mr\/?s={search_term_string}"},"query-input":{"@type":"PropertyValueSpecification","valueRequired":true,"valueName":"search_term_string"}}],"inLanguage":"ar"},{"@type":"Organization","@id":"https:\/\/lequotidien.mr\/#organization","name":"Le Quotidien de Nouakchott","url":"https:\/\/lequotidien.mr\/","logo":{"@type":"ImageObject","inLanguage":"ar","@id":"https:\/\/lequotidien.mr\/#\/schema\/logo\/image\/","url":"https:\/\/lequotidien.mr\/wp-content\/uploads\/2022\/11\/logolequotidien.jpg","contentUrl":"https:\/\/lequotidien.mr\/wp-content\/uploads\/2022\/11\/logolequotidien.jpg","width":290,"height":65,"caption":"Le Quotidien de Nouakchott"},"image":{"@id":"https:\/\/lequotidien.mr\/#\/schema\/logo\/image\/"},"sameAs":["https:\/\/web.facebook.com\/lequotidienmr","https:\/\/x.com\/lequotidienmr"]},{"@type":"Person","@id":"https:\/\/lequotidien.mr\/#\/schema\/person\/f90fcdaa970c60288de4ed2e64a56472","name":"Le Quotidien","image":{"@type":"ImageObject","inLanguage":"ar","@id":"https:\/\/secure.gravatar.com\/avatar\/374cb39a1a458a912465a93e5a3ce6546886fc3da809a1f10c63e4e8fcbca30f?s=96&d=mm&r=g","url":"https:\/\/secure.gravatar.com\/avatar\/374cb39a1a458a912465a93e5a3ce6546886fc3da809a1f10c63e4e8fcbca30f?s=96&d=mm&r=g","contentUrl":"https:\/\/secure.gravatar.com\/avatar\/374cb39a1a458a912465a93e5a3ce6546886fc3da809a1f10c63e4e8fcbca30f?s=96&d=mm&r=g","caption":"Le Quotidien"},"sameAs":["https:\/\/lequotidien.mr\/"],"url":"https:\/\/lequotidien.mr\/?author=4"}]}},"_links":{"self":[{"href":"https:\/\/lequotidien.mr\/index.php?rest_route=\/wp\/v2\/posts\/31300","targetHints":{"allow":["GET"]}}],"collection":[{"href":"https:\/\/lequotidien.mr\/index.php?rest_route=\/wp\/v2\/posts"}],"about":[{"href":"https:\/\/lequotidien.mr\/index.php?rest_route=\/wp\/v2\/types\/post"}],"author":[{"embeddable":true,"href":"https:\/\/lequotidien.mr\/index.php?rest_route=\/wp\/v2\/users\/4"}],"replies":[{"embeddable":true,"href":"https:\/\/lequotidien.mr\/index.php?rest_route=%2Fwp%2Fv2%2Fcomments&post=31300"}],"version-history":[{"count":1,"href":"https:\/\/lequotidien.mr\/index.php?rest_route=\/wp\/v2\/posts\/31300\/revisions"}],"predecessor-version":[{"id":31302,"href":"https:\/\/lequotidien.mr\/index.php?rest_route=\/wp\/v2\/posts\/31300\/revisions\/31302"}],"wp:featuredmedia":[{"embeddable":true,"href":"https:\/\/lequotidien.mr\/index.php?rest_route=\/wp\/v2\/media\/31301"}],"wp:attachment":[{"href":"https:\/\/lequotidien.mr\/index.php?rest_route=%2Fwp%2Fv2%2Fmedia&parent=31300"}],"wp:term":[{"taxonomy":"category","embeddable":true,"href":"https:\/\/lequotidien.mr\/index.php?rest_route=%2Fwp%2Fv2%2Fcategories&post=31300"},{"taxonomy":"post_tag","embeddable":true,"href":"https:\/\/lequotidien.mr\/index.php?rest_route=%2Fwp%2Fv2%2Ftags&post=31300"}],"curies":[{"name":"wp","href":"https:\/\/api.w.org\/{rel}","templated":true}]}}