{"id":31297,"date":"2025-09-30T12:55:51","date_gmt":"2025-09-30T12:55:51","guid":{"rendered":"https:\/\/lequotidien.mr\/?p=31297"},"modified":"2025-09-30T12:55:51","modified_gmt":"2025-09-30T12:55:51","slug":"defis-hydriques-le-president-el-ghazouani-inaugure-une-station-strategique-de-filtration-a-beni-naaji","status":"publish","type":"post","link":"https:\/\/lequotidien.mr\/?p=31297&lang=fr","title":{"rendered":"D\u00e9fis hydriques : Le Pr\u00e9sident El Ghazouani inaugure une station strat\u00e9gique de filtration \u00e0 Beni Naaji"},"content":{"rendered":"<p>Le <strong>Pr\u00e9sident de la R\u00e9publique, Monsieur Mohamed Cheikh El Ghazouani<\/strong>, a effectu\u00e9, lundi dernier, une visite de travail \u00e0 la moughataa de <strong>Keur Mac\u00e8ne<\/strong>, dans la wilaya du <strong>Trarza<\/strong>. Au c\u0153ur de cette visite : la s\u00e9curisation de l\u2019approvisionnement en eau potable pour la capitale, Nouakchott. Le Chef de l&#8217;\u00c9tat a personnellement supervis\u00e9 l&#8217;inauguration d&#8217;une <strong>station de filtration<\/strong> de pointe \u00e0 <strong>Beni Naaji<\/strong> et a pos\u00e9 la premi\u00e8re pierre des travaux d&#8217;extension des capacit\u00e9s de traitement des installations c\u00f4ti\u00e8res <strong>d&#8217;Aftout<\/strong>.<\/p>\n<p>Ces deux projets majeurs, qui s&#8217;inscrivent dans la vision du Pr\u00e9sident <strong><em>&#8220;Mon ambition pour la nation&#8221;<\/em><\/strong>, visent \u00e0 renforcer la s\u00e9curit\u00e9 hydrique du pays et \u00e0 parer aux d\u00e9fis environnementaux qui menacent l&#8217;alimentation en eau de la capitale.<\/p>\n<p><strong style=\"font-weight: inherit;\">Beni Naaji : Une forteresse contre la turbidit\u00e9 du fleuve<\/strong><\/p>\n<p>La nouvelle station de filtration de Beni Naaji constitue la r\u00e9ponse technique et rapide du gouvernement \u00e0 un probl\u00e8me environnemental r\u00e9current : les niveaux \u00e9lev\u00e9s de limon dans l&#8217;eau du fleuve S\u00e9n\u00e9gal pendant la saison des pluies.<\/p>\n<p>Dans son discours, la <strong>ministre<\/strong> <strong>de l&#8217;Hydraulique et de l&#8217;Assainissement, Mme Amal Maouloud<\/strong>, a rappel\u00e9 l&#8217;impact direct de ce ph\u00e9nom\u00e8ne sur l&#8217;eau destin\u00e9e \u00e0 Nouakchott. <strong><em>&#8220;Nos installations ont d\u00fb fonctionner dans des conditions exceptionnellement difficiles, d\u00e9passant leurs capacit\u00e9s de conception&#8221;<\/em><\/strong>, a-t-elle indiqu\u00e9, soulignant que le Pr\u00e9sident de la R\u00e9publique avait ordonn\u00e9 <strong><em>&#8220;une solution radicale&#8221;<\/em><\/strong> \u00e0 ce probl\u00e8me.<\/p>\n<p><strong>Une r\u00e9alisation rapide et efficace<\/strong><\/p>\n<p>Ex\u00e9cut\u00e9 par la <strong>soci\u00e9t\u00e9 chinoise SINOHYDRO<\/strong> pour un montant de <strong>14,62 millions de dollars<\/strong>, le projet a \u00e9t\u00e9 men\u00e9 \u00e0 un rythme soutenu. Les travaux, d\u00e9but\u00e9s en janvier 2025, ont \u00e9t\u00e9 achev\u00e9s en un temps record de moins de 7 mois. Cette installation, qualifi\u00e9e de <strong><em>&#8220;rempart hydrique&#8221;<\/em><\/strong> par la ministre, permettra de produire <strong>240 000 m\u00e8tres cubes d&#8217;eau trait\u00e9e par jour<\/strong> et r\u00e9duira significativement la turbidit\u00e9 de l&#8217;eau brute.<\/p>\n<p>L&#8217;usine est une v\u00e9ritable prouesse technique. Elle se compose de <strong>6 unit\u00e9s de traitement<\/strong> (extensibles \u00e0 10), chacune comprenant des bassins de m\u00e9lange rapide, de floculation et de filtration. La construction a n\u00e9cessit\u00e9 <strong>4 200 m\u00b3 de b\u00e9ton et 1 200 tonnes d&#8217;acier<\/strong>. Un b\u00e2timent de traitement chimique d\u00e9di\u00e9, \u00e9quip\u00e9 de <strong>10 bassins et 14 pompes<\/strong>, assure la coagulation, la floculation et la d\u00e9sinfection de l&#8217;eau.<\/p>\n<p><strong style=\"font-weight: inherit;\">L&#8217;Extension d&#8217;Aftout <strong>Es Sahili<\/strong> : Vers une autonomie renforc\u00e9e pour Nouakchott<\/strong><\/p>\n<p>Simultan\u00e9ment \u00e0 l&#8217;inauguration de Beni Naaji, le Pr\u00e9sident El Ghazouani a lanc\u00e9 le <strong>projet d&#8217;extension des installations c\u00f4ti\u00e8res d&#8217;Aftout Es Sahili<\/strong>. Ce projet d&#8217;envergure vise \u00e0 augmenter la production d&#8217;eau de <strong>150 000 \u00e0 225 000 m\u00e8tres cubes par jour<\/strong>, soit un gain de <strong>75 000 m\u00b3\/jour<\/strong>.<\/p>\n<p>D&#8217;un co\u00fbt de <strong>43 millions d&#8217;euros<\/strong> financ\u00e9s par le gouvernement fran\u00e7ais, ce projet est confi\u00e9 \u00e0 <strong>l&#8217;entreprise fran\u00e7aise RAZEL<\/strong>. Il comprend la r\u00e9habilitation de la station de traitement de Beni Naaji, la construction d&#8217;un troisi\u00e8me bassin de d\u00e9cantation, une nouvelle station de pompage \u00e0 N\u2019T\u00e9kane et l&#8217;ajout de quatre filtres \u00e0 la station du kilom\u00e8tre 17. Les travaux doivent s&#8217;achever dans un d\u00e9lai de 30 mois.<\/p>\n<p>Mme Maouloud a projet\u00e9 une vision claire de l&#8217;avenir : <strong>&#8220;En moins de trente mois, la production destin\u00e9e \u00e0 Nouakchott \u00e0 partir des deux sources (Aftout Es Sahili et Idini) doublera pour atteindre 325 000 m\u00e8tres cubes\/jour&#8221;<\/strong>. Une augmentation spectaculaire compar\u00e9e aux <strong>150 000 m\u00b3\/jour<\/strong> disponibles en 2020.<\/p>\n<p>La c\u00e9r\u00e9monie s&#8217;est d\u00e9roul\u00e9e en pr\u00e9sence d&#8217;un parterre d&#8217;officiels nationaux et locaux, ainsi que des repr\u00e9sentants des pays partenaires.<\/p>\n<p><strong>Une coop\u00e9ration internationale c\u00e9l\u00e9br\u00e9e<\/strong><\/p>\n<p><strong>M. Tang Zhongdong, Ambassadeur de Chine en Mauritanie<\/strong>, a soulign\u00e9 que l&#8217;inauguration co\u00efncidait avec le 60e anniversaire des relations diplomatiques entre les deux pays, symbolisant une <strong><em>&#8220;coop\u00e9ration croissante&#8221;<\/em><\/strong>. Du c\u00f4t\u00e9 fran\u00e7ais, M. Luc Bouabie, conseiller \u00e9conomique \u00e0 l&#8217;Ambassade de France, a exprim\u00e9 la <strong><em>&#8220;fiert\u00e9 de la France d&#8217;accompagner la Mauritanie dans un secteur vital&#8221;.<\/em><\/strong><\/p>\n<p>Les \u00e9lus locaux, dont le <strong>pr\u00e9sident du Conseil r\u00e9gional du Trarza, M. Mohamed Cheikh, et le maire de Keur Mac\u00e8ne, M. Cheikh El Moustapha Ahmed<\/strong>, ont exprim\u00e9 leur fiert\u00e9 et leur soutien \u00e0 ces projets &#8220;qui fondent la s\u00e9curit\u00e9 hydrique, r\u00e9alisent la justice sociale et consacrent le concept d\u2019un \u00c9tat protecteur&#8221;.<\/p>\n<p>D\u00e8s son arriv\u00e9e \u00e0 Keur Mac\u00e8ne, le Pr\u00e9sident de la R\u00e9publique a \u00e9t\u00e9 accueilli par une foule enthousiaste et des repr\u00e9sentants des corps constitu\u00e9s, t\u00e9moignant de l&#8217;importance accord\u00e9e par les populations \u00e0 ces infrastructures qui touchent directement \u00e0 leur vie quotidienne et \u00e0 l&#8217;avenir de la capitale.<\/p>\n","protected":false},"excerpt":{"rendered":"<p>Le Pr\u00e9sident de la R\u00e9publique, Monsieur Mohamed Cheikh El Ghazouani, a effectu\u00e9, lundi dernier, une visite de travail \u00e0 la moughataa de Keur Mac\u00e8ne, dans la wilaya du Trarza. Au c\u0153ur de cette visite : la s\u00e9curisation de l\u2019approvisionnement en eau potable pour la capitale, Nouakchott. Le Chef de l&#8217;\u00c9tat a personnellement supervis\u00e9 l&#8217;inauguration d&#8217;une&#8230;..<\/p>\n","protected":false},"author":12,"featured_media":31298,"comment_status":"open","ping_status":"open","sticky":false,"template":"","format":"standard","meta":{"footnotes":""},"categories":[23,49],"tags":[],"class_list":["post-31297","post","type-post","status-publish","format-standard","has-post-thumbnail","hentry","category-actualite","category-economie"],"yoast_head":"<!-- This site is optimized with the Yoast SEO plugin v27.5 - https:\/\/yoast.com\/product\/yoast-seo-wordpress\/ -->\n<title>D\u00e9fis hydriques : Le Pr\u00e9sident El Ghazouani inaugure une station strat\u00e9gique de filtration \u00e0 Beni Naaji - Le Quotidien de Nouakchott<\/title>\n<meta name=\"robots\" content=\"index, follow, max-snippet:-1, max-image-preview:large, max-video-preview:-1\" \/>\n<link rel=\"canonical\" href=\"https:\/\/lequotidien.mr\/?p=31297&lang=fr\" \/>\n<meta property=\"og:locale\" content=\"ar_AR\" \/>\n<meta property=\"og:type\" content=\"article\" \/>\n<meta property=\"og:title\" content=\"D\u00e9fis hydriques : Le Pr\u00e9sident El Ghazouani inaugure une station strat\u00e9gique de filtration \u00e0 Beni Naaji - Le Quotidien de Nouakchott\" \/>\n<meta property=\"og:description\" content=\"Le Pr\u00e9sident de la R\u00e9publique, Monsieur Mohamed Cheikh El Ghazouani, a effectu\u00e9, lundi dernier, une visite de travail \u00e0 la moughataa de Keur Mac\u00e8ne, dans la wilaya du Trarza. Au c\u0153ur de cette visite : la s\u00e9curisation de l\u2019approvisionnement en eau potable pour la capitale, Nouakchott. Le Chef de l&#8217;\u00c9tat a personnellement supervis\u00e9 l&#8217;inauguration d&#8217;une.....\" \/>\n<meta property=\"og:url\" content=\"https:\/\/lequotidien.mr\/?p=31297&amp;lang=fr\" \/>\n<meta property=\"og:site_name\" content=\"Le Quotidien de Nouakchott\" \/>\n<meta property=\"article:publisher\" content=\"https:\/\/web.facebook.com\/lequotidienmr\" \/>\n<meta property=\"article:published_time\" content=\"2025-09-30T12:55:51+00:00\" \/>\n<meta property=\"og:image\" content=\"https:\/\/lequotidien.mr\/wp-content\/uploads\/2025\/09\/photo-pose-pierre-sation-epuration.jpg\" \/>\n\t<meta property=\"og:image:width\" content=\"645\" \/>\n\t<meta property=\"og:image:height\" content=\"430\" \/>\n\t<meta property=\"og:image:type\" content=\"image\/jpeg\" \/>\n<meta name=\"author\" content=\"Med Ahmed\" \/>\n<meta name=\"twitter:card\" content=\"summary_large_image\" \/>\n<meta name=\"twitter:creator\" content=\"@lequotidienmr\" \/>\n<meta name=\"twitter:site\" content=\"@lequotidienmr\" \/>\n<meta name=\"twitter:label1\" content=\"\u0643\u064f\u062a\u0628 \u0628\u0648\u0627\u0633\u0637\u0629\" \/>\n\t<meta name=\"twitter:data1\" content=\"Med Ahmed\" \/>\n\t<meta name=\"twitter:label2\" content=\"\u0648\u0642\u062a \u0627\u0644\u0642\u0631\u0627\u0621\u0629 \u0627\u0644\u0645\u064f\u0642\u062f\u0651\u0631\" \/>\n\t<meta name=\"twitter:data2\" content=\"6 \u062f\u0642\u0627\u0626\u0642\" \/>\n<script type=\"application\/ld+json\" class=\"yoast-schema-graph\">{\"@context\":\"https:\\\/\\\/schema.org\",\"@graph\":[{\"@type\":\"Article\",\"@id\":\"https:\\\/\\\/lequotidien.mr\\\/?p=31297&lang=fr#article\",\"isPartOf\":{\"@id\":\"https:\\\/\\\/lequotidien.mr\\\/?p=31297&lang=fr\"},\"author\":{\"name\":\"Med Ahmed\",\"@id\":\"https:\\\/\\\/lequotidien.mr\\\/#\\\/schema\\\/person\\\/d2d350202a4d599685ed8abc25f97596\"},\"headline\":\"D\u00e9fis hydriques : Le Pr\u00e9sident El Ghazouani inaugure une station strat\u00e9gique de filtration \u00e0 Beni Naaji\",\"datePublished\":\"2025-09-30T12:55:51+00:00\",\"mainEntityOfPage\":{\"@id\":\"https:\\\/\\\/lequotidien.mr\\\/?p=31297&lang=fr\"},\"wordCount\":807,\"commentCount\":0,\"publisher\":{\"@id\":\"https:\\\/\\\/lequotidien.mr\\\/#organization\"},\"image\":{\"@id\":\"https:\\\/\\\/lequotidien.mr\\\/?p=31297&lang=fr#primaryimage\"},\"thumbnailUrl\":\"https:\\\/\\\/lequotidien.mr\\\/wp-content\\\/uploads\\\/2025\\\/09\\\/photo-pose-pierre-sation-epuration.jpg\",\"articleSection\":[\"ACTUALIT\u00c9\",\"Economie\"],\"inLanguage\":\"ar\",\"potentialAction\":[{\"@type\":\"CommentAction\",\"name\":\"Comment\",\"target\":[\"https:\\\/\\\/lequotidien.mr\\\/?p=31297&lang=fr#respond\"]}]},{\"@type\":\"WebPage\",\"@id\":\"https:\\\/\\\/lequotidien.mr\\\/?p=31297&lang=fr\",\"url\":\"https:\\\/\\\/lequotidien.mr\\\/?p=31297&lang=fr\",\"name\":\"D\u00e9fis hydriques : Le Pr\u00e9sident El Ghazouani inaugure une station strat\u00e9gique de filtration \u00e0 Beni Naaji - Le Quotidien de Nouakchott\",\"isPartOf\":{\"@id\":\"https:\\\/\\\/lequotidien.mr\\\/#website\"},\"primaryImageOfPage\":{\"@id\":\"https:\\\/\\\/lequotidien.mr\\\/?p=31297&lang=fr#primaryimage\"},\"image\":{\"@id\":\"https:\\\/\\\/lequotidien.mr\\\/?p=31297&lang=fr#primaryimage\"},\"thumbnailUrl\":\"https:\\\/\\\/lequotidien.mr\\\/wp-content\\\/uploads\\\/2025\\\/09\\\/photo-pose-pierre-sation-epuration.jpg\",\"datePublished\":\"2025-09-30T12:55:51+00:00\",\"breadcrumb\":{\"@id\":\"https:\\\/\\\/lequotidien.mr\\\/?p=31297&lang=fr#breadcrumb\"},\"inLanguage\":\"ar\",\"potentialAction\":[{\"@type\":\"ReadAction\",\"target\":[\"https:\\\/\\\/lequotidien.mr\\\/?p=31297&lang=fr\"]}]},{\"@type\":\"ImageObject\",\"inLanguage\":\"ar\",\"@id\":\"https:\\\/\\\/lequotidien.mr\\\/?p=31297&lang=fr#primaryimage\",\"url\":\"https:\\\/\\\/lequotidien.mr\\\/wp-content\\\/uploads\\\/2025\\\/09\\\/photo-pose-pierre-sation-epuration.jpg\",\"contentUrl\":\"https:\\\/\\\/lequotidien.mr\\\/wp-content\\\/uploads\\\/2025\\\/09\\\/photo-pose-pierre-sation-epuration.jpg\",\"width\":645,\"height\":430},{\"@type\":\"BreadcrumbList\",\"@id\":\"https:\\\/\\\/lequotidien.mr\\\/?p=31297&lang=fr#breadcrumb\",\"itemListElement\":[{\"@type\":\"ListItem\",\"position\":1,\"name\":\"Home\",\"item\":\"https:\\\/\\\/lequotidien.mr\\\/\"},{\"@type\":\"ListItem\",\"position\":2,\"name\":\"D\u00e9fis hydriques : Le Pr\u00e9sident El Ghazouani inaugure une station strat\u00e9gique de filtration \u00e0 Beni Naaji\"}]},{\"@type\":\"WebSite\",\"@id\":\"https:\\\/\\\/lequotidien.mr\\\/#website\",\"url\":\"https:\\\/\\\/lequotidien.mr\\\/\",\"name\":\"Le Quotidien de Nouakchott\",\"description\":\"\u0625\u062e\u0628\u0627\u0631\u064a\u0629 \u0645\u0633\u062a\u0642\u0644\u0629 \u0644\u0644\u0623\u0646\u0628\u0627\u0621 \u0627\u0644\u0639\u0627\u0645\u0629\",\"publisher\":{\"@id\":\"https:\\\/\\\/lequotidien.mr\\\/#organization\"},\"potentialAction\":[{\"@type\":\"SearchAction\",\"target\":{\"@type\":\"EntryPoint\",\"urlTemplate\":\"https:\\\/\\\/lequotidien.mr\\\/?s={search_term_string}\"},\"query-input\":{\"@type\":\"PropertyValueSpecification\",\"valueRequired\":true,\"valueName\":\"search_term_string\"}}],\"inLanguage\":\"ar\"},{\"@type\":\"Organization\",\"@id\":\"https:\\\/\\\/lequotidien.mr\\\/#organization\",\"name\":\"Le Quotidien de Nouakchott\",\"url\":\"https:\\\/\\\/lequotidien.mr\\\/\",\"logo\":{\"@type\":\"ImageObject\",\"inLanguage\":\"ar\",\"@id\":\"https:\\\/\\\/lequotidien.mr\\\/#\\\/schema\\\/logo\\\/image\\\/\",\"url\":\"https:\\\/\\\/lequotidien.mr\\\/wp-content\\\/uploads\\\/2022\\\/11\\\/logolequotidien.jpg\",\"contentUrl\":\"https:\\\/\\\/lequotidien.mr\\\/wp-content\\\/uploads\\\/2022\\\/11\\\/logolequotidien.jpg\",\"width\":290,\"height\":65,\"caption\":\"Le Quotidien de Nouakchott\"},\"image\":{\"@id\":\"https:\\\/\\\/lequotidien.mr\\\/#\\\/schema\\\/logo\\\/image\\\/\"},\"sameAs\":[\"https:\\\/\\\/web.facebook.com\\\/lequotidienmr\",\"https:\\\/\\\/x.com\\\/lequotidienmr\"]},{\"@type\":\"Person\",\"@id\":\"https:\\\/\\\/lequotidien.mr\\\/#\\\/schema\\\/person\\\/d2d350202a4d599685ed8abc25f97596\",\"name\":\"Med Ahmed\",\"image\":{\"@type\":\"ImageObject\",\"inLanguage\":\"ar\",\"@id\":\"https:\\\/\\\/secure.gravatar.com\\\/avatar\\\/fd2acc62ed50732923d1d39c17172c9b04149f142be92310ecc69e1358f94b52?s=96&d=mm&r=g\",\"url\":\"https:\\\/\\\/secure.gravatar.com\\\/avatar\\\/fd2acc62ed50732923d1d39c17172c9b04149f142be92310ecc69e1358f94b52?s=96&d=mm&r=g\",\"contentUrl\":\"https:\\\/\\\/secure.gravatar.com\\\/avatar\\\/fd2acc62ed50732923d1d39c17172c9b04149f142be92310ecc69e1358f94b52?s=96&d=mm&r=g\",\"caption\":\"Med Ahmed\"},\"url\":\"https:\\\/\\\/lequotidien.mr\\\/?author=12\"}]}<\/script>\n<!-- \/ Yoast SEO plugin. -->","yoast_head_json":{"title":"D\u00e9fis hydriques : Le Pr\u00e9sident El Ghazouani inaugure une station strat\u00e9gique de filtration \u00e0 Beni Naaji - Le Quotidien de Nouakchott","robots":{"index":"index","follow":"follow","max-snippet":"max-snippet:-1","max-image-preview":"max-image-preview:large","max-video-preview":"max-video-preview:-1"},"canonical":"https:\/\/lequotidien.mr\/?p=31297&lang=fr","og_locale":"ar_AR","og_type":"article","og_title":"D\u00e9fis hydriques : Le Pr\u00e9sident El Ghazouani inaugure une station strat\u00e9gique de filtration \u00e0 Beni Naaji - Le Quotidien de Nouakchott","og_description":"Le Pr\u00e9sident de la R\u00e9publique, Monsieur Mohamed Cheikh El Ghazouani, a effectu\u00e9, lundi dernier, une visite de travail \u00e0 la moughataa de Keur Mac\u00e8ne, dans la wilaya du Trarza. Au c\u0153ur de cette visite : la s\u00e9curisation de l\u2019approvisionnement en eau potable pour la capitale, Nouakchott. Le Chef de l&#8217;\u00c9tat a personnellement supervis\u00e9 l&#8217;inauguration d&#8217;une.....","og_url":"https:\/\/lequotidien.mr\/?p=31297&lang=fr","og_site_name":"Le Quotidien de Nouakchott","article_publisher":"https:\/\/web.facebook.com\/lequotidienmr","article_published_time":"2025-09-30T12:55:51+00:00","og_image":[{"width":645,"height":430,"url":"https:\/\/lequotidien.mr\/wp-content\/uploads\/2025\/09\/photo-pose-pierre-sation-epuration.jpg","type":"image\/jpeg"}],"author":"Med Ahmed","twitter_card":"summary_large_image","twitter_creator":"@lequotidienmr","twitter_site":"@lequotidienmr","twitter_misc":{"\u0643\u064f\u062a\u0628 \u0628\u0648\u0627\u0633\u0637\u0629":"Med Ahmed","\u0648\u0642\u062a \u0627\u0644\u0642\u0631\u0627\u0621\u0629 \u0627\u0644\u0645\u064f\u0642\u062f\u0651\u0631":"6 \u062f\u0642\u0627\u0626\u0642"},"schema":{"@context":"https:\/\/schema.org","@graph":[{"@type":"Article","@id":"https:\/\/lequotidien.mr\/?p=31297&lang=fr#article","isPartOf":{"@id":"https:\/\/lequotidien.mr\/?p=31297&lang=fr"},"author":{"name":"Med Ahmed","@id":"https:\/\/lequotidien.mr\/#\/schema\/person\/d2d350202a4d599685ed8abc25f97596"},"headline":"D\u00e9fis hydriques : Le Pr\u00e9sident El Ghazouani inaugure une station strat\u00e9gique de filtration \u00e0 Beni Naaji","datePublished":"2025-09-30T12:55:51+00:00","mainEntityOfPage":{"@id":"https:\/\/lequotidien.mr\/?p=31297&lang=fr"},"wordCount":807,"commentCount":0,"publisher":{"@id":"https:\/\/lequotidien.mr\/#organization"},"image":{"@id":"https:\/\/lequotidien.mr\/?p=31297&lang=fr#primaryimage"},"thumbnailUrl":"https:\/\/lequotidien.mr\/wp-content\/uploads\/2025\/09\/photo-pose-pierre-sation-epuration.jpg","articleSection":["ACTUALIT\u00c9","Economie"],"inLanguage":"ar","potentialAction":[{"@type":"CommentAction","name":"Comment","target":["https:\/\/lequotidien.mr\/?p=31297&lang=fr#respond"]}]},{"@type":"WebPage","@id":"https:\/\/lequotidien.mr\/?p=31297&lang=fr","url":"https:\/\/lequotidien.mr\/?p=31297&lang=fr","name":"D\u00e9fis hydriques : Le Pr\u00e9sident El Ghazouani inaugure une station strat\u00e9gique de filtration \u00e0 Beni Naaji - Le Quotidien de Nouakchott","isPartOf":{"@id":"https:\/\/lequotidien.mr\/#website"},"primaryImageOfPage":{"@id":"https:\/\/lequotidien.mr\/?p=31297&lang=fr#primaryimage"},"image":{"@id":"https:\/\/lequotidien.mr\/?p=31297&lang=fr#primaryimage"},"thumbnailUrl":"https:\/\/lequotidien.mr\/wp-content\/uploads\/2025\/09\/photo-pose-pierre-sation-epuration.jpg","datePublished":"2025-09-30T12:55:51+00:00","breadcrumb":{"@id":"https:\/\/lequotidien.mr\/?p=31297&lang=fr#breadcrumb"},"inLanguage":"ar","potentialAction":[{"@type":"ReadAction","target":["https:\/\/lequotidien.mr\/?p=31297&lang=fr"]}]},{"@type":"ImageObject","inLanguage":"ar","@id":"https:\/\/lequotidien.mr\/?p=31297&lang=fr#primaryimage","url":"https:\/\/lequotidien.mr\/wp-content\/uploads\/2025\/09\/photo-pose-pierre-sation-epuration.jpg","contentUrl":"https:\/\/lequotidien.mr\/wp-content\/uploads\/2025\/09\/photo-pose-pierre-sation-epuration.jpg","width":645,"height":430},{"@type":"BreadcrumbList","@id":"https:\/\/lequotidien.mr\/?p=31297&lang=fr#breadcrumb","itemListElement":[{"@type":"ListItem","position":1,"name":"Home","item":"https:\/\/lequotidien.mr\/"},{"@type":"ListItem","position":2,"name":"D\u00e9fis hydriques : Le Pr\u00e9sident El Ghazouani inaugure une station strat\u00e9gique de filtration \u00e0 Beni Naaji"}]},{"@type":"WebSite","@id":"https:\/\/lequotidien.mr\/#website","url":"https:\/\/lequotidien.mr\/","name":"Le Quotidien de Nouakchott","description":"\u0625\u062e\u0628\u0627\u0631\u064a\u0629 \u0645\u0633\u062a\u0642\u0644\u0629 \u0644\u0644\u0623\u0646\u0628\u0627\u0621 \u0627\u0644\u0639\u0627\u0645\u0629","publisher":{"@id":"https:\/\/lequotidien.mr\/#organization"},"potentialAction":[{"@type":"SearchAction","target":{"@type":"EntryPoint","urlTemplate":"https:\/\/lequotidien.mr\/?s={search_term_string}"},"query-input":{"@type":"PropertyValueSpecification","valueRequired":true,"valueName":"search_term_string"}}],"inLanguage":"ar"},{"@type":"Organization","@id":"https:\/\/lequotidien.mr\/#organization","name":"Le Quotidien de Nouakchott","url":"https:\/\/lequotidien.mr\/","logo":{"@type":"ImageObject","inLanguage":"ar","@id":"https:\/\/lequotidien.mr\/#\/schema\/logo\/image\/","url":"https:\/\/lequotidien.mr\/wp-content\/uploads\/2022\/11\/logolequotidien.jpg","contentUrl":"https:\/\/lequotidien.mr\/wp-content\/uploads\/2022\/11\/logolequotidien.jpg","width":290,"height":65,"caption":"Le Quotidien de Nouakchott"},"image":{"@id":"https:\/\/lequotidien.mr\/#\/schema\/logo\/image\/"},"sameAs":["https:\/\/web.facebook.com\/lequotidienmr","https:\/\/x.com\/lequotidienmr"]},{"@type":"Person","@id":"https:\/\/lequotidien.mr\/#\/schema\/person\/d2d350202a4d599685ed8abc25f97596","name":"Med Ahmed","image":{"@type":"ImageObject","inLanguage":"ar","@id":"https:\/\/secure.gravatar.com\/avatar\/fd2acc62ed50732923d1d39c17172c9b04149f142be92310ecc69e1358f94b52?s=96&d=mm&r=g","url":"https:\/\/secure.gravatar.com\/avatar\/fd2acc62ed50732923d1d39c17172c9b04149f142be92310ecc69e1358f94b52?s=96&d=mm&r=g","contentUrl":"https:\/\/secure.gravatar.com\/avatar\/fd2acc62ed50732923d1d39c17172c9b04149f142be92310ecc69e1358f94b52?s=96&d=mm&r=g","caption":"Med Ahmed"},"url":"https:\/\/lequotidien.mr\/?author=12"}]}},"_links":{"self":[{"href":"https:\/\/lequotidien.mr\/index.php?rest_route=\/wp\/v2\/posts\/31297","targetHints":{"allow":["GET"]}}],"collection":[{"href":"https:\/\/lequotidien.mr\/index.php?rest_route=\/wp\/v2\/posts"}],"about":[{"href":"https:\/\/lequotidien.mr\/index.php?rest_route=\/wp\/v2\/types\/post"}],"author":[{"embeddable":true,"href":"https:\/\/lequotidien.mr\/index.php?rest_route=\/wp\/v2\/users\/12"}],"replies":[{"embeddable":true,"href":"https:\/\/lequotidien.mr\/index.php?rest_route=%2Fwp%2Fv2%2Fcomments&post=31297"}],"version-history":[{"count":1,"href":"https:\/\/lequotidien.mr\/index.php?rest_route=\/wp\/v2\/posts\/31297\/revisions"}],"predecessor-version":[{"id":31299,"href":"https:\/\/lequotidien.mr\/index.php?rest_route=\/wp\/v2\/posts\/31297\/revisions\/31299"}],"wp:featuredmedia":[{"embeddable":true,"href":"https:\/\/lequotidien.mr\/index.php?rest_route=\/wp\/v2\/media\/31298"}],"wp:attachment":[{"href":"https:\/\/lequotidien.mr\/index.php?rest_route=%2Fwp%2Fv2%2Fmedia&parent=31297"}],"wp:term":[{"taxonomy":"category","embeddable":true,"href":"https:\/\/lequotidien.mr\/index.php?rest_route=%2Fwp%2Fv2%2Fcategories&post=31297"},{"taxonomy":"post_tag","embeddable":true,"href":"https:\/\/lequotidien.mr\/index.php?rest_route=%2Fwp%2Fv2%2Ftags&post=31297"}],"curies":[{"name":"wp","href":"https:\/\/api.w.org\/{rel}","templated":true}]}}