{"id":31290,"date":"2025-09-30T11:48:25","date_gmt":"2025-09-30T11:48:25","guid":{"rendered":"https:\/\/lequotidien.mr\/?p=31290"},"modified":"2025-09-30T11:48:25","modified_gmt":"2025-09-30T11:48:25","slug":"nouadhibou-la-capitale-economique-vibre-au-rythme-de-la-premiere-edition-du-salon-mauritanien-des-produits-de-la-mer","status":"publish","type":"post","link":"https:\/\/lequotidien.mr\/?p=31290&lang=fr","title":{"rendered":"Nouadhibou : La capitale \u00e9conomique vibre au rythme de la premi\u00e8re \u00e9dition du Salon Mauritanien des Produits de la Mer"},"content":{"rendered":"<p>Le village touristique de Kabano a servi de cadre \u00e0 l&#8217;ouverture de la <strong>premi\u00e8re \u00e9dition du Salon mauritanien des produits de la mer<\/strong>, un \u00e9v\u00e9nement d&#8217;envergure pr\u00e9sid\u00e9 par le <strong>Secr\u00e9taire g\u00e9n\u00e9ral du Minist\u00e8re des P\u00eaches, des Infrastructures Maritimes et Portuaires, M. Sid Ali Sidi Boubacar<\/strong>. La c\u00e9r\u00e9monie d&#8217;ouverture s&#8217;est d\u00e9roul\u00e9e en pr\u00e9sence d&#8217;un ar\u00e9opage de personnalit\u00e9s, dont le <strong>wali de Dakhlet Nouadhibou, M. Mahi Hamed<\/strong>, et le <strong>Pr\u00e9sident de l\u2019Autorit\u00e9 de la Zone Franche de Nouadhibou, M. Diagana Issaga<\/strong>.<\/p>\n<p><strong style=\"font-weight: inherit;\">Une vitrine d&#8217;exception pour le secteur halieutique<\/strong><\/p>\n<p>Organis\u00e9 par un consortium d&#8217;acteurs majeurs du secteur \u2013 la <strong>Soci\u00e9t\u00e9 Mauritanienne de Commercialisation du Poisson (SMCP), la F\u00e9d\u00e9ration Nationale des P\u00eaches et la F\u00e9d\u00e9ration des P\u00eaches des Poissonniers Exportateurs, Distributeurs et Cong\u00e9lateurs<\/strong> \u2013 ce salon se positionne comme la nouvelle plateforme de r\u00e9f\u00e9rence. Il rassemble pas moins de <strong>72 stands<\/strong>, cr\u00e9ant un \u00e9cosyst\u00e8me complet o\u00f9 institutions nationales et \u00e9trang\u00e8res, des secteurs public et priv\u00e9, c\u00f4toient des entreprises sp\u00e9cialis\u00e9es dans l&#8217;industrie des produits marins. Les visiteurs peuvent y d\u00e9couvrir une grande vari\u00e9t\u00e9 de produits de la mer, mais aussi les services d&#8217;institutions bancaires actives dans le financement et l&#8217;investissement portuaire.<\/p>\n<p>D&#8217;une dur\u00e9e de trois jours, le salon a pour ambition de permettre aux entreprises de pr\u00e9senter leurs produits nationaux, d&#8217;\u00e9changer exp\u00e9riences et connaissances, et d&#8217;\u00e9largir leurs horizons commerciaux vers de nouveaux march\u00e9s.<\/p>\n<p><strong style=\"font-weight: inherit;\">Le secteur de la p\u00eache, pilier de l&#8217;\u00e9conomie nationale<\/strong><\/p>\n<p>Dans son discours d&#8217;ouverture, M. Sid Ali Sidi Boubacar a tenu \u00e0 rappeler le r\u00f4le strat\u00e9gique de la p\u00eache maritime pour la Mauritanie. Il l&#8217;a d\u00e9crit comme \u00ab l&#8217;un des piliers les plus importants de l&#8217;\u00e9conomie nationale \u00bb, en raison de sa contribution significative \u00e0 la souverainet\u00e9 alimentaire, \u00e0 la cr\u00e9ation d&#8217;emplois et \u00e0 la production de valeur ajout\u00e9e. <strong><em>\u00ab Cette place centrale lui a value d&#8217;\u00eatre au c\u0153ur de la vision de d\u00e9veloppement du Pr\u00e9sident de la R\u00e9publique, Monsieur Mohamed Cheikh El Ghazouani, contenue dans son programme \u201cMon ambition pour la nation \u00bb<\/em><\/strong>, a-t-il affirm\u00e9.<\/p>\n<p>Le Secr\u00e9taire g\u00e9n\u00e9ral a \u00e9galement soulign\u00e9 le caract\u00e8re fructueux de cette rencontre internationale, qui rassemble l&#8217;ensemble des acteurs des cha\u00eenes de valeur des produits de la mer, des sp\u00e9cialistes de l&#8217;approvisionnement \u00e0 ceux de la transformation, en passant par la distribution, la commercialisation et l&#8217;exportation. Selon lui, ces synergies <strong><em>\u00ab auront des r\u00e9percussions positives sur le d\u00e9veloppement de notre \u00e9conomie nationale \u00bb.<\/em><\/strong><\/p>\n<p><strong style=\"font-weight: inherit;\">Une coop\u00e9ration fructueuse et des perspectives d&#8217;avenir<\/strong><\/p>\n<p>Le <strong>Directeur g\u00e9n\u00e9ral de la SMCP, Dr. Sidi Salem<\/strong>, a pour sa part pr\u00e9sent\u00e9 ce salon comme <strong><em>\u00ab l&#8217;aboutissement d&#8217;efforts consid\u00e9rables et d&#8217;une coop\u00e9ration fructueuse entre plusieurs partenaires du secteur \u00bb<\/em><\/strong><em>.<\/em> Il a pr\u00e9cis\u00e9 que l&#8217;objectif est de renforcer l&#8217;activit\u00e9 \u00e9conomique, soutenir le produit national et ouvrir de nouvelles perspectives d&#8217;\u00e9change et de coop\u00e9ration entre entrepreneurs et investisseurs.<\/p>\n<p><strong><em>\u00ab Cet \u00e9v\u00e9nement s&#8217;inscrit dans le cadre des efforts du secteur visant \u00e0 valoriser la richesse marine nationale, \u00e0 sensibiliser \u00e0 son importance et \u00e0 montrer les opportunit\u00e9s offertes aux investisseurs nationaux et internationaux \u00bb<\/em><\/strong>, a-t-il d\u00e9clar\u00e9, soulignant l&#8217;alignement de cette initiative avec la politique gouvernementale issue du programme pr\u00e9sidentiel.<\/p>\n<p>Optimiste pour l&#8217;avenir, Dr. Sidi Salem a annonc\u00e9 la volont\u00e9 des organisateurs de faire de cette premi\u00e8re \u00e9dition un tremplin. <strong><em>\u00ab Cette premi\u00e8re exp\u00e9rience est une opportunit\u00e9 de tracer une feuille de route concr\u00e8te pour entrer dans le monde des forums et des rencontres commerciales internationales. Nous sommes d\u00e9termin\u00e9s \u00e0 d\u00e9velopper cette id\u00e9e et \u00e0 pr\u00e9parer t\u00f4t la deuxi\u00e8me \u00e9dition apr\u00e8s avoir tir\u00e9 les le\u00e7ons de cette exp\u00e9rience. \u00bb<\/em><\/strong><\/p>\n<p>La c\u00e9r\u00e9monie d&#8217;ouverture a t\u00e9moign\u00e9 de l&#8217;importance accord\u00e9e \u00e0 cet \u00e9v\u00e9nement, ayant rassembl\u00e9 le hakem de la moughataa de Nouadhibou, le Vice-pr\u00e9sident de la R\u00e9gion de Dakhlet Nouadhibou, le Maire de la Commune de Nouadhibou, le Commandant de l&#8217;Acad\u00e9mie Navale, les chefs des appareils militaires et de s\u00e9curit\u00e9 de la Wilaya, les directeurs de plusieurs institutions publiques, les consuls de pays fr\u00e8res et amis, ainsi qu&#8217;une pl\u00e9iade d&#8217;hommes d&#8217;affaires et d&#8217;investisseurs du secteur de la p\u00eache. Une mobilisation qui confirme le statut de ce nouveau salon comme un rendez-vous incontournable pour l&#8217;avenir \u00e9conomique de la Mauritanie.<\/p>\n","protected":false},"excerpt":{"rendered":"<p>Le village touristique de Kabano a servi de cadre \u00e0 l&#8217;ouverture de la premi\u00e8re \u00e9dition du Salon mauritanien des produits de la mer, un \u00e9v\u00e9nement d&#8217;envergure pr\u00e9sid\u00e9 par le Secr\u00e9taire g\u00e9n\u00e9ral du Minist\u00e8re des P\u00eaches, des Infrastructures Maritimes et Portuaires, M. Sid Ali Sidi Boubacar. La c\u00e9r\u00e9monie d&#8217;ouverture s&#8217;est d\u00e9roul\u00e9e en pr\u00e9sence d&#8217;un ar\u00e9opage de&#8230;..<\/p>\n","protected":false},"author":12,"featured_media":31291,"comment_status":"open","ping_status":"open","sticky":false,"template":"","format":"standard","meta":{"footnotes":""},"categories":[23,49],"tags":[],"class_list":["post-31290","post","type-post","status-publish","format-standard","has-post-thumbnail","hentry","category-actualite","category-economie"],"yoast_head":"<!-- This site is optimized with the Yoast SEO plugin v27.5 - https:\/\/yoast.com\/product\/yoast-seo-wordpress\/ -->\n<title>Nouadhibou : La capitale \u00e9conomique vibre au rythme de la premi\u00e8re \u00e9dition du Salon Mauritanien des Produits de la Mer - Le Quotidien de Nouakchott<\/title>\n<meta name=\"robots\" content=\"index, follow, max-snippet:-1, max-image-preview:large, max-video-preview:-1\" \/>\n<link rel=\"canonical\" href=\"https:\/\/lequotidien.mr\/?p=31290&lang=fr\" \/>\n<meta property=\"og:locale\" content=\"ar_AR\" \/>\n<meta property=\"og:type\" content=\"article\" \/>\n<meta property=\"og:title\" content=\"Nouadhibou : La capitale \u00e9conomique vibre au rythme de la premi\u00e8re \u00e9dition du Salon Mauritanien des Produits de la Mer - Le Quotidien de Nouakchott\" \/>\n<meta property=\"og:description\" content=\"Le village touristique de Kabano a servi de cadre \u00e0 l&#8217;ouverture de la premi\u00e8re \u00e9dition du Salon mauritanien des produits de la mer, un \u00e9v\u00e9nement d&#8217;envergure pr\u00e9sid\u00e9 par le Secr\u00e9taire g\u00e9n\u00e9ral du Minist\u00e8re des P\u00eaches, des Infrastructures Maritimes et Portuaires, M. Sid Ali Sidi Boubacar. La c\u00e9r\u00e9monie d&#8217;ouverture s&#8217;est d\u00e9roul\u00e9e en pr\u00e9sence d&#8217;un ar\u00e9opage de.....\" \/>\n<meta property=\"og:url\" content=\"https:\/\/lequotidien.mr\/?p=31290&amp;lang=fr\" \/>\n<meta property=\"og:site_name\" content=\"Le Quotidien de Nouakchott\" \/>\n<meta property=\"article:publisher\" content=\"https:\/\/web.facebook.com\/lequotidienmr\" \/>\n<meta property=\"article:published_time\" content=\"2025-09-30T11:48:25+00:00\" \/>\n<meta property=\"og:image\" content=\"https:\/\/lequotidien.mr\/wp-content\/uploads\/2025\/09\/photo-pdts-de-mer.jpg\" \/>\n\t<meta property=\"og:image:width\" content=\"578\" \/>\n\t<meta property=\"og:image:height\" content=\"430\" \/>\n\t<meta property=\"og:image:type\" content=\"image\/jpeg\" \/>\n<meta name=\"author\" content=\"Med Ahmed\" \/>\n<meta name=\"twitter:card\" content=\"summary_large_image\" \/>\n<meta name=\"twitter:creator\" content=\"@lequotidienmr\" \/>\n<meta name=\"twitter:site\" content=\"@lequotidienmr\" \/>\n<meta name=\"twitter:label1\" content=\"\u0643\u064f\u062a\u0628 \u0628\u0648\u0627\u0633\u0637\u0629\" \/>\n\t<meta name=\"twitter:data1\" content=\"Med Ahmed\" \/>\n\t<meta name=\"twitter:label2\" content=\"\u0648\u0642\u062a \u0627\u0644\u0642\u0631\u0627\u0621\u0629 \u0627\u0644\u0645\u064f\u0642\u062f\u0651\u0631\" \/>\n\t<meta name=\"twitter:data2\" content=\"5 \u062f\u0642\u0627\u0626\u0642\" \/>\n<script type=\"application\/ld+json\" class=\"yoast-schema-graph\">{\"@context\":\"https:\\\/\\\/schema.org\",\"@graph\":[{\"@type\":\"Article\",\"@id\":\"https:\\\/\\\/lequotidien.mr\\\/?p=31290&lang=fr#article\",\"isPartOf\":{\"@id\":\"https:\\\/\\\/lequotidien.mr\\\/?p=31290&lang=fr\"},\"author\":{\"name\":\"Med Ahmed\",\"@id\":\"https:\\\/\\\/lequotidien.mr\\\/#\\\/schema\\\/person\\\/d2d350202a4d599685ed8abc25f97596\"},\"headline\":\"Nouadhibou : La capitale \u00e9conomique vibre au rythme de la premi\u00e8re \u00e9dition du Salon Mauritanien des Produits de la Mer\",\"datePublished\":\"2025-09-30T11:48:25+00:00\",\"mainEntityOfPage\":{\"@id\":\"https:\\\/\\\/lequotidien.mr\\\/?p=31290&lang=fr\"},\"wordCount\":794,\"commentCount\":0,\"publisher\":{\"@id\":\"https:\\\/\\\/lequotidien.mr\\\/#organization\"},\"image\":{\"@id\":\"https:\\\/\\\/lequotidien.mr\\\/?p=31290&lang=fr#primaryimage\"},\"thumbnailUrl\":\"https:\\\/\\\/lequotidien.mr\\\/wp-content\\\/uploads\\\/2025\\\/09\\\/photo-pdts-de-mer.jpg\",\"articleSection\":[\"ACTUALIT\u00c9\",\"Economie\"],\"inLanguage\":\"ar\",\"potentialAction\":[{\"@type\":\"CommentAction\",\"name\":\"Comment\",\"target\":[\"https:\\\/\\\/lequotidien.mr\\\/?p=31290&lang=fr#respond\"]}]},{\"@type\":\"WebPage\",\"@id\":\"https:\\\/\\\/lequotidien.mr\\\/?p=31290&lang=fr\",\"url\":\"https:\\\/\\\/lequotidien.mr\\\/?p=31290&lang=fr\",\"name\":\"Nouadhibou : La capitale \u00e9conomique vibre au rythme de la premi\u00e8re \u00e9dition du Salon Mauritanien des Produits de la Mer - Le Quotidien de Nouakchott\",\"isPartOf\":{\"@id\":\"https:\\\/\\\/lequotidien.mr\\\/#website\"},\"primaryImageOfPage\":{\"@id\":\"https:\\\/\\\/lequotidien.mr\\\/?p=31290&lang=fr#primaryimage\"},\"image\":{\"@id\":\"https:\\\/\\\/lequotidien.mr\\\/?p=31290&lang=fr#primaryimage\"},\"thumbnailUrl\":\"https:\\\/\\\/lequotidien.mr\\\/wp-content\\\/uploads\\\/2025\\\/09\\\/photo-pdts-de-mer.jpg\",\"datePublished\":\"2025-09-30T11:48:25+00:00\",\"breadcrumb\":{\"@id\":\"https:\\\/\\\/lequotidien.mr\\\/?p=31290&lang=fr#breadcrumb\"},\"inLanguage\":\"ar\",\"potentialAction\":[{\"@type\":\"ReadAction\",\"target\":[\"https:\\\/\\\/lequotidien.mr\\\/?p=31290&lang=fr\"]}]},{\"@type\":\"ImageObject\",\"inLanguage\":\"ar\",\"@id\":\"https:\\\/\\\/lequotidien.mr\\\/?p=31290&lang=fr#primaryimage\",\"url\":\"https:\\\/\\\/lequotidien.mr\\\/wp-content\\\/uploads\\\/2025\\\/09\\\/photo-pdts-de-mer.jpg\",\"contentUrl\":\"https:\\\/\\\/lequotidien.mr\\\/wp-content\\\/uploads\\\/2025\\\/09\\\/photo-pdts-de-mer.jpg\",\"width\":578,\"height\":430},{\"@type\":\"BreadcrumbList\",\"@id\":\"https:\\\/\\\/lequotidien.mr\\\/?p=31290&lang=fr#breadcrumb\",\"itemListElement\":[{\"@type\":\"ListItem\",\"position\":1,\"name\":\"Home\",\"item\":\"https:\\\/\\\/lequotidien.mr\\\/\"},{\"@type\":\"ListItem\",\"position\":2,\"name\":\"Nouadhibou : La capitale \u00e9conomique vibre au rythme de la premi\u00e8re \u00e9dition du Salon Mauritanien des Produits de la Mer\"}]},{\"@type\":\"WebSite\",\"@id\":\"https:\\\/\\\/lequotidien.mr\\\/#website\",\"url\":\"https:\\\/\\\/lequotidien.mr\\\/\",\"name\":\"Le Quotidien de Nouakchott\",\"description\":\"\u0625\u062e\u0628\u0627\u0631\u064a\u0629 \u0645\u0633\u062a\u0642\u0644\u0629 \u0644\u0644\u0623\u0646\u0628\u0627\u0621 \u0627\u0644\u0639\u0627\u0645\u0629\",\"publisher\":{\"@id\":\"https:\\\/\\\/lequotidien.mr\\\/#organization\"},\"potentialAction\":[{\"@type\":\"SearchAction\",\"target\":{\"@type\":\"EntryPoint\",\"urlTemplate\":\"https:\\\/\\\/lequotidien.mr\\\/?s={search_term_string}\"},\"query-input\":{\"@type\":\"PropertyValueSpecification\",\"valueRequired\":true,\"valueName\":\"search_term_string\"}}],\"inLanguage\":\"ar\"},{\"@type\":\"Organization\",\"@id\":\"https:\\\/\\\/lequotidien.mr\\\/#organization\",\"name\":\"Le Quotidien de Nouakchott\",\"url\":\"https:\\\/\\\/lequotidien.mr\\\/\",\"logo\":{\"@type\":\"ImageObject\",\"inLanguage\":\"ar\",\"@id\":\"https:\\\/\\\/lequotidien.mr\\\/#\\\/schema\\\/logo\\\/image\\\/\",\"url\":\"https:\\\/\\\/lequotidien.mr\\\/wp-content\\\/uploads\\\/2022\\\/11\\\/logolequotidien.jpg\",\"contentUrl\":\"https:\\\/\\\/lequotidien.mr\\\/wp-content\\\/uploads\\\/2022\\\/11\\\/logolequotidien.jpg\",\"width\":290,\"height\":65,\"caption\":\"Le Quotidien de Nouakchott\"},\"image\":{\"@id\":\"https:\\\/\\\/lequotidien.mr\\\/#\\\/schema\\\/logo\\\/image\\\/\"},\"sameAs\":[\"https:\\\/\\\/web.facebook.com\\\/lequotidienmr\",\"https:\\\/\\\/x.com\\\/lequotidienmr\"]},{\"@type\":\"Person\",\"@id\":\"https:\\\/\\\/lequotidien.mr\\\/#\\\/schema\\\/person\\\/d2d350202a4d599685ed8abc25f97596\",\"name\":\"Med Ahmed\",\"image\":{\"@type\":\"ImageObject\",\"inLanguage\":\"ar\",\"@id\":\"https:\\\/\\\/secure.gravatar.com\\\/avatar\\\/fd2acc62ed50732923d1d39c17172c9b04149f142be92310ecc69e1358f94b52?s=96&d=mm&r=g\",\"url\":\"https:\\\/\\\/secure.gravatar.com\\\/avatar\\\/fd2acc62ed50732923d1d39c17172c9b04149f142be92310ecc69e1358f94b52?s=96&d=mm&r=g\",\"contentUrl\":\"https:\\\/\\\/secure.gravatar.com\\\/avatar\\\/fd2acc62ed50732923d1d39c17172c9b04149f142be92310ecc69e1358f94b52?s=96&d=mm&r=g\",\"caption\":\"Med Ahmed\"},\"url\":\"https:\\\/\\\/lequotidien.mr\\\/?author=12\"}]}<\/script>\n<!-- \/ Yoast SEO plugin. -->","yoast_head_json":{"title":"Nouadhibou : La capitale \u00e9conomique vibre au rythme de la premi\u00e8re \u00e9dition du Salon Mauritanien des Produits de la Mer - Le Quotidien de Nouakchott","robots":{"index":"index","follow":"follow","max-snippet":"max-snippet:-1","max-image-preview":"max-image-preview:large","max-video-preview":"max-video-preview:-1"},"canonical":"https:\/\/lequotidien.mr\/?p=31290&lang=fr","og_locale":"ar_AR","og_type":"article","og_title":"Nouadhibou : La capitale \u00e9conomique vibre au rythme de la premi\u00e8re \u00e9dition du Salon Mauritanien des Produits de la Mer - Le Quotidien de Nouakchott","og_description":"Le village touristique de Kabano a servi de cadre \u00e0 l&#8217;ouverture de la premi\u00e8re \u00e9dition du Salon mauritanien des produits de la mer, un \u00e9v\u00e9nement d&#8217;envergure pr\u00e9sid\u00e9 par le Secr\u00e9taire g\u00e9n\u00e9ral du Minist\u00e8re des P\u00eaches, des Infrastructures Maritimes et Portuaires, M. Sid Ali Sidi Boubacar. La c\u00e9r\u00e9monie d&#8217;ouverture s&#8217;est d\u00e9roul\u00e9e en pr\u00e9sence d&#8217;un ar\u00e9opage de.....","og_url":"https:\/\/lequotidien.mr\/?p=31290&lang=fr","og_site_name":"Le Quotidien de Nouakchott","article_publisher":"https:\/\/web.facebook.com\/lequotidienmr","article_published_time":"2025-09-30T11:48:25+00:00","og_image":[{"width":578,"height":430,"url":"https:\/\/lequotidien.mr\/wp-content\/uploads\/2025\/09\/photo-pdts-de-mer.jpg","type":"image\/jpeg"}],"author":"Med Ahmed","twitter_card":"summary_large_image","twitter_creator":"@lequotidienmr","twitter_site":"@lequotidienmr","twitter_misc":{"\u0643\u064f\u062a\u0628 \u0628\u0648\u0627\u0633\u0637\u0629":"Med Ahmed","\u0648\u0642\u062a \u0627\u0644\u0642\u0631\u0627\u0621\u0629 \u0627\u0644\u0645\u064f\u0642\u062f\u0651\u0631":"5 \u062f\u0642\u0627\u0626\u0642"},"schema":{"@context":"https:\/\/schema.org","@graph":[{"@type":"Article","@id":"https:\/\/lequotidien.mr\/?p=31290&lang=fr#article","isPartOf":{"@id":"https:\/\/lequotidien.mr\/?p=31290&lang=fr"},"author":{"name":"Med Ahmed","@id":"https:\/\/lequotidien.mr\/#\/schema\/person\/d2d350202a4d599685ed8abc25f97596"},"headline":"Nouadhibou : La capitale \u00e9conomique vibre au rythme de la premi\u00e8re \u00e9dition du Salon Mauritanien des Produits de la Mer","datePublished":"2025-09-30T11:48:25+00:00","mainEntityOfPage":{"@id":"https:\/\/lequotidien.mr\/?p=31290&lang=fr"},"wordCount":794,"commentCount":0,"publisher":{"@id":"https:\/\/lequotidien.mr\/#organization"},"image":{"@id":"https:\/\/lequotidien.mr\/?p=31290&lang=fr#primaryimage"},"thumbnailUrl":"https:\/\/lequotidien.mr\/wp-content\/uploads\/2025\/09\/photo-pdts-de-mer.jpg","articleSection":["ACTUALIT\u00c9","Economie"],"inLanguage":"ar","potentialAction":[{"@type":"CommentAction","name":"Comment","target":["https:\/\/lequotidien.mr\/?p=31290&lang=fr#respond"]}]},{"@type":"WebPage","@id":"https:\/\/lequotidien.mr\/?p=31290&lang=fr","url":"https:\/\/lequotidien.mr\/?p=31290&lang=fr","name":"Nouadhibou : La capitale \u00e9conomique vibre au rythme de la premi\u00e8re \u00e9dition du Salon Mauritanien des Produits de la Mer - Le Quotidien de Nouakchott","isPartOf":{"@id":"https:\/\/lequotidien.mr\/#website"},"primaryImageOfPage":{"@id":"https:\/\/lequotidien.mr\/?p=31290&lang=fr#primaryimage"},"image":{"@id":"https:\/\/lequotidien.mr\/?p=31290&lang=fr#primaryimage"},"thumbnailUrl":"https:\/\/lequotidien.mr\/wp-content\/uploads\/2025\/09\/photo-pdts-de-mer.jpg","datePublished":"2025-09-30T11:48:25+00:00","breadcrumb":{"@id":"https:\/\/lequotidien.mr\/?p=31290&lang=fr#breadcrumb"},"inLanguage":"ar","potentialAction":[{"@type":"ReadAction","target":["https:\/\/lequotidien.mr\/?p=31290&lang=fr"]}]},{"@type":"ImageObject","inLanguage":"ar","@id":"https:\/\/lequotidien.mr\/?p=31290&lang=fr#primaryimage","url":"https:\/\/lequotidien.mr\/wp-content\/uploads\/2025\/09\/photo-pdts-de-mer.jpg","contentUrl":"https:\/\/lequotidien.mr\/wp-content\/uploads\/2025\/09\/photo-pdts-de-mer.jpg","width":578,"height":430},{"@type":"BreadcrumbList","@id":"https:\/\/lequotidien.mr\/?p=31290&lang=fr#breadcrumb","itemListElement":[{"@type":"ListItem","position":1,"name":"Home","item":"https:\/\/lequotidien.mr\/"},{"@type":"ListItem","position":2,"name":"Nouadhibou : La capitale \u00e9conomique vibre au rythme de la premi\u00e8re \u00e9dition du Salon Mauritanien des Produits de la Mer"}]},{"@type":"WebSite","@id":"https:\/\/lequotidien.mr\/#website","url":"https:\/\/lequotidien.mr\/","name":"Le Quotidien de Nouakchott","description":"\u0625\u062e\u0628\u0627\u0631\u064a\u0629 \u0645\u0633\u062a\u0642\u0644\u0629 \u0644\u0644\u0623\u0646\u0628\u0627\u0621 \u0627\u0644\u0639\u0627\u0645\u0629","publisher":{"@id":"https:\/\/lequotidien.mr\/#organization"},"potentialAction":[{"@type":"SearchAction","target":{"@type":"EntryPoint","urlTemplate":"https:\/\/lequotidien.mr\/?s={search_term_string}"},"query-input":{"@type":"PropertyValueSpecification","valueRequired":true,"valueName":"search_term_string"}}],"inLanguage":"ar"},{"@type":"Organization","@id":"https:\/\/lequotidien.mr\/#organization","name":"Le Quotidien de Nouakchott","url":"https:\/\/lequotidien.mr\/","logo":{"@type":"ImageObject","inLanguage":"ar","@id":"https:\/\/lequotidien.mr\/#\/schema\/logo\/image\/","url":"https:\/\/lequotidien.mr\/wp-content\/uploads\/2022\/11\/logolequotidien.jpg","contentUrl":"https:\/\/lequotidien.mr\/wp-content\/uploads\/2022\/11\/logolequotidien.jpg","width":290,"height":65,"caption":"Le Quotidien de Nouakchott"},"image":{"@id":"https:\/\/lequotidien.mr\/#\/schema\/logo\/image\/"},"sameAs":["https:\/\/web.facebook.com\/lequotidienmr","https:\/\/x.com\/lequotidienmr"]},{"@type":"Person","@id":"https:\/\/lequotidien.mr\/#\/schema\/person\/d2d350202a4d599685ed8abc25f97596","name":"Med Ahmed","image":{"@type":"ImageObject","inLanguage":"ar","@id":"https:\/\/secure.gravatar.com\/avatar\/fd2acc62ed50732923d1d39c17172c9b04149f142be92310ecc69e1358f94b52?s=96&d=mm&r=g","url":"https:\/\/secure.gravatar.com\/avatar\/fd2acc62ed50732923d1d39c17172c9b04149f142be92310ecc69e1358f94b52?s=96&d=mm&r=g","contentUrl":"https:\/\/secure.gravatar.com\/avatar\/fd2acc62ed50732923d1d39c17172c9b04149f142be92310ecc69e1358f94b52?s=96&d=mm&r=g","caption":"Med Ahmed"},"url":"https:\/\/lequotidien.mr\/?author=12"}]}},"_links":{"self":[{"href":"https:\/\/lequotidien.mr\/index.php?rest_route=\/wp\/v2\/posts\/31290","targetHints":{"allow":["GET"]}}],"collection":[{"href":"https:\/\/lequotidien.mr\/index.php?rest_route=\/wp\/v2\/posts"}],"about":[{"href":"https:\/\/lequotidien.mr\/index.php?rest_route=\/wp\/v2\/types\/post"}],"author":[{"embeddable":true,"href":"https:\/\/lequotidien.mr\/index.php?rest_route=\/wp\/v2\/users\/12"}],"replies":[{"embeddable":true,"href":"https:\/\/lequotidien.mr\/index.php?rest_route=%2Fwp%2Fv2%2Fcomments&post=31290"}],"version-history":[{"count":1,"href":"https:\/\/lequotidien.mr\/index.php?rest_route=\/wp\/v2\/posts\/31290\/revisions"}],"predecessor-version":[{"id":31292,"href":"https:\/\/lequotidien.mr\/index.php?rest_route=\/wp\/v2\/posts\/31290\/revisions\/31292"}],"wp:featuredmedia":[{"embeddable":true,"href":"https:\/\/lequotidien.mr\/index.php?rest_route=\/wp\/v2\/media\/31291"}],"wp:attachment":[{"href":"https:\/\/lequotidien.mr\/index.php?rest_route=%2Fwp%2Fv2%2Fmedia&parent=31290"}],"wp:term":[{"taxonomy":"category","embeddable":true,"href":"https:\/\/lequotidien.mr\/index.php?rest_route=%2Fwp%2Fv2%2Fcategories&post=31290"},{"taxonomy":"post_tag","embeddable":true,"href":"https:\/\/lequotidien.mr\/index.php?rest_route=%2Fwp%2Fv2%2Ftags&post=31290"}],"curies":[{"name":"wp","href":"https:\/\/api.w.org\/{rel}","templated":true}]}}