{"id":31273,"date":"2025-09-29T12:46:45","date_gmt":"2025-09-29T12:46:45","guid":{"rendered":"https:\/\/lequotidien.mr\/?p=31273"},"modified":"2025-09-29T12:46:45","modified_gmt":"2025-09-29T12:46:45","slug":"economie-le-ministere-du-commerce-place-le-tourisme-au-coeur-de-sa-strategie-de-developpement-national","status":"publish","type":"post","link":"https:\/\/lequotidien.mr\/?p=31273&lang=fr","title":{"rendered":"Economie : Le minist\u00e8re du commerce place le tourisme au c\u0153ur de sa strat\u00e9gie de d\u00e9veloppement national"},"content":{"rendered":"<p>\u00c0 l\u2019occasion de la comm\u00e9moration de la Journ\u00e9e mondiale du tourisme, <strong>la ministre du Commerce et du Tourisme, Mme Zeinebou Ahmednah<\/strong>, a prononc\u00e9 un discours fort r\u00e9affirmant l&#8217;engagement r\u00e9solu du gouvernement mauritanien en faveur du d\u00e9veloppement de ce secteur strat\u00e9gique.<\/p>\n<p>C\u00e9l\u00e9br\u00e9e chaque ann\u00e9e le 27 septembre, cette journ\u00e9e a \u00e9t\u00e9 l&#8217;opportunit\u00e9 pour la ministre de souligner que le d\u00e9veloppement du tourisme est une priorit\u00e9 absolue pour les plus hautes autorit\u00e9s de l&#8217;\u00c9tat. Elle a pr\u00e9cis\u00e9 que cette orientation s&#8217;inscrit dans le cadre des directives du <strong>Pr\u00e9sident de la R\u00e9publique, M. Mohamed Cheikh El Ghazouani<\/strong>, et fait l&#8217;objet d&#8217;une coordination \u00e9troite avec le <strong>Premier ministre, M. Moctar Djay<\/strong>.<\/p>\n<p>Dans son allocution prononc\u00e9e samedi dernier, Mme Zeinebou Ahmednah a expos\u00e9 la vision multidimensionnelle que le gouvernement porte sur le tourisme. Loin d&#8217;\u00eatre per\u00e7u comme un simple levier \u00e9conomique, celui-ci est consid\u00e9r\u00e9 comme un pilier fondamental pour le renforcement de l&#8217;identit\u00e9 nationale. <strong><em>\u00ab Le tourisme nous offre une plateforme unique pour valoriser et partager la richesse de notre h\u00e9ritage culturel et la splendeur de nos paysages naturels \u00bb<\/em><\/strong>, a-t-elle d\u00e9clar\u00e9.<\/p>\n<p>La ministre a ainsi identifi\u00e9 trois axes majeurs justifiant l&#8217;importance capitale accord\u00e9e \u00e0 ce secteur :<\/p>\n<p><strong>-Un pilier de l&#8217;identit\u00e9 nationale<\/strong>\u00a0: En encourageant les Mauritaniens et les visiteurs \u00e0 d\u00e9couvrir le patrimoine historique et culturel du pays, le tourisme contribue \u00e0 renforcer le sentiment d&#8217;appartenance et la fiert\u00e9 nationale\u00a0;<\/p>\n<p><strong>-Une valorisation des ressources<\/strong>\u00a0: Le tourisme est per\u00e7u comme un domaine prometteur pour mettre en valeur les ressources culturelles et naturelles de la Mauritanie, des anciens ksour du d\u00e9sert aux c\u00f4tes atlantiques en passant par les traditions vivantes de son peuple\u00a0;<\/p>\n<p><strong>-Un moteur de croissance locale<\/strong>\u00a0: En dynamisant les \u00e9conomies r\u00e9gionales, en cr\u00e9ant des emplois et en stimulant l&#8217;artisanat et les services, le tourisme est un vecteur essentiel de prosp\u00e9rit\u00e9 et de d\u00e9veloppement durable pour les communaut\u00e9s locales.<\/p>\n<p>Cet engagement au plus haut niveau de l&#8217;\u00c9tat signale une volont\u00e9 claire de faire du tourisme un axe central de la strat\u00e9gie de d\u00e9veloppement \u00e9conomique et culturel de la Mauritanie. Il s&#8217;agit de construire une offre touristique authentique et durable qui profite \u00e0 la fois aux visiteurs et \u00e0 l&#8217;ensemble de la population mauritanienne.<\/p>\n<p>\u00c0 l&#8217;heure o\u00f9 le monde c\u00e9l\u00e8bre le potentiel de rapprochement et de d\u00e9couverte que repr\u00e9sente le tourisme, la Mauritanie affirme ainsi son ambition de prendre une place significative sur la carte des destinations africaines de choix, en s&#8217;appuyant sur la singularit\u00e9 de son identit\u00e9 et la diversit\u00e9 de ses paysages.<\/p>\n<p>Voici le texte int\u00e9gral de son discours :<\/p>\n<p><em>\u00ab Au nom de Dieu, le Tout Mis\u00e9ricordieux, le Tr\u00e8s Mis\u00e9ricordieux. Que la paix et les b\u00e9n\u00e9dictions soient sur le plus honorable des messagers. \u00bb<\/em><\/p>\n<p><em>Mesdames et Messieurs,<\/em><\/p>\n<p><em>Aujourd\u2019hui, samedi, notre pays c\u00e9l\u00e8bre la Journ\u00e9e mondiale du tourisme 2025, plac\u00e9e cette ann\u00e9e sous le th\u00e8me : \u00ab Tourisme et transformation durable \u00bb. Ce th\u00e8me porte en lui une vision profonde du r\u00f4le du tourisme, non seulement comme moteur de croissance \u00e9conomique, mais aussi comme vecteur de progr\u00e8s social et comme moyen d\u2019instaurer des pratiques responsables sur les plans environnemental, \u00e9conomique et social.<\/em><\/p>\n<p><em>L\u2019exp\u00e9rience mondiale a d\u00e9montr\u00e9 que le tourisme ne se limite plus \u00e0 son impact \u00e9conomique direct, \u00e0 savoir attirer les investissements et cr\u00e9er des emplois. Il est \u00e9galement devenu un catalyseur d\u2019apprentissage, un outil d\u2019\u00e9change culturel, un levier d\u2019autonomisation des communaut\u00e9s et un moyen d\u2019ouvrir de nouveaux horizons aux jeunes, aux femmes et aux groupes vuln\u00e9rables.<\/em><\/p>\n<p><em>Cependant, ce r\u00f4le croissant reste tributaire de l\u2019adoption d\u2019une approche globale qui place la durabilit\u00e9, la r\u00e9silience et l\u2019\u00e9quit\u00e9 sociale au c\u0153ur des politiques et des d\u00e9cisions touristiques. Cette dimension a occup\u00e9 une place importante dans le programme de Son Excellence le Pr\u00e9sident de la R\u00e9publique, M. Mohamed Ould Cheikh El Ghazouani, intitul\u00e9 \u00ab Mon Ambition pour la Patrie \u00bb.<\/em><\/p>\n<p><em>Mesdames et Messieurs,<\/em><\/p>\n<p><em>Sous les hautes directives de Son Excellence le Pr\u00e9sident de la R\u00e9publique, M. Mohamed Ould Cheikh El Ghazouani, et en \u00e9troite coordination avec le Premier ministre, M. Mokhtar Ould Djay, le gouvernement accorde une importance capitale au d\u00e9veloppement du tourisme en g\u00e9n\u00e9ral, et du tourisme national en particulier, en tant que pilier du renforcement de l\u2019identit\u00e9 nationale, secteur prometteur pour la valorisation de nos ressources culturelles et naturelles, et moteur de la croissance locale.<\/em><\/p>\n<p><em>Dans ce contexte, le minist\u00e8re du Commerce et du Tourisme a \u00e9labor\u00e9 une strat\u00e9gie int\u00e9gr\u00e9e visant \u00e0 revitaliser ce secteur et \u00e0 incarner la vision de Son Excellence le Pr\u00e9sident, qui consid\u00e8re le tourisme comme un levier de d\u00e9veloppement global.<\/em><\/p>\n<p><em>Ces derni\u00e8res ann\u00e9es, notre pays a connu l\u2019organisation de saisons culturelles et de festivals r\u00e9gionaux qui ont mis en valeur la richesse et la diversit\u00e9 de notre patrimoine culturel, contribu\u00e9 \u00e0 dynamiser l\u2019\u00e9conomie locale et ouvert de nouveaux horizons aux investisseurs et aux acteurs du secteur touristique. La coop\u00e9ration avec les partenaires internationaux a \u00e9galement \u00e9t\u00e9 renforc\u00e9e, et les programmes de formation et les activit\u00e9s de sensibilisation ont \u00e9t\u00e9 intensifi\u00e9s afin de consolider une culture du tourisme responsable et durable.<\/em><\/p>\n<p><em>Mesdames et Messieurs,<\/em><\/p>\n<p><em>La c\u00e9l\u00e9bration de la Journ\u00e9e mondiale du tourisme sous le th\u00e8me \u00ab Tourisme et transformation durable \u00bb est pour nous, en Mauritanie, l\u2019occasion de renouveler notre engagement envers les normes et principes internationaux qui placent la protection de l\u2019environnement, le respect de la diversit\u00e9 culturelle et l\u2019\u00e9quit\u00e9 sociale au c\u0153ur des politiques touristiques. Elle nous offre \u00e9galement l\u2019occasion de souligner les efforts que nous avons d\u00e9ploy\u00e9s et ceux que nous comptons d\u00e9velopper pour faire du tourisme national un outil de d\u00e9veloppement \u00e9quilibr\u00e9 et une opportunit\u00e9 pour les g\u00e9n\u00e9rations futures de construire un avenir meilleur.<\/em><\/p>\n<p><em>En c\u00e9l\u00e9brant cet \u00e9v\u00e9nement mondial aujourd\u2019hui, nous affirmons notre d\u00e9termination \u00e0 poursuivre nos efforts pour :<\/em><\/p>\n<p><em>\u2013 Soutenir le tourisme national et diversifier son offre ;<\/em><\/p>\n<p><em>\u2013 Investir dans la formation et le renforcement des capacit\u00e9s ;<\/em><\/p>\n<p><em>\u2013 Renforcer les partenariats avec les acteurs nationaux et internationaux ;<\/em><\/p>\n<p><em>\u2013 Adopter une approche coh\u00e9rente avec les Objectifs de d\u00e9veloppement durable, afin de faire de notre tourisme national un secteur r\u00e9silient, \u00e9quitable et rentable sur les plans \u00e9conomique, social et environnemental.<\/em><\/p>\n<p><em>Mesdames et Messieurs,<\/em><\/p>\n<p><em>En conclusion, au minist\u00e8re du Commerce et du Tourisme, nous sommes convaincus que le tourisme n\u2019est pas seulement une activit\u00e9 \u00e9conomique, c\u2019est une vision de d\u00e9veloppement, un message de rapprochement entre les peuples et un pont vers un avenir plus durable et plus \u00e9quitable. Dans cette perspective, nous continuerons \u00e0 incarner cette vision. Cette vision ambitieuse, conforme aux promesses de Son Excellence le Pr\u00e9sident de la R\u00e9publique et \u00e0 nos engagements internationaux, sert la nation et ses citoyens. \u00bb<\/em><\/p>\n","protected":false},"excerpt":{"rendered":"<p>\u00c0 l\u2019occasion de la comm\u00e9moration de la Journ\u00e9e mondiale du tourisme, la ministre du Commerce et du Tourisme, Mme Zeinebou Ahmednah, a prononc\u00e9 un discours fort r\u00e9affirmant l&#8217;engagement r\u00e9solu du gouvernement mauritanien en faveur du d\u00e9veloppement de ce secteur strat\u00e9gique. C\u00e9l\u00e9br\u00e9e chaque ann\u00e9e le 27 septembre, cette journ\u00e9e a \u00e9t\u00e9 l&#8217;opportunit\u00e9 pour la ministre de&#8230;..<\/p>\n","protected":false},"author":12,"featured_media":31274,"comment_status":"open","ping_status":"open","sticky":false,"template":"","format":"standard","meta":{"footnotes":""},"categories":[23,49],"tags":[],"class_list":["post-31273","post","type-post","status-publish","format-standard","has-post-thumbnail","hentry","category-actualite","category-economie"],"yoast_head":"<!-- This site is optimized with the Yoast SEO plugin v27.5 - https:\/\/yoast.com\/product\/yoast-seo-wordpress\/ -->\n<title>Economie : Le minist\u00e8re du commerce place le tourisme au c\u0153ur de sa strat\u00e9gie de d\u00e9veloppement national - Le Quotidien de Nouakchott<\/title>\n<meta name=\"robots\" content=\"index, follow, max-snippet:-1, max-image-preview:large, max-video-preview:-1\" \/>\n<link rel=\"canonical\" href=\"https:\/\/lequotidien.mr\/?p=31273&lang=fr\" \/>\n<meta property=\"og:locale\" content=\"ar_AR\" \/>\n<meta property=\"og:type\" content=\"article\" \/>\n<meta property=\"og:title\" content=\"Economie : Le minist\u00e8re du commerce place le tourisme au c\u0153ur de sa strat\u00e9gie de d\u00e9veloppement national - Le Quotidien de Nouakchott\" \/>\n<meta property=\"og:description\" content=\"\u00c0 l\u2019occasion de la comm\u00e9moration de la Journ\u00e9e mondiale du tourisme, la ministre du Commerce et du Tourisme, Mme Zeinebou Ahmednah, a prononc\u00e9 un discours fort r\u00e9affirmant l&#8217;engagement r\u00e9solu du gouvernement mauritanien en faveur du d\u00e9veloppement de ce secteur strat\u00e9gique. C\u00e9l\u00e9br\u00e9e chaque ann\u00e9e le 27 septembre, cette journ\u00e9e a \u00e9t\u00e9 l&#8217;opportunit\u00e9 pour la ministre de.....\" \/>\n<meta property=\"og:url\" content=\"https:\/\/lequotidien.mr\/?p=31273&amp;lang=fr\" \/>\n<meta property=\"og:site_name\" content=\"Le Quotidien de Nouakchott\" \/>\n<meta property=\"article:publisher\" content=\"https:\/\/web.facebook.com\/lequotidienmr\" \/>\n<meta property=\"article:published_time\" content=\"2025-09-29T12:46:45+00:00\" \/>\n<meta property=\"og:image\" content=\"https:\/\/lequotidien.mr\/wp-content\/uploads\/2025\/09\/photo-Ministe-commerce.jpg\" \/>\n\t<meta property=\"og:image:width\" content=\"750\" \/>\n\t<meta property=\"og:image:height\" content=\"430\" \/>\n\t<meta property=\"og:image:type\" content=\"image\/jpeg\" \/>\n<meta name=\"author\" content=\"Med Ahmed\" \/>\n<meta name=\"twitter:card\" content=\"summary_large_image\" \/>\n<meta name=\"twitter:creator\" content=\"@lequotidienmr\" \/>\n<meta name=\"twitter:site\" content=\"@lequotidienmr\" \/>\n<meta name=\"twitter:label1\" content=\"\u0643\u064f\u062a\u0628 \u0628\u0648\u0627\u0633\u0637\u0629\" \/>\n\t<meta name=\"twitter:data1\" content=\"Med Ahmed\" \/>\n\t<meta name=\"twitter:label2\" content=\"\u0648\u0642\u062a \u0627\u0644\u0642\u0631\u0627\u0621\u0629 \u0627\u0644\u0645\u064f\u0642\u062f\u0651\u0631\" \/>\n\t<meta name=\"twitter:data2\" content=\"8 \u062f\u0642\u0627\u0626\u0642\" \/>\n<script type=\"application\/ld+json\" class=\"yoast-schema-graph\">{\"@context\":\"https:\\\/\\\/schema.org\",\"@graph\":[{\"@type\":\"Article\",\"@id\":\"https:\\\/\\\/lequotidien.mr\\\/?p=31273&lang=fr#article\",\"isPartOf\":{\"@id\":\"https:\\\/\\\/lequotidien.mr\\\/?p=31273&lang=fr\"},\"author\":{\"name\":\"Med Ahmed\",\"@id\":\"https:\\\/\\\/lequotidien.mr\\\/#\\\/schema\\\/person\\\/d2d350202a4d599685ed8abc25f97596\"},\"headline\":\"Economie : Le minist\u00e8re du commerce place le tourisme au c\u0153ur de sa strat\u00e9gie de d\u00e9veloppement national\",\"datePublished\":\"2025-09-29T12:46:45+00:00\",\"mainEntityOfPage\":{\"@id\":\"https:\\\/\\\/lequotidien.mr\\\/?p=31273&lang=fr\"},\"wordCount\":1203,\"commentCount\":0,\"publisher\":{\"@id\":\"https:\\\/\\\/lequotidien.mr\\\/#organization\"},\"image\":{\"@id\":\"https:\\\/\\\/lequotidien.mr\\\/?p=31273&lang=fr#primaryimage\"},\"thumbnailUrl\":\"https:\\\/\\\/lequotidien.mr\\\/wp-content\\\/uploads\\\/2025\\\/09\\\/photo-Ministe-commerce.jpg\",\"articleSection\":[\"ACTUALIT\u00c9\",\"Economie\"],\"inLanguage\":\"ar\",\"potentialAction\":[{\"@type\":\"CommentAction\",\"name\":\"Comment\",\"target\":[\"https:\\\/\\\/lequotidien.mr\\\/?p=31273&lang=fr#respond\"]}]},{\"@type\":\"WebPage\",\"@id\":\"https:\\\/\\\/lequotidien.mr\\\/?p=31273&lang=fr\",\"url\":\"https:\\\/\\\/lequotidien.mr\\\/?p=31273&lang=fr\",\"name\":\"Economie : Le minist\u00e8re du commerce place le tourisme au c\u0153ur de sa strat\u00e9gie de d\u00e9veloppement national - Le Quotidien de Nouakchott\",\"isPartOf\":{\"@id\":\"https:\\\/\\\/lequotidien.mr\\\/#website\"},\"primaryImageOfPage\":{\"@id\":\"https:\\\/\\\/lequotidien.mr\\\/?p=31273&lang=fr#primaryimage\"},\"image\":{\"@id\":\"https:\\\/\\\/lequotidien.mr\\\/?p=31273&lang=fr#primaryimage\"},\"thumbnailUrl\":\"https:\\\/\\\/lequotidien.mr\\\/wp-content\\\/uploads\\\/2025\\\/09\\\/photo-Ministe-commerce.jpg\",\"datePublished\":\"2025-09-29T12:46:45+00:00\",\"breadcrumb\":{\"@id\":\"https:\\\/\\\/lequotidien.mr\\\/?p=31273&lang=fr#breadcrumb\"},\"inLanguage\":\"ar\",\"potentialAction\":[{\"@type\":\"ReadAction\",\"target\":[\"https:\\\/\\\/lequotidien.mr\\\/?p=31273&lang=fr\"]}]},{\"@type\":\"ImageObject\",\"inLanguage\":\"ar\",\"@id\":\"https:\\\/\\\/lequotidien.mr\\\/?p=31273&lang=fr#primaryimage\",\"url\":\"https:\\\/\\\/lequotidien.mr\\\/wp-content\\\/uploads\\\/2025\\\/09\\\/photo-Ministe-commerce.jpg\",\"contentUrl\":\"https:\\\/\\\/lequotidien.mr\\\/wp-content\\\/uploads\\\/2025\\\/09\\\/photo-Ministe-commerce.jpg\",\"width\":750,\"height\":430},{\"@type\":\"BreadcrumbList\",\"@id\":\"https:\\\/\\\/lequotidien.mr\\\/?p=31273&lang=fr#breadcrumb\",\"itemListElement\":[{\"@type\":\"ListItem\",\"position\":1,\"name\":\"Home\",\"item\":\"https:\\\/\\\/lequotidien.mr\\\/\"},{\"@type\":\"ListItem\",\"position\":2,\"name\":\"Economie : Le minist\u00e8re du commerce place le tourisme au c\u0153ur de sa strat\u00e9gie de d\u00e9veloppement national\"}]},{\"@type\":\"WebSite\",\"@id\":\"https:\\\/\\\/lequotidien.mr\\\/#website\",\"url\":\"https:\\\/\\\/lequotidien.mr\\\/\",\"name\":\"Le Quotidien de Nouakchott\",\"description\":\"\u0625\u062e\u0628\u0627\u0631\u064a\u0629 \u0645\u0633\u062a\u0642\u0644\u0629 \u0644\u0644\u0623\u0646\u0628\u0627\u0621 \u0627\u0644\u0639\u0627\u0645\u0629\",\"publisher\":{\"@id\":\"https:\\\/\\\/lequotidien.mr\\\/#organization\"},\"potentialAction\":[{\"@type\":\"SearchAction\",\"target\":{\"@type\":\"EntryPoint\",\"urlTemplate\":\"https:\\\/\\\/lequotidien.mr\\\/?s={search_term_string}\"},\"query-input\":{\"@type\":\"PropertyValueSpecification\",\"valueRequired\":true,\"valueName\":\"search_term_string\"}}],\"inLanguage\":\"ar\"},{\"@type\":\"Organization\",\"@id\":\"https:\\\/\\\/lequotidien.mr\\\/#organization\",\"name\":\"Le Quotidien de Nouakchott\",\"url\":\"https:\\\/\\\/lequotidien.mr\\\/\",\"logo\":{\"@type\":\"ImageObject\",\"inLanguage\":\"ar\",\"@id\":\"https:\\\/\\\/lequotidien.mr\\\/#\\\/schema\\\/logo\\\/image\\\/\",\"url\":\"https:\\\/\\\/lequotidien.mr\\\/wp-content\\\/uploads\\\/2022\\\/11\\\/logolequotidien.jpg\",\"contentUrl\":\"https:\\\/\\\/lequotidien.mr\\\/wp-content\\\/uploads\\\/2022\\\/11\\\/logolequotidien.jpg\",\"width\":290,\"height\":65,\"caption\":\"Le Quotidien de Nouakchott\"},\"image\":{\"@id\":\"https:\\\/\\\/lequotidien.mr\\\/#\\\/schema\\\/logo\\\/image\\\/\"},\"sameAs\":[\"https:\\\/\\\/web.facebook.com\\\/lequotidienmr\",\"https:\\\/\\\/x.com\\\/lequotidienmr\"]},{\"@type\":\"Person\",\"@id\":\"https:\\\/\\\/lequotidien.mr\\\/#\\\/schema\\\/person\\\/d2d350202a4d599685ed8abc25f97596\",\"name\":\"Med Ahmed\",\"image\":{\"@type\":\"ImageObject\",\"inLanguage\":\"ar\",\"@id\":\"https:\\\/\\\/secure.gravatar.com\\\/avatar\\\/fd2acc62ed50732923d1d39c17172c9b04149f142be92310ecc69e1358f94b52?s=96&d=mm&r=g\",\"url\":\"https:\\\/\\\/secure.gravatar.com\\\/avatar\\\/fd2acc62ed50732923d1d39c17172c9b04149f142be92310ecc69e1358f94b52?s=96&d=mm&r=g\",\"contentUrl\":\"https:\\\/\\\/secure.gravatar.com\\\/avatar\\\/fd2acc62ed50732923d1d39c17172c9b04149f142be92310ecc69e1358f94b52?s=96&d=mm&r=g\",\"caption\":\"Med Ahmed\"},\"url\":\"https:\\\/\\\/lequotidien.mr\\\/?author=12\"}]}<\/script>\n<!-- \/ Yoast SEO plugin. -->","yoast_head_json":{"title":"Economie : Le minist\u00e8re du commerce place le tourisme au c\u0153ur de sa strat\u00e9gie de d\u00e9veloppement national - Le Quotidien de Nouakchott","robots":{"index":"index","follow":"follow","max-snippet":"max-snippet:-1","max-image-preview":"max-image-preview:large","max-video-preview":"max-video-preview:-1"},"canonical":"https:\/\/lequotidien.mr\/?p=31273&lang=fr","og_locale":"ar_AR","og_type":"article","og_title":"Economie : Le minist\u00e8re du commerce place le tourisme au c\u0153ur de sa strat\u00e9gie de d\u00e9veloppement national - Le Quotidien de Nouakchott","og_description":"\u00c0 l\u2019occasion de la comm\u00e9moration de la Journ\u00e9e mondiale du tourisme, la ministre du Commerce et du Tourisme, Mme Zeinebou Ahmednah, a prononc\u00e9 un discours fort r\u00e9affirmant l&#8217;engagement r\u00e9solu du gouvernement mauritanien en faveur du d\u00e9veloppement de ce secteur strat\u00e9gique. C\u00e9l\u00e9br\u00e9e chaque ann\u00e9e le 27 septembre, cette journ\u00e9e a \u00e9t\u00e9 l&#8217;opportunit\u00e9 pour la ministre de.....","og_url":"https:\/\/lequotidien.mr\/?p=31273&lang=fr","og_site_name":"Le Quotidien de Nouakchott","article_publisher":"https:\/\/web.facebook.com\/lequotidienmr","article_published_time":"2025-09-29T12:46:45+00:00","og_image":[{"width":750,"height":430,"url":"https:\/\/lequotidien.mr\/wp-content\/uploads\/2025\/09\/photo-Ministe-commerce.jpg","type":"image\/jpeg"}],"author":"Med Ahmed","twitter_card":"summary_large_image","twitter_creator":"@lequotidienmr","twitter_site":"@lequotidienmr","twitter_misc":{"\u0643\u064f\u062a\u0628 \u0628\u0648\u0627\u0633\u0637\u0629":"Med Ahmed","\u0648\u0642\u062a \u0627\u0644\u0642\u0631\u0627\u0621\u0629 \u0627\u0644\u0645\u064f\u0642\u062f\u0651\u0631":"8 \u062f\u0642\u0627\u0626\u0642"},"schema":{"@context":"https:\/\/schema.org","@graph":[{"@type":"Article","@id":"https:\/\/lequotidien.mr\/?p=31273&lang=fr#article","isPartOf":{"@id":"https:\/\/lequotidien.mr\/?p=31273&lang=fr"},"author":{"name":"Med Ahmed","@id":"https:\/\/lequotidien.mr\/#\/schema\/person\/d2d350202a4d599685ed8abc25f97596"},"headline":"Economie : Le minist\u00e8re du commerce place le tourisme au c\u0153ur de sa strat\u00e9gie de d\u00e9veloppement national","datePublished":"2025-09-29T12:46:45+00:00","mainEntityOfPage":{"@id":"https:\/\/lequotidien.mr\/?p=31273&lang=fr"},"wordCount":1203,"commentCount":0,"publisher":{"@id":"https:\/\/lequotidien.mr\/#organization"},"image":{"@id":"https:\/\/lequotidien.mr\/?p=31273&lang=fr#primaryimage"},"thumbnailUrl":"https:\/\/lequotidien.mr\/wp-content\/uploads\/2025\/09\/photo-Ministe-commerce.jpg","articleSection":["ACTUALIT\u00c9","Economie"],"inLanguage":"ar","potentialAction":[{"@type":"CommentAction","name":"Comment","target":["https:\/\/lequotidien.mr\/?p=31273&lang=fr#respond"]}]},{"@type":"WebPage","@id":"https:\/\/lequotidien.mr\/?p=31273&lang=fr","url":"https:\/\/lequotidien.mr\/?p=31273&lang=fr","name":"Economie : Le minist\u00e8re du commerce place le tourisme au c\u0153ur de sa strat\u00e9gie de d\u00e9veloppement national - Le Quotidien de Nouakchott","isPartOf":{"@id":"https:\/\/lequotidien.mr\/#website"},"primaryImageOfPage":{"@id":"https:\/\/lequotidien.mr\/?p=31273&lang=fr#primaryimage"},"image":{"@id":"https:\/\/lequotidien.mr\/?p=31273&lang=fr#primaryimage"},"thumbnailUrl":"https:\/\/lequotidien.mr\/wp-content\/uploads\/2025\/09\/photo-Ministe-commerce.jpg","datePublished":"2025-09-29T12:46:45+00:00","breadcrumb":{"@id":"https:\/\/lequotidien.mr\/?p=31273&lang=fr#breadcrumb"},"inLanguage":"ar","potentialAction":[{"@type":"ReadAction","target":["https:\/\/lequotidien.mr\/?p=31273&lang=fr"]}]},{"@type":"ImageObject","inLanguage":"ar","@id":"https:\/\/lequotidien.mr\/?p=31273&lang=fr#primaryimage","url":"https:\/\/lequotidien.mr\/wp-content\/uploads\/2025\/09\/photo-Ministe-commerce.jpg","contentUrl":"https:\/\/lequotidien.mr\/wp-content\/uploads\/2025\/09\/photo-Ministe-commerce.jpg","width":750,"height":430},{"@type":"BreadcrumbList","@id":"https:\/\/lequotidien.mr\/?p=31273&lang=fr#breadcrumb","itemListElement":[{"@type":"ListItem","position":1,"name":"Home","item":"https:\/\/lequotidien.mr\/"},{"@type":"ListItem","position":2,"name":"Economie : Le minist\u00e8re du commerce place le tourisme au c\u0153ur de sa strat\u00e9gie de d\u00e9veloppement national"}]},{"@type":"WebSite","@id":"https:\/\/lequotidien.mr\/#website","url":"https:\/\/lequotidien.mr\/","name":"Le Quotidien de Nouakchott","description":"\u0625\u062e\u0628\u0627\u0631\u064a\u0629 \u0645\u0633\u062a\u0642\u0644\u0629 \u0644\u0644\u0623\u0646\u0628\u0627\u0621 \u0627\u0644\u0639\u0627\u0645\u0629","publisher":{"@id":"https:\/\/lequotidien.mr\/#organization"},"potentialAction":[{"@type":"SearchAction","target":{"@type":"EntryPoint","urlTemplate":"https:\/\/lequotidien.mr\/?s={search_term_string}"},"query-input":{"@type":"PropertyValueSpecification","valueRequired":true,"valueName":"search_term_string"}}],"inLanguage":"ar"},{"@type":"Organization","@id":"https:\/\/lequotidien.mr\/#organization","name":"Le Quotidien de Nouakchott","url":"https:\/\/lequotidien.mr\/","logo":{"@type":"ImageObject","inLanguage":"ar","@id":"https:\/\/lequotidien.mr\/#\/schema\/logo\/image\/","url":"https:\/\/lequotidien.mr\/wp-content\/uploads\/2022\/11\/logolequotidien.jpg","contentUrl":"https:\/\/lequotidien.mr\/wp-content\/uploads\/2022\/11\/logolequotidien.jpg","width":290,"height":65,"caption":"Le Quotidien de Nouakchott"},"image":{"@id":"https:\/\/lequotidien.mr\/#\/schema\/logo\/image\/"},"sameAs":["https:\/\/web.facebook.com\/lequotidienmr","https:\/\/x.com\/lequotidienmr"]},{"@type":"Person","@id":"https:\/\/lequotidien.mr\/#\/schema\/person\/d2d350202a4d599685ed8abc25f97596","name":"Med Ahmed","image":{"@type":"ImageObject","inLanguage":"ar","@id":"https:\/\/secure.gravatar.com\/avatar\/fd2acc62ed50732923d1d39c17172c9b04149f142be92310ecc69e1358f94b52?s=96&d=mm&r=g","url":"https:\/\/secure.gravatar.com\/avatar\/fd2acc62ed50732923d1d39c17172c9b04149f142be92310ecc69e1358f94b52?s=96&d=mm&r=g","contentUrl":"https:\/\/secure.gravatar.com\/avatar\/fd2acc62ed50732923d1d39c17172c9b04149f142be92310ecc69e1358f94b52?s=96&d=mm&r=g","caption":"Med Ahmed"},"url":"https:\/\/lequotidien.mr\/?author=12"}]}},"_links":{"self":[{"href":"https:\/\/lequotidien.mr\/index.php?rest_route=\/wp\/v2\/posts\/31273","targetHints":{"allow":["GET"]}}],"collection":[{"href":"https:\/\/lequotidien.mr\/index.php?rest_route=\/wp\/v2\/posts"}],"about":[{"href":"https:\/\/lequotidien.mr\/index.php?rest_route=\/wp\/v2\/types\/post"}],"author":[{"embeddable":true,"href":"https:\/\/lequotidien.mr\/index.php?rest_route=\/wp\/v2\/users\/12"}],"replies":[{"embeddable":true,"href":"https:\/\/lequotidien.mr\/index.php?rest_route=%2Fwp%2Fv2%2Fcomments&post=31273"}],"version-history":[{"count":1,"href":"https:\/\/lequotidien.mr\/index.php?rest_route=\/wp\/v2\/posts\/31273\/revisions"}],"predecessor-version":[{"id":31275,"href":"https:\/\/lequotidien.mr\/index.php?rest_route=\/wp\/v2\/posts\/31273\/revisions\/31275"}],"wp:featuredmedia":[{"embeddable":true,"href":"https:\/\/lequotidien.mr\/index.php?rest_route=\/wp\/v2\/media\/31274"}],"wp:attachment":[{"href":"https:\/\/lequotidien.mr\/index.php?rest_route=%2Fwp%2Fv2%2Fmedia&parent=31273"}],"wp:term":[{"taxonomy":"category","embeddable":true,"href":"https:\/\/lequotidien.mr\/index.php?rest_route=%2Fwp%2Fv2%2Fcategories&post=31273"},{"taxonomy":"post_tag","embeddable":true,"href":"https:\/\/lequotidien.mr\/index.php?rest_route=%2Fwp%2Fv2%2Ftags&post=31273"}],"curies":[{"name":"wp","href":"https:\/\/api.w.org\/{rel}","templated":true}]}}