{"id":31241,"date":"2025-09-27T17:20:25","date_gmt":"2025-09-27T17:20:25","guid":{"rendered":"https:\/\/lequotidien.mr\/?p=31241"},"modified":"2025-09-27T17:20:25","modified_gmt":"2025-09-27T17:20:25","slug":"la-premiere-dame-dr-mariem-mohamed-fadel-dah-invitee-dhonneur-de-latelier-de-validation-du-plan-daction-2025-2030-de-wim-africa","status":"publish","type":"post","link":"https:\/\/lequotidien.mr\/?p=31241&lang=fr","title":{"rendered":"La Premi\u00e8re Dame, Dr. Mariem Mohamed Fadel Dah, invit\u00e9e d&#8217;honneur de l&#8217;atelier de validation du plan d&#8217;action 2025-2030 de WiM-Africa"},"content":{"rendered":"<p>La <strong>Premi\u00e8re Dame<\/strong> de la R\u00e9publique Islamique de Mauritanie, <strong>Dr. Mariem Mohamed Fadel Dah<\/strong>, a particip\u00e9 ce jeudi en tant qu\u2019invit\u00e9e d\u2019honneur \u00e0 l\u2019atelier de validation du plan d\u2019action 2025-2030 de <strong>l\u2019Association des Femmes dans les Mines d\u2019Afrique (WiM-Africa)<\/strong>, organis\u00e9 par cette plateforme continentale.<\/p>\n<p>Intervenant par vid\u00e9oconf\u00e9rence, Dr. Mariem Mohamed Fadel Dah a prononc\u00e9 un discours lors de cette c\u00e9r\u00e9monie, saluant l&#8217;approche ambitieuse et inclusive adopt\u00e9e par WiM-Africa. Elle a soulign\u00e9 l&#8217;importance fondamentale de renforcer le r\u00f4le des femmes africaines dans le secteur minier, en mettant l&#8217;accent sur la valeur ajout\u00e9e, le leadership et l&#8217;autonomisation \u00e9conomique.<\/p>\n<p>La Premi\u00e8re Dame a insist\u00e9 sur le fait que cette dynamique \u00e9pouse parfaitement les grandes orientations du continent et s&#8217;aligne sur les objectifs de d\u00e9veloppement ambitieux port\u00e9s par <strong>l&#8217;Agenda 2063 de l&#8217;Union africaine<\/strong>, qui vise une Afrique prosp\u00e8re et int\u00e9gr\u00e9e, dirig\u00e9e par ses citoyens.<\/p>\n<p>Son engagement en faveur de l&#8217;autonomisation des femmes et du d\u00e9veloppement durable a apport\u00e9 une caution morale significative aux travaux de l&#8217;atelier. La pr\u00e9sence et le discours de la Premi\u00e8re Dame ont ainsi conf\u00e9r\u00e9 une envergure particuli\u00e8re \u00e0 cet \u00e9v\u00e9nement, r\u00e9affirmant la volont\u00e9 de haut niveau d&#8217;accompagner les initiatives qui promeuvent l&#8217;\u00e9quit\u00e9 de genre et une meilleure int\u00e9gration des femmes dans les secteurs cl\u00e9s de l&#8217;\u00e9conomie africaine, comme le secteur minier.<\/p>\n<p>La validation de ce plan daction pour la p\u00e9riode 2025-2030 marque une \u00e9tape cruciale pour WiM-Africa, qui \u0153uvre \u00e0 cr\u00e9er un environnement minier continental plus inclusif et \u00e9quitable, o\u00f9 les femmes peuvent pleinement contribuer au d\u00e9veloppement socio-\u00e9conomique.<\/p>\n<p>Voici le discours prononc\u00e9 par la Premi\u00e8re Dame :<\/p>\n<p><em>\u201cAu nom d\u2019Allah, le Tout Mis\u00e9ricordieux, le Tr\u00e8s Mis\u00e9ricordieux.<\/em><\/p>\n<p><em>Excellences,<\/em><\/p>\n<p><em>Mesdames et Messieurs,<\/em><\/p>\n<p><em>C\u2019est un honneur et un plaisir pour moi de participer \u00e0 cette importante rencontre. Je tiens tout d\u2019abord \u00e0 exprimer ma sinc\u00e8re gratitude \u00e0 toutes les Premi\u00e8res Dames pr\u00e9sentes aujourd\u2019hui, et \u00e0 adresser mes plus vifs remerciements \u00e0 l\u2019Association des Femmes dans les Mines d\u2019Afrique pour son aimable invitation et la bonne organisation de cet important forum.<\/em><\/p>\n<p><em>Cet atelier n\u2019est pas seulement une validation d\u2019un plan d\u2019action, mais un moment historique o\u00f9 les femmes africaines s\u2019unissent au-del\u00e0 des fronti\u00e8res pour fa\u00e7onner l\u2019avenir d\u2019un secteur d\u2019une importance et d\u2019une pr\u00e9cision capitales, \u00e0 savoir le secteur minier.<\/em><\/p>\n<p><em>\u00c0 travers les \u00e2ges, la femme africaine a \u00e9t\u00e9 plus qu\u2019une simple participante au d\u00e9veloppement ; elle a toujours \u00e9t\u00e9 son c\u0153ur battant. L\u2019autonomisation des femmes n\u2019est pas une faveur ou une pr\u00e9f\u00e9rence, mais une reconnaissance de la place qu\u2019elles occupent d\u00e9j\u00e0.<\/em><\/p>\n<p><em>En Mauritanie, cette conviction s\u2019est traduite par des mesures concr\u00e8tes et claires ; les femmes occupent 30% des si\u00e8ges du gouvernement, ce qui refl\u00e8te une volont\u00e9 politique ferme. En outre, nous avons renforc\u00e9 les lois garantissant des si\u00e8ges aux femmes au parlement, et nous avons orient\u00e9 les investissements vers la formation professionnelle et technique pour permettre aux jeunes femmes de se sp\u00e9cialiser dans les domaines de l\u2019exploitation mini\u00e8re, de la g\u00e9ologie, de l\u2019ing\u00e9nierie et de l\u2019\u00e9nergie.<\/em><\/p>\n<p><em>Gr\u00e2ce \u00e0 ces initiatives, la femme mauritanienne est devenue un partenaire de premier plan et un pilier de leadership dans le processus de transformation.<\/em><\/p>\n<p><em>Au niveau du continent, le secteur minier conna\u00eet de profondes transformations, dans un contexte de concurrence mondiale accrue et d\u2019aspiration croissante de nos peuples \u00e0 une croissance inclusive et \u00e9quitable. Dans ce contexte, la participation des femmes n\u2019est plus une option secondaire, mais une n\u00e9cessit\u00e9 de d\u00e9veloppement urgente.<\/em><\/p>\n<p><em>Parmi les priorit\u00e9s du plan d\u2019action, je suis particuli\u00e8rement fi\u00e8re du cinqui\u00e8me axe : \u00ab Investir dans la pr\u00e9paration des femmes leaders dans le secteur minier \u00bb, une orientation qui s\u2019aligne parfaitement avec l\u2019agenda national dirig\u00e9 par Son Excellence le Pr\u00e9sident de la R\u00e9publique Islamique de Mauritanie.<\/em><\/p>\n<p><em>Chers participants,<\/em><\/p>\n<p><em>La renaissance de l\u2019Afrique ne sera pas l\u2019\u0153uvre des hommes seuls, ni des femmes seules, mais elle na\u00eetra de leur d\u00e9termination commune et de la synergie de leurs efforts.<\/em><\/p>\n<p><em>De cette tribune, je r\u00e9affirme le soutien constant de la Mauritanie, de son Pr\u00e9sident, de son gouvernement et de son peuple, \u00e0 toutes les initiatives visant \u00e0 renforcer le r\u00f4le des femmes africaines dans le secteur minier et dans tous les domaines du d\u00e9veloppement.<\/em><\/p>\n<p><em>En validant ce plan aujourd\u2019hui, rappelons-nous que nous ne mettons pas en place un simple document technique, mais que nous posons les bases d\u2019un nouvel h\u00e9ritage dans lequel la place de la femme africaine est consolid\u00e9e en tant que pilier essentiel du processus de d\u00e9veloppement.<\/em><\/p>\n<p><em>Je prie Allah pour que cette rencontre soit une nouvelle pierre \u00e0 l\u2019\u00e9difice d\u2019un avenir plus radieux,<\/em><\/p>\n<p><em>Et que la paix, la mis\u00e9ricorde et les b\u00e9n\u00e9dictions d\u2019Allah soient sur vous.\u201d<\/em><\/p>\n<p>Cet atelier de validation a rev\u00eatu un caract\u00e8re exceptionnel, ayant r\u00e9uni des Premi\u00e8res Dames de plusieurs pays africains fr\u00e8res et amis, ainsi que des repr\u00e9sentantes de plus de 50 sections nationales et des partenaires institutionnels et priv\u00e9s. Cette large participation t\u00e9moigne de l&#8217;engagement collectif \u00e0 l&#8217;\u00e9chelle du continent pour l&#8217;autonomisation des femmes dans le secteur minier.<\/p>\n<p>Le plan d&#8217;action 2025-2030 valid\u00e9 lors de cet atelier se distingue par son envergure et sa pr\u00e9cision. Dot\u00e9 d&#8217;une enveloppe financi\u00e8re de 150 millions de dollars am\u00e9ricains, il pr\u00e9voit plusieurs axes majeurs :<\/p>\n<p><strong>-Le d\u00e9veloppement de zones mini\u00e8res d\u00e9di\u00e9es aux femmes\u00a0;<\/strong><\/p>\n<p><strong>-La cr\u00e9ation de coop\u00e9ratives f\u00e9minines int\u00e9gr\u00e9es dans les cha\u00eenes de valeur de la Zone de Libre-\u00c9change Continentale Africaine (ZLECAF)\u00a0;<\/strong><\/p>\n<p><strong>-La mise en \u0153uvre de programmes sp\u00e9cifiques de pr\u00e9vention de la violence bas\u00e9e sur le genre\u00a0;<\/strong><\/p>\n<p><strong>-La formation de 100 000 femmes et jeunes au cours des cinq prochaines ann\u00e9es.<\/strong><\/p>\n<p>La pr\u00e9sence et le soutien de la Premi\u00e8re Dame Dr. Mariem Mohamed Fadel Dah conf\u00e8rent un poids significatif \u00e0 cette initiative. Son plaidoyer renforce la l\u00e9gitimit\u00e9 de WiM-Africa et souligne l&#8217;importance strat\u00e9gique d&#8217;investir dans le potentiel des femmes pour transformer le paysage minier africain, en faisant un levier de d\u00e9veloppement \u00e9conomique inclusif et durable.<\/p>\n","protected":false},"excerpt":{"rendered":"<p>La Premi\u00e8re Dame de la R\u00e9publique Islamique de Mauritanie, Dr. Mariem Mohamed Fadel Dah, a particip\u00e9 ce jeudi en tant qu\u2019invit\u00e9e d\u2019honneur \u00e0 l\u2019atelier de validation du plan d\u2019action 2025-2030 de l\u2019Association des Femmes dans les Mines d\u2019Afrique (WiM-Africa), organis\u00e9 par cette plateforme continentale. Intervenant par vid\u00e9oconf\u00e9rence, Dr. Mariem Mohamed Fadel Dah a prononc\u00e9 un&#8230;..<\/p>\n","protected":false},"author":12,"featured_media":31242,"comment_status":"open","ping_status":"open","sticky":false,"template":"","format":"standard","meta":{"footnotes":""},"categories":[23,49],"tags":[],"class_list":["post-31241","post","type-post","status-publish","format-standard","has-post-thumbnail","hentry","category-actualite","category-economie"],"yoast_head":"<!-- This site is optimized with the Yoast SEO plugin v27.5 - https:\/\/yoast.com\/product\/yoast-seo-wordpress\/ -->\n<title>La Premi\u00e8re Dame, Dr. Mariem Mohamed Fadel Dah, invit\u00e9e d&#039;honneur de l&#039;atelier de validation du plan d&#039;action 2025-2030 de WiM-Africa - Le Quotidien de Nouakchott<\/title>\n<meta name=\"robots\" content=\"index, follow, max-snippet:-1, max-image-preview:large, max-video-preview:-1\" \/>\n<link rel=\"canonical\" href=\"https:\/\/lequotidien.mr\/?p=31241&lang=fr\" \/>\n<meta property=\"og:locale\" content=\"ar_AR\" \/>\n<meta property=\"og:type\" content=\"article\" \/>\n<meta property=\"og:title\" content=\"La Premi\u00e8re Dame, Dr. Mariem Mohamed Fadel Dah, invit\u00e9e d&#039;honneur de l&#039;atelier de validation du plan d&#039;action 2025-2030 de WiM-Africa - Le Quotidien de Nouakchott\" \/>\n<meta property=\"og:description\" content=\"La Premi\u00e8re Dame de la R\u00e9publique Islamique de Mauritanie, Dr. Mariem Mohamed Fadel Dah, a particip\u00e9 ce jeudi en tant qu\u2019invit\u00e9e d\u2019honneur \u00e0 l\u2019atelier de validation du plan d\u2019action 2025-2030 de l\u2019Association des Femmes dans les Mines d\u2019Afrique (WiM-Africa), organis\u00e9 par cette plateforme continentale. Intervenant par vid\u00e9oconf\u00e9rence, Dr. Mariem Mohamed Fadel Dah a prononc\u00e9 un.....\" \/>\n<meta property=\"og:url\" content=\"https:\/\/lequotidien.mr\/?p=31241&amp;lang=fr\" \/>\n<meta property=\"og:site_name\" content=\"Le Quotidien de Nouakchott\" \/>\n<meta property=\"article:publisher\" content=\"https:\/\/web.facebook.com\/lequotidienmr\" \/>\n<meta property=\"article:published_time\" content=\"2025-09-27T17:20:25+00:00\" \/>\n<meta property=\"og:image\" content=\"https:\/\/lequotidien.mr\/wp-content\/uploads\/2025\/09\/photo-1ere-Dame.jpg\" \/>\n\t<meta property=\"og:image:width\" content=\"679\" \/>\n\t<meta property=\"og:image:height\" content=\"430\" \/>\n\t<meta property=\"og:image:type\" content=\"image\/jpeg\" \/>\n<meta name=\"author\" content=\"Med Ahmed\" \/>\n<meta name=\"twitter:card\" content=\"summary_large_image\" \/>\n<meta name=\"twitter:creator\" content=\"@lequotidienmr\" \/>\n<meta name=\"twitter:site\" content=\"@lequotidienmr\" \/>\n<meta name=\"twitter:label1\" content=\"\u0643\u064f\u062a\u0628 \u0628\u0648\u0627\u0633\u0637\u0629\" \/>\n\t<meta name=\"twitter:data1\" content=\"Med Ahmed\" \/>\n\t<meta name=\"twitter:label2\" content=\"\u0648\u0642\u062a \u0627\u0644\u0642\u0631\u0627\u0621\u0629 \u0627\u0644\u0645\u064f\u0642\u062f\u0651\u0631\" \/>\n\t<meta name=\"twitter:data2\" content=\"8 \u062f\u0642\u0627\u0626\u0642\" \/>\n<script type=\"application\/ld+json\" class=\"yoast-schema-graph\">{\"@context\":\"https:\\\/\\\/schema.org\",\"@graph\":[{\"@type\":\"Article\",\"@id\":\"https:\\\/\\\/lequotidien.mr\\\/?p=31241&lang=fr#article\",\"isPartOf\":{\"@id\":\"https:\\\/\\\/lequotidien.mr\\\/?p=31241&lang=fr\"},\"author\":{\"name\":\"Med Ahmed\",\"@id\":\"https:\\\/\\\/lequotidien.mr\\\/#\\\/schema\\\/person\\\/d2d350202a4d599685ed8abc25f97596\"},\"headline\":\"La Premi\u00e8re Dame, Dr. Mariem Mohamed Fadel Dah, invit\u00e9e d&#8217;honneur de l&#8217;atelier de validation du plan d&#8217;action 2025-2030 de WiM-Africa\",\"datePublished\":\"2025-09-27T17:20:25+00:00\",\"mainEntityOfPage\":{\"@id\":\"https:\\\/\\\/lequotidien.mr\\\/?p=31241&lang=fr\"},\"wordCount\":1115,\"commentCount\":0,\"publisher\":{\"@id\":\"https:\\\/\\\/lequotidien.mr\\\/#organization\"},\"image\":{\"@id\":\"https:\\\/\\\/lequotidien.mr\\\/?p=31241&lang=fr#primaryimage\"},\"thumbnailUrl\":\"https:\\\/\\\/lequotidien.mr\\\/wp-content\\\/uploads\\\/2025\\\/09\\\/photo-1ere-Dame.jpg\",\"articleSection\":[\"ACTUALIT\u00c9\",\"Economie\"],\"inLanguage\":\"ar\",\"potentialAction\":[{\"@type\":\"CommentAction\",\"name\":\"Comment\",\"target\":[\"https:\\\/\\\/lequotidien.mr\\\/?p=31241&lang=fr#respond\"]}]},{\"@type\":\"WebPage\",\"@id\":\"https:\\\/\\\/lequotidien.mr\\\/?p=31241&lang=fr\",\"url\":\"https:\\\/\\\/lequotidien.mr\\\/?p=31241&lang=fr\",\"name\":\"La Premi\u00e8re Dame, Dr. Mariem Mohamed Fadel Dah, invit\u00e9e d'honneur de l'atelier de validation du plan d'action 2025-2030 de WiM-Africa - Le Quotidien de Nouakchott\",\"isPartOf\":{\"@id\":\"https:\\\/\\\/lequotidien.mr\\\/#website\"},\"primaryImageOfPage\":{\"@id\":\"https:\\\/\\\/lequotidien.mr\\\/?p=31241&lang=fr#primaryimage\"},\"image\":{\"@id\":\"https:\\\/\\\/lequotidien.mr\\\/?p=31241&lang=fr#primaryimage\"},\"thumbnailUrl\":\"https:\\\/\\\/lequotidien.mr\\\/wp-content\\\/uploads\\\/2025\\\/09\\\/photo-1ere-Dame.jpg\",\"datePublished\":\"2025-09-27T17:20:25+00:00\",\"breadcrumb\":{\"@id\":\"https:\\\/\\\/lequotidien.mr\\\/?p=31241&lang=fr#breadcrumb\"},\"inLanguage\":\"ar\",\"potentialAction\":[{\"@type\":\"ReadAction\",\"target\":[\"https:\\\/\\\/lequotidien.mr\\\/?p=31241&lang=fr\"]}]},{\"@type\":\"ImageObject\",\"inLanguage\":\"ar\",\"@id\":\"https:\\\/\\\/lequotidien.mr\\\/?p=31241&lang=fr#primaryimage\",\"url\":\"https:\\\/\\\/lequotidien.mr\\\/wp-content\\\/uploads\\\/2025\\\/09\\\/photo-1ere-Dame.jpg\",\"contentUrl\":\"https:\\\/\\\/lequotidien.mr\\\/wp-content\\\/uploads\\\/2025\\\/09\\\/photo-1ere-Dame.jpg\",\"width\":679,\"height\":430},{\"@type\":\"BreadcrumbList\",\"@id\":\"https:\\\/\\\/lequotidien.mr\\\/?p=31241&lang=fr#breadcrumb\",\"itemListElement\":[{\"@type\":\"ListItem\",\"position\":1,\"name\":\"Home\",\"item\":\"https:\\\/\\\/lequotidien.mr\\\/\"},{\"@type\":\"ListItem\",\"position\":2,\"name\":\"La Premi\u00e8re Dame, Dr. Mariem Mohamed Fadel Dah, invit\u00e9e d&rsquo;honneur de l&rsquo;atelier de validation du plan d&rsquo;action 2025-2030 de WiM-Africa\"}]},{\"@type\":\"WebSite\",\"@id\":\"https:\\\/\\\/lequotidien.mr\\\/#website\",\"url\":\"https:\\\/\\\/lequotidien.mr\\\/\",\"name\":\"Le Quotidien de Nouakchott\",\"description\":\"\u0625\u062e\u0628\u0627\u0631\u064a\u0629 \u0645\u0633\u062a\u0642\u0644\u0629 \u0644\u0644\u0623\u0646\u0628\u0627\u0621 \u0627\u0644\u0639\u0627\u0645\u0629\",\"publisher\":{\"@id\":\"https:\\\/\\\/lequotidien.mr\\\/#organization\"},\"potentialAction\":[{\"@type\":\"SearchAction\",\"target\":{\"@type\":\"EntryPoint\",\"urlTemplate\":\"https:\\\/\\\/lequotidien.mr\\\/?s={search_term_string}\"},\"query-input\":{\"@type\":\"PropertyValueSpecification\",\"valueRequired\":true,\"valueName\":\"search_term_string\"}}],\"inLanguage\":\"ar\"},{\"@type\":\"Organization\",\"@id\":\"https:\\\/\\\/lequotidien.mr\\\/#organization\",\"name\":\"Le Quotidien de Nouakchott\",\"url\":\"https:\\\/\\\/lequotidien.mr\\\/\",\"logo\":{\"@type\":\"ImageObject\",\"inLanguage\":\"ar\",\"@id\":\"https:\\\/\\\/lequotidien.mr\\\/#\\\/schema\\\/logo\\\/image\\\/\",\"url\":\"https:\\\/\\\/lequotidien.mr\\\/wp-content\\\/uploads\\\/2022\\\/11\\\/logolequotidien.jpg\",\"contentUrl\":\"https:\\\/\\\/lequotidien.mr\\\/wp-content\\\/uploads\\\/2022\\\/11\\\/logolequotidien.jpg\",\"width\":290,\"height\":65,\"caption\":\"Le Quotidien de Nouakchott\"},\"image\":{\"@id\":\"https:\\\/\\\/lequotidien.mr\\\/#\\\/schema\\\/logo\\\/image\\\/\"},\"sameAs\":[\"https:\\\/\\\/web.facebook.com\\\/lequotidienmr\",\"https:\\\/\\\/x.com\\\/lequotidienmr\"]},{\"@type\":\"Person\",\"@id\":\"https:\\\/\\\/lequotidien.mr\\\/#\\\/schema\\\/person\\\/d2d350202a4d599685ed8abc25f97596\",\"name\":\"Med Ahmed\",\"image\":{\"@type\":\"ImageObject\",\"inLanguage\":\"ar\",\"@id\":\"https:\\\/\\\/secure.gravatar.com\\\/avatar\\\/fd2acc62ed50732923d1d39c17172c9b04149f142be92310ecc69e1358f94b52?s=96&d=mm&r=g\",\"url\":\"https:\\\/\\\/secure.gravatar.com\\\/avatar\\\/fd2acc62ed50732923d1d39c17172c9b04149f142be92310ecc69e1358f94b52?s=96&d=mm&r=g\",\"contentUrl\":\"https:\\\/\\\/secure.gravatar.com\\\/avatar\\\/fd2acc62ed50732923d1d39c17172c9b04149f142be92310ecc69e1358f94b52?s=96&d=mm&r=g\",\"caption\":\"Med Ahmed\"},\"url\":\"https:\\\/\\\/lequotidien.mr\\\/?author=12\"}]}<\/script>\n<!-- \/ Yoast SEO plugin. -->","yoast_head_json":{"title":"La Premi\u00e8re Dame, Dr. Mariem Mohamed Fadel Dah, invit\u00e9e d'honneur de l'atelier de validation du plan d'action 2025-2030 de WiM-Africa - Le Quotidien de Nouakchott","robots":{"index":"index","follow":"follow","max-snippet":"max-snippet:-1","max-image-preview":"max-image-preview:large","max-video-preview":"max-video-preview:-1"},"canonical":"https:\/\/lequotidien.mr\/?p=31241&lang=fr","og_locale":"ar_AR","og_type":"article","og_title":"La Premi\u00e8re Dame, Dr. Mariem Mohamed Fadel Dah, invit\u00e9e d'honneur de l'atelier de validation du plan d'action 2025-2030 de WiM-Africa - Le Quotidien de Nouakchott","og_description":"La Premi\u00e8re Dame de la R\u00e9publique Islamique de Mauritanie, Dr. Mariem Mohamed Fadel Dah, a particip\u00e9 ce jeudi en tant qu\u2019invit\u00e9e d\u2019honneur \u00e0 l\u2019atelier de validation du plan d\u2019action 2025-2030 de l\u2019Association des Femmes dans les Mines d\u2019Afrique (WiM-Africa), organis\u00e9 par cette plateforme continentale. Intervenant par vid\u00e9oconf\u00e9rence, Dr. Mariem Mohamed Fadel Dah a prononc\u00e9 un.....","og_url":"https:\/\/lequotidien.mr\/?p=31241&lang=fr","og_site_name":"Le Quotidien de Nouakchott","article_publisher":"https:\/\/web.facebook.com\/lequotidienmr","article_published_time":"2025-09-27T17:20:25+00:00","og_image":[{"width":679,"height":430,"url":"https:\/\/lequotidien.mr\/wp-content\/uploads\/2025\/09\/photo-1ere-Dame.jpg","type":"image\/jpeg"}],"author":"Med Ahmed","twitter_card":"summary_large_image","twitter_creator":"@lequotidienmr","twitter_site":"@lequotidienmr","twitter_misc":{"\u0643\u064f\u062a\u0628 \u0628\u0648\u0627\u0633\u0637\u0629":"Med Ahmed","\u0648\u0642\u062a \u0627\u0644\u0642\u0631\u0627\u0621\u0629 \u0627\u0644\u0645\u064f\u0642\u062f\u0651\u0631":"8 \u062f\u0642\u0627\u0626\u0642"},"schema":{"@context":"https:\/\/schema.org","@graph":[{"@type":"Article","@id":"https:\/\/lequotidien.mr\/?p=31241&lang=fr#article","isPartOf":{"@id":"https:\/\/lequotidien.mr\/?p=31241&lang=fr"},"author":{"name":"Med Ahmed","@id":"https:\/\/lequotidien.mr\/#\/schema\/person\/d2d350202a4d599685ed8abc25f97596"},"headline":"La Premi\u00e8re Dame, Dr. Mariem Mohamed Fadel Dah, invit\u00e9e d&#8217;honneur de l&#8217;atelier de validation du plan d&#8217;action 2025-2030 de WiM-Africa","datePublished":"2025-09-27T17:20:25+00:00","mainEntityOfPage":{"@id":"https:\/\/lequotidien.mr\/?p=31241&lang=fr"},"wordCount":1115,"commentCount":0,"publisher":{"@id":"https:\/\/lequotidien.mr\/#organization"},"image":{"@id":"https:\/\/lequotidien.mr\/?p=31241&lang=fr#primaryimage"},"thumbnailUrl":"https:\/\/lequotidien.mr\/wp-content\/uploads\/2025\/09\/photo-1ere-Dame.jpg","articleSection":["ACTUALIT\u00c9","Economie"],"inLanguage":"ar","potentialAction":[{"@type":"CommentAction","name":"Comment","target":["https:\/\/lequotidien.mr\/?p=31241&lang=fr#respond"]}]},{"@type":"WebPage","@id":"https:\/\/lequotidien.mr\/?p=31241&lang=fr","url":"https:\/\/lequotidien.mr\/?p=31241&lang=fr","name":"La Premi\u00e8re Dame, Dr. Mariem Mohamed Fadel Dah, invit\u00e9e d'honneur de l'atelier de validation du plan d'action 2025-2030 de WiM-Africa - Le Quotidien de Nouakchott","isPartOf":{"@id":"https:\/\/lequotidien.mr\/#website"},"primaryImageOfPage":{"@id":"https:\/\/lequotidien.mr\/?p=31241&lang=fr#primaryimage"},"image":{"@id":"https:\/\/lequotidien.mr\/?p=31241&lang=fr#primaryimage"},"thumbnailUrl":"https:\/\/lequotidien.mr\/wp-content\/uploads\/2025\/09\/photo-1ere-Dame.jpg","datePublished":"2025-09-27T17:20:25+00:00","breadcrumb":{"@id":"https:\/\/lequotidien.mr\/?p=31241&lang=fr#breadcrumb"},"inLanguage":"ar","potentialAction":[{"@type":"ReadAction","target":["https:\/\/lequotidien.mr\/?p=31241&lang=fr"]}]},{"@type":"ImageObject","inLanguage":"ar","@id":"https:\/\/lequotidien.mr\/?p=31241&lang=fr#primaryimage","url":"https:\/\/lequotidien.mr\/wp-content\/uploads\/2025\/09\/photo-1ere-Dame.jpg","contentUrl":"https:\/\/lequotidien.mr\/wp-content\/uploads\/2025\/09\/photo-1ere-Dame.jpg","width":679,"height":430},{"@type":"BreadcrumbList","@id":"https:\/\/lequotidien.mr\/?p=31241&lang=fr#breadcrumb","itemListElement":[{"@type":"ListItem","position":1,"name":"Home","item":"https:\/\/lequotidien.mr\/"},{"@type":"ListItem","position":2,"name":"La Premi\u00e8re Dame, Dr. Mariem Mohamed Fadel Dah, invit\u00e9e d&rsquo;honneur de l&rsquo;atelier de validation du plan d&rsquo;action 2025-2030 de WiM-Africa"}]},{"@type":"WebSite","@id":"https:\/\/lequotidien.mr\/#website","url":"https:\/\/lequotidien.mr\/","name":"Le Quotidien de Nouakchott","description":"\u0625\u062e\u0628\u0627\u0631\u064a\u0629 \u0645\u0633\u062a\u0642\u0644\u0629 \u0644\u0644\u0623\u0646\u0628\u0627\u0621 \u0627\u0644\u0639\u0627\u0645\u0629","publisher":{"@id":"https:\/\/lequotidien.mr\/#organization"},"potentialAction":[{"@type":"SearchAction","target":{"@type":"EntryPoint","urlTemplate":"https:\/\/lequotidien.mr\/?s={search_term_string}"},"query-input":{"@type":"PropertyValueSpecification","valueRequired":true,"valueName":"search_term_string"}}],"inLanguage":"ar"},{"@type":"Organization","@id":"https:\/\/lequotidien.mr\/#organization","name":"Le Quotidien de Nouakchott","url":"https:\/\/lequotidien.mr\/","logo":{"@type":"ImageObject","inLanguage":"ar","@id":"https:\/\/lequotidien.mr\/#\/schema\/logo\/image\/","url":"https:\/\/lequotidien.mr\/wp-content\/uploads\/2022\/11\/logolequotidien.jpg","contentUrl":"https:\/\/lequotidien.mr\/wp-content\/uploads\/2022\/11\/logolequotidien.jpg","width":290,"height":65,"caption":"Le Quotidien de Nouakchott"},"image":{"@id":"https:\/\/lequotidien.mr\/#\/schema\/logo\/image\/"},"sameAs":["https:\/\/web.facebook.com\/lequotidienmr","https:\/\/x.com\/lequotidienmr"]},{"@type":"Person","@id":"https:\/\/lequotidien.mr\/#\/schema\/person\/d2d350202a4d599685ed8abc25f97596","name":"Med Ahmed","image":{"@type":"ImageObject","inLanguage":"ar","@id":"https:\/\/secure.gravatar.com\/avatar\/fd2acc62ed50732923d1d39c17172c9b04149f142be92310ecc69e1358f94b52?s=96&d=mm&r=g","url":"https:\/\/secure.gravatar.com\/avatar\/fd2acc62ed50732923d1d39c17172c9b04149f142be92310ecc69e1358f94b52?s=96&d=mm&r=g","contentUrl":"https:\/\/secure.gravatar.com\/avatar\/fd2acc62ed50732923d1d39c17172c9b04149f142be92310ecc69e1358f94b52?s=96&d=mm&r=g","caption":"Med Ahmed"},"url":"https:\/\/lequotidien.mr\/?author=12"}]}},"_links":{"self":[{"href":"https:\/\/lequotidien.mr\/index.php?rest_route=\/wp\/v2\/posts\/31241","targetHints":{"allow":["GET"]}}],"collection":[{"href":"https:\/\/lequotidien.mr\/index.php?rest_route=\/wp\/v2\/posts"}],"about":[{"href":"https:\/\/lequotidien.mr\/index.php?rest_route=\/wp\/v2\/types\/post"}],"author":[{"embeddable":true,"href":"https:\/\/lequotidien.mr\/index.php?rest_route=\/wp\/v2\/users\/12"}],"replies":[{"embeddable":true,"href":"https:\/\/lequotidien.mr\/index.php?rest_route=%2Fwp%2Fv2%2Fcomments&post=31241"}],"version-history":[{"count":1,"href":"https:\/\/lequotidien.mr\/index.php?rest_route=\/wp\/v2\/posts\/31241\/revisions"}],"predecessor-version":[{"id":31243,"href":"https:\/\/lequotidien.mr\/index.php?rest_route=\/wp\/v2\/posts\/31241\/revisions\/31243"}],"wp:featuredmedia":[{"embeddable":true,"href":"https:\/\/lequotidien.mr\/index.php?rest_route=\/wp\/v2\/media\/31242"}],"wp:attachment":[{"href":"https:\/\/lequotidien.mr\/index.php?rest_route=%2Fwp%2Fv2%2Fmedia&parent=31241"}],"wp:term":[{"taxonomy":"category","embeddable":true,"href":"https:\/\/lequotidien.mr\/index.php?rest_route=%2Fwp%2Fv2%2Fcategories&post=31241"},{"taxonomy":"post_tag","embeddable":true,"href":"https:\/\/lequotidien.mr\/index.php?rest_route=%2Fwp%2Fv2%2Ftags&post=31241"}],"curies":[{"name":"wp","href":"https:\/\/api.w.org\/{rel}","templated":true}]}}