{"id":31235,"date":"2025-09-27T16:14:25","date_gmt":"2025-09-27T16:14:25","guid":{"rendered":"https:\/\/lequotidien.mr\/?p=31235"},"modified":"2025-09-27T16:14:25","modified_gmt":"2025-09-27T16:14:25","slug":"nouakchott-celebre-la-deuxieme-edition-de-la-journee-internationale-de-la-langue-sooninke-sous-le-patronage-du-ministre-de-la-culture","status":"publish","type":"post","link":"https:\/\/lequotidien.mr\/?p=31235&lang=fr","title":{"rendered":"Nouakchott c\u00e9l\u00e8bre la deuxi\u00e8me \u00e9dition de la Journ\u00e9e Internationale de la langue Soonink\u00e9 sous le patronage du Ministre de la Culture"},"content":{"rendered":"<p>Le <strong>ministre de la Culture, des Arts, de la Communication et des Relations avec le Parlement, porte-parole du gouvernement, M. El Houssein Meddou<\/strong>, a supervis\u00e9, jeudi dernier dans les locaux de la R\u00e9gion de Nouakchott, les c\u00e9r\u00e9monies marquant la c\u00e9l\u00e9bration de la deuxi\u00e8me \u00e9dition de la <strong>Journ\u00e9e internationale de la langue soonink\u00e9 (JILSo)<\/strong>. Cette journ\u00e9e, proclam\u00e9e par <strong>l&#8217;UNESCO en vertu de la d\u00e9claration N\u00b042C61<\/strong>, a \u00e9t\u00e9 organis\u00e9e par <strong>l\u2019Association mauritanienne pour la promotion de la langue et de la culture soonink\u00e9 (AMPLCS)<\/strong>, en partenariat avec le minist\u00e8re de la Culture et l&#8217;UNESCO, sous le th\u00e8me <strong><em>\u00ab l\u2019impact des technologies num\u00e9riques sur la pr\u00e9servation et la promotion de la langue soonink\u00e9 \u00bb<\/em><\/strong>.<\/p>\n<p><strong>Une reconnaissance internationale valorisante<\/strong><\/p>\n<p>Dans son discours d&#8217;ouverture, le ministre Meddou a exprim\u00e9 sa grande satisfaction de prendre part \u00e0 cette comm\u00e9moration. Il a affirm\u00e9 que cette journ\u00e9e internationale constitue une opportunit\u00e9 pr\u00e9cieuse pour mettre en valeur la richesse, la diversit\u00e9 et le rayonnement du soonink\u00e9. <strong><em>\u00ab Cette reconnaissance internationale repr\u00e9sente une valorisation du patrimoine national et de l\u2019identit\u00e9 culturelle, authentique et enracin\u00e9e, qui s\u2019\u00e9tend \u00e0 plusieurs pays, illustrant ainsi sa vitalit\u00e9 \u00bb<\/em><\/strong>, a-t-il d\u00e9clar\u00e9.<\/p>\n<p>Le ministre a r\u00e9it\u00e9r\u00e9 l&#8217;engagement de son d\u00e9partement \u00e0 \u0153uvrer, conform\u00e9ment aux orientations du <strong>Pr\u00e9sident de la R\u00e9publique, M. Mohamed Cheikh El Ghazouani<\/strong>, pour la promotion et la consolidation des langues nationales. Il a rappel\u00e9 les acquis enregistr\u00e9s ces derni\u00e8res ann\u00e9es dans ce domaine, soulignant que le d\u00e9veloppement des langues nationales est un facteur essentiel pour renforcer l&#8217;unit\u00e9 nationale et la coh\u00e9sion sociale.<\/p>\n<p><strong>Le Soonink\u00e9, un vecteur essentiel du patrimoine ouest-africain<\/strong><\/p>\n<p>Pour sa part, le <strong>pr\u00e9sident de l\u2019AMPLCS, M. Aly Boubou Gand\u00e9ga<\/strong>, a rappel\u00e9 le statut du soonink\u00e9 comme l&#8217;un des vecteurs essentiels du patrimoine historique et culturel des peuples d&#8217;Afrique de l&#8217;Ouest. Malgr\u00e9 la dispersion des communaut\u00e9s sooninko \u00e0 travers le monde, la langue a, selon lui, conserv\u00e9 toute sa vitalit\u00e9, gr\u00e2ce aux efforts des associations et \u00e0 l&#8217;engagement constant de la diaspora.<\/p>\n<p>M. Gand\u00e9ga a pr\u00e9cis\u00e9 l&#8217;\u00e9tendue g\u00e9ographique de cette langue, rappelant qu&#8217;elle est langue nationale en Mauritanie, langue officielle au Mali, et largement parl\u00e9e dans plusieurs pays de la sous-r\u00e9gion ainsi qu&#8217;au sein de diasporas \u00e9tablies en Afrique centrale et orientale. Cependant, il a soulign\u00e9 que le combat pour l\u2019\u00e9criture et l\u2019enseignement du soonink\u00e9 reste un d\u00e9fi majeur, appelant \u00e0 intensifier les initiatives pour renforcer sa transmission interg\u00e9n\u00e9rationnelle et son enracinement.<\/p>\n<p><strong>Une initiative gouvernementale salu\u00e9e comme un &#8220;pas d\u00e9cisif&#8221;<\/strong><\/p>\n<p>Le pr\u00e9sident de l&#8217;AMPLCS a particuli\u00e8rement salu\u00e9 une d\u00e9cision phare du gouvernement mauritanien : l&#8217;introduction du soonink\u00e9, aux c\u00f4t\u00e9s du pulaar et du wolof, dans une phase exp\u00e9rimentale de l&#8217;enseignement d\u00e8s l&#8217;ann\u00e9e scolaire 2024-2025. Il a qualifi\u00e9 cette initiative de<strong><em> \u00ab pas d\u00e9cisif vers la reconnaissance et la valorisation des langues nationales \u00bb<\/em><\/strong>, une mesure concr\u00e8te qui r\u00e9pond aux attentes des promoteurs des langues et cultures nationales.<\/p>\n<p><strong>Un programme culturel et p\u00e9dagogique riche<\/strong><\/p>\n<p>En marge de la c\u00e9r\u00e9monie officielle, un programme d&#8217;activit\u00e9s vari\u00e9es a \u00e9t\u00e9 d\u00e9ploy\u00e9 sur quatre jours. Au menu figuraient des stands d&#8217;exposition, des conf\u00e9rences abordant \u00e0 la fois la langue soonink\u00e9 et le r\u00f4le crucial des femmes dans sa sauvegarde, des soir\u00e9es artistiques et des concours ax\u00e9s sur la culture et la po\u00e9sie soonink\u00e9s. Ces manifestations ont offert un cadre \u00e0 la fois festif et r\u00e9flexif pour explorer le th\u00e8me de l&#8217;ann\u00e9e, notamment le potentiel des outils num\u00e9riques pour assurer l&#8217;avenir de cette langue mill\u00e9naire.<\/p>\n<p>Cette c\u00e9l\u00e9bration a ainsi confirm\u00e9 l&#8217;engagement des autorit\u00e9s mauritaniennes et de la soci\u00e9t\u00e9 civile \u00e0 pr\u00e9server et promouvoir le patrimoine linguistique national, consid\u00e9r\u00e9 comme un pilier fondamental de l&#8217;identit\u00e9 culturelle et de la coh\u00e9sion sociale.<\/p>\n<p>&nbsp;<\/p>\n","protected":false},"excerpt":{"rendered":"<p>Le ministre de la Culture, des Arts, de la Communication et des Relations avec le Parlement, porte-parole du gouvernement, M. El Houssein Meddou, a supervis\u00e9, jeudi dernier dans les locaux de la R\u00e9gion de Nouakchott, les c\u00e9r\u00e9monies marquant la c\u00e9l\u00e9bration de la deuxi\u00e8me \u00e9dition de la Journ\u00e9e internationale de la langue soonink\u00e9 (JILSo). Cette journ\u00e9e,&#8230;..<\/p>\n","protected":false},"author":12,"featured_media":31236,"comment_status":"open","ping_status":"open","sticky":false,"template":"","format":"standard","meta":{"footnotes":""},"categories":[23,55],"tags":[],"class_list":["post-31235","post","type-post","status-publish","format-standard","has-post-thumbnail","hentry","category-actualite","category-culture"],"yoast_head":"<!-- This site is optimized with the Yoast SEO plugin v27.5 - https:\/\/yoast.com\/product\/yoast-seo-wordpress\/ -->\n<title>Nouakchott c\u00e9l\u00e8bre la deuxi\u00e8me \u00e9dition de la Journ\u00e9e Internationale de la langue Soonink\u00e9 sous le patronage du Ministre de la Culture - Le Quotidien de Nouakchott<\/title>\n<meta name=\"robots\" content=\"index, follow, max-snippet:-1, max-image-preview:large, max-video-preview:-1\" \/>\n<link rel=\"canonical\" href=\"https:\/\/lequotidien.mr\/?p=31235&lang=fr\" \/>\n<meta property=\"og:locale\" content=\"ar_AR\" \/>\n<meta property=\"og:type\" content=\"article\" \/>\n<meta property=\"og:title\" content=\"Nouakchott c\u00e9l\u00e8bre la deuxi\u00e8me \u00e9dition de la Journ\u00e9e Internationale de la langue Soonink\u00e9 sous le patronage du Ministre de la Culture - Le Quotidien de Nouakchott\" \/>\n<meta property=\"og:description\" content=\"Le ministre de la Culture, des Arts, de la Communication et des Relations avec le Parlement, porte-parole du gouvernement, M. El Houssein Meddou, a supervis\u00e9, jeudi dernier dans les locaux de la R\u00e9gion de Nouakchott, les c\u00e9r\u00e9monies marquant la c\u00e9l\u00e9bration de la deuxi\u00e8me \u00e9dition de la Journ\u00e9e internationale de la langue soonink\u00e9 (JILSo). Cette journ\u00e9e,.....\" \/>\n<meta property=\"og:url\" content=\"https:\/\/lequotidien.mr\/?p=31235&amp;lang=fr\" \/>\n<meta property=\"og:site_name\" content=\"Le Quotidien de Nouakchott\" \/>\n<meta property=\"article:publisher\" content=\"https:\/\/web.facebook.com\/lequotidienmr\" \/>\n<meta property=\"article:published_time\" content=\"2025-09-27T16:14:25+00:00\" \/>\n<meta property=\"og:image\" content=\"https:\/\/lequotidien.mr\/wp-content\/uploads\/2025\/09\/photo-culture-Soninke.jpg\" \/>\n\t<meta property=\"og:image:width\" content=\"596\" \/>\n\t<meta property=\"og:image:height\" content=\"430\" \/>\n\t<meta property=\"og:image:type\" content=\"image\/jpeg\" \/>\n<meta name=\"author\" content=\"Med Ahmed\" \/>\n<meta name=\"twitter:card\" content=\"summary_large_image\" \/>\n<meta name=\"twitter:creator\" content=\"@lequotidienmr\" \/>\n<meta name=\"twitter:site\" content=\"@lequotidienmr\" \/>\n<meta name=\"twitter:label1\" content=\"\u0643\u064f\u062a\u0628 \u0628\u0648\u0627\u0633\u0637\u0629\" \/>\n\t<meta name=\"twitter:data1\" content=\"Med Ahmed\" \/>\n\t<meta name=\"twitter:label2\" content=\"\u0648\u0642\u062a \u0627\u0644\u0642\u0631\u0627\u0621\u0629 \u0627\u0644\u0645\u064f\u0642\u062f\u0651\u0631\" \/>\n\t<meta name=\"twitter:data2\" content=\"5 \u062f\u0642\u0627\u0626\u0642\" \/>\n<script type=\"application\/ld+json\" class=\"yoast-schema-graph\">{\"@context\":\"https:\\\/\\\/schema.org\",\"@graph\":[{\"@type\":\"Article\",\"@id\":\"https:\\\/\\\/lequotidien.mr\\\/?p=31235&lang=fr#article\",\"isPartOf\":{\"@id\":\"https:\\\/\\\/lequotidien.mr\\\/?p=31235&lang=fr\"},\"author\":{\"name\":\"Med Ahmed\",\"@id\":\"https:\\\/\\\/lequotidien.mr\\\/#\\\/schema\\\/person\\\/d2d350202a4d599685ed8abc25f97596\"},\"headline\":\"Nouakchott c\u00e9l\u00e8bre la deuxi\u00e8me \u00e9dition de la Journ\u00e9e Internationale de la langue Soonink\u00e9 sous le patronage du Ministre de la Culture\",\"datePublished\":\"2025-09-27T16:14:25+00:00\",\"mainEntityOfPage\":{\"@id\":\"https:\\\/\\\/lequotidien.mr\\\/?p=31235&lang=fr\"},\"wordCount\":712,\"commentCount\":0,\"publisher\":{\"@id\":\"https:\\\/\\\/lequotidien.mr\\\/#organization\"},\"image\":{\"@id\":\"https:\\\/\\\/lequotidien.mr\\\/?p=31235&lang=fr#primaryimage\"},\"thumbnailUrl\":\"https:\\\/\\\/lequotidien.mr\\\/wp-content\\\/uploads\\\/2025\\\/09\\\/photo-culture-Soninke.jpg\",\"articleSection\":[\"ACTUALIT\u00c9\",\"Culture\"],\"inLanguage\":\"ar\",\"potentialAction\":[{\"@type\":\"CommentAction\",\"name\":\"Comment\",\"target\":[\"https:\\\/\\\/lequotidien.mr\\\/?p=31235&lang=fr#respond\"]}]},{\"@type\":\"WebPage\",\"@id\":\"https:\\\/\\\/lequotidien.mr\\\/?p=31235&lang=fr\",\"url\":\"https:\\\/\\\/lequotidien.mr\\\/?p=31235&lang=fr\",\"name\":\"Nouakchott c\u00e9l\u00e8bre la deuxi\u00e8me \u00e9dition de la Journ\u00e9e Internationale de la langue Soonink\u00e9 sous le patronage du Ministre de la Culture - Le Quotidien de Nouakchott\",\"isPartOf\":{\"@id\":\"https:\\\/\\\/lequotidien.mr\\\/#website\"},\"primaryImageOfPage\":{\"@id\":\"https:\\\/\\\/lequotidien.mr\\\/?p=31235&lang=fr#primaryimage\"},\"image\":{\"@id\":\"https:\\\/\\\/lequotidien.mr\\\/?p=31235&lang=fr#primaryimage\"},\"thumbnailUrl\":\"https:\\\/\\\/lequotidien.mr\\\/wp-content\\\/uploads\\\/2025\\\/09\\\/photo-culture-Soninke.jpg\",\"datePublished\":\"2025-09-27T16:14:25+00:00\",\"breadcrumb\":{\"@id\":\"https:\\\/\\\/lequotidien.mr\\\/?p=31235&lang=fr#breadcrumb\"},\"inLanguage\":\"ar\",\"potentialAction\":[{\"@type\":\"ReadAction\",\"target\":[\"https:\\\/\\\/lequotidien.mr\\\/?p=31235&lang=fr\"]}]},{\"@type\":\"ImageObject\",\"inLanguage\":\"ar\",\"@id\":\"https:\\\/\\\/lequotidien.mr\\\/?p=31235&lang=fr#primaryimage\",\"url\":\"https:\\\/\\\/lequotidien.mr\\\/wp-content\\\/uploads\\\/2025\\\/09\\\/photo-culture-Soninke.jpg\",\"contentUrl\":\"https:\\\/\\\/lequotidien.mr\\\/wp-content\\\/uploads\\\/2025\\\/09\\\/photo-culture-Soninke.jpg\",\"width\":596,\"height\":430},{\"@type\":\"BreadcrumbList\",\"@id\":\"https:\\\/\\\/lequotidien.mr\\\/?p=31235&lang=fr#breadcrumb\",\"itemListElement\":[{\"@type\":\"ListItem\",\"position\":1,\"name\":\"Home\",\"item\":\"https:\\\/\\\/lequotidien.mr\\\/\"},{\"@type\":\"ListItem\",\"position\":2,\"name\":\"Nouakchott c\u00e9l\u00e8bre la deuxi\u00e8me \u00e9dition de la Journ\u00e9e Internationale de la langue Soonink\u00e9 sous le patronage du Ministre de la Culture\"}]},{\"@type\":\"WebSite\",\"@id\":\"https:\\\/\\\/lequotidien.mr\\\/#website\",\"url\":\"https:\\\/\\\/lequotidien.mr\\\/\",\"name\":\"Le Quotidien de Nouakchott\",\"description\":\"\u0625\u062e\u0628\u0627\u0631\u064a\u0629 \u0645\u0633\u062a\u0642\u0644\u0629 \u0644\u0644\u0623\u0646\u0628\u0627\u0621 \u0627\u0644\u0639\u0627\u0645\u0629\",\"publisher\":{\"@id\":\"https:\\\/\\\/lequotidien.mr\\\/#organization\"},\"potentialAction\":[{\"@type\":\"SearchAction\",\"target\":{\"@type\":\"EntryPoint\",\"urlTemplate\":\"https:\\\/\\\/lequotidien.mr\\\/?s={search_term_string}\"},\"query-input\":{\"@type\":\"PropertyValueSpecification\",\"valueRequired\":true,\"valueName\":\"search_term_string\"}}],\"inLanguage\":\"ar\"},{\"@type\":\"Organization\",\"@id\":\"https:\\\/\\\/lequotidien.mr\\\/#organization\",\"name\":\"Le Quotidien de Nouakchott\",\"url\":\"https:\\\/\\\/lequotidien.mr\\\/\",\"logo\":{\"@type\":\"ImageObject\",\"inLanguage\":\"ar\",\"@id\":\"https:\\\/\\\/lequotidien.mr\\\/#\\\/schema\\\/logo\\\/image\\\/\",\"url\":\"https:\\\/\\\/lequotidien.mr\\\/wp-content\\\/uploads\\\/2022\\\/11\\\/logolequotidien.jpg\",\"contentUrl\":\"https:\\\/\\\/lequotidien.mr\\\/wp-content\\\/uploads\\\/2022\\\/11\\\/logolequotidien.jpg\",\"width\":290,\"height\":65,\"caption\":\"Le Quotidien de Nouakchott\"},\"image\":{\"@id\":\"https:\\\/\\\/lequotidien.mr\\\/#\\\/schema\\\/logo\\\/image\\\/\"},\"sameAs\":[\"https:\\\/\\\/web.facebook.com\\\/lequotidienmr\",\"https:\\\/\\\/x.com\\\/lequotidienmr\"]},{\"@type\":\"Person\",\"@id\":\"https:\\\/\\\/lequotidien.mr\\\/#\\\/schema\\\/person\\\/d2d350202a4d599685ed8abc25f97596\",\"name\":\"Med Ahmed\",\"image\":{\"@type\":\"ImageObject\",\"inLanguage\":\"ar\",\"@id\":\"https:\\\/\\\/secure.gravatar.com\\\/avatar\\\/fd2acc62ed50732923d1d39c17172c9b04149f142be92310ecc69e1358f94b52?s=96&d=mm&r=g\",\"url\":\"https:\\\/\\\/secure.gravatar.com\\\/avatar\\\/fd2acc62ed50732923d1d39c17172c9b04149f142be92310ecc69e1358f94b52?s=96&d=mm&r=g\",\"contentUrl\":\"https:\\\/\\\/secure.gravatar.com\\\/avatar\\\/fd2acc62ed50732923d1d39c17172c9b04149f142be92310ecc69e1358f94b52?s=96&d=mm&r=g\",\"caption\":\"Med Ahmed\"},\"url\":\"https:\\\/\\\/lequotidien.mr\\\/?author=12\"}]}<\/script>\n<!-- \/ Yoast SEO plugin. -->","yoast_head_json":{"title":"Nouakchott c\u00e9l\u00e8bre la deuxi\u00e8me \u00e9dition de la Journ\u00e9e Internationale de la langue Soonink\u00e9 sous le patronage du Ministre de la Culture - Le Quotidien de Nouakchott","robots":{"index":"index","follow":"follow","max-snippet":"max-snippet:-1","max-image-preview":"max-image-preview:large","max-video-preview":"max-video-preview:-1"},"canonical":"https:\/\/lequotidien.mr\/?p=31235&lang=fr","og_locale":"ar_AR","og_type":"article","og_title":"Nouakchott c\u00e9l\u00e8bre la deuxi\u00e8me \u00e9dition de la Journ\u00e9e Internationale de la langue Soonink\u00e9 sous le patronage du Ministre de la Culture - Le Quotidien de Nouakchott","og_description":"Le ministre de la Culture, des Arts, de la Communication et des Relations avec le Parlement, porte-parole du gouvernement, M. El Houssein Meddou, a supervis\u00e9, jeudi dernier dans les locaux de la R\u00e9gion de Nouakchott, les c\u00e9r\u00e9monies marquant la c\u00e9l\u00e9bration de la deuxi\u00e8me \u00e9dition de la Journ\u00e9e internationale de la langue soonink\u00e9 (JILSo). Cette journ\u00e9e,.....","og_url":"https:\/\/lequotidien.mr\/?p=31235&lang=fr","og_site_name":"Le Quotidien de Nouakchott","article_publisher":"https:\/\/web.facebook.com\/lequotidienmr","article_published_time":"2025-09-27T16:14:25+00:00","og_image":[{"width":596,"height":430,"url":"https:\/\/lequotidien.mr\/wp-content\/uploads\/2025\/09\/photo-culture-Soninke.jpg","type":"image\/jpeg"}],"author":"Med Ahmed","twitter_card":"summary_large_image","twitter_creator":"@lequotidienmr","twitter_site":"@lequotidienmr","twitter_misc":{"\u0643\u064f\u062a\u0628 \u0628\u0648\u0627\u0633\u0637\u0629":"Med Ahmed","\u0648\u0642\u062a \u0627\u0644\u0642\u0631\u0627\u0621\u0629 \u0627\u0644\u0645\u064f\u0642\u062f\u0651\u0631":"5 \u062f\u0642\u0627\u0626\u0642"},"schema":{"@context":"https:\/\/schema.org","@graph":[{"@type":"Article","@id":"https:\/\/lequotidien.mr\/?p=31235&lang=fr#article","isPartOf":{"@id":"https:\/\/lequotidien.mr\/?p=31235&lang=fr"},"author":{"name":"Med Ahmed","@id":"https:\/\/lequotidien.mr\/#\/schema\/person\/d2d350202a4d599685ed8abc25f97596"},"headline":"Nouakchott c\u00e9l\u00e8bre la deuxi\u00e8me \u00e9dition de la Journ\u00e9e Internationale de la langue Soonink\u00e9 sous le patronage du Ministre de la Culture","datePublished":"2025-09-27T16:14:25+00:00","mainEntityOfPage":{"@id":"https:\/\/lequotidien.mr\/?p=31235&lang=fr"},"wordCount":712,"commentCount":0,"publisher":{"@id":"https:\/\/lequotidien.mr\/#organization"},"image":{"@id":"https:\/\/lequotidien.mr\/?p=31235&lang=fr#primaryimage"},"thumbnailUrl":"https:\/\/lequotidien.mr\/wp-content\/uploads\/2025\/09\/photo-culture-Soninke.jpg","articleSection":["ACTUALIT\u00c9","Culture"],"inLanguage":"ar","potentialAction":[{"@type":"CommentAction","name":"Comment","target":["https:\/\/lequotidien.mr\/?p=31235&lang=fr#respond"]}]},{"@type":"WebPage","@id":"https:\/\/lequotidien.mr\/?p=31235&lang=fr","url":"https:\/\/lequotidien.mr\/?p=31235&lang=fr","name":"Nouakchott c\u00e9l\u00e8bre la deuxi\u00e8me \u00e9dition de la Journ\u00e9e Internationale de la langue Soonink\u00e9 sous le patronage du Ministre de la Culture - Le Quotidien de Nouakchott","isPartOf":{"@id":"https:\/\/lequotidien.mr\/#website"},"primaryImageOfPage":{"@id":"https:\/\/lequotidien.mr\/?p=31235&lang=fr#primaryimage"},"image":{"@id":"https:\/\/lequotidien.mr\/?p=31235&lang=fr#primaryimage"},"thumbnailUrl":"https:\/\/lequotidien.mr\/wp-content\/uploads\/2025\/09\/photo-culture-Soninke.jpg","datePublished":"2025-09-27T16:14:25+00:00","breadcrumb":{"@id":"https:\/\/lequotidien.mr\/?p=31235&lang=fr#breadcrumb"},"inLanguage":"ar","potentialAction":[{"@type":"ReadAction","target":["https:\/\/lequotidien.mr\/?p=31235&lang=fr"]}]},{"@type":"ImageObject","inLanguage":"ar","@id":"https:\/\/lequotidien.mr\/?p=31235&lang=fr#primaryimage","url":"https:\/\/lequotidien.mr\/wp-content\/uploads\/2025\/09\/photo-culture-Soninke.jpg","contentUrl":"https:\/\/lequotidien.mr\/wp-content\/uploads\/2025\/09\/photo-culture-Soninke.jpg","width":596,"height":430},{"@type":"BreadcrumbList","@id":"https:\/\/lequotidien.mr\/?p=31235&lang=fr#breadcrumb","itemListElement":[{"@type":"ListItem","position":1,"name":"Home","item":"https:\/\/lequotidien.mr\/"},{"@type":"ListItem","position":2,"name":"Nouakchott c\u00e9l\u00e8bre la deuxi\u00e8me \u00e9dition de la Journ\u00e9e Internationale de la langue Soonink\u00e9 sous le patronage du Ministre de la Culture"}]},{"@type":"WebSite","@id":"https:\/\/lequotidien.mr\/#website","url":"https:\/\/lequotidien.mr\/","name":"Le Quotidien de Nouakchott","description":"\u0625\u062e\u0628\u0627\u0631\u064a\u0629 \u0645\u0633\u062a\u0642\u0644\u0629 \u0644\u0644\u0623\u0646\u0628\u0627\u0621 \u0627\u0644\u0639\u0627\u0645\u0629","publisher":{"@id":"https:\/\/lequotidien.mr\/#organization"},"potentialAction":[{"@type":"SearchAction","target":{"@type":"EntryPoint","urlTemplate":"https:\/\/lequotidien.mr\/?s={search_term_string}"},"query-input":{"@type":"PropertyValueSpecification","valueRequired":true,"valueName":"search_term_string"}}],"inLanguage":"ar"},{"@type":"Organization","@id":"https:\/\/lequotidien.mr\/#organization","name":"Le Quotidien de Nouakchott","url":"https:\/\/lequotidien.mr\/","logo":{"@type":"ImageObject","inLanguage":"ar","@id":"https:\/\/lequotidien.mr\/#\/schema\/logo\/image\/","url":"https:\/\/lequotidien.mr\/wp-content\/uploads\/2022\/11\/logolequotidien.jpg","contentUrl":"https:\/\/lequotidien.mr\/wp-content\/uploads\/2022\/11\/logolequotidien.jpg","width":290,"height":65,"caption":"Le Quotidien de Nouakchott"},"image":{"@id":"https:\/\/lequotidien.mr\/#\/schema\/logo\/image\/"},"sameAs":["https:\/\/web.facebook.com\/lequotidienmr","https:\/\/x.com\/lequotidienmr"]},{"@type":"Person","@id":"https:\/\/lequotidien.mr\/#\/schema\/person\/d2d350202a4d599685ed8abc25f97596","name":"Med Ahmed","image":{"@type":"ImageObject","inLanguage":"ar","@id":"https:\/\/secure.gravatar.com\/avatar\/fd2acc62ed50732923d1d39c17172c9b04149f142be92310ecc69e1358f94b52?s=96&d=mm&r=g","url":"https:\/\/secure.gravatar.com\/avatar\/fd2acc62ed50732923d1d39c17172c9b04149f142be92310ecc69e1358f94b52?s=96&d=mm&r=g","contentUrl":"https:\/\/secure.gravatar.com\/avatar\/fd2acc62ed50732923d1d39c17172c9b04149f142be92310ecc69e1358f94b52?s=96&d=mm&r=g","caption":"Med Ahmed"},"url":"https:\/\/lequotidien.mr\/?author=12"}]}},"_links":{"self":[{"href":"https:\/\/lequotidien.mr\/index.php?rest_route=\/wp\/v2\/posts\/31235","targetHints":{"allow":["GET"]}}],"collection":[{"href":"https:\/\/lequotidien.mr\/index.php?rest_route=\/wp\/v2\/posts"}],"about":[{"href":"https:\/\/lequotidien.mr\/index.php?rest_route=\/wp\/v2\/types\/post"}],"author":[{"embeddable":true,"href":"https:\/\/lequotidien.mr\/index.php?rest_route=\/wp\/v2\/users\/12"}],"replies":[{"embeddable":true,"href":"https:\/\/lequotidien.mr\/index.php?rest_route=%2Fwp%2Fv2%2Fcomments&post=31235"}],"version-history":[{"count":1,"href":"https:\/\/lequotidien.mr\/index.php?rest_route=\/wp\/v2\/posts\/31235\/revisions"}],"predecessor-version":[{"id":31237,"href":"https:\/\/lequotidien.mr\/index.php?rest_route=\/wp\/v2\/posts\/31235\/revisions\/31237"}],"wp:featuredmedia":[{"embeddable":true,"href":"https:\/\/lequotidien.mr\/index.php?rest_route=\/wp\/v2\/media\/31236"}],"wp:attachment":[{"href":"https:\/\/lequotidien.mr\/index.php?rest_route=%2Fwp%2Fv2%2Fmedia&parent=31235"}],"wp:term":[{"taxonomy":"category","embeddable":true,"href":"https:\/\/lequotidien.mr\/index.php?rest_route=%2Fwp%2Fv2%2Fcategories&post=31235"},{"taxonomy":"post_tag","embeddable":true,"href":"https:\/\/lequotidien.mr\/index.php?rest_route=%2Fwp%2Fv2%2Ftags&post=31235"}],"curies":[{"name":"wp","href":"https:\/\/api.w.org\/{rel}","templated":true}]}}