{"id":31198,"date":"2025-09-24T23:49:15","date_gmt":"2025-09-24T23:49:15","guid":{"rendered":"https:\/\/lequotidien.mr\/?p=31198"},"modified":"2025-09-24T23:49:15","modified_gmt":"2025-09-24T23:49:15","slug":"le-ministre-de-lenergie-et-du-petrole-mohamed-khaled-inaugure-la-premiere-phase-dun-ambitieux-programme-delectrification-rurale-au-hodh-charghi","status":"publish","type":"post","link":"https:\/\/lequotidien.mr\/?p=31198&lang=fr","title":{"rendered":"Le ministre de l\u2019\u00c9nergie et du P\u00e9trole Mohamed Khaled inaugure la premi\u00e8re phase d&#8217;un ambitieux programme d&#8217;\u00e9lectrification rurale au Hodh Charghi"},"content":{"rendered":"<p>Le <strong>ministre de l\u2019\u00c9nergie et du P\u00e9trole, M. Mohamed Khaled<\/strong>, a inaugur\u00e9, ce mardi, la <strong>premi\u00e8re phase du programme d\u2019\u00e9lectrification rurale <\/strong>dans le village de Gneiba, chef-lieu de la commune du Dh-har, dans la moughataa de Bassiknou. Ce projet, mis en \u0153uvre en coop\u00e9ration avec le Programme des Nations Unies pour le d\u00e9veloppement (PNUD), incarne la volont\u00e9 gouvernementale d\u2019\u00e9largir l\u2019acc\u00e8s \u00e0 une \u00e9lectricit\u00e9 durable pour les populations des zones recul\u00e9es.<\/p>\n<p><strong>Une premi\u00e8re phase concr\u00e8te couvrant 37 villages<\/strong><\/p>\n<p>Lors de la c\u00e9r\u00e9monie d&#8217;inauguration, le ministre Mohamed Khaled a d\u00e9taill\u00e9 les r\u00e9alisations de cette premi\u00e8re \u00e9tape. \u00ab La premi\u00e8re phase du programme d\u2019\u00e9lectrification rurale a couvert 37 villages du Hodh Charghi, et les travaux ont \u00e9t\u00e9 achev\u00e9s dans 12 d\u2019entre eux \u00bb, a-t-il annonc\u00e9. Il a soulign\u00e9 l&#8217;impact multidimensionnel de cette initiative, qui contribuera \u00e0\u00a0<strong>r\u00e9duire la pauvret\u00e9, \u00e0 am\u00e9liorer les conditions de vie des habitants et \u00e0 cr\u00e9er de nouvelles opportunit\u00e9s de d\u00e9veloppement local<\/strong>.<\/p>\n<p>Sur le plan financier, l&#8217;enveloppe allou\u00e9e \u00e0 cette premi\u00e8re phase s&#8217;\u00e9l\u00e8ve \u00e0\u00a0<strong>1,2 milliard d\u2019anciennes ouguiyas<\/strong>. Sur le plan technique, le programme privil\u00e9gie une approche moderne et \u00e9cologique, bas\u00e9e sur la\u00a0<strong>construction de petites centrales solaires \u00e9quip\u00e9es de syst\u00e8mes de stockage<\/strong>. Cette solution garantit une alimentation continue 24h\/24, pr\u00e9serve l\u2019environnement et r\u00e9duit les co\u00fbts de production comparativement aux centrales thermiques.<\/p>\n<p><strong>Une vision ambitieuse : 170 villages cibl\u00e9s dans la phase deux<\/strong><\/p>\n<p>Le ministre a imm\u00e9diatement tourn\u00e9 les regards vers l&#8217;avenir en d\u00e9voilant l&#8217;ambition de la deuxi\u00e8me phase. Celle-ci pr\u00e9voit d&#8217;<strong>\u00e9largir le champ d\u2019intervention \u00e0 170 villages suppl\u00e9mentaires<\/strong>\u00a0\u00e0 travers le pays. Cet \u00e9largissement massif permettra d\u2019am\u00e9liorer significativement l\u2019acc\u00e8s \u00e0 l\u2019\u00e9lectricit\u00e9 pour un plus grand nombre de citoyens, rapprochant ainsi les zones rurales des centres urbains en termes de services de base.<\/p>\n<p>Dans son allocution, le <strong>maire de la commune du Dh-har, Dr. Hanena El Ghalla<\/strong>, s\u2019est f\u00e9licit\u00e9 de ces r\u00e9alisations. Il a salu\u00e9\u00a0<strong>l\u2019attention particuli\u00e8re accord\u00e9e par le <\/strong><strong>Pr\u00e9sident de la R\u00e9publique, M. Mohamed Cheikh El Ghazouani<\/strong><strong>, \u00e0 l\u2019am\u00e9lioration des services de base en milieu rural<\/strong>. Il a rappel\u00e9 que l&#8217;\u00e9lectricit\u00e9 est un pilier indispensable du d\u00e9veloppement \u00e9conomique et social, permettant de dynamiser l&#8217;\u00e9ducation, la sant\u00e9 et les activit\u00e9s g\u00e9n\u00e9ratrices de revenus.<\/p>\n<p><strong>Visite de terrain et appel \u00e0 l\u2019am\u00e9lioration des performances<\/strong><\/p>\n<p>Dans le m\u00eame contexte, la visite du ministre s&#8217;est poursuivie par une\u00a0<strong>tourn\u00e9e d&#8217;inspection des centrales \u00e9lectriques de la ville de N\u00e9ma<\/strong>. Sur place, M. Mohamed Khaled a examin\u00e9 diverses installations, \u00e9cout\u00e9 des explications d\u00e9taill\u00e9es sur leur \u00e9tat de fonctionnement et\u00a0<strong>exhort\u00e9 les responsables \u00e0 am\u00e9liorer leurs performances<\/strong>. Il les a appel\u00e9s \u00e0 r\u00e9pondre efficacement \u00e0 la demande croissante d\u2019\u00e9lectricit\u00e9, notamment dans une p\u00e9riode marqu\u00e9e par l&#8217;essor des activit\u00e9s \u00e9conomiques et sociales.<\/p>\n<p><strong>Une strat\u00e9gie nationale pour r\u00e9duire les disparit\u00e9s<\/strong><\/p>\n<p>Au-del\u00e0 de l&#8217;\u00e9v\u00e9nement ponctuel, ce programme d\u2019\u00e9lectrification rurale s\u2019inscrit dans une\u00a0<strong>strat\u00e9gie nationale globale visant \u00e0 r\u00e9duire les disparit\u00e9s entre les villes et les villages<\/strong>. Les pouvoirs publics misent sur l&#8217;\u00e9nergie comme un levier essentiel pour :<\/p>\n<p><strong>-Promouvoir le d\u00e9veloppement local<\/strong>\u00a0en alimentant les petites et moyennes entreprises\u00a0;<\/p>\n<p><strong>-Favoriser la stabilit\u00e9<\/strong><strong> des villages<\/strong>\u00a0et r\u00e9duire l\u2019exode rural\u00a0;<\/p>\n<p><strong>-Contribuer \u00e0 la transition \u00e9nerg\u00e9tique<\/strong>\u00a0gr\u00e2ce \u00e0 l\u2019\u00e9nergie solaire propre\u00a0;<\/p>\n<p><strong>-Soutenir les groupes vuln\u00e9rables<\/strong>\u00a0en r\u00e9duisant le co\u00fbt de la vie li\u00e9 \u00e0 l&#8217;utilisation des \u00e9nergies alternatives traditionnelles.<\/p>\n<p>Une fois achev\u00e9, ce projet est destin\u00e9 \u00e0\u00a0<strong>am\u00e9liorer la qualit\u00e9 de vie de milliers de familles<\/strong>\u00a0en permettant l\u2019\u00e9lectrification des \u00e9coles, des centres de sant\u00e9 et en soutenant les activit\u00e9s commerciales et agricoles locales, renfor\u00e7ant ainsi durablement la dynamique de d\u00e9veloppement \u00e9conomique dans les r\u00e9gions concern\u00e9es.<\/p>\n<p>Le ministre \u00e9tait accompagn\u00e9 tout au long de sa visite par le <strong>wali mou\u00e7aid du Hodh Charghi, M. Abderrahmane Ahmed Dade, le pr\u00e9sident de la r\u00e9gion du Hodh Charghi, M. Mohamed Tijani<\/strong>, ainsi que par les autorit\u00e9s r\u00e9gionales de la wilaya.<\/p>\n","protected":false},"excerpt":{"rendered":"<p>Le ministre de l\u2019\u00c9nergie et du P\u00e9trole, M. Mohamed Khaled, a inaugur\u00e9, ce mardi, la premi\u00e8re phase du programme d\u2019\u00e9lectrification rurale dans le village de Gneiba, chef-lieu de la commune du Dh-har, dans la moughataa de Bassiknou. Ce projet, mis en \u0153uvre en coop\u00e9ration avec le Programme des Nations Unies pour le d\u00e9veloppement (PNUD), incarne&#8230;..<\/p>\n","protected":false},"author":12,"featured_media":31199,"comment_status":"open","ping_status":"open","sticky":false,"template":"","format":"standard","meta":{"footnotes":""},"categories":[23,49],"tags":[],"class_list":["post-31198","post","type-post","status-publish","format-standard","has-post-thumbnail","hentry","category-actualite","category-economie"],"yoast_head":"<!-- This site is optimized with the Yoast SEO plugin v27.5 - https:\/\/yoast.com\/product\/yoast-seo-wordpress\/ -->\n<title>Le ministre de l\u2019\u00c9nergie et du P\u00e9trole Mohamed Khaled inaugure la premi\u00e8re phase d&#039;un ambitieux programme d&#039;\u00e9lectrification rurale au Hodh Charghi - Le Quotidien de Nouakchott<\/title>\n<meta name=\"robots\" content=\"index, follow, max-snippet:-1, max-image-preview:large, max-video-preview:-1\" \/>\n<link rel=\"canonical\" href=\"https:\/\/lequotidien.mr\/?p=31198&lang=fr\" \/>\n<meta property=\"og:locale\" content=\"ar_AR\" \/>\n<meta property=\"og:type\" content=\"article\" \/>\n<meta property=\"og:title\" content=\"Le ministre de l\u2019\u00c9nergie et du P\u00e9trole Mohamed Khaled inaugure la premi\u00e8re phase d&#039;un ambitieux programme d&#039;\u00e9lectrification rurale au Hodh Charghi - Le Quotidien de Nouakchott\" \/>\n<meta property=\"og:description\" content=\"Le ministre de l\u2019\u00c9nergie et du P\u00e9trole, M. Mohamed Khaled, a inaugur\u00e9, ce mardi, la premi\u00e8re phase du programme d\u2019\u00e9lectrification rurale dans le village de Gneiba, chef-lieu de la commune du Dh-har, dans la moughataa de Bassiknou. Ce projet, mis en \u0153uvre en coop\u00e9ration avec le Programme des Nations Unies pour le d\u00e9veloppement (PNUD), incarne.....\" \/>\n<meta property=\"og:url\" content=\"https:\/\/lequotidien.mr\/?p=31198&amp;lang=fr\" \/>\n<meta property=\"og:site_name\" content=\"Le Quotidien de Nouakchott\" \/>\n<meta property=\"article:publisher\" content=\"https:\/\/web.facebook.com\/lequotidienmr\" \/>\n<meta property=\"article:published_time\" content=\"2025-09-24T23:49:15+00:00\" \/>\n<meta property=\"og:image\" content=\"https:\/\/lequotidien.mr\/wp-content\/uploads\/2025\/09\/photo-energie-rurale.jpg\" \/>\n\t<meta property=\"og:image:width\" content=\"574\" \/>\n\t<meta property=\"og:image:height\" content=\"430\" \/>\n\t<meta property=\"og:image:type\" content=\"image\/jpeg\" \/>\n<meta name=\"author\" content=\"Med Ahmed\" \/>\n<meta name=\"twitter:card\" content=\"summary_large_image\" \/>\n<meta name=\"twitter:creator\" content=\"@lequotidienmr\" \/>\n<meta name=\"twitter:site\" content=\"@lequotidienmr\" \/>\n<meta name=\"twitter:label1\" content=\"\u0643\u064f\u062a\u0628 \u0628\u0648\u0627\u0633\u0637\u0629\" \/>\n\t<meta name=\"twitter:data1\" content=\"Med Ahmed\" \/>\n\t<meta name=\"twitter:label2\" content=\"\u0648\u0642\u062a \u0627\u0644\u0642\u0631\u0627\u0621\u0629 \u0627\u0644\u0645\u064f\u0642\u062f\u0651\u0631\" \/>\n\t<meta name=\"twitter:data2\" content=\"5 \u062f\u0642\u0627\u0626\u0642\" \/>\n<script type=\"application\/ld+json\" class=\"yoast-schema-graph\">{\"@context\":\"https:\\\/\\\/schema.org\",\"@graph\":[{\"@type\":\"Article\",\"@id\":\"https:\\\/\\\/lequotidien.mr\\\/?p=31198&lang=fr#article\",\"isPartOf\":{\"@id\":\"https:\\\/\\\/lequotidien.mr\\\/?p=31198&lang=fr\"},\"author\":{\"name\":\"Med Ahmed\",\"@id\":\"https:\\\/\\\/lequotidien.mr\\\/#\\\/schema\\\/person\\\/d2d350202a4d599685ed8abc25f97596\"},\"headline\":\"Le ministre de l\u2019\u00c9nergie et du P\u00e9trole Mohamed Khaled inaugure la premi\u00e8re phase d&#8217;un ambitieux programme d&#8217;\u00e9lectrification rurale au Hodh Charghi\",\"datePublished\":\"2025-09-24T23:49:15+00:00\",\"mainEntityOfPage\":{\"@id\":\"https:\\\/\\\/lequotidien.mr\\\/?p=31198&lang=fr\"},\"wordCount\":736,\"commentCount\":0,\"publisher\":{\"@id\":\"https:\\\/\\\/lequotidien.mr\\\/#organization\"},\"image\":{\"@id\":\"https:\\\/\\\/lequotidien.mr\\\/?p=31198&lang=fr#primaryimage\"},\"thumbnailUrl\":\"https:\\\/\\\/lequotidien.mr\\\/wp-content\\\/uploads\\\/2025\\\/09\\\/photo-energie-rurale.jpg\",\"articleSection\":[\"ACTUALIT\u00c9\",\"Economie\"],\"inLanguage\":\"ar\",\"potentialAction\":[{\"@type\":\"CommentAction\",\"name\":\"Comment\",\"target\":[\"https:\\\/\\\/lequotidien.mr\\\/?p=31198&lang=fr#respond\"]}]},{\"@type\":\"WebPage\",\"@id\":\"https:\\\/\\\/lequotidien.mr\\\/?p=31198&lang=fr\",\"url\":\"https:\\\/\\\/lequotidien.mr\\\/?p=31198&lang=fr\",\"name\":\"Le ministre de l\u2019\u00c9nergie et du P\u00e9trole Mohamed Khaled inaugure la premi\u00e8re phase d'un ambitieux programme d'\u00e9lectrification rurale au Hodh Charghi - Le Quotidien de Nouakchott\",\"isPartOf\":{\"@id\":\"https:\\\/\\\/lequotidien.mr\\\/#website\"},\"primaryImageOfPage\":{\"@id\":\"https:\\\/\\\/lequotidien.mr\\\/?p=31198&lang=fr#primaryimage\"},\"image\":{\"@id\":\"https:\\\/\\\/lequotidien.mr\\\/?p=31198&lang=fr#primaryimage\"},\"thumbnailUrl\":\"https:\\\/\\\/lequotidien.mr\\\/wp-content\\\/uploads\\\/2025\\\/09\\\/photo-energie-rurale.jpg\",\"datePublished\":\"2025-09-24T23:49:15+00:00\",\"breadcrumb\":{\"@id\":\"https:\\\/\\\/lequotidien.mr\\\/?p=31198&lang=fr#breadcrumb\"},\"inLanguage\":\"ar\",\"potentialAction\":[{\"@type\":\"ReadAction\",\"target\":[\"https:\\\/\\\/lequotidien.mr\\\/?p=31198&lang=fr\"]}]},{\"@type\":\"ImageObject\",\"inLanguage\":\"ar\",\"@id\":\"https:\\\/\\\/lequotidien.mr\\\/?p=31198&lang=fr#primaryimage\",\"url\":\"https:\\\/\\\/lequotidien.mr\\\/wp-content\\\/uploads\\\/2025\\\/09\\\/photo-energie-rurale.jpg\",\"contentUrl\":\"https:\\\/\\\/lequotidien.mr\\\/wp-content\\\/uploads\\\/2025\\\/09\\\/photo-energie-rurale.jpg\",\"width\":574,\"height\":430},{\"@type\":\"BreadcrumbList\",\"@id\":\"https:\\\/\\\/lequotidien.mr\\\/?p=31198&lang=fr#breadcrumb\",\"itemListElement\":[{\"@type\":\"ListItem\",\"position\":1,\"name\":\"Home\",\"item\":\"https:\\\/\\\/lequotidien.mr\\\/\"},{\"@type\":\"ListItem\",\"position\":2,\"name\":\"Le ministre de l\u2019\u00c9nergie et du P\u00e9trole Mohamed Khaled inaugure la premi\u00e8re phase d&rsquo;un ambitieux programme d&rsquo;\u00e9lectrification rurale au Hodh Charghi\"}]},{\"@type\":\"WebSite\",\"@id\":\"https:\\\/\\\/lequotidien.mr\\\/#website\",\"url\":\"https:\\\/\\\/lequotidien.mr\\\/\",\"name\":\"Le Quotidien de Nouakchott\",\"description\":\"\u0625\u062e\u0628\u0627\u0631\u064a\u0629 \u0645\u0633\u062a\u0642\u0644\u0629 \u0644\u0644\u0623\u0646\u0628\u0627\u0621 \u0627\u0644\u0639\u0627\u0645\u0629\",\"publisher\":{\"@id\":\"https:\\\/\\\/lequotidien.mr\\\/#organization\"},\"potentialAction\":[{\"@type\":\"SearchAction\",\"target\":{\"@type\":\"EntryPoint\",\"urlTemplate\":\"https:\\\/\\\/lequotidien.mr\\\/?s={search_term_string}\"},\"query-input\":{\"@type\":\"PropertyValueSpecification\",\"valueRequired\":true,\"valueName\":\"search_term_string\"}}],\"inLanguage\":\"ar\"},{\"@type\":\"Organization\",\"@id\":\"https:\\\/\\\/lequotidien.mr\\\/#organization\",\"name\":\"Le Quotidien de Nouakchott\",\"url\":\"https:\\\/\\\/lequotidien.mr\\\/\",\"logo\":{\"@type\":\"ImageObject\",\"inLanguage\":\"ar\",\"@id\":\"https:\\\/\\\/lequotidien.mr\\\/#\\\/schema\\\/logo\\\/image\\\/\",\"url\":\"https:\\\/\\\/lequotidien.mr\\\/wp-content\\\/uploads\\\/2022\\\/11\\\/logolequotidien.jpg\",\"contentUrl\":\"https:\\\/\\\/lequotidien.mr\\\/wp-content\\\/uploads\\\/2022\\\/11\\\/logolequotidien.jpg\",\"width\":290,\"height\":65,\"caption\":\"Le Quotidien de Nouakchott\"},\"image\":{\"@id\":\"https:\\\/\\\/lequotidien.mr\\\/#\\\/schema\\\/logo\\\/image\\\/\"},\"sameAs\":[\"https:\\\/\\\/web.facebook.com\\\/lequotidienmr\",\"https:\\\/\\\/x.com\\\/lequotidienmr\"]},{\"@type\":\"Person\",\"@id\":\"https:\\\/\\\/lequotidien.mr\\\/#\\\/schema\\\/person\\\/d2d350202a4d599685ed8abc25f97596\",\"name\":\"Med Ahmed\",\"image\":{\"@type\":\"ImageObject\",\"inLanguage\":\"ar\",\"@id\":\"https:\\\/\\\/secure.gravatar.com\\\/avatar\\\/fd2acc62ed50732923d1d39c17172c9b04149f142be92310ecc69e1358f94b52?s=96&d=mm&r=g\",\"url\":\"https:\\\/\\\/secure.gravatar.com\\\/avatar\\\/fd2acc62ed50732923d1d39c17172c9b04149f142be92310ecc69e1358f94b52?s=96&d=mm&r=g\",\"contentUrl\":\"https:\\\/\\\/secure.gravatar.com\\\/avatar\\\/fd2acc62ed50732923d1d39c17172c9b04149f142be92310ecc69e1358f94b52?s=96&d=mm&r=g\",\"caption\":\"Med Ahmed\"},\"url\":\"https:\\\/\\\/lequotidien.mr\\\/?author=12\"}]}<\/script>\n<!-- \/ Yoast SEO plugin. -->","yoast_head_json":{"title":"Le ministre de l\u2019\u00c9nergie et du P\u00e9trole Mohamed Khaled inaugure la premi\u00e8re phase d'un ambitieux programme d'\u00e9lectrification rurale au Hodh Charghi - Le Quotidien de Nouakchott","robots":{"index":"index","follow":"follow","max-snippet":"max-snippet:-1","max-image-preview":"max-image-preview:large","max-video-preview":"max-video-preview:-1"},"canonical":"https:\/\/lequotidien.mr\/?p=31198&lang=fr","og_locale":"ar_AR","og_type":"article","og_title":"Le ministre de l\u2019\u00c9nergie et du P\u00e9trole Mohamed Khaled inaugure la premi\u00e8re phase d'un ambitieux programme d'\u00e9lectrification rurale au Hodh Charghi - Le Quotidien de Nouakchott","og_description":"Le ministre de l\u2019\u00c9nergie et du P\u00e9trole, M. Mohamed Khaled, a inaugur\u00e9, ce mardi, la premi\u00e8re phase du programme d\u2019\u00e9lectrification rurale dans le village de Gneiba, chef-lieu de la commune du Dh-har, dans la moughataa de Bassiknou. Ce projet, mis en \u0153uvre en coop\u00e9ration avec le Programme des Nations Unies pour le d\u00e9veloppement (PNUD), incarne.....","og_url":"https:\/\/lequotidien.mr\/?p=31198&lang=fr","og_site_name":"Le Quotidien de Nouakchott","article_publisher":"https:\/\/web.facebook.com\/lequotidienmr","article_published_time":"2025-09-24T23:49:15+00:00","og_image":[{"width":574,"height":430,"url":"https:\/\/lequotidien.mr\/wp-content\/uploads\/2025\/09\/photo-energie-rurale.jpg","type":"image\/jpeg"}],"author":"Med Ahmed","twitter_card":"summary_large_image","twitter_creator":"@lequotidienmr","twitter_site":"@lequotidienmr","twitter_misc":{"\u0643\u064f\u062a\u0628 \u0628\u0648\u0627\u0633\u0637\u0629":"Med Ahmed","\u0648\u0642\u062a \u0627\u0644\u0642\u0631\u0627\u0621\u0629 \u0627\u0644\u0645\u064f\u0642\u062f\u0651\u0631":"5 \u062f\u0642\u0627\u0626\u0642"},"schema":{"@context":"https:\/\/schema.org","@graph":[{"@type":"Article","@id":"https:\/\/lequotidien.mr\/?p=31198&lang=fr#article","isPartOf":{"@id":"https:\/\/lequotidien.mr\/?p=31198&lang=fr"},"author":{"name":"Med Ahmed","@id":"https:\/\/lequotidien.mr\/#\/schema\/person\/d2d350202a4d599685ed8abc25f97596"},"headline":"Le ministre de l\u2019\u00c9nergie et du P\u00e9trole Mohamed Khaled inaugure la premi\u00e8re phase d&#8217;un ambitieux programme d&#8217;\u00e9lectrification rurale au Hodh Charghi","datePublished":"2025-09-24T23:49:15+00:00","mainEntityOfPage":{"@id":"https:\/\/lequotidien.mr\/?p=31198&lang=fr"},"wordCount":736,"commentCount":0,"publisher":{"@id":"https:\/\/lequotidien.mr\/#organization"},"image":{"@id":"https:\/\/lequotidien.mr\/?p=31198&lang=fr#primaryimage"},"thumbnailUrl":"https:\/\/lequotidien.mr\/wp-content\/uploads\/2025\/09\/photo-energie-rurale.jpg","articleSection":["ACTUALIT\u00c9","Economie"],"inLanguage":"ar","potentialAction":[{"@type":"CommentAction","name":"Comment","target":["https:\/\/lequotidien.mr\/?p=31198&lang=fr#respond"]}]},{"@type":"WebPage","@id":"https:\/\/lequotidien.mr\/?p=31198&lang=fr","url":"https:\/\/lequotidien.mr\/?p=31198&lang=fr","name":"Le ministre de l\u2019\u00c9nergie et du P\u00e9trole Mohamed Khaled inaugure la premi\u00e8re phase d'un ambitieux programme d'\u00e9lectrification rurale au Hodh Charghi - Le Quotidien de Nouakchott","isPartOf":{"@id":"https:\/\/lequotidien.mr\/#website"},"primaryImageOfPage":{"@id":"https:\/\/lequotidien.mr\/?p=31198&lang=fr#primaryimage"},"image":{"@id":"https:\/\/lequotidien.mr\/?p=31198&lang=fr#primaryimage"},"thumbnailUrl":"https:\/\/lequotidien.mr\/wp-content\/uploads\/2025\/09\/photo-energie-rurale.jpg","datePublished":"2025-09-24T23:49:15+00:00","breadcrumb":{"@id":"https:\/\/lequotidien.mr\/?p=31198&lang=fr#breadcrumb"},"inLanguage":"ar","potentialAction":[{"@type":"ReadAction","target":["https:\/\/lequotidien.mr\/?p=31198&lang=fr"]}]},{"@type":"ImageObject","inLanguage":"ar","@id":"https:\/\/lequotidien.mr\/?p=31198&lang=fr#primaryimage","url":"https:\/\/lequotidien.mr\/wp-content\/uploads\/2025\/09\/photo-energie-rurale.jpg","contentUrl":"https:\/\/lequotidien.mr\/wp-content\/uploads\/2025\/09\/photo-energie-rurale.jpg","width":574,"height":430},{"@type":"BreadcrumbList","@id":"https:\/\/lequotidien.mr\/?p=31198&lang=fr#breadcrumb","itemListElement":[{"@type":"ListItem","position":1,"name":"Home","item":"https:\/\/lequotidien.mr\/"},{"@type":"ListItem","position":2,"name":"Le ministre de l\u2019\u00c9nergie et du P\u00e9trole Mohamed Khaled inaugure la premi\u00e8re phase d&rsquo;un ambitieux programme d&rsquo;\u00e9lectrification rurale au Hodh Charghi"}]},{"@type":"WebSite","@id":"https:\/\/lequotidien.mr\/#website","url":"https:\/\/lequotidien.mr\/","name":"Le Quotidien de Nouakchott","description":"\u0625\u062e\u0628\u0627\u0631\u064a\u0629 \u0645\u0633\u062a\u0642\u0644\u0629 \u0644\u0644\u0623\u0646\u0628\u0627\u0621 \u0627\u0644\u0639\u0627\u0645\u0629","publisher":{"@id":"https:\/\/lequotidien.mr\/#organization"},"potentialAction":[{"@type":"SearchAction","target":{"@type":"EntryPoint","urlTemplate":"https:\/\/lequotidien.mr\/?s={search_term_string}"},"query-input":{"@type":"PropertyValueSpecification","valueRequired":true,"valueName":"search_term_string"}}],"inLanguage":"ar"},{"@type":"Organization","@id":"https:\/\/lequotidien.mr\/#organization","name":"Le Quotidien de Nouakchott","url":"https:\/\/lequotidien.mr\/","logo":{"@type":"ImageObject","inLanguage":"ar","@id":"https:\/\/lequotidien.mr\/#\/schema\/logo\/image\/","url":"https:\/\/lequotidien.mr\/wp-content\/uploads\/2022\/11\/logolequotidien.jpg","contentUrl":"https:\/\/lequotidien.mr\/wp-content\/uploads\/2022\/11\/logolequotidien.jpg","width":290,"height":65,"caption":"Le Quotidien de Nouakchott"},"image":{"@id":"https:\/\/lequotidien.mr\/#\/schema\/logo\/image\/"},"sameAs":["https:\/\/web.facebook.com\/lequotidienmr","https:\/\/x.com\/lequotidienmr"]},{"@type":"Person","@id":"https:\/\/lequotidien.mr\/#\/schema\/person\/d2d350202a4d599685ed8abc25f97596","name":"Med Ahmed","image":{"@type":"ImageObject","inLanguage":"ar","@id":"https:\/\/secure.gravatar.com\/avatar\/fd2acc62ed50732923d1d39c17172c9b04149f142be92310ecc69e1358f94b52?s=96&d=mm&r=g","url":"https:\/\/secure.gravatar.com\/avatar\/fd2acc62ed50732923d1d39c17172c9b04149f142be92310ecc69e1358f94b52?s=96&d=mm&r=g","contentUrl":"https:\/\/secure.gravatar.com\/avatar\/fd2acc62ed50732923d1d39c17172c9b04149f142be92310ecc69e1358f94b52?s=96&d=mm&r=g","caption":"Med Ahmed"},"url":"https:\/\/lequotidien.mr\/?author=12"}]}},"_links":{"self":[{"href":"https:\/\/lequotidien.mr\/index.php?rest_route=\/wp\/v2\/posts\/31198","targetHints":{"allow":["GET"]}}],"collection":[{"href":"https:\/\/lequotidien.mr\/index.php?rest_route=\/wp\/v2\/posts"}],"about":[{"href":"https:\/\/lequotidien.mr\/index.php?rest_route=\/wp\/v2\/types\/post"}],"author":[{"embeddable":true,"href":"https:\/\/lequotidien.mr\/index.php?rest_route=\/wp\/v2\/users\/12"}],"replies":[{"embeddable":true,"href":"https:\/\/lequotidien.mr\/index.php?rest_route=%2Fwp%2Fv2%2Fcomments&post=31198"}],"version-history":[{"count":1,"href":"https:\/\/lequotidien.mr\/index.php?rest_route=\/wp\/v2\/posts\/31198\/revisions"}],"predecessor-version":[{"id":31200,"href":"https:\/\/lequotidien.mr\/index.php?rest_route=\/wp\/v2\/posts\/31198\/revisions\/31200"}],"wp:featuredmedia":[{"embeddable":true,"href":"https:\/\/lequotidien.mr\/index.php?rest_route=\/wp\/v2\/media\/31199"}],"wp:attachment":[{"href":"https:\/\/lequotidien.mr\/index.php?rest_route=%2Fwp%2Fv2%2Fmedia&parent=31198"}],"wp:term":[{"taxonomy":"category","embeddable":true,"href":"https:\/\/lequotidien.mr\/index.php?rest_route=%2Fwp%2Fv2%2Fcategories&post=31198"},{"taxonomy":"post_tag","embeddable":true,"href":"https:\/\/lequotidien.mr\/index.php?rest_route=%2Fwp%2Fv2%2Ftags&post=31198"}],"curies":[{"name":"wp","href":"https:\/\/api.w.org\/{rel}","templated":true}]}}