{"id":31177,"date":"2025-09-24T13:12:35","date_gmt":"2025-09-24T13:12:35","guid":{"rendered":"https:\/\/lequotidien.mr\/?p=31177"},"modified":"2025-09-24T13:12:35","modified_gmt":"2025-09-24T13:12:35","slug":"migration-circulaire-50-travailleurs-mauritaniens-en-partance-pour-lespagne-apres-un-atelier-de-formation-a-nouakchott","status":"publish","type":"post","link":"https:\/\/lequotidien.mr\/?p=31177&lang=fr","title":{"rendered":"Migration Circulaire : 50 travailleurs mauritaniens en partance pour l&#8217;Espagne apr\u00e8s un atelier de formation \u00e0 Nouakchott"},"content":{"rendered":"<p>La capitale Nouakchott a abrit\u00e9, lundi dernier, un <strong>atelier de formation au profit de cinquante travailleurs<\/strong>, marquant une \u00e9tape cruciale dans la mise en \u0153uvre du projet pilote de migration circulaire convenu entre la <strong>Mauritanie<\/strong> et le <strong>Royaume d&#8217;Espagne<\/strong>. Ce programme permettra aux b\u00e9n\u00e9ficiaires d\u2019effectuer des <strong>contrats de travail de neuf mois en Espagne<\/strong>, apr\u00e8s avoir suivi une pr\u00e9paration intensive.<\/p>\n<p><strong>Un cadre pratique pour une migration r\u00e9guli\u00e8re et mutuellement b\u00e9n\u00e9fique<\/strong><\/p>\n<p>Lors de la c\u00e9r\u00e9monie d&#8217;ouverture, <strong>M. Naji Khattri, secr\u00e9taire g\u00e9n\u00e9ral du minist\u00e8re de la Jeunesse, de l\u2019Emploi, des Sports et du service civique<\/strong>, a soulign\u00e9 que ce projet t\u00e9moigne de la solidit\u00e9 de la coop\u00e9ration bilat\u00e9rale. <strong><em>\u00ab Il vise \u00e0 \u00e9tablir un cadre pratique pour r\u00e9pondre aux questions migratoires d\u2019int\u00e9r\u00eat commun, en s\u00e9lectionnant les travailleurs mauritaniens directement dans leur pays d\u2019origine \u00bb<\/em><\/strong>, a-t-il pr\u00e9cis\u00e9. M. Khattri a ajout\u00e9 que le succ\u00e8s de cette initiative pionni\u00e8re ouvrirait de nouveaux horizons pour la jeunesse et permettrait son expansion \u00e0 l\u2019avenir.<\/p>\n<p>Pour sa part, <strong>M. Abdel Fettah Abdel Fettah, directeur g\u00e9n\u00e9ral de l\u2019Agence nationale pour l\u2019emploi (Tachghil)<\/strong>, a expliqu\u00e9 que cet atelier s&#8217;inscrit dans le cadre d&#8217;une initiative sous la direction du <strong>Pr\u00e9sident de la R\u00e9publique, M. Mohamed Cheikh El Ghazouani<\/strong>, visant \u00e0 cr\u00e9er des opportunit\u00e9s d\u2019emploi pour les jeunes au sein de la coop\u00e9ration internationale. Il a \u00e9galement pr\u00e9sent\u00e9 un autre projet de mobilit\u00e9 professionnelle en coop\u00e9ration avec le gouvernement espagnol des \u00eeles Canaries, qui combine formation et embauche dans des secteurs porteurs.<\/p>\n<p><strong>Priorit\u00e9 \u00e0 la r\u00e9currence pour les travailleurs s\u00e9rieux<\/strong><\/p>\n<p>Un des principes cl\u00e9s de ce programme est l&#8217;encouragement \u00e0 la loyaut\u00e9. Il accorde en effet la priorit\u00e9 pour une participation automatique aux saisons suivantes aux travailleurs qui respectent scrupuleusement les termes de leur contrat et retournent en Mauritanie \u00e0 l&#8217;issue de leur s\u00e9jour de neuf mois. Cette condition vise \u00e0 garantir le caract\u00e8re circulaire de la migration et \u00e0 b\u00e2tir une relation de confiance durable.<\/p>\n<p><strong>L&#8217;Espagne salue un partenariat strat\u00e9gique<\/strong><\/p>\n<p><strong>L&#8217;ambassadeur du Royaume d&#8217;Espagne en Mauritanie, M. Pablo Barbara G\u00f3mez<\/strong>, s&#8217;est dit ravi de participer \u00e0 cet atelier, mettant en avant la profondeur des relations entre les deux pays, particuli\u00e8rement dans la lutte contre l&#8217;immigration clandestine. \u00ab La coop\u00e9ration entre nos nations s\u2019oriente vers un d\u00e9veloppement plus pouss\u00e9 dans le domaine de la migration r\u00e9guli\u00e8re \u00bb, a-t-il d\u00e9clar\u00e9, soulignant la volont\u00e9 commune de d\u00e9velopper ce partenariat dans divers domaines.<\/p>\n<p>Ce projet pilote repr\u00e9sente bien plus qu&#8217;un simple accord de main-d&#8217;\u0153uvre. Il incarne une approche moderne et concert\u00e9e de la migration, o\u00f9 la formation, la l\u00e9galit\u00e9 et les retomb\u00e9es pour les deux pays sont prioritaires. Son succ\u00e8s pourrait donc ouvrir la voie \u00e0 une expansion significative de ce type de partenariats, offrant des perspectives d&#8217;avenir concr\u00e8tes aux jeunes Mauritaniens tout en renfor\u00e7ant la coop\u00e9ration strat\u00e9gique entre Nouakchott et Madrid.<\/p>\n","protected":false},"excerpt":{"rendered":"<p>La capitale Nouakchott a abrit\u00e9, lundi dernier, un atelier de formation au profit de cinquante travailleurs, marquant une \u00e9tape cruciale dans la mise en \u0153uvre du projet pilote de migration circulaire convenu entre la Mauritanie et le Royaume d&#8217;Espagne. Ce programme permettra aux b\u00e9n\u00e9ficiaires d\u2019effectuer des contrats de travail de neuf mois en Espagne, apr\u00e8s&#8230;..<\/p>\n","protected":false},"author":12,"featured_media":31178,"comment_status":"open","ping_status":"open","sticky":false,"template":"","format":"standard","meta":{"footnotes":""},"categories":[23,49],"tags":[],"class_list":["post-31177","post","type-post","status-publish","format-standard","has-post-thumbnail","hentry","category-actualite","category-economie"],"yoast_head":"<!-- This site is optimized with the Yoast SEO plugin v27.5 - https:\/\/yoast.com\/product\/yoast-seo-wordpress\/ -->\n<title>Migration Circulaire : 50 travailleurs mauritaniens en partance pour l&#039;Espagne apr\u00e8s un atelier de formation \u00e0 Nouakchott - Le Quotidien de Nouakchott<\/title>\n<meta name=\"robots\" content=\"index, follow, max-snippet:-1, max-image-preview:large, max-video-preview:-1\" \/>\n<link rel=\"canonical\" href=\"https:\/\/lequotidien.mr\/?p=31177&lang=fr\" \/>\n<meta property=\"og:locale\" content=\"ar_AR\" \/>\n<meta property=\"og:type\" content=\"article\" \/>\n<meta property=\"og:title\" content=\"Migration Circulaire : 50 travailleurs mauritaniens en partance pour l&#039;Espagne apr\u00e8s un atelier de formation \u00e0 Nouakchott - Le Quotidien de Nouakchott\" \/>\n<meta property=\"og:description\" content=\"La capitale Nouakchott a abrit\u00e9, lundi dernier, un atelier de formation au profit de cinquante travailleurs, marquant une \u00e9tape cruciale dans la mise en \u0153uvre du projet pilote de migration circulaire convenu entre la Mauritanie et le Royaume d&#8217;Espagne. Ce programme permettra aux b\u00e9n\u00e9ficiaires d\u2019effectuer des contrats de travail de neuf mois en Espagne, apr\u00e8s.....\" \/>\n<meta property=\"og:url\" content=\"https:\/\/lequotidien.mr\/?p=31177&amp;lang=fr\" \/>\n<meta property=\"og:site_name\" content=\"Le Quotidien de Nouakchott\" \/>\n<meta property=\"article:publisher\" content=\"https:\/\/web.facebook.com\/lequotidienmr\" \/>\n<meta property=\"article:published_time\" content=\"2025-09-24T13:12:35+00:00\" \/>\n<meta property=\"og:image\" content=\"https:\/\/lequotidien.mr\/wp-content\/uploads\/2025\/09\/photo-formatio-migration-travail-saisonnier.jpg\" \/>\n\t<meta property=\"og:image:width\" content=\"733\" \/>\n\t<meta property=\"og:image:height\" content=\"430\" \/>\n\t<meta property=\"og:image:type\" content=\"image\/jpeg\" \/>\n<meta name=\"author\" content=\"Med Ahmed\" \/>\n<meta name=\"twitter:card\" content=\"summary_large_image\" \/>\n<meta name=\"twitter:creator\" content=\"@lequotidienmr\" \/>\n<meta name=\"twitter:site\" content=\"@lequotidienmr\" \/>\n<meta name=\"twitter:label1\" content=\"\u0643\u064f\u062a\u0628 \u0628\u0648\u0627\u0633\u0637\u0629\" \/>\n\t<meta name=\"twitter:data1\" content=\"Med Ahmed\" \/>\n\t<meta name=\"twitter:label2\" content=\"\u0648\u0642\u062a \u0627\u0644\u0642\u0631\u0627\u0621\u0629 \u0627\u0644\u0645\u064f\u0642\u062f\u0651\u0631\" \/>\n\t<meta name=\"twitter:data2\" content=\"4 \u062f\u0642\u0627\u0626\u0642\" \/>\n<script type=\"application\/ld+json\" class=\"yoast-schema-graph\">{\"@context\":\"https:\\\/\\\/schema.org\",\"@graph\":[{\"@type\":\"Article\",\"@id\":\"https:\\\/\\\/lequotidien.mr\\\/?p=31177&lang=fr#article\",\"isPartOf\":{\"@id\":\"https:\\\/\\\/lequotidien.mr\\\/?p=31177&lang=fr\"},\"author\":{\"name\":\"Med Ahmed\",\"@id\":\"https:\\\/\\\/lequotidien.mr\\\/#\\\/schema\\\/person\\\/d2d350202a4d599685ed8abc25f97596\"},\"headline\":\"Migration Circulaire : 50 travailleurs mauritaniens en partance pour l&#8217;Espagne apr\u00e8s un atelier de formation \u00e0 Nouakchott\",\"datePublished\":\"2025-09-24T13:12:35+00:00\",\"mainEntityOfPage\":{\"@id\":\"https:\\\/\\\/lequotidien.mr\\\/?p=31177&lang=fr\"},\"wordCount\":540,\"commentCount\":0,\"publisher\":{\"@id\":\"https:\\\/\\\/lequotidien.mr\\\/#organization\"},\"image\":{\"@id\":\"https:\\\/\\\/lequotidien.mr\\\/?p=31177&lang=fr#primaryimage\"},\"thumbnailUrl\":\"https:\\\/\\\/lequotidien.mr\\\/wp-content\\\/uploads\\\/2025\\\/09\\\/photo-formatio-migration-travail-saisonnier.jpg\",\"articleSection\":[\"ACTUALIT\u00c9\",\"Economie\"],\"inLanguage\":\"ar\",\"potentialAction\":[{\"@type\":\"CommentAction\",\"name\":\"Comment\",\"target\":[\"https:\\\/\\\/lequotidien.mr\\\/?p=31177&lang=fr#respond\"]}]},{\"@type\":\"WebPage\",\"@id\":\"https:\\\/\\\/lequotidien.mr\\\/?p=31177&lang=fr\",\"url\":\"https:\\\/\\\/lequotidien.mr\\\/?p=31177&lang=fr\",\"name\":\"Migration Circulaire : 50 travailleurs mauritaniens en partance pour l'Espagne apr\u00e8s un atelier de formation \u00e0 Nouakchott - Le Quotidien de Nouakchott\",\"isPartOf\":{\"@id\":\"https:\\\/\\\/lequotidien.mr\\\/#website\"},\"primaryImageOfPage\":{\"@id\":\"https:\\\/\\\/lequotidien.mr\\\/?p=31177&lang=fr#primaryimage\"},\"image\":{\"@id\":\"https:\\\/\\\/lequotidien.mr\\\/?p=31177&lang=fr#primaryimage\"},\"thumbnailUrl\":\"https:\\\/\\\/lequotidien.mr\\\/wp-content\\\/uploads\\\/2025\\\/09\\\/photo-formatio-migration-travail-saisonnier.jpg\",\"datePublished\":\"2025-09-24T13:12:35+00:00\",\"breadcrumb\":{\"@id\":\"https:\\\/\\\/lequotidien.mr\\\/?p=31177&lang=fr#breadcrumb\"},\"inLanguage\":\"ar\",\"potentialAction\":[{\"@type\":\"ReadAction\",\"target\":[\"https:\\\/\\\/lequotidien.mr\\\/?p=31177&lang=fr\"]}]},{\"@type\":\"ImageObject\",\"inLanguage\":\"ar\",\"@id\":\"https:\\\/\\\/lequotidien.mr\\\/?p=31177&lang=fr#primaryimage\",\"url\":\"https:\\\/\\\/lequotidien.mr\\\/wp-content\\\/uploads\\\/2025\\\/09\\\/photo-formatio-migration-travail-saisonnier.jpg\",\"contentUrl\":\"https:\\\/\\\/lequotidien.mr\\\/wp-content\\\/uploads\\\/2025\\\/09\\\/photo-formatio-migration-travail-saisonnier.jpg\",\"width\":733,\"height\":430},{\"@type\":\"BreadcrumbList\",\"@id\":\"https:\\\/\\\/lequotidien.mr\\\/?p=31177&lang=fr#breadcrumb\",\"itemListElement\":[{\"@type\":\"ListItem\",\"position\":1,\"name\":\"Home\",\"item\":\"https:\\\/\\\/lequotidien.mr\\\/\"},{\"@type\":\"ListItem\",\"position\":2,\"name\":\"Migration Circulaire : 50 travailleurs mauritaniens en partance pour l&rsquo;Espagne apr\u00e8s un atelier de formation \u00e0 Nouakchott\"}]},{\"@type\":\"WebSite\",\"@id\":\"https:\\\/\\\/lequotidien.mr\\\/#website\",\"url\":\"https:\\\/\\\/lequotidien.mr\\\/\",\"name\":\"Le Quotidien de Nouakchott\",\"description\":\"\u0625\u062e\u0628\u0627\u0631\u064a\u0629 \u0645\u0633\u062a\u0642\u0644\u0629 \u0644\u0644\u0623\u0646\u0628\u0627\u0621 \u0627\u0644\u0639\u0627\u0645\u0629\",\"publisher\":{\"@id\":\"https:\\\/\\\/lequotidien.mr\\\/#organization\"},\"potentialAction\":[{\"@type\":\"SearchAction\",\"target\":{\"@type\":\"EntryPoint\",\"urlTemplate\":\"https:\\\/\\\/lequotidien.mr\\\/?s={search_term_string}\"},\"query-input\":{\"@type\":\"PropertyValueSpecification\",\"valueRequired\":true,\"valueName\":\"search_term_string\"}}],\"inLanguage\":\"ar\"},{\"@type\":\"Organization\",\"@id\":\"https:\\\/\\\/lequotidien.mr\\\/#organization\",\"name\":\"Le Quotidien de Nouakchott\",\"url\":\"https:\\\/\\\/lequotidien.mr\\\/\",\"logo\":{\"@type\":\"ImageObject\",\"inLanguage\":\"ar\",\"@id\":\"https:\\\/\\\/lequotidien.mr\\\/#\\\/schema\\\/logo\\\/image\\\/\",\"url\":\"https:\\\/\\\/lequotidien.mr\\\/wp-content\\\/uploads\\\/2022\\\/11\\\/logolequotidien.jpg\",\"contentUrl\":\"https:\\\/\\\/lequotidien.mr\\\/wp-content\\\/uploads\\\/2022\\\/11\\\/logolequotidien.jpg\",\"width\":290,\"height\":65,\"caption\":\"Le Quotidien de Nouakchott\"},\"image\":{\"@id\":\"https:\\\/\\\/lequotidien.mr\\\/#\\\/schema\\\/logo\\\/image\\\/\"},\"sameAs\":[\"https:\\\/\\\/web.facebook.com\\\/lequotidienmr\",\"https:\\\/\\\/x.com\\\/lequotidienmr\"]},{\"@type\":\"Person\",\"@id\":\"https:\\\/\\\/lequotidien.mr\\\/#\\\/schema\\\/person\\\/d2d350202a4d599685ed8abc25f97596\",\"name\":\"Med Ahmed\",\"image\":{\"@type\":\"ImageObject\",\"inLanguage\":\"ar\",\"@id\":\"https:\\\/\\\/secure.gravatar.com\\\/avatar\\\/fd2acc62ed50732923d1d39c17172c9b04149f142be92310ecc69e1358f94b52?s=96&d=mm&r=g\",\"url\":\"https:\\\/\\\/secure.gravatar.com\\\/avatar\\\/fd2acc62ed50732923d1d39c17172c9b04149f142be92310ecc69e1358f94b52?s=96&d=mm&r=g\",\"contentUrl\":\"https:\\\/\\\/secure.gravatar.com\\\/avatar\\\/fd2acc62ed50732923d1d39c17172c9b04149f142be92310ecc69e1358f94b52?s=96&d=mm&r=g\",\"caption\":\"Med Ahmed\"},\"url\":\"https:\\\/\\\/lequotidien.mr\\\/?author=12\"}]}<\/script>\n<!-- \/ Yoast SEO plugin. -->","yoast_head_json":{"title":"Migration Circulaire : 50 travailleurs mauritaniens en partance pour l'Espagne apr\u00e8s un atelier de formation \u00e0 Nouakchott - Le Quotidien de Nouakchott","robots":{"index":"index","follow":"follow","max-snippet":"max-snippet:-1","max-image-preview":"max-image-preview:large","max-video-preview":"max-video-preview:-1"},"canonical":"https:\/\/lequotidien.mr\/?p=31177&lang=fr","og_locale":"ar_AR","og_type":"article","og_title":"Migration Circulaire : 50 travailleurs mauritaniens en partance pour l'Espagne apr\u00e8s un atelier de formation \u00e0 Nouakchott - Le Quotidien de Nouakchott","og_description":"La capitale Nouakchott a abrit\u00e9, lundi dernier, un atelier de formation au profit de cinquante travailleurs, marquant une \u00e9tape cruciale dans la mise en \u0153uvre du projet pilote de migration circulaire convenu entre la Mauritanie et le Royaume d&#8217;Espagne. Ce programme permettra aux b\u00e9n\u00e9ficiaires d\u2019effectuer des contrats de travail de neuf mois en Espagne, apr\u00e8s.....","og_url":"https:\/\/lequotidien.mr\/?p=31177&lang=fr","og_site_name":"Le Quotidien de Nouakchott","article_publisher":"https:\/\/web.facebook.com\/lequotidienmr","article_published_time":"2025-09-24T13:12:35+00:00","og_image":[{"width":733,"height":430,"url":"https:\/\/lequotidien.mr\/wp-content\/uploads\/2025\/09\/photo-formatio-migration-travail-saisonnier.jpg","type":"image\/jpeg"}],"author":"Med Ahmed","twitter_card":"summary_large_image","twitter_creator":"@lequotidienmr","twitter_site":"@lequotidienmr","twitter_misc":{"\u0643\u064f\u062a\u0628 \u0628\u0648\u0627\u0633\u0637\u0629":"Med Ahmed","\u0648\u0642\u062a \u0627\u0644\u0642\u0631\u0627\u0621\u0629 \u0627\u0644\u0645\u064f\u0642\u062f\u0651\u0631":"4 \u062f\u0642\u0627\u0626\u0642"},"schema":{"@context":"https:\/\/schema.org","@graph":[{"@type":"Article","@id":"https:\/\/lequotidien.mr\/?p=31177&lang=fr#article","isPartOf":{"@id":"https:\/\/lequotidien.mr\/?p=31177&lang=fr"},"author":{"name":"Med Ahmed","@id":"https:\/\/lequotidien.mr\/#\/schema\/person\/d2d350202a4d599685ed8abc25f97596"},"headline":"Migration Circulaire : 50 travailleurs mauritaniens en partance pour l&#8217;Espagne apr\u00e8s un atelier de formation \u00e0 Nouakchott","datePublished":"2025-09-24T13:12:35+00:00","mainEntityOfPage":{"@id":"https:\/\/lequotidien.mr\/?p=31177&lang=fr"},"wordCount":540,"commentCount":0,"publisher":{"@id":"https:\/\/lequotidien.mr\/#organization"},"image":{"@id":"https:\/\/lequotidien.mr\/?p=31177&lang=fr#primaryimage"},"thumbnailUrl":"https:\/\/lequotidien.mr\/wp-content\/uploads\/2025\/09\/photo-formatio-migration-travail-saisonnier.jpg","articleSection":["ACTUALIT\u00c9","Economie"],"inLanguage":"ar","potentialAction":[{"@type":"CommentAction","name":"Comment","target":["https:\/\/lequotidien.mr\/?p=31177&lang=fr#respond"]}]},{"@type":"WebPage","@id":"https:\/\/lequotidien.mr\/?p=31177&lang=fr","url":"https:\/\/lequotidien.mr\/?p=31177&lang=fr","name":"Migration Circulaire : 50 travailleurs mauritaniens en partance pour l'Espagne apr\u00e8s un atelier de formation \u00e0 Nouakchott - Le Quotidien de Nouakchott","isPartOf":{"@id":"https:\/\/lequotidien.mr\/#website"},"primaryImageOfPage":{"@id":"https:\/\/lequotidien.mr\/?p=31177&lang=fr#primaryimage"},"image":{"@id":"https:\/\/lequotidien.mr\/?p=31177&lang=fr#primaryimage"},"thumbnailUrl":"https:\/\/lequotidien.mr\/wp-content\/uploads\/2025\/09\/photo-formatio-migration-travail-saisonnier.jpg","datePublished":"2025-09-24T13:12:35+00:00","breadcrumb":{"@id":"https:\/\/lequotidien.mr\/?p=31177&lang=fr#breadcrumb"},"inLanguage":"ar","potentialAction":[{"@type":"ReadAction","target":["https:\/\/lequotidien.mr\/?p=31177&lang=fr"]}]},{"@type":"ImageObject","inLanguage":"ar","@id":"https:\/\/lequotidien.mr\/?p=31177&lang=fr#primaryimage","url":"https:\/\/lequotidien.mr\/wp-content\/uploads\/2025\/09\/photo-formatio-migration-travail-saisonnier.jpg","contentUrl":"https:\/\/lequotidien.mr\/wp-content\/uploads\/2025\/09\/photo-formatio-migration-travail-saisonnier.jpg","width":733,"height":430},{"@type":"BreadcrumbList","@id":"https:\/\/lequotidien.mr\/?p=31177&lang=fr#breadcrumb","itemListElement":[{"@type":"ListItem","position":1,"name":"Home","item":"https:\/\/lequotidien.mr\/"},{"@type":"ListItem","position":2,"name":"Migration Circulaire : 50 travailleurs mauritaniens en partance pour l&rsquo;Espagne apr\u00e8s un atelier de formation \u00e0 Nouakchott"}]},{"@type":"WebSite","@id":"https:\/\/lequotidien.mr\/#website","url":"https:\/\/lequotidien.mr\/","name":"Le Quotidien de Nouakchott","description":"\u0625\u062e\u0628\u0627\u0631\u064a\u0629 \u0645\u0633\u062a\u0642\u0644\u0629 \u0644\u0644\u0623\u0646\u0628\u0627\u0621 \u0627\u0644\u0639\u0627\u0645\u0629","publisher":{"@id":"https:\/\/lequotidien.mr\/#organization"},"potentialAction":[{"@type":"SearchAction","target":{"@type":"EntryPoint","urlTemplate":"https:\/\/lequotidien.mr\/?s={search_term_string}"},"query-input":{"@type":"PropertyValueSpecification","valueRequired":true,"valueName":"search_term_string"}}],"inLanguage":"ar"},{"@type":"Organization","@id":"https:\/\/lequotidien.mr\/#organization","name":"Le Quotidien de Nouakchott","url":"https:\/\/lequotidien.mr\/","logo":{"@type":"ImageObject","inLanguage":"ar","@id":"https:\/\/lequotidien.mr\/#\/schema\/logo\/image\/","url":"https:\/\/lequotidien.mr\/wp-content\/uploads\/2022\/11\/logolequotidien.jpg","contentUrl":"https:\/\/lequotidien.mr\/wp-content\/uploads\/2022\/11\/logolequotidien.jpg","width":290,"height":65,"caption":"Le Quotidien de Nouakchott"},"image":{"@id":"https:\/\/lequotidien.mr\/#\/schema\/logo\/image\/"},"sameAs":["https:\/\/web.facebook.com\/lequotidienmr","https:\/\/x.com\/lequotidienmr"]},{"@type":"Person","@id":"https:\/\/lequotidien.mr\/#\/schema\/person\/d2d350202a4d599685ed8abc25f97596","name":"Med Ahmed","image":{"@type":"ImageObject","inLanguage":"ar","@id":"https:\/\/secure.gravatar.com\/avatar\/fd2acc62ed50732923d1d39c17172c9b04149f142be92310ecc69e1358f94b52?s=96&d=mm&r=g","url":"https:\/\/secure.gravatar.com\/avatar\/fd2acc62ed50732923d1d39c17172c9b04149f142be92310ecc69e1358f94b52?s=96&d=mm&r=g","contentUrl":"https:\/\/secure.gravatar.com\/avatar\/fd2acc62ed50732923d1d39c17172c9b04149f142be92310ecc69e1358f94b52?s=96&d=mm&r=g","caption":"Med Ahmed"},"url":"https:\/\/lequotidien.mr\/?author=12"}]}},"_links":{"self":[{"href":"https:\/\/lequotidien.mr\/index.php?rest_route=\/wp\/v2\/posts\/31177","targetHints":{"allow":["GET"]}}],"collection":[{"href":"https:\/\/lequotidien.mr\/index.php?rest_route=\/wp\/v2\/posts"}],"about":[{"href":"https:\/\/lequotidien.mr\/index.php?rest_route=\/wp\/v2\/types\/post"}],"author":[{"embeddable":true,"href":"https:\/\/lequotidien.mr\/index.php?rest_route=\/wp\/v2\/users\/12"}],"replies":[{"embeddable":true,"href":"https:\/\/lequotidien.mr\/index.php?rest_route=%2Fwp%2Fv2%2Fcomments&post=31177"}],"version-history":[{"count":1,"href":"https:\/\/lequotidien.mr\/index.php?rest_route=\/wp\/v2\/posts\/31177\/revisions"}],"predecessor-version":[{"id":31179,"href":"https:\/\/lequotidien.mr\/index.php?rest_route=\/wp\/v2\/posts\/31177\/revisions\/31179"}],"wp:featuredmedia":[{"embeddable":true,"href":"https:\/\/lequotidien.mr\/index.php?rest_route=\/wp\/v2\/media\/31178"}],"wp:attachment":[{"href":"https:\/\/lequotidien.mr\/index.php?rest_route=%2Fwp%2Fv2%2Fmedia&parent=31177"}],"wp:term":[{"taxonomy":"category","embeddable":true,"href":"https:\/\/lequotidien.mr\/index.php?rest_route=%2Fwp%2Fv2%2Fcategories&post=31177"},{"taxonomy":"post_tag","embeddable":true,"href":"https:\/\/lequotidien.mr\/index.php?rest_route=%2Fwp%2Fv2%2Ftags&post=31177"}],"curies":[{"name":"wp","href":"https:\/\/api.w.org\/{rel}","templated":true}]}}