{"id":31171,"date":"2025-09-24T12:28:14","date_gmt":"2025-09-24T12:28:14","guid":{"rendered":"https:\/\/lequotidien.mr\/?p=31171"},"modified":"2025-09-24T12:28:14","modified_gmt":"2025-09-24T12:28:14","slug":"le-ministre-des-affaires-economiques-et-du-developpement-preside-louverture-dun-atelier-national-sur-la-revision-du-code-des-marches-publics-et-du-systeme-de-passation-des-marches-de","status":"publish","type":"post","link":"https:\/\/lequotidien.mr\/?p=31171&lang=fr","title":{"rendered":"Le Ministre des Affaires \u00c9conomiques et du D\u00e9veloppement pr\u00e9side l\u2019ouverture d\u2019un atelier national sur la r\u00e9vision du Code des march\u00e9s publics et du syst\u00e8me de passation des march\u00e9s de la BCM"},"content":{"rendered":"<p>Le <strong>ministre des Affaires \u00e9conomiques et du D\u00e9veloppement, M. Abdallah Souleymane Cheikh Sidia<\/strong>, accompagn\u00e9 du <strong>gouverneur de la Banque centrale de Mauritanie (BCM), M. Mohamed Lemine Dhehbi<\/strong>, a pr\u00e9sid\u00e9, lundi apr\u00e8s-midi, la c\u00e9r\u00e9monie d\u2019ouverture de l\u2019atelier national consacr\u00e9 \u00e0 l\u2019\u00e9valuation et \u00e0 la r\u00e9vision du Code national des march\u00e9s publics et du syst\u00e8me de passation des march\u00e9s de la Banque centrale.<\/p>\n<p><strong>Une r\u00e9forme strat\u00e9gique pour la transparence et la performance<\/strong><\/p>\n<p>Cet atelier s\u2019inscrit dans le cadre d\u2019une strat\u00e9gie conjointe entre le minist\u00e8re des Affaires \u00e9conomiques et du D\u00e9veloppement et la BCM, visant \u00e0 examiner la r\u00e9forme en cours du syst\u00e8me de passation des march\u00e9s publics. Cette initiative traduit la volont\u00e9 affich\u00e9e des autorit\u00e9s mauritaniennes de renforcer la transparence, la redevabilit\u00e9 des acteurs publics et d\u2019am\u00e9liorer la performance de l\u2019administration.<\/p>\n<p><strong>Une large concertation pour une r\u00e9forme efficace<\/strong><\/p>\n<p>Dans son discours d\u2019ouverture, le ministre Cheikh Sidia a soulign\u00e9 que l\u2019organisation de ces concertations, avec la participation de repr\u00e9sentants des diff\u00e9rents acteurs (commissions des march\u00e9s, secteur priv\u00e9, soci\u00e9t\u00e9 civile, partenaires techniques et financiers), repr\u00e9sente <strong><em>\u00ab un choix d\u00e9lib\u00e9r\u00e9 du gouvernement visant \u00e0 mener une r\u00e9forme efficace, impuls\u00e9e par les acteurs de la passation des march\u00e9s \u00bb<\/em><\/strong>. Il a ajout\u00e9 que cette d\u00e9marche offre des solutions concr\u00e8tes aux d\u00e9fis rencontr\u00e9s sur le terrain.<\/p>\n<p>Le ministre a pr\u00e9cis\u00e9 que ce forum s\u2019inscrit directement dans la mise en \u0153uvre du programme du Pr\u00e9sident de la R\u00e9publique, <strong><em>\u00ab Mon Ambition pour la Nation \u00bb<\/em><\/strong>, qui place la bonne gouvernance et l\u2019efficacit\u00e9 des travaux publics au c\u0153ur des priorit\u00e9s nationales. Il a \u00e9galement salu\u00e9 le r\u00f4le pivot de la Banque Centrale de Mauritanie et son soutien continu \u00e0 cette mission.<\/p>\n<p><strong>La BCM, un partenaire engag\u00e9 dans la modernisation<\/strong><\/p>\n<p>Le ministre a tenu \u00e0 mettre en lumi\u00e8re l\u2019engagement de la Banque Centrale dans ce processus de r\u00e9forme, notant qu\u2019elle a adopt\u00e9 depuis pr\u00e8s d\u2019un an des pratiques exemplaires en mati\u00e8re de passation des march\u00e9s et s\u2019est dot\u00e9e d\u2019un syst\u00e8me \u00e9lectronique performant.<\/p>\n<p><strong>Rationalisation des d\u00e9penses et promotion des PME<\/strong><\/p>\n<p>En conclusion de son intervention, M. Chiekh Sidia a pr\u00e9sent\u00e9 les objectifs fondamentaux de cette r\u00e9forme. Celle-ci repr\u00e9sente, selon lui, <strong><em>\u00ab un v\u00e9ritable engagement en faveur de la rationalisation des d\u00e9penses publiques \u00bb <\/em><\/strong>et vise \u00e0 doter le pays <strong><em>\u00ab d\u2019un cadre juridique et institutionnel efficace et transparent, conforme aux normes en vigueur \u00bb<\/em><\/strong>. Un accent particulier est mis sur la facilitation de l\u2019acc\u00e8s des petites et moyennes entreprises (PME) nationales \u00e0 la commande publique, afin de permettre au secteur priv\u00e9 de jouer pleinement son r\u00f4le de partenaire \u00e9conomique incontournable.<\/p>\n<p><strong>Vers une num\u00e9risation compl\u00e8te des proc\u00e9dures<\/strong><\/p>\n<p>Il a par ailleurs \u00e9t\u00e9 not\u00e9 qu\u2019en parall\u00e8le de cette r\u00e9forme, une autre mission est mise en \u0153uvre par le minist\u00e8re de la Transformation num\u00e9rique et de la Modernisation de l\u2019administration, en coop\u00e9ration avec la Banque mondiale. Cette mission, qui doit s\u2019achever avant la fin de l\u2019ann\u00e9e, vise \u00e0 num\u00e9riser int\u00e9gralement les proc\u00e9dures de passation des march\u00e9s publics, renfor\u00e7ant ainsi l\u2019efficacit\u00e9 et la transparence du syst\u00e8me.<\/p>\n<p>Le lancement de cet atelier s\u2019est d\u00e9roul\u00e9 en pr\u00e9sence d\u2019une d\u00e9l\u00e9gation de haut niveau, comprenant notamment le ministre de la Transformation num\u00e9rique et de la Modernisation de l\u2019Administration, M. Ahmed Salem Beda Etchfagha ; le conseiller du Premier ministre charg\u00e9 de l\u2019\u00c9conomie et des Finances, M. Mohamed Lemine Hamadi ; la pr\u00e9sidente de l\u2019Autorit\u00e9 de r\u00e9gulation des march\u00e9s publics, Mme Khadijetou Bouka ; le repr\u00e9sentant r\u00e9sident de la Banque mondiale en Mauritanie, ainsi que de nombreux cadres des secteurs \u00e9conomique et financier. Cette large participation t\u00e9moigne de l\u2019importance nationale accord\u00e9e \u00e0 cette r\u00e9forme.<\/p>\n","protected":false},"excerpt":{"rendered":"<p>Le ministre des Affaires \u00e9conomiques et du D\u00e9veloppement, M. Abdallah Souleymane Cheikh Sidia, accompagn\u00e9 du gouverneur de la Banque centrale de Mauritanie (BCM), M. Mohamed Lemine Dhehbi, a pr\u00e9sid\u00e9, lundi apr\u00e8s-midi, la c\u00e9r\u00e9monie d\u2019ouverture de l\u2019atelier national consacr\u00e9 \u00e0 l\u2019\u00e9valuation et \u00e0 la r\u00e9vision du Code national des march\u00e9s publics et du syst\u00e8me de passation&#8230;..<\/p>\n","protected":false},"author":12,"featured_media":31172,"comment_status":"open","ping_status":"open","sticky":false,"template":"","format":"standard","meta":{"footnotes":""},"categories":[23,49],"tags":[],"class_list":["post-31171","post","type-post","status-publish","format-standard","has-post-thumbnail","hentry","category-actualite","category-economie"],"yoast_head":"<!-- This site is optimized with the Yoast SEO plugin v27.5 - https:\/\/yoast.com\/product\/yoast-seo-wordpress\/ -->\n<title>Le Ministre des Affaires \u00c9conomiques et du D\u00e9veloppement pr\u00e9side l\u2019ouverture d\u2019un atelier national sur la r\u00e9vision du Code des march\u00e9s publics et du syst\u00e8me de passation des march\u00e9s de la BCM - Le Quotidien de Nouakchott<\/title>\n<meta name=\"robots\" content=\"index, follow, max-snippet:-1, max-image-preview:large, max-video-preview:-1\" \/>\n<link rel=\"canonical\" href=\"https:\/\/lequotidien.mr\/?p=31171&lang=fr\" \/>\n<meta property=\"og:locale\" content=\"ar_AR\" \/>\n<meta property=\"og:type\" content=\"article\" \/>\n<meta property=\"og:title\" content=\"Le Ministre des Affaires \u00c9conomiques et du D\u00e9veloppement pr\u00e9side l\u2019ouverture d\u2019un atelier national sur la r\u00e9vision du Code des march\u00e9s publics et du syst\u00e8me de passation des march\u00e9s de la BCM - Le Quotidien de Nouakchott\" \/>\n<meta property=\"og:description\" content=\"Le ministre des Affaires \u00e9conomiques et du D\u00e9veloppement, M. Abdallah Souleymane Cheikh Sidia, accompagn\u00e9 du gouverneur de la Banque centrale de Mauritanie (BCM), M. Mohamed Lemine Dhehbi, a pr\u00e9sid\u00e9, lundi apr\u00e8s-midi, la c\u00e9r\u00e9monie d\u2019ouverture de l\u2019atelier national consacr\u00e9 \u00e0 l\u2019\u00e9valuation et \u00e0 la r\u00e9vision du Code national des march\u00e9s publics et du syst\u00e8me de passation.....\" \/>\n<meta property=\"og:url\" content=\"https:\/\/lequotidien.mr\/?p=31171&amp;lang=fr\" \/>\n<meta property=\"og:site_name\" content=\"Le Quotidien de Nouakchott\" \/>\n<meta property=\"article:publisher\" content=\"https:\/\/web.facebook.com\/lequotidienmr\" \/>\n<meta property=\"article:published_time\" content=\"2025-09-24T12:28:14+00:00\" \/>\n<meta property=\"og:image\" content=\"https:\/\/lequotidien.mr\/wp-content\/uploads\/2025\/09\/photo-code-marches-publics.jpg\" \/>\n\t<meta property=\"og:image:width\" content=\"607\" \/>\n\t<meta property=\"og:image:height\" content=\"430\" \/>\n\t<meta property=\"og:image:type\" content=\"image\/jpeg\" \/>\n<meta name=\"author\" content=\"Med Ahmed\" \/>\n<meta name=\"twitter:card\" content=\"summary_large_image\" \/>\n<meta name=\"twitter:creator\" content=\"@lequotidienmr\" \/>\n<meta name=\"twitter:site\" content=\"@lequotidienmr\" \/>\n<meta name=\"twitter:label1\" content=\"\u0643\u064f\u062a\u0628 \u0628\u0648\u0627\u0633\u0637\u0629\" \/>\n\t<meta name=\"twitter:data1\" content=\"Med Ahmed\" \/>\n\t<meta name=\"twitter:label2\" content=\"\u0648\u0642\u062a \u0627\u0644\u0642\u0631\u0627\u0621\u0629 \u0627\u0644\u0645\u064f\u0642\u062f\u0651\u0631\" \/>\n\t<meta name=\"twitter:data2\" content=\"5 \u062f\u0642\u0627\u0626\u0642\" \/>\n<script type=\"application\/ld+json\" class=\"yoast-schema-graph\">{\"@context\":\"https:\\\/\\\/schema.org\",\"@graph\":[{\"@type\":\"Article\",\"@id\":\"https:\\\/\\\/lequotidien.mr\\\/?p=31171&lang=fr#article\",\"isPartOf\":{\"@id\":\"https:\\\/\\\/lequotidien.mr\\\/?p=31171&lang=fr\"},\"author\":{\"name\":\"Med Ahmed\",\"@id\":\"https:\\\/\\\/lequotidien.mr\\\/#\\\/schema\\\/person\\\/d2d350202a4d599685ed8abc25f97596\"},\"headline\":\"Le Ministre des Affaires \u00c9conomiques et du D\u00e9veloppement pr\u00e9side l\u2019ouverture d\u2019un atelier national sur la r\u00e9vision du Code des march\u00e9s publics et du syst\u00e8me de passation des march\u00e9s de la BCM\",\"datePublished\":\"2025-09-24T12:28:14+00:00\",\"mainEntityOfPage\":{\"@id\":\"https:\\\/\\\/lequotidien.mr\\\/?p=31171&lang=fr\"},\"wordCount\":715,\"commentCount\":0,\"publisher\":{\"@id\":\"https:\\\/\\\/lequotidien.mr\\\/#organization\"},\"image\":{\"@id\":\"https:\\\/\\\/lequotidien.mr\\\/?p=31171&lang=fr#primaryimage\"},\"thumbnailUrl\":\"https:\\\/\\\/lequotidien.mr\\\/wp-content\\\/uploads\\\/2025\\\/09\\\/photo-code-marches-publics.jpg\",\"articleSection\":[\"ACTUALIT\u00c9\",\"Economie\"],\"inLanguage\":\"ar\",\"potentialAction\":[{\"@type\":\"CommentAction\",\"name\":\"Comment\",\"target\":[\"https:\\\/\\\/lequotidien.mr\\\/?p=31171&lang=fr#respond\"]}]},{\"@type\":\"WebPage\",\"@id\":\"https:\\\/\\\/lequotidien.mr\\\/?p=31171&lang=fr\",\"url\":\"https:\\\/\\\/lequotidien.mr\\\/?p=31171&lang=fr\",\"name\":\"Le Ministre des Affaires \u00c9conomiques et du D\u00e9veloppement pr\u00e9side l\u2019ouverture d\u2019un atelier national sur la r\u00e9vision du Code des march\u00e9s publics et du syst\u00e8me de passation des march\u00e9s de la BCM - Le Quotidien de Nouakchott\",\"isPartOf\":{\"@id\":\"https:\\\/\\\/lequotidien.mr\\\/#website\"},\"primaryImageOfPage\":{\"@id\":\"https:\\\/\\\/lequotidien.mr\\\/?p=31171&lang=fr#primaryimage\"},\"image\":{\"@id\":\"https:\\\/\\\/lequotidien.mr\\\/?p=31171&lang=fr#primaryimage\"},\"thumbnailUrl\":\"https:\\\/\\\/lequotidien.mr\\\/wp-content\\\/uploads\\\/2025\\\/09\\\/photo-code-marches-publics.jpg\",\"datePublished\":\"2025-09-24T12:28:14+00:00\",\"breadcrumb\":{\"@id\":\"https:\\\/\\\/lequotidien.mr\\\/?p=31171&lang=fr#breadcrumb\"},\"inLanguage\":\"ar\",\"potentialAction\":[{\"@type\":\"ReadAction\",\"target\":[\"https:\\\/\\\/lequotidien.mr\\\/?p=31171&lang=fr\"]}]},{\"@type\":\"ImageObject\",\"inLanguage\":\"ar\",\"@id\":\"https:\\\/\\\/lequotidien.mr\\\/?p=31171&lang=fr#primaryimage\",\"url\":\"https:\\\/\\\/lequotidien.mr\\\/wp-content\\\/uploads\\\/2025\\\/09\\\/photo-code-marches-publics.jpg\",\"contentUrl\":\"https:\\\/\\\/lequotidien.mr\\\/wp-content\\\/uploads\\\/2025\\\/09\\\/photo-code-marches-publics.jpg\",\"width\":607,\"height\":430},{\"@type\":\"BreadcrumbList\",\"@id\":\"https:\\\/\\\/lequotidien.mr\\\/?p=31171&lang=fr#breadcrumb\",\"itemListElement\":[{\"@type\":\"ListItem\",\"position\":1,\"name\":\"Home\",\"item\":\"https:\\\/\\\/lequotidien.mr\\\/\"},{\"@type\":\"ListItem\",\"position\":2,\"name\":\"Le Ministre des Affaires \u00c9conomiques et du D\u00e9veloppement pr\u00e9side l\u2019ouverture d\u2019un atelier national sur la r\u00e9vision du Code des march\u00e9s publics et du syst\u00e8me de passation des march\u00e9s de la BCM\"}]},{\"@type\":\"WebSite\",\"@id\":\"https:\\\/\\\/lequotidien.mr\\\/#website\",\"url\":\"https:\\\/\\\/lequotidien.mr\\\/\",\"name\":\"Le Quotidien de Nouakchott\",\"description\":\"\u0625\u062e\u0628\u0627\u0631\u064a\u0629 \u0645\u0633\u062a\u0642\u0644\u0629 \u0644\u0644\u0623\u0646\u0628\u0627\u0621 \u0627\u0644\u0639\u0627\u0645\u0629\",\"publisher\":{\"@id\":\"https:\\\/\\\/lequotidien.mr\\\/#organization\"},\"potentialAction\":[{\"@type\":\"SearchAction\",\"target\":{\"@type\":\"EntryPoint\",\"urlTemplate\":\"https:\\\/\\\/lequotidien.mr\\\/?s={search_term_string}\"},\"query-input\":{\"@type\":\"PropertyValueSpecification\",\"valueRequired\":true,\"valueName\":\"search_term_string\"}}],\"inLanguage\":\"ar\"},{\"@type\":\"Organization\",\"@id\":\"https:\\\/\\\/lequotidien.mr\\\/#organization\",\"name\":\"Le Quotidien de Nouakchott\",\"url\":\"https:\\\/\\\/lequotidien.mr\\\/\",\"logo\":{\"@type\":\"ImageObject\",\"inLanguage\":\"ar\",\"@id\":\"https:\\\/\\\/lequotidien.mr\\\/#\\\/schema\\\/logo\\\/image\\\/\",\"url\":\"https:\\\/\\\/lequotidien.mr\\\/wp-content\\\/uploads\\\/2022\\\/11\\\/logolequotidien.jpg\",\"contentUrl\":\"https:\\\/\\\/lequotidien.mr\\\/wp-content\\\/uploads\\\/2022\\\/11\\\/logolequotidien.jpg\",\"width\":290,\"height\":65,\"caption\":\"Le Quotidien de Nouakchott\"},\"image\":{\"@id\":\"https:\\\/\\\/lequotidien.mr\\\/#\\\/schema\\\/logo\\\/image\\\/\"},\"sameAs\":[\"https:\\\/\\\/web.facebook.com\\\/lequotidienmr\",\"https:\\\/\\\/x.com\\\/lequotidienmr\"]},{\"@type\":\"Person\",\"@id\":\"https:\\\/\\\/lequotidien.mr\\\/#\\\/schema\\\/person\\\/d2d350202a4d599685ed8abc25f97596\",\"name\":\"Med Ahmed\",\"image\":{\"@type\":\"ImageObject\",\"inLanguage\":\"ar\",\"@id\":\"https:\\\/\\\/secure.gravatar.com\\\/avatar\\\/fd2acc62ed50732923d1d39c17172c9b04149f142be92310ecc69e1358f94b52?s=96&d=mm&r=g\",\"url\":\"https:\\\/\\\/secure.gravatar.com\\\/avatar\\\/fd2acc62ed50732923d1d39c17172c9b04149f142be92310ecc69e1358f94b52?s=96&d=mm&r=g\",\"contentUrl\":\"https:\\\/\\\/secure.gravatar.com\\\/avatar\\\/fd2acc62ed50732923d1d39c17172c9b04149f142be92310ecc69e1358f94b52?s=96&d=mm&r=g\",\"caption\":\"Med Ahmed\"},\"url\":\"https:\\\/\\\/lequotidien.mr\\\/?author=12\"}]}<\/script>\n<!-- \/ Yoast SEO plugin. -->","yoast_head_json":{"title":"Le Ministre des Affaires \u00c9conomiques et du D\u00e9veloppement pr\u00e9side l\u2019ouverture d\u2019un atelier national sur la r\u00e9vision du Code des march\u00e9s publics et du syst\u00e8me de passation des march\u00e9s de la BCM - Le Quotidien de Nouakchott","robots":{"index":"index","follow":"follow","max-snippet":"max-snippet:-1","max-image-preview":"max-image-preview:large","max-video-preview":"max-video-preview:-1"},"canonical":"https:\/\/lequotidien.mr\/?p=31171&lang=fr","og_locale":"ar_AR","og_type":"article","og_title":"Le Ministre des Affaires \u00c9conomiques et du D\u00e9veloppement pr\u00e9side l\u2019ouverture d\u2019un atelier national sur la r\u00e9vision du Code des march\u00e9s publics et du syst\u00e8me de passation des march\u00e9s de la BCM - Le Quotidien de Nouakchott","og_description":"Le ministre des Affaires \u00e9conomiques et du D\u00e9veloppement, M. Abdallah Souleymane Cheikh Sidia, accompagn\u00e9 du gouverneur de la Banque centrale de Mauritanie (BCM), M. Mohamed Lemine Dhehbi, a pr\u00e9sid\u00e9, lundi apr\u00e8s-midi, la c\u00e9r\u00e9monie d\u2019ouverture de l\u2019atelier national consacr\u00e9 \u00e0 l\u2019\u00e9valuation et \u00e0 la r\u00e9vision du Code national des march\u00e9s publics et du syst\u00e8me de passation.....","og_url":"https:\/\/lequotidien.mr\/?p=31171&lang=fr","og_site_name":"Le Quotidien de Nouakchott","article_publisher":"https:\/\/web.facebook.com\/lequotidienmr","article_published_time":"2025-09-24T12:28:14+00:00","og_image":[{"width":607,"height":430,"url":"https:\/\/lequotidien.mr\/wp-content\/uploads\/2025\/09\/photo-code-marches-publics.jpg","type":"image\/jpeg"}],"author":"Med Ahmed","twitter_card":"summary_large_image","twitter_creator":"@lequotidienmr","twitter_site":"@lequotidienmr","twitter_misc":{"\u0643\u064f\u062a\u0628 \u0628\u0648\u0627\u0633\u0637\u0629":"Med Ahmed","\u0648\u0642\u062a \u0627\u0644\u0642\u0631\u0627\u0621\u0629 \u0627\u0644\u0645\u064f\u0642\u062f\u0651\u0631":"5 \u062f\u0642\u0627\u0626\u0642"},"schema":{"@context":"https:\/\/schema.org","@graph":[{"@type":"Article","@id":"https:\/\/lequotidien.mr\/?p=31171&lang=fr#article","isPartOf":{"@id":"https:\/\/lequotidien.mr\/?p=31171&lang=fr"},"author":{"name":"Med Ahmed","@id":"https:\/\/lequotidien.mr\/#\/schema\/person\/d2d350202a4d599685ed8abc25f97596"},"headline":"Le Ministre des Affaires \u00c9conomiques et du D\u00e9veloppement pr\u00e9side l\u2019ouverture d\u2019un atelier national sur la r\u00e9vision du Code des march\u00e9s publics et du syst\u00e8me de passation des march\u00e9s de la BCM","datePublished":"2025-09-24T12:28:14+00:00","mainEntityOfPage":{"@id":"https:\/\/lequotidien.mr\/?p=31171&lang=fr"},"wordCount":715,"commentCount":0,"publisher":{"@id":"https:\/\/lequotidien.mr\/#organization"},"image":{"@id":"https:\/\/lequotidien.mr\/?p=31171&lang=fr#primaryimage"},"thumbnailUrl":"https:\/\/lequotidien.mr\/wp-content\/uploads\/2025\/09\/photo-code-marches-publics.jpg","articleSection":["ACTUALIT\u00c9","Economie"],"inLanguage":"ar","potentialAction":[{"@type":"CommentAction","name":"Comment","target":["https:\/\/lequotidien.mr\/?p=31171&lang=fr#respond"]}]},{"@type":"WebPage","@id":"https:\/\/lequotidien.mr\/?p=31171&lang=fr","url":"https:\/\/lequotidien.mr\/?p=31171&lang=fr","name":"Le Ministre des Affaires \u00c9conomiques et du D\u00e9veloppement pr\u00e9side l\u2019ouverture d\u2019un atelier national sur la r\u00e9vision du Code des march\u00e9s publics et du syst\u00e8me de passation des march\u00e9s de la BCM - Le Quotidien de Nouakchott","isPartOf":{"@id":"https:\/\/lequotidien.mr\/#website"},"primaryImageOfPage":{"@id":"https:\/\/lequotidien.mr\/?p=31171&lang=fr#primaryimage"},"image":{"@id":"https:\/\/lequotidien.mr\/?p=31171&lang=fr#primaryimage"},"thumbnailUrl":"https:\/\/lequotidien.mr\/wp-content\/uploads\/2025\/09\/photo-code-marches-publics.jpg","datePublished":"2025-09-24T12:28:14+00:00","breadcrumb":{"@id":"https:\/\/lequotidien.mr\/?p=31171&lang=fr#breadcrumb"},"inLanguage":"ar","potentialAction":[{"@type":"ReadAction","target":["https:\/\/lequotidien.mr\/?p=31171&lang=fr"]}]},{"@type":"ImageObject","inLanguage":"ar","@id":"https:\/\/lequotidien.mr\/?p=31171&lang=fr#primaryimage","url":"https:\/\/lequotidien.mr\/wp-content\/uploads\/2025\/09\/photo-code-marches-publics.jpg","contentUrl":"https:\/\/lequotidien.mr\/wp-content\/uploads\/2025\/09\/photo-code-marches-publics.jpg","width":607,"height":430},{"@type":"BreadcrumbList","@id":"https:\/\/lequotidien.mr\/?p=31171&lang=fr#breadcrumb","itemListElement":[{"@type":"ListItem","position":1,"name":"Home","item":"https:\/\/lequotidien.mr\/"},{"@type":"ListItem","position":2,"name":"Le Ministre des Affaires \u00c9conomiques et du D\u00e9veloppement pr\u00e9side l\u2019ouverture d\u2019un atelier national sur la r\u00e9vision du Code des march\u00e9s publics et du syst\u00e8me de passation des march\u00e9s de la BCM"}]},{"@type":"WebSite","@id":"https:\/\/lequotidien.mr\/#website","url":"https:\/\/lequotidien.mr\/","name":"Le Quotidien de Nouakchott","description":"\u0625\u062e\u0628\u0627\u0631\u064a\u0629 \u0645\u0633\u062a\u0642\u0644\u0629 \u0644\u0644\u0623\u0646\u0628\u0627\u0621 \u0627\u0644\u0639\u0627\u0645\u0629","publisher":{"@id":"https:\/\/lequotidien.mr\/#organization"},"potentialAction":[{"@type":"SearchAction","target":{"@type":"EntryPoint","urlTemplate":"https:\/\/lequotidien.mr\/?s={search_term_string}"},"query-input":{"@type":"PropertyValueSpecification","valueRequired":true,"valueName":"search_term_string"}}],"inLanguage":"ar"},{"@type":"Organization","@id":"https:\/\/lequotidien.mr\/#organization","name":"Le Quotidien de Nouakchott","url":"https:\/\/lequotidien.mr\/","logo":{"@type":"ImageObject","inLanguage":"ar","@id":"https:\/\/lequotidien.mr\/#\/schema\/logo\/image\/","url":"https:\/\/lequotidien.mr\/wp-content\/uploads\/2022\/11\/logolequotidien.jpg","contentUrl":"https:\/\/lequotidien.mr\/wp-content\/uploads\/2022\/11\/logolequotidien.jpg","width":290,"height":65,"caption":"Le Quotidien de Nouakchott"},"image":{"@id":"https:\/\/lequotidien.mr\/#\/schema\/logo\/image\/"},"sameAs":["https:\/\/web.facebook.com\/lequotidienmr","https:\/\/x.com\/lequotidienmr"]},{"@type":"Person","@id":"https:\/\/lequotidien.mr\/#\/schema\/person\/d2d350202a4d599685ed8abc25f97596","name":"Med Ahmed","image":{"@type":"ImageObject","inLanguage":"ar","@id":"https:\/\/secure.gravatar.com\/avatar\/fd2acc62ed50732923d1d39c17172c9b04149f142be92310ecc69e1358f94b52?s=96&d=mm&r=g","url":"https:\/\/secure.gravatar.com\/avatar\/fd2acc62ed50732923d1d39c17172c9b04149f142be92310ecc69e1358f94b52?s=96&d=mm&r=g","contentUrl":"https:\/\/secure.gravatar.com\/avatar\/fd2acc62ed50732923d1d39c17172c9b04149f142be92310ecc69e1358f94b52?s=96&d=mm&r=g","caption":"Med Ahmed"},"url":"https:\/\/lequotidien.mr\/?author=12"}]}},"_links":{"self":[{"href":"https:\/\/lequotidien.mr\/index.php?rest_route=\/wp\/v2\/posts\/31171","targetHints":{"allow":["GET"]}}],"collection":[{"href":"https:\/\/lequotidien.mr\/index.php?rest_route=\/wp\/v2\/posts"}],"about":[{"href":"https:\/\/lequotidien.mr\/index.php?rest_route=\/wp\/v2\/types\/post"}],"author":[{"embeddable":true,"href":"https:\/\/lequotidien.mr\/index.php?rest_route=\/wp\/v2\/users\/12"}],"replies":[{"embeddable":true,"href":"https:\/\/lequotidien.mr\/index.php?rest_route=%2Fwp%2Fv2%2Fcomments&post=31171"}],"version-history":[{"count":1,"href":"https:\/\/lequotidien.mr\/index.php?rest_route=\/wp\/v2\/posts\/31171\/revisions"}],"predecessor-version":[{"id":31173,"href":"https:\/\/lequotidien.mr\/index.php?rest_route=\/wp\/v2\/posts\/31171\/revisions\/31173"}],"wp:featuredmedia":[{"embeddable":true,"href":"https:\/\/lequotidien.mr\/index.php?rest_route=\/wp\/v2\/media\/31172"}],"wp:attachment":[{"href":"https:\/\/lequotidien.mr\/index.php?rest_route=%2Fwp%2Fv2%2Fmedia&parent=31171"}],"wp:term":[{"taxonomy":"category","embeddable":true,"href":"https:\/\/lequotidien.mr\/index.php?rest_route=%2Fwp%2Fv2%2Fcategories&post=31171"},{"taxonomy":"post_tag","embeddable":true,"href":"https:\/\/lequotidien.mr\/index.php?rest_route=%2Fwp%2Fv2%2Ftags&post=31171"}],"curies":[{"name":"wp","href":"https:\/\/api.w.org\/{rel}","templated":true}]}}