{"id":31167,"date":"2025-09-24T11:57:43","date_gmt":"2025-09-24T11:57:43","guid":{"rendered":"https:\/\/lequotidien.mr\/?p=31167"},"modified":"2025-09-24T11:59:42","modified_gmt":"2025-09-24T11:59:42","slug":"le-ministre-medou-preside-une-reunion-sur-la-creation-de-parcs-culturels-avec-lappui-de-lalgerie","status":"publish","type":"post","link":"https:\/\/lequotidien.mr\/?p=31167&lang=fr","title":{"rendered":"Le Ministre Medou pr\u00e9side une r\u00e9union sur la cr\u00e9ation de parcs culturels avec l\u2019appui de l\u2019Alg\u00e9rie"},"content":{"rendered":"<p>Le <strong>Ministre de la Culture, des Arts, de la Communication et des Relations avec le Parlement, Porte-parole du Gouvernement, Monsieur El Houssein Medou<\/strong>, a pr\u00e9sid\u00e9 samedi dernier, depuis son bureau \u00e0 Nouakchott, une r\u00e9union de haut niveau consacr\u00e9e \u00e0 la restitution des r\u00e9sultats d\u2019une visite conjointe mauritano-alg\u00e9rienne. Cette mission, effectu\u00e9e le 15 de ce mois dans les wilayas de l\u2019<strong>Adrar<\/strong> et du <strong>Tagant<\/strong>, marque une \u00e9tape cruciale vers la concr\u00e9tisation de parcs culturels en Mauritanie.<\/p>\n<p><strong>Une coop\u00e9ration bilat\u00e9rale renforc\u00e9e<\/strong><\/p>\n<p>La r\u00e9union, qui s\u2019est d\u00e9roul\u00e9e en pr\u00e9sence de <strong>l\u2019Ambassadeur d\u2019Alg\u00e9rie en Mauritanie, Monsieur Amine Abderrahmane Said<\/strong>, s\u2019inscrit dans le cadre du renforcement continu de la coop\u00e9ration mauritano-alg\u00e9rienne, particuli\u00e8rement dans le domaine strat\u00e9gique de la protection et de la valorisation du patrimoine culturel. Cette collaboration active t\u00e9moigne de la volont\u00e9 commune des deux pays de pr\u00e9server un h\u00e9ritage historique d\u2019une richesse exceptionnelle.<\/p>\n<p><strong>Cinq jours de travail sur le terrain pour un projet ambitieux<\/strong><\/p>\n<p>Au cours d\u2019une visite de cinq jours, les d\u00e9l\u00e9gations des minist\u00e8res de la Culture des deux pays ont travaill\u00e9 \u00e0 la pr\u00e9paration et \u00e0 la mise en place d\u2019un syst\u00e8me innovant de parcs culturels. Le projet pilote concerne deux sites majeurs :<\/p>\n<p><strong>-Dans la wilaya de l\u2019Adrar<\/strong>\u00a0: Un parc sera d\u00e9di\u00e9 \u00e0 la mise en valeur des <strong>peintures et gravures rupestres<\/strong>, t\u00e9moignages pr\u00e9cieux des civilisations anciennes.<\/p>\n<p><strong>-Dans la wilaya du Tagant<\/strong>\u00a0: Un second parc sera ax\u00e9 sur la <strong>r\u00e9alit\u00e9 du Pal\u00e9olithique<\/strong>, offrant un panorama unique sur les p\u00e9riodes les plus anciennes de l&#8217;humanit\u00e9.<\/p>\n<p><strong>Des sites d&#8217;exception au c\u0153ur du projet<\/strong><\/p>\n<p>Lors de la r\u00e9union, <strong>Monsieur Sid El Mokhtar Ettlamid, chef du secteur national de la conservation du patrimoine<\/strong>, a d\u00e9taill\u00e9 l\u2019itin\u00e9raire de la mission. Les d\u00e9l\u00e9gations ont inspect\u00e9 plusieurs sites arch\u00e9ologiques et culturels de premier plan, dont le site d\u2019<strong>Azougui<\/strong> (class\u00e9 au patrimoine islamique), la ville historique de <strong>Chinguetti<\/strong>, la ville de <strong>Rachid<\/strong>, la tombe d\u2019Abou Bakr Ibn Amer, ainsi que d\u2019autres sites inscrits au patrimoine mondial. M. Ettlamid a soulign\u00e9 que cette mission alg\u00e9rienne concr\u00e9tise \u00e0 la fois la coop\u00e9ration bilat\u00e9rale et le programme du Pr\u00e9sident de la R\u00e9publique, <strong><em>\u00ab Mon ambition pour la nation \u00bb<\/em><\/strong>, qui vise au d\u00e9veloppement du patrimoine culturel mat\u00e9riel et immat\u00e9riel.<\/p>\n<p><strong>Cr\u00e9er des espaces de protection pour un d\u00e9veloppement durable<\/strong><\/p>\n<p>Intervenant \u00e0 son tour, Monsieur Sarhane Gheran, conseiller et inspecteur du patrimoine culturel au minist\u00e8re alg\u00e9rien de la Culture et des Arts, a mis en avant les objectifs du projet. \u00ab La cr\u00e9ation de ces parcs culturels permettra de cr\u00e9er des espaces de protection pour l\u2019exploitation durable du patrimoine culturel mauritanien \u00bb, a-t-il d\u00e9clar\u00e9. Il a confirm\u00e9 que la visite a permis une inspection technique approfondie de nombreux sites patrimoniaux et historiques, qui font non seulement la fiert\u00e9 de la Mauritanie mais qui appartiennent \u00e9galement au patrimoine mondial de l\u2019humanit\u00e9.<\/p>\n<p>Cette r\u00e9union de restitution pr\u00e9sid\u00e9e par le Ministre El Houssein Medou marque une avanc\u00e9e significative dans le projet de cr\u00e9ation des parcs culturels. En associant expertise nationale et exp\u00e9rience alg\u00e9rienne reconnue, la Mauritanie s\u2019engage r\u00e9solument dans une d\u00e9marche de valorisation de son patrimoine, visant \u00e0 le prot\u00e9ger, \u00e0 le rendre accessible et \u00e0 en faire un levier de d\u00e9veloppement culturel et \u00e9conomique pour les r\u00e9gions concern\u00e9es.<\/p>\n","protected":false},"excerpt":{"rendered":"<p>Le Ministre de la Culture, des Arts, de la Communication et des Relations avec le Parlement, Porte-parole du Gouvernement, Monsieur El Houssein Medou, a pr\u00e9sid\u00e9 samedi dernier, depuis son bureau \u00e0 Nouakchott, une r\u00e9union de haut niveau consacr\u00e9e \u00e0 la restitution des r\u00e9sultats d\u2019une visite conjointe mauritano-alg\u00e9rienne. Cette mission, effectu\u00e9e le 15 de ce mois&#8230;..<\/p>\n","protected":false},"author":12,"featured_media":31168,"comment_status":"open","ping_status":"open","sticky":false,"template":"","format":"standard","meta":{"footnotes":""},"categories":[23,55],"tags":[],"class_list":["post-31167","post","type-post","status-publish","format-standard","has-post-thumbnail","hentry","category-actualite","category-culture"],"yoast_head":"<!-- This site is optimized with the Yoast SEO plugin v27.5 - https:\/\/yoast.com\/product\/yoast-seo-wordpress\/ -->\n<title>Le Ministre Medou pr\u00e9side une r\u00e9union sur la cr\u00e9ation de parcs culturels avec l\u2019appui de l\u2019Alg\u00e9rie - Le Quotidien de Nouakchott<\/title>\n<meta name=\"robots\" content=\"index, follow, max-snippet:-1, max-image-preview:large, max-video-preview:-1\" \/>\n<link rel=\"canonical\" href=\"https:\/\/lequotidien.mr\/?p=31167&lang=fr\" \/>\n<meta property=\"og:locale\" content=\"ar_AR\" \/>\n<meta property=\"og:type\" content=\"article\" \/>\n<meta property=\"og:title\" content=\"Le Ministre Medou pr\u00e9side une r\u00e9union sur la cr\u00e9ation de parcs culturels avec l\u2019appui de l\u2019Alg\u00e9rie - Le Quotidien de Nouakchott\" \/>\n<meta property=\"og:description\" content=\"Le Ministre de la Culture, des Arts, de la Communication et des Relations avec le Parlement, Porte-parole du Gouvernement, Monsieur El Houssein Medou, a pr\u00e9sid\u00e9 samedi dernier, depuis son bureau \u00e0 Nouakchott, une r\u00e9union de haut niveau consacr\u00e9e \u00e0 la restitution des r\u00e9sultats d\u2019une visite conjointe mauritano-alg\u00e9rienne. Cette mission, effectu\u00e9e le 15 de ce mois.....\" \/>\n<meta property=\"og:url\" content=\"https:\/\/lequotidien.mr\/?p=31167&amp;lang=fr\" \/>\n<meta property=\"og:site_name\" content=\"Le Quotidien de Nouakchott\" \/>\n<meta property=\"article:publisher\" content=\"https:\/\/web.facebook.com\/lequotidienmr\" \/>\n<meta property=\"article:published_time\" content=\"2025-09-24T11:57:43+00:00\" \/>\n<meta property=\"article:modified_time\" content=\"2025-09-24T11:59:42+00:00\" \/>\n<meta property=\"og:image\" content=\"https:\/\/lequotidien.mr\/wp-content\/uploads\/2025\/09\/photo-visite-culturelle.jpg\" \/>\n\t<meta property=\"og:image:width\" content=\"750\" \/>\n\t<meta property=\"og:image:height\" content=\"430\" \/>\n\t<meta property=\"og:image:type\" content=\"image\/jpeg\" \/>\n<meta name=\"author\" content=\"Med Ahmed\" \/>\n<meta name=\"twitter:card\" content=\"summary_large_image\" \/>\n<meta name=\"twitter:creator\" content=\"@lequotidienmr\" \/>\n<meta name=\"twitter:site\" content=\"@lequotidienmr\" \/>\n<meta name=\"twitter:label1\" content=\"\u0643\u064f\u062a\u0628 \u0628\u0648\u0627\u0633\u0637\u0629\" \/>\n\t<meta name=\"twitter:data1\" content=\"Med Ahmed\" \/>\n\t<meta name=\"twitter:label2\" content=\"\u0648\u0642\u062a \u0627\u0644\u0642\u0631\u0627\u0621\u0629 \u0627\u0644\u0645\u064f\u0642\u062f\u0651\u0631\" \/>\n\t<meta name=\"twitter:data2\" content=\"4 \u062f\u0642\u0627\u0626\u0642\" \/>\n<script type=\"application\/ld+json\" class=\"yoast-schema-graph\">{\"@context\":\"https:\\\/\\\/schema.org\",\"@graph\":[{\"@type\":\"Article\",\"@id\":\"https:\\\/\\\/lequotidien.mr\\\/?p=31167&lang=fr#article\",\"isPartOf\":{\"@id\":\"https:\\\/\\\/lequotidien.mr\\\/?p=31167&lang=fr\"},\"author\":{\"name\":\"Med Ahmed\",\"@id\":\"https:\\\/\\\/lequotidien.mr\\\/#\\\/schema\\\/person\\\/d2d350202a4d599685ed8abc25f97596\"},\"headline\":\"Le Ministre Medou pr\u00e9side une r\u00e9union sur la cr\u00e9ation de parcs culturels avec l\u2019appui de l\u2019Alg\u00e9rie\",\"datePublished\":\"2025-09-24T11:57:43+00:00\",\"dateModified\":\"2025-09-24T11:59:42+00:00\",\"mainEntityOfPage\":{\"@id\":\"https:\\\/\\\/lequotidien.mr\\\/?p=31167&lang=fr\"},\"wordCount\":617,\"commentCount\":0,\"publisher\":{\"@id\":\"https:\\\/\\\/lequotidien.mr\\\/#organization\"},\"image\":{\"@id\":\"https:\\\/\\\/lequotidien.mr\\\/?p=31167&lang=fr#primaryimage\"},\"thumbnailUrl\":\"https:\\\/\\\/lequotidien.mr\\\/wp-content\\\/uploads\\\/2025\\\/09\\\/photo-visite-culturelle.jpg\",\"articleSection\":[\"ACTUALIT\u00c9\",\"Culture\"],\"inLanguage\":\"ar\",\"potentialAction\":[{\"@type\":\"CommentAction\",\"name\":\"Comment\",\"target\":[\"https:\\\/\\\/lequotidien.mr\\\/?p=31167&lang=fr#respond\"]}]},{\"@type\":\"WebPage\",\"@id\":\"https:\\\/\\\/lequotidien.mr\\\/?p=31167&lang=fr\",\"url\":\"https:\\\/\\\/lequotidien.mr\\\/?p=31167&lang=fr\",\"name\":\"Le Ministre Medou pr\u00e9side une r\u00e9union sur la cr\u00e9ation de parcs culturels avec l\u2019appui de l\u2019Alg\u00e9rie - Le Quotidien de Nouakchott\",\"isPartOf\":{\"@id\":\"https:\\\/\\\/lequotidien.mr\\\/#website\"},\"primaryImageOfPage\":{\"@id\":\"https:\\\/\\\/lequotidien.mr\\\/?p=31167&lang=fr#primaryimage\"},\"image\":{\"@id\":\"https:\\\/\\\/lequotidien.mr\\\/?p=31167&lang=fr#primaryimage\"},\"thumbnailUrl\":\"https:\\\/\\\/lequotidien.mr\\\/wp-content\\\/uploads\\\/2025\\\/09\\\/photo-visite-culturelle.jpg\",\"datePublished\":\"2025-09-24T11:57:43+00:00\",\"dateModified\":\"2025-09-24T11:59:42+00:00\",\"breadcrumb\":{\"@id\":\"https:\\\/\\\/lequotidien.mr\\\/?p=31167&lang=fr#breadcrumb\"},\"inLanguage\":\"ar\",\"potentialAction\":[{\"@type\":\"ReadAction\",\"target\":[\"https:\\\/\\\/lequotidien.mr\\\/?p=31167&lang=fr\"]}]},{\"@type\":\"ImageObject\",\"inLanguage\":\"ar\",\"@id\":\"https:\\\/\\\/lequotidien.mr\\\/?p=31167&lang=fr#primaryimage\",\"url\":\"https:\\\/\\\/lequotidien.mr\\\/wp-content\\\/uploads\\\/2025\\\/09\\\/photo-visite-culturelle.jpg\",\"contentUrl\":\"https:\\\/\\\/lequotidien.mr\\\/wp-content\\\/uploads\\\/2025\\\/09\\\/photo-visite-culturelle.jpg\",\"width\":750,\"height\":430},{\"@type\":\"BreadcrumbList\",\"@id\":\"https:\\\/\\\/lequotidien.mr\\\/?p=31167&lang=fr#breadcrumb\",\"itemListElement\":[{\"@type\":\"ListItem\",\"position\":1,\"name\":\"Home\",\"item\":\"https:\\\/\\\/lequotidien.mr\\\/\"},{\"@type\":\"ListItem\",\"position\":2,\"name\":\"Le Ministre Medou pr\u00e9side une r\u00e9union sur la cr\u00e9ation de parcs culturels avec l\u2019appui de l\u2019Alg\u00e9rie\"}]},{\"@type\":\"WebSite\",\"@id\":\"https:\\\/\\\/lequotidien.mr\\\/#website\",\"url\":\"https:\\\/\\\/lequotidien.mr\\\/\",\"name\":\"Le Quotidien de Nouakchott\",\"description\":\"\u0625\u062e\u0628\u0627\u0631\u064a\u0629 \u0645\u0633\u062a\u0642\u0644\u0629 \u0644\u0644\u0623\u0646\u0628\u0627\u0621 \u0627\u0644\u0639\u0627\u0645\u0629\",\"publisher\":{\"@id\":\"https:\\\/\\\/lequotidien.mr\\\/#organization\"},\"potentialAction\":[{\"@type\":\"SearchAction\",\"target\":{\"@type\":\"EntryPoint\",\"urlTemplate\":\"https:\\\/\\\/lequotidien.mr\\\/?s={search_term_string}\"},\"query-input\":{\"@type\":\"PropertyValueSpecification\",\"valueRequired\":true,\"valueName\":\"search_term_string\"}}],\"inLanguage\":\"ar\"},{\"@type\":\"Organization\",\"@id\":\"https:\\\/\\\/lequotidien.mr\\\/#organization\",\"name\":\"Le Quotidien de Nouakchott\",\"url\":\"https:\\\/\\\/lequotidien.mr\\\/\",\"logo\":{\"@type\":\"ImageObject\",\"inLanguage\":\"ar\",\"@id\":\"https:\\\/\\\/lequotidien.mr\\\/#\\\/schema\\\/logo\\\/image\\\/\",\"url\":\"https:\\\/\\\/lequotidien.mr\\\/wp-content\\\/uploads\\\/2022\\\/11\\\/logolequotidien.jpg\",\"contentUrl\":\"https:\\\/\\\/lequotidien.mr\\\/wp-content\\\/uploads\\\/2022\\\/11\\\/logolequotidien.jpg\",\"width\":290,\"height\":65,\"caption\":\"Le Quotidien de Nouakchott\"},\"image\":{\"@id\":\"https:\\\/\\\/lequotidien.mr\\\/#\\\/schema\\\/logo\\\/image\\\/\"},\"sameAs\":[\"https:\\\/\\\/web.facebook.com\\\/lequotidienmr\",\"https:\\\/\\\/x.com\\\/lequotidienmr\"]},{\"@type\":\"Person\",\"@id\":\"https:\\\/\\\/lequotidien.mr\\\/#\\\/schema\\\/person\\\/d2d350202a4d599685ed8abc25f97596\",\"name\":\"Med Ahmed\",\"image\":{\"@type\":\"ImageObject\",\"inLanguage\":\"ar\",\"@id\":\"https:\\\/\\\/secure.gravatar.com\\\/avatar\\\/fd2acc62ed50732923d1d39c17172c9b04149f142be92310ecc69e1358f94b52?s=96&d=mm&r=g\",\"url\":\"https:\\\/\\\/secure.gravatar.com\\\/avatar\\\/fd2acc62ed50732923d1d39c17172c9b04149f142be92310ecc69e1358f94b52?s=96&d=mm&r=g\",\"contentUrl\":\"https:\\\/\\\/secure.gravatar.com\\\/avatar\\\/fd2acc62ed50732923d1d39c17172c9b04149f142be92310ecc69e1358f94b52?s=96&d=mm&r=g\",\"caption\":\"Med Ahmed\"},\"url\":\"https:\\\/\\\/lequotidien.mr\\\/?author=12\"}]}<\/script>\n<!-- \/ Yoast SEO plugin. -->","yoast_head_json":{"title":"Le Ministre Medou pr\u00e9side une r\u00e9union sur la cr\u00e9ation de parcs culturels avec l\u2019appui de l\u2019Alg\u00e9rie - Le Quotidien de Nouakchott","robots":{"index":"index","follow":"follow","max-snippet":"max-snippet:-1","max-image-preview":"max-image-preview:large","max-video-preview":"max-video-preview:-1"},"canonical":"https:\/\/lequotidien.mr\/?p=31167&lang=fr","og_locale":"ar_AR","og_type":"article","og_title":"Le Ministre Medou pr\u00e9side une r\u00e9union sur la cr\u00e9ation de parcs culturels avec l\u2019appui de l\u2019Alg\u00e9rie - Le Quotidien de Nouakchott","og_description":"Le Ministre de la Culture, des Arts, de la Communication et des Relations avec le Parlement, Porte-parole du Gouvernement, Monsieur El Houssein Medou, a pr\u00e9sid\u00e9 samedi dernier, depuis son bureau \u00e0 Nouakchott, une r\u00e9union de haut niveau consacr\u00e9e \u00e0 la restitution des r\u00e9sultats d\u2019une visite conjointe mauritano-alg\u00e9rienne. Cette mission, effectu\u00e9e le 15 de ce mois.....","og_url":"https:\/\/lequotidien.mr\/?p=31167&lang=fr","og_site_name":"Le Quotidien de Nouakchott","article_publisher":"https:\/\/web.facebook.com\/lequotidienmr","article_published_time":"2025-09-24T11:57:43+00:00","article_modified_time":"2025-09-24T11:59:42+00:00","og_image":[{"width":750,"height":430,"url":"https:\/\/lequotidien.mr\/wp-content\/uploads\/2025\/09\/photo-visite-culturelle.jpg","type":"image\/jpeg"}],"author":"Med Ahmed","twitter_card":"summary_large_image","twitter_creator":"@lequotidienmr","twitter_site":"@lequotidienmr","twitter_misc":{"\u0643\u064f\u062a\u0628 \u0628\u0648\u0627\u0633\u0637\u0629":"Med Ahmed","\u0648\u0642\u062a \u0627\u0644\u0642\u0631\u0627\u0621\u0629 \u0627\u0644\u0645\u064f\u0642\u062f\u0651\u0631":"4 \u062f\u0642\u0627\u0626\u0642"},"schema":{"@context":"https:\/\/schema.org","@graph":[{"@type":"Article","@id":"https:\/\/lequotidien.mr\/?p=31167&lang=fr#article","isPartOf":{"@id":"https:\/\/lequotidien.mr\/?p=31167&lang=fr"},"author":{"name":"Med Ahmed","@id":"https:\/\/lequotidien.mr\/#\/schema\/person\/d2d350202a4d599685ed8abc25f97596"},"headline":"Le Ministre Medou pr\u00e9side une r\u00e9union sur la cr\u00e9ation de parcs culturels avec l\u2019appui de l\u2019Alg\u00e9rie","datePublished":"2025-09-24T11:57:43+00:00","dateModified":"2025-09-24T11:59:42+00:00","mainEntityOfPage":{"@id":"https:\/\/lequotidien.mr\/?p=31167&lang=fr"},"wordCount":617,"commentCount":0,"publisher":{"@id":"https:\/\/lequotidien.mr\/#organization"},"image":{"@id":"https:\/\/lequotidien.mr\/?p=31167&lang=fr#primaryimage"},"thumbnailUrl":"https:\/\/lequotidien.mr\/wp-content\/uploads\/2025\/09\/photo-visite-culturelle.jpg","articleSection":["ACTUALIT\u00c9","Culture"],"inLanguage":"ar","potentialAction":[{"@type":"CommentAction","name":"Comment","target":["https:\/\/lequotidien.mr\/?p=31167&lang=fr#respond"]}]},{"@type":"WebPage","@id":"https:\/\/lequotidien.mr\/?p=31167&lang=fr","url":"https:\/\/lequotidien.mr\/?p=31167&lang=fr","name":"Le Ministre Medou pr\u00e9side une r\u00e9union sur la cr\u00e9ation de parcs culturels avec l\u2019appui de l\u2019Alg\u00e9rie - Le Quotidien de Nouakchott","isPartOf":{"@id":"https:\/\/lequotidien.mr\/#website"},"primaryImageOfPage":{"@id":"https:\/\/lequotidien.mr\/?p=31167&lang=fr#primaryimage"},"image":{"@id":"https:\/\/lequotidien.mr\/?p=31167&lang=fr#primaryimage"},"thumbnailUrl":"https:\/\/lequotidien.mr\/wp-content\/uploads\/2025\/09\/photo-visite-culturelle.jpg","datePublished":"2025-09-24T11:57:43+00:00","dateModified":"2025-09-24T11:59:42+00:00","breadcrumb":{"@id":"https:\/\/lequotidien.mr\/?p=31167&lang=fr#breadcrumb"},"inLanguage":"ar","potentialAction":[{"@type":"ReadAction","target":["https:\/\/lequotidien.mr\/?p=31167&lang=fr"]}]},{"@type":"ImageObject","inLanguage":"ar","@id":"https:\/\/lequotidien.mr\/?p=31167&lang=fr#primaryimage","url":"https:\/\/lequotidien.mr\/wp-content\/uploads\/2025\/09\/photo-visite-culturelle.jpg","contentUrl":"https:\/\/lequotidien.mr\/wp-content\/uploads\/2025\/09\/photo-visite-culturelle.jpg","width":750,"height":430},{"@type":"BreadcrumbList","@id":"https:\/\/lequotidien.mr\/?p=31167&lang=fr#breadcrumb","itemListElement":[{"@type":"ListItem","position":1,"name":"Home","item":"https:\/\/lequotidien.mr\/"},{"@type":"ListItem","position":2,"name":"Le Ministre Medou pr\u00e9side une r\u00e9union sur la cr\u00e9ation de parcs culturels avec l\u2019appui de l\u2019Alg\u00e9rie"}]},{"@type":"WebSite","@id":"https:\/\/lequotidien.mr\/#website","url":"https:\/\/lequotidien.mr\/","name":"Le Quotidien de Nouakchott","description":"\u0625\u062e\u0628\u0627\u0631\u064a\u0629 \u0645\u0633\u062a\u0642\u0644\u0629 \u0644\u0644\u0623\u0646\u0628\u0627\u0621 \u0627\u0644\u0639\u0627\u0645\u0629","publisher":{"@id":"https:\/\/lequotidien.mr\/#organization"},"potentialAction":[{"@type":"SearchAction","target":{"@type":"EntryPoint","urlTemplate":"https:\/\/lequotidien.mr\/?s={search_term_string}"},"query-input":{"@type":"PropertyValueSpecification","valueRequired":true,"valueName":"search_term_string"}}],"inLanguage":"ar"},{"@type":"Organization","@id":"https:\/\/lequotidien.mr\/#organization","name":"Le Quotidien de Nouakchott","url":"https:\/\/lequotidien.mr\/","logo":{"@type":"ImageObject","inLanguage":"ar","@id":"https:\/\/lequotidien.mr\/#\/schema\/logo\/image\/","url":"https:\/\/lequotidien.mr\/wp-content\/uploads\/2022\/11\/logolequotidien.jpg","contentUrl":"https:\/\/lequotidien.mr\/wp-content\/uploads\/2022\/11\/logolequotidien.jpg","width":290,"height":65,"caption":"Le Quotidien de Nouakchott"},"image":{"@id":"https:\/\/lequotidien.mr\/#\/schema\/logo\/image\/"},"sameAs":["https:\/\/web.facebook.com\/lequotidienmr","https:\/\/x.com\/lequotidienmr"]},{"@type":"Person","@id":"https:\/\/lequotidien.mr\/#\/schema\/person\/d2d350202a4d599685ed8abc25f97596","name":"Med Ahmed","image":{"@type":"ImageObject","inLanguage":"ar","@id":"https:\/\/secure.gravatar.com\/avatar\/fd2acc62ed50732923d1d39c17172c9b04149f142be92310ecc69e1358f94b52?s=96&d=mm&r=g","url":"https:\/\/secure.gravatar.com\/avatar\/fd2acc62ed50732923d1d39c17172c9b04149f142be92310ecc69e1358f94b52?s=96&d=mm&r=g","contentUrl":"https:\/\/secure.gravatar.com\/avatar\/fd2acc62ed50732923d1d39c17172c9b04149f142be92310ecc69e1358f94b52?s=96&d=mm&r=g","caption":"Med Ahmed"},"url":"https:\/\/lequotidien.mr\/?author=12"}]}},"_links":{"self":[{"href":"https:\/\/lequotidien.mr\/index.php?rest_route=\/wp\/v2\/posts\/31167","targetHints":{"allow":["GET"]}}],"collection":[{"href":"https:\/\/lequotidien.mr\/index.php?rest_route=\/wp\/v2\/posts"}],"about":[{"href":"https:\/\/lequotidien.mr\/index.php?rest_route=\/wp\/v2\/types\/post"}],"author":[{"embeddable":true,"href":"https:\/\/lequotidien.mr\/index.php?rest_route=\/wp\/v2\/users\/12"}],"replies":[{"embeddable":true,"href":"https:\/\/lequotidien.mr\/index.php?rest_route=%2Fwp%2Fv2%2Fcomments&post=31167"}],"version-history":[{"count":2,"href":"https:\/\/lequotidien.mr\/index.php?rest_route=\/wp\/v2\/posts\/31167\/revisions"}],"predecessor-version":[{"id":31170,"href":"https:\/\/lequotidien.mr\/index.php?rest_route=\/wp\/v2\/posts\/31167\/revisions\/31170"}],"wp:featuredmedia":[{"embeddable":true,"href":"https:\/\/lequotidien.mr\/index.php?rest_route=\/wp\/v2\/media\/31168"}],"wp:attachment":[{"href":"https:\/\/lequotidien.mr\/index.php?rest_route=%2Fwp%2Fv2%2Fmedia&parent=31167"}],"wp:term":[{"taxonomy":"category","embeddable":true,"href":"https:\/\/lequotidien.mr\/index.php?rest_route=%2Fwp%2Fv2%2Fcategories&post=31167"},{"taxonomy":"post_tag","embeddable":true,"href":"https:\/\/lequotidien.mr\/index.php?rest_route=%2Fwp%2Fv2%2Ftags&post=31167"}],"curies":[{"name":"wp","href":"https:\/\/api.w.org\/{rel}","templated":true}]}}