{"id":31111,"date":"2025-09-21T14:03:22","date_gmt":"2025-09-21T14:03:22","guid":{"rendered":"https:\/\/lequotidien.mr\/?p=31111"},"modified":"2025-09-21T14:03:22","modified_gmt":"2025-09-21T14:03:22","slug":"lancement-du-programme-developpement-des-villes-de-taazour-a-boulehrath-4-milliards-mro-pour-un-pole-rural-integre","status":"publish","type":"post","link":"https:\/\/lequotidien.mr\/?p=31111&lang=fr","title":{"rendered":"Lancement du programme \u00ab D\u00e9veloppement des villes de Taazour \u00bb \u00e0 Boulehrath : 4 milliards MRO pour un p\u00f4le rural int\u00e9gr\u00e9"},"content":{"rendered":"<p>Une c\u00e9r\u00e9monie significative pour le d\u00e9veloppement local s&#8217;est d\u00e9roul\u00e9e, vendredi soir, dans la <strong>commune de Boulehrath, moughataa de Bark\u00e9ol<\/strong>. <strong>Le D\u00e9l\u00e9gu\u00e9 g\u00e9n\u00e9ral \u00e0 la Solidarit\u00e9 nationale et \u00e0 la Lutte contre l\u2019exclusion (Taazour), M. Cheikh Abdallahi Bedde<\/strong>, a supervis\u00e9 le lancement officiel du programme <strong><em>\u00ab D\u00e9veloppement des villes de Taazour \u00bb<\/em><\/strong>, en pr\u00e9sence d\u2019une d\u00e9l\u00e9gation de haut niveau comprenant <strong>le ministre d\u00e9l\u00e9gu\u00e9 aupr\u00e8s du ministre de l\u2019Int\u00e9rieur, M. Yacoub Salem Vall, et le wali adjoint de l\u2019Assaba, M. Mohamed Fadel Tour\u00e9<\/strong>.<\/p>\n<p><strong>Premi\u00e8re pierre pour des projets structurants<\/strong><\/p>\n<p>La c\u00e9r\u00e9monie a \u00e9t\u00e9 marqu\u00e9e par la pose symbolique de la premi\u00e8re pierre d\u2019un vaste ensemble de projets destin\u00e9s \u00e0 transformer la localit\u00e9. Ces infrastructures, \u00e0 la fois sociales et administratives, comprendront notamment la\u00a0<strong>construction de logements sociaux<\/strong>, de\u00a0<strong>foyers<\/strong>\u00a0et d\u2019un\u00a0<strong>si\u00e8ge municipal<\/strong>\u00a0moderne. Ces r\u00e9alisations concr\u00e8tes visent \u00e0 doter la commune d&#8217;\u00e9quipements de base et \u00e0 am\u00e9liorer le cadre de vie de ses habitants.<\/p>\n<p>Dans son allocution, le D\u00e9l\u00e9gu\u00e9 G\u00e9n\u00e9ral, M. Cheikh Abdallahi Bedde, a situ\u00e9 ce lancement dans le cadre de la mise en \u0153uvre des\u00a0directives du <strong>Pr\u00e9sident de la R\u00e9publique, M. Mohamed Cheikh El Ghazouani<\/strong>. Il a soulign\u00e9 que l&#8217;objectif central est de renforcer le d\u00e9veloppement local en regroupant\u00a0<strong>53 petits villages<\/strong>\u00a0alentours au sein d\u2019un\u00a0<strong>p\u00f4le rural int\u00e9gr\u00e9<\/strong>.<\/p>\n<p><strong><em>\u00ab Ce p\u00f4le offrira \u00e0 ses habitants un acc\u00e8s facilit\u00e9 \u00e0 l\u2019\u00e9ducation, \u00e0 des infrastructures de qualit\u00e9 et \u00e0 l\u2019ensemble des services de base n\u00e9cessaires \u00e0 une vie digne \u00bb<\/em><\/strong>, a-t-il expliqu\u00e9. Pour concr\u00e9tiser cette ambition, la commune de Boulehrath b\u00e9n\u00e9ficiera d\u2019un\u00a0<strong>financement substantiel de pr\u00e8s de quatre milliards d\u2019anciens ouguiyas<\/strong>\u00a0(environ 40 millions MRU) destin\u00e9 \u00e0 r\u00e9pondre \u00e0 ses besoins de d\u00e9veloppement les plus pressants.<\/p>\n<p><strong>Une avanc\u00e9e majeure salu\u00e9e par les autorit\u00e9s locales<\/strong><\/p>\n<p>Le <strong>pr\u00e9sident de la r\u00e9gion de l\u2019Assaba, M. Mohamed Mahmoud Habib<\/strong>, a chaleureusement salu\u00e9 le choix port\u00e9 sur Boulehrath pour abriter ce programme structurant. Il a consid\u00e9r\u00e9 ce lancement comme\u00a0une avanc\u00e9e majeure\u00a0pour toute la r\u00e9gion.<\/p>\n<p>Selon lui, ce programme est un levier essentiel pour renforcer les infrastructures sanitaires et \u00e9ducatives, exploiter judicieusement les ressources naturelles et impulser un\u00a0d\u00e9veloppement global et durable\u00a0au profit des populations de l&#8217;Assaba.<\/p>\n<p>Ce projet s\u2019inscrit dans la droite ligne de la politique gouvernementale visant \u00e0 r\u00e9duire les disparit\u00e9s territoriales et \u00e0 lutter contre l\u2019exclusion en apportant des solutions concr\u00e8tes et int\u00e9gr\u00e9es aux populations des zones rurales.<\/p>\n","protected":false},"excerpt":{"rendered":"<p>Une c\u00e9r\u00e9monie significative pour le d\u00e9veloppement local s&#8217;est d\u00e9roul\u00e9e, vendredi soir, dans la commune de Boulehrath, moughataa de Bark\u00e9ol. Le D\u00e9l\u00e9gu\u00e9 g\u00e9n\u00e9ral \u00e0 la Solidarit\u00e9 nationale et \u00e0 la Lutte contre l\u2019exclusion (Taazour), M. Cheikh Abdallahi Bedde, a supervis\u00e9 le lancement officiel du programme \u00ab D\u00e9veloppement des villes de Taazour \u00bb, en pr\u00e9sence d\u2019une d\u00e9l\u00e9gation&#8230;..<\/p>\n","protected":false},"author":12,"featured_media":31112,"comment_status":"open","ping_status":"open","sticky":false,"template":"","format":"standard","meta":{"footnotes":""},"categories":[23,49],"tags":[],"class_list":["post-31111","post","type-post","status-publish","format-standard","has-post-thumbnail","hentry","category-actualite","category-economie"],"yoast_head":"<!-- This site is optimized with the Yoast SEO plugin v27.5 - https:\/\/yoast.com\/product\/yoast-seo-wordpress\/ -->\n<title>Lancement du programme \u00ab D\u00e9veloppement des villes de Taazour \u00bb \u00e0 Boulehrath : 4 milliards MRO pour un p\u00f4le rural int\u00e9gr\u00e9 - Le Quotidien de Nouakchott<\/title>\n<meta name=\"robots\" content=\"index, follow, max-snippet:-1, max-image-preview:large, max-video-preview:-1\" \/>\n<link rel=\"canonical\" href=\"https:\/\/lequotidien.mr\/?p=31111&lang=fr\" \/>\n<meta property=\"og:locale\" content=\"ar_AR\" \/>\n<meta property=\"og:type\" content=\"article\" \/>\n<meta property=\"og:title\" content=\"Lancement du programme \u00ab D\u00e9veloppement des villes de Taazour \u00bb \u00e0 Boulehrath : 4 milliards MRO pour un p\u00f4le rural int\u00e9gr\u00e9 - Le Quotidien de Nouakchott\" \/>\n<meta property=\"og:description\" content=\"Une c\u00e9r\u00e9monie significative pour le d\u00e9veloppement local s&#8217;est d\u00e9roul\u00e9e, vendredi soir, dans la commune de Boulehrath, moughataa de Bark\u00e9ol. Le D\u00e9l\u00e9gu\u00e9 g\u00e9n\u00e9ral \u00e0 la Solidarit\u00e9 nationale et \u00e0 la Lutte contre l\u2019exclusion (Taazour), M. Cheikh Abdallahi Bedde, a supervis\u00e9 le lancement officiel du programme \u00ab D\u00e9veloppement des villes de Taazour \u00bb, en pr\u00e9sence d\u2019une d\u00e9l\u00e9gation.....\" \/>\n<meta property=\"og:url\" content=\"https:\/\/lequotidien.mr\/?p=31111&amp;lang=fr\" \/>\n<meta property=\"og:site_name\" content=\"Le Quotidien de Nouakchott\" \/>\n<meta property=\"article:publisher\" content=\"https:\/\/web.facebook.com\/lequotidienmr\" \/>\n<meta property=\"article:published_time\" content=\"2025-09-21T14:03:22+00:00\" \/>\n<meta property=\"og:image\" content=\"https:\/\/lequotidien.mr\/wp-content\/uploads\/2025\/09\/photo-villes-Taazour.jpg\" \/>\n\t<meta property=\"og:image:width\" content=\"578\" \/>\n\t<meta property=\"og:image:height\" content=\"410\" \/>\n\t<meta property=\"og:image:type\" content=\"image\/jpeg\" \/>\n<meta name=\"author\" content=\"Med Ahmed\" \/>\n<meta name=\"twitter:card\" content=\"summary_large_image\" \/>\n<meta name=\"twitter:creator\" content=\"@lequotidienmr\" \/>\n<meta name=\"twitter:site\" content=\"@lequotidienmr\" \/>\n<meta name=\"twitter:label1\" content=\"\u0643\u064f\u062a\u0628 \u0628\u0648\u0627\u0633\u0637\u0629\" \/>\n\t<meta name=\"twitter:data1\" content=\"Med Ahmed\" \/>\n\t<meta name=\"twitter:label2\" content=\"\u0648\u0642\u062a \u0627\u0644\u0642\u0631\u0627\u0621\u0629 \u0627\u0644\u0645\u064f\u0642\u062f\u0651\u0631\" \/>\n\t<meta name=\"twitter:data2\" content=\"3 \u062f\u0642\u0627\u0626\u0642\" \/>\n<script type=\"application\/ld+json\" class=\"yoast-schema-graph\">{\"@context\":\"https:\\\/\\\/schema.org\",\"@graph\":[{\"@type\":\"Article\",\"@id\":\"https:\\\/\\\/lequotidien.mr\\\/?p=31111&lang=fr#article\",\"isPartOf\":{\"@id\":\"https:\\\/\\\/lequotidien.mr\\\/?p=31111&lang=fr\"},\"author\":{\"name\":\"Med Ahmed\",\"@id\":\"https:\\\/\\\/lequotidien.mr\\\/#\\\/schema\\\/person\\\/d2d350202a4d599685ed8abc25f97596\"},\"headline\":\"Lancement du programme \u00ab D\u00e9veloppement des villes de Taazour \u00bb \u00e0 Boulehrath : 4 milliards MRO pour un p\u00f4le rural int\u00e9gr\u00e9\",\"datePublished\":\"2025-09-21T14:03:22+00:00\",\"mainEntityOfPage\":{\"@id\":\"https:\\\/\\\/lequotidien.mr\\\/?p=31111&lang=fr\"},\"wordCount\":465,\"commentCount\":0,\"publisher\":{\"@id\":\"https:\\\/\\\/lequotidien.mr\\\/#organization\"},\"image\":{\"@id\":\"https:\\\/\\\/lequotidien.mr\\\/?p=31111&lang=fr#primaryimage\"},\"thumbnailUrl\":\"https:\\\/\\\/lequotidien.mr\\\/wp-content\\\/uploads\\\/2025\\\/09\\\/photo-villes-Taazour.jpg\",\"articleSection\":[\"ACTUALIT\u00c9\",\"Economie\"],\"inLanguage\":\"ar\",\"potentialAction\":[{\"@type\":\"CommentAction\",\"name\":\"Comment\",\"target\":[\"https:\\\/\\\/lequotidien.mr\\\/?p=31111&lang=fr#respond\"]}]},{\"@type\":\"WebPage\",\"@id\":\"https:\\\/\\\/lequotidien.mr\\\/?p=31111&lang=fr\",\"url\":\"https:\\\/\\\/lequotidien.mr\\\/?p=31111&lang=fr\",\"name\":\"Lancement du programme \u00ab D\u00e9veloppement des villes de Taazour \u00bb \u00e0 Boulehrath : 4 milliards MRO pour un p\u00f4le rural int\u00e9gr\u00e9 - Le Quotidien de Nouakchott\",\"isPartOf\":{\"@id\":\"https:\\\/\\\/lequotidien.mr\\\/#website\"},\"primaryImageOfPage\":{\"@id\":\"https:\\\/\\\/lequotidien.mr\\\/?p=31111&lang=fr#primaryimage\"},\"image\":{\"@id\":\"https:\\\/\\\/lequotidien.mr\\\/?p=31111&lang=fr#primaryimage\"},\"thumbnailUrl\":\"https:\\\/\\\/lequotidien.mr\\\/wp-content\\\/uploads\\\/2025\\\/09\\\/photo-villes-Taazour.jpg\",\"datePublished\":\"2025-09-21T14:03:22+00:00\",\"breadcrumb\":{\"@id\":\"https:\\\/\\\/lequotidien.mr\\\/?p=31111&lang=fr#breadcrumb\"},\"inLanguage\":\"ar\",\"potentialAction\":[{\"@type\":\"ReadAction\",\"target\":[\"https:\\\/\\\/lequotidien.mr\\\/?p=31111&lang=fr\"]}]},{\"@type\":\"ImageObject\",\"inLanguage\":\"ar\",\"@id\":\"https:\\\/\\\/lequotidien.mr\\\/?p=31111&lang=fr#primaryimage\",\"url\":\"https:\\\/\\\/lequotidien.mr\\\/wp-content\\\/uploads\\\/2025\\\/09\\\/photo-villes-Taazour.jpg\",\"contentUrl\":\"https:\\\/\\\/lequotidien.mr\\\/wp-content\\\/uploads\\\/2025\\\/09\\\/photo-villes-Taazour.jpg\",\"width\":578,\"height\":410},{\"@type\":\"BreadcrumbList\",\"@id\":\"https:\\\/\\\/lequotidien.mr\\\/?p=31111&lang=fr#breadcrumb\",\"itemListElement\":[{\"@type\":\"ListItem\",\"position\":1,\"name\":\"Home\",\"item\":\"https:\\\/\\\/lequotidien.mr\\\/\"},{\"@type\":\"ListItem\",\"position\":2,\"name\":\"Lancement du programme \u00ab D\u00e9veloppement des villes de Taazour \u00bb \u00e0 Boulehrath : 4 milliards MRO pour un p\u00f4le rural int\u00e9gr\u00e9\"}]},{\"@type\":\"WebSite\",\"@id\":\"https:\\\/\\\/lequotidien.mr\\\/#website\",\"url\":\"https:\\\/\\\/lequotidien.mr\\\/\",\"name\":\"Le Quotidien de Nouakchott\",\"description\":\"\u0625\u062e\u0628\u0627\u0631\u064a\u0629 \u0645\u0633\u062a\u0642\u0644\u0629 \u0644\u0644\u0623\u0646\u0628\u0627\u0621 \u0627\u0644\u0639\u0627\u0645\u0629\",\"publisher\":{\"@id\":\"https:\\\/\\\/lequotidien.mr\\\/#organization\"},\"potentialAction\":[{\"@type\":\"SearchAction\",\"target\":{\"@type\":\"EntryPoint\",\"urlTemplate\":\"https:\\\/\\\/lequotidien.mr\\\/?s={search_term_string}\"},\"query-input\":{\"@type\":\"PropertyValueSpecification\",\"valueRequired\":true,\"valueName\":\"search_term_string\"}}],\"inLanguage\":\"ar\"},{\"@type\":\"Organization\",\"@id\":\"https:\\\/\\\/lequotidien.mr\\\/#organization\",\"name\":\"Le Quotidien de Nouakchott\",\"url\":\"https:\\\/\\\/lequotidien.mr\\\/\",\"logo\":{\"@type\":\"ImageObject\",\"inLanguage\":\"ar\",\"@id\":\"https:\\\/\\\/lequotidien.mr\\\/#\\\/schema\\\/logo\\\/image\\\/\",\"url\":\"https:\\\/\\\/lequotidien.mr\\\/wp-content\\\/uploads\\\/2022\\\/11\\\/logolequotidien.jpg\",\"contentUrl\":\"https:\\\/\\\/lequotidien.mr\\\/wp-content\\\/uploads\\\/2022\\\/11\\\/logolequotidien.jpg\",\"width\":290,\"height\":65,\"caption\":\"Le Quotidien de Nouakchott\"},\"image\":{\"@id\":\"https:\\\/\\\/lequotidien.mr\\\/#\\\/schema\\\/logo\\\/image\\\/\"},\"sameAs\":[\"https:\\\/\\\/web.facebook.com\\\/lequotidienmr\",\"https:\\\/\\\/x.com\\\/lequotidienmr\"]},{\"@type\":\"Person\",\"@id\":\"https:\\\/\\\/lequotidien.mr\\\/#\\\/schema\\\/person\\\/d2d350202a4d599685ed8abc25f97596\",\"name\":\"Med Ahmed\",\"image\":{\"@type\":\"ImageObject\",\"inLanguage\":\"ar\",\"@id\":\"https:\\\/\\\/secure.gravatar.com\\\/avatar\\\/fd2acc62ed50732923d1d39c17172c9b04149f142be92310ecc69e1358f94b52?s=96&d=mm&r=g\",\"url\":\"https:\\\/\\\/secure.gravatar.com\\\/avatar\\\/fd2acc62ed50732923d1d39c17172c9b04149f142be92310ecc69e1358f94b52?s=96&d=mm&r=g\",\"contentUrl\":\"https:\\\/\\\/secure.gravatar.com\\\/avatar\\\/fd2acc62ed50732923d1d39c17172c9b04149f142be92310ecc69e1358f94b52?s=96&d=mm&r=g\",\"caption\":\"Med Ahmed\"},\"url\":\"https:\\\/\\\/lequotidien.mr\\\/?author=12\"}]}<\/script>\n<!-- \/ Yoast SEO plugin. -->","yoast_head_json":{"title":"Lancement du programme \u00ab D\u00e9veloppement des villes de Taazour \u00bb \u00e0 Boulehrath : 4 milliards MRO pour un p\u00f4le rural int\u00e9gr\u00e9 - Le Quotidien de Nouakchott","robots":{"index":"index","follow":"follow","max-snippet":"max-snippet:-1","max-image-preview":"max-image-preview:large","max-video-preview":"max-video-preview:-1"},"canonical":"https:\/\/lequotidien.mr\/?p=31111&lang=fr","og_locale":"ar_AR","og_type":"article","og_title":"Lancement du programme \u00ab D\u00e9veloppement des villes de Taazour \u00bb \u00e0 Boulehrath : 4 milliards MRO pour un p\u00f4le rural int\u00e9gr\u00e9 - Le Quotidien de Nouakchott","og_description":"Une c\u00e9r\u00e9monie significative pour le d\u00e9veloppement local s&#8217;est d\u00e9roul\u00e9e, vendredi soir, dans la commune de Boulehrath, moughataa de Bark\u00e9ol. Le D\u00e9l\u00e9gu\u00e9 g\u00e9n\u00e9ral \u00e0 la Solidarit\u00e9 nationale et \u00e0 la Lutte contre l\u2019exclusion (Taazour), M. Cheikh Abdallahi Bedde, a supervis\u00e9 le lancement officiel du programme \u00ab D\u00e9veloppement des villes de Taazour \u00bb, en pr\u00e9sence d\u2019une d\u00e9l\u00e9gation.....","og_url":"https:\/\/lequotidien.mr\/?p=31111&lang=fr","og_site_name":"Le Quotidien de Nouakchott","article_publisher":"https:\/\/web.facebook.com\/lequotidienmr","article_published_time":"2025-09-21T14:03:22+00:00","og_image":[{"width":578,"height":410,"url":"https:\/\/lequotidien.mr\/wp-content\/uploads\/2025\/09\/photo-villes-Taazour.jpg","type":"image\/jpeg"}],"author":"Med Ahmed","twitter_card":"summary_large_image","twitter_creator":"@lequotidienmr","twitter_site":"@lequotidienmr","twitter_misc":{"\u0643\u064f\u062a\u0628 \u0628\u0648\u0627\u0633\u0637\u0629":"Med Ahmed","\u0648\u0642\u062a \u0627\u0644\u0642\u0631\u0627\u0621\u0629 \u0627\u0644\u0645\u064f\u0642\u062f\u0651\u0631":"3 \u062f\u0642\u0627\u0626\u0642"},"schema":{"@context":"https:\/\/schema.org","@graph":[{"@type":"Article","@id":"https:\/\/lequotidien.mr\/?p=31111&lang=fr#article","isPartOf":{"@id":"https:\/\/lequotidien.mr\/?p=31111&lang=fr"},"author":{"name":"Med Ahmed","@id":"https:\/\/lequotidien.mr\/#\/schema\/person\/d2d350202a4d599685ed8abc25f97596"},"headline":"Lancement du programme \u00ab D\u00e9veloppement des villes de Taazour \u00bb \u00e0 Boulehrath : 4 milliards MRO pour un p\u00f4le rural int\u00e9gr\u00e9","datePublished":"2025-09-21T14:03:22+00:00","mainEntityOfPage":{"@id":"https:\/\/lequotidien.mr\/?p=31111&lang=fr"},"wordCount":465,"commentCount":0,"publisher":{"@id":"https:\/\/lequotidien.mr\/#organization"},"image":{"@id":"https:\/\/lequotidien.mr\/?p=31111&lang=fr#primaryimage"},"thumbnailUrl":"https:\/\/lequotidien.mr\/wp-content\/uploads\/2025\/09\/photo-villes-Taazour.jpg","articleSection":["ACTUALIT\u00c9","Economie"],"inLanguage":"ar","potentialAction":[{"@type":"CommentAction","name":"Comment","target":["https:\/\/lequotidien.mr\/?p=31111&lang=fr#respond"]}]},{"@type":"WebPage","@id":"https:\/\/lequotidien.mr\/?p=31111&lang=fr","url":"https:\/\/lequotidien.mr\/?p=31111&lang=fr","name":"Lancement du programme \u00ab D\u00e9veloppement des villes de Taazour \u00bb \u00e0 Boulehrath : 4 milliards MRO pour un p\u00f4le rural int\u00e9gr\u00e9 - Le Quotidien de Nouakchott","isPartOf":{"@id":"https:\/\/lequotidien.mr\/#website"},"primaryImageOfPage":{"@id":"https:\/\/lequotidien.mr\/?p=31111&lang=fr#primaryimage"},"image":{"@id":"https:\/\/lequotidien.mr\/?p=31111&lang=fr#primaryimage"},"thumbnailUrl":"https:\/\/lequotidien.mr\/wp-content\/uploads\/2025\/09\/photo-villes-Taazour.jpg","datePublished":"2025-09-21T14:03:22+00:00","breadcrumb":{"@id":"https:\/\/lequotidien.mr\/?p=31111&lang=fr#breadcrumb"},"inLanguage":"ar","potentialAction":[{"@type":"ReadAction","target":["https:\/\/lequotidien.mr\/?p=31111&lang=fr"]}]},{"@type":"ImageObject","inLanguage":"ar","@id":"https:\/\/lequotidien.mr\/?p=31111&lang=fr#primaryimage","url":"https:\/\/lequotidien.mr\/wp-content\/uploads\/2025\/09\/photo-villes-Taazour.jpg","contentUrl":"https:\/\/lequotidien.mr\/wp-content\/uploads\/2025\/09\/photo-villes-Taazour.jpg","width":578,"height":410},{"@type":"BreadcrumbList","@id":"https:\/\/lequotidien.mr\/?p=31111&lang=fr#breadcrumb","itemListElement":[{"@type":"ListItem","position":1,"name":"Home","item":"https:\/\/lequotidien.mr\/"},{"@type":"ListItem","position":2,"name":"Lancement du programme \u00ab D\u00e9veloppement des villes de Taazour \u00bb \u00e0 Boulehrath : 4 milliards MRO pour un p\u00f4le rural int\u00e9gr\u00e9"}]},{"@type":"WebSite","@id":"https:\/\/lequotidien.mr\/#website","url":"https:\/\/lequotidien.mr\/","name":"Le Quotidien de Nouakchott","description":"\u0625\u062e\u0628\u0627\u0631\u064a\u0629 \u0645\u0633\u062a\u0642\u0644\u0629 \u0644\u0644\u0623\u0646\u0628\u0627\u0621 \u0627\u0644\u0639\u0627\u0645\u0629","publisher":{"@id":"https:\/\/lequotidien.mr\/#organization"},"potentialAction":[{"@type":"SearchAction","target":{"@type":"EntryPoint","urlTemplate":"https:\/\/lequotidien.mr\/?s={search_term_string}"},"query-input":{"@type":"PropertyValueSpecification","valueRequired":true,"valueName":"search_term_string"}}],"inLanguage":"ar"},{"@type":"Organization","@id":"https:\/\/lequotidien.mr\/#organization","name":"Le Quotidien de Nouakchott","url":"https:\/\/lequotidien.mr\/","logo":{"@type":"ImageObject","inLanguage":"ar","@id":"https:\/\/lequotidien.mr\/#\/schema\/logo\/image\/","url":"https:\/\/lequotidien.mr\/wp-content\/uploads\/2022\/11\/logolequotidien.jpg","contentUrl":"https:\/\/lequotidien.mr\/wp-content\/uploads\/2022\/11\/logolequotidien.jpg","width":290,"height":65,"caption":"Le Quotidien de Nouakchott"},"image":{"@id":"https:\/\/lequotidien.mr\/#\/schema\/logo\/image\/"},"sameAs":["https:\/\/web.facebook.com\/lequotidienmr","https:\/\/x.com\/lequotidienmr"]},{"@type":"Person","@id":"https:\/\/lequotidien.mr\/#\/schema\/person\/d2d350202a4d599685ed8abc25f97596","name":"Med Ahmed","image":{"@type":"ImageObject","inLanguage":"ar","@id":"https:\/\/secure.gravatar.com\/avatar\/fd2acc62ed50732923d1d39c17172c9b04149f142be92310ecc69e1358f94b52?s=96&d=mm&r=g","url":"https:\/\/secure.gravatar.com\/avatar\/fd2acc62ed50732923d1d39c17172c9b04149f142be92310ecc69e1358f94b52?s=96&d=mm&r=g","contentUrl":"https:\/\/secure.gravatar.com\/avatar\/fd2acc62ed50732923d1d39c17172c9b04149f142be92310ecc69e1358f94b52?s=96&d=mm&r=g","caption":"Med Ahmed"},"url":"https:\/\/lequotidien.mr\/?author=12"}]}},"_links":{"self":[{"href":"https:\/\/lequotidien.mr\/index.php?rest_route=\/wp\/v2\/posts\/31111","targetHints":{"allow":["GET"]}}],"collection":[{"href":"https:\/\/lequotidien.mr\/index.php?rest_route=\/wp\/v2\/posts"}],"about":[{"href":"https:\/\/lequotidien.mr\/index.php?rest_route=\/wp\/v2\/types\/post"}],"author":[{"embeddable":true,"href":"https:\/\/lequotidien.mr\/index.php?rest_route=\/wp\/v2\/users\/12"}],"replies":[{"embeddable":true,"href":"https:\/\/lequotidien.mr\/index.php?rest_route=%2Fwp%2Fv2%2Fcomments&post=31111"}],"version-history":[{"count":1,"href":"https:\/\/lequotidien.mr\/index.php?rest_route=\/wp\/v2\/posts\/31111\/revisions"}],"predecessor-version":[{"id":31113,"href":"https:\/\/lequotidien.mr\/index.php?rest_route=\/wp\/v2\/posts\/31111\/revisions\/31113"}],"wp:featuredmedia":[{"embeddable":true,"href":"https:\/\/lequotidien.mr\/index.php?rest_route=\/wp\/v2\/media\/31112"}],"wp:attachment":[{"href":"https:\/\/lequotidien.mr\/index.php?rest_route=%2Fwp%2Fv2%2Fmedia&parent=31111"}],"wp:term":[{"taxonomy":"category","embeddable":true,"href":"https:\/\/lequotidien.mr\/index.php?rest_route=%2Fwp%2Fv2%2Fcategories&post=31111"},{"taxonomy":"post_tag","embeddable":true,"href":"https:\/\/lequotidien.mr\/index.php?rest_route=%2Fwp%2Fv2%2Ftags&post=31111"}],"curies":[{"name":"wp","href":"https:\/\/api.w.org\/{rel}","templated":true}]}}