{"id":31083,"date":"2025-09-19T15:21:44","date_gmt":"2025-09-19T15:21:44","guid":{"rendered":"https:\/\/lequotidien.mr\/?p=31083"},"modified":"2025-09-19T15:21:44","modified_gmt":"2025-09-19T15:21:44","slug":"agenda-primature-le-premier-ministre-supervise-lavancement-de-la-reforme-du-systeme-pharmaceutique","status":"publish","type":"post","link":"https:\/\/lequotidien.mr\/?p=31083&lang=fr","title":{"rendered":"Agenda Primature : Le Premier ministre supervise l&#8217;avancement de la r\u00e9forme du syst\u00e8me pharmaceutique"},"content":{"rendered":"<p>Le <strong>Premier ministre, M. Mokhtar Djay<\/strong>, a pr\u00e9sid\u00e9 ce jeudi, dans la salle de r\u00e9union de la Primature, la r\u00e9union ordinaire du <strong>comit\u00e9 minist\u00e9riel charg\u00e9 du suivi de la r\u00e9forme du syst\u00e8me pharmaceutique<\/strong>. Cette session de travail visait \u00e0 faire le point sur l&#8217;\u00e9tat d&#8217;avancement de ce chantier prioritaire pour le gouvernement.<\/p>\n<p>La s\u00e9ance a d\u00e9but\u00e9 par l&#8217;audition du compte rendu de la derni\u00e8re r\u00e9union mensuelle tenue au minist\u00e8re de la Sant\u00e9, ainsi que celui de son comit\u00e9 technique d\u00e9di\u00e9. Les membres du comit\u00e9 minist\u00e9riel ont \u00e9galement pris connaissance des recommandations formul\u00e9es dans ces deux rapports, qui servent de feuille de route pour la modernisation du secteur.<\/p>\n<p>Apr\u00e8s avoir \u00e9cout\u00e9 des pr\u00e9sentations d\u00e9taill\u00e9es et engag\u00e9 des discussions sur les points principaux \u00e0 l&#8217;ordre du jour, ainsi que sur les conclusions de la r\u00e9union pr\u00e9c\u00e9dente, le Premier ministre a donn\u00e9 des instructions claires. Il a ordonn\u00e9 \u00e0\u00a0<strong><em>\u00ab toutes les parties concern\u00e9es de poursuivre les r\u00e9formes et de renforcer le suivi et le contr\u00f4le afin de garantir leur r\u00e9alisation \u00bb<\/em><\/strong>. M. Djay a insist\u00e9 sur la n\u00e9cessit\u00e9 de mener ces actions en parfaite conformit\u00e9 avec les directives du <strong>Pr\u00e9sident de la R\u00e9publique, M. Mohamed Cheikh El Ghazouani<\/strong>, qui fait de l&#8217;am\u00e9lioration des services de sant\u00e9 une priorit\u00e9 nationale.<\/p>\n<p>Dans ses conclusions, le chef du gouvernement a soulign\u00e9 l&#8217;importance d&#8217;une approche m\u00e9thodique et \u00e9valu\u00e9e. Il a exig\u00e9 que\u00a0le comit\u00e9 technique \u00e9value syst\u00e9matiquement toute mesure envisag\u00e9e, en d\u00e9termine pr\u00e9cis\u00e9ment l&#8217;impact sur les citoyens, et la soumette pour approbation au comit\u00e9 minist\u00e9riel avant toute mise en \u0153uvre. Cette proc\u00e9dure vise \u00e0 garantir que les r\u00e9formes soient \u00e0 la fois efficaces et b\u00e9n\u00e9fiques pour la population, en \u00e9vitant tout effet ind\u00e9sirable et en ciblant les v\u00e9ritables besoins.<\/p>\n<p>Cette r\u00e9union t\u00e9moigne de la volont\u00e9 des plus hautes autorit\u00e9s de l&#8217;\u00c9tat de doter la Mauritanie d&#8217;un syst\u00e8me pharmaceutique robuste, transparent et accessible \u00e0 tous les citoyens.<\/p>\n","protected":false},"excerpt":{"rendered":"<p>Le Premier ministre, M. Mokhtar Djay, a pr\u00e9sid\u00e9 ce jeudi, dans la salle de r\u00e9union de la Primature, la r\u00e9union ordinaire du comit\u00e9 minist\u00e9riel charg\u00e9 du suivi de la r\u00e9forme du syst\u00e8me pharmaceutique. Cette session de travail visait \u00e0 faire le point sur l&#8217;\u00e9tat d&#8217;avancement de ce chantier prioritaire pour le gouvernement. La s\u00e9ance a&#8230;..<\/p>\n","protected":false},"author":12,"featured_media":31084,"comment_status":"open","ping_status":"open","sticky":false,"template":"","format":"standard","meta":{"footnotes":""},"categories":[23,49],"tags":[],"class_list":["post-31083","post","type-post","status-publish","format-standard","has-post-thumbnail","hentry","category-actualite","category-economie"],"yoast_head":"<!-- This site is optimized with the Yoast SEO plugin v27.5 - https:\/\/yoast.com\/product\/yoast-seo-wordpress\/ -->\n<title>Agenda Primature : Le Premier ministre supervise l&#039;avancement de la r\u00e9forme du syst\u00e8me pharmaceutique - Le Quotidien de Nouakchott<\/title>\n<meta name=\"robots\" content=\"index, follow, max-snippet:-1, max-image-preview:large, max-video-preview:-1\" \/>\n<link rel=\"canonical\" href=\"https:\/\/lequotidien.mr\/?p=31083&lang=fr\" \/>\n<meta property=\"og:locale\" content=\"ar_AR\" \/>\n<meta property=\"og:type\" content=\"article\" \/>\n<meta property=\"og:title\" content=\"Agenda Primature : Le Premier ministre supervise l&#039;avancement de la r\u00e9forme du syst\u00e8me pharmaceutique - Le Quotidien de Nouakchott\" \/>\n<meta property=\"og:description\" content=\"Le Premier ministre, M. Mokhtar Djay, a pr\u00e9sid\u00e9 ce jeudi, dans la salle de r\u00e9union de la Primature, la r\u00e9union ordinaire du comit\u00e9 minist\u00e9riel charg\u00e9 du suivi de la r\u00e9forme du syst\u00e8me pharmaceutique. Cette session de travail visait \u00e0 faire le point sur l&#8217;\u00e9tat d&#8217;avancement de ce chantier prioritaire pour le gouvernement. La s\u00e9ance a.....\" \/>\n<meta property=\"og:url\" content=\"https:\/\/lequotidien.mr\/?p=31083&amp;lang=fr\" \/>\n<meta property=\"og:site_name\" content=\"Le Quotidien de Nouakchott\" \/>\n<meta property=\"article:publisher\" content=\"https:\/\/web.facebook.com\/lequotidienmr\" \/>\n<meta property=\"article:published_time\" content=\"2025-09-19T15:21:44+00:00\" \/>\n<meta property=\"og:image\" content=\"https:\/\/lequotidien.mr\/wp-content\/uploads\/2025\/09\/photo-rfmes-pharmacie.jpg\" \/>\n\t<meta property=\"og:image:width\" content=\"644\" \/>\n\t<meta property=\"og:image:height\" content=\"356\" \/>\n\t<meta property=\"og:image:type\" content=\"image\/jpeg\" \/>\n<meta name=\"author\" content=\"Med Ahmed\" \/>\n<meta name=\"twitter:card\" content=\"summary_large_image\" \/>\n<meta name=\"twitter:creator\" content=\"@lequotidienmr\" \/>\n<meta name=\"twitter:site\" content=\"@lequotidienmr\" \/>\n<meta name=\"twitter:label1\" content=\"\u0643\u064f\u062a\u0628 \u0628\u0648\u0627\u0633\u0637\u0629\" \/>\n\t<meta name=\"twitter:data1\" content=\"Med Ahmed\" \/>\n\t<meta name=\"twitter:label2\" content=\"\u0648\u0642\u062a \u0627\u0644\u0642\u0631\u0627\u0621\u0629 \u0627\u0644\u0645\u064f\u0642\u062f\u0651\u0631\" \/>\n\t<meta name=\"twitter:data2\" content=\"3 \u062f\u0642\u0627\u0626\u0642\" \/>\n<script type=\"application\/ld+json\" class=\"yoast-schema-graph\">{\"@context\":\"https:\\\/\\\/schema.org\",\"@graph\":[{\"@type\":\"Article\",\"@id\":\"https:\\\/\\\/lequotidien.mr\\\/?p=31083&lang=fr#article\",\"isPartOf\":{\"@id\":\"https:\\\/\\\/lequotidien.mr\\\/?p=31083&lang=fr\"},\"author\":{\"name\":\"Med Ahmed\",\"@id\":\"https:\\\/\\\/lequotidien.mr\\\/#\\\/schema\\\/person\\\/d2d350202a4d599685ed8abc25f97596\"},\"headline\":\"Agenda Primature : Le Premier ministre supervise l&#8217;avancement de la r\u00e9forme du syst\u00e8me pharmaceutique\",\"datePublished\":\"2025-09-19T15:21:44+00:00\",\"mainEntityOfPage\":{\"@id\":\"https:\\\/\\\/lequotidien.mr\\\/?p=31083&lang=fr\"},\"wordCount\":375,\"commentCount\":0,\"publisher\":{\"@id\":\"https:\\\/\\\/lequotidien.mr\\\/#organization\"},\"image\":{\"@id\":\"https:\\\/\\\/lequotidien.mr\\\/?p=31083&lang=fr#primaryimage\"},\"thumbnailUrl\":\"https:\\\/\\\/lequotidien.mr\\\/wp-content\\\/uploads\\\/2025\\\/09\\\/photo-rfmes-pharmacie.jpg\",\"articleSection\":[\"ACTUALIT\u00c9\",\"Economie\"],\"inLanguage\":\"ar\",\"potentialAction\":[{\"@type\":\"CommentAction\",\"name\":\"Comment\",\"target\":[\"https:\\\/\\\/lequotidien.mr\\\/?p=31083&lang=fr#respond\"]}]},{\"@type\":\"WebPage\",\"@id\":\"https:\\\/\\\/lequotidien.mr\\\/?p=31083&lang=fr\",\"url\":\"https:\\\/\\\/lequotidien.mr\\\/?p=31083&lang=fr\",\"name\":\"Agenda Primature : Le Premier ministre supervise l'avancement de la r\u00e9forme du syst\u00e8me pharmaceutique - Le Quotidien de Nouakchott\",\"isPartOf\":{\"@id\":\"https:\\\/\\\/lequotidien.mr\\\/#website\"},\"primaryImageOfPage\":{\"@id\":\"https:\\\/\\\/lequotidien.mr\\\/?p=31083&lang=fr#primaryimage\"},\"image\":{\"@id\":\"https:\\\/\\\/lequotidien.mr\\\/?p=31083&lang=fr#primaryimage\"},\"thumbnailUrl\":\"https:\\\/\\\/lequotidien.mr\\\/wp-content\\\/uploads\\\/2025\\\/09\\\/photo-rfmes-pharmacie.jpg\",\"datePublished\":\"2025-09-19T15:21:44+00:00\",\"breadcrumb\":{\"@id\":\"https:\\\/\\\/lequotidien.mr\\\/?p=31083&lang=fr#breadcrumb\"},\"inLanguage\":\"ar\",\"potentialAction\":[{\"@type\":\"ReadAction\",\"target\":[\"https:\\\/\\\/lequotidien.mr\\\/?p=31083&lang=fr\"]}]},{\"@type\":\"ImageObject\",\"inLanguage\":\"ar\",\"@id\":\"https:\\\/\\\/lequotidien.mr\\\/?p=31083&lang=fr#primaryimage\",\"url\":\"https:\\\/\\\/lequotidien.mr\\\/wp-content\\\/uploads\\\/2025\\\/09\\\/photo-rfmes-pharmacie.jpg\",\"contentUrl\":\"https:\\\/\\\/lequotidien.mr\\\/wp-content\\\/uploads\\\/2025\\\/09\\\/photo-rfmes-pharmacie.jpg\",\"width\":644,\"height\":356},{\"@type\":\"BreadcrumbList\",\"@id\":\"https:\\\/\\\/lequotidien.mr\\\/?p=31083&lang=fr#breadcrumb\",\"itemListElement\":[{\"@type\":\"ListItem\",\"position\":1,\"name\":\"Home\",\"item\":\"https:\\\/\\\/lequotidien.mr\\\/\"},{\"@type\":\"ListItem\",\"position\":2,\"name\":\"Agenda Primature : Le Premier ministre supervise l&rsquo;avancement de la r\u00e9forme du syst\u00e8me pharmaceutique\"}]},{\"@type\":\"WebSite\",\"@id\":\"https:\\\/\\\/lequotidien.mr\\\/#website\",\"url\":\"https:\\\/\\\/lequotidien.mr\\\/\",\"name\":\"Le Quotidien de Nouakchott\",\"description\":\"\u0625\u062e\u0628\u0627\u0631\u064a\u0629 \u0645\u0633\u062a\u0642\u0644\u0629 \u0644\u0644\u0623\u0646\u0628\u0627\u0621 \u0627\u0644\u0639\u0627\u0645\u0629\",\"publisher\":{\"@id\":\"https:\\\/\\\/lequotidien.mr\\\/#organization\"},\"potentialAction\":[{\"@type\":\"SearchAction\",\"target\":{\"@type\":\"EntryPoint\",\"urlTemplate\":\"https:\\\/\\\/lequotidien.mr\\\/?s={search_term_string}\"},\"query-input\":{\"@type\":\"PropertyValueSpecification\",\"valueRequired\":true,\"valueName\":\"search_term_string\"}}],\"inLanguage\":\"ar\"},{\"@type\":\"Organization\",\"@id\":\"https:\\\/\\\/lequotidien.mr\\\/#organization\",\"name\":\"Le Quotidien de Nouakchott\",\"url\":\"https:\\\/\\\/lequotidien.mr\\\/\",\"logo\":{\"@type\":\"ImageObject\",\"inLanguage\":\"ar\",\"@id\":\"https:\\\/\\\/lequotidien.mr\\\/#\\\/schema\\\/logo\\\/image\\\/\",\"url\":\"https:\\\/\\\/lequotidien.mr\\\/wp-content\\\/uploads\\\/2022\\\/11\\\/logolequotidien.jpg\",\"contentUrl\":\"https:\\\/\\\/lequotidien.mr\\\/wp-content\\\/uploads\\\/2022\\\/11\\\/logolequotidien.jpg\",\"width\":290,\"height\":65,\"caption\":\"Le Quotidien de Nouakchott\"},\"image\":{\"@id\":\"https:\\\/\\\/lequotidien.mr\\\/#\\\/schema\\\/logo\\\/image\\\/\"},\"sameAs\":[\"https:\\\/\\\/web.facebook.com\\\/lequotidienmr\",\"https:\\\/\\\/x.com\\\/lequotidienmr\"]},{\"@type\":\"Person\",\"@id\":\"https:\\\/\\\/lequotidien.mr\\\/#\\\/schema\\\/person\\\/d2d350202a4d599685ed8abc25f97596\",\"name\":\"Med Ahmed\",\"image\":{\"@type\":\"ImageObject\",\"inLanguage\":\"ar\",\"@id\":\"https:\\\/\\\/secure.gravatar.com\\\/avatar\\\/fd2acc62ed50732923d1d39c17172c9b04149f142be92310ecc69e1358f94b52?s=96&d=mm&r=g\",\"url\":\"https:\\\/\\\/secure.gravatar.com\\\/avatar\\\/fd2acc62ed50732923d1d39c17172c9b04149f142be92310ecc69e1358f94b52?s=96&d=mm&r=g\",\"contentUrl\":\"https:\\\/\\\/secure.gravatar.com\\\/avatar\\\/fd2acc62ed50732923d1d39c17172c9b04149f142be92310ecc69e1358f94b52?s=96&d=mm&r=g\",\"caption\":\"Med Ahmed\"},\"url\":\"https:\\\/\\\/lequotidien.mr\\\/?author=12\"}]}<\/script>\n<!-- \/ Yoast SEO plugin. -->","yoast_head_json":{"title":"Agenda Primature : Le Premier ministre supervise l'avancement de la r\u00e9forme du syst\u00e8me pharmaceutique - Le Quotidien de Nouakchott","robots":{"index":"index","follow":"follow","max-snippet":"max-snippet:-1","max-image-preview":"max-image-preview:large","max-video-preview":"max-video-preview:-1"},"canonical":"https:\/\/lequotidien.mr\/?p=31083&lang=fr","og_locale":"ar_AR","og_type":"article","og_title":"Agenda Primature : Le Premier ministre supervise l'avancement de la r\u00e9forme du syst\u00e8me pharmaceutique - Le Quotidien de Nouakchott","og_description":"Le Premier ministre, M. Mokhtar Djay, a pr\u00e9sid\u00e9 ce jeudi, dans la salle de r\u00e9union de la Primature, la r\u00e9union ordinaire du comit\u00e9 minist\u00e9riel charg\u00e9 du suivi de la r\u00e9forme du syst\u00e8me pharmaceutique. Cette session de travail visait \u00e0 faire le point sur l&#8217;\u00e9tat d&#8217;avancement de ce chantier prioritaire pour le gouvernement. La s\u00e9ance a.....","og_url":"https:\/\/lequotidien.mr\/?p=31083&lang=fr","og_site_name":"Le Quotidien de Nouakchott","article_publisher":"https:\/\/web.facebook.com\/lequotidienmr","article_published_time":"2025-09-19T15:21:44+00:00","og_image":[{"width":644,"height":356,"url":"https:\/\/lequotidien.mr\/wp-content\/uploads\/2025\/09\/photo-rfmes-pharmacie.jpg","type":"image\/jpeg"}],"author":"Med Ahmed","twitter_card":"summary_large_image","twitter_creator":"@lequotidienmr","twitter_site":"@lequotidienmr","twitter_misc":{"\u0643\u064f\u062a\u0628 \u0628\u0648\u0627\u0633\u0637\u0629":"Med Ahmed","\u0648\u0642\u062a \u0627\u0644\u0642\u0631\u0627\u0621\u0629 \u0627\u0644\u0645\u064f\u0642\u062f\u0651\u0631":"3 \u062f\u0642\u0627\u0626\u0642"},"schema":{"@context":"https:\/\/schema.org","@graph":[{"@type":"Article","@id":"https:\/\/lequotidien.mr\/?p=31083&lang=fr#article","isPartOf":{"@id":"https:\/\/lequotidien.mr\/?p=31083&lang=fr"},"author":{"name":"Med Ahmed","@id":"https:\/\/lequotidien.mr\/#\/schema\/person\/d2d350202a4d599685ed8abc25f97596"},"headline":"Agenda Primature : Le Premier ministre supervise l&#8217;avancement de la r\u00e9forme du syst\u00e8me pharmaceutique","datePublished":"2025-09-19T15:21:44+00:00","mainEntityOfPage":{"@id":"https:\/\/lequotidien.mr\/?p=31083&lang=fr"},"wordCount":375,"commentCount":0,"publisher":{"@id":"https:\/\/lequotidien.mr\/#organization"},"image":{"@id":"https:\/\/lequotidien.mr\/?p=31083&lang=fr#primaryimage"},"thumbnailUrl":"https:\/\/lequotidien.mr\/wp-content\/uploads\/2025\/09\/photo-rfmes-pharmacie.jpg","articleSection":["ACTUALIT\u00c9","Economie"],"inLanguage":"ar","potentialAction":[{"@type":"CommentAction","name":"Comment","target":["https:\/\/lequotidien.mr\/?p=31083&lang=fr#respond"]}]},{"@type":"WebPage","@id":"https:\/\/lequotidien.mr\/?p=31083&lang=fr","url":"https:\/\/lequotidien.mr\/?p=31083&lang=fr","name":"Agenda Primature : Le Premier ministre supervise l'avancement de la r\u00e9forme du syst\u00e8me pharmaceutique - Le Quotidien de Nouakchott","isPartOf":{"@id":"https:\/\/lequotidien.mr\/#website"},"primaryImageOfPage":{"@id":"https:\/\/lequotidien.mr\/?p=31083&lang=fr#primaryimage"},"image":{"@id":"https:\/\/lequotidien.mr\/?p=31083&lang=fr#primaryimage"},"thumbnailUrl":"https:\/\/lequotidien.mr\/wp-content\/uploads\/2025\/09\/photo-rfmes-pharmacie.jpg","datePublished":"2025-09-19T15:21:44+00:00","breadcrumb":{"@id":"https:\/\/lequotidien.mr\/?p=31083&lang=fr#breadcrumb"},"inLanguage":"ar","potentialAction":[{"@type":"ReadAction","target":["https:\/\/lequotidien.mr\/?p=31083&lang=fr"]}]},{"@type":"ImageObject","inLanguage":"ar","@id":"https:\/\/lequotidien.mr\/?p=31083&lang=fr#primaryimage","url":"https:\/\/lequotidien.mr\/wp-content\/uploads\/2025\/09\/photo-rfmes-pharmacie.jpg","contentUrl":"https:\/\/lequotidien.mr\/wp-content\/uploads\/2025\/09\/photo-rfmes-pharmacie.jpg","width":644,"height":356},{"@type":"BreadcrumbList","@id":"https:\/\/lequotidien.mr\/?p=31083&lang=fr#breadcrumb","itemListElement":[{"@type":"ListItem","position":1,"name":"Home","item":"https:\/\/lequotidien.mr\/"},{"@type":"ListItem","position":2,"name":"Agenda Primature : Le Premier ministre supervise l&rsquo;avancement de la r\u00e9forme du syst\u00e8me pharmaceutique"}]},{"@type":"WebSite","@id":"https:\/\/lequotidien.mr\/#website","url":"https:\/\/lequotidien.mr\/","name":"Le Quotidien de Nouakchott","description":"\u0625\u062e\u0628\u0627\u0631\u064a\u0629 \u0645\u0633\u062a\u0642\u0644\u0629 \u0644\u0644\u0623\u0646\u0628\u0627\u0621 \u0627\u0644\u0639\u0627\u0645\u0629","publisher":{"@id":"https:\/\/lequotidien.mr\/#organization"},"potentialAction":[{"@type":"SearchAction","target":{"@type":"EntryPoint","urlTemplate":"https:\/\/lequotidien.mr\/?s={search_term_string}"},"query-input":{"@type":"PropertyValueSpecification","valueRequired":true,"valueName":"search_term_string"}}],"inLanguage":"ar"},{"@type":"Organization","@id":"https:\/\/lequotidien.mr\/#organization","name":"Le Quotidien de Nouakchott","url":"https:\/\/lequotidien.mr\/","logo":{"@type":"ImageObject","inLanguage":"ar","@id":"https:\/\/lequotidien.mr\/#\/schema\/logo\/image\/","url":"https:\/\/lequotidien.mr\/wp-content\/uploads\/2022\/11\/logolequotidien.jpg","contentUrl":"https:\/\/lequotidien.mr\/wp-content\/uploads\/2022\/11\/logolequotidien.jpg","width":290,"height":65,"caption":"Le Quotidien de Nouakchott"},"image":{"@id":"https:\/\/lequotidien.mr\/#\/schema\/logo\/image\/"},"sameAs":["https:\/\/web.facebook.com\/lequotidienmr","https:\/\/x.com\/lequotidienmr"]},{"@type":"Person","@id":"https:\/\/lequotidien.mr\/#\/schema\/person\/d2d350202a4d599685ed8abc25f97596","name":"Med Ahmed","image":{"@type":"ImageObject","inLanguage":"ar","@id":"https:\/\/secure.gravatar.com\/avatar\/fd2acc62ed50732923d1d39c17172c9b04149f142be92310ecc69e1358f94b52?s=96&d=mm&r=g","url":"https:\/\/secure.gravatar.com\/avatar\/fd2acc62ed50732923d1d39c17172c9b04149f142be92310ecc69e1358f94b52?s=96&d=mm&r=g","contentUrl":"https:\/\/secure.gravatar.com\/avatar\/fd2acc62ed50732923d1d39c17172c9b04149f142be92310ecc69e1358f94b52?s=96&d=mm&r=g","caption":"Med Ahmed"},"url":"https:\/\/lequotidien.mr\/?author=12"}]}},"_links":{"self":[{"href":"https:\/\/lequotidien.mr\/index.php?rest_route=\/wp\/v2\/posts\/31083","targetHints":{"allow":["GET"]}}],"collection":[{"href":"https:\/\/lequotidien.mr\/index.php?rest_route=\/wp\/v2\/posts"}],"about":[{"href":"https:\/\/lequotidien.mr\/index.php?rest_route=\/wp\/v2\/types\/post"}],"author":[{"embeddable":true,"href":"https:\/\/lequotidien.mr\/index.php?rest_route=\/wp\/v2\/users\/12"}],"replies":[{"embeddable":true,"href":"https:\/\/lequotidien.mr\/index.php?rest_route=%2Fwp%2Fv2%2Fcomments&post=31083"}],"version-history":[{"count":1,"href":"https:\/\/lequotidien.mr\/index.php?rest_route=\/wp\/v2\/posts\/31083\/revisions"}],"predecessor-version":[{"id":31085,"href":"https:\/\/lequotidien.mr\/index.php?rest_route=\/wp\/v2\/posts\/31083\/revisions\/31085"}],"wp:featuredmedia":[{"embeddable":true,"href":"https:\/\/lequotidien.mr\/index.php?rest_route=\/wp\/v2\/media\/31084"}],"wp:attachment":[{"href":"https:\/\/lequotidien.mr\/index.php?rest_route=%2Fwp%2Fv2%2Fmedia&parent=31083"}],"wp:term":[{"taxonomy":"category","embeddable":true,"href":"https:\/\/lequotidien.mr\/index.php?rest_route=%2Fwp%2Fv2%2Fcategories&post=31083"},{"taxonomy":"post_tag","embeddable":true,"href":"https:\/\/lequotidien.mr\/index.php?rest_route=%2Fwp%2Fv2%2Ftags&post=31083"}],"curies":[{"name":"wp","href":"https:\/\/api.w.org\/{rel}","templated":true}]}}