{"id":31074,"date":"2025-09-19T11:42:22","date_gmt":"2025-09-19T11:42:22","guid":{"rendered":"https:\/\/lequotidien.mr\/?p=31074"},"modified":"2025-09-19T11:42:22","modified_gmt":"2025-09-19T11:42:22","slug":"decentralisation-et-developpement-local-une-plateforme-de-concertation-avec-les-bailleurs-de-fonds-pour-optimiser-les-interventions-en-matiere-de-decentralisation","status":"publish","type":"post","link":"https:\/\/lequotidien.mr\/?p=31074&lang=fr","title":{"rendered":"D\u00e9centralisation et d\u00e9veloppement local : Une plateforme de concertation avec les bailleurs de fonds pour optimiser les interventions en mati\u00e8re de d\u00e9centralisation"},"content":{"rendered":"<p>Le <strong>ministre d\u00e9l\u00e9gu\u00e9 aupr\u00e8s du ministre de l\u2019Int\u00e9rieur, de la Promotion de la d\u00e9centralisation et du D\u00e9veloppement local, charg\u00e9 de la D\u00e9centralisation et du D\u00e9veloppement local, M. Yacoub Salem Vall<\/strong>, a pr\u00e9sid\u00e9, ce jeudi \u00e0 Nouakchott, une r\u00e9union de travail cruciale avec les bailleurs de fonds du secteur. L&#8217;objectif central de cette rencontre \u00e9tait de jeter les bases d&#8217;un\u00a0m\u00e9canisme de coordination et de concertationentre les acteurs gouvernementaux et les partenaires au d\u00e9veloppement.<\/p>\n<p>Cette initiative vise \u00e0 optimiser la mise en \u0153uvre de la Strat\u00e9gie nationale de d\u00e9veloppement local en cr\u00e9ant un cadre de travail coh\u00e9rent et synergique.<\/p>\n<p><strong>Un m\u00e9canisme pour plus d&#8217;efficacit\u00e9 et d&#8217;\u00e9quit\u00e9<\/strong><\/p>\n<p>Cette r\u00e9union avait pour ambition av\u00e9r\u00e9e d&#8217;am\u00e9liorer la\u00a0coordination, la planification, le suivi et l&#8217;\u00e9valuation\u00a0des actions des diff\u00e9rentes parties prenantes. Il s&#8217;agit, \u00e0 travers ce m\u00e9canisme, de d\u00e9finir clairement les interventions de chacun, d&#8217;\u00e9viter les doublons\u00a0et la dispersion des ressources, et de corriger les\u00a0d\u00e9s\u00e9quilibres r\u00e9gionaux.<\/p>\n<p>Le dispositif envisag\u00e9 permettra \u00e9galement de renforcer la synergie entre les mesures contribuant \u00e0 la strat\u00e9gie nationale, de\u00a0promouvoir une culture de la performance\u00a0dans la gouvernance r\u00e9gionale et d&#8217;harmoniser les outils et indicateurs de suivi-\u00e9valuation.<\/p>\n<p><strong>La d\u00e9centralisation, un choix strat\u00e9gique irr\u00e9versible<\/strong><\/p>\n<p>Dans son allocution, M. Yacoub Salem Vall a situ\u00e9 cette action dans le cadre de la vision du <strong>pr\u00e9sident de la R\u00e9publique, M. Mohamed Cheikh El Ghazouani<\/strong>, qui a fait de la\u00a0d\u00e9centralisation et du d\u00e9veloppement local <em><strong>\u00ab un choix strat\u00e9gique irr\u00e9versible \u00bb.<\/strong><\/em><\/p>\n<p>Le ministre a rappel\u00e9 l&#8217;adoption par le gouvernement de la Strat\u00e9gie nationale de d\u00e9centralisation et de d\u00e9veloppement local, dont l&#8217;organe de pilotage, le Conseil national de la d\u00e9centralisation et du d\u00e9veloppement local, a pour mission, entre autres, d&#8217;assurer la coordination des interventions\u00a0de l\u2019\u00c9tat et des autres acteurs.<\/p>\n<p><strong>Constater les faiblesses pour mieux les corriger<\/strong><\/p>\n<p>M. Vall n&#8217;a pas occult\u00e9 les d\u00e9fis actuels. Il a not\u00e9 qu&#8217;en d\u00e9pit de l&#8217;int\u00e9r\u00eat manifest\u00e9 par le gouvernement et les partenaires, <strong><em>\u00ab les r\u00e9sultats r\u00e9v\u00e8lent une faible, voire une absence de coordination \u00bb <\/em><\/strong>entre les diff\u00e9rentes parties prenantes.<\/p>\n<p>Face \u00e0 ce constat, il a appel\u00e9 \u00e0 la mise en place d&#8217;une\u00a0plateforme de r\u00e9flexion, de consultation et de dialogue\u00a0sur les questions de d\u00e9veloppement du secteur. Concr\u00e8tement, son d\u00e9partement, avec l&#8217;appui du Programme des Nations Unies pour le d\u00e9veloppement (PNUD), envisage de cr\u00e9er un\u00a0Groupe th\u00e9matique sur la d\u00e9centralisation et le d\u00e9veloppement local (GT2DL).<\/p>\n<p><strong>Des r\u00e9formes institutionnelles en cours<\/strong><\/p>\n<p>Il convient de noter que le minist\u00e8re, avec le soutien du PNUD et de l&#8217;Agence allemande de coop\u00e9ration internationale (GIZ), a r\u00e9cemment finalis\u00e9 l&#8217;\u00e9laboration d&#8217;une\u00a0s\u00e9rie de projets de textes\u00a0visant \u00e0 r\u00e9former le cadre institutionnel de la d\u00e9centralisation, conform\u00e9ment aux objectifs fix\u00e9s.<\/p>\n<p>Le ministre a indiqu\u00e9 que ces textes, qui jetteront les bases juridiques de cette nouvelle dynamique, seront\u00a0soumis \u00e0 la prochaine session du Conseil national\u00a0pour approbation.<\/p>\n<p>Lors de la r\u00e9union, des pr\u00e9sentations ont \u00e9t\u00e9 faites par des partenaires locaux et internationaux. Le minist\u00e8re a \u00e9galement soumis aux participants un\u00a0projet de cahier des charges et de r\u00e8glement int\u00e9rieur\u00a0du syst\u00e8me propos\u00e9, pour \u00e9laboration et approbation ult\u00e9rieures, marquant ainsi une premi\u00e8re \u00e9tape concr\u00e8te vers une collaboration structur\u00e9e et efficace.<\/p>\n","protected":false},"excerpt":{"rendered":"<p>Le ministre d\u00e9l\u00e9gu\u00e9 aupr\u00e8s du ministre de l\u2019Int\u00e9rieur, de la Promotion de la d\u00e9centralisation et du D\u00e9veloppement local, charg\u00e9 de la D\u00e9centralisation et du D\u00e9veloppement local, M. Yacoub Salem Vall, a pr\u00e9sid\u00e9, ce jeudi \u00e0 Nouakchott, une r\u00e9union de travail cruciale avec les bailleurs de fonds du secteur. L&#8217;objectif central de cette rencontre \u00e9tait de&#8230;..<\/p>\n","protected":false},"author":12,"featured_media":31075,"comment_status":"open","ping_status":"open","sticky":false,"template":"","format":"standard","meta":{"footnotes":""},"categories":[23,49],"tags":[],"class_list":["post-31074","post","type-post","status-publish","format-standard","has-post-thumbnail","hentry","category-actualite","category-economie"],"yoast_head":"<!-- This site is optimized with the Yoast SEO plugin v27.5 - https:\/\/yoast.com\/product\/yoast-seo-wordpress\/ -->\n<title>D\u00e9centralisation et d\u00e9veloppement local : Une plateforme de concertation avec les bailleurs de fonds pour optimiser les interventions en mati\u00e8re de d\u00e9centralisation - Le Quotidien de Nouakchott<\/title>\n<meta name=\"robots\" content=\"index, follow, max-snippet:-1, max-image-preview:large, max-video-preview:-1\" \/>\n<link rel=\"canonical\" href=\"https:\/\/lequotidien.mr\/?p=31074&lang=fr\" \/>\n<meta property=\"og:locale\" content=\"ar_AR\" \/>\n<meta property=\"og:type\" content=\"article\" \/>\n<meta property=\"og:title\" content=\"D\u00e9centralisation et d\u00e9veloppement local : Une plateforme de concertation avec les bailleurs de fonds pour optimiser les interventions en mati\u00e8re de d\u00e9centralisation - Le Quotidien de Nouakchott\" \/>\n<meta property=\"og:description\" content=\"Le ministre d\u00e9l\u00e9gu\u00e9 aupr\u00e8s du ministre de l\u2019Int\u00e9rieur, de la Promotion de la d\u00e9centralisation et du D\u00e9veloppement local, charg\u00e9 de la D\u00e9centralisation et du D\u00e9veloppement local, M. Yacoub Salem Vall, a pr\u00e9sid\u00e9, ce jeudi \u00e0 Nouakchott, une r\u00e9union de travail cruciale avec les bailleurs de fonds du secteur. L&#8217;objectif central de cette rencontre \u00e9tait de.....\" \/>\n<meta property=\"og:url\" content=\"https:\/\/lequotidien.mr\/?p=31074&amp;lang=fr\" \/>\n<meta property=\"og:site_name\" content=\"Le Quotidien de Nouakchott\" \/>\n<meta property=\"article:publisher\" content=\"https:\/\/web.facebook.com\/lequotidienmr\" \/>\n<meta property=\"article:published_time\" content=\"2025-09-19T11:42:22+00:00\" \/>\n<meta property=\"og:image\" content=\"https:\/\/lequotidien.mr\/wp-content\/uploads\/2025\/09\/photo-bailleurs-et-decentralisation.jpg\" \/>\n\t<meta property=\"og:image:width\" content=\"610\" \/>\n\t<meta property=\"og:image:height\" content=\"430\" \/>\n\t<meta property=\"og:image:type\" content=\"image\/jpeg\" \/>\n<meta name=\"author\" content=\"Med Ahmed\" \/>\n<meta name=\"twitter:card\" content=\"summary_large_image\" \/>\n<meta name=\"twitter:creator\" content=\"@lequotidienmr\" \/>\n<meta name=\"twitter:site\" content=\"@lequotidienmr\" \/>\n<meta name=\"twitter:label1\" content=\"\u0643\u064f\u062a\u0628 \u0628\u0648\u0627\u0633\u0637\u0629\" \/>\n\t<meta name=\"twitter:data1\" content=\"Med Ahmed\" \/>\n\t<meta name=\"twitter:label2\" content=\"\u0648\u0642\u062a \u0627\u0644\u0642\u0631\u0627\u0621\u0629 \u0627\u0644\u0645\u064f\u0642\u062f\u0651\u0631\" \/>\n\t<meta name=\"twitter:data2\" content=\"4 \u062f\u0642\u0627\u0626\u0642\" \/>\n<script type=\"application\/ld+json\" class=\"yoast-schema-graph\">{\"@context\":\"https:\\\/\\\/schema.org\",\"@graph\":[{\"@type\":\"Article\",\"@id\":\"https:\\\/\\\/lequotidien.mr\\\/?p=31074&lang=fr#article\",\"isPartOf\":{\"@id\":\"https:\\\/\\\/lequotidien.mr\\\/?p=31074&lang=fr\"},\"author\":{\"name\":\"Med Ahmed\",\"@id\":\"https:\\\/\\\/lequotidien.mr\\\/#\\\/schema\\\/person\\\/d2d350202a4d599685ed8abc25f97596\"},\"headline\":\"D\u00e9centralisation et d\u00e9veloppement local : Une plateforme de concertation avec les bailleurs de fonds pour optimiser les interventions en mati\u00e8re de d\u00e9centralisation\",\"datePublished\":\"2025-09-19T11:42:22+00:00\",\"mainEntityOfPage\":{\"@id\":\"https:\\\/\\\/lequotidien.mr\\\/?p=31074&lang=fr\"},\"wordCount\":631,\"commentCount\":0,\"publisher\":{\"@id\":\"https:\\\/\\\/lequotidien.mr\\\/#organization\"},\"image\":{\"@id\":\"https:\\\/\\\/lequotidien.mr\\\/?p=31074&lang=fr#primaryimage\"},\"thumbnailUrl\":\"https:\\\/\\\/lequotidien.mr\\\/wp-content\\\/uploads\\\/2025\\\/09\\\/photo-bailleurs-et-decentralisation.jpg\",\"articleSection\":[\"ACTUALIT\u00c9\",\"Economie\"],\"inLanguage\":\"ar\",\"potentialAction\":[{\"@type\":\"CommentAction\",\"name\":\"Comment\",\"target\":[\"https:\\\/\\\/lequotidien.mr\\\/?p=31074&lang=fr#respond\"]}]},{\"@type\":\"WebPage\",\"@id\":\"https:\\\/\\\/lequotidien.mr\\\/?p=31074&lang=fr\",\"url\":\"https:\\\/\\\/lequotidien.mr\\\/?p=31074&lang=fr\",\"name\":\"D\u00e9centralisation et d\u00e9veloppement local : Une plateforme de concertation avec les bailleurs de fonds pour optimiser les interventions en mati\u00e8re de d\u00e9centralisation - Le Quotidien de Nouakchott\",\"isPartOf\":{\"@id\":\"https:\\\/\\\/lequotidien.mr\\\/#website\"},\"primaryImageOfPage\":{\"@id\":\"https:\\\/\\\/lequotidien.mr\\\/?p=31074&lang=fr#primaryimage\"},\"image\":{\"@id\":\"https:\\\/\\\/lequotidien.mr\\\/?p=31074&lang=fr#primaryimage\"},\"thumbnailUrl\":\"https:\\\/\\\/lequotidien.mr\\\/wp-content\\\/uploads\\\/2025\\\/09\\\/photo-bailleurs-et-decentralisation.jpg\",\"datePublished\":\"2025-09-19T11:42:22+00:00\",\"breadcrumb\":{\"@id\":\"https:\\\/\\\/lequotidien.mr\\\/?p=31074&lang=fr#breadcrumb\"},\"inLanguage\":\"ar\",\"potentialAction\":[{\"@type\":\"ReadAction\",\"target\":[\"https:\\\/\\\/lequotidien.mr\\\/?p=31074&lang=fr\"]}]},{\"@type\":\"ImageObject\",\"inLanguage\":\"ar\",\"@id\":\"https:\\\/\\\/lequotidien.mr\\\/?p=31074&lang=fr#primaryimage\",\"url\":\"https:\\\/\\\/lequotidien.mr\\\/wp-content\\\/uploads\\\/2025\\\/09\\\/photo-bailleurs-et-decentralisation.jpg\",\"contentUrl\":\"https:\\\/\\\/lequotidien.mr\\\/wp-content\\\/uploads\\\/2025\\\/09\\\/photo-bailleurs-et-decentralisation.jpg\",\"width\":610,\"height\":430},{\"@type\":\"BreadcrumbList\",\"@id\":\"https:\\\/\\\/lequotidien.mr\\\/?p=31074&lang=fr#breadcrumb\",\"itemListElement\":[{\"@type\":\"ListItem\",\"position\":1,\"name\":\"Home\",\"item\":\"https:\\\/\\\/lequotidien.mr\\\/\"},{\"@type\":\"ListItem\",\"position\":2,\"name\":\"D\u00e9centralisation et d\u00e9veloppement local : Une plateforme de concertation avec les bailleurs de fonds pour optimiser les interventions en mati\u00e8re de d\u00e9centralisation\"}]},{\"@type\":\"WebSite\",\"@id\":\"https:\\\/\\\/lequotidien.mr\\\/#website\",\"url\":\"https:\\\/\\\/lequotidien.mr\\\/\",\"name\":\"Le Quotidien de Nouakchott\",\"description\":\"\u0625\u062e\u0628\u0627\u0631\u064a\u0629 \u0645\u0633\u062a\u0642\u0644\u0629 \u0644\u0644\u0623\u0646\u0628\u0627\u0621 \u0627\u0644\u0639\u0627\u0645\u0629\",\"publisher\":{\"@id\":\"https:\\\/\\\/lequotidien.mr\\\/#organization\"},\"potentialAction\":[{\"@type\":\"SearchAction\",\"target\":{\"@type\":\"EntryPoint\",\"urlTemplate\":\"https:\\\/\\\/lequotidien.mr\\\/?s={search_term_string}\"},\"query-input\":{\"@type\":\"PropertyValueSpecification\",\"valueRequired\":true,\"valueName\":\"search_term_string\"}}],\"inLanguage\":\"ar\"},{\"@type\":\"Organization\",\"@id\":\"https:\\\/\\\/lequotidien.mr\\\/#organization\",\"name\":\"Le Quotidien de Nouakchott\",\"url\":\"https:\\\/\\\/lequotidien.mr\\\/\",\"logo\":{\"@type\":\"ImageObject\",\"inLanguage\":\"ar\",\"@id\":\"https:\\\/\\\/lequotidien.mr\\\/#\\\/schema\\\/logo\\\/image\\\/\",\"url\":\"https:\\\/\\\/lequotidien.mr\\\/wp-content\\\/uploads\\\/2022\\\/11\\\/logolequotidien.jpg\",\"contentUrl\":\"https:\\\/\\\/lequotidien.mr\\\/wp-content\\\/uploads\\\/2022\\\/11\\\/logolequotidien.jpg\",\"width\":290,\"height\":65,\"caption\":\"Le Quotidien de Nouakchott\"},\"image\":{\"@id\":\"https:\\\/\\\/lequotidien.mr\\\/#\\\/schema\\\/logo\\\/image\\\/\"},\"sameAs\":[\"https:\\\/\\\/web.facebook.com\\\/lequotidienmr\",\"https:\\\/\\\/x.com\\\/lequotidienmr\"]},{\"@type\":\"Person\",\"@id\":\"https:\\\/\\\/lequotidien.mr\\\/#\\\/schema\\\/person\\\/d2d350202a4d599685ed8abc25f97596\",\"name\":\"Med Ahmed\",\"image\":{\"@type\":\"ImageObject\",\"inLanguage\":\"ar\",\"@id\":\"https:\\\/\\\/secure.gravatar.com\\\/avatar\\\/fd2acc62ed50732923d1d39c17172c9b04149f142be92310ecc69e1358f94b52?s=96&d=mm&r=g\",\"url\":\"https:\\\/\\\/secure.gravatar.com\\\/avatar\\\/fd2acc62ed50732923d1d39c17172c9b04149f142be92310ecc69e1358f94b52?s=96&d=mm&r=g\",\"contentUrl\":\"https:\\\/\\\/secure.gravatar.com\\\/avatar\\\/fd2acc62ed50732923d1d39c17172c9b04149f142be92310ecc69e1358f94b52?s=96&d=mm&r=g\",\"caption\":\"Med Ahmed\"},\"url\":\"https:\\\/\\\/lequotidien.mr\\\/?author=12\"}]}<\/script>\n<!-- \/ Yoast SEO plugin. -->","yoast_head_json":{"title":"D\u00e9centralisation et d\u00e9veloppement local : Une plateforme de concertation avec les bailleurs de fonds pour optimiser les interventions en mati\u00e8re de d\u00e9centralisation - Le Quotidien de Nouakchott","robots":{"index":"index","follow":"follow","max-snippet":"max-snippet:-1","max-image-preview":"max-image-preview:large","max-video-preview":"max-video-preview:-1"},"canonical":"https:\/\/lequotidien.mr\/?p=31074&lang=fr","og_locale":"ar_AR","og_type":"article","og_title":"D\u00e9centralisation et d\u00e9veloppement local : Une plateforme de concertation avec les bailleurs de fonds pour optimiser les interventions en mati\u00e8re de d\u00e9centralisation - Le Quotidien de Nouakchott","og_description":"Le ministre d\u00e9l\u00e9gu\u00e9 aupr\u00e8s du ministre de l\u2019Int\u00e9rieur, de la Promotion de la d\u00e9centralisation et du D\u00e9veloppement local, charg\u00e9 de la D\u00e9centralisation et du D\u00e9veloppement local, M. Yacoub Salem Vall, a pr\u00e9sid\u00e9, ce jeudi \u00e0 Nouakchott, une r\u00e9union de travail cruciale avec les bailleurs de fonds du secteur. L&#8217;objectif central de cette rencontre \u00e9tait de.....","og_url":"https:\/\/lequotidien.mr\/?p=31074&lang=fr","og_site_name":"Le Quotidien de Nouakchott","article_publisher":"https:\/\/web.facebook.com\/lequotidienmr","article_published_time":"2025-09-19T11:42:22+00:00","og_image":[{"width":610,"height":430,"url":"https:\/\/lequotidien.mr\/wp-content\/uploads\/2025\/09\/photo-bailleurs-et-decentralisation.jpg","type":"image\/jpeg"}],"author":"Med Ahmed","twitter_card":"summary_large_image","twitter_creator":"@lequotidienmr","twitter_site":"@lequotidienmr","twitter_misc":{"\u0643\u064f\u062a\u0628 \u0628\u0648\u0627\u0633\u0637\u0629":"Med Ahmed","\u0648\u0642\u062a \u0627\u0644\u0642\u0631\u0627\u0621\u0629 \u0627\u0644\u0645\u064f\u0642\u062f\u0651\u0631":"4 \u062f\u0642\u0627\u0626\u0642"},"schema":{"@context":"https:\/\/schema.org","@graph":[{"@type":"Article","@id":"https:\/\/lequotidien.mr\/?p=31074&lang=fr#article","isPartOf":{"@id":"https:\/\/lequotidien.mr\/?p=31074&lang=fr"},"author":{"name":"Med Ahmed","@id":"https:\/\/lequotidien.mr\/#\/schema\/person\/d2d350202a4d599685ed8abc25f97596"},"headline":"D\u00e9centralisation et d\u00e9veloppement local : Une plateforme de concertation avec les bailleurs de fonds pour optimiser les interventions en mati\u00e8re de d\u00e9centralisation","datePublished":"2025-09-19T11:42:22+00:00","mainEntityOfPage":{"@id":"https:\/\/lequotidien.mr\/?p=31074&lang=fr"},"wordCount":631,"commentCount":0,"publisher":{"@id":"https:\/\/lequotidien.mr\/#organization"},"image":{"@id":"https:\/\/lequotidien.mr\/?p=31074&lang=fr#primaryimage"},"thumbnailUrl":"https:\/\/lequotidien.mr\/wp-content\/uploads\/2025\/09\/photo-bailleurs-et-decentralisation.jpg","articleSection":["ACTUALIT\u00c9","Economie"],"inLanguage":"ar","potentialAction":[{"@type":"CommentAction","name":"Comment","target":["https:\/\/lequotidien.mr\/?p=31074&lang=fr#respond"]}]},{"@type":"WebPage","@id":"https:\/\/lequotidien.mr\/?p=31074&lang=fr","url":"https:\/\/lequotidien.mr\/?p=31074&lang=fr","name":"D\u00e9centralisation et d\u00e9veloppement local : Une plateforme de concertation avec les bailleurs de fonds pour optimiser les interventions en mati\u00e8re de d\u00e9centralisation - Le Quotidien de Nouakchott","isPartOf":{"@id":"https:\/\/lequotidien.mr\/#website"},"primaryImageOfPage":{"@id":"https:\/\/lequotidien.mr\/?p=31074&lang=fr#primaryimage"},"image":{"@id":"https:\/\/lequotidien.mr\/?p=31074&lang=fr#primaryimage"},"thumbnailUrl":"https:\/\/lequotidien.mr\/wp-content\/uploads\/2025\/09\/photo-bailleurs-et-decentralisation.jpg","datePublished":"2025-09-19T11:42:22+00:00","breadcrumb":{"@id":"https:\/\/lequotidien.mr\/?p=31074&lang=fr#breadcrumb"},"inLanguage":"ar","potentialAction":[{"@type":"ReadAction","target":["https:\/\/lequotidien.mr\/?p=31074&lang=fr"]}]},{"@type":"ImageObject","inLanguage":"ar","@id":"https:\/\/lequotidien.mr\/?p=31074&lang=fr#primaryimage","url":"https:\/\/lequotidien.mr\/wp-content\/uploads\/2025\/09\/photo-bailleurs-et-decentralisation.jpg","contentUrl":"https:\/\/lequotidien.mr\/wp-content\/uploads\/2025\/09\/photo-bailleurs-et-decentralisation.jpg","width":610,"height":430},{"@type":"BreadcrumbList","@id":"https:\/\/lequotidien.mr\/?p=31074&lang=fr#breadcrumb","itemListElement":[{"@type":"ListItem","position":1,"name":"Home","item":"https:\/\/lequotidien.mr\/"},{"@type":"ListItem","position":2,"name":"D\u00e9centralisation et d\u00e9veloppement local : Une plateforme de concertation avec les bailleurs de fonds pour optimiser les interventions en mati\u00e8re de d\u00e9centralisation"}]},{"@type":"WebSite","@id":"https:\/\/lequotidien.mr\/#website","url":"https:\/\/lequotidien.mr\/","name":"Le Quotidien de Nouakchott","description":"\u0625\u062e\u0628\u0627\u0631\u064a\u0629 \u0645\u0633\u062a\u0642\u0644\u0629 \u0644\u0644\u0623\u0646\u0628\u0627\u0621 \u0627\u0644\u0639\u0627\u0645\u0629","publisher":{"@id":"https:\/\/lequotidien.mr\/#organization"},"potentialAction":[{"@type":"SearchAction","target":{"@type":"EntryPoint","urlTemplate":"https:\/\/lequotidien.mr\/?s={search_term_string}"},"query-input":{"@type":"PropertyValueSpecification","valueRequired":true,"valueName":"search_term_string"}}],"inLanguage":"ar"},{"@type":"Organization","@id":"https:\/\/lequotidien.mr\/#organization","name":"Le Quotidien de Nouakchott","url":"https:\/\/lequotidien.mr\/","logo":{"@type":"ImageObject","inLanguage":"ar","@id":"https:\/\/lequotidien.mr\/#\/schema\/logo\/image\/","url":"https:\/\/lequotidien.mr\/wp-content\/uploads\/2022\/11\/logolequotidien.jpg","contentUrl":"https:\/\/lequotidien.mr\/wp-content\/uploads\/2022\/11\/logolequotidien.jpg","width":290,"height":65,"caption":"Le Quotidien de Nouakchott"},"image":{"@id":"https:\/\/lequotidien.mr\/#\/schema\/logo\/image\/"},"sameAs":["https:\/\/web.facebook.com\/lequotidienmr","https:\/\/x.com\/lequotidienmr"]},{"@type":"Person","@id":"https:\/\/lequotidien.mr\/#\/schema\/person\/d2d350202a4d599685ed8abc25f97596","name":"Med Ahmed","image":{"@type":"ImageObject","inLanguage":"ar","@id":"https:\/\/secure.gravatar.com\/avatar\/fd2acc62ed50732923d1d39c17172c9b04149f142be92310ecc69e1358f94b52?s=96&d=mm&r=g","url":"https:\/\/secure.gravatar.com\/avatar\/fd2acc62ed50732923d1d39c17172c9b04149f142be92310ecc69e1358f94b52?s=96&d=mm&r=g","contentUrl":"https:\/\/secure.gravatar.com\/avatar\/fd2acc62ed50732923d1d39c17172c9b04149f142be92310ecc69e1358f94b52?s=96&d=mm&r=g","caption":"Med Ahmed"},"url":"https:\/\/lequotidien.mr\/?author=12"}]}},"_links":{"self":[{"href":"https:\/\/lequotidien.mr\/index.php?rest_route=\/wp\/v2\/posts\/31074","targetHints":{"allow":["GET"]}}],"collection":[{"href":"https:\/\/lequotidien.mr\/index.php?rest_route=\/wp\/v2\/posts"}],"about":[{"href":"https:\/\/lequotidien.mr\/index.php?rest_route=\/wp\/v2\/types\/post"}],"author":[{"embeddable":true,"href":"https:\/\/lequotidien.mr\/index.php?rest_route=\/wp\/v2\/users\/12"}],"replies":[{"embeddable":true,"href":"https:\/\/lequotidien.mr\/index.php?rest_route=%2Fwp%2Fv2%2Fcomments&post=31074"}],"version-history":[{"count":1,"href":"https:\/\/lequotidien.mr\/index.php?rest_route=\/wp\/v2\/posts\/31074\/revisions"}],"predecessor-version":[{"id":31076,"href":"https:\/\/lequotidien.mr\/index.php?rest_route=\/wp\/v2\/posts\/31074\/revisions\/31076"}],"wp:featuredmedia":[{"embeddable":true,"href":"https:\/\/lequotidien.mr\/index.php?rest_route=\/wp\/v2\/media\/31075"}],"wp:attachment":[{"href":"https:\/\/lequotidien.mr\/index.php?rest_route=%2Fwp%2Fv2%2Fmedia&parent=31074"}],"wp:term":[{"taxonomy":"category","embeddable":true,"href":"https:\/\/lequotidien.mr\/index.php?rest_route=%2Fwp%2Fv2%2Fcategories&post=31074"},{"taxonomy":"post_tag","embeddable":true,"href":"https:\/\/lequotidien.mr\/index.php?rest_route=%2Fwp%2Fv2%2Ftags&post=31074"}],"curies":[{"name":"wp","href":"https:\/\/api.w.org\/{rel}","templated":true}]}}