{"id":31047,"date":"2025-09-18T12:38:47","date_gmt":"2025-09-18T12:38:47","guid":{"rendered":"https:\/\/lequotidien.mr\/?p=31047"},"modified":"2025-09-18T12:38:47","modified_gmt":"2025-09-18T12:38:47","slug":"resultats-conseil-des-ministres-reformes-pour-linvestissement-la-sante-et-mesures-securitaires-au-menu-des-explications","status":"publish","type":"post","link":"https:\/\/lequotidien.mr\/?p=31047&lang=fr","title":{"rendered":"R\u00e9sultats Conseil des Ministres : R\u00e9formes pour l\u2019investissement, la sant\u00e9 et mesures s\u00e9curitaires au menu des explications"},"content":{"rendered":"<p>Hier, mercredi 17 septembre 2025, \u00a0plusieurs membres du gouvernement se sont exprim\u00e9s \u00e0 la suite du Conseil des ministres qui s\u2019est tenu dans la matin\u00e9e. Le porte-parole du gouvernement, ainsi que les ministres de l\u2019\u00c9conomie et des Finances et de la Sant\u00e9, sont revenus en d\u00e9tail sur les principaux d\u00e9crets et projets adopt\u00e9s, concernant notamment la promotion des investissements, une nouvelle approche de financement de la sant\u00e9 et des mesures s\u00e9curitaires.<\/p>\n<p><strong>Un ordre du jour charg\u00e9 pour des r\u00e9formes structurelles<\/strong><\/p>\n<p>Dans son mot introductif, le <strong>porte-parole du gouvernement<\/strong>, <strong>M. Houssein Meddou<\/strong>, <strong>ministre de la Culture, des Arts, de la Communication et des Relations avec le Parlement<\/strong>, a indiqu\u00e9 que le Conseil a examin\u00e9 et adopt\u00e9 plusieurs textes. Parmi les points saillants figuraient la ratification de la charte de l&#8217;Organisation Mondiale de l&#8217;Eau, la modification du cadre r\u00e9gissant l&#8217;Agence de Promotion des Investissements en Mauritanie (APIM) et l&#8217;institution d&#8217;une approche de financement bas\u00e9 sur la performance dans le secteur de la sant\u00e9. Il a ensuite c\u00e9d\u00e9 la parole \u00e0 ses coll\u00e8gues ministres pour des pr\u00e9cisions techniques.<\/p>\n<p><strong>L\u2019APIM r\u00e9form\u00e9e pour plus d\u2019efficacit\u00e9 et plac\u00e9e sous l\u2019\u00e9gide de la Primature<\/strong><\/p>\n<p>Prenant la parole, le <strong>ministre de l\u2019\u00c9conomie et des Finances, M. Sid\u2019Ahmed Bouh<\/strong>, a d\u00e9taill\u00e9 la r\u00e9forme de l&#8217;<strong>APIM<\/strong>. Il a expliqu\u00e9 que ce projet de d\u00e9cret s\u2019inscrit dans les efforts gouvernementaux pour rendre l\u2019agence <strong><em>\u00ab plus performante \u00bb<\/em><\/strong>, avec l&#8217;objectif final d\u2019obtenir de meilleurs r\u00e9sultats en mati\u00e8re de promotion des investissements et de soutien aux PME. <strong><em>\u00ab Ceci devrait permettre d\u2019accro\u00eetre leur capacit\u00e9 de production afin de renforcer la cr\u00e9ation de l\u2019emploi, la hausse des revenus et une meilleure contribution \u00e0 l\u2019activit\u00e9 de l\u2019\u00e9conomie nationale \u00bb<\/em><\/strong>, a-t-il d\u00e9clar\u00e9.<\/p>\n<p>Concr\u00e8tement, apr\u00e8s une \u00e9valuation de la p\u00e9riode 2021-2025, le nouveau texte pr\u00e9voit un changement majeur : le transfert de tutelle de l\u2019APIM du minist\u00e8re de l\u2019\u00c9conomie vers la Primature, signe de l&#8217;importance strat\u00e9gique que le gouvernement accorde \u00e0 cet organisme. Son champ d\u2019action est \u00e9galement \u00e9largi puisqu\u2019elle se voit confier explicitement la promotion des petites et moyennes entreprises.<\/p>\n<p><strong>Un r\u00f4le \u00e9largi pour l\u2019agence<\/strong><\/p>\n<p>M. Bouh a ajout\u00e9 que l\u2019APIM se verra \u00e9galement confier le <strong>secr\u00e9tariat g\u00e9n\u00e9ral du Conseil sup\u00e9rieur de l\u2019investissement<\/strong>, une instance qui se r\u00e9unit annuellement sous la pr\u00e9sidence du Chef de l\u2019\u00c9tat et qui rassemble investisseurs \u00e9trangers et hommes d\u2019affaires mauritaniens. Enfin, l\u2019agence aura en charge l\u2019organisation de <strong>foires<\/strong>, <strong>salons <\/strong>et<strong> rencontres <\/strong>\u00e0<strong> l\u2019\u00e9tranger<\/strong> pour promouvoir l\u2019investissement mauritanien, consolidant ainsi son r\u00f4le de vitrine \u00e9conomique du pays.<\/p>\n<p><strong>Sant\u00e9 : g\u00e9n\u00e9ralisation du financement bas\u00e9 sur la performance, y compris \u00e0 Nouakchott<\/strong><\/p>\n<p>De son c\u00f4t\u00e9, le <strong>ministre de la Sant\u00e9, M. Abdallahi Wedih<\/strong>, a pr\u00e9sent\u00e9 les grandes lignes du d\u00e9cret relatif \u00e0 l\u2019approche du financement bas\u00e9 sur la performance. Selon lui, cette mesure s\u2019inscrit dans un cadre de r\u00e9formes visant \u00e0 <strong><em>\u00ab renforcer la transparence, la bonne gouvernance et une gestion ax\u00e9e sur les r\u00e9sultats \u00bb<\/em><\/strong> dans le secteur.<\/p>\n<p>Le ministre a rappel\u00e9 que ce programme, initi\u00e9 en 2019 dans certaines r\u00e9gions puis \u00e9tendu \u00e0 six autres en 2023, est aujourd\u2019hui \u00e9largi \u00e0 la capitale, Nouakchott. Les r\u00e9sultats dans les zones pilotes sont, selon lui, tr\u00e8s positifs : <strong><em>\u00ab la qualit\u00e9 des services et les indicateurs de sant\u00e9 ont connu un bond en avant \u00bb<\/em><\/strong>, particuli\u00e8rement pour la sant\u00e9 maternelle et infantile. Cette approche a aussi permis de fixer les travailleurs de sant\u00e9 dans ces zones et de renforcer l\u2019autonomie des \u00e9tablissements.<\/p>\n<p>Fait marquant, le ministre a pr\u00e9cis\u00e9 que le financement, qui provenait auparavant de partenariats \u00e9trangers, est d\u00e9sormais pris en charge par le budget de l\u2019\u00c9tat, assurant ainsi la p\u00e9rennit\u00e9 du programme.<\/p>\n<p><strong>Saisie de motos : le gouvernement invoque des raisons s\u00e9curitaires<\/strong><\/p>\n<p>Interrog\u00e9 sur les r\u00e9centes saisies de motos observ\u00e9es un peu partout sur le territoire, le porte-parole du gouvernement, M. Meddou, est revenu sur cette mesure. Il l\u2019a justifi\u00e9e par des imp\u00e9ratifs essentiellement s\u00e9curitaires. L&#8217;objectif est de <strong><em>\u00ab appliquer les proc\u00e9dures et mesures r\u00e9glementaires pour que les motos et leurs d\u00e9tenteurs remplissent toutes les conditions requises \u00bb<\/em><\/strong>, a-t-il assur\u00e9.<\/p>\n<p><strong>Carte de presse : les d\u00e9marches vont s\u2019acc\u00e9l\u00e9rer<\/strong><\/p>\n<p>Enfin, concernant la d\u00e9livrance de la carte de presse, le ministre Meddou a apport\u00e9 une pr\u00e9cision attendue. L\u2019organe en charge de sa d\u00e9livrance sollicitera <strong><em>\u00ab au cours de la semaine prochaine \u00bb<\/em><\/strong> les organes de presse afin qu\u2019ils transmettent les dossiers de leurs employ\u00e9s. Cette d\u00e9marche interviendra <strong><em>\u00ab apr\u00e8s l\u2019ach\u00e8vement des proc\u00e9dures pr\u00e9vues par la loi \u00bb<\/em><\/strong>, a-t-il conclu.<\/p>\n","protected":false},"excerpt":{"rendered":"<p>Hier, mercredi 17 septembre 2025, \u00a0plusieurs membres du gouvernement se sont exprim\u00e9s \u00e0 la suite du Conseil des ministres qui s\u2019est tenu dans la matin\u00e9e. Le porte-parole du gouvernement, ainsi que les ministres de l\u2019\u00c9conomie et des Finances et de la Sant\u00e9, sont revenus en d\u00e9tail sur les principaux d\u00e9crets et projets adopt\u00e9s, concernant notamment&#8230;..<\/p>\n","protected":false},"author":12,"featured_media":31048,"comment_status":"open","ping_status":"open","sticky":false,"template":"","format":"standard","meta":{"footnotes":""},"categories":[23,49],"tags":[],"class_list":["post-31047","post","type-post","status-publish","format-standard","has-post-thumbnail","hentry","category-actualite","category-economie"],"yoast_head":"<!-- This site is optimized with the Yoast SEO plugin v27.5 - https:\/\/yoast.com\/product\/yoast-seo-wordpress\/ -->\n<title>R\u00e9sultats Conseil des Ministres : R\u00e9formes pour l\u2019investissement, la sant\u00e9 et mesures s\u00e9curitaires au menu des explications - Le Quotidien de Nouakchott<\/title>\n<meta name=\"robots\" content=\"index, follow, max-snippet:-1, max-image-preview:large, max-video-preview:-1\" \/>\n<link rel=\"canonical\" href=\"https:\/\/lequotidien.mr\/?p=31047&lang=fr\" \/>\n<meta property=\"og:locale\" content=\"ar_AR\" \/>\n<meta property=\"og:type\" content=\"article\" \/>\n<meta property=\"og:title\" content=\"R\u00e9sultats Conseil des Ministres : R\u00e9formes pour l\u2019investissement, la sant\u00e9 et mesures s\u00e9curitaires au menu des explications - Le Quotidien de Nouakchott\" \/>\n<meta property=\"og:description\" content=\"Hier, mercredi 17 septembre 2025, \u00a0plusieurs membres du gouvernement se sont exprim\u00e9s \u00e0 la suite du Conseil des ministres qui s\u2019est tenu dans la matin\u00e9e. Le porte-parole du gouvernement, ainsi que les ministres de l\u2019\u00c9conomie et des Finances et de la Sant\u00e9, sont revenus en d\u00e9tail sur les principaux d\u00e9crets et projets adopt\u00e9s, concernant notamment.....\" \/>\n<meta property=\"og:url\" content=\"https:\/\/lequotidien.mr\/?p=31047&amp;lang=fr\" \/>\n<meta property=\"og:site_name\" content=\"Le Quotidien de Nouakchott\" \/>\n<meta property=\"article:publisher\" content=\"https:\/\/web.facebook.com\/lequotidienmr\" \/>\n<meta property=\"article:published_time\" content=\"2025-09-18T12:38:47+00:00\" \/>\n<meta property=\"og:image\" content=\"https:\/\/lequotidien.mr\/wp-content\/uploads\/2025\/09\/photo-point-presse-18-9-2025.jpg\" \/>\n\t<meta property=\"og:image:width\" content=\"643\" \/>\n\t<meta property=\"og:image:height\" content=\"400\" \/>\n\t<meta property=\"og:image:type\" content=\"image\/jpeg\" \/>\n<meta name=\"author\" content=\"Med Ahmed\" \/>\n<meta name=\"twitter:card\" content=\"summary_large_image\" \/>\n<meta name=\"twitter:creator\" content=\"@lequotidienmr\" \/>\n<meta name=\"twitter:site\" content=\"@lequotidienmr\" \/>\n<meta name=\"twitter:label1\" content=\"\u0643\u064f\u062a\u0628 \u0628\u0648\u0627\u0633\u0637\u0629\" \/>\n\t<meta name=\"twitter:data1\" content=\"Med Ahmed\" \/>\n\t<meta name=\"twitter:label2\" content=\"\u0648\u0642\u062a \u0627\u0644\u0642\u0631\u0627\u0621\u0629 \u0627\u0644\u0645\u064f\u0642\u062f\u0651\u0631\" \/>\n\t<meta name=\"twitter:data2\" content=\"6 \u062f\u0642\u0627\u0626\u0642\" \/>\n<script type=\"application\/ld+json\" class=\"yoast-schema-graph\">{\"@context\":\"https:\\\/\\\/schema.org\",\"@graph\":[{\"@type\":\"Article\",\"@id\":\"https:\\\/\\\/lequotidien.mr\\\/?p=31047&lang=fr#article\",\"isPartOf\":{\"@id\":\"https:\\\/\\\/lequotidien.mr\\\/?p=31047&lang=fr\"},\"author\":{\"name\":\"Med Ahmed\",\"@id\":\"https:\\\/\\\/lequotidien.mr\\\/#\\\/schema\\\/person\\\/d2d350202a4d599685ed8abc25f97596\"},\"headline\":\"R\u00e9sultats Conseil des Ministres : R\u00e9formes pour l\u2019investissement, la sant\u00e9 et mesures s\u00e9curitaires au menu des explications\",\"datePublished\":\"2025-09-18T12:38:47+00:00\",\"mainEntityOfPage\":{\"@id\":\"https:\\\/\\\/lequotidien.mr\\\/?p=31047&lang=fr\"},\"wordCount\":829,\"commentCount\":0,\"publisher\":{\"@id\":\"https:\\\/\\\/lequotidien.mr\\\/#organization\"},\"image\":{\"@id\":\"https:\\\/\\\/lequotidien.mr\\\/?p=31047&lang=fr#primaryimage\"},\"thumbnailUrl\":\"https:\\\/\\\/lequotidien.mr\\\/wp-content\\\/uploads\\\/2025\\\/09\\\/photo-point-presse-18-9-2025.jpg\",\"articleSection\":[\"ACTUALIT\u00c9\",\"Economie\"],\"inLanguage\":\"ar\",\"potentialAction\":[{\"@type\":\"CommentAction\",\"name\":\"Comment\",\"target\":[\"https:\\\/\\\/lequotidien.mr\\\/?p=31047&lang=fr#respond\"]}]},{\"@type\":\"WebPage\",\"@id\":\"https:\\\/\\\/lequotidien.mr\\\/?p=31047&lang=fr\",\"url\":\"https:\\\/\\\/lequotidien.mr\\\/?p=31047&lang=fr\",\"name\":\"R\u00e9sultats Conseil des Ministres : R\u00e9formes pour l\u2019investissement, la sant\u00e9 et mesures s\u00e9curitaires au menu des explications - Le Quotidien de Nouakchott\",\"isPartOf\":{\"@id\":\"https:\\\/\\\/lequotidien.mr\\\/#website\"},\"primaryImageOfPage\":{\"@id\":\"https:\\\/\\\/lequotidien.mr\\\/?p=31047&lang=fr#primaryimage\"},\"image\":{\"@id\":\"https:\\\/\\\/lequotidien.mr\\\/?p=31047&lang=fr#primaryimage\"},\"thumbnailUrl\":\"https:\\\/\\\/lequotidien.mr\\\/wp-content\\\/uploads\\\/2025\\\/09\\\/photo-point-presse-18-9-2025.jpg\",\"datePublished\":\"2025-09-18T12:38:47+00:00\",\"breadcrumb\":{\"@id\":\"https:\\\/\\\/lequotidien.mr\\\/?p=31047&lang=fr#breadcrumb\"},\"inLanguage\":\"ar\",\"potentialAction\":[{\"@type\":\"ReadAction\",\"target\":[\"https:\\\/\\\/lequotidien.mr\\\/?p=31047&lang=fr\"]}]},{\"@type\":\"ImageObject\",\"inLanguage\":\"ar\",\"@id\":\"https:\\\/\\\/lequotidien.mr\\\/?p=31047&lang=fr#primaryimage\",\"url\":\"https:\\\/\\\/lequotidien.mr\\\/wp-content\\\/uploads\\\/2025\\\/09\\\/photo-point-presse-18-9-2025.jpg\",\"contentUrl\":\"https:\\\/\\\/lequotidien.mr\\\/wp-content\\\/uploads\\\/2025\\\/09\\\/photo-point-presse-18-9-2025.jpg\",\"width\":643,\"height\":400},{\"@type\":\"BreadcrumbList\",\"@id\":\"https:\\\/\\\/lequotidien.mr\\\/?p=31047&lang=fr#breadcrumb\",\"itemListElement\":[{\"@type\":\"ListItem\",\"position\":1,\"name\":\"Home\",\"item\":\"https:\\\/\\\/lequotidien.mr\\\/\"},{\"@type\":\"ListItem\",\"position\":2,\"name\":\"R\u00e9sultats Conseil des Ministres : R\u00e9formes pour l\u2019investissement, la sant\u00e9 et mesures s\u00e9curitaires au menu des explications\"}]},{\"@type\":\"WebSite\",\"@id\":\"https:\\\/\\\/lequotidien.mr\\\/#website\",\"url\":\"https:\\\/\\\/lequotidien.mr\\\/\",\"name\":\"Le Quotidien de Nouakchott\",\"description\":\"\u0625\u062e\u0628\u0627\u0631\u064a\u0629 \u0645\u0633\u062a\u0642\u0644\u0629 \u0644\u0644\u0623\u0646\u0628\u0627\u0621 \u0627\u0644\u0639\u0627\u0645\u0629\",\"publisher\":{\"@id\":\"https:\\\/\\\/lequotidien.mr\\\/#organization\"},\"potentialAction\":[{\"@type\":\"SearchAction\",\"target\":{\"@type\":\"EntryPoint\",\"urlTemplate\":\"https:\\\/\\\/lequotidien.mr\\\/?s={search_term_string}\"},\"query-input\":{\"@type\":\"PropertyValueSpecification\",\"valueRequired\":true,\"valueName\":\"search_term_string\"}}],\"inLanguage\":\"ar\"},{\"@type\":\"Organization\",\"@id\":\"https:\\\/\\\/lequotidien.mr\\\/#organization\",\"name\":\"Le Quotidien de Nouakchott\",\"url\":\"https:\\\/\\\/lequotidien.mr\\\/\",\"logo\":{\"@type\":\"ImageObject\",\"inLanguage\":\"ar\",\"@id\":\"https:\\\/\\\/lequotidien.mr\\\/#\\\/schema\\\/logo\\\/image\\\/\",\"url\":\"https:\\\/\\\/lequotidien.mr\\\/wp-content\\\/uploads\\\/2022\\\/11\\\/logolequotidien.jpg\",\"contentUrl\":\"https:\\\/\\\/lequotidien.mr\\\/wp-content\\\/uploads\\\/2022\\\/11\\\/logolequotidien.jpg\",\"width\":290,\"height\":65,\"caption\":\"Le Quotidien de Nouakchott\"},\"image\":{\"@id\":\"https:\\\/\\\/lequotidien.mr\\\/#\\\/schema\\\/logo\\\/image\\\/\"},\"sameAs\":[\"https:\\\/\\\/web.facebook.com\\\/lequotidienmr\",\"https:\\\/\\\/x.com\\\/lequotidienmr\"]},{\"@type\":\"Person\",\"@id\":\"https:\\\/\\\/lequotidien.mr\\\/#\\\/schema\\\/person\\\/d2d350202a4d599685ed8abc25f97596\",\"name\":\"Med Ahmed\",\"image\":{\"@type\":\"ImageObject\",\"inLanguage\":\"ar\",\"@id\":\"https:\\\/\\\/secure.gravatar.com\\\/avatar\\\/fd2acc62ed50732923d1d39c17172c9b04149f142be92310ecc69e1358f94b52?s=96&d=mm&r=g\",\"url\":\"https:\\\/\\\/secure.gravatar.com\\\/avatar\\\/fd2acc62ed50732923d1d39c17172c9b04149f142be92310ecc69e1358f94b52?s=96&d=mm&r=g\",\"contentUrl\":\"https:\\\/\\\/secure.gravatar.com\\\/avatar\\\/fd2acc62ed50732923d1d39c17172c9b04149f142be92310ecc69e1358f94b52?s=96&d=mm&r=g\",\"caption\":\"Med Ahmed\"},\"url\":\"https:\\\/\\\/lequotidien.mr\\\/?author=12\"}]}<\/script>\n<!-- \/ Yoast SEO plugin. -->","yoast_head_json":{"title":"R\u00e9sultats Conseil des Ministres : R\u00e9formes pour l\u2019investissement, la sant\u00e9 et mesures s\u00e9curitaires au menu des explications - Le Quotidien de Nouakchott","robots":{"index":"index","follow":"follow","max-snippet":"max-snippet:-1","max-image-preview":"max-image-preview:large","max-video-preview":"max-video-preview:-1"},"canonical":"https:\/\/lequotidien.mr\/?p=31047&lang=fr","og_locale":"ar_AR","og_type":"article","og_title":"R\u00e9sultats Conseil des Ministres : R\u00e9formes pour l\u2019investissement, la sant\u00e9 et mesures s\u00e9curitaires au menu des explications - Le Quotidien de Nouakchott","og_description":"Hier, mercredi 17 septembre 2025, \u00a0plusieurs membres du gouvernement se sont exprim\u00e9s \u00e0 la suite du Conseil des ministres qui s\u2019est tenu dans la matin\u00e9e. Le porte-parole du gouvernement, ainsi que les ministres de l\u2019\u00c9conomie et des Finances et de la Sant\u00e9, sont revenus en d\u00e9tail sur les principaux d\u00e9crets et projets adopt\u00e9s, concernant notamment.....","og_url":"https:\/\/lequotidien.mr\/?p=31047&lang=fr","og_site_name":"Le Quotidien de Nouakchott","article_publisher":"https:\/\/web.facebook.com\/lequotidienmr","article_published_time":"2025-09-18T12:38:47+00:00","og_image":[{"width":643,"height":400,"url":"https:\/\/lequotidien.mr\/wp-content\/uploads\/2025\/09\/photo-point-presse-18-9-2025.jpg","type":"image\/jpeg"}],"author":"Med Ahmed","twitter_card":"summary_large_image","twitter_creator":"@lequotidienmr","twitter_site":"@lequotidienmr","twitter_misc":{"\u0643\u064f\u062a\u0628 \u0628\u0648\u0627\u0633\u0637\u0629":"Med Ahmed","\u0648\u0642\u062a \u0627\u0644\u0642\u0631\u0627\u0621\u0629 \u0627\u0644\u0645\u064f\u0642\u062f\u0651\u0631":"6 \u062f\u0642\u0627\u0626\u0642"},"schema":{"@context":"https:\/\/schema.org","@graph":[{"@type":"Article","@id":"https:\/\/lequotidien.mr\/?p=31047&lang=fr#article","isPartOf":{"@id":"https:\/\/lequotidien.mr\/?p=31047&lang=fr"},"author":{"name":"Med Ahmed","@id":"https:\/\/lequotidien.mr\/#\/schema\/person\/d2d350202a4d599685ed8abc25f97596"},"headline":"R\u00e9sultats Conseil des Ministres : R\u00e9formes pour l\u2019investissement, la sant\u00e9 et mesures s\u00e9curitaires au menu des explications","datePublished":"2025-09-18T12:38:47+00:00","mainEntityOfPage":{"@id":"https:\/\/lequotidien.mr\/?p=31047&lang=fr"},"wordCount":829,"commentCount":0,"publisher":{"@id":"https:\/\/lequotidien.mr\/#organization"},"image":{"@id":"https:\/\/lequotidien.mr\/?p=31047&lang=fr#primaryimage"},"thumbnailUrl":"https:\/\/lequotidien.mr\/wp-content\/uploads\/2025\/09\/photo-point-presse-18-9-2025.jpg","articleSection":["ACTUALIT\u00c9","Economie"],"inLanguage":"ar","potentialAction":[{"@type":"CommentAction","name":"Comment","target":["https:\/\/lequotidien.mr\/?p=31047&lang=fr#respond"]}]},{"@type":"WebPage","@id":"https:\/\/lequotidien.mr\/?p=31047&lang=fr","url":"https:\/\/lequotidien.mr\/?p=31047&lang=fr","name":"R\u00e9sultats Conseil des Ministres : R\u00e9formes pour l\u2019investissement, la sant\u00e9 et mesures s\u00e9curitaires au menu des explications - Le Quotidien de Nouakchott","isPartOf":{"@id":"https:\/\/lequotidien.mr\/#website"},"primaryImageOfPage":{"@id":"https:\/\/lequotidien.mr\/?p=31047&lang=fr#primaryimage"},"image":{"@id":"https:\/\/lequotidien.mr\/?p=31047&lang=fr#primaryimage"},"thumbnailUrl":"https:\/\/lequotidien.mr\/wp-content\/uploads\/2025\/09\/photo-point-presse-18-9-2025.jpg","datePublished":"2025-09-18T12:38:47+00:00","breadcrumb":{"@id":"https:\/\/lequotidien.mr\/?p=31047&lang=fr#breadcrumb"},"inLanguage":"ar","potentialAction":[{"@type":"ReadAction","target":["https:\/\/lequotidien.mr\/?p=31047&lang=fr"]}]},{"@type":"ImageObject","inLanguage":"ar","@id":"https:\/\/lequotidien.mr\/?p=31047&lang=fr#primaryimage","url":"https:\/\/lequotidien.mr\/wp-content\/uploads\/2025\/09\/photo-point-presse-18-9-2025.jpg","contentUrl":"https:\/\/lequotidien.mr\/wp-content\/uploads\/2025\/09\/photo-point-presse-18-9-2025.jpg","width":643,"height":400},{"@type":"BreadcrumbList","@id":"https:\/\/lequotidien.mr\/?p=31047&lang=fr#breadcrumb","itemListElement":[{"@type":"ListItem","position":1,"name":"Home","item":"https:\/\/lequotidien.mr\/"},{"@type":"ListItem","position":2,"name":"R\u00e9sultats Conseil des Ministres : R\u00e9formes pour l\u2019investissement, la sant\u00e9 et mesures s\u00e9curitaires au menu des explications"}]},{"@type":"WebSite","@id":"https:\/\/lequotidien.mr\/#website","url":"https:\/\/lequotidien.mr\/","name":"Le Quotidien de Nouakchott","description":"\u0625\u062e\u0628\u0627\u0631\u064a\u0629 \u0645\u0633\u062a\u0642\u0644\u0629 \u0644\u0644\u0623\u0646\u0628\u0627\u0621 \u0627\u0644\u0639\u0627\u0645\u0629","publisher":{"@id":"https:\/\/lequotidien.mr\/#organization"},"potentialAction":[{"@type":"SearchAction","target":{"@type":"EntryPoint","urlTemplate":"https:\/\/lequotidien.mr\/?s={search_term_string}"},"query-input":{"@type":"PropertyValueSpecification","valueRequired":true,"valueName":"search_term_string"}}],"inLanguage":"ar"},{"@type":"Organization","@id":"https:\/\/lequotidien.mr\/#organization","name":"Le Quotidien de Nouakchott","url":"https:\/\/lequotidien.mr\/","logo":{"@type":"ImageObject","inLanguage":"ar","@id":"https:\/\/lequotidien.mr\/#\/schema\/logo\/image\/","url":"https:\/\/lequotidien.mr\/wp-content\/uploads\/2022\/11\/logolequotidien.jpg","contentUrl":"https:\/\/lequotidien.mr\/wp-content\/uploads\/2022\/11\/logolequotidien.jpg","width":290,"height":65,"caption":"Le Quotidien de Nouakchott"},"image":{"@id":"https:\/\/lequotidien.mr\/#\/schema\/logo\/image\/"},"sameAs":["https:\/\/web.facebook.com\/lequotidienmr","https:\/\/x.com\/lequotidienmr"]},{"@type":"Person","@id":"https:\/\/lequotidien.mr\/#\/schema\/person\/d2d350202a4d599685ed8abc25f97596","name":"Med Ahmed","image":{"@type":"ImageObject","inLanguage":"ar","@id":"https:\/\/secure.gravatar.com\/avatar\/fd2acc62ed50732923d1d39c17172c9b04149f142be92310ecc69e1358f94b52?s=96&d=mm&r=g","url":"https:\/\/secure.gravatar.com\/avatar\/fd2acc62ed50732923d1d39c17172c9b04149f142be92310ecc69e1358f94b52?s=96&d=mm&r=g","contentUrl":"https:\/\/secure.gravatar.com\/avatar\/fd2acc62ed50732923d1d39c17172c9b04149f142be92310ecc69e1358f94b52?s=96&d=mm&r=g","caption":"Med Ahmed"},"url":"https:\/\/lequotidien.mr\/?author=12"}]}},"_links":{"self":[{"href":"https:\/\/lequotidien.mr\/index.php?rest_route=\/wp\/v2\/posts\/31047","targetHints":{"allow":["GET"]}}],"collection":[{"href":"https:\/\/lequotidien.mr\/index.php?rest_route=\/wp\/v2\/posts"}],"about":[{"href":"https:\/\/lequotidien.mr\/index.php?rest_route=\/wp\/v2\/types\/post"}],"author":[{"embeddable":true,"href":"https:\/\/lequotidien.mr\/index.php?rest_route=\/wp\/v2\/users\/12"}],"replies":[{"embeddable":true,"href":"https:\/\/lequotidien.mr\/index.php?rest_route=%2Fwp%2Fv2%2Fcomments&post=31047"}],"version-history":[{"count":1,"href":"https:\/\/lequotidien.mr\/index.php?rest_route=\/wp\/v2\/posts\/31047\/revisions"}],"predecessor-version":[{"id":31049,"href":"https:\/\/lequotidien.mr\/index.php?rest_route=\/wp\/v2\/posts\/31047\/revisions\/31049"}],"wp:featuredmedia":[{"embeddable":true,"href":"https:\/\/lequotidien.mr\/index.php?rest_route=\/wp\/v2\/media\/31048"}],"wp:attachment":[{"href":"https:\/\/lequotidien.mr\/index.php?rest_route=%2Fwp%2Fv2%2Fmedia&parent=31047"}],"wp:term":[{"taxonomy":"category","embeddable":true,"href":"https:\/\/lequotidien.mr\/index.php?rest_route=%2Fwp%2Fv2%2Fcategories&post=31047"},{"taxonomy":"post_tag","embeddable":true,"href":"https:\/\/lequotidien.mr\/index.php?rest_route=%2Fwp%2Fv2%2Ftags&post=31047"}],"curies":[{"name":"wp","href":"https:\/\/api.w.org\/{rel}","templated":true}]}}