{"id":31016,"date":"2025-09-17T11:19:23","date_gmt":"2025-09-17T11:19:23","guid":{"rendered":"https:\/\/lequotidien.mr\/?p=31016"},"modified":"2025-09-17T11:21:39","modified_gmt":"2025-09-17T11:21:39","slug":"nouakchott-et-riyad-scelle-une-cooperation-renforcee-a-travers-la-signature-de-trois-accords-majeurs","status":"publish","type":"post","link":"https:\/\/lequotidien.mr\/?p=31016&lang=fr","title":{"rendered":"Nouakchott et Riyad scellent une coop\u00e9ration renforc\u00e9e \u00e0 travers la signature de trois accords majeurs"},"content":{"rendered":"<p>Une s\u00e9rie de signatures d\u2019accords, marquant une nouvelle \u00e9tape significative dans le partenariat de d\u00e9veloppement entre la R\u00e9publique Islamique de Mauritanie et le Royaume d&#8217;Arabie Saoudite, a eu lieu, lundi dernier, \u00e0 Nouakchott. Ces protocoles, financ\u00e9s par le Fonds saoudien pour le d\u00e9veloppement, concernent des projets vitaux dans les secteurs de l&#8217;eau, de la sant\u00e9 et du d\u00e9veloppement rural.<\/p>\n<p><strong>Une subvention pour l&#8217;eau potable en milieu rural<\/strong><\/p>\n<p>L&#8217;\u00e9v\u00e9nement principal a vu le <strong>Ministre de l\u2019\u00c9conomie et des Finances, M. Sid\u2019Ahmed Bouh<\/strong>, et le <strong>PDG du Fonds saoudien pour le d\u00e9veloppement, M. Sultan bin Abdul Rahman Al-Marshad<\/strong>, parapher un protocole d&#8217;accord pour une subvention de\u00a0<strong>6 millions de dollars am\u00e9ricains<\/strong>.<\/p>\n<p>Ce financement est destin\u00e9 \u00e0 la cinqui\u00e8me phase du\u00a0<strong>Programme saoudien de forage de puits et de d\u00e9veloppement rural en Afrique<\/strong>. Le projet vise \u00e0 am\u00e9liorer l&#8217;acc\u00e8s \u00e0 l&#8217;eau potable pour les populations rurales gr\u00e2ce au <strong>forage d&#8217;environ 40 puits<\/strong>. Ces forages seront \u00e9quip\u00e9s de syst\u00e8mes de pompage \u00e0 \u00e9nergie solaire, de r\u00e9servoirs sur\u00e9lev\u00e9s et de r\u00e9seaux de distribution int\u00e9gr\u00e9s, assurant une solution durable et \u00e9cologique.<\/p>\n<p><strong>La sant\u00e9 et l&#8217;eau potable urbaine \u00e0 l&#8217;honneur<\/strong><\/p>\n<p>La c\u00e9r\u00e9monie a \u00e9galement \u00e9t\u00e9 l&#8217;occasion de deux autres signatures tout aussi importantes. Le <strong>Ministre de la Sant\u00e9, M. Abdallahi Weddih<\/strong>, a sign\u00e9 un contrat avec <strong>M. Khalid Al-Qasabi, pr\u00e9sident du groupe saoudien Al-Qasabi<\/strong>, pour la\u00a0<strong>mise en \u0153uvre du projet de <\/strong><strong>l\u2019h\u00f4pital universitaire Roi Salman<\/strong>. Cet \u00e9tablissement m\u00e9dical de pointe, d\u2019une capacit\u00e9 de\u00a0<strong>plus de <\/strong><strong>300 lits<\/strong>, est appel\u00e9 \u00e0 devenir un p\u00f4le de r\u00e9f\u00e9rence pour le syst\u00e8me de sant\u00e9 national.<\/p>\n<p>Parall\u00e8lement, le Minist\u00e8re de l\u2019Hydraulique et de l\u2019Assainissement a sign\u00e9 un accord avec le groupe d\u2019entrepreneurs ex\u00e9cutants pour la r\u00e9alisation des\u00a0<strong>premi\u00e8re et deuxi\u00e8me sections du projet d\u2019approvisionnement en eau potable de la ville de Kiffa<\/strong>. Ce projet strat\u00e9gique, financ\u00e9 \u00e0 hauteur de\u00a0<strong>plus de <\/strong><strong>100 millions de dollars<\/strong>\u00a0par le Fonds saoudien, b\u00e9n\u00e9ficiera \u00e0 plus d&#8217;un demi-million de citoyens.<\/p>\n<p><strong>Des projets \u00e0 fort impact social <\/strong><\/p>\n<p>Les repr\u00e9sentants des deux pays ont unanimement salu\u00e9 la port\u00e9e de ces accords.<\/p>\n<p>Le Ministre Sid\u2019Ahmed Bouh a soulign\u00e9 que ces projets <strong><em>\u00ab constituent une \u00e9tape compl\u00e9mentaire pour renforcer les relations distingu\u00e9es qui unissent les deux pays depuis des d\u00e9cennies \u00bb<\/em><\/strong>. Il a \u00e9galement mis en avant leur alignement sur l&#8217;engagement du Pr\u00e9sident de la R\u00e9publique \u00e0 g\u00e9n\u00e9raliser l\u2019acc\u00e8s aux services essentiels.<\/p>\n<p>Le Ministre de la Sant\u00e9, M. Weddih, a pour sa part qualifi\u00e9 le futur h\u00f4pital Roi Salman d\u2019<strong><em>\u00ab \u00e9tablissement m\u00e9dical pionnier qui renforcera le syst\u00e8me de sant\u00e9 national \u00bb.<\/em><\/strong><\/p>\n<p>La Ministre de l\u2019Hydraulique et de l\u2019Assainissement, Mme Amal Mouloud, a d\u00e9taill\u00e9 l&#8217;impact du Fonds saoudien, notant que son intervention <strong><em>\u00ab a jou\u00e9 un r\u00f4le central dans l\u2019acc\u00e9l\u00e9ration de la r\u00e9alisation \u00bb<\/em><\/strong> non seulement des sections qu&#8217;il finance directement, mais a aussi eu un effet d&#8217;entra\u00eenement positif sur les autres sections du projet de Kiffa financ\u00e9es par d&#8217;autres partenaires.<\/p>\n<p>En conclusion, le PDG du Fonds saoudien pour le d\u00e9veloppement, M. Sultan Abdul Rahman Al-Marshad, a r\u00e9sum\u00e9 l&#8217;esprit de la journ\u00e9e en affirmant que ces accords <strong><em>\u00ab incarnent la profondeur de la coop\u00e9ration entre le Royaume d\u2019Arabie saoudite et la Mauritanie \u00bb.<\/em><\/strong> Il a expliqu\u00e9 que ces projets dans les domaines de la sant\u00e9, de l\u2019eau et du d\u00e9veloppement rural <strong><em>\u00ab contribueront \u00e0 am\u00e9liorer les conditions de vie de centaines de milliers de citoyens \u00bb<\/em><\/strong> mauritaniens, confirmant le r\u00f4le central du Fonds saoudien comme partenaire de d\u00e9veloppement cl\u00e9 pour la Mauritanie.<\/p>\n<p>&nbsp;<\/p>\n","protected":false},"excerpt":{"rendered":"<p>Une s\u00e9rie de signatures d\u2019accords, marquant une nouvelle \u00e9tape significative dans le partenariat de d\u00e9veloppement entre la R\u00e9publique Islamique de Mauritanie et le Royaume d&#8217;Arabie Saoudite, a eu lieu, lundi dernier, \u00e0 Nouakchott. Ces protocoles, financ\u00e9s par le Fonds saoudien pour le d\u00e9veloppement, concernent des projets vitaux dans les secteurs de l&#8217;eau, de la sant\u00e9&#8230;..<\/p>\n","protected":false},"author":12,"featured_media":31017,"comment_status":"open","ping_status":"open","sticky":false,"template":"","format":"standard","meta":{"footnotes":""},"categories":[23,49],"tags":[],"class_list":["post-31016","post","type-post","status-publish","format-standard","has-post-thumbnail","hentry","category-actualite","category-economie"],"yoast_head":"<!-- This site is optimized with the Yoast SEO plugin v27.5 - https:\/\/yoast.com\/product\/yoast-seo-wordpress\/ -->\n<title>Nouakchott et Riyad scellent une coop\u00e9ration renforc\u00e9e \u00e0 travers la signature de trois accords majeurs - Le Quotidien de Nouakchott<\/title>\n<meta name=\"robots\" content=\"index, follow, max-snippet:-1, max-image-preview:large, max-video-preview:-1\" \/>\n<link rel=\"canonical\" href=\"https:\/\/lequotidien.mr\/?p=31016&lang=fr\" \/>\n<meta property=\"og:locale\" content=\"ar_AR\" \/>\n<meta property=\"og:type\" content=\"article\" \/>\n<meta property=\"og:title\" content=\"Nouakchott et Riyad scellent une coop\u00e9ration renforc\u00e9e \u00e0 travers la signature de trois accords majeurs - Le Quotidien de Nouakchott\" \/>\n<meta property=\"og:description\" content=\"Une s\u00e9rie de signatures d\u2019accords, marquant une nouvelle \u00e9tape significative dans le partenariat de d\u00e9veloppement entre la R\u00e9publique Islamique de Mauritanie et le Royaume d&#8217;Arabie Saoudite, a eu lieu, lundi dernier, \u00e0 Nouakchott. Ces protocoles, financ\u00e9s par le Fonds saoudien pour le d\u00e9veloppement, concernent des projets vitaux dans les secteurs de l&#8217;eau, de la sant\u00e9.....\" \/>\n<meta property=\"og:url\" content=\"https:\/\/lequotidien.mr\/?p=31016&amp;lang=fr\" \/>\n<meta property=\"og:site_name\" content=\"Le Quotidien de Nouakchott\" \/>\n<meta property=\"article:publisher\" content=\"https:\/\/web.facebook.com\/lequotidienmr\" \/>\n<meta property=\"article:published_time\" content=\"2025-09-17T11:19:23+00:00\" \/>\n<meta property=\"article:modified_time\" content=\"2025-09-17T11:21:39+00:00\" \/>\n<meta property=\"og:image\" content=\"https:\/\/lequotidien.mr\/wp-content\/uploads\/2025\/09\/photo-sgnture-memorandum-Fds-saoudien.jpg\" \/>\n\t<meta property=\"og:image:width\" content=\"612\" \/>\n\t<meta property=\"og:image:height\" content=\"430\" \/>\n\t<meta property=\"og:image:type\" content=\"image\/jpeg\" \/>\n<meta name=\"author\" content=\"Med Ahmed\" \/>\n<meta name=\"twitter:card\" content=\"summary_large_image\" \/>\n<meta name=\"twitter:creator\" content=\"@lequotidienmr\" \/>\n<meta name=\"twitter:site\" content=\"@lequotidienmr\" \/>\n<meta name=\"twitter:label1\" content=\"\u0643\u064f\u062a\u0628 \u0628\u0648\u0627\u0633\u0637\u0629\" \/>\n\t<meta name=\"twitter:data1\" content=\"Med Ahmed\" \/>\n\t<meta name=\"twitter:label2\" content=\"\u0648\u0642\u062a \u0627\u0644\u0642\u0631\u0627\u0621\u0629 \u0627\u0644\u0645\u064f\u0642\u062f\u0651\u0631\" \/>\n\t<meta name=\"twitter:data2\" content=\"5 \u062f\u0642\u0627\u0626\u0642\" \/>\n<script type=\"application\/ld+json\" class=\"yoast-schema-graph\">{\"@context\":\"https:\\\/\\\/schema.org\",\"@graph\":[{\"@type\":\"Article\",\"@id\":\"https:\\\/\\\/lequotidien.mr\\\/?p=31016&lang=fr#article\",\"isPartOf\":{\"@id\":\"https:\\\/\\\/lequotidien.mr\\\/?p=31016&lang=fr\"},\"author\":{\"name\":\"Med Ahmed\",\"@id\":\"https:\\\/\\\/lequotidien.mr\\\/#\\\/schema\\\/person\\\/d2d350202a4d599685ed8abc25f97596\"},\"headline\":\"Nouakchott et Riyad scellent une coop\u00e9ration renforc\u00e9e \u00e0 travers la signature de trois accords majeurs\",\"datePublished\":\"2025-09-17T11:19:23+00:00\",\"dateModified\":\"2025-09-17T11:21:39+00:00\",\"mainEntityOfPage\":{\"@id\":\"https:\\\/\\\/lequotidien.mr\\\/?p=31016&lang=fr\"},\"wordCount\":656,\"commentCount\":0,\"publisher\":{\"@id\":\"https:\\\/\\\/lequotidien.mr\\\/#organization\"},\"image\":{\"@id\":\"https:\\\/\\\/lequotidien.mr\\\/?p=31016&lang=fr#primaryimage\"},\"thumbnailUrl\":\"https:\\\/\\\/lequotidien.mr\\\/wp-content\\\/uploads\\\/2025\\\/09\\\/photo-sgnture-memorandum-Fds-saoudien.jpg\",\"articleSection\":[\"ACTUALIT\u00c9\",\"Economie\"],\"inLanguage\":\"ar\",\"potentialAction\":[{\"@type\":\"CommentAction\",\"name\":\"Comment\",\"target\":[\"https:\\\/\\\/lequotidien.mr\\\/?p=31016&lang=fr#respond\"]}]},{\"@type\":\"WebPage\",\"@id\":\"https:\\\/\\\/lequotidien.mr\\\/?p=31016&lang=fr\",\"url\":\"https:\\\/\\\/lequotidien.mr\\\/?p=31016&lang=fr\",\"name\":\"Nouakchott et Riyad scellent une coop\u00e9ration renforc\u00e9e \u00e0 travers la signature de trois accords majeurs - Le Quotidien de Nouakchott\",\"isPartOf\":{\"@id\":\"https:\\\/\\\/lequotidien.mr\\\/#website\"},\"primaryImageOfPage\":{\"@id\":\"https:\\\/\\\/lequotidien.mr\\\/?p=31016&lang=fr#primaryimage\"},\"image\":{\"@id\":\"https:\\\/\\\/lequotidien.mr\\\/?p=31016&lang=fr#primaryimage\"},\"thumbnailUrl\":\"https:\\\/\\\/lequotidien.mr\\\/wp-content\\\/uploads\\\/2025\\\/09\\\/photo-sgnture-memorandum-Fds-saoudien.jpg\",\"datePublished\":\"2025-09-17T11:19:23+00:00\",\"dateModified\":\"2025-09-17T11:21:39+00:00\",\"breadcrumb\":{\"@id\":\"https:\\\/\\\/lequotidien.mr\\\/?p=31016&lang=fr#breadcrumb\"},\"inLanguage\":\"ar\",\"potentialAction\":[{\"@type\":\"ReadAction\",\"target\":[\"https:\\\/\\\/lequotidien.mr\\\/?p=31016&lang=fr\"]}]},{\"@type\":\"ImageObject\",\"inLanguage\":\"ar\",\"@id\":\"https:\\\/\\\/lequotidien.mr\\\/?p=31016&lang=fr#primaryimage\",\"url\":\"https:\\\/\\\/lequotidien.mr\\\/wp-content\\\/uploads\\\/2025\\\/09\\\/photo-sgnture-memorandum-Fds-saoudien.jpg\",\"contentUrl\":\"https:\\\/\\\/lequotidien.mr\\\/wp-content\\\/uploads\\\/2025\\\/09\\\/photo-sgnture-memorandum-Fds-saoudien.jpg\",\"width\":612,\"height\":430},{\"@type\":\"BreadcrumbList\",\"@id\":\"https:\\\/\\\/lequotidien.mr\\\/?p=31016&lang=fr#breadcrumb\",\"itemListElement\":[{\"@type\":\"ListItem\",\"position\":1,\"name\":\"Home\",\"item\":\"https:\\\/\\\/lequotidien.mr\\\/\"},{\"@type\":\"ListItem\",\"position\":2,\"name\":\"Nouakchott et Riyad scellent une coop\u00e9ration renforc\u00e9e \u00e0 travers la signature de trois accords majeurs\"}]},{\"@type\":\"WebSite\",\"@id\":\"https:\\\/\\\/lequotidien.mr\\\/#website\",\"url\":\"https:\\\/\\\/lequotidien.mr\\\/\",\"name\":\"Le Quotidien de Nouakchott\",\"description\":\"\u0625\u062e\u0628\u0627\u0631\u064a\u0629 \u0645\u0633\u062a\u0642\u0644\u0629 \u0644\u0644\u0623\u0646\u0628\u0627\u0621 \u0627\u0644\u0639\u0627\u0645\u0629\",\"publisher\":{\"@id\":\"https:\\\/\\\/lequotidien.mr\\\/#organization\"},\"potentialAction\":[{\"@type\":\"SearchAction\",\"target\":{\"@type\":\"EntryPoint\",\"urlTemplate\":\"https:\\\/\\\/lequotidien.mr\\\/?s={search_term_string}\"},\"query-input\":{\"@type\":\"PropertyValueSpecification\",\"valueRequired\":true,\"valueName\":\"search_term_string\"}}],\"inLanguage\":\"ar\"},{\"@type\":\"Organization\",\"@id\":\"https:\\\/\\\/lequotidien.mr\\\/#organization\",\"name\":\"Le Quotidien de Nouakchott\",\"url\":\"https:\\\/\\\/lequotidien.mr\\\/\",\"logo\":{\"@type\":\"ImageObject\",\"inLanguage\":\"ar\",\"@id\":\"https:\\\/\\\/lequotidien.mr\\\/#\\\/schema\\\/logo\\\/image\\\/\",\"url\":\"https:\\\/\\\/lequotidien.mr\\\/wp-content\\\/uploads\\\/2022\\\/11\\\/logolequotidien.jpg\",\"contentUrl\":\"https:\\\/\\\/lequotidien.mr\\\/wp-content\\\/uploads\\\/2022\\\/11\\\/logolequotidien.jpg\",\"width\":290,\"height\":65,\"caption\":\"Le Quotidien de Nouakchott\"},\"image\":{\"@id\":\"https:\\\/\\\/lequotidien.mr\\\/#\\\/schema\\\/logo\\\/image\\\/\"},\"sameAs\":[\"https:\\\/\\\/web.facebook.com\\\/lequotidienmr\",\"https:\\\/\\\/x.com\\\/lequotidienmr\"]},{\"@type\":\"Person\",\"@id\":\"https:\\\/\\\/lequotidien.mr\\\/#\\\/schema\\\/person\\\/d2d350202a4d599685ed8abc25f97596\",\"name\":\"Med Ahmed\",\"image\":{\"@type\":\"ImageObject\",\"inLanguage\":\"ar\",\"@id\":\"https:\\\/\\\/secure.gravatar.com\\\/avatar\\\/fd2acc62ed50732923d1d39c17172c9b04149f142be92310ecc69e1358f94b52?s=96&d=mm&r=g\",\"url\":\"https:\\\/\\\/secure.gravatar.com\\\/avatar\\\/fd2acc62ed50732923d1d39c17172c9b04149f142be92310ecc69e1358f94b52?s=96&d=mm&r=g\",\"contentUrl\":\"https:\\\/\\\/secure.gravatar.com\\\/avatar\\\/fd2acc62ed50732923d1d39c17172c9b04149f142be92310ecc69e1358f94b52?s=96&d=mm&r=g\",\"caption\":\"Med Ahmed\"},\"url\":\"https:\\\/\\\/lequotidien.mr\\\/?author=12\"}]}<\/script>\n<!-- \/ Yoast SEO plugin. -->","yoast_head_json":{"title":"Nouakchott et Riyad scellent une coop\u00e9ration renforc\u00e9e \u00e0 travers la signature de trois accords majeurs - Le Quotidien de Nouakchott","robots":{"index":"index","follow":"follow","max-snippet":"max-snippet:-1","max-image-preview":"max-image-preview:large","max-video-preview":"max-video-preview:-1"},"canonical":"https:\/\/lequotidien.mr\/?p=31016&lang=fr","og_locale":"ar_AR","og_type":"article","og_title":"Nouakchott et Riyad scellent une coop\u00e9ration renforc\u00e9e \u00e0 travers la signature de trois accords majeurs - Le Quotidien de Nouakchott","og_description":"Une s\u00e9rie de signatures d\u2019accords, marquant une nouvelle \u00e9tape significative dans le partenariat de d\u00e9veloppement entre la R\u00e9publique Islamique de Mauritanie et le Royaume d&#8217;Arabie Saoudite, a eu lieu, lundi dernier, \u00e0 Nouakchott. Ces protocoles, financ\u00e9s par le Fonds saoudien pour le d\u00e9veloppement, concernent des projets vitaux dans les secteurs de l&#8217;eau, de la sant\u00e9.....","og_url":"https:\/\/lequotidien.mr\/?p=31016&lang=fr","og_site_name":"Le Quotidien de Nouakchott","article_publisher":"https:\/\/web.facebook.com\/lequotidienmr","article_published_time":"2025-09-17T11:19:23+00:00","article_modified_time":"2025-09-17T11:21:39+00:00","og_image":[{"width":612,"height":430,"url":"https:\/\/lequotidien.mr\/wp-content\/uploads\/2025\/09\/photo-sgnture-memorandum-Fds-saoudien.jpg","type":"image\/jpeg"}],"author":"Med Ahmed","twitter_card":"summary_large_image","twitter_creator":"@lequotidienmr","twitter_site":"@lequotidienmr","twitter_misc":{"\u0643\u064f\u062a\u0628 \u0628\u0648\u0627\u0633\u0637\u0629":"Med Ahmed","\u0648\u0642\u062a \u0627\u0644\u0642\u0631\u0627\u0621\u0629 \u0627\u0644\u0645\u064f\u0642\u062f\u0651\u0631":"5 \u062f\u0642\u0627\u0626\u0642"},"schema":{"@context":"https:\/\/schema.org","@graph":[{"@type":"Article","@id":"https:\/\/lequotidien.mr\/?p=31016&lang=fr#article","isPartOf":{"@id":"https:\/\/lequotidien.mr\/?p=31016&lang=fr"},"author":{"name":"Med Ahmed","@id":"https:\/\/lequotidien.mr\/#\/schema\/person\/d2d350202a4d599685ed8abc25f97596"},"headline":"Nouakchott et Riyad scellent une coop\u00e9ration renforc\u00e9e \u00e0 travers la signature de trois accords majeurs","datePublished":"2025-09-17T11:19:23+00:00","dateModified":"2025-09-17T11:21:39+00:00","mainEntityOfPage":{"@id":"https:\/\/lequotidien.mr\/?p=31016&lang=fr"},"wordCount":656,"commentCount":0,"publisher":{"@id":"https:\/\/lequotidien.mr\/#organization"},"image":{"@id":"https:\/\/lequotidien.mr\/?p=31016&lang=fr#primaryimage"},"thumbnailUrl":"https:\/\/lequotidien.mr\/wp-content\/uploads\/2025\/09\/photo-sgnture-memorandum-Fds-saoudien.jpg","articleSection":["ACTUALIT\u00c9","Economie"],"inLanguage":"ar","potentialAction":[{"@type":"CommentAction","name":"Comment","target":["https:\/\/lequotidien.mr\/?p=31016&lang=fr#respond"]}]},{"@type":"WebPage","@id":"https:\/\/lequotidien.mr\/?p=31016&lang=fr","url":"https:\/\/lequotidien.mr\/?p=31016&lang=fr","name":"Nouakchott et Riyad scellent une coop\u00e9ration renforc\u00e9e \u00e0 travers la signature de trois accords majeurs - Le Quotidien de Nouakchott","isPartOf":{"@id":"https:\/\/lequotidien.mr\/#website"},"primaryImageOfPage":{"@id":"https:\/\/lequotidien.mr\/?p=31016&lang=fr#primaryimage"},"image":{"@id":"https:\/\/lequotidien.mr\/?p=31016&lang=fr#primaryimage"},"thumbnailUrl":"https:\/\/lequotidien.mr\/wp-content\/uploads\/2025\/09\/photo-sgnture-memorandum-Fds-saoudien.jpg","datePublished":"2025-09-17T11:19:23+00:00","dateModified":"2025-09-17T11:21:39+00:00","breadcrumb":{"@id":"https:\/\/lequotidien.mr\/?p=31016&lang=fr#breadcrumb"},"inLanguage":"ar","potentialAction":[{"@type":"ReadAction","target":["https:\/\/lequotidien.mr\/?p=31016&lang=fr"]}]},{"@type":"ImageObject","inLanguage":"ar","@id":"https:\/\/lequotidien.mr\/?p=31016&lang=fr#primaryimage","url":"https:\/\/lequotidien.mr\/wp-content\/uploads\/2025\/09\/photo-sgnture-memorandum-Fds-saoudien.jpg","contentUrl":"https:\/\/lequotidien.mr\/wp-content\/uploads\/2025\/09\/photo-sgnture-memorandum-Fds-saoudien.jpg","width":612,"height":430},{"@type":"BreadcrumbList","@id":"https:\/\/lequotidien.mr\/?p=31016&lang=fr#breadcrumb","itemListElement":[{"@type":"ListItem","position":1,"name":"Home","item":"https:\/\/lequotidien.mr\/"},{"@type":"ListItem","position":2,"name":"Nouakchott et Riyad scellent une coop\u00e9ration renforc\u00e9e \u00e0 travers la signature de trois accords majeurs"}]},{"@type":"WebSite","@id":"https:\/\/lequotidien.mr\/#website","url":"https:\/\/lequotidien.mr\/","name":"Le Quotidien de Nouakchott","description":"\u0625\u062e\u0628\u0627\u0631\u064a\u0629 \u0645\u0633\u062a\u0642\u0644\u0629 \u0644\u0644\u0623\u0646\u0628\u0627\u0621 \u0627\u0644\u0639\u0627\u0645\u0629","publisher":{"@id":"https:\/\/lequotidien.mr\/#organization"},"potentialAction":[{"@type":"SearchAction","target":{"@type":"EntryPoint","urlTemplate":"https:\/\/lequotidien.mr\/?s={search_term_string}"},"query-input":{"@type":"PropertyValueSpecification","valueRequired":true,"valueName":"search_term_string"}}],"inLanguage":"ar"},{"@type":"Organization","@id":"https:\/\/lequotidien.mr\/#organization","name":"Le Quotidien de Nouakchott","url":"https:\/\/lequotidien.mr\/","logo":{"@type":"ImageObject","inLanguage":"ar","@id":"https:\/\/lequotidien.mr\/#\/schema\/logo\/image\/","url":"https:\/\/lequotidien.mr\/wp-content\/uploads\/2022\/11\/logolequotidien.jpg","contentUrl":"https:\/\/lequotidien.mr\/wp-content\/uploads\/2022\/11\/logolequotidien.jpg","width":290,"height":65,"caption":"Le Quotidien de Nouakchott"},"image":{"@id":"https:\/\/lequotidien.mr\/#\/schema\/logo\/image\/"},"sameAs":["https:\/\/web.facebook.com\/lequotidienmr","https:\/\/x.com\/lequotidienmr"]},{"@type":"Person","@id":"https:\/\/lequotidien.mr\/#\/schema\/person\/d2d350202a4d599685ed8abc25f97596","name":"Med Ahmed","image":{"@type":"ImageObject","inLanguage":"ar","@id":"https:\/\/secure.gravatar.com\/avatar\/fd2acc62ed50732923d1d39c17172c9b04149f142be92310ecc69e1358f94b52?s=96&d=mm&r=g","url":"https:\/\/secure.gravatar.com\/avatar\/fd2acc62ed50732923d1d39c17172c9b04149f142be92310ecc69e1358f94b52?s=96&d=mm&r=g","contentUrl":"https:\/\/secure.gravatar.com\/avatar\/fd2acc62ed50732923d1d39c17172c9b04149f142be92310ecc69e1358f94b52?s=96&d=mm&r=g","caption":"Med Ahmed"},"url":"https:\/\/lequotidien.mr\/?author=12"}]}},"_links":{"self":[{"href":"https:\/\/lequotidien.mr\/index.php?rest_route=\/wp\/v2\/posts\/31016","targetHints":{"allow":["GET"]}}],"collection":[{"href":"https:\/\/lequotidien.mr\/index.php?rest_route=\/wp\/v2\/posts"}],"about":[{"href":"https:\/\/lequotidien.mr\/index.php?rest_route=\/wp\/v2\/types\/post"}],"author":[{"embeddable":true,"href":"https:\/\/lequotidien.mr\/index.php?rest_route=\/wp\/v2\/users\/12"}],"replies":[{"embeddable":true,"href":"https:\/\/lequotidien.mr\/index.php?rest_route=%2Fwp%2Fv2%2Fcomments&post=31016"}],"version-history":[{"count":2,"href":"https:\/\/lequotidien.mr\/index.php?rest_route=\/wp\/v2\/posts\/31016\/revisions"}],"predecessor-version":[{"id":31019,"href":"https:\/\/lequotidien.mr\/index.php?rest_route=\/wp\/v2\/posts\/31016\/revisions\/31019"}],"wp:featuredmedia":[{"embeddable":true,"href":"https:\/\/lequotidien.mr\/index.php?rest_route=\/wp\/v2\/media\/31017"}],"wp:attachment":[{"href":"https:\/\/lequotidien.mr\/index.php?rest_route=%2Fwp%2Fv2%2Fmedia&parent=31016"}],"wp:term":[{"taxonomy":"category","embeddable":true,"href":"https:\/\/lequotidien.mr\/index.php?rest_route=%2Fwp%2Fv2%2Fcategories&post=31016"},{"taxonomy":"post_tag","embeddable":true,"href":"https:\/\/lequotidien.mr\/index.php?rest_route=%2Fwp%2Fv2%2Ftags&post=31016"}],"curies":[{"name":"wp","href":"https:\/\/api.w.org\/{rel}","templated":true}]}}