{"id":30992,"date":"2025-09-16T13:53:19","date_gmt":"2025-09-16T13:53:19","guid":{"rendered":"https:\/\/lequotidien.mr\/?p=30992"},"modified":"2025-09-16T13:53:19","modified_gmt":"2025-09-16T13:53:19","slug":"artisanat-nouakchott-accueille-les-travaux-des-experts-preparatoires-de-la-conference-ministerielle-de-coordination-regionale-pour-lafrique-du-nord","status":"publish","type":"post","link":"https:\/\/lequotidien.mr\/?p=30992&lang=fr","title":{"rendered":"Artisanat : Nouakchott accueille les travaux des Experts pr\u00e9paratoires de la Conf\u00e9rence Minist\u00e9rielle de coordination r\u00e9gionale pour l\u2019Afrique du Nord"},"content":{"rendered":"<p>Sous le th\u00e8me <strong><em>\u201cInt\u00e9gration r\u00e9gionale et d\u00e9veloppement de l\u2019artisanat\u201d<\/em><\/strong>, les travaux de la r\u00e9union d\u2019experts pr\u00e9paratoire \u00e0 la Conf\u00e9rence minist\u00e9rielle de coordination r\u00e9gionale pour l\u2019Afrique du Nord ont \u00e9t\u00e9 ouverts, hier matin \u00e0 Nouakchott.<\/p>\n<p><strong>Une plateforme pour renforcer l&#8217;\u00e9conomie sociale et solidaire<\/strong><\/p>\n<p>Organis\u00e9e dans le cadre de <strong>l\u2019Organisation pour le D\u00e9veloppement et la Promotion de l\u2019Artisanat Africain (ODEPA)<\/strong>, cette conf\u00e9rence vise \u00e0 renforcer la contribution de l&#8217;artisanat aux dynamiques de d\u00e9veloppement nationales et r\u00e9gionales. L&#8217;objectif central est d&#8217;int\u00e9grer les principes de l\u2019\u00e9conomie sociale et solidaire au profit des communaut\u00e9s locales. Elle sert \u00e9galement de plateforme pour susciter le d\u00e9bat sur les d\u00e9fis du secteur, afin d\u2019acc\u00e9l\u00e9rer le r\u00f4le de l\u2019organisation dans la r\u00e9gion.<\/p>\n<p><strong>L&#8217;Artisanat, un levier essentiel pour la cr\u00e9ation de richesse et d&#8217;emplois<\/strong><\/p>\n<p>Lors de la c\u00e9r\u00e9monie d&#8217;ouverture, le <strong>Ministre de la Formation Professionnelle, de l\u2019Artisanat et des M\u00e9tiers, Coordinateur R\u00e9gional pour l\u2019Afrique du Nord au sein de l\u2019ODEPA, M. Mohamed Maalainine Eyih<\/strong>, a prononc\u00e9 un discours marquant. Il a d\u00e9clar\u00e9 que les \u00c9tats membres de l\u2019Organisation sont convaincus que le secteur artisanal constitue un levier important pour la cr\u00e9ation de richesse, d\u2019emplois et de revenus, notamment pour les jeunes et les femmes.<\/p>\n<p><strong><em>\u00ab [L&#8217;artisanat] contribue \u00e0 la croissance \u00e9conomique des pays, ce qui en fait un moyen efficace de r\u00e9duire la pauvret\u00e9 et d\u2019am\u00e9liorer les conditions de vie des populations dans les zones urbaines et rurales \u00bb<\/em><\/strong>, a-t-il affirm\u00e9.<\/p>\n<p><strong>La n\u00e9cessit\u00e9 de programmes cibl\u00e9s et d&#8217;une coop\u00e9ration renforc\u00e9e<\/strong><\/p>\n<p>Le ministre a soulign\u00e9 l&#8217;importance de multiples dimensions li\u00e9es aux objectifs de d\u00e9veloppement durable. Il a appel\u00e9 \u00e0 activer le mod\u00e8le de coop\u00e9ration de l&#8217;ODEPA pour permettre l\u2019\u00e9change de comp\u00e9tences, d\u2019exp\u00e9riences et de ressources. <strong><em>\u00ab Il est n\u00e9cessaire de d\u00e9velopper des programmes cibl\u00e9s \u00bb<\/em><\/strong>, a-t-il insist\u00e9, permettant au secteur de jouer son \u00ab double r\u00f4le de secteur \u00e9conomique prometteur et d\u2019incubateur d\u2019une partie importante de notre patrimoine et de nos sp\u00e9cificit\u00e9s culturelles \u00bb.<\/p>\n<p>Concernant la coordination nord-africaine, M. Eyih a list\u00e9 des domaines d&#8217;action concrets : le renforcement des comp\u00e9tences par la formation, la pr\u00e9servation du patrimoine, le soutien \u00e0 l&#8217;innovation, l&#8217;am\u00e9lioration de la qualit\u00e9, et la facilitation de l&#8217;acc\u00e8s \u00e0 des m\u00e9canismes de financement appropri\u00e9s.<\/p>\n<p><strong>Reconna\u00eetre les d\u00e9fis pour mieux les surmonter<\/strong><\/p>\n<p>Le <strong>Secr\u00e9taire g\u00e9n\u00e9ral de l\u2019ODEPA, M. Ilboudo Fidel<\/strong>, a pour sa part salu\u00e9 la tenue de cette conf\u00e9rence comme une preuve de l&#8217;engagement \u00e0 faire de l&#8217;organisation <strong><em>\u00ab une entit\u00e9 dynamique \u00bb<\/em><\/strong>. Il a reconnu que le secteur, bien que strat\u00e9gique et contributeur cl\u00e9 \u00e0 l&#8217;\u00e9conomie et \u00e0 la culture des pays africains, <strong><em>\u00ab souffre de plusieurs probl\u00e8mes, notamment ceux li\u00e9s \u00e0 l\u2019acc\u00e8s au financement, \u00e0 la faible productivit\u00e9 et aux moyens de production \u00bb.<\/em><\/strong><\/p>\n<p><strong>Une mobilisation collective pour l&#8217;avenir de l&#8217;artisanat<\/strong><\/p>\n<p>La c\u00e9r\u00e9monie d\u2019ouverture s\u2019est d\u00e9roul\u00e9e en pr\u00e9sence d\u2019une d\u00e9l\u00e9gation de haut niveau, incluant le <strong>Ministre du Tourisme et de l\u2019Artisanat de la R\u00e9publique de Libye, M. Nasr Eddine Milad El Fazani<\/strong>, et le <strong>Secr\u00e9taire g\u00e9n\u00e9ral du minist\u00e8re de tutelle, M. Emadi Taleb<\/strong>, ainsi que des repr\u00e9sentants des \u00c9tats membres.<\/p>\n<p><strong>M. Taleb El Mahjoub, maire de la commune de Tevragh Zeina<\/strong>, a \u00e9galement affirm\u00e9 le r\u00f4le crucial de l&#8217;artisanat comme source de cr\u00e9ation d&#8217;emplois, motivant l&#8217;ODEPA \u00e0 assurer \u00ab une coordination harmonieuse des efforts \u00bb pour renforcer sa contribution au d\u00e9veloppement \u00e9conomique africain.<\/p>\n<p>Cette r\u00e9union d&#8217;experts jette les bases pour des discussions minist\u00e9rielles fructueuses, visant \u00e0 transformer les d\u00e9fis en opportunit\u00e9s et \u00e0 positionner l&#8217;artisanat comme pilier du d\u00e9veloppement int\u00e9gr\u00e9 de la r\u00e9gion.<\/p>\n<p>&nbsp;<\/p>\n","protected":false},"excerpt":{"rendered":"<p>Sous le th\u00e8me \u201cInt\u00e9gration r\u00e9gionale et d\u00e9veloppement de l\u2019artisanat\u201d, les travaux de la r\u00e9union d\u2019experts pr\u00e9paratoire \u00e0 la Conf\u00e9rence minist\u00e9rielle de coordination r\u00e9gionale pour l\u2019Afrique du Nord ont \u00e9t\u00e9 ouverts, hier matin \u00e0 Nouakchott. Une plateforme pour renforcer l&#8217;\u00e9conomie sociale et solidaire Organis\u00e9e dans le cadre de l\u2019Organisation pour le D\u00e9veloppement et la Promotion de&#8230;..<\/p>\n","protected":false},"author":12,"featured_media":30994,"comment_status":"open","ping_status":"open","sticky":false,"template":"","format":"standard","meta":{"footnotes":""},"categories":[23,49],"tags":[],"class_list":["post-30992","post","type-post","status-publish","format-standard","has-post-thumbnail","hentry","category-actualite","category-economie"],"yoast_head":"<!-- This site is optimized with the Yoast SEO plugin v27.5 - https:\/\/yoast.com\/product\/yoast-seo-wordpress\/ -->\n<title>Artisanat : Nouakchott accueille les travaux des Experts pr\u00e9paratoires de la Conf\u00e9rence Minist\u00e9rielle de coordination r\u00e9gionale pour l\u2019Afrique du Nord - Le Quotidien de Nouakchott<\/title>\n<meta name=\"robots\" content=\"index, follow, max-snippet:-1, max-image-preview:large, max-video-preview:-1\" \/>\n<link rel=\"canonical\" href=\"https:\/\/lequotidien.mr\/?p=30992&lang=fr\" \/>\n<meta property=\"og:locale\" content=\"ar_AR\" \/>\n<meta property=\"og:type\" content=\"article\" \/>\n<meta property=\"og:title\" content=\"Artisanat : Nouakchott accueille les travaux des Experts pr\u00e9paratoires de la Conf\u00e9rence Minist\u00e9rielle de coordination r\u00e9gionale pour l\u2019Afrique du Nord - Le Quotidien de Nouakchott\" \/>\n<meta property=\"og:description\" content=\"Sous le th\u00e8me \u201cInt\u00e9gration r\u00e9gionale et d\u00e9veloppement de l\u2019artisanat\u201d, les travaux de la r\u00e9union d\u2019experts pr\u00e9paratoire \u00e0 la Conf\u00e9rence minist\u00e9rielle de coordination r\u00e9gionale pour l\u2019Afrique du Nord ont \u00e9t\u00e9 ouverts, hier matin \u00e0 Nouakchott. Une plateforme pour renforcer l&#8217;\u00e9conomie sociale et solidaire Organis\u00e9e dans le cadre de l\u2019Organisation pour le D\u00e9veloppement et la Promotion de.....\" \/>\n<meta property=\"og:url\" content=\"https:\/\/lequotidien.mr\/?p=30992&amp;lang=fr\" \/>\n<meta property=\"og:site_name\" content=\"Le Quotidien de Nouakchott\" \/>\n<meta property=\"article:publisher\" content=\"https:\/\/web.facebook.com\/lequotidienmr\" \/>\n<meta property=\"article:published_time\" content=\"2025-09-16T13:53:19+00:00\" \/>\n<meta property=\"og:image\" content=\"https:\/\/lequotidien.mr\/wp-content\/uploads\/2025\/09\/photo-cfce-Afque-du-nord.jpg\" \/>\n\t<meta property=\"og:image:width\" content=\"642\" \/>\n\t<meta property=\"og:image:height\" content=\"364\" \/>\n\t<meta property=\"og:image:type\" content=\"image\/jpeg\" \/>\n<meta name=\"author\" content=\"Med Ahmed\" \/>\n<meta name=\"twitter:card\" content=\"summary_large_image\" \/>\n<meta name=\"twitter:creator\" content=\"@lequotidienmr\" \/>\n<meta name=\"twitter:site\" content=\"@lequotidienmr\" \/>\n<meta name=\"twitter:label1\" content=\"\u0643\u064f\u062a\u0628 \u0628\u0648\u0627\u0633\u0637\u0629\" \/>\n\t<meta name=\"twitter:data1\" content=\"Med Ahmed\" \/>\n\t<meta name=\"twitter:label2\" content=\"\u0648\u0642\u062a \u0627\u0644\u0642\u0631\u0627\u0621\u0629 \u0627\u0644\u0645\u064f\u0642\u062f\u0651\u0631\" \/>\n\t<meta name=\"twitter:data2\" content=\"5 \u062f\u0642\u0627\u0626\u0642\" \/>\n<script type=\"application\/ld+json\" class=\"yoast-schema-graph\">{\"@context\":\"https:\\\/\\\/schema.org\",\"@graph\":[{\"@type\":\"Article\",\"@id\":\"https:\\\/\\\/lequotidien.mr\\\/?p=30992&lang=fr#article\",\"isPartOf\":{\"@id\":\"https:\\\/\\\/lequotidien.mr\\\/?p=30992&lang=fr\"},\"author\":{\"name\":\"Med Ahmed\",\"@id\":\"https:\\\/\\\/lequotidien.mr\\\/#\\\/schema\\\/person\\\/d2d350202a4d599685ed8abc25f97596\"},\"headline\":\"Artisanat : Nouakchott accueille les travaux des Experts pr\u00e9paratoires de la Conf\u00e9rence Minist\u00e9rielle de coordination r\u00e9gionale pour l\u2019Afrique du Nord\",\"datePublished\":\"2025-09-16T13:53:19+00:00\",\"mainEntityOfPage\":{\"@id\":\"https:\\\/\\\/lequotidien.mr\\\/?p=30992&lang=fr\"},\"wordCount\":699,\"commentCount\":0,\"publisher\":{\"@id\":\"https:\\\/\\\/lequotidien.mr\\\/#organization\"},\"image\":{\"@id\":\"https:\\\/\\\/lequotidien.mr\\\/?p=30992&lang=fr#primaryimage\"},\"thumbnailUrl\":\"https:\\\/\\\/lequotidien.mr\\\/wp-content\\\/uploads\\\/2025\\\/09\\\/photo-cfce-Afque-du-nord.jpg\",\"articleSection\":[\"ACTUALIT\u00c9\",\"Economie\"],\"inLanguage\":\"ar\",\"potentialAction\":[{\"@type\":\"CommentAction\",\"name\":\"Comment\",\"target\":[\"https:\\\/\\\/lequotidien.mr\\\/?p=30992&lang=fr#respond\"]}]},{\"@type\":\"WebPage\",\"@id\":\"https:\\\/\\\/lequotidien.mr\\\/?p=30992&lang=fr\",\"url\":\"https:\\\/\\\/lequotidien.mr\\\/?p=30992&lang=fr\",\"name\":\"Artisanat : Nouakchott accueille les travaux des Experts pr\u00e9paratoires de la Conf\u00e9rence Minist\u00e9rielle de coordination r\u00e9gionale pour l\u2019Afrique du Nord - Le Quotidien de Nouakchott\",\"isPartOf\":{\"@id\":\"https:\\\/\\\/lequotidien.mr\\\/#website\"},\"primaryImageOfPage\":{\"@id\":\"https:\\\/\\\/lequotidien.mr\\\/?p=30992&lang=fr#primaryimage\"},\"image\":{\"@id\":\"https:\\\/\\\/lequotidien.mr\\\/?p=30992&lang=fr#primaryimage\"},\"thumbnailUrl\":\"https:\\\/\\\/lequotidien.mr\\\/wp-content\\\/uploads\\\/2025\\\/09\\\/photo-cfce-Afque-du-nord.jpg\",\"datePublished\":\"2025-09-16T13:53:19+00:00\",\"breadcrumb\":{\"@id\":\"https:\\\/\\\/lequotidien.mr\\\/?p=30992&lang=fr#breadcrumb\"},\"inLanguage\":\"ar\",\"potentialAction\":[{\"@type\":\"ReadAction\",\"target\":[\"https:\\\/\\\/lequotidien.mr\\\/?p=30992&lang=fr\"]}]},{\"@type\":\"ImageObject\",\"inLanguage\":\"ar\",\"@id\":\"https:\\\/\\\/lequotidien.mr\\\/?p=30992&lang=fr#primaryimage\",\"url\":\"https:\\\/\\\/lequotidien.mr\\\/wp-content\\\/uploads\\\/2025\\\/09\\\/photo-cfce-Afque-du-nord.jpg\",\"contentUrl\":\"https:\\\/\\\/lequotidien.mr\\\/wp-content\\\/uploads\\\/2025\\\/09\\\/photo-cfce-Afque-du-nord.jpg\",\"width\":642,\"height\":364},{\"@type\":\"BreadcrumbList\",\"@id\":\"https:\\\/\\\/lequotidien.mr\\\/?p=30992&lang=fr#breadcrumb\",\"itemListElement\":[{\"@type\":\"ListItem\",\"position\":1,\"name\":\"Home\",\"item\":\"https:\\\/\\\/lequotidien.mr\\\/\"},{\"@type\":\"ListItem\",\"position\":2,\"name\":\"Artisanat : Nouakchott accueille les travaux des Experts pr\u00e9paratoires de la Conf\u00e9rence Minist\u00e9rielle de coordination r\u00e9gionale pour l\u2019Afrique du Nord\"}]},{\"@type\":\"WebSite\",\"@id\":\"https:\\\/\\\/lequotidien.mr\\\/#website\",\"url\":\"https:\\\/\\\/lequotidien.mr\\\/\",\"name\":\"Le Quotidien de Nouakchott\",\"description\":\"\u0625\u062e\u0628\u0627\u0631\u064a\u0629 \u0645\u0633\u062a\u0642\u0644\u0629 \u0644\u0644\u0623\u0646\u0628\u0627\u0621 \u0627\u0644\u0639\u0627\u0645\u0629\",\"publisher\":{\"@id\":\"https:\\\/\\\/lequotidien.mr\\\/#organization\"},\"potentialAction\":[{\"@type\":\"SearchAction\",\"target\":{\"@type\":\"EntryPoint\",\"urlTemplate\":\"https:\\\/\\\/lequotidien.mr\\\/?s={search_term_string}\"},\"query-input\":{\"@type\":\"PropertyValueSpecification\",\"valueRequired\":true,\"valueName\":\"search_term_string\"}}],\"inLanguage\":\"ar\"},{\"@type\":\"Organization\",\"@id\":\"https:\\\/\\\/lequotidien.mr\\\/#organization\",\"name\":\"Le Quotidien de Nouakchott\",\"url\":\"https:\\\/\\\/lequotidien.mr\\\/\",\"logo\":{\"@type\":\"ImageObject\",\"inLanguage\":\"ar\",\"@id\":\"https:\\\/\\\/lequotidien.mr\\\/#\\\/schema\\\/logo\\\/image\\\/\",\"url\":\"https:\\\/\\\/lequotidien.mr\\\/wp-content\\\/uploads\\\/2022\\\/11\\\/logolequotidien.jpg\",\"contentUrl\":\"https:\\\/\\\/lequotidien.mr\\\/wp-content\\\/uploads\\\/2022\\\/11\\\/logolequotidien.jpg\",\"width\":290,\"height\":65,\"caption\":\"Le Quotidien de Nouakchott\"},\"image\":{\"@id\":\"https:\\\/\\\/lequotidien.mr\\\/#\\\/schema\\\/logo\\\/image\\\/\"},\"sameAs\":[\"https:\\\/\\\/web.facebook.com\\\/lequotidienmr\",\"https:\\\/\\\/x.com\\\/lequotidienmr\"]},{\"@type\":\"Person\",\"@id\":\"https:\\\/\\\/lequotidien.mr\\\/#\\\/schema\\\/person\\\/d2d350202a4d599685ed8abc25f97596\",\"name\":\"Med Ahmed\",\"image\":{\"@type\":\"ImageObject\",\"inLanguage\":\"ar\",\"@id\":\"https:\\\/\\\/secure.gravatar.com\\\/avatar\\\/fd2acc62ed50732923d1d39c17172c9b04149f142be92310ecc69e1358f94b52?s=96&d=mm&r=g\",\"url\":\"https:\\\/\\\/secure.gravatar.com\\\/avatar\\\/fd2acc62ed50732923d1d39c17172c9b04149f142be92310ecc69e1358f94b52?s=96&d=mm&r=g\",\"contentUrl\":\"https:\\\/\\\/secure.gravatar.com\\\/avatar\\\/fd2acc62ed50732923d1d39c17172c9b04149f142be92310ecc69e1358f94b52?s=96&d=mm&r=g\",\"caption\":\"Med Ahmed\"},\"url\":\"https:\\\/\\\/lequotidien.mr\\\/?author=12\"}]}<\/script>\n<!-- \/ Yoast SEO plugin. -->","yoast_head_json":{"title":"Artisanat : Nouakchott accueille les travaux des Experts pr\u00e9paratoires de la Conf\u00e9rence Minist\u00e9rielle de coordination r\u00e9gionale pour l\u2019Afrique du Nord - Le Quotidien de Nouakchott","robots":{"index":"index","follow":"follow","max-snippet":"max-snippet:-1","max-image-preview":"max-image-preview:large","max-video-preview":"max-video-preview:-1"},"canonical":"https:\/\/lequotidien.mr\/?p=30992&lang=fr","og_locale":"ar_AR","og_type":"article","og_title":"Artisanat : Nouakchott accueille les travaux des Experts pr\u00e9paratoires de la Conf\u00e9rence Minist\u00e9rielle de coordination r\u00e9gionale pour l\u2019Afrique du Nord - Le Quotidien de Nouakchott","og_description":"Sous le th\u00e8me \u201cInt\u00e9gration r\u00e9gionale et d\u00e9veloppement de l\u2019artisanat\u201d, les travaux de la r\u00e9union d\u2019experts pr\u00e9paratoire \u00e0 la Conf\u00e9rence minist\u00e9rielle de coordination r\u00e9gionale pour l\u2019Afrique du Nord ont \u00e9t\u00e9 ouverts, hier matin \u00e0 Nouakchott. Une plateforme pour renforcer l&#8217;\u00e9conomie sociale et solidaire Organis\u00e9e dans le cadre de l\u2019Organisation pour le D\u00e9veloppement et la Promotion de.....","og_url":"https:\/\/lequotidien.mr\/?p=30992&lang=fr","og_site_name":"Le Quotidien de Nouakchott","article_publisher":"https:\/\/web.facebook.com\/lequotidienmr","article_published_time":"2025-09-16T13:53:19+00:00","og_image":[{"width":642,"height":364,"url":"https:\/\/lequotidien.mr\/wp-content\/uploads\/2025\/09\/photo-cfce-Afque-du-nord.jpg","type":"image\/jpeg"}],"author":"Med Ahmed","twitter_card":"summary_large_image","twitter_creator":"@lequotidienmr","twitter_site":"@lequotidienmr","twitter_misc":{"\u0643\u064f\u062a\u0628 \u0628\u0648\u0627\u0633\u0637\u0629":"Med Ahmed","\u0648\u0642\u062a \u0627\u0644\u0642\u0631\u0627\u0621\u0629 \u0627\u0644\u0645\u064f\u0642\u062f\u0651\u0631":"5 \u062f\u0642\u0627\u0626\u0642"},"schema":{"@context":"https:\/\/schema.org","@graph":[{"@type":"Article","@id":"https:\/\/lequotidien.mr\/?p=30992&lang=fr#article","isPartOf":{"@id":"https:\/\/lequotidien.mr\/?p=30992&lang=fr"},"author":{"name":"Med Ahmed","@id":"https:\/\/lequotidien.mr\/#\/schema\/person\/d2d350202a4d599685ed8abc25f97596"},"headline":"Artisanat : Nouakchott accueille les travaux des Experts pr\u00e9paratoires de la Conf\u00e9rence Minist\u00e9rielle de coordination r\u00e9gionale pour l\u2019Afrique du Nord","datePublished":"2025-09-16T13:53:19+00:00","mainEntityOfPage":{"@id":"https:\/\/lequotidien.mr\/?p=30992&lang=fr"},"wordCount":699,"commentCount":0,"publisher":{"@id":"https:\/\/lequotidien.mr\/#organization"},"image":{"@id":"https:\/\/lequotidien.mr\/?p=30992&lang=fr#primaryimage"},"thumbnailUrl":"https:\/\/lequotidien.mr\/wp-content\/uploads\/2025\/09\/photo-cfce-Afque-du-nord.jpg","articleSection":["ACTUALIT\u00c9","Economie"],"inLanguage":"ar","potentialAction":[{"@type":"CommentAction","name":"Comment","target":["https:\/\/lequotidien.mr\/?p=30992&lang=fr#respond"]}]},{"@type":"WebPage","@id":"https:\/\/lequotidien.mr\/?p=30992&lang=fr","url":"https:\/\/lequotidien.mr\/?p=30992&lang=fr","name":"Artisanat : Nouakchott accueille les travaux des Experts pr\u00e9paratoires de la Conf\u00e9rence Minist\u00e9rielle de coordination r\u00e9gionale pour l\u2019Afrique du Nord - Le Quotidien de Nouakchott","isPartOf":{"@id":"https:\/\/lequotidien.mr\/#website"},"primaryImageOfPage":{"@id":"https:\/\/lequotidien.mr\/?p=30992&lang=fr#primaryimage"},"image":{"@id":"https:\/\/lequotidien.mr\/?p=30992&lang=fr#primaryimage"},"thumbnailUrl":"https:\/\/lequotidien.mr\/wp-content\/uploads\/2025\/09\/photo-cfce-Afque-du-nord.jpg","datePublished":"2025-09-16T13:53:19+00:00","breadcrumb":{"@id":"https:\/\/lequotidien.mr\/?p=30992&lang=fr#breadcrumb"},"inLanguage":"ar","potentialAction":[{"@type":"ReadAction","target":["https:\/\/lequotidien.mr\/?p=30992&lang=fr"]}]},{"@type":"ImageObject","inLanguage":"ar","@id":"https:\/\/lequotidien.mr\/?p=30992&lang=fr#primaryimage","url":"https:\/\/lequotidien.mr\/wp-content\/uploads\/2025\/09\/photo-cfce-Afque-du-nord.jpg","contentUrl":"https:\/\/lequotidien.mr\/wp-content\/uploads\/2025\/09\/photo-cfce-Afque-du-nord.jpg","width":642,"height":364},{"@type":"BreadcrumbList","@id":"https:\/\/lequotidien.mr\/?p=30992&lang=fr#breadcrumb","itemListElement":[{"@type":"ListItem","position":1,"name":"Home","item":"https:\/\/lequotidien.mr\/"},{"@type":"ListItem","position":2,"name":"Artisanat : Nouakchott accueille les travaux des Experts pr\u00e9paratoires de la Conf\u00e9rence Minist\u00e9rielle de coordination r\u00e9gionale pour l\u2019Afrique du Nord"}]},{"@type":"WebSite","@id":"https:\/\/lequotidien.mr\/#website","url":"https:\/\/lequotidien.mr\/","name":"Le Quotidien de Nouakchott","description":"\u0625\u062e\u0628\u0627\u0631\u064a\u0629 \u0645\u0633\u062a\u0642\u0644\u0629 \u0644\u0644\u0623\u0646\u0628\u0627\u0621 \u0627\u0644\u0639\u0627\u0645\u0629","publisher":{"@id":"https:\/\/lequotidien.mr\/#organization"},"potentialAction":[{"@type":"SearchAction","target":{"@type":"EntryPoint","urlTemplate":"https:\/\/lequotidien.mr\/?s={search_term_string}"},"query-input":{"@type":"PropertyValueSpecification","valueRequired":true,"valueName":"search_term_string"}}],"inLanguage":"ar"},{"@type":"Organization","@id":"https:\/\/lequotidien.mr\/#organization","name":"Le Quotidien de Nouakchott","url":"https:\/\/lequotidien.mr\/","logo":{"@type":"ImageObject","inLanguage":"ar","@id":"https:\/\/lequotidien.mr\/#\/schema\/logo\/image\/","url":"https:\/\/lequotidien.mr\/wp-content\/uploads\/2022\/11\/logolequotidien.jpg","contentUrl":"https:\/\/lequotidien.mr\/wp-content\/uploads\/2022\/11\/logolequotidien.jpg","width":290,"height":65,"caption":"Le Quotidien de Nouakchott"},"image":{"@id":"https:\/\/lequotidien.mr\/#\/schema\/logo\/image\/"},"sameAs":["https:\/\/web.facebook.com\/lequotidienmr","https:\/\/x.com\/lequotidienmr"]},{"@type":"Person","@id":"https:\/\/lequotidien.mr\/#\/schema\/person\/d2d350202a4d599685ed8abc25f97596","name":"Med Ahmed","image":{"@type":"ImageObject","inLanguage":"ar","@id":"https:\/\/secure.gravatar.com\/avatar\/fd2acc62ed50732923d1d39c17172c9b04149f142be92310ecc69e1358f94b52?s=96&d=mm&r=g","url":"https:\/\/secure.gravatar.com\/avatar\/fd2acc62ed50732923d1d39c17172c9b04149f142be92310ecc69e1358f94b52?s=96&d=mm&r=g","contentUrl":"https:\/\/secure.gravatar.com\/avatar\/fd2acc62ed50732923d1d39c17172c9b04149f142be92310ecc69e1358f94b52?s=96&d=mm&r=g","caption":"Med Ahmed"},"url":"https:\/\/lequotidien.mr\/?author=12"}]}},"_links":{"self":[{"href":"https:\/\/lequotidien.mr\/index.php?rest_route=\/wp\/v2\/posts\/30992","targetHints":{"allow":["GET"]}}],"collection":[{"href":"https:\/\/lequotidien.mr\/index.php?rest_route=\/wp\/v2\/posts"}],"about":[{"href":"https:\/\/lequotidien.mr\/index.php?rest_route=\/wp\/v2\/types\/post"}],"author":[{"embeddable":true,"href":"https:\/\/lequotidien.mr\/index.php?rest_route=\/wp\/v2\/users\/12"}],"replies":[{"embeddable":true,"href":"https:\/\/lequotidien.mr\/index.php?rest_route=%2Fwp%2Fv2%2Fcomments&post=30992"}],"version-history":[{"count":1,"href":"https:\/\/lequotidien.mr\/index.php?rest_route=\/wp\/v2\/posts\/30992\/revisions"}],"predecessor-version":[{"id":30995,"href":"https:\/\/lequotidien.mr\/index.php?rest_route=\/wp\/v2\/posts\/30992\/revisions\/30995"}],"wp:featuredmedia":[{"embeddable":true,"href":"https:\/\/lequotidien.mr\/index.php?rest_route=\/wp\/v2\/media\/30994"}],"wp:attachment":[{"href":"https:\/\/lequotidien.mr\/index.php?rest_route=%2Fwp%2Fv2%2Fmedia&parent=30992"}],"wp:term":[{"taxonomy":"category","embeddable":true,"href":"https:\/\/lequotidien.mr\/index.php?rest_route=%2Fwp%2Fv2%2Fcategories&post=30992"},{"taxonomy":"post_tag","embeddable":true,"href":"https:\/\/lequotidien.mr\/index.php?rest_route=%2Fwp%2Fv2%2Ftags&post=30992"}],"curies":[{"name":"wp","href":"https:\/\/api.w.org\/{rel}","templated":true}]}}