{"id":30986,"date":"2025-09-16T13:41:04","date_gmt":"2025-09-16T13:41:04","guid":{"rendered":"https:\/\/lequotidien.mr\/?p=30986"},"modified":"2025-09-16T13:41:04","modified_gmt":"2025-09-16T13:41:04","slug":"emmanuel-besnier-nouvel-ambassadeur-de-france-en-mauritanie-une-prise-de-fonction-placee-sous-le-signe-de-la-continuite-et-de-lambition-partagee","status":"publish","type":"post","link":"https:\/\/lequotidien.mr\/?p=30986&lang=fr","title":{"rendered":"Emmanuel Besnier, nouvel ambassadeur de France en Mauritanie : une prise de fonction plac\u00e9e sous le signe de la continuit\u00e9 et de l\u2019ambition partag\u00e9e"},"content":{"rendered":"<p>La France a d\u00e9sormais un nouvel ambassadeur extraordinaire et pl\u00e9nipotentiaire en Mauritanie : Emmanuel Besnier, diplomate chevronn\u00e9 \u00e2g\u00e9 de 47 ans, a officiellement pris ses fonctions en ce mois de septembre.<\/p>\n<p>N\u00e9 le 3 janvier 1978, Emmanuel Besnier incarne une g\u00e9n\u00e9ration de diplomates form\u00e9s \u00e0 la fois dans l\u2019excellence acad\u00e9mique fran\u00e7aise et dans l\u2019ouverture internationale. Ancien \u00e9l\u00e8ve de l\u2019Institut d\u2019\u00e9tudes politiques de Paris, il est \u00e9galement titulaire d\u2019un magister en sciences politiques de l\u2019Universit\u00e9 libre de Berlin. Son parcours l\u2019a conduit dans des capitales strat\u00e9giques et au c\u0153ur des grands dossiers africains et multilat\u00e9raux.<\/p>\n<p><strong>Un diplomate au long cours<\/strong><\/p>\n<p>Depuis ses d\u00e9buts \u00e0 l\u2019administration centrale, Besnier a multipli\u00e9 les exp\u00e9riences vari\u00e9es :<\/p>\n<p><strong>2002-2004<\/strong> : Charg\u00e9 de mission \u00e0 la Direction de la coop\u00e9ration internationale et du d\u00e9veloppement.<\/p>\n<p><strong>2004-2006<\/strong> : Charg\u00e9 de mission aupr\u00e8s du directeur de la Direction de l\u2019Afrique et de l\u2019Oc\u00e9an Indien.<\/p>\n<p><strong>2006-2010<\/strong> : Premier secr\u00e9taire \u00e0 Tokyo.<\/p>\n<p><strong>2010-2014<\/strong> : Conseiller politique \u00e0 Nairobi, en charge du dossier somalien.<\/p>\n<p><strong>2014-2017<\/strong> : Chef de p\u00f4le puis adjoint au sous-directeur \u00e0 la Direction des affaires strat\u00e9giques, de s\u00e9curit\u00e9 et d\u00e9sarmement.<\/p>\n<p><strong>2017-2021<\/strong> : Num\u00e9ro deux de l\u2019ambassade de France \u00e0 Addis-Abeba, au c\u0153ur des institutions africaines.<\/p>\n<p><strong>2021-2023<\/strong> : Sous-directeur d\u2019Afrique occidentale, Direction Afrique et Oc\u00e9an Indien.<\/p>\n<p><strong>2023-2025<\/strong> : Directeur adjoint de cette m\u00eame direction.<\/p>\n<p>Sa nomination en Mauritanie marque une \u00e9tape logique dans un parcours fortement orient\u00e9 vers le continent africain et les questions de s\u00e9curit\u00e9, de coop\u00e9ration et de diplomatie multilat\u00e9rale.<\/p>\n<p><strong>Trois convictions pour guider son mandat<\/strong><\/p>\n<p>Dans son premier message officiel adress\u00e9 aux Mauritaniens, Emmanuel Besnier a exprim\u00e9 sa gratitude pour l\u2019accueil chaleureux re\u00e7u \u00e0 Nouakchott, saluant \u00e9galement l\u2019action de son pr\u00e9d\u00e9cesseur Alexandre Garcia et de toute \u00ab l\u2019\u00c9quipe France \u00bb en Mauritanie. Il a pr\u00e9sent\u00e9 trois grandes convictions qui guideront son mandat :<\/p>\n<ol>\n<li><strong> Une relation d\u2019excellence dans un contexte r\u00e9gional fragile<\/strong><\/li>\n<\/ol>\n<p>L\u2019ambassadeur a insist\u00e9 sur la qualit\u00e9 \u00ab exemplaire \u00bb des relations entre Paris et Nouakchott, fond\u00e9es sur l\u2019amiti\u00e9 et le respect mutuel. Dans un contexte international marqu\u00e9 par des tensions croissantes, il a soulign\u00e9 le r\u00f4le conjoint de la France et de la Mauritanie dans la d\u00e9fense du multilat\u00e9ralisme, du droit international et de la Charte des Nations Unies. Il a \u00e9galement salu\u00e9 la participation active de la Mauritanie \u00e0 l\u2019initiative franco-saoudienne en faveur d\u2019une solution pacifique \u00e0 la question palestinienne.<\/p>\n<ol start=\"2\">\n<li><strong> Une prosp\u00e9rit\u00e9 partag\u00e9e au b\u00e9n\u00e9fice des deux pays<\/strong><\/li>\n<\/ol>\n<p>Sur le plan \u00e9conomique, l\u2019ambassadeur a rappel\u00e9 que pr\u00e8s de trente entreprises fran\u00e7aises sont pr\u00e9sentes en Mauritanie, g\u00e9n\u00e9rant plus de 2 000 emplois directs et contribuant \u00e0 la formation de jeunes Mauritaniens. Avec des \u00e9changes commerciaux atteignant 300 millions d\u2019euros, il estime que la relation bilat\u00e9rale a encore un potentiel consid\u00e9rable.<br \/>\nIl a aussi mis en avant l\u2019action de l\u2019Agence Fran\u00e7aise de D\u00e9veloppement (AFD), dont le portefeuille de financements en Mauritanie s\u2019\u00e9l\u00e8ve \u00e0 430 millions d\u2019euros, soutenant des projets structurants comme la ligne \u00e9lectrique haute tension Nouakchott\u2013N\u00e9ma ou l\u2019appui \u00e0 l\u2019\u00e9levage dans le Hodh El Charghi.<\/p>\n<ol start=\"3\">\n<li><strong> Les liens humains au c\u0153ur de la coop\u00e9ration<\/strong><\/li>\n<\/ol>\n<p>Enfin, Emmanuel Besnier a insist\u00e9 sur la force des liens culturels et humains. Plus de 1 100 jeunes Mauritaniens poursuivent leurs \u00e9tudes sup\u00e9rieures en France, tandis que l\u2019enseignement secondaire francophone continue de se d\u00e9velopper. L\u2019homologation r\u00e9cente de trois nouvelles \u00e9coles rejointes au r\u00e9seau de l\u2019AEFE en Mauritanie en est une illustration concr\u00e8te.<br \/>\nIl a \u00e9galement invit\u00e9 la jeunesse et la soci\u00e9t\u00e9 mauritanienne \u00e0 profiter pleinement des opportunit\u00e9s offertes par l\u2019Institut fran\u00e7ais de Mauritanie, lieu d\u2019\u00e9changes culturels et de dialogues.<\/p>\n<p><strong>Un mandat inscrit dans une dynamique nouvelle<\/strong><\/p>\n<p>Le nouvel ambassadeur a affirm\u00e9 que sa mission s\u2019inscrit dans l\u2019agenda de refondation des relations entre l\u2019Afrique et la France, voulu par le pr\u00e9sident Emmanuel Macron depuis 2017. Pour lui, il s\u2019agit de prolonger et d\u2019intensifier la dynamique de partenariat \u00e9galitaire, notamment \u00e0 travers le renforcement de la jeunesse, de l\u2019\u00e9conomie et des initiatives culturelles.<\/p>\n<p>Il n\u2019a pas manqu\u00e9 de s\u2019adresser \u00e9galement aux ressortissants fran\u00e7ais vivant en Mauritanie, environ 1 760 personnes inscrites sur les registres consulaires, dont le nombre est en progression. \u00ab Cette ambassade est \u00e0 votre service \u00bb, a-t-il assur\u00e9, promettant de rencontrer prochainement la communaut\u00e9 fran\u00e7aise et de travailler avec elle au rayonnement de la relation bilat\u00e9rale.<\/p>\n<p><strong>Une mission sous le signe de la confiance et de l\u2019amiti\u00e9<\/strong><\/p>\n<p>La prise de fonction d\u2019Emmanuel Besnier \u00e0 Nouakchott s\u2019annonce donc comme le prolongement d\u2019une relation diplomatique historique mais aussi comme une \u00e9tape tourn\u00e9e vers l\u2019avenir. Avec un profil marqu\u00e9 par l\u2019exp\u00e9rience africaine et multilat\u00e9rale, et un discours empreint de r\u00e9alisme et d\u2019optimisme, le nouvel ambassadeur place son mandat sous le signe de la confiance et de la prosp\u00e9rit\u00e9 partag\u00e9e entre la Mauritanie et la France.<\/p>\n<p>&nbsp;<\/p>\n<p><strong>Emmanuel Besnier, nouvel ambassadeur de France en Mauritanie : une prise de fonction plac\u00e9e sous le signe de la continuit\u00e9 et de l\u2019ambition partag\u00e9e<\/strong><\/p>\n<p><strong>Nouakchott, septembre 2025<\/strong> \u2013 La France a d\u00e9sormais un nouvel ambassadeur extraordinaire et pl\u00e9nipotentiaire en Mauritanie : Emmanuel Besnier, diplomate chevronn\u00e9 \u00e2g\u00e9 de 47 ans, a officiellement pris ses fonctions en ce mois de septembre.<\/p>\n<p>N\u00e9 le 3 janvier 1978, Emmanuel Besnier incarne une g\u00e9n\u00e9ration de diplomates form\u00e9s \u00e0 la fois dans l\u2019excellence acad\u00e9mique fran\u00e7aise et dans l\u2019ouverture internationale. Ancien \u00e9l\u00e8ve de l\u2019Institut d\u2019\u00e9tudes politiques de Paris, il est \u00e9galement titulaire d\u2019un magister en sciences politiques de l\u2019Universit\u00e9 libre de Berlin. Son parcours l\u2019a conduit dans des capitales strat\u00e9giques et au c\u0153ur des grands dossiers africains et multilat\u00e9raux.<\/p>\n<p><strong>Un diplomate au long cours<\/strong><\/p>\n<p>Depuis ses d\u00e9buts \u00e0 l\u2019administration centrale, Besnier a multipli\u00e9 les exp\u00e9riences vari\u00e9es :<\/p>\n<p><strong>2002-2004<\/strong> : Charg\u00e9 de mission \u00e0 la Direction de la coop\u00e9ration internationale et du d\u00e9veloppement.<\/p>\n<p><strong>2004-2006<\/strong> : Charg\u00e9 de mission aupr\u00e8s du directeur de la Direction de l\u2019Afrique et de l\u2019Oc\u00e9an Indien.<\/p>\n<p><strong>2006-2010<\/strong> : Premier secr\u00e9taire \u00e0 Tokyo.<\/p>\n<p><strong>2010-2014<\/strong> : Conseiller politique \u00e0 Nairobi, en charge du dossier somalien.<\/p>\n<p><strong>2014-2017<\/strong> : Chef de p\u00f4le puis adjoint au sous-directeur \u00e0 la Direction des affaires strat\u00e9giques, de s\u00e9curit\u00e9 et d\u00e9sarmement.<\/p>\n<p><strong>2017-2021<\/strong> : Num\u00e9ro deux de l\u2019ambassade de France \u00e0 Addis-Abeba, au c\u0153ur des institutions africaines.<\/p>\n<p><strong>2021-2023<\/strong> : Sous-directeur d\u2019Afrique occidentale, Direction Afrique et Oc\u00e9an Indien.<\/p>\n<p><strong>2023-2025<\/strong> : Directeur adjoint de cette m\u00eame direction.<\/p>\n<p>Sa nomination en Mauritanie marque une \u00e9tape logique dans un parcours fortement orient\u00e9 vers le continent africain et les questions de s\u00e9curit\u00e9, de coop\u00e9ration et de diplomatie multilat\u00e9rale.<\/p>\n<p><strong>Trois convictions pour guider son mandat<\/strong><\/p>\n<p>Dans son premier message officiel adress\u00e9 aux Mauritaniens, Emmanuel Besnier a exprim\u00e9 sa gratitude pour l\u2019accueil chaleureux re\u00e7u \u00e0 Nouakchott, saluant \u00e9galement l\u2019action de son pr\u00e9d\u00e9cesseur Alexandre Garcia et de toute \u00ab l\u2019\u00c9quipe France \u00bb en Mauritanie. Il a pr\u00e9sent\u00e9 trois grandes convictions qui guideront son mandat :<\/p>\n<ol>\n<li><strong> Une relation d\u2019excellence dans un contexte r\u00e9gional fragile<\/strong><\/li>\n<\/ol>\n<p>L\u2019ambassadeur a insist\u00e9 sur la qualit\u00e9 \u00ab exemplaire \u00bb des relations entre Paris et Nouakchott, fond\u00e9es sur l\u2019amiti\u00e9 et le respect mutuel. Dans un contexte international marqu\u00e9 par des tensions croissantes, il a soulign\u00e9 le r\u00f4le conjoint de la France et de la Mauritanie dans la d\u00e9fense du multilat\u00e9ralisme, du droit international et de la Charte des Nations Unies. Il a \u00e9galement salu\u00e9 la participation active de la Mauritanie \u00e0 l\u2019initiative franco-saoudienne en faveur d\u2019une solution pacifique \u00e0 la question palestinienne.<\/p>\n<ol start=\"2\">\n<li><strong> Une prosp\u00e9rit\u00e9 partag\u00e9e au b\u00e9n\u00e9fice des deux pays<\/strong><\/li>\n<\/ol>\n<p>Sur le plan \u00e9conomique, l\u2019ambassadeur a rappel\u00e9 que pr\u00e8s de trente entreprises fran\u00e7aises sont pr\u00e9sentes en Mauritanie, g\u00e9n\u00e9rant plus de 2 000 emplois directs et contribuant \u00e0 la formation de jeunes Mauritaniens. Avec des \u00e9changes commerciaux atteignant 300 millions d\u2019euros, il estime que la relation bilat\u00e9rale a encore un potentiel consid\u00e9rable.<br \/>\nIl a aussi mis en avant l\u2019action de l\u2019Agence Fran\u00e7aise de D\u00e9veloppement (AFD), dont le portefeuille de financements en Mauritanie s\u2019\u00e9l\u00e8ve \u00e0 430 millions d\u2019euros, soutenant des projets structurants comme la ligne \u00e9lectrique haute tension Nouakchott\u2013N\u00e9ma ou l\u2019appui \u00e0 l\u2019\u00e9levage dans le Hodh El Charghi.<\/p>\n<ol start=\"3\">\n<li><strong> Les liens humains au c\u0153ur de la coop\u00e9ration<\/strong><\/li>\n<\/ol>\n<p>Enfin, Emmanuel Besnier a insist\u00e9 sur la force des liens culturels et humains. Plus de 1 100 jeunes Mauritaniens poursuivent leurs \u00e9tudes sup\u00e9rieures en France, tandis que l\u2019enseignement secondaire francophone continue de se d\u00e9velopper. L\u2019homologation r\u00e9cente de trois nouvelles \u00e9coles rejointes au r\u00e9seau de l\u2019AEFE en Mauritanie en est une illustration concr\u00e8te.<br \/>\nIl a \u00e9galement invit\u00e9 la jeunesse et la soci\u00e9t\u00e9 mauritanienne \u00e0 profiter pleinement des opportunit\u00e9s offertes par l\u2019Institut fran\u00e7ais de Mauritanie, lieu d\u2019\u00e9changes culturels et de dialogues.<\/p>\n<p><strong>Un mandat inscrit dans une dynamique nouvelle<\/strong><\/p>\n<p>Le nouvel ambassadeur a affirm\u00e9 que sa mission s\u2019inscrit dans l\u2019agenda de refondation des relations entre l\u2019Afrique et la France, voulu par le pr\u00e9sident Emmanuel Macron depuis 2017. Pour lui, il s\u2019agit de prolonger et d\u2019intensifier la dynamique de partenariat \u00e9galitaire, notamment \u00e0 travers le renforcement de la jeunesse, de l\u2019\u00e9conomie et des initiatives culturelles.<\/p>\n<p>Il n\u2019a pas manqu\u00e9 de s\u2019adresser \u00e9galement aux ressortissants fran\u00e7ais vivant en Mauritanie, environ 1 760 personnes inscrites sur les registres consulaires, dont le nombre est en progression. \u00ab Cette ambassade est \u00e0 votre service \u00bb, a-t-il assur\u00e9, promettant de rencontrer prochainement la communaut\u00e9 fran\u00e7aise et de travailler avec elle au rayonnement de la relation bilat\u00e9rale.<\/p>\n<p><strong>Une mission sous le signe de la confiance et de l\u2019amiti\u00e9<\/strong><\/p>\n<p>La prise de fonction d\u2019Emmanuel Besnier \u00e0 Nouakchott s\u2019annonce donc comme le prolongement d\u2019une relation diplomatique historique mais aussi comme une \u00e9tape tourn\u00e9e vers l\u2019avenir. Avec un profil marqu\u00e9 par l\u2019exp\u00e9rience africaine et multilat\u00e9rale, et un discours empreint de r\u00e9alisme et d\u2019optimisme, le nouvel ambassadeur place son mandat sous le signe de la confiance et de la prosp\u00e9rit\u00e9 partag\u00e9e entre la Mauritanie et la France.<\/p>\n<p>&nbsp;<\/p>\n<p>&nbsp;<\/p>\n","protected":false},"excerpt":{"rendered":"<p>La France a d\u00e9sormais un nouvel ambassadeur extraordinaire et pl\u00e9nipotentiaire en Mauritanie : Emmanuel Besnier, diplomate chevronn\u00e9 \u00e2g\u00e9 de 47 ans, a officiellement pris ses fonctions en ce mois de septembre. N\u00e9 le 3 janvier 1978, Emmanuel Besnier incarne une g\u00e9n\u00e9ration de diplomates form\u00e9s \u00e0 la fois dans l\u2019excellence acad\u00e9mique fran\u00e7aise et dans l\u2019ouverture internationale&#8230;&#8230;<\/p>\n","protected":false},"author":4,"featured_media":30987,"comment_status":"open","ping_status":"open","sticky":false,"template":"","format":"standard","meta":{"footnotes":""},"categories":[23,57],"tags":[],"class_list":["post-30986","post","type-post","status-publish","format-standard","has-post-thumbnail","hentry","category-actualite","category-couverture-specilale"],"yoast_head":"<!-- This site is optimized with the Yoast SEO plugin v27.5 - https:\/\/yoast.com\/product\/yoast-seo-wordpress\/ -->\n<title>Emmanuel Besnier, nouvel ambassadeur de France en Mauritanie : une prise de fonction plac\u00e9e sous le signe de la continuit\u00e9 et de l\u2019ambition partag\u00e9e - Le Quotidien de Nouakchott<\/title>\n<meta name=\"robots\" content=\"index, follow, max-snippet:-1, max-image-preview:large, max-video-preview:-1\" \/>\n<link rel=\"canonical\" href=\"https:\/\/lequotidien.mr\/?p=30986&lang=fr\" \/>\n<meta property=\"og:locale\" content=\"ar_AR\" \/>\n<meta property=\"og:type\" content=\"article\" \/>\n<meta property=\"og:title\" content=\"Emmanuel Besnier, nouvel ambassadeur de France en Mauritanie : une prise de fonction plac\u00e9e sous le signe de la continuit\u00e9 et de l\u2019ambition partag\u00e9e - Le Quotidien de Nouakchott\" \/>\n<meta property=\"og:description\" content=\"La France a d\u00e9sormais un nouvel ambassadeur extraordinaire et pl\u00e9nipotentiaire en Mauritanie : Emmanuel Besnier, diplomate chevronn\u00e9 \u00e2g\u00e9 de 47 ans, a officiellement pris ses fonctions en ce mois de septembre. N\u00e9 le 3 janvier 1978, Emmanuel Besnier incarne une g\u00e9n\u00e9ration de diplomates form\u00e9s \u00e0 la fois dans l\u2019excellence acad\u00e9mique fran\u00e7aise et dans l\u2019ouverture internationale......\" \/>\n<meta property=\"og:url\" content=\"https:\/\/lequotidien.mr\/?p=30986&amp;lang=fr\" \/>\n<meta property=\"og:site_name\" content=\"Le Quotidien de Nouakchott\" \/>\n<meta property=\"article:publisher\" content=\"https:\/\/web.facebook.com\/lequotidienmr\" \/>\n<meta property=\"article:published_time\" content=\"2025-09-16T13:41:04+00:00\" \/>\n<meta property=\"og:image\" content=\"https:\/\/lequotidien.mr\/wp-content\/uploads\/2025\/09\/547179409_1096918859288980_7417695741149992612_n.jpg\" \/>\n\t<meta property=\"og:image:width\" content=\"810\" \/>\n\t<meta property=\"og:image:height\" content=\"540\" \/>\n\t<meta property=\"og:image:type\" content=\"image\/jpeg\" \/>\n<meta name=\"author\" content=\"Le Quotidien\" \/>\n<meta name=\"twitter:card\" content=\"summary_large_image\" \/>\n<meta name=\"twitter:creator\" content=\"@lequotidienmr\" \/>\n<meta name=\"twitter:site\" content=\"@lequotidienmr\" \/>\n<meta name=\"twitter:label1\" content=\"\u0643\u064f\u062a\u0628 \u0628\u0648\u0627\u0633\u0637\u0629\" \/>\n\t<meta name=\"twitter:data1\" content=\"Le Quotidien\" \/>\n\t<meta name=\"twitter:label2\" content=\"\u0648\u0642\u062a \u0627\u0644\u0642\u0631\u0627\u0621\u0629 \u0627\u0644\u0645\u064f\u0642\u062f\u0651\u0631\" \/>\n\t<meta name=\"twitter:data2\" content=\"12 \u062f\u0642\u064a\u0642\u0629\" \/>\n<script type=\"application\/ld+json\" class=\"yoast-schema-graph\">{\"@context\":\"https:\\\/\\\/schema.org\",\"@graph\":[{\"@type\":\"Article\",\"@id\":\"https:\\\/\\\/lequotidien.mr\\\/?p=30986&lang=fr#article\",\"isPartOf\":{\"@id\":\"https:\\\/\\\/lequotidien.mr\\\/?p=30986&lang=fr\"},\"author\":{\"name\":\"Le Quotidien\",\"@id\":\"https:\\\/\\\/lequotidien.mr\\\/#\\\/schema\\\/person\\\/f90fcdaa970c60288de4ed2e64a56472\"},\"headline\":\"Emmanuel Besnier, nouvel ambassadeur de France en Mauritanie : une prise de fonction plac\u00e9e sous le signe de la continuit\u00e9 et de l\u2019ambition partag\u00e9e\",\"datePublished\":\"2025-09-16T13:41:04+00:00\",\"mainEntityOfPage\":{\"@id\":\"https:\\\/\\\/lequotidien.mr\\\/?p=30986&lang=fr\"},\"wordCount\":1749,\"commentCount\":0,\"publisher\":{\"@id\":\"https:\\\/\\\/lequotidien.mr\\\/#organization\"},\"image\":{\"@id\":\"https:\\\/\\\/lequotidien.mr\\\/?p=30986&lang=fr#primaryimage\"},\"thumbnailUrl\":\"https:\\\/\\\/lequotidien.mr\\\/wp-content\\\/uploads\\\/2025\\\/09\\\/547179409_1096918859288980_7417695741149992612_n.jpg\",\"articleSection\":[\"ACTUALIT\u00c9\",\"Couverture sp\u00e9cilale\"],\"inLanguage\":\"ar\",\"potentialAction\":[{\"@type\":\"CommentAction\",\"name\":\"Comment\",\"target\":[\"https:\\\/\\\/lequotidien.mr\\\/?p=30986&lang=fr#respond\"]}]},{\"@type\":\"WebPage\",\"@id\":\"https:\\\/\\\/lequotidien.mr\\\/?p=30986&lang=fr\",\"url\":\"https:\\\/\\\/lequotidien.mr\\\/?p=30986&lang=fr\",\"name\":\"Emmanuel Besnier, nouvel ambassadeur de France en Mauritanie : une prise de fonction plac\u00e9e sous le signe de la continuit\u00e9 et de l\u2019ambition partag\u00e9e - Le Quotidien de Nouakchott\",\"isPartOf\":{\"@id\":\"https:\\\/\\\/lequotidien.mr\\\/#website\"},\"primaryImageOfPage\":{\"@id\":\"https:\\\/\\\/lequotidien.mr\\\/?p=30986&lang=fr#primaryimage\"},\"image\":{\"@id\":\"https:\\\/\\\/lequotidien.mr\\\/?p=30986&lang=fr#primaryimage\"},\"thumbnailUrl\":\"https:\\\/\\\/lequotidien.mr\\\/wp-content\\\/uploads\\\/2025\\\/09\\\/547179409_1096918859288980_7417695741149992612_n.jpg\",\"datePublished\":\"2025-09-16T13:41:04+00:00\",\"breadcrumb\":{\"@id\":\"https:\\\/\\\/lequotidien.mr\\\/?p=30986&lang=fr#breadcrumb\"},\"inLanguage\":\"ar\",\"potentialAction\":[{\"@type\":\"ReadAction\",\"target\":[\"https:\\\/\\\/lequotidien.mr\\\/?p=30986&lang=fr\"]}]},{\"@type\":\"ImageObject\",\"inLanguage\":\"ar\",\"@id\":\"https:\\\/\\\/lequotidien.mr\\\/?p=30986&lang=fr#primaryimage\",\"url\":\"https:\\\/\\\/lequotidien.mr\\\/wp-content\\\/uploads\\\/2025\\\/09\\\/547179409_1096918859288980_7417695741149992612_n.jpg\",\"contentUrl\":\"https:\\\/\\\/lequotidien.mr\\\/wp-content\\\/uploads\\\/2025\\\/09\\\/547179409_1096918859288980_7417695741149992612_n.jpg\",\"width\":810,\"height\":540},{\"@type\":\"BreadcrumbList\",\"@id\":\"https:\\\/\\\/lequotidien.mr\\\/?p=30986&lang=fr#breadcrumb\",\"itemListElement\":[{\"@type\":\"ListItem\",\"position\":1,\"name\":\"Home\",\"item\":\"https:\\\/\\\/lequotidien.mr\\\/\"},{\"@type\":\"ListItem\",\"position\":2,\"name\":\"Emmanuel Besnier, nouvel ambassadeur de France en Mauritanie : une prise de fonction plac\u00e9e sous le signe de la continuit\u00e9 et de l\u2019ambition partag\u00e9e\"}]},{\"@type\":\"WebSite\",\"@id\":\"https:\\\/\\\/lequotidien.mr\\\/#website\",\"url\":\"https:\\\/\\\/lequotidien.mr\\\/\",\"name\":\"Le Quotidien de Nouakchott\",\"description\":\"\u0625\u062e\u0628\u0627\u0631\u064a\u0629 \u0645\u0633\u062a\u0642\u0644\u0629 \u0644\u0644\u0623\u0646\u0628\u0627\u0621 \u0627\u0644\u0639\u0627\u0645\u0629\",\"publisher\":{\"@id\":\"https:\\\/\\\/lequotidien.mr\\\/#organization\"},\"potentialAction\":[{\"@type\":\"SearchAction\",\"target\":{\"@type\":\"EntryPoint\",\"urlTemplate\":\"https:\\\/\\\/lequotidien.mr\\\/?s={search_term_string}\"},\"query-input\":{\"@type\":\"PropertyValueSpecification\",\"valueRequired\":true,\"valueName\":\"search_term_string\"}}],\"inLanguage\":\"ar\"},{\"@type\":\"Organization\",\"@id\":\"https:\\\/\\\/lequotidien.mr\\\/#organization\",\"name\":\"Le Quotidien de Nouakchott\",\"url\":\"https:\\\/\\\/lequotidien.mr\\\/\",\"logo\":{\"@type\":\"ImageObject\",\"inLanguage\":\"ar\",\"@id\":\"https:\\\/\\\/lequotidien.mr\\\/#\\\/schema\\\/logo\\\/image\\\/\",\"url\":\"https:\\\/\\\/lequotidien.mr\\\/wp-content\\\/uploads\\\/2022\\\/11\\\/logolequotidien.jpg\",\"contentUrl\":\"https:\\\/\\\/lequotidien.mr\\\/wp-content\\\/uploads\\\/2022\\\/11\\\/logolequotidien.jpg\",\"width\":290,\"height\":65,\"caption\":\"Le Quotidien de Nouakchott\"},\"image\":{\"@id\":\"https:\\\/\\\/lequotidien.mr\\\/#\\\/schema\\\/logo\\\/image\\\/\"},\"sameAs\":[\"https:\\\/\\\/web.facebook.com\\\/lequotidienmr\",\"https:\\\/\\\/x.com\\\/lequotidienmr\"]},{\"@type\":\"Person\",\"@id\":\"https:\\\/\\\/lequotidien.mr\\\/#\\\/schema\\\/person\\\/f90fcdaa970c60288de4ed2e64a56472\",\"name\":\"Le Quotidien\",\"image\":{\"@type\":\"ImageObject\",\"inLanguage\":\"ar\",\"@id\":\"https:\\\/\\\/secure.gravatar.com\\\/avatar\\\/374cb39a1a458a912465a93e5a3ce6546886fc3da809a1f10c63e4e8fcbca30f?s=96&d=mm&r=g\",\"url\":\"https:\\\/\\\/secure.gravatar.com\\\/avatar\\\/374cb39a1a458a912465a93e5a3ce6546886fc3da809a1f10c63e4e8fcbca30f?s=96&d=mm&r=g\",\"contentUrl\":\"https:\\\/\\\/secure.gravatar.com\\\/avatar\\\/374cb39a1a458a912465a93e5a3ce6546886fc3da809a1f10c63e4e8fcbca30f?s=96&d=mm&r=g\",\"caption\":\"Le Quotidien\"},\"sameAs\":[\"https:\\\/\\\/lequotidien.mr\\\/\"],\"url\":\"https:\\\/\\\/lequotidien.mr\\\/?author=4\"}]}<\/script>\n<!-- \/ Yoast SEO plugin. -->","yoast_head_json":{"title":"Emmanuel Besnier, nouvel ambassadeur de France en Mauritanie : une prise de fonction plac\u00e9e sous le signe de la continuit\u00e9 et de l\u2019ambition partag\u00e9e - Le Quotidien de Nouakchott","robots":{"index":"index","follow":"follow","max-snippet":"max-snippet:-1","max-image-preview":"max-image-preview:large","max-video-preview":"max-video-preview:-1"},"canonical":"https:\/\/lequotidien.mr\/?p=30986&lang=fr","og_locale":"ar_AR","og_type":"article","og_title":"Emmanuel Besnier, nouvel ambassadeur de France en Mauritanie : une prise de fonction plac\u00e9e sous le signe de la continuit\u00e9 et de l\u2019ambition partag\u00e9e - Le Quotidien de Nouakchott","og_description":"La France a d\u00e9sormais un nouvel ambassadeur extraordinaire et pl\u00e9nipotentiaire en Mauritanie : Emmanuel Besnier, diplomate chevronn\u00e9 \u00e2g\u00e9 de 47 ans, a officiellement pris ses fonctions en ce mois de septembre. N\u00e9 le 3 janvier 1978, Emmanuel Besnier incarne une g\u00e9n\u00e9ration de diplomates form\u00e9s \u00e0 la fois dans l\u2019excellence acad\u00e9mique fran\u00e7aise et dans l\u2019ouverture internationale......","og_url":"https:\/\/lequotidien.mr\/?p=30986&lang=fr","og_site_name":"Le Quotidien de Nouakchott","article_publisher":"https:\/\/web.facebook.com\/lequotidienmr","article_published_time":"2025-09-16T13:41:04+00:00","og_image":[{"width":810,"height":540,"url":"https:\/\/lequotidien.mr\/wp-content\/uploads\/2025\/09\/547179409_1096918859288980_7417695741149992612_n.jpg","type":"image\/jpeg"}],"author":"Le Quotidien","twitter_card":"summary_large_image","twitter_creator":"@lequotidienmr","twitter_site":"@lequotidienmr","twitter_misc":{"\u0643\u064f\u062a\u0628 \u0628\u0648\u0627\u0633\u0637\u0629":"Le Quotidien","\u0648\u0642\u062a \u0627\u0644\u0642\u0631\u0627\u0621\u0629 \u0627\u0644\u0645\u064f\u0642\u062f\u0651\u0631":"12 \u062f\u0642\u064a\u0642\u0629"},"schema":{"@context":"https:\/\/schema.org","@graph":[{"@type":"Article","@id":"https:\/\/lequotidien.mr\/?p=30986&lang=fr#article","isPartOf":{"@id":"https:\/\/lequotidien.mr\/?p=30986&lang=fr"},"author":{"name":"Le Quotidien","@id":"https:\/\/lequotidien.mr\/#\/schema\/person\/f90fcdaa970c60288de4ed2e64a56472"},"headline":"Emmanuel Besnier, nouvel ambassadeur de France en Mauritanie : une prise de fonction plac\u00e9e sous le signe de la continuit\u00e9 et de l\u2019ambition partag\u00e9e","datePublished":"2025-09-16T13:41:04+00:00","mainEntityOfPage":{"@id":"https:\/\/lequotidien.mr\/?p=30986&lang=fr"},"wordCount":1749,"commentCount":0,"publisher":{"@id":"https:\/\/lequotidien.mr\/#organization"},"image":{"@id":"https:\/\/lequotidien.mr\/?p=30986&lang=fr#primaryimage"},"thumbnailUrl":"https:\/\/lequotidien.mr\/wp-content\/uploads\/2025\/09\/547179409_1096918859288980_7417695741149992612_n.jpg","articleSection":["ACTUALIT\u00c9","Couverture sp\u00e9cilale"],"inLanguage":"ar","potentialAction":[{"@type":"CommentAction","name":"Comment","target":["https:\/\/lequotidien.mr\/?p=30986&lang=fr#respond"]}]},{"@type":"WebPage","@id":"https:\/\/lequotidien.mr\/?p=30986&lang=fr","url":"https:\/\/lequotidien.mr\/?p=30986&lang=fr","name":"Emmanuel Besnier, nouvel ambassadeur de France en Mauritanie : une prise de fonction plac\u00e9e sous le signe de la continuit\u00e9 et de l\u2019ambition partag\u00e9e - Le Quotidien de Nouakchott","isPartOf":{"@id":"https:\/\/lequotidien.mr\/#website"},"primaryImageOfPage":{"@id":"https:\/\/lequotidien.mr\/?p=30986&lang=fr#primaryimage"},"image":{"@id":"https:\/\/lequotidien.mr\/?p=30986&lang=fr#primaryimage"},"thumbnailUrl":"https:\/\/lequotidien.mr\/wp-content\/uploads\/2025\/09\/547179409_1096918859288980_7417695741149992612_n.jpg","datePublished":"2025-09-16T13:41:04+00:00","breadcrumb":{"@id":"https:\/\/lequotidien.mr\/?p=30986&lang=fr#breadcrumb"},"inLanguage":"ar","potentialAction":[{"@type":"ReadAction","target":["https:\/\/lequotidien.mr\/?p=30986&lang=fr"]}]},{"@type":"ImageObject","inLanguage":"ar","@id":"https:\/\/lequotidien.mr\/?p=30986&lang=fr#primaryimage","url":"https:\/\/lequotidien.mr\/wp-content\/uploads\/2025\/09\/547179409_1096918859288980_7417695741149992612_n.jpg","contentUrl":"https:\/\/lequotidien.mr\/wp-content\/uploads\/2025\/09\/547179409_1096918859288980_7417695741149992612_n.jpg","width":810,"height":540},{"@type":"BreadcrumbList","@id":"https:\/\/lequotidien.mr\/?p=30986&lang=fr#breadcrumb","itemListElement":[{"@type":"ListItem","position":1,"name":"Home","item":"https:\/\/lequotidien.mr\/"},{"@type":"ListItem","position":2,"name":"Emmanuel Besnier, nouvel ambassadeur de France en Mauritanie : une prise de fonction plac\u00e9e sous le signe de la continuit\u00e9 et de l\u2019ambition partag\u00e9e"}]},{"@type":"WebSite","@id":"https:\/\/lequotidien.mr\/#website","url":"https:\/\/lequotidien.mr\/","name":"Le Quotidien de Nouakchott","description":"\u0625\u062e\u0628\u0627\u0631\u064a\u0629 \u0645\u0633\u062a\u0642\u0644\u0629 \u0644\u0644\u0623\u0646\u0628\u0627\u0621 \u0627\u0644\u0639\u0627\u0645\u0629","publisher":{"@id":"https:\/\/lequotidien.mr\/#organization"},"potentialAction":[{"@type":"SearchAction","target":{"@type":"EntryPoint","urlTemplate":"https:\/\/lequotidien.mr\/?s={search_term_string}"},"query-input":{"@type":"PropertyValueSpecification","valueRequired":true,"valueName":"search_term_string"}}],"inLanguage":"ar"},{"@type":"Organization","@id":"https:\/\/lequotidien.mr\/#organization","name":"Le Quotidien de Nouakchott","url":"https:\/\/lequotidien.mr\/","logo":{"@type":"ImageObject","inLanguage":"ar","@id":"https:\/\/lequotidien.mr\/#\/schema\/logo\/image\/","url":"https:\/\/lequotidien.mr\/wp-content\/uploads\/2022\/11\/logolequotidien.jpg","contentUrl":"https:\/\/lequotidien.mr\/wp-content\/uploads\/2022\/11\/logolequotidien.jpg","width":290,"height":65,"caption":"Le Quotidien de Nouakchott"},"image":{"@id":"https:\/\/lequotidien.mr\/#\/schema\/logo\/image\/"},"sameAs":["https:\/\/web.facebook.com\/lequotidienmr","https:\/\/x.com\/lequotidienmr"]},{"@type":"Person","@id":"https:\/\/lequotidien.mr\/#\/schema\/person\/f90fcdaa970c60288de4ed2e64a56472","name":"Le Quotidien","image":{"@type":"ImageObject","inLanguage":"ar","@id":"https:\/\/secure.gravatar.com\/avatar\/374cb39a1a458a912465a93e5a3ce6546886fc3da809a1f10c63e4e8fcbca30f?s=96&d=mm&r=g","url":"https:\/\/secure.gravatar.com\/avatar\/374cb39a1a458a912465a93e5a3ce6546886fc3da809a1f10c63e4e8fcbca30f?s=96&d=mm&r=g","contentUrl":"https:\/\/secure.gravatar.com\/avatar\/374cb39a1a458a912465a93e5a3ce6546886fc3da809a1f10c63e4e8fcbca30f?s=96&d=mm&r=g","caption":"Le Quotidien"},"sameAs":["https:\/\/lequotidien.mr\/"],"url":"https:\/\/lequotidien.mr\/?author=4"}]}},"_links":{"self":[{"href":"https:\/\/lequotidien.mr\/index.php?rest_route=\/wp\/v2\/posts\/30986","targetHints":{"allow":["GET"]}}],"collection":[{"href":"https:\/\/lequotidien.mr\/index.php?rest_route=\/wp\/v2\/posts"}],"about":[{"href":"https:\/\/lequotidien.mr\/index.php?rest_route=\/wp\/v2\/types\/post"}],"author":[{"embeddable":true,"href":"https:\/\/lequotidien.mr\/index.php?rest_route=\/wp\/v2\/users\/4"}],"replies":[{"embeddable":true,"href":"https:\/\/lequotidien.mr\/index.php?rest_route=%2Fwp%2Fv2%2Fcomments&post=30986"}],"version-history":[{"count":1,"href":"https:\/\/lequotidien.mr\/index.php?rest_route=\/wp\/v2\/posts\/30986\/revisions"}],"predecessor-version":[{"id":30988,"href":"https:\/\/lequotidien.mr\/index.php?rest_route=\/wp\/v2\/posts\/30986\/revisions\/30988"}],"wp:featuredmedia":[{"embeddable":true,"href":"https:\/\/lequotidien.mr\/index.php?rest_route=\/wp\/v2\/media\/30987"}],"wp:attachment":[{"href":"https:\/\/lequotidien.mr\/index.php?rest_route=%2Fwp%2Fv2%2Fmedia&parent=30986"}],"wp:term":[{"taxonomy":"category","embeddable":true,"href":"https:\/\/lequotidien.mr\/index.php?rest_route=%2Fwp%2Fv2%2Fcategories&post=30986"},{"taxonomy":"post_tag","embeddable":true,"href":"https:\/\/lequotidien.mr\/index.php?rest_route=%2Fwp%2Fv2%2Ftags&post=30986"}],"curies":[{"name":"wp","href":"https:\/\/api.w.org\/{rel}","templated":true}]}}