{"id":30981,"date":"2025-09-16T13:18:07","date_gmt":"2025-09-16T13:18:07","guid":{"rendered":"https:\/\/lequotidien.mr\/?p=30981"},"modified":"2025-09-16T13:18:07","modified_gmt":"2025-09-16T13:18:07","slug":"agenda-primature-une-journee-dediee-au-renforcement-de-la-cooperation-et-a-lamelioration-de-la-gouvernance-economique","status":"publish","type":"post","link":"https:\/\/lequotidien.mr\/?p=30981&lang=fr","title":{"rendered":"Agenda primature : Une journ\u00e9e d\u00e9di\u00e9e au renforcement de la coop\u00e9ration et \u00e0 l\u2019am\u00e9lioration de la gouvernance \u00e9conomique"},"content":{"rendered":"<p>Le <strong>Premier ministre, M. Moctar Diay<\/strong>, a accord\u00e9, hier \u00e0 la Primature, une audience de travail \u00e0 M<strong>. Sultan bin Abdul Rahman Al-Marshad, Directeur G\u00e9n\u00e9ral du Fonds saoudien pour le d\u00e9veloppement<\/strong>, accompagn\u00e9 d\u2019une importante d\u00e9l\u00e9gation de son institution.<\/p>\n<p>Cette rencontre, ax\u00e9e sur le renforcement des liens de coop\u00e9ration, s\u2019est d\u00e9roul\u00e9e en pr\u00e9sence du <strong>ministre de l\u2019\u00c9conomie et des Finances, M. Sid\u2019Ahmed Bouh<\/strong>, du <strong>directeur de cabinet<\/strong> du Premier ministre, <strong>M. Cheikh Zeidane<\/strong>, et du <strong>conseiller<\/strong> du Premier ministre charg\u00e9 de l\u2019\u00c9conomie et des Finances, <strong>M. Mohamed Lemine Hammadi<\/strong>.<\/p>\n<p>Les discussions ont principalement port\u00e9 sur les moyens de\u00a0<strong>consolider et d\u2019approfondir les relations de coop\u00e9ration<\/strong>\u00a0entre la R\u00e9publique islamique de Mauritanie et le Fonds saoudien pour le d\u00e9veloppement. Cet \u00e9change s\u2019inscrit dans la volont\u00e9 du gouvernement d\u2019\u00e9largir ses partenariats strat\u00e9giques pour financer des projets de d\u00e9veloppement structurants, en phase avec les priorit\u00e9s nationales.<\/p>\n<p>Plus t\u00f4t dans la journ\u00e9e, l\u2019agenda du Chef du gouvernement avait \u00e9t\u00e9 marqu\u00e9 par la pr\u00e9sidence d\u2019un\u00a0<strong>comit\u00e9 minist\u00e9riel<\/strong>\u00a0d\u00e9di\u00e9 \u00e0 l\u2019examen d\u2019une \u00e9tude sur l\u2019\u00e9tat de la commande publique nationale et le code des march\u00e9s publics qui la r\u00e9git.<\/p>\n<p>Cette r\u00e9union de haut niveau s\u2019inscrit dans le cadre strict des directives du Monsieur Mohamed Cheikh El Ghazouani, Pr\u00e9sident de la R\u00e9publique, qui place\u00a0<strong>la bonne gouvernance, la transparence et l\u2019efficacit\u00e9 de l\u2019action publique<\/strong>\u00a0au c\u0153ur des priorit\u00e9s nationales. L\u2019objectif affirm\u00e9 est de garantir une transparence totale dans l\u2019offre et l\u2019attribution des march\u00e9s publics pour en assurer une ex\u00e9cution optimale.<\/p>\n<p>\u00c0 l\u2019issue d\u2019un examen approfondi et de riches discussions, le Premier ministre a donn\u00e9 des instructions pr\u00e9cises. Il a ainsi ordonn\u00e9 de\u00a0<strong>prendre en consid\u00e9ration l\u2019ensemble des observations et recommandations<\/strong>\u00a0formul\u00e9es par les ministres et les techniciens pr\u00e9sents.<\/p>\n<p>L\u2019objectif est de parvenir \u00e0 une\u00a0<strong>\u00e9tude compl\u00e8te et r\u00e9aliste<\/strong>, fid\u00e8le aux conditions actuelles d\u2019ex\u00e9cution de la commande publique. Cette refonte doit viser \u00e0 trouver un \u00e9quilibre judicieux entre la rigueur n\u00e9cessaire dans l\u2019examen et l\u2019\u00e9valuation des offres, et l\u2019imp\u00e9ratif de simplification et d\u2019efficacit\u00e9 des proc\u00e9dures.<\/p>\n<p>Pour garantir l\u2019atteinte de ces objectifs, M. Moctar Diay a \u00e9galement ordonn\u00e9 l\u2019<strong>organisation de r\u00e9unions techniques \u00e9largies<\/strong>\u00a0rassemblant toutes les entit\u00e9s concern\u00e9es par la commande publique. Ces travaux devront permettre de collecter toutes les informations et contributions utiles pour enrichir le contenu du document propos\u00e9 et assurer sa parfaite ad\u00e9quation avec les ambitions affich\u00e9es.<\/p>\n<p>Cette journ\u00e9e intense pour le gouvernement illustre sa double priorit\u00e9 :\u00a0<strong>renforcer les partenariats financiers internationaux<\/strong>\u00a0pour le d\u00e9veloppement et\u00a0<strong>moderniser en profondeur les institutions nationales<\/strong>\u00a0gr\u00e2ce \u00e0 des r\u00e9formes courageuses visant la transparence et l\u2019efficacit\u00e9 \u00e9conomique.<\/p>\n","protected":false},"excerpt":{"rendered":"<p>Le Premier ministre, M. Moctar Diay, a accord\u00e9, hier \u00e0 la Primature, une audience de travail \u00e0 M. Sultan bin Abdul Rahman Al-Marshad, Directeur G\u00e9n\u00e9ral du Fonds saoudien pour le d\u00e9veloppement, accompagn\u00e9 d\u2019une importante d\u00e9l\u00e9gation de son institution. Cette rencontre, ax\u00e9e sur le renforcement des liens de coop\u00e9ration, s\u2019est d\u00e9roul\u00e9e en pr\u00e9sence du ministre de&#8230;..<\/p>\n","protected":false},"author":12,"featured_media":30984,"comment_status":"open","ping_status":"open","sticky":false,"template":"","format":"standard","meta":{"footnotes":""},"categories":[23,49],"tags":[],"class_list":["post-30981","post","type-post","status-publish","format-standard","has-post-thumbnail","hentry","category-actualite","category-economie"],"yoast_head":"<!-- This site is optimized with the Yoast SEO plugin v27.5 - https:\/\/yoast.com\/product\/yoast-seo-wordpress\/ -->\n<title>Agenda primature : Une journ\u00e9e d\u00e9di\u00e9e au renforcement de la coop\u00e9ration et \u00e0 l\u2019am\u00e9lioration de la gouvernance \u00e9conomique - Le Quotidien de Nouakchott<\/title>\n<meta name=\"robots\" content=\"index, follow, max-snippet:-1, max-image-preview:large, max-video-preview:-1\" \/>\n<link rel=\"canonical\" href=\"https:\/\/lequotidien.mr\/?p=30981&lang=fr\" \/>\n<meta property=\"og:locale\" content=\"ar_AR\" \/>\n<meta property=\"og:type\" content=\"article\" \/>\n<meta property=\"og:title\" content=\"Agenda primature : Une journ\u00e9e d\u00e9di\u00e9e au renforcement de la coop\u00e9ration et \u00e0 l\u2019am\u00e9lioration de la gouvernance \u00e9conomique - Le Quotidien de Nouakchott\" \/>\n<meta property=\"og:description\" content=\"Le Premier ministre, M. Moctar Diay, a accord\u00e9, hier \u00e0 la Primature, une audience de travail \u00e0 M. Sultan bin Abdul Rahman Al-Marshad, Directeur G\u00e9n\u00e9ral du Fonds saoudien pour le d\u00e9veloppement, accompagn\u00e9 d\u2019une importante d\u00e9l\u00e9gation de son institution. Cette rencontre, ax\u00e9e sur le renforcement des liens de coop\u00e9ration, s\u2019est d\u00e9roul\u00e9e en pr\u00e9sence du ministre de.....\" \/>\n<meta property=\"og:url\" content=\"https:\/\/lequotidien.mr\/?p=30981&amp;lang=fr\" \/>\n<meta property=\"og:site_name\" content=\"Le Quotidien de Nouakchott\" \/>\n<meta property=\"article:publisher\" content=\"https:\/\/web.facebook.com\/lequotidienmr\" \/>\n<meta property=\"article:published_time\" content=\"2025-09-16T13:18:07+00:00\" \/>\n<meta property=\"og:image\" content=\"https:\/\/lequotidien.mr\/wp-content\/uploads\/2025\/09\/photo-PM-PDG-Fds-saoudien.jpg\" \/>\n\t<meta property=\"og:image:width\" content=\"750\" \/>\n\t<meta property=\"og:image:height\" content=\"430\" \/>\n\t<meta property=\"og:image:type\" content=\"image\/jpeg\" \/>\n<meta name=\"author\" content=\"Med Ahmed\" \/>\n<meta name=\"twitter:card\" content=\"summary_large_image\" \/>\n<meta name=\"twitter:creator\" content=\"@lequotidienmr\" \/>\n<meta name=\"twitter:site\" content=\"@lequotidienmr\" \/>\n<meta name=\"twitter:label1\" content=\"\u0643\u064f\u062a\u0628 \u0628\u0648\u0627\u0633\u0637\u0629\" \/>\n\t<meta name=\"twitter:data1\" content=\"Med Ahmed\" \/>\n\t<meta name=\"twitter:label2\" content=\"\u0648\u0642\u062a \u0627\u0644\u0642\u0631\u0627\u0621\u0629 \u0627\u0644\u0645\u064f\u0642\u062f\u0651\u0631\" \/>\n\t<meta name=\"twitter:data2\" content=\"4 \u062f\u0642\u0627\u0626\u0642\" \/>\n<script type=\"application\/ld+json\" class=\"yoast-schema-graph\">{\"@context\":\"https:\\\/\\\/schema.org\",\"@graph\":[{\"@type\":\"Article\",\"@id\":\"https:\\\/\\\/lequotidien.mr\\\/?p=30981&lang=fr#article\",\"isPartOf\":{\"@id\":\"https:\\\/\\\/lequotidien.mr\\\/?p=30981&lang=fr\"},\"author\":{\"name\":\"Med Ahmed\",\"@id\":\"https:\\\/\\\/lequotidien.mr\\\/#\\\/schema\\\/person\\\/d2d350202a4d599685ed8abc25f97596\"},\"headline\":\"Agenda primature : Une journ\u00e9e d\u00e9di\u00e9e au renforcement de la coop\u00e9ration et \u00e0 l\u2019am\u00e9lioration de la gouvernance \u00e9conomique\",\"datePublished\":\"2025-09-16T13:18:07+00:00\",\"mainEntityOfPage\":{\"@id\":\"https:\\\/\\\/lequotidien.mr\\\/?p=30981&lang=fr\"},\"wordCount\":512,\"commentCount\":0,\"publisher\":{\"@id\":\"https:\\\/\\\/lequotidien.mr\\\/#organization\"},\"image\":{\"@id\":\"https:\\\/\\\/lequotidien.mr\\\/?p=30981&lang=fr#primaryimage\"},\"thumbnailUrl\":\"https:\\\/\\\/lequotidien.mr\\\/wp-content\\\/uploads\\\/2025\\\/09\\\/photo-PM-PDG-Fds-saoudien.jpg\",\"articleSection\":[\"ACTUALIT\u00c9\",\"Economie\"],\"inLanguage\":\"ar\",\"potentialAction\":[{\"@type\":\"CommentAction\",\"name\":\"Comment\",\"target\":[\"https:\\\/\\\/lequotidien.mr\\\/?p=30981&lang=fr#respond\"]}]},{\"@type\":\"WebPage\",\"@id\":\"https:\\\/\\\/lequotidien.mr\\\/?p=30981&lang=fr\",\"url\":\"https:\\\/\\\/lequotidien.mr\\\/?p=30981&lang=fr\",\"name\":\"Agenda primature : Une journ\u00e9e d\u00e9di\u00e9e au renforcement de la coop\u00e9ration et \u00e0 l\u2019am\u00e9lioration de la gouvernance \u00e9conomique - Le Quotidien de Nouakchott\",\"isPartOf\":{\"@id\":\"https:\\\/\\\/lequotidien.mr\\\/#website\"},\"primaryImageOfPage\":{\"@id\":\"https:\\\/\\\/lequotidien.mr\\\/?p=30981&lang=fr#primaryimage\"},\"image\":{\"@id\":\"https:\\\/\\\/lequotidien.mr\\\/?p=30981&lang=fr#primaryimage\"},\"thumbnailUrl\":\"https:\\\/\\\/lequotidien.mr\\\/wp-content\\\/uploads\\\/2025\\\/09\\\/photo-PM-PDG-Fds-saoudien.jpg\",\"datePublished\":\"2025-09-16T13:18:07+00:00\",\"breadcrumb\":{\"@id\":\"https:\\\/\\\/lequotidien.mr\\\/?p=30981&lang=fr#breadcrumb\"},\"inLanguage\":\"ar\",\"potentialAction\":[{\"@type\":\"ReadAction\",\"target\":[\"https:\\\/\\\/lequotidien.mr\\\/?p=30981&lang=fr\"]}]},{\"@type\":\"ImageObject\",\"inLanguage\":\"ar\",\"@id\":\"https:\\\/\\\/lequotidien.mr\\\/?p=30981&lang=fr#primaryimage\",\"url\":\"https:\\\/\\\/lequotidien.mr\\\/wp-content\\\/uploads\\\/2025\\\/09\\\/photo-PM-PDG-Fds-saoudien.jpg\",\"contentUrl\":\"https:\\\/\\\/lequotidien.mr\\\/wp-content\\\/uploads\\\/2025\\\/09\\\/photo-PM-PDG-Fds-saoudien.jpg\",\"width\":750,\"height\":430},{\"@type\":\"BreadcrumbList\",\"@id\":\"https:\\\/\\\/lequotidien.mr\\\/?p=30981&lang=fr#breadcrumb\",\"itemListElement\":[{\"@type\":\"ListItem\",\"position\":1,\"name\":\"Home\",\"item\":\"https:\\\/\\\/lequotidien.mr\\\/\"},{\"@type\":\"ListItem\",\"position\":2,\"name\":\"Agenda primature : Une journ\u00e9e d\u00e9di\u00e9e au renforcement de la coop\u00e9ration et \u00e0 l\u2019am\u00e9lioration de la gouvernance \u00e9conomique\"}]},{\"@type\":\"WebSite\",\"@id\":\"https:\\\/\\\/lequotidien.mr\\\/#website\",\"url\":\"https:\\\/\\\/lequotidien.mr\\\/\",\"name\":\"Le Quotidien de Nouakchott\",\"description\":\"\u0625\u062e\u0628\u0627\u0631\u064a\u0629 \u0645\u0633\u062a\u0642\u0644\u0629 \u0644\u0644\u0623\u0646\u0628\u0627\u0621 \u0627\u0644\u0639\u0627\u0645\u0629\",\"publisher\":{\"@id\":\"https:\\\/\\\/lequotidien.mr\\\/#organization\"},\"potentialAction\":[{\"@type\":\"SearchAction\",\"target\":{\"@type\":\"EntryPoint\",\"urlTemplate\":\"https:\\\/\\\/lequotidien.mr\\\/?s={search_term_string}\"},\"query-input\":{\"@type\":\"PropertyValueSpecification\",\"valueRequired\":true,\"valueName\":\"search_term_string\"}}],\"inLanguage\":\"ar\"},{\"@type\":\"Organization\",\"@id\":\"https:\\\/\\\/lequotidien.mr\\\/#organization\",\"name\":\"Le Quotidien de Nouakchott\",\"url\":\"https:\\\/\\\/lequotidien.mr\\\/\",\"logo\":{\"@type\":\"ImageObject\",\"inLanguage\":\"ar\",\"@id\":\"https:\\\/\\\/lequotidien.mr\\\/#\\\/schema\\\/logo\\\/image\\\/\",\"url\":\"https:\\\/\\\/lequotidien.mr\\\/wp-content\\\/uploads\\\/2022\\\/11\\\/logolequotidien.jpg\",\"contentUrl\":\"https:\\\/\\\/lequotidien.mr\\\/wp-content\\\/uploads\\\/2022\\\/11\\\/logolequotidien.jpg\",\"width\":290,\"height\":65,\"caption\":\"Le Quotidien de Nouakchott\"},\"image\":{\"@id\":\"https:\\\/\\\/lequotidien.mr\\\/#\\\/schema\\\/logo\\\/image\\\/\"},\"sameAs\":[\"https:\\\/\\\/web.facebook.com\\\/lequotidienmr\",\"https:\\\/\\\/x.com\\\/lequotidienmr\"]},{\"@type\":\"Person\",\"@id\":\"https:\\\/\\\/lequotidien.mr\\\/#\\\/schema\\\/person\\\/d2d350202a4d599685ed8abc25f97596\",\"name\":\"Med Ahmed\",\"image\":{\"@type\":\"ImageObject\",\"inLanguage\":\"ar\",\"@id\":\"https:\\\/\\\/secure.gravatar.com\\\/avatar\\\/fd2acc62ed50732923d1d39c17172c9b04149f142be92310ecc69e1358f94b52?s=96&d=mm&r=g\",\"url\":\"https:\\\/\\\/secure.gravatar.com\\\/avatar\\\/fd2acc62ed50732923d1d39c17172c9b04149f142be92310ecc69e1358f94b52?s=96&d=mm&r=g\",\"contentUrl\":\"https:\\\/\\\/secure.gravatar.com\\\/avatar\\\/fd2acc62ed50732923d1d39c17172c9b04149f142be92310ecc69e1358f94b52?s=96&d=mm&r=g\",\"caption\":\"Med Ahmed\"},\"url\":\"https:\\\/\\\/lequotidien.mr\\\/?author=12\"}]}<\/script>\n<!-- \/ Yoast SEO plugin. -->","yoast_head_json":{"title":"Agenda primature : Une journ\u00e9e d\u00e9di\u00e9e au renforcement de la coop\u00e9ration et \u00e0 l\u2019am\u00e9lioration de la gouvernance \u00e9conomique - Le Quotidien de Nouakchott","robots":{"index":"index","follow":"follow","max-snippet":"max-snippet:-1","max-image-preview":"max-image-preview:large","max-video-preview":"max-video-preview:-1"},"canonical":"https:\/\/lequotidien.mr\/?p=30981&lang=fr","og_locale":"ar_AR","og_type":"article","og_title":"Agenda primature : Une journ\u00e9e d\u00e9di\u00e9e au renforcement de la coop\u00e9ration et \u00e0 l\u2019am\u00e9lioration de la gouvernance \u00e9conomique - Le Quotidien de Nouakchott","og_description":"Le Premier ministre, M. Moctar Diay, a accord\u00e9, hier \u00e0 la Primature, une audience de travail \u00e0 M. Sultan bin Abdul Rahman Al-Marshad, Directeur G\u00e9n\u00e9ral du Fonds saoudien pour le d\u00e9veloppement, accompagn\u00e9 d\u2019une importante d\u00e9l\u00e9gation de son institution. Cette rencontre, ax\u00e9e sur le renforcement des liens de coop\u00e9ration, s\u2019est d\u00e9roul\u00e9e en pr\u00e9sence du ministre de.....","og_url":"https:\/\/lequotidien.mr\/?p=30981&lang=fr","og_site_name":"Le Quotidien de Nouakchott","article_publisher":"https:\/\/web.facebook.com\/lequotidienmr","article_published_time":"2025-09-16T13:18:07+00:00","og_image":[{"width":750,"height":430,"url":"https:\/\/lequotidien.mr\/wp-content\/uploads\/2025\/09\/photo-PM-PDG-Fds-saoudien.jpg","type":"image\/jpeg"}],"author":"Med Ahmed","twitter_card":"summary_large_image","twitter_creator":"@lequotidienmr","twitter_site":"@lequotidienmr","twitter_misc":{"\u0643\u064f\u062a\u0628 \u0628\u0648\u0627\u0633\u0637\u0629":"Med Ahmed","\u0648\u0642\u062a \u0627\u0644\u0642\u0631\u0627\u0621\u0629 \u0627\u0644\u0645\u064f\u0642\u062f\u0651\u0631":"4 \u062f\u0642\u0627\u0626\u0642"},"schema":{"@context":"https:\/\/schema.org","@graph":[{"@type":"Article","@id":"https:\/\/lequotidien.mr\/?p=30981&lang=fr#article","isPartOf":{"@id":"https:\/\/lequotidien.mr\/?p=30981&lang=fr"},"author":{"name":"Med Ahmed","@id":"https:\/\/lequotidien.mr\/#\/schema\/person\/d2d350202a4d599685ed8abc25f97596"},"headline":"Agenda primature : Une journ\u00e9e d\u00e9di\u00e9e au renforcement de la coop\u00e9ration et \u00e0 l\u2019am\u00e9lioration de la gouvernance \u00e9conomique","datePublished":"2025-09-16T13:18:07+00:00","mainEntityOfPage":{"@id":"https:\/\/lequotidien.mr\/?p=30981&lang=fr"},"wordCount":512,"commentCount":0,"publisher":{"@id":"https:\/\/lequotidien.mr\/#organization"},"image":{"@id":"https:\/\/lequotidien.mr\/?p=30981&lang=fr#primaryimage"},"thumbnailUrl":"https:\/\/lequotidien.mr\/wp-content\/uploads\/2025\/09\/photo-PM-PDG-Fds-saoudien.jpg","articleSection":["ACTUALIT\u00c9","Economie"],"inLanguage":"ar","potentialAction":[{"@type":"CommentAction","name":"Comment","target":["https:\/\/lequotidien.mr\/?p=30981&lang=fr#respond"]}]},{"@type":"WebPage","@id":"https:\/\/lequotidien.mr\/?p=30981&lang=fr","url":"https:\/\/lequotidien.mr\/?p=30981&lang=fr","name":"Agenda primature : Une journ\u00e9e d\u00e9di\u00e9e au renforcement de la coop\u00e9ration et \u00e0 l\u2019am\u00e9lioration de la gouvernance \u00e9conomique - Le Quotidien de Nouakchott","isPartOf":{"@id":"https:\/\/lequotidien.mr\/#website"},"primaryImageOfPage":{"@id":"https:\/\/lequotidien.mr\/?p=30981&lang=fr#primaryimage"},"image":{"@id":"https:\/\/lequotidien.mr\/?p=30981&lang=fr#primaryimage"},"thumbnailUrl":"https:\/\/lequotidien.mr\/wp-content\/uploads\/2025\/09\/photo-PM-PDG-Fds-saoudien.jpg","datePublished":"2025-09-16T13:18:07+00:00","breadcrumb":{"@id":"https:\/\/lequotidien.mr\/?p=30981&lang=fr#breadcrumb"},"inLanguage":"ar","potentialAction":[{"@type":"ReadAction","target":["https:\/\/lequotidien.mr\/?p=30981&lang=fr"]}]},{"@type":"ImageObject","inLanguage":"ar","@id":"https:\/\/lequotidien.mr\/?p=30981&lang=fr#primaryimage","url":"https:\/\/lequotidien.mr\/wp-content\/uploads\/2025\/09\/photo-PM-PDG-Fds-saoudien.jpg","contentUrl":"https:\/\/lequotidien.mr\/wp-content\/uploads\/2025\/09\/photo-PM-PDG-Fds-saoudien.jpg","width":750,"height":430},{"@type":"BreadcrumbList","@id":"https:\/\/lequotidien.mr\/?p=30981&lang=fr#breadcrumb","itemListElement":[{"@type":"ListItem","position":1,"name":"Home","item":"https:\/\/lequotidien.mr\/"},{"@type":"ListItem","position":2,"name":"Agenda primature : Une journ\u00e9e d\u00e9di\u00e9e au renforcement de la coop\u00e9ration et \u00e0 l\u2019am\u00e9lioration de la gouvernance \u00e9conomique"}]},{"@type":"WebSite","@id":"https:\/\/lequotidien.mr\/#website","url":"https:\/\/lequotidien.mr\/","name":"Le Quotidien de Nouakchott","description":"\u0625\u062e\u0628\u0627\u0631\u064a\u0629 \u0645\u0633\u062a\u0642\u0644\u0629 \u0644\u0644\u0623\u0646\u0628\u0627\u0621 \u0627\u0644\u0639\u0627\u0645\u0629","publisher":{"@id":"https:\/\/lequotidien.mr\/#organization"},"potentialAction":[{"@type":"SearchAction","target":{"@type":"EntryPoint","urlTemplate":"https:\/\/lequotidien.mr\/?s={search_term_string}"},"query-input":{"@type":"PropertyValueSpecification","valueRequired":true,"valueName":"search_term_string"}}],"inLanguage":"ar"},{"@type":"Organization","@id":"https:\/\/lequotidien.mr\/#organization","name":"Le Quotidien de Nouakchott","url":"https:\/\/lequotidien.mr\/","logo":{"@type":"ImageObject","inLanguage":"ar","@id":"https:\/\/lequotidien.mr\/#\/schema\/logo\/image\/","url":"https:\/\/lequotidien.mr\/wp-content\/uploads\/2022\/11\/logolequotidien.jpg","contentUrl":"https:\/\/lequotidien.mr\/wp-content\/uploads\/2022\/11\/logolequotidien.jpg","width":290,"height":65,"caption":"Le Quotidien de Nouakchott"},"image":{"@id":"https:\/\/lequotidien.mr\/#\/schema\/logo\/image\/"},"sameAs":["https:\/\/web.facebook.com\/lequotidienmr","https:\/\/x.com\/lequotidienmr"]},{"@type":"Person","@id":"https:\/\/lequotidien.mr\/#\/schema\/person\/d2d350202a4d599685ed8abc25f97596","name":"Med Ahmed","image":{"@type":"ImageObject","inLanguage":"ar","@id":"https:\/\/secure.gravatar.com\/avatar\/fd2acc62ed50732923d1d39c17172c9b04149f142be92310ecc69e1358f94b52?s=96&d=mm&r=g","url":"https:\/\/secure.gravatar.com\/avatar\/fd2acc62ed50732923d1d39c17172c9b04149f142be92310ecc69e1358f94b52?s=96&d=mm&r=g","contentUrl":"https:\/\/secure.gravatar.com\/avatar\/fd2acc62ed50732923d1d39c17172c9b04149f142be92310ecc69e1358f94b52?s=96&d=mm&r=g","caption":"Med Ahmed"},"url":"https:\/\/lequotidien.mr\/?author=12"}]}},"_links":{"self":[{"href":"https:\/\/lequotidien.mr\/index.php?rest_route=\/wp\/v2\/posts\/30981","targetHints":{"allow":["GET"]}}],"collection":[{"href":"https:\/\/lequotidien.mr\/index.php?rest_route=\/wp\/v2\/posts"}],"about":[{"href":"https:\/\/lequotidien.mr\/index.php?rest_route=\/wp\/v2\/types\/post"}],"author":[{"embeddable":true,"href":"https:\/\/lequotidien.mr\/index.php?rest_route=\/wp\/v2\/users\/12"}],"replies":[{"embeddable":true,"href":"https:\/\/lequotidien.mr\/index.php?rest_route=%2Fwp%2Fv2%2Fcomments&post=30981"}],"version-history":[{"count":1,"href":"https:\/\/lequotidien.mr\/index.php?rest_route=\/wp\/v2\/posts\/30981\/revisions"}],"predecessor-version":[{"id":30985,"href":"https:\/\/lequotidien.mr\/index.php?rest_route=\/wp\/v2\/posts\/30981\/revisions\/30985"}],"wp:featuredmedia":[{"embeddable":true,"href":"https:\/\/lequotidien.mr\/index.php?rest_route=\/wp\/v2\/media\/30984"}],"wp:attachment":[{"href":"https:\/\/lequotidien.mr\/index.php?rest_route=%2Fwp%2Fv2%2Fmedia&parent=30981"}],"wp:term":[{"taxonomy":"category","embeddable":true,"href":"https:\/\/lequotidien.mr\/index.php?rest_route=%2Fwp%2Fv2%2Fcategories&post=30981"},{"taxonomy":"post_tag","embeddable":true,"href":"https:\/\/lequotidien.mr\/index.php?rest_route=%2Fwp%2Fv2%2Ftags&post=30981"}],"curies":[{"name":"wp","href":"https:\/\/api.w.org\/{rel}","templated":true}]}}