{"id":30935,"date":"2025-09-14T18:06:37","date_gmt":"2025-09-14T18:06:37","guid":{"rendered":"https:\/\/lequotidien.mr\/?p=30935"},"modified":"2025-09-14T18:06:37","modified_gmt":"2025-09-14T18:06:37","slug":"programme-durgence-pour-le-developpement-de-nouakchott-la-ministre-de-lenvironnement-inspecte-les-realisations-de-la-composante-environnement","status":"publish","type":"post","link":"https:\/\/lequotidien.mr\/?p=30935&lang=fr","title":{"rendered":"Programme d\u2019urgence pour le d\u00e9veloppement de Nouakchott : La Ministre de l\u2019Environnement inspecte les r\u00e9alisations de la composante environnement"},"content":{"rendered":"<p>La <strong>Ministre de l\u2019Environnement et du D\u00e9veloppement Durable, Mme Messouda Mint Baham Mohamed Laghdaf<\/strong>, a effectu\u00e9 ce samedi une visite d\u2019inspection de grande envergure pour constater l\u2019avancement de la composante environnementale du programme d\u2019urgence pour le d\u00e9veloppement de la ville de Nouakchott.<\/p>\n<p><strong style=\"font-weight: inherit;\">Un tour d&#8217;horizon des nouvelles r\u00e9alisations vertes<\/strong><\/p>\n<p>La tourn\u00e9e minist\u00e9rielle a couvert les trois wilayas de la capitale, passant en revue un \u00e9chantillon repr\u00e9sentatif des nouveaux espaces verts et axes plant\u00e9s. Dans le sud de Nouakchott, la Ministre a inspect\u00e9 une place publique de repos dans la municipalit\u00e9 d\u2019El Mina, am\u00e9nag\u00e9e avec des arbres d\u2019ombrage et d\u2019ornement r\u00e9sistants \u00e0 la salinit\u00e9. Elle s\u2019est \u00e9galement rendue au carrefour de Bamako (district de Riyad), o\u00f9 la rue principale a \u00e9t\u00e9 bord\u00e9e de plantations sur une longueur de 20 kilom\u00e8tres.<\/p>\n<p>Dans le nord de la capitale, la d\u00e9l\u00e9gation a visit\u00e9 la place de Toujounine, d\u2019une superficie de 1500 m\u00e8tres carr\u00e9s et \u00e9quip\u00e9e de moyens de repos, ainsi que la cour du centre d\u2019accueil des citoyens \u00e0 Dar Naim. \u00c0 l\u2019ouest, les visites ont port\u00e9 sur une aire de repos \u00e0 Tevragh Zeina et sur l\u2019axe de l\u2019Universit\u00e9 de Nouakchott, o\u00f9 700 jeunes arbres sont en cours de plantation des deux c\u00f4t\u00e9s de la route sur 14 km, dans le cadre de la Semaine Nationale de l\u2019Arbre.<\/p>\n<p><strong style=\"font-weight: inherit;\">Un programme structur\u00e9 en trois axes majeurs<\/strong><\/p>\n<p>Lors des diff\u00e9rentes \u00e9tapes, le coordinateur de la composante environnementale, M. Sidi Mohamed Wafi, a pr\u00e9sent\u00e9 des explications techniques d\u00e9taill\u00e9es. Il a pr\u00e9cis\u00e9 que le programme s\u2019articule autour de trois axes principaux :<\/p>\n<p><strong>&#8211;<\/strong>L\u2019\u00e9tude d\u2019impact environnemental du mar\u00e9cage de l\u2019Universit\u00e9 et la construction d&#8217;une grande aire de repos dans la ceinture verte\u00a0;<\/p>\n<p><strong>&#8211;<\/strong>La plantation et l\u2019am\u00e9nagement concret : six espaces publics, 12 axes routiers sur 84 km, et l\u2019embellissement de 27 installations publiques.<\/p>\n<p><strong>&#8211;<\/strong>Un axe d\u00e9di\u00e9 \u00e0 la r\u00e9duction de la pollution.<\/p>\n<p><strong style=\"font-weight: inherit;\">Satisfaction minist\u00e9rielle face \u00e0 des d\u00e9fis relev\u00e9s<\/strong><\/p>\n<p>\u00c0 l\u2019issue de sa visite, la Ministre s\u2019est dite satisfaite des progr\u00e8s accomplis, saluant les efforts des entreprises qui ont <strong><em>\u00ab r\u00e9ussi \u00e0 ex\u00e9cuter les travaux de mani\u00e8re rigoureuse \u00bb<\/em><\/strong> malgr\u00e9 des obstacles de taille. Elle a notamment point\u00e9 la qualit\u00e9 du sol, \u00e0 forte salinit\u00e9, et la difficult\u00e9 d\u2019obtenir des plantes adapt\u00e9es, ainsi que le manque de places publiques disponibles et le d\u00e9fi de la conscience civique pour la pr\u00e9servation des arbres.<\/p>\n<p>Mme Laghdaf a mis en avant le succ\u00e8s de la plantation de\u00a0<strong>14 000 jeunes arbres<\/strong>\u00a0sur 100 kilom\u00e8tres d\u2019axes principaux, transformant d\u2019anciennes d\u00e9charges en <strong><em>\u00ab poumons verts \u00bb<\/em><\/strong> pour la population.<\/p>\n<p><strong style=\"font-weight: inherit;\">Un investissement \u00e9tatique et un appel \u00e0 la mobilisation collective<\/strong><\/p>\n<p>Rappelant l\u2019enveloppe financi\u00e8re substantielle de\u00a0<strong>167 millions de nougougies<\/strong>\u00a0allou\u00e9e par l\u2019\u00c9tat \u00e0 ce projet, la Ministre a r\u00e9it\u00e9r\u00e9 l\u2019appel du Pr\u00e9sident de la R\u00e9publique, M. Mohamed Cheikh El Ghazouani, lanc\u00e9 lors de la Semaine Nationale de l\u2019Arbre. Elle a soulign\u00e9 le r\u00f4le central que doivent jouer les \u00e9lus, les conseils r\u00e9gionaux, les organisations de jeunesse et la soci\u00e9t\u00e9 civile pour <strong><em>\u00ab pr\u00e9server l\u2019arbre et garantir la s\u00e9curit\u00e9 de l\u2019environnement \u00bb<\/em><\/strong>, assurant ainsi la p\u00e9rennit\u00e9 des investissements consentis par la nation.<\/p>\n<p>Cette visite souligne la volont\u00e9 des autorit\u00e9s de faire de l&#8217;environnement et du cadre de vie une priorit\u00e9 absolue dans le d\u00e9veloppement urbain de Nouakchott.<\/p>\n<h1><\/h1>\n","protected":false},"excerpt":{"rendered":"<p>La Ministre de l\u2019Environnement et du D\u00e9veloppement Durable, Mme Messouda Mint Baham Mohamed Laghdaf, a effectu\u00e9 ce samedi une visite d\u2019inspection de grande envergure pour constater l\u2019avancement de la composante environnementale du programme d\u2019urgence pour le d\u00e9veloppement de la ville de Nouakchott. Un tour d&#8217;horizon des nouvelles r\u00e9alisations vertes La tourn\u00e9e minist\u00e9rielle a couvert les&#8230;..<\/p>\n","protected":false},"author":12,"featured_media":30936,"comment_status":"open","ping_status":"open","sticky":false,"template":"","format":"standard","meta":{"footnotes":""},"categories":[23,49],"tags":[],"class_list":["post-30935","post","type-post","status-publish","format-standard","has-post-thumbnail","hentry","category-actualite","category-economie"],"yoast_head":"<!-- This site is optimized with the Yoast SEO plugin v27.5 - https:\/\/yoast.com\/product\/yoast-seo-wordpress\/ -->\n<title>Programme d\u2019urgence pour le d\u00e9veloppement de Nouakchott : La Ministre de l\u2019Environnement inspecte les r\u00e9alisations de la composante environnement - Le Quotidien de Nouakchott<\/title>\n<meta name=\"robots\" content=\"index, follow, max-snippet:-1, max-image-preview:large, max-video-preview:-1\" \/>\n<link rel=\"canonical\" href=\"https:\/\/lequotidien.mr\/?p=30935&lang=fr\" \/>\n<meta property=\"og:locale\" content=\"ar_AR\" \/>\n<meta property=\"og:type\" content=\"article\" \/>\n<meta property=\"og:title\" content=\"Programme d\u2019urgence pour le d\u00e9veloppement de Nouakchott : La Ministre de l\u2019Environnement inspecte les r\u00e9alisations de la composante environnement - Le Quotidien de Nouakchott\" \/>\n<meta property=\"og:description\" content=\"La Ministre de l\u2019Environnement et du D\u00e9veloppement Durable, Mme Messouda Mint Baham Mohamed Laghdaf, a effectu\u00e9 ce samedi une visite d\u2019inspection de grande envergure pour constater l\u2019avancement de la composante environnementale du programme d\u2019urgence pour le d\u00e9veloppement de la ville de Nouakchott. Un tour d&#8217;horizon des nouvelles r\u00e9alisations vertes La tourn\u00e9e minist\u00e9rielle a couvert les.....\" \/>\n<meta property=\"og:url\" content=\"https:\/\/lequotidien.mr\/?p=30935&amp;lang=fr\" \/>\n<meta property=\"og:site_name\" content=\"Le Quotidien de Nouakchott\" \/>\n<meta property=\"article:publisher\" content=\"https:\/\/web.facebook.com\/lequotidienmr\" \/>\n<meta property=\"article:published_time\" content=\"2025-09-14T18:06:37+00:00\" \/>\n<meta property=\"og:image\" content=\"https:\/\/lequotidien.mr\/wp-content\/uploads\/2025\/09\/photo-composte-env-Nkc.jpg\" \/>\n\t<meta property=\"og:image:width\" content=\"750\" \/>\n\t<meta property=\"og:image:height\" content=\"430\" \/>\n\t<meta property=\"og:image:type\" content=\"image\/jpeg\" \/>\n<meta name=\"author\" content=\"Med Ahmed\" \/>\n<meta name=\"twitter:card\" content=\"summary_large_image\" \/>\n<meta name=\"twitter:creator\" content=\"@lequotidienmr\" \/>\n<meta name=\"twitter:site\" content=\"@lequotidienmr\" \/>\n<meta name=\"twitter:label1\" content=\"\u0643\u064f\u062a\u0628 \u0628\u0648\u0627\u0633\u0637\u0629\" \/>\n\t<meta name=\"twitter:data1\" content=\"Med Ahmed\" \/>\n\t<meta name=\"twitter:label2\" content=\"\u0648\u0642\u062a \u0627\u0644\u0642\u0631\u0627\u0621\u0629 \u0627\u0644\u0645\u064f\u0642\u062f\u0651\u0631\" \/>\n\t<meta name=\"twitter:data2\" content=\"4 \u062f\u0642\u0627\u0626\u0642\" \/>\n<script type=\"application\/ld+json\" class=\"yoast-schema-graph\">{\"@context\":\"https:\\\/\\\/schema.org\",\"@graph\":[{\"@type\":\"Article\",\"@id\":\"https:\\\/\\\/lequotidien.mr\\\/?p=30935&lang=fr#article\",\"isPartOf\":{\"@id\":\"https:\\\/\\\/lequotidien.mr\\\/?p=30935&lang=fr\"},\"author\":{\"name\":\"Med Ahmed\",\"@id\":\"https:\\\/\\\/lequotidien.mr\\\/#\\\/schema\\\/person\\\/d2d350202a4d599685ed8abc25f97596\"},\"headline\":\"Programme d\u2019urgence pour le d\u00e9veloppement de Nouakchott : La Ministre de l\u2019Environnement inspecte les r\u00e9alisations de la composante environnement\",\"datePublished\":\"2025-09-14T18:06:37+00:00\",\"mainEntityOfPage\":{\"@id\":\"https:\\\/\\\/lequotidien.mr\\\/?p=30935&lang=fr\"},\"wordCount\":613,\"commentCount\":0,\"publisher\":{\"@id\":\"https:\\\/\\\/lequotidien.mr\\\/#organization\"},\"image\":{\"@id\":\"https:\\\/\\\/lequotidien.mr\\\/?p=30935&lang=fr#primaryimage\"},\"thumbnailUrl\":\"https:\\\/\\\/lequotidien.mr\\\/wp-content\\\/uploads\\\/2025\\\/09\\\/photo-composte-env-Nkc.jpg\",\"articleSection\":[\"ACTUALIT\u00c9\",\"Economie\"],\"inLanguage\":\"ar\",\"potentialAction\":[{\"@type\":\"CommentAction\",\"name\":\"Comment\",\"target\":[\"https:\\\/\\\/lequotidien.mr\\\/?p=30935&lang=fr#respond\"]}]},{\"@type\":\"WebPage\",\"@id\":\"https:\\\/\\\/lequotidien.mr\\\/?p=30935&lang=fr\",\"url\":\"https:\\\/\\\/lequotidien.mr\\\/?p=30935&lang=fr\",\"name\":\"Programme d\u2019urgence pour le d\u00e9veloppement de Nouakchott : La Ministre de l\u2019Environnement inspecte les r\u00e9alisations de la composante environnement - Le Quotidien de Nouakchott\",\"isPartOf\":{\"@id\":\"https:\\\/\\\/lequotidien.mr\\\/#website\"},\"primaryImageOfPage\":{\"@id\":\"https:\\\/\\\/lequotidien.mr\\\/?p=30935&lang=fr#primaryimage\"},\"image\":{\"@id\":\"https:\\\/\\\/lequotidien.mr\\\/?p=30935&lang=fr#primaryimage\"},\"thumbnailUrl\":\"https:\\\/\\\/lequotidien.mr\\\/wp-content\\\/uploads\\\/2025\\\/09\\\/photo-composte-env-Nkc.jpg\",\"datePublished\":\"2025-09-14T18:06:37+00:00\",\"breadcrumb\":{\"@id\":\"https:\\\/\\\/lequotidien.mr\\\/?p=30935&lang=fr#breadcrumb\"},\"inLanguage\":\"ar\",\"potentialAction\":[{\"@type\":\"ReadAction\",\"target\":[\"https:\\\/\\\/lequotidien.mr\\\/?p=30935&lang=fr\"]}]},{\"@type\":\"ImageObject\",\"inLanguage\":\"ar\",\"@id\":\"https:\\\/\\\/lequotidien.mr\\\/?p=30935&lang=fr#primaryimage\",\"url\":\"https:\\\/\\\/lequotidien.mr\\\/wp-content\\\/uploads\\\/2025\\\/09\\\/photo-composte-env-Nkc.jpg\",\"contentUrl\":\"https:\\\/\\\/lequotidien.mr\\\/wp-content\\\/uploads\\\/2025\\\/09\\\/photo-composte-env-Nkc.jpg\",\"width\":750,\"height\":430},{\"@type\":\"BreadcrumbList\",\"@id\":\"https:\\\/\\\/lequotidien.mr\\\/?p=30935&lang=fr#breadcrumb\",\"itemListElement\":[{\"@type\":\"ListItem\",\"position\":1,\"name\":\"Home\",\"item\":\"https:\\\/\\\/lequotidien.mr\\\/\"},{\"@type\":\"ListItem\",\"position\":2,\"name\":\"Programme d\u2019urgence pour le d\u00e9veloppement de Nouakchott : La Ministre de l\u2019Environnement inspecte les r\u00e9alisations de la composante environnement\"}]},{\"@type\":\"WebSite\",\"@id\":\"https:\\\/\\\/lequotidien.mr\\\/#website\",\"url\":\"https:\\\/\\\/lequotidien.mr\\\/\",\"name\":\"Le Quotidien de Nouakchott\",\"description\":\"\u0625\u062e\u0628\u0627\u0631\u064a\u0629 \u0645\u0633\u062a\u0642\u0644\u0629 \u0644\u0644\u0623\u0646\u0628\u0627\u0621 \u0627\u0644\u0639\u0627\u0645\u0629\",\"publisher\":{\"@id\":\"https:\\\/\\\/lequotidien.mr\\\/#organization\"},\"potentialAction\":[{\"@type\":\"SearchAction\",\"target\":{\"@type\":\"EntryPoint\",\"urlTemplate\":\"https:\\\/\\\/lequotidien.mr\\\/?s={search_term_string}\"},\"query-input\":{\"@type\":\"PropertyValueSpecification\",\"valueRequired\":true,\"valueName\":\"search_term_string\"}}],\"inLanguage\":\"ar\"},{\"@type\":\"Organization\",\"@id\":\"https:\\\/\\\/lequotidien.mr\\\/#organization\",\"name\":\"Le Quotidien de Nouakchott\",\"url\":\"https:\\\/\\\/lequotidien.mr\\\/\",\"logo\":{\"@type\":\"ImageObject\",\"inLanguage\":\"ar\",\"@id\":\"https:\\\/\\\/lequotidien.mr\\\/#\\\/schema\\\/logo\\\/image\\\/\",\"url\":\"https:\\\/\\\/lequotidien.mr\\\/wp-content\\\/uploads\\\/2022\\\/11\\\/logolequotidien.jpg\",\"contentUrl\":\"https:\\\/\\\/lequotidien.mr\\\/wp-content\\\/uploads\\\/2022\\\/11\\\/logolequotidien.jpg\",\"width\":290,\"height\":65,\"caption\":\"Le Quotidien de Nouakchott\"},\"image\":{\"@id\":\"https:\\\/\\\/lequotidien.mr\\\/#\\\/schema\\\/logo\\\/image\\\/\"},\"sameAs\":[\"https:\\\/\\\/web.facebook.com\\\/lequotidienmr\",\"https:\\\/\\\/x.com\\\/lequotidienmr\"]},{\"@type\":\"Person\",\"@id\":\"https:\\\/\\\/lequotidien.mr\\\/#\\\/schema\\\/person\\\/d2d350202a4d599685ed8abc25f97596\",\"name\":\"Med Ahmed\",\"image\":{\"@type\":\"ImageObject\",\"inLanguage\":\"ar\",\"@id\":\"https:\\\/\\\/secure.gravatar.com\\\/avatar\\\/fd2acc62ed50732923d1d39c17172c9b04149f142be92310ecc69e1358f94b52?s=96&d=mm&r=g\",\"url\":\"https:\\\/\\\/secure.gravatar.com\\\/avatar\\\/fd2acc62ed50732923d1d39c17172c9b04149f142be92310ecc69e1358f94b52?s=96&d=mm&r=g\",\"contentUrl\":\"https:\\\/\\\/secure.gravatar.com\\\/avatar\\\/fd2acc62ed50732923d1d39c17172c9b04149f142be92310ecc69e1358f94b52?s=96&d=mm&r=g\",\"caption\":\"Med Ahmed\"},\"url\":\"https:\\\/\\\/lequotidien.mr\\\/?author=12\"}]}<\/script>\n<!-- \/ Yoast SEO plugin. -->","yoast_head_json":{"title":"Programme d\u2019urgence pour le d\u00e9veloppement de Nouakchott : La Ministre de l\u2019Environnement inspecte les r\u00e9alisations de la composante environnement - Le Quotidien de Nouakchott","robots":{"index":"index","follow":"follow","max-snippet":"max-snippet:-1","max-image-preview":"max-image-preview:large","max-video-preview":"max-video-preview:-1"},"canonical":"https:\/\/lequotidien.mr\/?p=30935&lang=fr","og_locale":"ar_AR","og_type":"article","og_title":"Programme d\u2019urgence pour le d\u00e9veloppement de Nouakchott : La Ministre de l\u2019Environnement inspecte les r\u00e9alisations de la composante environnement - Le Quotidien de Nouakchott","og_description":"La Ministre de l\u2019Environnement et du D\u00e9veloppement Durable, Mme Messouda Mint Baham Mohamed Laghdaf, a effectu\u00e9 ce samedi une visite d\u2019inspection de grande envergure pour constater l\u2019avancement de la composante environnementale du programme d\u2019urgence pour le d\u00e9veloppement de la ville de Nouakchott. Un tour d&#8217;horizon des nouvelles r\u00e9alisations vertes La tourn\u00e9e minist\u00e9rielle a couvert les.....","og_url":"https:\/\/lequotidien.mr\/?p=30935&lang=fr","og_site_name":"Le Quotidien de Nouakchott","article_publisher":"https:\/\/web.facebook.com\/lequotidienmr","article_published_time":"2025-09-14T18:06:37+00:00","og_image":[{"width":750,"height":430,"url":"https:\/\/lequotidien.mr\/wp-content\/uploads\/2025\/09\/photo-composte-env-Nkc.jpg","type":"image\/jpeg"}],"author":"Med Ahmed","twitter_card":"summary_large_image","twitter_creator":"@lequotidienmr","twitter_site":"@lequotidienmr","twitter_misc":{"\u0643\u064f\u062a\u0628 \u0628\u0648\u0627\u0633\u0637\u0629":"Med Ahmed","\u0648\u0642\u062a \u0627\u0644\u0642\u0631\u0627\u0621\u0629 \u0627\u0644\u0645\u064f\u0642\u062f\u0651\u0631":"4 \u062f\u0642\u0627\u0626\u0642"},"schema":{"@context":"https:\/\/schema.org","@graph":[{"@type":"Article","@id":"https:\/\/lequotidien.mr\/?p=30935&lang=fr#article","isPartOf":{"@id":"https:\/\/lequotidien.mr\/?p=30935&lang=fr"},"author":{"name":"Med Ahmed","@id":"https:\/\/lequotidien.mr\/#\/schema\/person\/d2d350202a4d599685ed8abc25f97596"},"headline":"Programme d\u2019urgence pour le d\u00e9veloppement de Nouakchott : La Ministre de l\u2019Environnement inspecte les r\u00e9alisations de la composante environnement","datePublished":"2025-09-14T18:06:37+00:00","mainEntityOfPage":{"@id":"https:\/\/lequotidien.mr\/?p=30935&lang=fr"},"wordCount":613,"commentCount":0,"publisher":{"@id":"https:\/\/lequotidien.mr\/#organization"},"image":{"@id":"https:\/\/lequotidien.mr\/?p=30935&lang=fr#primaryimage"},"thumbnailUrl":"https:\/\/lequotidien.mr\/wp-content\/uploads\/2025\/09\/photo-composte-env-Nkc.jpg","articleSection":["ACTUALIT\u00c9","Economie"],"inLanguage":"ar","potentialAction":[{"@type":"CommentAction","name":"Comment","target":["https:\/\/lequotidien.mr\/?p=30935&lang=fr#respond"]}]},{"@type":"WebPage","@id":"https:\/\/lequotidien.mr\/?p=30935&lang=fr","url":"https:\/\/lequotidien.mr\/?p=30935&lang=fr","name":"Programme d\u2019urgence pour le d\u00e9veloppement de Nouakchott : La Ministre de l\u2019Environnement inspecte les r\u00e9alisations de la composante environnement - Le Quotidien de Nouakchott","isPartOf":{"@id":"https:\/\/lequotidien.mr\/#website"},"primaryImageOfPage":{"@id":"https:\/\/lequotidien.mr\/?p=30935&lang=fr#primaryimage"},"image":{"@id":"https:\/\/lequotidien.mr\/?p=30935&lang=fr#primaryimage"},"thumbnailUrl":"https:\/\/lequotidien.mr\/wp-content\/uploads\/2025\/09\/photo-composte-env-Nkc.jpg","datePublished":"2025-09-14T18:06:37+00:00","breadcrumb":{"@id":"https:\/\/lequotidien.mr\/?p=30935&lang=fr#breadcrumb"},"inLanguage":"ar","potentialAction":[{"@type":"ReadAction","target":["https:\/\/lequotidien.mr\/?p=30935&lang=fr"]}]},{"@type":"ImageObject","inLanguage":"ar","@id":"https:\/\/lequotidien.mr\/?p=30935&lang=fr#primaryimage","url":"https:\/\/lequotidien.mr\/wp-content\/uploads\/2025\/09\/photo-composte-env-Nkc.jpg","contentUrl":"https:\/\/lequotidien.mr\/wp-content\/uploads\/2025\/09\/photo-composte-env-Nkc.jpg","width":750,"height":430},{"@type":"BreadcrumbList","@id":"https:\/\/lequotidien.mr\/?p=30935&lang=fr#breadcrumb","itemListElement":[{"@type":"ListItem","position":1,"name":"Home","item":"https:\/\/lequotidien.mr\/"},{"@type":"ListItem","position":2,"name":"Programme d\u2019urgence pour le d\u00e9veloppement de Nouakchott : La Ministre de l\u2019Environnement inspecte les r\u00e9alisations de la composante environnement"}]},{"@type":"WebSite","@id":"https:\/\/lequotidien.mr\/#website","url":"https:\/\/lequotidien.mr\/","name":"Le Quotidien de Nouakchott","description":"\u0625\u062e\u0628\u0627\u0631\u064a\u0629 \u0645\u0633\u062a\u0642\u0644\u0629 \u0644\u0644\u0623\u0646\u0628\u0627\u0621 \u0627\u0644\u0639\u0627\u0645\u0629","publisher":{"@id":"https:\/\/lequotidien.mr\/#organization"},"potentialAction":[{"@type":"SearchAction","target":{"@type":"EntryPoint","urlTemplate":"https:\/\/lequotidien.mr\/?s={search_term_string}"},"query-input":{"@type":"PropertyValueSpecification","valueRequired":true,"valueName":"search_term_string"}}],"inLanguage":"ar"},{"@type":"Organization","@id":"https:\/\/lequotidien.mr\/#organization","name":"Le Quotidien de Nouakchott","url":"https:\/\/lequotidien.mr\/","logo":{"@type":"ImageObject","inLanguage":"ar","@id":"https:\/\/lequotidien.mr\/#\/schema\/logo\/image\/","url":"https:\/\/lequotidien.mr\/wp-content\/uploads\/2022\/11\/logolequotidien.jpg","contentUrl":"https:\/\/lequotidien.mr\/wp-content\/uploads\/2022\/11\/logolequotidien.jpg","width":290,"height":65,"caption":"Le Quotidien de Nouakchott"},"image":{"@id":"https:\/\/lequotidien.mr\/#\/schema\/logo\/image\/"},"sameAs":["https:\/\/web.facebook.com\/lequotidienmr","https:\/\/x.com\/lequotidienmr"]},{"@type":"Person","@id":"https:\/\/lequotidien.mr\/#\/schema\/person\/d2d350202a4d599685ed8abc25f97596","name":"Med Ahmed","image":{"@type":"ImageObject","inLanguage":"ar","@id":"https:\/\/secure.gravatar.com\/avatar\/fd2acc62ed50732923d1d39c17172c9b04149f142be92310ecc69e1358f94b52?s=96&d=mm&r=g","url":"https:\/\/secure.gravatar.com\/avatar\/fd2acc62ed50732923d1d39c17172c9b04149f142be92310ecc69e1358f94b52?s=96&d=mm&r=g","contentUrl":"https:\/\/secure.gravatar.com\/avatar\/fd2acc62ed50732923d1d39c17172c9b04149f142be92310ecc69e1358f94b52?s=96&d=mm&r=g","caption":"Med Ahmed"},"url":"https:\/\/lequotidien.mr\/?author=12"}]}},"_links":{"self":[{"href":"https:\/\/lequotidien.mr\/index.php?rest_route=\/wp\/v2\/posts\/30935","targetHints":{"allow":["GET"]}}],"collection":[{"href":"https:\/\/lequotidien.mr\/index.php?rest_route=\/wp\/v2\/posts"}],"about":[{"href":"https:\/\/lequotidien.mr\/index.php?rest_route=\/wp\/v2\/types\/post"}],"author":[{"embeddable":true,"href":"https:\/\/lequotidien.mr\/index.php?rest_route=\/wp\/v2\/users\/12"}],"replies":[{"embeddable":true,"href":"https:\/\/lequotidien.mr\/index.php?rest_route=%2Fwp%2Fv2%2Fcomments&post=30935"}],"version-history":[{"count":1,"href":"https:\/\/lequotidien.mr\/index.php?rest_route=\/wp\/v2\/posts\/30935\/revisions"}],"predecessor-version":[{"id":30937,"href":"https:\/\/lequotidien.mr\/index.php?rest_route=\/wp\/v2\/posts\/30935\/revisions\/30937"}],"wp:featuredmedia":[{"embeddable":true,"href":"https:\/\/lequotidien.mr\/index.php?rest_route=\/wp\/v2\/media\/30936"}],"wp:attachment":[{"href":"https:\/\/lequotidien.mr\/index.php?rest_route=%2Fwp%2Fv2%2Fmedia&parent=30935"}],"wp:term":[{"taxonomy":"category","embeddable":true,"href":"https:\/\/lequotidien.mr\/index.php?rest_route=%2Fwp%2Fv2%2Fcategories&post=30935"},{"taxonomy":"post_tag","embeddable":true,"href":"https:\/\/lequotidien.mr\/index.php?rest_route=%2Fwp%2Fv2%2Ftags&post=30935"}],"curies":[{"name":"wp","href":"https:\/\/api.w.org\/{rel}","templated":true}]}}