{"id":30929,"date":"2025-09-14T17:20:06","date_gmt":"2025-09-14T17:20:06","guid":{"rendered":"https:\/\/lequotidien.mr\/?p=30929"},"modified":"2025-09-14T17:20:06","modified_gmt":"2025-09-14T17:20:06","slug":"aioun-le-ministre-meddou-lance-le-championnat-de-tir-a-la-cible-traditionnelle","status":"publish","type":"post","link":"https:\/\/lequotidien.mr\/?p=30929&lang=fr","title":{"rendered":"A\u00efoun : Le Ministre Meddou lance le Championnat de Tir \u00e0 la Cible Traditionnelle"},"content":{"rendered":"<p>Le <strong>ministre de la Culture, des Arts, de la Communication et des Relations avec le Parlement, Porte-parole du Gouvernement, M. El Houssein Meddou<\/strong>, accompagn\u00e9 du <strong>wali du Hodh El Gharbi, M. Ahmed Mamadou Kelly<\/strong>, a pr\u00e9sid\u00e9, vendredi soir, la c\u00e9r\u00e9monie de lancement de la nouvelle \u00e9dition du Championnat de Tir \u00e0 la cible traditionnelle Kharif. L&#8217;\u00e9v\u00e9nement s&#8217;est d\u00e9roul\u00e9 au tout nouveau stand de tir du village d\u2019Abichich, dans la commune de Benouamane (moughataa d\u2019A\u00efoun), en pr\u00e9sence d&#8217;un parterre d&#8217;autorit\u00e9s civiles, militaires et s\u00e9curitaires.<\/p>\n<p><strong>Un lancement sous les auspices des plus hautes autorit\u00e9s<\/strong><\/p>\n<p>La c\u00e9r\u00e9monie d&#8217;ouverture s&#8217;est d\u00e9roul\u00e9e en pr\u00e9sence de personnalit\u00e9s de premier plan, notamment le pr\u00e9sident de la r\u00e9gion du Hodh El Gharbi, le hakem de la moughataa d\u2019A\u00efoun, le maire de la commune de Benouamane, ainsi que des commandants des unit\u00e9s militaires et s\u00e9curitaires de la wilaya. Cette forte repr\u00e9sentation officielle souligne l&#8217;importance accord\u00e9e par les autorit\u00e9s \u00e0 ce sport traditionnel et \u00e0 sa promotion.<\/p>\n<p><strong>Une \u00e9dition dans un contexte particulier<\/strong><\/p>\n<p>Dans son discours d\u2019ouverture, le ministre de la Culture a tenu \u00e0 souligner le caract\u00e8re particulier de cette \u00e9dition. M. El Houssein Meddou a expliqu\u00e9 que le championnat se d\u00e9roulait dans un cadre exceptionnel, marqu\u00e9 non seulement par la beaut\u00e9 naturelle de la ville d\u2019A\u00efoun, mais aussi par l\u2019excellente infrastructure offerte aux comp\u00e9titeurs. Il a mis en avant le <strong><em>\u00ab niveau de pr\u00e9paration offert par l\u2019environnement propice \u00e0 ce tir, suite \u00e0 la g\u00e9n\u00e9reuse construction de ce stand par la r\u00e9gion du Hodh El Gharbi \u00bb.<\/em><\/strong><\/p>\n<p><strong>Le tir traditionnel, un patrimoine noble \u00e0 pr\u00e9server<\/strong><\/p>\n<p>Le ministre a longuement insist\u00e9 sur la valeur patrimoniale de cette discipline. Il a qualifi\u00e9 le tir \u00e0 la cible traditionnelle de <strong><em>\u00ab sport authentique et noble, qui constitue une part importante de notre patrimoine \u00bb<\/em><\/strong>. Le nouveau terrain d&#8217;Abichich est, selon lui, <strong><em>\u00ab une incitation concr\u00e8te \u00bb<\/em><\/strong> \u00e0 sa pratique et \u00e0 sa p\u00e9rennisation. M. Meddou a \u00e9galement salu\u00e9 la participation massive de 75 \u00e9quipes venues de toutes les wilayas du pays, y voyant une preuve tangible de l&#8217;attachement profond des Mauritaniens \u00e0 cette tradition. Il a exprim\u00e9 l\u2019espoir que \u00ab chaque prochain tournoi consolide davantage ce sport authentique dans notre pays \u00bb.<\/p>\n<p><strong>Des vacances enrichies par la culture et le sport national<\/strong><\/p>\n<p>M. Meddou a replac\u00e9 cet \u00e9v\u00e9nement dans la droite ligne de la politique du gouvernement. Il a indiqu\u00e9 que le D\u00e9partement de la Culture <strong><em>\u00ab s\u2019efforce d\u2019enrichir les vacances par des \u00e9v\u00e9nements culturels et sportifs permettant aux citoyens de passer du temps dans leurs wilayas \u00bb<\/em><\/strong>, se conformant ainsi aux directives du <strong>Pr\u00e9sident de la R\u00e9publique, M. Mohamed Cheikh El Ghazouani<\/strong>.<\/p>\n<p>Un avis partag\u00e9 par le <strong>pr\u00e9sident du Comit\u00e9 int\u00e9rimaire de gestion du tir traditionnel, M. Ahmedou Bamba Baya<\/strong>. Pour lui, ce tournoi est la concr\u00e9tisation m\u00eame des appels du Pr\u00e9sident de la R\u00e9publique \u00e0 passer les vacances dans le pays. Cette initiative vise \u00e0 <strong><em>\u00ab promouvoir le tourisme national et la communication entre les citoyens \u00bb<\/em><\/strong>, a-t-il soulign\u00e9. M. Baya a \u00e9galement rendu hommage aux efforts du pr\u00e9sident de la r\u00e9gion du Hodh El Gharbi pour l&#8217;\u00e9l\u00e9vation du niveau de ce sport et la mise en place d&#8217;infrastructures ad\u00e9quates.<\/p>\n<p>Ce championnat, qui se d\u00e9roule en pleine p\u00e9riode d&#8217;hivernage, promet ainsi d&#8217;allier la passion du sport traditionnel, la d\u00e9couverte des r\u00e9gions et le renforcement des liens sociaux et culturels \u00e0 travers toute la Mauritanie.<\/p>\n","protected":false},"excerpt":{"rendered":"<p>Le ministre de la Culture, des Arts, de la Communication et des Relations avec le Parlement, Porte-parole du Gouvernement, M. El Houssein Meddou, accompagn\u00e9 du wali du Hodh El Gharbi, M. Ahmed Mamadou Kelly, a pr\u00e9sid\u00e9, vendredi soir, la c\u00e9r\u00e9monie de lancement de la nouvelle \u00e9dition du Championnat de Tir \u00e0 la cible traditionnelle Kharif&#8230;&#8230;<\/p>\n","protected":false},"author":12,"featured_media":30930,"comment_status":"open","ping_status":"open","sticky":false,"template":"","format":"standard","meta":{"footnotes":""},"categories":[49,55,51],"tags":[],"class_list":["post-30929","post","type-post","status-publish","format-standard","has-post-thumbnail","hentry","category-economie","category-culture","category-sport"],"yoast_head":"<!-- This site is optimized with the Yoast SEO plugin v27.5 - https:\/\/yoast.com\/product\/yoast-seo-wordpress\/ -->\n<title>A\u00efoun : Le Ministre Meddou lance le Championnat de Tir \u00e0 la Cible Traditionnelle - Le Quotidien de Nouakchott<\/title>\n<meta name=\"robots\" content=\"index, follow, max-snippet:-1, max-image-preview:large, max-video-preview:-1\" \/>\n<link rel=\"canonical\" href=\"https:\/\/lequotidien.mr\/?p=30929&lang=fr\" \/>\n<meta property=\"og:locale\" content=\"ar_AR\" \/>\n<meta property=\"og:type\" content=\"article\" \/>\n<meta property=\"og:title\" content=\"A\u00efoun : Le Ministre Meddou lance le Championnat de Tir \u00e0 la Cible Traditionnelle - Le Quotidien de Nouakchott\" \/>\n<meta property=\"og:description\" content=\"Le ministre de la Culture, des Arts, de la Communication et des Relations avec le Parlement, Porte-parole du Gouvernement, M. El Houssein Meddou, accompagn\u00e9 du wali du Hodh El Gharbi, M. Ahmed Mamadou Kelly, a pr\u00e9sid\u00e9, vendredi soir, la c\u00e9r\u00e9monie de lancement de la nouvelle \u00e9dition du Championnat de Tir \u00e0 la cible traditionnelle Kharif......\" \/>\n<meta property=\"og:url\" content=\"https:\/\/lequotidien.mr\/?p=30929&amp;lang=fr\" \/>\n<meta property=\"og:site_name\" content=\"Le Quotidien de Nouakchott\" \/>\n<meta property=\"article:publisher\" content=\"https:\/\/web.facebook.com\/lequotidienmr\" \/>\n<meta property=\"article:published_time\" content=\"2025-09-14T17:20:06+00:00\" \/>\n<meta property=\"og:image\" content=\"https:\/\/lequotidien.mr\/wp-content\/uploads\/2025\/09\/photo-tir-cible.jpg\" \/>\n\t<meta property=\"og:image:width\" content=\"750\" \/>\n\t<meta property=\"og:image:height\" content=\"430\" \/>\n\t<meta property=\"og:image:type\" content=\"image\/jpeg\" \/>\n<meta name=\"author\" content=\"Med Ahmed\" \/>\n<meta name=\"twitter:card\" content=\"summary_large_image\" \/>\n<meta name=\"twitter:creator\" content=\"@lequotidienmr\" \/>\n<meta name=\"twitter:site\" content=\"@lequotidienmr\" \/>\n<meta name=\"twitter:label1\" content=\"\u0643\u064f\u062a\u0628 \u0628\u0648\u0627\u0633\u0637\u0629\" \/>\n\t<meta name=\"twitter:data1\" content=\"Med Ahmed\" \/>\n\t<meta name=\"twitter:label2\" content=\"\u0648\u0642\u062a \u0627\u0644\u0642\u0631\u0627\u0621\u0629 \u0627\u0644\u0645\u064f\u0642\u062f\u0651\u0631\" \/>\n\t<meta name=\"twitter:data2\" content=\"5 \u062f\u0642\u0627\u0626\u0642\" \/>\n<script type=\"application\/ld+json\" class=\"yoast-schema-graph\">{\"@context\":\"https:\\\/\\\/schema.org\",\"@graph\":[{\"@type\":\"Article\",\"@id\":\"https:\\\/\\\/lequotidien.mr\\\/?p=30929&lang=fr#article\",\"isPartOf\":{\"@id\":\"https:\\\/\\\/lequotidien.mr\\\/?p=30929&lang=fr\"},\"author\":{\"name\":\"Med Ahmed\",\"@id\":\"https:\\\/\\\/lequotidien.mr\\\/#\\\/schema\\\/person\\\/d2d350202a4d599685ed8abc25f97596\"},\"headline\":\"A\u00efoun : Le Ministre Meddou lance le Championnat de Tir \u00e0 la Cible Traditionnelle\",\"datePublished\":\"2025-09-14T17:20:06+00:00\",\"mainEntityOfPage\":{\"@id\":\"https:\\\/\\\/lequotidien.mr\\\/?p=30929&lang=fr\"},\"wordCount\":618,\"commentCount\":0,\"publisher\":{\"@id\":\"https:\\\/\\\/lequotidien.mr\\\/#organization\"},\"image\":{\"@id\":\"https:\\\/\\\/lequotidien.mr\\\/?p=30929&lang=fr#primaryimage\"},\"thumbnailUrl\":\"https:\\\/\\\/lequotidien.mr\\\/wp-content\\\/uploads\\\/2025\\\/09\\\/photo-tir-cible.jpg\",\"articleSection\":[\"Economie\",\"Culture\",\"SPORT\"],\"inLanguage\":\"ar\",\"potentialAction\":[{\"@type\":\"CommentAction\",\"name\":\"Comment\",\"target\":[\"https:\\\/\\\/lequotidien.mr\\\/?p=30929&lang=fr#respond\"]}]},{\"@type\":\"WebPage\",\"@id\":\"https:\\\/\\\/lequotidien.mr\\\/?p=30929&lang=fr\",\"url\":\"https:\\\/\\\/lequotidien.mr\\\/?p=30929&lang=fr\",\"name\":\"A\u00efoun : Le Ministre Meddou lance le Championnat de Tir \u00e0 la Cible Traditionnelle - Le Quotidien de Nouakchott\",\"isPartOf\":{\"@id\":\"https:\\\/\\\/lequotidien.mr\\\/#website\"},\"primaryImageOfPage\":{\"@id\":\"https:\\\/\\\/lequotidien.mr\\\/?p=30929&lang=fr#primaryimage\"},\"image\":{\"@id\":\"https:\\\/\\\/lequotidien.mr\\\/?p=30929&lang=fr#primaryimage\"},\"thumbnailUrl\":\"https:\\\/\\\/lequotidien.mr\\\/wp-content\\\/uploads\\\/2025\\\/09\\\/photo-tir-cible.jpg\",\"datePublished\":\"2025-09-14T17:20:06+00:00\",\"breadcrumb\":{\"@id\":\"https:\\\/\\\/lequotidien.mr\\\/?p=30929&lang=fr#breadcrumb\"},\"inLanguage\":\"ar\",\"potentialAction\":[{\"@type\":\"ReadAction\",\"target\":[\"https:\\\/\\\/lequotidien.mr\\\/?p=30929&lang=fr\"]}]},{\"@type\":\"ImageObject\",\"inLanguage\":\"ar\",\"@id\":\"https:\\\/\\\/lequotidien.mr\\\/?p=30929&lang=fr#primaryimage\",\"url\":\"https:\\\/\\\/lequotidien.mr\\\/wp-content\\\/uploads\\\/2025\\\/09\\\/photo-tir-cible.jpg\",\"contentUrl\":\"https:\\\/\\\/lequotidien.mr\\\/wp-content\\\/uploads\\\/2025\\\/09\\\/photo-tir-cible.jpg\",\"width\":750,\"height\":430},{\"@type\":\"BreadcrumbList\",\"@id\":\"https:\\\/\\\/lequotidien.mr\\\/?p=30929&lang=fr#breadcrumb\",\"itemListElement\":[{\"@type\":\"ListItem\",\"position\":1,\"name\":\"Home\",\"item\":\"https:\\\/\\\/lequotidien.mr\\\/\"},{\"@type\":\"ListItem\",\"position\":2,\"name\":\"A\u00efoun : Le Ministre Meddou lance le Championnat de Tir \u00e0 la Cible Traditionnelle\"}]},{\"@type\":\"WebSite\",\"@id\":\"https:\\\/\\\/lequotidien.mr\\\/#website\",\"url\":\"https:\\\/\\\/lequotidien.mr\\\/\",\"name\":\"Le Quotidien de Nouakchott\",\"description\":\"\u0625\u062e\u0628\u0627\u0631\u064a\u0629 \u0645\u0633\u062a\u0642\u0644\u0629 \u0644\u0644\u0623\u0646\u0628\u0627\u0621 \u0627\u0644\u0639\u0627\u0645\u0629\",\"publisher\":{\"@id\":\"https:\\\/\\\/lequotidien.mr\\\/#organization\"},\"potentialAction\":[{\"@type\":\"SearchAction\",\"target\":{\"@type\":\"EntryPoint\",\"urlTemplate\":\"https:\\\/\\\/lequotidien.mr\\\/?s={search_term_string}\"},\"query-input\":{\"@type\":\"PropertyValueSpecification\",\"valueRequired\":true,\"valueName\":\"search_term_string\"}}],\"inLanguage\":\"ar\"},{\"@type\":\"Organization\",\"@id\":\"https:\\\/\\\/lequotidien.mr\\\/#organization\",\"name\":\"Le Quotidien de Nouakchott\",\"url\":\"https:\\\/\\\/lequotidien.mr\\\/\",\"logo\":{\"@type\":\"ImageObject\",\"inLanguage\":\"ar\",\"@id\":\"https:\\\/\\\/lequotidien.mr\\\/#\\\/schema\\\/logo\\\/image\\\/\",\"url\":\"https:\\\/\\\/lequotidien.mr\\\/wp-content\\\/uploads\\\/2022\\\/11\\\/logolequotidien.jpg\",\"contentUrl\":\"https:\\\/\\\/lequotidien.mr\\\/wp-content\\\/uploads\\\/2022\\\/11\\\/logolequotidien.jpg\",\"width\":290,\"height\":65,\"caption\":\"Le Quotidien de Nouakchott\"},\"image\":{\"@id\":\"https:\\\/\\\/lequotidien.mr\\\/#\\\/schema\\\/logo\\\/image\\\/\"},\"sameAs\":[\"https:\\\/\\\/web.facebook.com\\\/lequotidienmr\",\"https:\\\/\\\/x.com\\\/lequotidienmr\"]},{\"@type\":\"Person\",\"@id\":\"https:\\\/\\\/lequotidien.mr\\\/#\\\/schema\\\/person\\\/d2d350202a4d599685ed8abc25f97596\",\"name\":\"Med Ahmed\",\"image\":{\"@type\":\"ImageObject\",\"inLanguage\":\"ar\",\"@id\":\"https:\\\/\\\/secure.gravatar.com\\\/avatar\\\/fd2acc62ed50732923d1d39c17172c9b04149f142be92310ecc69e1358f94b52?s=96&d=mm&r=g\",\"url\":\"https:\\\/\\\/secure.gravatar.com\\\/avatar\\\/fd2acc62ed50732923d1d39c17172c9b04149f142be92310ecc69e1358f94b52?s=96&d=mm&r=g\",\"contentUrl\":\"https:\\\/\\\/secure.gravatar.com\\\/avatar\\\/fd2acc62ed50732923d1d39c17172c9b04149f142be92310ecc69e1358f94b52?s=96&d=mm&r=g\",\"caption\":\"Med Ahmed\"},\"url\":\"https:\\\/\\\/lequotidien.mr\\\/?author=12\"}]}<\/script>\n<!-- \/ Yoast SEO plugin. -->","yoast_head_json":{"title":"A\u00efoun : Le Ministre Meddou lance le Championnat de Tir \u00e0 la Cible Traditionnelle - Le Quotidien de Nouakchott","robots":{"index":"index","follow":"follow","max-snippet":"max-snippet:-1","max-image-preview":"max-image-preview:large","max-video-preview":"max-video-preview:-1"},"canonical":"https:\/\/lequotidien.mr\/?p=30929&lang=fr","og_locale":"ar_AR","og_type":"article","og_title":"A\u00efoun : Le Ministre Meddou lance le Championnat de Tir \u00e0 la Cible Traditionnelle - Le Quotidien de Nouakchott","og_description":"Le ministre de la Culture, des Arts, de la Communication et des Relations avec le Parlement, Porte-parole du Gouvernement, M. El Houssein Meddou, accompagn\u00e9 du wali du Hodh El Gharbi, M. Ahmed Mamadou Kelly, a pr\u00e9sid\u00e9, vendredi soir, la c\u00e9r\u00e9monie de lancement de la nouvelle \u00e9dition du Championnat de Tir \u00e0 la cible traditionnelle Kharif......","og_url":"https:\/\/lequotidien.mr\/?p=30929&lang=fr","og_site_name":"Le Quotidien de Nouakchott","article_publisher":"https:\/\/web.facebook.com\/lequotidienmr","article_published_time":"2025-09-14T17:20:06+00:00","og_image":[{"width":750,"height":430,"url":"https:\/\/lequotidien.mr\/wp-content\/uploads\/2025\/09\/photo-tir-cible.jpg","type":"image\/jpeg"}],"author":"Med Ahmed","twitter_card":"summary_large_image","twitter_creator":"@lequotidienmr","twitter_site":"@lequotidienmr","twitter_misc":{"\u0643\u064f\u062a\u0628 \u0628\u0648\u0627\u0633\u0637\u0629":"Med Ahmed","\u0648\u0642\u062a \u0627\u0644\u0642\u0631\u0627\u0621\u0629 \u0627\u0644\u0645\u064f\u0642\u062f\u0651\u0631":"5 \u062f\u0642\u0627\u0626\u0642"},"schema":{"@context":"https:\/\/schema.org","@graph":[{"@type":"Article","@id":"https:\/\/lequotidien.mr\/?p=30929&lang=fr#article","isPartOf":{"@id":"https:\/\/lequotidien.mr\/?p=30929&lang=fr"},"author":{"name":"Med Ahmed","@id":"https:\/\/lequotidien.mr\/#\/schema\/person\/d2d350202a4d599685ed8abc25f97596"},"headline":"A\u00efoun : Le Ministre Meddou lance le Championnat de Tir \u00e0 la Cible Traditionnelle","datePublished":"2025-09-14T17:20:06+00:00","mainEntityOfPage":{"@id":"https:\/\/lequotidien.mr\/?p=30929&lang=fr"},"wordCount":618,"commentCount":0,"publisher":{"@id":"https:\/\/lequotidien.mr\/#organization"},"image":{"@id":"https:\/\/lequotidien.mr\/?p=30929&lang=fr#primaryimage"},"thumbnailUrl":"https:\/\/lequotidien.mr\/wp-content\/uploads\/2025\/09\/photo-tir-cible.jpg","articleSection":["Economie","Culture","SPORT"],"inLanguage":"ar","potentialAction":[{"@type":"CommentAction","name":"Comment","target":["https:\/\/lequotidien.mr\/?p=30929&lang=fr#respond"]}]},{"@type":"WebPage","@id":"https:\/\/lequotidien.mr\/?p=30929&lang=fr","url":"https:\/\/lequotidien.mr\/?p=30929&lang=fr","name":"A\u00efoun : Le Ministre Meddou lance le Championnat de Tir \u00e0 la Cible Traditionnelle - Le Quotidien de Nouakchott","isPartOf":{"@id":"https:\/\/lequotidien.mr\/#website"},"primaryImageOfPage":{"@id":"https:\/\/lequotidien.mr\/?p=30929&lang=fr#primaryimage"},"image":{"@id":"https:\/\/lequotidien.mr\/?p=30929&lang=fr#primaryimage"},"thumbnailUrl":"https:\/\/lequotidien.mr\/wp-content\/uploads\/2025\/09\/photo-tir-cible.jpg","datePublished":"2025-09-14T17:20:06+00:00","breadcrumb":{"@id":"https:\/\/lequotidien.mr\/?p=30929&lang=fr#breadcrumb"},"inLanguage":"ar","potentialAction":[{"@type":"ReadAction","target":["https:\/\/lequotidien.mr\/?p=30929&lang=fr"]}]},{"@type":"ImageObject","inLanguage":"ar","@id":"https:\/\/lequotidien.mr\/?p=30929&lang=fr#primaryimage","url":"https:\/\/lequotidien.mr\/wp-content\/uploads\/2025\/09\/photo-tir-cible.jpg","contentUrl":"https:\/\/lequotidien.mr\/wp-content\/uploads\/2025\/09\/photo-tir-cible.jpg","width":750,"height":430},{"@type":"BreadcrumbList","@id":"https:\/\/lequotidien.mr\/?p=30929&lang=fr#breadcrumb","itemListElement":[{"@type":"ListItem","position":1,"name":"Home","item":"https:\/\/lequotidien.mr\/"},{"@type":"ListItem","position":2,"name":"A\u00efoun : Le Ministre Meddou lance le Championnat de Tir \u00e0 la Cible Traditionnelle"}]},{"@type":"WebSite","@id":"https:\/\/lequotidien.mr\/#website","url":"https:\/\/lequotidien.mr\/","name":"Le Quotidien de Nouakchott","description":"\u0625\u062e\u0628\u0627\u0631\u064a\u0629 \u0645\u0633\u062a\u0642\u0644\u0629 \u0644\u0644\u0623\u0646\u0628\u0627\u0621 \u0627\u0644\u0639\u0627\u0645\u0629","publisher":{"@id":"https:\/\/lequotidien.mr\/#organization"},"potentialAction":[{"@type":"SearchAction","target":{"@type":"EntryPoint","urlTemplate":"https:\/\/lequotidien.mr\/?s={search_term_string}"},"query-input":{"@type":"PropertyValueSpecification","valueRequired":true,"valueName":"search_term_string"}}],"inLanguage":"ar"},{"@type":"Organization","@id":"https:\/\/lequotidien.mr\/#organization","name":"Le Quotidien de Nouakchott","url":"https:\/\/lequotidien.mr\/","logo":{"@type":"ImageObject","inLanguage":"ar","@id":"https:\/\/lequotidien.mr\/#\/schema\/logo\/image\/","url":"https:\/\/lequotidien.mr\/wp-content\/uploads\/2022\/11\/logolequotidien.jpg","contentUrl":"https:\/\/lequotidien.mr\/wp-content\/uploads\/2022\/11\/logolequotidien.jpg","width":290,"height":65,"caption":"Le Quotidien de Nouakchott"},"image":{"@id":"https:\/\/lequotidien.mr\/#\/schema\/logo\/image\/"},"sameAs":["https:\/\/web.facebook.com\/lequotidienmr","https:\/\/x.com\/lequotidienmr"]},{"@type":"Person","@id":"https:\/\/lequotidien.mr\/#\/schema\/person\/d2d350202a4d599685ed8abc25f97596","name":"Med Ahmed","image":{"@type":"ImageObject","inLanguage":"ar","@id":"https:\/\/secure.gravatar.com\/avatar\/fd2acc62ed50732923d1d39c17172c9b04149f142be92310ecc69e1358f94b52?s=96&d=mm&r=g","url":"https:\/\/secure.gravatar.com\/avatar\/fd2acc62ed50732923d1d39c17172c9b04149f142be92310ecc69e1358f94b52?s=96&d=mm&r=g","contentUrl":"https:\/\/secure.gravatar.com\/avatar\/fd2acc62ed50732923d1d39c17172c9b04149f142be92310ecc69e1358f94b52?s=96&d=mm&r=g","caption":"Med Ahmed"},"url":"https:\/\/lequotidien.mr\/?author=12"}]}},"_links":{"self":[{"href":"https:\/\/lequotidien.mr\/index.php?rest_route=\/wp\/v2\/posts\/30929","targetHints":{"allow":["GET"]}}],"collection":[{"href":"https:\/\/lequotidien.mr\/index.php?rest_route=\/wp\/v2\/posts"}],"about":[{"href":"https:\/\/lequotidien.mr\/index.php?rest_route=\/wp\/v2\/types\/post"}],"author":[{"embeddable":true,"href":"https:\/\/lequotidien.mr\/index.php?rest_route=\/wp\/v2\/users\/12"}],"replies":[{"embeddable":true,"href":"https:\/\/lequotidien.mr\/index.php?rest_route=%2Fwp%2Fv2%2Fcomments&post=30929"}],"version-history":[{"count":1,"href":"https:\/\/lequotidien.mr\/index.php?rest_route=\/wp\/v2\/posts\/30929\/revisions"}],"predecessor-version":[{"id":30931,"href":"https:\/\/lequotidien.mr\/index.php?rest_route=\/wp\/v2\/posts\/30929\/revisions\/30931"}],"wp:featuredmedia":[{"embeddable":true,"href":"https:\/\/lequotidien.mr\/index.php?rest_route=\/wp\/v2\/media\/30930"}],"wp:attachment":[{"href":"https:\/\/lequotidien.mr\/index.php?rest_route=%2Fwp%2Fv2%2Fmedia&parent=30929"}],"wp:term":[{"taxonomy":"category","embeddable":true,"href":"https:\/\/lequotidien.mr\/index.php?rest_route=%2Fwp%2Fv2%2Fcategories&post=30929"},{"taxonomy":"post_tag","embeddable":true,"href":"https:\/\/lequotidien.mr\/index.php?rest_route=%2Fwp%2Fv2%2Ftags&post=30929"}],"curies":[{"name":"wp","href":"https:\/\/api.w.org\/{rel}","templated":true}]}}