{"id":30925,"date":"2025-09-13T23:29:23","date_gmt":"2025-09-13T23:29:23","guid":{"rendered":"https:\/\/lequotidien.mr\/?p=30925"},"modified":"2025-09-13T23:29:23","modified_gmt":"2025-09-13T23:29:23","slug":"service-civique-formation-intensive-au-profit-de-300-jeunes-volontaires","status":"publish","type":"post","link":"https:\/\/lequotidien.mr\/?p=30925&lang=fr","title":{"rendered":"Service civique : Formation intensive au profit de 300 jeunes volontaires"},"content":{"rendered":"<p>Le <strong>ministre de l\u2019Autonomisation de la Jeunesse, de l\u2019Emploi, des Sports et du Service civique, M. Mohamed Abdallahi Louly<\/strong>, et le <strong>ministre de la D\u00e9fense, des Retrait\u00e9s et des Enfants des Martyrs, M. Hanena Sidi<\/strong>, ont conjointement pr\u00e9sid\u00e9, samedi, au niveau des wilayas de Nouakchott-Sud et Nouakchott-Nord, la c\u00e9r\u00e9monie de cl\u00f4ture d\u2019une semaine de formation intensive au profit de <strong>300 jeunes volontaires du service civique<\/strong>.<\/p>\n<p><strong>Une formation pluridisciplinaire pour renforcer l&#8217;engagement civique<\/strong><\/p>\n<p>Cette session de formation, organis\u00e9e en \u00e9troite coop\u00e9ration entre les deux minist\u00e8res avec la participation technique du minist\u00e8re de la Sant\u00e9, avait pour objectif central de pr\u00e9parer physiquement et mentalement les jeunes volontaires \u00e0 accomplir les missions de service public qui les attendent, notamment au sein des structures hospitali\u00e8res \u00e0 travers le pays.<\/p>\n<p>La premi\u00e8re phase op\u00e9rationnelle s&#8217;est d\u00e9roul\u00e9e \u00e0 l\u2019Espace Jeunesse de la moughataa d\u2019El Mina. Les participants y ont assist\u00e9 \u00e0 des exercices de d\u00e9monstration militaire, une occasion pour eux de pr\u00e9senter concr\u00e8tement l&#8217;ensemble des comp\u00e9tences et de la discipline acquises au cours de leur apprentissage.<\/p>\n<p><strong>Une promotion s\u00e9lectionn\u00e9e sur crit\u00e8res de transparence<\/strong><\/p>\n<p>Dans son allocution, le ministre Mohamed Abdallahi Louly a exprim\u00e9 sa grande satisfaction d\u2019assister \u00e0 la remise des dipl\u00f4mes \u00e0 cette promotion, compos\u00e9e de 185 jeunes femmes et 115 jeunes hommes, soit un total de 300 volontaires. Il a tenu \u00e0 pr\u00e9ciser que ces derniers avaient \u00e9t\u00e9 s\u00e9lectionn\u00e9s de mani\u00e8re transparente parmi pas moins de 7 000 candidats, via la plateforme d\u00e9di\u00e9e du service civique.<\/p>\n<p>Le ministre a soulign\u00e9 l&#8217;importance cruciale de cette formation pour inculquer aux jeunes les valeurs fondamentales de <strong><em>\u00ab discipline, de civisme, de respect des symboles de l\u2019\u00c9tat et de ma\u00eetrise des gestes de premiers secours \u00bb.<\/em><\/strong> Il a rappel\u00e9 que cette initiative s&#8217;inscrivait dans le cadre du partenariat strat\u00e9gique entre son d\u00e9partement et le minist\u00e8re de la D\u00e9fense, en application des Hautes Instructions du <strong>Pr\u00e9sident de la R\u00e9publique, M. Mohamed Cheikh El Ghazouani<\/strong>, visant \u00e0 promouvoir et valoriser le service civique aupr\u00e8s de la jeunesse mauritanienne.<\/p>\n<p><strong><em>\u00ab Le gouvernement du Premier ministre Moctar Djay s\u2019emploie \u00e0 faire du service civique un v\u00e9ritable levier de participation des jeunes au d\u00e9veloppement social et \u00e9conomique du pays \u00bb<\/em><\/strong>, a-t-il affirm\u00e9.<\/p>\n<p><strong>La D\u00e9fense nationale, partenaire engag\u00e9 pour la jeunesse<\/strong><\/p>\n<p>Prenant la parole \u00e0 son tour, le ministre de la D\u00e9fense, M. Hanena Sidi, a d\u00e9clar\u00e9 que son d\u00e9partement \u00e9tait <strong><em>\u00ab fier de participer \u00e0 cet ambitieux programme \u00bb<\/em><\/strong>. Il y voit la concr\u00e9tisation de la vision du Pr\u00e9sident de la R\u00e9publique, Chef supr\u00eame des Forces arm\u00e9es, concernant <strong><em>\u00ab l\u2019importance de l\u2019\u00e9ducation et de la formation en g\u00e9n\u00e9ral et de l\u2019inculcation des valeurs civiques aux jeunes g\u00e9n\u00e9rations \u00bb.<\/em><\/strong><\/p>\n<p>M. Hanena Sidi a expliqu\u00e9 que ce programme introduisait une innovation majeure avec un volet ax\u00e9 sur <strong><em>\u00ab l\u2019\u00e9ducation civique et la discipline morale \u00bb, en compl\u00e9ment des formations techniques aux premiers secours. Pour ce faire, le minist\u00e8re de la D\u00e9fense a mobilis\u00e9 un groupe d\u2019officiers, de sous-officiers et de soldats retrait\u00e9s, issus de diverses branches militaires et de s\u00e9curit\u00e9, afin d&#8217;encadrer les jeunes volontaires.<\/em><\/strong><\/p>\n<p><strong><em>Il a exprim\u00e9 l&#8217;espoir que cet engagement contribuerait significativement \u00e0 \u00ab am\u00e9liorer la condition physique des b\u00e9n\u00e9ficiaires \u00bb<\/em><\/strong> et \u00e0 avoir <strong><em>\u00ab un impact positif sur l\u2019am\u00e9lioration des r\u00e9sultats des formations futures et sur l\u2019employabilit\u00e9 \u00bb<\/em><\/strong> de ces jeunes.<\/p>\n<p>La c\u00e9r\u00e9monie s&#8217;est d\u00e9roul\u00e9e en pr\u00e9sence du secr\u00e9taire g\u00e9n\u00e9ral du minist\u00e8re de l\u2019Autonomisation de la Jeunesse et des autorit\u00e9s s\u00e9curitaires et administratives des deux wilayas de Nouakchott, marquant ainsi le ferme engagement de l&#8217;\u00c9tat \u00e0 investir dans sa jeunesse pour en faire un acteur central du d\u00e9veloppement national.<\/p>\n","protected":false},"excerpt":{"rendered":"<p>Le ministre de l\u2019Autonomisation de la Jeunesse, de l\u2019Emploi, des Sports et du Service civique, M. Mohamed Abdallahi Louly, et le ministre de la D\u00e9fense, des Retrait\u00e9s et des Enfants des Martyrs, M. Hanena Sidi, ont conjointement pr\u00e9sid\u00e9, samedi, au niveau des wilayas de Nouakchott-Sud et Nouakchott-Nord, la c\u00e9r\u00e9monie de cl\u00f4ture d\u2019une semaine de formation&#8230;..<\/p>\n","protected":false},"author":12,"featured_media":30926,"comment_status":"open","ping_status":"open","sticky":false,"template":"","format":"standard","meta":{"footnotes":""},"categories":[23,55],"tags":[],"class_list":["post-30925","post","type-post","status-publish","format-standard","has-post-thumbnail","hentry","category-actualite","category-culture"],"yoast_head":"<!-- This site is optimized with the Yoast SEO plugin v27.5 - https:\/\/yoast.com\/product\/yoast-seo-wordpress\/ -->\n<title>Service civique : Formation intensive au profit de 300 jeunes volontaires - Le Quotidien de Nouakchott<\/title>\n<meta name=\"robots\" content=\"index, follow, max-snippet:-1, max-image-preview:large, max-video-preview:-1\" \/>\n<link rel=\"canonical\" href=\"https:\/\/lequotidien.mr\/?p=30925&lang=fr\" \/>\n<meta property=\"og:locale\" content=\"ar_AR\" \/>\n<meta property=\"og:type\" content=\"article\" \/>\n<meta property=\"og:title\" content=\"Service civique : Formation intensive au profit de 300 jeunes volontaires - Le Quotidien de Nouakchott\" \/>\n<meta property=\"og:description\" content=\"Le ministre de l\u2019Autonomisation de la Jeunesse, de l\u2019Emploi, des Sports et du Service civique, M. Mohamed Abdallahi Louly, et le ministre de la D\u00e9fense, des Retrait\u00e9s et des Enfants des Martyrs, M. Hanena Sidi, ont conjointement pr\u00e9sid\u00e9, samedi, au niveau des wilayas de Nouakchott-Sud et Nouakchott-Nord, la c\u00e9r\u00e9monie de cl\u00f4ture d\u2019une semaine de formation.....\" \/>\n<meta property=\"og:url\" content=\"https:\/\/lequotidien.mr\/?p=30925&amp;lang=fr\" \/>\n<meta property=\"og:site_name\" content=\"Le Quotidien de Nouakchott\" \/>\n<meta property=\"article:publisher\" content=\"https:\/\/web.facebook.com\/lequotidienmr\" \/>\n<meta property=\"article:published_time\" content=\"2025-09-13T23:29:23+00:00\" \/>\n<meta property=\"og:image\" content=\"https:\/\/lequotidien.mr\/wp-content\/uploads\/2025\/09\/photo-formation-volontaires-civiques.jpg\" \/>\n\t<meta property=\"og:image:width\" content=\"632\" \/>\n\t<meta property=\"og:image:height\" content=\"414\" \/>\n\t<meta property=\"og:image:type\" content=\"image\/jpeg\" \/>\n<meta name=\"author\" content=\"Med Ahmed\" \/>\n<meta name=\"twitter:card\" content=\"summary_large_image\" \/>\n<meta name=\"twitter:creator\" content=\"@lequotidienmr\" \/>\n<meta name=\"twitter:site\" content=\"@lequotidienmr\" \/>\n<meta name=\"twitter:label1\" content=\"\u0643\u064f\u062a\u0628 \u0628\u0648\u0627\u0633\u0637\u0629\" \/>\n\t<meta name=\"twitter:data1\" content=\"Med Ahmed\" \/>\n\t<meta name=\"twitter:label2\" content=\"\u0648\u0642\u062a \u0627\u0644\u0642\u0631\u0627\u0621\u0629 \u0627\u0644\u0645\u064f\u0642\u062f\u0651\u0631\" \/>\n\t<meta name=\"twitter:data2\" content=\"5 \u062f\u0642\u0627\u0626\u0642\" \/>\n<script type=\"application\/ld+json\" class=\"yoast-schema-graph\">{\"@context\":\"https:\\\/\\\/schema.org\",\"@graph\":[{\"@type\":\"Article\",\"@id\":\"https:\\\/\\\/lequotidien.mr\\\/?p=30925&lang=fr#article\",\"isPartOf\":{\"@id\":\"https:\\\/\\\/lequotidien.mr\\\/?p=30925&lang=fr\"},\"author\":{\"name\":\"Med Ahmed\",\"@id\":\"https:\\\/\\\/lequotidien.mr\\\/#\\\/schema\\\/person\\\/d2d350202a4d599685ed8abc25f97596\"},\"headline\":\"Service civique : Formation intensive au profit de 300 jeunes volontaires\",\"datePublished\":\"2025-09-13T23:29:23+00:00\",\"mainEntityOfPage\":{\"@id\":\"https:\\\/\\\/lequotidien.mr\\\/?p=30925&lang=fr\"},\"wordCount\":663,\"commentCount\":0,\"publisher\":{\"@id\":\"https:\\\/\\\/lequotidien.mr\\\/#organization\"},\"image\":{\"@id\":\"https:\\\/\\\/lequotidien.mr\\\/?p=30925&lang=fr#primaryimage\"},\"thumbnailUrl\":\"https:\\\/\\\/lequotidien.mr\\\/wp-content\\\/uploads\\\/2025\\\/09\\\/photo-formation-volontaires-civiques.jpg\",\"articleSection\":[\"ACTUALIT\u00c9\",\"Culture\"],\"inLanguage\":\"ar\",\"potentialAction\":[{\"@type\":\"CommentAction\",\"name\":\"Comment\",\"target\":[\"https:\\\/\\\/lequotidien.mr\\\/?p=30925&lang=fr#respond\"]}]},{\"@type\":\"WebPage\",\"@id\":\"https:\\\/\\\/lequotidien.mr\\\/?p=30925&lang=fr\",\"url\":\"https:\\\/\\\/lequotidien.mr\\\/?p=30925&lang=fr\",\"name\":\"Service civique : Formation intensive au profit de 300 jeunes volontaires - Le Quotidien de Nouakchott\",\"isPartOf\":{\"@id\":\"https:\\\/\\\/lequotidien.mr\\\/#website\"},\"primaryImageOfPage\":{\"@id\":\"https:\\\/\\\/lequotidien.mr\\\/?p=30925&lang=fr#primaryimage\"},\"image\":{\"@id\":\"https:\\\/\\\/lequotidien.mr\\\/?p=30925&lang=fr#primaryimage\"},\"thumbnailUrl\":\"https:\\\/\\\/lequotidien.mr\\\/wp-content\\\/uploads\\\/2025\\\/09\\\/photo-formation-volontaires-civiques.jpg\",\"datePublished\":\"2025-09-13T23:29:23+00:00\",\"breadcrumb\":{\"@id\":\"https:\\\/\\\/lequotidien.mr\\\/?p=30925&lang=fr#breadcrumb\"},\"inLanguage\":\"ar\",\"potentialAction\":[{\"@type\":\"ReadAction\",\"target\":[\"https:\\\/\\\/lequotidien.mr\\\/?p=30925&lang=fr\"]}]},{\"@type\":\"ImageObject\",\"inLanguage\":\"ar\",\"@id\":\"https:\\\/\\\/lequotidien.mr\\\/?p=30925&lang=fr#primaryimage\",\"url\":\"https:\\\/\\\/lequotidien.mr\\\/wp-content\\\/uploads\\\/2025\\\/09\\\/photo-formation-volontaires-civiques.jpg\",\"contentUrl\":\"https:\\\/\\\/lequotidien.mr\\\/wp-content\\\/uploads\\\/2025\\\/09\\\/photo-formation-volontaires-civiques.jpg\",\"width\":632,\"height\":414},{\"@type\":\"BreadcrumbList\",\"@id\":\"https:\\\/\\\/lequotidien.mr\\\/?p=30925&lang=fr#breadcrumb\",\"itemListElement\":[{\"@type\":\"ListItem\",\"position\":1,\"name\":\"Home\",\"item\":\"https:\\\/\\\/lequotidien.mr\\\/\"},{\"@type\":\"ListItem\",\"position\":2,\"name\":\"Service civique : Formation intensive au profit de 300 jeunes volontaires\"}]},{\"@type\":\"WebSite\",\"@id\":\"https:\\\/\\\/lequotidien.mr\\\/#website\",\"url\":\"https:\\\/\\\/lequotidien.mr\\\/\",\"name\":\"Le Quotidien de Nouakchott\",\"description\":\"\u0625\u062e\u0628\u0627\u0631\u064a\u0629 \u0645\u0633\u062a\u0642\u0644\u0629 \u0644\u0644\u0623\u0646\u0628\u0627\u0621 \u0627\u0644\u0639\u0627\u0645\u0629\",\"publisher\":{\"@id\":\"https:\\\/\\\/lequotidien.mr\\\/#organization\"},\"potentialAction\":[{\"@type\":\"SearchAction\",\"target\":{\"@type\":\"EntryPoint\",\"urlTemplate\":\"https:\\\/\\\/lequotidien.mr\\\/?s={search_term_string}\"},\"query-input\":{\"@type\":\"PropertyValueSpecification\",\"valueRequired\":true,\"valueName\":\"search_term_string\"}}],\"inLanguage\":\"ar\"},{\"@type\":\"Organization\",\"@id\":\"https:\\\/\\\/lequotidien.mr\\\/#organization\",\"name\":\"Le Quotidien de Nouakchott\",\"url\":\"https:\\\/\\\/lequotidien.mr\\\/\",\"logo\":{\"@type\":\"ImageObject\",\"inLanguage\":\"ar\",\"@id\":\"https:\\\/\\\/lequotidien.mr\\\/#\\\/schema\\\/logo\\\/image\\\/\",\"url\":\"https:\\\/\\\/lequotidien.mr\\\/wp-content\\\/uploads\\\/2022\\\/11\\\/logolequotidien.jpg\",\"contentUrl\":\"https:\\\/\\\/lequotidien.mr\\\/wp-content\\\/uploads\\\/2022\\\/11\\\/logolequotidien.jpg\",\"width\":290,\"height\":65,\"caption\":\"Le Quotidien de Nouakchott\"},\"image\":{\"@id\":\"https:\\\/\\\/lequotidien.mr\\\/#\\\/schema\\\/logo\\\/image\\\/\"},\"sameAs\":[\"https:\\\/\\\/web.facebook.com\\\/lequotidienmr\",\"https:\\\/\\\/x.com\\\/lequotidienmr\"]},{\"@type\":\"Person\",\"@id\":\"https:\\\/\\\/lequotidien.mr\\\/#\\\/schema\\\/person\\\/d2d350202a4d599685ed8abc25f97596\",\"name\":\"Med Ahmed\",\"image\":{\"@type\":\"ImageObject\",\"inLanguage\":\"ar\",\"@id\":\"https:\\\/\\\/secure.gravatar.com\\\/avatar\\\/fd2acc62ed50732923d1d39c17172c9b04149f142be92310ecc69e1358f94b52?s=96&d=mm&r=g\",\"url\":\"https:\\\/\\\/secure.gravatar.com\\\/avatar\\\/fd2acc62ed50732923d1d39c17172c9b04149f142be92310ecc69e1358f94b52?s=96&d=mm&r=g\",\"contentUrl\":\"https:\\\/\\\/secure.gravatar.com\\\/avatar\\\/fd2acc62ed50732923d1d39c17172c9b04149f142be92310ecc69e1358f94b52?s=96&d=mm&r=g\",\"caption\":\"Med Ahmed\"},\"url\":\"https:\\\/\\\/lequotidien.mr\\\/?author=12\"}]}<\/script>\n<!-- \/ Yoast SEO plugin. -->","yoast_head_json":{"title":"Service civique : Formation intensive au profit de 300 jeunes volontaires - Le Quotidien de Nouakchott","robots":{"index":"index","follow":"follow","max-snippet":"max-snippet:-1","max-image-preview":"max-image-preview:large","max-video-preview":"max-video-preview:-1"},"canonical":"https:\/\/lequotidien.mr\/?p=30925&lang=fr","og_locale":"ar_AR","og_type":"article","og_title":"Service civique : Formation intensive au profit de 300 jeunes volontaires - Le Quotidien de Nouakchott","og_description":"Le ministre de l\u2019Autonomisation de la Jeunesse, de l\u2019Emploi, des Sports et du Service civique, M. Mohamed Abdallahi Louly, et le ministre de la D\u00e9fense, des Retrait\u00e9s et des Enfants des Martyrs, M. Hanena Sidi, ont conjointement pr\u00e9sid\u00e9, samedi, au niveau des wilayas de Nouakchott-Sud et Nouakchott-Nord, la c\u00e9r\u00e9monie de cl\u00f4ture d\u2019une semaine de formation.....","og_url":"https:\/\/lequotidien.mr\/?p=30925&lang=fr","og_site_name":"Le Quotidien de Nouakchott","article_publisher":"https:\/\/web.facebook.com\/lequotidienmr","article_published_time":"2025-09-13T23:29:23+00:00","og_image":[{"width":632,"height":414,"url":"https:\/\/lequotidien.mr\/wp-content\/uploads\/2025\/09\/photo-formation-volontaires-civiques.jpg","type":"image\/jpeg"}],"author":"Med Ahmed","twitter_card":"summary_large_image","twitter_creator":"@lequotidienmr","twitter_site":"@lequotidienmr","twitter_misc":{"\u0643\u064f\u062a\u0628 \u0628\u0648\u0627\u0633\u0637\u0629":"Med Ahmed","\u0648\u0642\u062a \u0627\u0644\u0642\u0631\u0627\u0621\u0629 \u0627\u0644\u0645\u064f\u0642\u062f\u0651\u0631":"5 \u062f\u0642\u0627\u0626\u0642"},"schema":{"@context":"https:\/\/schema.org","@graph":[{"@type":"Article","@id":"https:\/\/lequotidien.mr\/?p=30925&lang=fr#article","isPartOf":{"@id":"https:\/\/lequotidien.mr\/?p=30925&lang=fr"},"author":{"name":"Med Ahmed","@id":"https:\/\/lequotidien.mr\/#\/schema\/person\/d2d350202a4d599685ed8abc25f97596"},"headline":"Service civique : Formation intensive au profit de 300 jeunes volontaires","datePublished":"2025-09-13T23:29:23+00:00","mainEntityOfPage":{"@id":"https:\/\/lequotidien.mr\/?p=30925&lang=fr"},"wordCount":663,"commentCount":0,"publisher":{"@id":"https:\/\/lequotidien.mr\/#organization"},"image":{"@id":"https:\/\/lequotidien.mr\/?p=30925&lang=fr#primaryimage"},"thumbnailUrl":"https:\/\/lequotidien.mr\/wp-content\/uploads\/2025\/09\/photo-formation-volontaires-civiques.jpg","articleSection":["ACTUALIT\u00c9","Culture"],"inLanguage":"ar","potentialAction":[{"@type":"CommentAction","name":"Comment","target":["https:\/\/lequotidien.mr\/?p=30925&lang=fr#respond"]}]},{"@type":"WebPage","@id":"https:\/\/lequotidien.mr\/?p=30925&lang=fr","url":"https:\/\/lequotidien.mr\/?p=30925&lang=fr","name":"Service civique : Formation intensive au profit de 300 jeunes volontaires - Le Quotidien de Nouakchott","isPartOf":{"@id":"https:\/\/lequotidien.mr\/#website"},"primaryImageOfPage":{"@id":"https:\/\/lequotidien.mr\/?p=30925&lang=fr#primaryimage"},"image":{"@id":"https:\/\/lequotidien.mr\/?p=30925&lang=fr#primaryimage"},"thumbnailUrl":"https:\/\/lequotidien.mr\/wp-content\/uploads\/2025\/09\/photo-formation-volontaires-civiques.jpg","datePublished":"2025-09-13T23:29:23+00:00","breadcrumb":{"@id":"https:\/\/lequotidien.mr\/?p=30925&lang=fr#breadcrumb"},"inLanguage":"ar","potentialAction":[{"@type":"ReadAction","target":["https:\/\/lequotidien.mr\/?p=30925&lang=fr"]}]},{"@type":"ImageObject","inLanguage":"ar","@id":"https:\/\/lequotidien.mr\/?p=30925&lang=fr#primaryimage","url":"https:\/\/lequotidien.mr\/wp-content\/uploads\/2025\/09\/photo-formation-volontaires-civiques.jpg","contentUrl":"https:\/\/lequotidien.mr\/wp-content\/uploads\/2025\/09\/photo-formation-volontaires-civiques.jpg","width":632,"height":414},{"@type":"BreadcrumbList","@id":"https:\/\/lequotidien.mr\/?p=30925&lang=fr#breadcrumb","itemListElement":[{"@type":"ListItem","position":1,"name":"Home","item":"https:\/\/lequotidien.mr\/"},{"@type":"ListItem","position":2,"name":"Service civique : Formation intensive au profit de 300 jeunes volontaires"}]},{"@type":"WebSite","@id":"https:\/\/lequotidien.mr\/#website","url":"https:\/\/lequotidien.mr\/","name":"Le Quotidien de Nouakchott","description":"\u0625\u062e\u0628\u0627\u0631\u064a\u0629 \u0645\u0633\u062a\u0642\u0644\u0629 \u0644\u0644\u0623\u0646\u0628\u0627\u0621 \u0627\u0644\u0639\u0627\u0645\u0629","publisher":{"@id":"https:\/\/lequotidien.mr\/#organization"},"potentialAction":[{"@type":"SearchAction","target":{"@type":"EntryPoint","urlTemplate":"https:\/\/lequotidien.mr\/?s={search_term_string}"},"query-input":{"@type":"PropertyValueSpecification","valueRequired":true,"valueName":"search_term_string"}}],"inLanguage":"ar"},{"@type":"Organization","@id":"https:\/\/lequotidien.mr\/#organization","name":"Le Quotidien de Nouakchott","url":"https:\/\/lequotidien.mr\/","logo":{"@type":"ImageObject","inLanguage":"ar","@id":"https:\/\/lequotidien.mr\/#\/schema\/logo\/image\/","url":"https:\/\/lequotidien.mr\/wp-content\/uploads\/2022\/11\/logolequotidien.jpg","contentUrl":"https:\/\/lequotidien.mr\/wp-content\/uploads\/2022\/11\/logolequotidien.jpg","width":290,"height":65,"caption":"Le Quotidien de Nouakchott"},"image":{"@id":"https:\/\/lequotidien.mr\/#\/schema\/logo\/image\/"},"sameAs":["https:\/\/web.facebook.com\/lequotidienmr","https:\/\/x.com\/lequotidienmr"]},{"@type":"Person","@id":"https:\/\/lequotidien.mr\/#\/schema\/person\/d2d350202a4d599685ed8abc25f97596","name":"Med Ahmed","image":{"@type":"ImageObject","inLanguage":"ar","@id":"https:\/\/secure.gravatar.com\/avatar\/fd2acc62ed50732923d1d39c17172c9b04149f142be92310ecc69e1358f94b52?s=96&d=mm&r=g","url":"https:\/\/secure.gravatar.com\/avatar\/fd2acc62ed50732923d1d39c17172c9b04149f142be92310ecc69e1358f94b52?s=96&d=mm&r=g","contentUrl":"https:\/\/secure.gravatar.com\/avatar\/fd2acc62ed50732923d1d39c17172c9b04149f142be92310ecc69e1358f94b52?s=96&d=mm&r=g","caption":"Med Ahmed"},"url":"https:\/\/lequotidien.mr\/?author=12"}]}},"_links":{"self":[{"href":"https:\/\/lequotidien.mr\/index.php?rest_route=\/wp\/v2\/posts\/30925","targetHints":{"allow":["GET"]}}],"collection":[{"href":"https:\/\/lequotidien.mr\/index.php?rest_route=\/wp\/v2\/posts"}],"about":[{"href":"https:\/\/lequotidien.mr\/index.php?rest_route=\/wp\/v2\/types\/post"}],"author":[{"embeddable":true,"href":"https:\/\/lequotidien.mr\/index.php?rest_route=\/wp\/v2\/users\/12"}],"replies":[{"embeddable":true,"href":"https:\/\/lequotidien.mr\/index.php?rest_route=%2Fwp%2Fv2%2Fcomments&post=30925"}],"version-history":[{"count":1,"href":"https:\/\/lequotidien.mr\/index.php?rest_route=\/wp\/v2\/posts\/30925\/revisions"}],"predecessor-version":[{"id":30927,"href":"https:\/\/lequotidien.mr\/index.php?rest_route=\/wp\/v2\/posts\/30925\/revisions\/30927"}],"wp:featuredmedia":[{"embeddable":true,"href":"https:\/\/lequotidien.mr\/index.php?rest_route=\/wp\/v2\/media\/30926"}],"wp:attachment":[{"href":"https:\/\/lequotidien.mr\/index.php?rest_route=%2Fwp%2Fv2%2Fmedia&parent=30925"}],"wp:term":[{"taxonomy":"category","embeddable":true,"href":"https:\/\/lequotidien.mr\/index.php?rest_route=%2Fwp%2Fv2%2Fcategories&post=30925"},{"taxonomy":"post_tag","embeddable":true,"href":"https:\/\/lequotidien.mr\/index.php?rest_route=%2Fwp%2Fv2%2Ftags&post=30925"}],"curies":[{"name":"wp","href":"https:\/\/api.w.org\/{rel}","templated":true}]}}