{"id":30907,"date":"2025-09-13T15:09:21","date_gmt":"2025-09-13T15:09:21","guid":{"rendered":"https:\/\/lequotidien.mr\/?p=30907"},"modified":"2025-09-13T15:09:21","modified_gmt":"2025-09-13T15:09:21","slug":"la-mauritanie-lance-un-projet-pionnier-de-centrale-hybride-de-60-mw-grace-a-un-partenariat-public-prive","status":"publish","type":"post","link":"https:\/\/lequotidien.mr\/?p=30907&lang=fr","title":{"rendered":"La Mauritanie lance un projet pionnier de centrale hybride de 60 MW gr\u00e2ce \u00e0 un partenariat public-priv\u00e9"},"content":{"rendered":"<p>Le <strong>Ministre de l\u2019\u00c9conomie et des Finances, M. Sid\u2019Ahmed Bouh<\/strong>, et son homologue de <strong>l\u2019\u00c9nergie et du P\u00e9trole, M. Mohamed Khaled<\/strong>, ont proc\u00e9d\u00e9, vendredi soir \u00e0 Nouakchott, \u00e0 la signature d\u2019un contrat ambitieux pour le financement, le d\u00e9veloppement, la construction et l\u2019exploitation d\u2019une centrale de production d\u2019\u00e9nergie hybride. Ce projet, d\u2019une capacit\u00e9 de 60 MW, combinera les technologies solaire et \u00e9olienne. Il a \u00e9t\u00e9 conclu avec <strong>M. Moulay El Arby, directeur du groupe \u00ab Ewa Green Energy \u00bb<\/strong>, sp\u00e9cialis\u00e9 dans les \u00e9nergies vertes.<\/p>\n<p><strong>Une premi\u00e8re nationale significative<\/strong><\/p>\n<p>S&#8217;exprimant lors de la c\u00e9r\u00e9monie de signature, le Ministre de l\u2019\u00c9conomie et des Finances, M. Sid\u2019Ahmed Bouh, a salu\u00e9 la nature pionni\u00e8re de cet accord. Il a en effet soulign\u00e9 qu\u2019il s\u2019agit\u00a0<strong>du premier projet de partenariat public-priv\u00e9 (PPP) dans le domaine de l\u2019\u00e9nergie<\/strong>\u00a0en Mauritanie, et surtout,\u00a0<strong>le premier projet de production d\u2019\u00e9lectricit\u00e9 port\u00e9 par des acteurs priv\u00e9s<\/strong>. <strong><em>\u00ab Ceci t\u00e9moigne de leur confiance dans la volont\u00e9 du gouvernement mauritanien de diversifier la base de production et de fournir des sources d\u2019\u00e9nergie durables au service de l\u2019\u00e9conomie \u00bb<\/em><\/strong>, a-t-il d\u00e9clar\u00e9.<\/p>\n<p>M. Bouh a pr\u00e9cis\u00e9 que cet accord s\u2019inscrit parfaitement dans la vision du <strong>Pr\u00e9sident de la R\u00e9publique, M. Mohamed Cheikh El Ghazouani<\/strong>, qui vise \u00e0\u00a0<strong>diversifier et acc\u00e9l\u00e9rer le rythme de la transition \u00e9nerg\u00e9tique<\/strong>. Les objectifs sont clairs : r\u00e9duire les \u00e9missions de gaz carbonique et renforcer significativement les capacit\u00e9s de production d\u2019\u00e9nergie \u00e9lectrique du pays.<\/p>\n<p><strong>Un avantage financier majeur<\/strong><\/p>\n<p>Le ministre a \u00e9galement mis en avant l\u2019avantage financier consid\u00e9rable de ce mode de partenariat. Il a qualifi\u00e9 le projet de <strong><em>\u00ab saut qualitatif \u00bb<\/em><\/strong> <strong><em>en mati\u00e8re de PPP<\/em><\/strong>, notamment en raison de\u00a0<strong>la r\u00e9duction significative de la charge sur les finances publiques<\/strong>\u00a0qu\u2019il permet. Pour rassurer l\u2019investisseur priv\u00e9 qui engage ses fonds dans ce projet strat\u00e9gique, le contrat comprend une\u00a0<strong>clause de r\u00e9ception et de paiement<\/strong>, offrant une garantie essentielle.<\/p>\n<p><strong>Une capacit\u00e9 de production renforc\u00e9e sans endettement<\/strong><\/p>\n<p>Pour sa part, le Ministre de l\u2019\u00c9nergie et du P\u00e9trole, M. Mohamed Khaled, a salu\u00e9 l\u2019apport qualitatif de ce projet au syst\u00e8me \u00e9lectrique national. Il a insist\u00e9 sur un point crucial :\u00a0l\u2019\u00c9tat mauritanien disposera de nouvelles installations \u00e9lectriques sans recourir \u00e0 l\u2019emprunt ou \u00e0 la dette ext\u00e9rieure. Int\u00e9gralement financ\u00e9 par le secteur priv\u00e9, le <strong>projet devrait \u00eatre achev\u00e9 dans un d\u00e9lai de 12 mois.<\/strong><\/p>\n<p>M. Khaled a conclu en laissant entendre que cet accord ne sera pas un cas isol\u00e9, affirmant la volont\u00e9 du gouvernement de <strong>renforcer le partenariat avec le secteur priv\u00e9 <\/strong>conform\u00e9ment \u00e0 sa nouvelle orientation strat\u00e9gique. Ce projet ouvre ainsi la voie \u00e0 une nouvelle \u00e8re pour le d\u00e9veloppement \u00e9nerg\u00e9tique durable et financi\u00e8rement responsable de la Mauritanie.<\/p>\n","protected":false},"excerpt":{"rendered":"<p>Le Ministre de l\u2019\u00c9conomie et des Finances, M. Sid\u2019Ahmed Bouh, et son homologue de l\u2019\u00c9nergie et du P\u00e9trole, M. Mohamed Khaled, ont proc\u00e9d\u00e9, vendredi soir \u00e0 Nouakchott, \u00e0 la signature d\u2019un contrat ambitieux pour le financement, le d\u00e9veloppement, la construction et l\u2019exploitation d\u2019une centrale de production d\u2019\u00e9nergie hybride. Ce projet, d\u2019une capacit\u00e9 de 60 MW,&#8230;..<\/p>\n","protected":false},"author":12,"featured_media":30909,"comment_status":"open","ping_status":"open","sticky":false,"template":"","format":"standard","meta":{"footnotes":""},"categories":[23,49],"tags":[],"class_list":["post-30907","post","type-post","status-publish","format-standard","has-post-thumbnail","hentry","category-actualite","category-economie"],"yoast_head":"<!-- This site is optimized with the Yoast SEO plugin v27.5 - https:\/\/yoast.com\/product\/yoast-seo-wordpress\/ -->\n<title>La Mauritanie lance un projet pionnier de centrale hybride de 60 MW gr\u00e2ce \u00e0 un partenariat public-priv\u00e9 - Le Quotidien de Nouakchott<\/title>\n<meta name=\"robots\" content=\"index, follow, max-snippet:-1, max-image-preview:large, max-video-preview:-1\" \/>\n<link rel=\"canonical\" href=\"https:\/\/lequotidien.mr\/?p=30907&lang=fr\" \/>\n<meta property=\"og:locale\" content=\"ar_AR\" \/>\n<meta property=\"og:type\" content=\"article\" \/>\n<meta property=\"og:title\" content=\"La Mauritanie lance un projet pionnier de centrale hybride de 60 MW gr\u00e2ce \u00e0 un partenariat public-priv\u00e9 - Le Quotidien de Nouakchott\" \/>\n<meta property=\"og:description\" content=\"Le Ministre de l\u2019\u00c9conomie et des Finances, M. Sid\u2019Ahmed Bouh, et son homologue de l\u2019\u00c9nergie et du P\u00e9trole, M. Mohamed Khaled, ont proc\u00e9d\u00e9, vendredi soir \u00e0 Nouakchott, \u00e0 la signature d\u2019un contrat ambitieux pour le financement, le d\u00e9veloppement, la construction et l\u2019exploitation d\u2019une centrale de production d\u2019\u00e9nergie hybride. Ce projet, d\u2019une capacit\u00e9 de 60 MW,.....\" \/>\n<meta property=\"og:url\" content=\"https:\/\/lequotidien.mr\/?p=30907&amp;lang=fr\" \/>\n<meta property=\"og:site_name\" content=\"Le Quotidien de Nouakchott\" \/>\n<meta property=\"article:publisher\" content=\"https:\/\/web.facebook.com\/lequotidienmr\" \/>\n<meta property=\"article:published_time\" content=\"2025-09-13T15:09:21+00:00\" \/>\n<meta property=\"og:image\" content=\"https:\/\/lequotidien.mr\/wp-content\/uploads\/2025\/09\/photo-centrale-hybride.jpg\" \/>\n\t<meta property=\"og:image:width\" content=\"655\" \/>\n\t<meta property=\"og:image:height\" content=\"430\" \/>\n\t<meta property=\"og:image:type\" content=\"image\/jpeg\" \/>\n<meta name=\"author\" content=\"Med Ahmed\" \/>\n<meta name=\"twitter:card\" content=\"summary_large_image\" \/>\n<meta name=\"twitter:creator\" content=\"@lequotidienmr\" \/>\n<meta name=\"twitter:site\" content=\"@lequotidienmr\" \/>\n<meta name=\"twitter:label1\" content=\"\u0643\u064f\u062a\u0628 \u0628\u0648\u0627\u0633\u0637\u0629\" \/>\n\t<meta name=\"twitter:data1\" content=\"Med Ahmed\" \/>\n\t<meta name=\"twitter:label2\" content=\"\u0648\u0642\u062a \u0627\u0644\u0642\u0631\u0627\u0621\u0629 \u0627\u0644\u0645\u064f\u0642\u062f\u0651\u0631\" \/>\n\t<meta name=\"twitter:data2\" content=\"4 \u062f\u0642\u0627\u0626\u0642\" \/>\n<script type=\"application\/ld+json\" class=\"yoast-schema-graph\">{\"@context\":\"https:\\\/\\\/schema.org\",\"@graph\":[{\"@type\":\"Article\",\"@id\":\"https:\\\/\\\/lequotidien.mr\\\/?p=30907&lang=fr#article\",\"isPartOf\":{\"@id\":\"https:\\\/\\\/lequotidien.mr\\\/?p=30907&lang=fr\"},\"author\":{\"name\":\"Med Ahmed\",\"@id\":\"https:\\\/\\\/lequotidien.mr\\\/#\\\/schema\\\/person\\\/d2d350202a4d599685ed8abc25f97596\"},\"headline\":\"La Mauritanie lance un projet pionnier de centrale hybride de 60 MW gr\u00e2ce \u00e0 un partenariat public-priv\u00e9\",\"datePublished\":\"2025-09-13T15:09:21+00:00\",\"mainEntityOfPage\":{\"@id\":\"https:\\\/\\\/lequotidien.mr\\\/?p=30907&lang=fr\"},\"wordCount\":497,\"commentCount\":0,\"publisher\":{\"@id\":\"https:\\\/\\\/lequotidien.mr\\\/#organization\"},\"image\":{\"@id\":\"https:\\\/\\\/lequotidien.mr\\\/?p=30907&lang=fr#primaryimage\"},\"thumbnailUrl\":\"https:\\\/\\\/lequotidien.mr\\\/wp-content\\\/uploads\\\/2025\\\/09\\\/photo-centrale-hybride.jpg\",\"articleSection\":[\"ACTUALIT\u00c9\",\"Economie\"],\"inLanguage\":\"ar\",\"potentialAction\":[{\"@type\":\"CommentAction\",\"name\":\"Comment\",\"target\":[\"https:\\\/\\\/lequotidien.mr\\\/?p=30907&lang=fr#respond\"]}]},{\"@type\":\"WebPage\",\"@id\":\"https:\\\/\\\/lequotidien.mr\\\/?p=30907&lang=fr\",\"url\":\"https:\\\/\\\/lequotidien.mr\\\/?p=30907&lang=fr\",\"name\":\"La Mauritanie lance un projet pionnier de centrale hybride de 60 MW gr\u00e2ce \u00e0 un partenariat public-priv\u00e9 - Le Quotidien de Nouakchott\",\"isPartOf\":{\"@id\":\"https:\\\/\\\/lequotidien.mr\\\/#website\"},\"primaryImageOfPage\":{\"@id\":\"https:\\\/\\\/lequotidien.mr\\\/?p=30907&lang=fr#primaryimage\"},\"image\":{\"@id\":\"https:\\\/\\\/lequotidien.mr\\\/?p=30907&lang=fr#primaryimage\"},\"thumbnailUrl\":\"https:\\\/\\\/lequotidien.mr\\\/wp-content\\\/uploads\\\/2025\\\/09\\\/photo-centrale-hybride.jpg\",\"datePublished\":\"2025-09-13T15:09:21+00:00\",\"breadcrumb\":{\"@id\":\"https:\\\/\\\/lequotidien.mr\\\/?p=30907&lang=fr#breadcrumb\"},\"inLanguage\":\"ar\",\"potentialAction\":[{\"@type\":\"ReadAction\",\"target\":[\"https:\\\/\\\/lequotidien.mr\\\/?p=30907&lang=fr\"]}]},{\"@type\":\"ImageObject\",\"inLanguage\":\"ar\",\"@id\":\"https:\\\/\\\/lequotidien.mr\\\/?p=30907&lang=fr#primaryimage\",\"url\":\"https:\\\/\\\/lequotidien.mr\\\/wp-content\\\/uploads\\\/2025\\\/09\\\/photo-centrale-hybride.jpg\",\"contentUrl\":\"https:\\\/\\\/lequotidien.mr\\\/wp-content\\\/uploads\\\/2025\\\/09\\\/photo-centrale-hybride.jpg\",\"width\":655,\"height\":430},{\"@type\":\"BreadcrumbList\",\"@id\":\"https:\\\/\\\/lequotidien.mr\\\/?p=30907&lang=fr#breadcrumb\",\"itemListElement\":[{\"@type\":\"ListItem\",\"position\":1,\"name\":\"Home\",\"item\":\"https:\\\/\\\/lequotidien.mr\\\/\"},{\"@type\":\"ListItem\",\"position\":2,\"name\":\"La Mauritanie lance un projet pionnier de centrale hybride de 60 MW gr\u00e2ce \u00e0 un partenariat public-priv\u00e9\"}]},{\"@type\":\"WebSite\",\"@id\":\"https:\\\/\\\/lequotidien.mr\\\/#website\",\"url\":\"https:\\\/\\\/lequotidien.mr\\\/\",\"name\":\"Le Quotidien de Nouakchott\",\"description\":\"\u0625\u062e\u0628\u0627\u0631\u064a\u0629 \u0645\u0633\u062a\u0642\u0644\u0629 \u0644\u0644\u0623\u0646\u0628\u0627\u0621 \u0627\u0644\u0639\u0627\u0645\u0629\",\"publisher\":{\"@id\":\"https:\\\/\\\/lequotidien.mr\\\/#organization\"},\"potentialAction\":[{\"@type\":\"SearchAction\",\"target\":{\"@type\":\"EntryPoint\",\"urlTemplate\":\"https:\\\/\\\/lequotidien.mr\\\/?s={search_term_string}\"},\"query-input\":{\"@type\":\"PropertyValueSpecification\",\"valueRequired\":true,\"valueName\":\"search_term_string\"}}],\"inLanguage\":\"ar\"},{\"@type\":\"Organization\",\"@id\":\"https:\\\/\\\/lequotidien.mr\\\/#organization\",\"name\":\"Le Quotidien de Nouakchott\",\"url\":\"https:\\\/\\\/lequotidien.mr\\\/\",\"logo\":{\"@type\":\"ImageObject\",\"inLanguage\":\"ar\",\"@id\":\"https:\\\/\\\/lequotidien.mr\\\/#\\\/schema\\\/logo\\\/image\\\/\",\"url\":\"https:\\\/\\\/lequotidien.mr\\\/wp-content\\\/uploads\\\/2022\\\/11\\\/logolequotidien.jpg\",\"contentUrl\":\"https:\\\/\\\/lequotidien.mr\\\/wp-content\\\/uploads\\\/2022\\\/11\\\/logolequotidien.jpg\",\"width\":290,\"height\":65,\"caption\":\"Le Quotidien de Nouakchott\"},\"image\":{\"@id\":\"https:\\\/\\\/lequotidien.mr\\\/#\\\/schema\\\/logo\\\/image\\\/\"},\"sameAs\":[\"https:\\\/\\\/web.facebook.com\\\/lequotidienmr\",\"https:\\\/\\\/x.com\\\/lequotidienmr\"]},{\"@type\":\"Person\",\"@id\":\"https:\\\/\\\/lequotidien.mr\\\/#\\\/schema\\\/person\\\/d2d350202a4d599685ed8abc25f97596\",\"name\":\"Med Ahmed\",\"image\":{\"@type\":\"ImageObject\",\"inLanguage\":\"ar\",\"@id\":\"https:\\\/\\\/secure.gravatar.com\\\/avatar\\\/fd2acc62ed50732923d1d39c17172c9b04149f142be92310ecc69e1358f94b52?s=96&d=mm&r=g\",\"url\":\"https:\\\/\\\/secure.gravatar.com\\\/avatar\\\/fd2acc62ed50732923d1d39c17172c9b04149f142be92310ecc69e1358f94b52?s=96&d=mm&r=g\",\"contentUrl\":\"https:\\\/\\\/secure.gravatar.com\\\/avatar\\\/fd2acc62ed50732923d1d39c17172c9b04149f142be92310ecc69e1358f94b52?s=96&d=mm&r=g\",\"caption\":\"Med Ahmed\"},\"url\":\"https:\\\/\\\/lequotidien.mr\\\/?author=12\"}]}<\/script>\n<!-- \/ Yoast SEO plugin. -->","yoast_head_json":{"title":"La Mauritanie lance un projet pionnier de centrale hybride de 60 MW gr\u00e2ce \u00e0 un partenariat public-priv\u00e9 - Le Quotidien de Nouakchott","robots":{"index":"index","follow":"follow","max-snippet":"max-snippet:-1","max-image-preview":"max-image-preview:large","max-video-preview":"max-video-preview:-1"},"canonical":"https:\/\/lequotidien.mr\/?p=30907&lang=fr","og_locale":"ar_AR","og_type":"article","og_title":"La Mauritanie lance un projet pionnier de centrale hybride de 60 MW gr\u00e2ce \u00e0 un partenariat public-priv\u00e9 - Le Quotidien de Nouakchott","og_description":"Le Ministre de l\u2019\u00c9conomie et des Finances, M. Sid\u2019Ahmed Bouh, et son homologue de l\u2019\u00c9nergie et du P\u00e9trole, M. Mohamed Khaled, ont proc\u00e9d\u00e9, vendredi soir \u00e0 Nouakchott, \u00e0 la signature d\u2019un contrat ambitieux pour le financement, le d\u00e9veloppement, la construction et l\u2019exploitation d\u2019une centrale de production d\u2019\u00e9nergie hybride. Ce projet, d\u2019une capacit\u00e9 de 60 MW,.....","og_url":"https:\/\/lequotidien.mr\/?p=30907&lang=fr","og_site_name":"Le Quotidien de Nouakchott","article_publisher":"https:\/\/web.facebook.com\/lequotidienmr","article_published_time":"2025-09-13T15:09:21+00:00","og_image":[{"width":655,"height":430,"url":"https:\/\/lequotidien.mr\/wp-content\/uploads\/2025\/09\/photo-centrale-hybride.jpg","type":"image\/jpeg"}],"author":"Med Ahmed","twitter_card":"summary_large_image","twitter_creator":"@lequotidienmr","twitter_site":"@lequotidienmr","twitter_misc":{"\u0643\u064f\u062a\u0628 \u0628\u0648\u0627\u0633\u0637\u0629":"Med Ahmed","\u0648\u0642\u062a \u0627\u0644\u0642\u0631\u0627\u0621\u0629 \u0627\u0644\u0645\u064f\u0642\u062f\u0651\u0631":"4 \u062f\u0642\u0627\u0626\u0642"},"schema":{"@context":"https:\/\/schema.org","@graph":[{"@type":"Article","@id":"https:\/\/lequotidien.mr\/?p=30907&lang=fr#article","isPartOf":{"@id":"https:\/\/lequotidien.mr\/?p=30907&lang=fr"},"author":{"name":"Med Ahmed","@id":"https:\/\/lequotidien.mr\/#\/schema\/person\/d2d350202a4d599685ed8abc25f97596"},"headline":"La Mauritanie lance un projet pionnier de centrale hybride de 60 MW gr\u00e2ce \u00e0 un partenariat public-priv\u00e9","datePublished":"2025-09-13T15:09:21+00:00","mainEntityOfPage":{"@id":"https:\/\/lequotidien.mr\/?p=30907&lang=fr"},"wordCount":497,"commentCount":0,"publisher":{"@id":"https:\/\/lequotidien.mr\/#organization"},"image":{"@id":"https:\/\/lequotidien.mr\/?p=30907&lang=fr#primaryimage"},"thumbnailUrl":"https:\/\/lequotidien.mr\/wp-content\/uploads\/2025\/09\/photo-centrale-hybride.jpg","articleSection":["ACTUALIT\u00c9","Economie"],"inLanguage":"ar","potentialAction":[{"@type":"CommentAction","name":"Comment","target":["https:\/\/lequotidien.mr\/?p=30907&lang=fr#respond"]}]},{"@type":"WebPage","@id":"https:\/\/lequotidien.mr\/?p=30907&lang=fr","url":"https:\/\/lequotidien.mr\/?p=30907&lang=fr","name":"La Mauritanie lance un projet pionnier de centrale hybride de 60 MW gr\u00e2ce \u00e0 un partenariat public-priv\u00e9 - Le Quotidien de Nouakchott","isPartOf":{"@id":"https:\/\/lequotidien.mr\/#website"},"primaryImageOfPage":{"@id":"https:\/\/lequotidien.mr\/?p=30907&lang=fr#primaryimage"},"image":{"@id":"https:\/\/lequotidien.mr\/?p=30907&lang=fr#primaryimage"},"thumbnailUrl":"https:\/\/lequotidien.mr\/wp-content\/uploads\/2025\/09\/photo-centrale-hybride.jpg","datePublished":"2025-09-13T15:09:21+00:00","breadcrumb":{"@id":"https:\/\/lequotidien.mr\/?p=30907&lang=fr#breadcrumb"},"inLanguage":"ar","potentialAction":[{"@type":"ReadAction","target":["https:\/\/lequotidien.mr\/?p=30907&lang=fr"]}]},{"@type":"ImageObject","inLanguage":"ar","@id":"https:\/\/lequotidien.mr\/?p=30907&lang=fr#primaryimage","url":"https:\/\/lequotidien.mr\/wp-content\/uploads\/2025\/09\/photo-centrale-hybride.jpg","contentUrl":"https:\/\/lequotidien.mr\/wp-content\/uploads\/2025\/09\/photo-centrale-hybride.jpg","width":655,"height":430},{"@type":"BreadcrumbList","@id":"https:\/\/lequotidien.mr\/?p=30907&lang=fr#breadcrumb","itemListElement":[{"@type":"ListItem","position":1,"name":"Home","item":"https:\/\/lequotidien.mr\/"},{"@type":"ListItem","position":2,"name":"La Mauritanie lance un projet pionnier de centrale hybride de 60 MW gr\u00e2ce \u00e0 un partenariat public-priv\u00e9"}]},{"@type":"WebSite","@id":"https:\/\/lequotidien.mr\/#website","url":"https:\/\/lequotidien.mr\/","name":"Le Quotidien de Nouakchott","description":"\u0625\u062e\u0628\u0627\u0631\u064a\u0629 \u0645\u0633\u062a\u0642\u0644\u0629 \u0644\u0644\u0623\u0646\u0628\u0627\u0621 \u0627\u0644\u0639\u0627\u0645\u0629","publisher":{"@id":"https:\/\/lequotidien.mr\/#organization"},"potentialAction":[{"@type":"SearchAction","target":{"@type":"EntryPoint","urlTemplate":"https:\/\/lequotidien.mr\/?s={search_term_string}"},"query-input":{"@type":"PropertyValueSpecification","valueRequired":true,"valueName":"search_term_string"}}],"inLanguage":"ar"},{"@type":"Organization","@id":"https:\/\/lequotidien.mr\/#organization","name":"Le Quotidien de Nouakchott","url":"https:\/\/lequotidien.mr\/","logo":{"@type":"ImageObject","inLanguage":"ar","@id":"https:\/\/lequotidien.mr\/#\/schema\/logo\/image\/","url":"https:\/\/lequotidien.mr\/wp-content\/uploads\/2022\/11\/logolequotidien.jpg","contentUrl":"https:\/\/lequotidien.mr\/wp-content\/uploads\/2022\/11\/logolequotidien.jpg","width":290,"height":65,"caption":"Le Quotidien de Nouakchott"},"image":{"@id":"https:\/\/lequotidien.mr\/#\/schema\/logo\/image\/"},"sameAs":["https:\/\/web.facebook.com\/lequotidienmr","https:\/\/x.com\/lequotidienmr"]},{"@type":"Person","@id":"https:\/\/lequotidien.mr\/#\/schema\/person\/d2d350202a4d599685ed8abc25f97596","name":"Med Ahmed","image":{"@type":"ImageObject","inLanguage":"ar","@id":"https:\/\/secure.gravatar.com\/avatar\/fd2acc62ed50732923d1d39c17172c9b04149f142be92310ecc69e1358f94b52?s=96&d=mm&r=g","url":"https:\/\/secure.gravatar.com\/avatar\/fd2acc62ed50732923d1d39c17172c9b04149f142be92310ecc69e1358f94b52?s=96&d=mm&r=g","contentUrl":"https:\/\/secure.gravatar.com\/avatar\/fd2acc62ed50732923d1d39c17172c9b04149f142be92310ecc69e1358f94b52?s=96&d=mm&r=g","caption":"Med Ahmed"},"url":"https:\/\/lequotidien.mr\/?author=12"}]}},"_links":{"self":[{"href":"https:\/\/lequotidien.mr\/index.php?rest_route=\/wp\/v2\/posts\/30907","targetHints":{"allow":["GET"]}}],"collection":[{"href":"https:\/\/lequotidien.mr\/index.php?rest_route=\/wp\/v2\/posts"}],"about":[{"href":"https:\/\/lequotidien.mr\/index.php?rest_route=\/wp\/v2\/types\/post"}],"author":[{"embeddable":true,"href":"https:\/\/lequotidien.mr\/index.php?rest_route=\/wp\/v2\/users\/12"}],"replies":[{"embeddable":true,"href":"https:\/\/lequotidien.mr\/index.php?rest_route=%2Fwp%2Fv2%2Fcomments&post=30907"}],"version-history":[{"count":2,"href":"https:\/\/lequotidien.mr\/index.php?rest_route=\/wp\/v2\/posts\/30907\/revisions"}],"predecessor-version":[{"id":30910,"href":"https:\/\/lequotidien.mr\/index.php?rest_route=\/wp\/v2\/posts\/30907\/revisions\/30910"}],"wp:featuredmedia":[{"embeddable":true,"href":"https:\/\/lequotidien.mr\/index.php?rest_route=\/wp\/v2\/media\/30909"}],"wp:attachment":[{"href":"https:\/\/lequotidien.mr\/index.php?rest_route=%2Fwp%2Fv2%2Fmedia&parent=30907"}],"wp:term":[{"taxonomy":"category","embeddable":true,"href":"https:\/\/lequotidien.mr\/index.php?rest_route=%2Fwp%2Fv2%2Fcategories&post=30907"},{"taxonomy":"post_tag","embeddable":true,"href":"https:\/\/lequotidien.mr\/index.php?rest_route=%2Fwp%2Fv2%2Ftags&post=30907"}],"curies":[{"name":"wp","href":"https:\/\/api.w.org\/{rel}","templated":true}]}}