{"id":30904,"date":"2025-09-13T13:59:31","date_gmt":"2025-09-13T13:59:31","guid":{"rendered":"https:\/\/lequotidien.mr\/?p=30904"},"modified":"2025-09-13T13:59:31","modified_gmt":"2025-09-13T13:59:31","slug":"la-mauritanie-et-le-senegal-renforcent-leur-vigilance-face-aux-menaces-venues-du-mali","status":"publish","type":"post","link":"https:\/\/lequotidien.mr\/?p=30904&lang=fr","title":{"rendered":"\u00a0\u00a0La Mauritanie et le S\u00e9n\u00e9gal renforcent leur vigilance face aux menaces venues du Mali"},"content":{"rendered":"<p>Les forces arm\u00e9es mauritaniennes et s\u00e9n\u00e9galaises ont intensifi\u00e9 leur coop\u00e9ration s\u00e9curitaire dans la zone frontali\u00e8re commune, dans un contexte marqu\u00e9 par la recrudescence des violences terroristes au Mali voisin. Une patrouille fluviale conjointe a r\u00e9cemment sillonn\u00e9 plusieurs localit\u00e9s entre Bakel-Aroundou et Diougountourou, \u00e0 proximit\u00e9 de la fronti\u00e8re malienne, selon un communiqu\u00e9 de la Direction de l\u2019information et des relations publiques des arm\u00e9es (DIRPA) du S\u00e9n\u00e9gal.<\/p>\n<h3>Une coordination strat\u00e9gique pour s\u00e9curiser les fronti\u00e8res<\/h3>\n<p>Pour Nouakchott, cette op\u00e9ration t\u00e9moigne d\u2019une volont\u00e9 claire de renforcer la coordination militaire avec Dakar. D\u00e9j\u00e0 en mai dernier, deux patrouilles mixtes avaient \u00e9t\u00e9 men\u00e9es, dont une avec la Mauritanie, illustrant une dynamique de coop\u00e9ration soutenue. Ces initiatives viennent compl\u00e9ter l\u2019\u00ab Op\u00e9ration Karangu\u00e9 \u00bb, d\u00e9ploy\u00e9e par le S\u00e9n\u00e9gal pour s\u00e9curiser ses r\u00e9gions frontali\u00e8res de Tambacounda et K\u00e9dougou, zones particuli\u00e8rement expos\u00e9es aux infiltrations arm\u00e9es venues du Mali.<\/p>\n<p>La Mauritanie, qui partage une longue fronti\u00e8re avec ce pays, suit avec attention l\u2019\u00e9volution s\u00e9curitaire dans la r\u00e9gion de Kayes, de Nioro et de S\u00e9gou, o\u00f9 le Groupe de soutien \u00e0 l\u2019Islam et aux musulmans (GSIM\/JNIM) multiplie les attaques. Ces incursions fragilisent la stabilit\u00e9 r\u00e9gionale et menacent directement les corridors commerciaux, essentiels aux \u00e9changes entre le S\u00e9n\u00e9gal, le Mali et la Mauritanie.<\/p>\n<h3>Le spectre malien aux portes de la Mauritanie<\/h3>\n<p>La Mauritanie, qui a jusque-l\u00e0 r\u00e9ussi \u00e0 contenir sur son sol les actions terroristes gr\u00e2ce \u00e0 une strat\u00e9gie pr\u00e9ventive et une vigilance accrue de ses forces arm\u00e9es, ne peut ignorer la d\u00e9t\u00e9rioration rapide de la situation au Mali. Le blocus impos\u00e9 r\u00e9cemment par les groupes arm\u00e9s sur les villes de Kayes et Nioro, ainsi que l\u2019attaque du corridor Kidira-Bamako, rappellent combien la menace reste proche.<\/p>\n<p>Le rapt de chauffeurs s\u00e9n\u00e9galais d\u00e9but septembre et leur lib\u00e9ration ult\u00e9rieure illustrent la vuln\u00e9rabilit\u00e9 des transporteurs et, au-del\u00e0, la fragilit\u00e9 des flux \u00e9conomiques. Le corridor Dakar-Bamako, vital pour l\u2019approvisionnement du Mali, mais aussi pour les \u00e9changes commerciaux avec la Mauritanie, reste une cible privil\u00e9gi\u00e9e des groupes terroristes.<\/p>\n<h3>Un enjeu \u00e9conomique et s\u00e9curitaire partag\u00e9<\/h3>\n<p>Pour Nouakchott, la s\u00e9curisation de ces axes d\u00e9passe la seule dimension militaire : il s\u2019agit aussi d\u2019un enjeu \u00e9conomique strat\u00e9gique. Le Mali, premier partenaire africain du S\u00e9n\u00e9gal, concentre plus de 800 milliards de francs CFA d\u2019exportations s\u00e9n\u00e9galaises en 2024, dont une partie transite par les infrastructures portuaires mauritaniennes. Toute perturbation de ces routes affecte donc indirectement la Mauritanie, \u00e0 la fois partenaire \u00e9conomique et \u00c9tat voisin.<\/p>\n<h3>La n\u00e9cessit\u00e9 d\u2019une vigilance constante<\/h3>\n<p>Les patrouilles conjointes s\u00e9n\u00e9galo-mauritaniennes traduisent une prise de conscience r\u00e9gionale : face \u00e0 la menace djihadiste persistante, aucun pays n\u2019est \u00e0 l\u2019abri. Pour la Mauritanie, il s\u2019agit de rester dans une posture proactive, en soutenant la s\u00e9curisation des zones frontali\u00e8res et en maintenant une coop\u00e9ration militaire \u00e9troite avec ses voisins.<\/p>\n<p>Car, au-del\u00e0 des op\u00e9rations ponctuelles, la v\u00e9ritable bataille reste celle de la r\u00e9silience r\u00e9gionale face \u00e0 un terrorisme qui exploite chaque faille. Dans ce contexte, Nouakchott veut appara\u00eetre non pas comme un simple spectateur, mais comme un acteur vigilant et d\u00e9termin\u00e9 \u00e0 d\u00e9fendre sa stabilit\u00e9, tout en s\u2019assurant que l\u2019ins\u00e9curit\u00e9 malienne ne d\u00e9borde pas sur son territoire.<\/p>\n<p>&nbsp;<\/p>\n<p>&nbsp;<\/p>\n","protected":false},"excerpt":{"rendered":"<p>Les forces arm\u00e9es mauritaniennes et s\u00e9n\u00e9galaises ont intensifi\u00e9 leur coop\u00e9ration s\u00e9curitaire dans la zone frontali\u00e8re commune, dans un contexte marqu\u00e9 par la recrudescence des violences terroristes au Mali voisin. Une patrouille fluviale conjointe a r\u00e9cemment sillonn\u00e9 plusieurs localit\u00e9s entre Bakel-Aroundou et Diougountourou, \u00e0 proximit\u00e9 de la fronti\u00e8re malienne, selon un communiqu\u00e9 de la Direction de&#8230;..<\/p>\n","protected":false},"author":4,"featured_media":30905,"comment_status":"open","ping_status":"open","sticky":false,"template":"","format":"standard","meta":{"footnotes":""},"categories":[23,57],"tags":[],"class_list":["post-30904","post","type-post","status-publish","format-standard","has-post-thumbnail","hentry","category-actualite","category-couverture-specilale"],"yoast_head":"<!-- This site is optimized with the Yoast SEO plugin v27.5 - https:\/\/yoast.com\/product\/yoast-seo-wordpress\/ -->\n<title>\u00a0\u00a0La Mauritanie et le S\u00e9n\u00e9gal renforcent leur vigilance face aux menaces venues du Mali - Le Quotidien de Nouakchott<\/title>\n<meta name=\"robots\" content=\"index, follow, max-snippet:-1, max-image-preview:large, max-video-preview:-1\" \/>\n<link rel=\"canonical\" href=\"https:\/\/lequotidien.mr\/?p=30904&lang=fr\" \/>\n<meta property=\"og:locale\" content=\"ar_AR\" \/>\n<meta property=\"og:type\" content=\"article\" \/>\n<meta property=\"og:title\" content=\"\u00a0\u00a0La Mauritanie et le S\u00e9n\u00e9gal renforcent leur vigilance face aux menaces venues du Mali - Le Quotidien de Nouakchott\" \/>\n<meta property=\"og:description\" content=\"Les forces arm\u00e9es mauritaniennes et s\u00e9n\u00e9galaises ont intensifi\u00e9 leur coop\u00e9ration s\u00e9curitaire dans la zone frontali\u00e8re commune, dans un contexte marqu\u00e9 par la recrudescence des violences terroristes au Mali voisin. Une patrouille fluviale conjointe a r\u00e9cemment sillonn\u00e9 plusieurs localit\u00e9s entre Bakel-Aroundou et Diougountourou, \u00e0 proximit\u00e9 de la fronti\u00e8re malienne, selon un communiqu\u00e9 de la Direction de.....\" \/>\n<meta property=\"og:url\" content=\"https:\/\/lequotidien.mr\/?p=30904&amp;lang=fr\" \/>\n<meta property=\"og:site_name\" content=\"Le Quotidien de Nouakchott\" \/>\n<meta property=\"article:publisher\" content=\"https:\/\/web.facebook.com\/lequotidienmr\" \/>\n<meta property=\"article:published_time\" content=\"2025-09-13T13:59:31+00:00\" \/>\n<meta property=\"og:image\" content=\"https:\/\/lequotidien.mr\/wp-content\/uploads\/2025\/09\/G0hHZ0lXQAESSnx-1-1.jpg\" \/>\n\t<meta property=\"og:image:width\" content=\"1000\" \/>\n\t<meta property=\"og:image:height\" content=\"750\" \/>\n\t<meta property=\"og:image:type\" content=\"image\/jpeg\" \/>\n<meta name=\"author\" content=\"Le Quotidien\" \/>\n<meta name=\"twitter:card\" content=\"summary_large_image\" \/>\n<meta name=\"twitter:creator\" content=\"@lequotidienmr\" \/>\n<meta name=\"twitter:site\" content=\"@lequotidienmr\" \/>\n<meta name=\"twitter:label1\" content=\"\u0643\u064f\u062a\u0628 \u0628\u0648\u0627\u0633\u0637\u0629\" \/>\n\t<meta name=\"twitter:data1\" content=\"Le Quotidien\" \/>\n\t<meta name=\"twitter:label2\" content=\"\u0648\u0642\u062a \u0627\u0644\u0642\u0631\u0627\u0621\u0629 \u0627\u0644\u0645\u064f\u0642\u062f\u0651\u0631\" \/>\n\t<meta name=\"twitter:data2\" content=\"4 \u062f\u0642\u0627\u0626\u0642\" \/>\n<script type=\"application\/ld+json\" class=\"yoast-schema-graph\">{\"@context\":\"https:\\\/\\\/schema.org\",\"@graph\":[{\"@type\":\"Article\",\"@id\":\"https:\\\/\\\/lequotidien.mr\\\/?p=30904&lang=fr#article\",\"isPartOf\":{\"@id\":\"https:\\\/\\\/lequotidien.mr\\\/?p=30904&lang=fr\"},\"author\":{\"name\":\"Le Quotidien\",\"@id\":\"https:\\\/\\\/lequotidien.mr\\\/#\\\/schema\\\/person\\\/f90fcdaa970c60288de4ed2e64a56472\"},\"headline\":\"\u00a0\u00a0La Mauritanie et le S\u00e9n\u00e9gal renforcent leur vigilance face aux menaces venues du Mali\",\"datePublished\":\"2025-09-13T13:59:31+00:00\",\"mainEntityOfPage\":{\"@id\":\"https:\\\/\\\/lequotidien.mr\\\/?p=30904&lang=fr\"},\"wordCount\":605,\"commentCount\":0,\"publisher\":{\"@id\":\"https:\\\/\\\/lequotidien.mr\\\/#organization\"},\"image\":{\"@id\":\"https:\\\/\\\/lequotidien.mr\\\/?p=30904&lang=fr#primaryimage\"},\"thumbnailUrl\":\"https:\\\/\\\/lequotidien.mr\\\/wp-content\\\/uploads\\\/2025\\\/09\\\/G0hHZ0lXQAESSnx-1-1.jpg\",\"articleSection\":[\"ACTUALIT\u00c9\",\"Couverture sp\u00e9cilale\"],\"inLanguage\":\"ar\",\"potentialAction\":[{\"@type\":\"CommentAction\",\"name\":\"Comment\",\"target\":[\"https:\\\/\\\/lequotidien.mr\\\/?p=30904&lang=fr#respond\"]}]},{\"@type\":\"WebPage\",\"@id\":\"https:\\\/\\\/lequotidien.mr\\\/?p=30904&lang=fr\",\"url\":\"https:\\\/\\\/lequotidien.mr\\\/?p=30904&lang=fr\",\"name\":\"\u00a0\u00a0La Mauritanie et le S\u00e9n\u00e9gal renforcent leur vigilance face aux menaces venues du Mali - Le Quotidien de Nouakchott\",\"isPartOf\":{\"@id\":\"https:\\\/\\\/lequotidien.mr\\\/#website\"},\"primaryImageOfPage\":{\"@id\":\"https:\\\/\\\/lequotidien.mr\\\/?p=30904&lang=fr#primaryimage\"},\"image\":{\"@id\":\"https:\\\/\\\/lequotidien.mr\\\/?p=30904&lang=fr#primaryimage\"},\"thumbnailUrl\":\"https:\\\/\\\/lequotidien.mr\\\/wp-content\\\/uploads\\\/2025\\\/09\\\/G0hHZ0lXQAESSnx-1-1.jpg\",\"datePublished\":\"2025-09-13T13:59:31+00:00\",\"breadcrumb\":{\"@id\":\"https:\\\/\\\/lequotidien.mr\\\/?p=30904&lang=fr#breadcrumb\"},\"inLanguage\":\"ar\",\"potentialAction\":[{\"@type\":\"ReadAction\",\"target\":[\"https:\\\/\\\/lequotidien.mr\\\/?p=30904&lang=fr\"]}]},{\"@type\":\"ImageObject\",\"inLanguage\":\"ar\",\"@id\":\"https:\\\/\\\/lequotidien.mr\\\/?p=30904&lang=fr#primaryimage\",\"url\":\"https:\\\/\\\/lequotidien.mr\\\/wp-content\\\/uploads\\\/2025\\\/09\\\/G0hHZ0lXQAESSnx-1-1.jpg\",\"contentUrl\":\"https:\\\/\\\/lequotidien.mr\\\/wp-content\\\/uploads\\\/2025\\\/09\\\/G0hHZ0lXQAESSnx-1-1.jpg\",\"width\":1000,\"height\":750},{\"@type\":\"BreadcrumbList\",\"@id\":\"https:\\\/\\\/lequotidien.mr\\\/?p=30904&lang=fr#breadcrumb\",\"itemListElement\":[{\"@type\":\"ListItem\",\"position\":1,\"name\":\"Home\",\"item\":\"https:\\\/\\\/lequotidien.mr\\\/\"},{\"@type\":\"ListItem\",\"position\":2,\"name\":\"\u00a0\u00a0La Mauritanie et le S\u00e9n\u00e9gal renforcent leur vigilance face aux menaces venues du Mali\"}]},{\"@type\":\"WebSite\",\"@id\":\"https:\\\/\\\/lequotidien.mr\\\/#website\",\"url\":\"https:\\\/\\\/lequotidien.mr\\\/\",\"name\":\"Le Quotidien de Nouakchott\",\"description\":\"\u0625\u062e\u0628\u0627\u0631\u064a\u0629 \u0645\u0633\u062a\u0642\u0644\u0629 \u0644\u0644\u0623\u0646\u0628\u0627\u0621 \u0627\u0644\u0639\u0627\u0645\u0629\",\"publisher\":{\"@id\":\"https:\\\/\\\/lequotidien.mr\\\/#organization\"},\"potentialAction\":[{\"@type\":\"SearchAction\",\"target\":{\"@type\":\"EntryPoint\",\"urlTemplate\":\"https:\\\/\\\/lequotidien.mr\\\/?s={search_term_string}\"},\"query-input\":{\"@type\":\"PropertyValueSpecification\",\"valueRequired\":true,\"valueName\":\"search_term_string\"}}],\"inLanguage\":\"ar\"},{\"@type\":\"Organization\",\"@id\":\"https:\\\/\\\/lequotidien.mr\\\/#organization\",\"name\":\"Le Quotidien de Nouakchott\",\"url\":\"https:\\\/\\\/lequotidien.mr\\\/\",\"logo\":{\"@type\":\"ImageObject\",\"inLanguage\":\"ar\",\"@id\":\"https:\\\/\\\/lequotidien.mr\\\/#\\\/schema\\\/logo\\\/image\\\/\",\"url\":\"https:\\\/\\\/lequotidien.mr\\\/wp-content\\\/uploads\\\/2022\\\/11\\\/logolequotidien.jpg\",\"contentUrl\":\"https:\\\/\\\/lequotidien.mr\\\/wp-content\\\/uploads\\\/2022\\\/11\\\/logolequotidien.jpg\",\"width\":290,\"height\":65,\"caption\":\"Le Quotidien de Nouakchott\"},\"image\":{\"@id\":\"https:\\\/\\\/lequotidien.mr\\\/#\\\/schema\\\/logo\\\/image\\\/\"},\"sameAs\":[\"https:\\\/\\\/web.facebook.com\\\/lequotidienmr\",\"https:\\\/\\\/x.com\\\/lequotidienmr\"]},{\"@type\":\"Person\",\"@id\":\"https:\\\/\\\/lequotidien.mr\\\/#\\\/schema\\\/person\\\/f90fcdaa970c60288de4ed2e64a56472\",\"name\":\"Le Quotidien\",\"image\":{\"@type\":\"ImageObject\",\"inLanguage\":\"ar\",\"@id\":\"https:\\\/\\\/secure.gravatar.com\\\/avatar\\\/374cb39a1a458a912465a93e5a3ce6546886fc3da809a1f10c63e4e8fcbca30f?s=96&d=mm&r=g\",\"url\":\"https:\\\/\\\/secure.gravatar.com\\\/avatar\\\/374cb39a1a458a912465a93e5a3ce6546886fc3da809a1f10c63e4e8fcbca30f?s=96&d=mm&r=g\",\"contentUrl\":\"https:\\\/\\\/secure.gravatar.com\\\/avatar\\\/374cb39a1a458a912465a93e5a3ce6546886fc3da809a1f10c63e4e8fcbca30f?s=96&d=mm&r=g\",\"caption\":\"Le Quotidien\"},\"sameAs\":[\"https:\\\/\\\/lequotidien.mr\\\/\"],\"url\":\"https:\\\/\\\/lequotidien.mr\\\/?author=4\"}]}<\/script>\n<!-- \/ Yoast SEO plugin. -->","yoast_head_json":{"title":"\u00a0\u00a0La Mauritanie et le S\u00e9n\u00e9gal renforcent leur vigilance face aux menaces venues du Mali - Le Quotidien de Nouakchott","robots":{"index":"index","follow":"follow","max-snippet":"max-snippet:-1","max-image-preview":"max-image-preview:large","max-video-preview":"max-video-preview:-1"},"canonical":"https:\/\/lequotidien.mr\/?p=30904&lang=fr","og_locale":"ar_AR","og_type":"article","og_title":"\u00a0\u00a0La Mauritanie et le S\u00e9n\u00e9gal renforcent leur vigilance face aux menaces venues du Mali - Le Quotidien de Nouakchott","og_description":"Les forces arm\u00e9es mauritaniennes et s\u00e9n\u00e9galaises ont intensifi\u00e9 leur coop\u00e9ration s\u00e9curitaire dans la zone frontali\u00e8re commune, dans un contexte marqu\u00e9 par la recrudescence des violences terroristes au Mali voisin. Une patrouille fluviale conjointe a r\u00e9cemment sillonn\u00e9 plusieurs localit\u00e9s entre Bakel-Aroundou et Diougountourou, \u00e0 proximit\u00e9 de la fronti\u00e8re malienne, selon un communiqu\u00e9 de la Direction de.....","og_url":"https:\/\/lequotidien.mr\/?p=30904&lang=fr","og_site_name":"Le Quotidien de Nouakchott","article_publisher":"https:\/\/web.facebook.com\/lequotidienmr","article_published_time":"2025-09-13T13:59:31+00:00","og_image":[{"width":1000,"height":750,"url":"https:\/\/lequotidien.mr\/wp-content\/uploads\/2025\/09\/G0hHZ0lXQAESSnx-1-1.jpg","type":"image\/jpeg"}],"author":"Le Quotidien","twitter_card":"summary_large_image","twitter_creator":"@lequotidienmr","twitter_site":"@lequotidienmr","twitter_misc":{"\u0643\u064f\u062a\u0628 \u0628\u0648\u0627\u0633\u0637\u0629":"Le Quotidien","\u0648\u0642\u062a \u0627\u0644\u0642\u0631\u0627\u0621\u0629 \u0627\u0644\u0645\u064f\u0642\u062f\u0651\u0631":"4 \u062f\u0642\u0627\u0626\u0642"},"schema":{"@context":"https:\/\/schema.org","@graph":[{"@type":"Article","@id":"https:\/\/lequotidien.mr\/?p=30904&lang=fr#article","isPartOf":{"@id":"https:\/\/lequotidien.mr\/?p=30904&lang=fr"},"author":{"name":"Le Quotidien","@id":"https:\/\/lequotidien.mr\/#\/schema\/person\/f90fcdaa970c60288de4ed2e64a56472"},"headline":"\u00a0\u00a0La Mauritanie et le S\u00e9n\u00e9gal renforcent leur vigilance face aux menaces venues du Mali","datePublished":"2025-09-13T13:59:31+00:00","mainEntityOfPage":{"@id":"https:\/\/lequotidien.mr\/?p=30904&lang=fr"},"wordCount":605,"commentCount":0,"publisher":{"@id":"https:\/\/lequotidien.mr\/#organization"},"image":{"@id":"https:\/\/lequotidien.mr\/?p=30904&lang=fr#primaryimage"},"thumbnailUrl":"https:\/\/lequotidien.mr\/wp-content\/uploads\/2025\/09\/G0hHZ0lXQAESSnx-1-1.jpg","articleSection":["ACTUALIT\u00c9","Couverture sp\u00e9cilale"],"inLanguage":"ar","potentialAction":[{"@type":"CommentAction","name":"Comment","target":["https:\/\/lequotidien.mr\/?p=30904&lang=fr#respond"]}]},{"@type":"WebPage","@id":"https:\/\/lequotidien.mr\/?p=30904&lang=fr","url":"https:\/\/lequotidien.mr\/?p=30904&lang=fr","name":"\u00a0\u00a0La Mauritanie et le S\u00e9n\u00e9gal renforcent leur vigilance face aux menaces venues du Mali - Le Quotidien de Nouakchott","isPartOf":{"@id":"https:\/\/lequotidien.mr\/#website"},"primaryImageOfPage":{"@id":"https:\/\/lequotidien.mr\/?p=30904&lang=fr#primaryimage"},"image":{"@id":"https:\/\/lequotidien.mr\/?p=30904&lang=fr#primaryimage"},"thumbnailUrl":"https:\/\/lequotidien.mr\/wp-content\/uploads\/2025\/09\/G0hHZ0lXQAESSnx-1-1.jpg","datePublished":"2025-09-13T13:59:31+00:00","breadcrumb":{"@id":"https:\/\/lequotidien.mr\/?p=30904&lang=fr#breadcrumb"},"inLanguage":"ar","potentialAction":[{"@type":"ReadAction","target":["https:\/\/lequotidien.mr\/?p=30904&lang=fr"]}]},{"@type":"ImageObject","inLanguage":"ar","@id":"https:\/\/lequotidien.mr\/?p=30904&lang=fr#primaryimage","url":"https:\/\/lequotidien.mr\/wp-content\/uploads\/2025\/09\/G0hHZ0lXQAESSnx-1-1.jpg","contentUrl":"https:\/\/lequotidien.mr\/wp-content\/uploads\/2025\/09\/G0hHZ0lXQAESSnx-1-1.jpg","width":1000,"height":750},{"@type":"BreadcrumbList","@id":"https:\/\/lequotidien.mr\/?p=30904&lang=fr#breadcrumb","itemListElement":[{"@type":"ListItem","position":1,"name":"Home","item":"https:\/\/lequotidien.mr\/"},{"@type":"ListItem","position":2,"name":"\u00a0\u00a0La Mauritanie et le S\u00e9n\u00e9gal renforcent leur vigilance face aux menaces venues du Mali"}]},{"@type":"WebSite","@id":"https:\/\/lequotidien.mr\/#website","url":"https:\/\/lequotidien.mr\/","name":"Le Quotidien de Nouakchott","description":"\u0625\u062e\u0628\u0627\u0631\u064a\u0629 \u0645\u0633\u062a\u0642\u0644\u0629 \u0644\u0644\u0623\u0646\u0628\u0627\u0621 \u0627\u0644\u0639\u0627\u0645\u0629","publisher":{"@id":"https:\/\/lequotidien.mr\/#organization"},"potentialAction":[{"@type":"SearchAction","target":{"@type":"EntryPoint","urlTemplate":"https:\/\/lequotidien.mr\/?s={search_term_string}"},"query-input":{"@type":"PropertyValueSpecification","valueRequired":true,"valueName":"search_term_string"}}],"inLanguage":"ar"},{"@type":"Organization","@id":"https:\/\/lequotidien.mr\/#organization","name":"Le Quotidien de Nouakchott","url":"https:\/\/lequotidien.mr\/","logo":{"@type":"ImageObject","inLanguage":"ar","@id":"https:\/\/lequotidien.mr\/#\/schema\/logo\/image\/","url":"https:\/\/lequotidien.mr\/wp-content\/uploads\/2022\/11\/logolequotidien.jpg","contentUrl":"https:\/\/lequotidien.mr\/wp-content\/uploads\/2022\/11\/logolequotidien.jpg","width":290,"height":65,"caption":"Le Quotidien de Nouakchott"},"image":{"@id":"https:\/\/lequotidien.mr\/#\/schema\/logo\/image\/"},"sameAs":["https:\/\/web.facebook.com\/lequotidienmr","https:\/\/x.com\/lequotidienmr"]},{"@type":"Person","@id":"https:\/\/lequotidien.mr\/#\/schema\/person\/f90fcdaa970c60288de4ed2e64a56472","name":"Le Quotidien","image":{"@type":"ImageObject","inLanguage":"ar","@id":"https:\/\/secure.gravatar.com\/avatar\/374cb39a1a458a912465a93e5a3ce6546886fc3da809a1f10c63e4e8fcbca30f?s=96&d=mm&r=g","url":"https:\/\/secure.gravatar.com\/avatar\/374cb39a1a458a912465a93e5a3ce6546886fc3da809a1f10c63e4e8fcbca30f?s=96&d=mm&r=g","contentUrl":"https:\/\/secure.gravatar.com\/avatar\/374cb39a1a458a912465a93e5a3ce6546886fc3da809a1f10c63e4e8fcbca30f?s=96&d=mm&r=g","caption":"Le Quotidien"},"sameAs":["https:\/\/lequotidien.mr\/"],"url":"https:\/\/lequotidien.mr\/?author=4"}]}},"_links":{"self":[{"href":"https:\/\/lequotidien.mr\/index.php?rest_route=\/wp\/v2\/posts\/30904","targetHints":{"allow":["GET"]}}],"collection":[{"href":"https:\/\/lequotidien.mr\/index.php?rest_route=\/wp\/v2\/posts"}],"about":[{"href":"https:\/\/lequotidien.mr\/index.php?rest_route=\/wp\/v2\/types\/post"}],"author":[{"embeddable":true,"href":"https:\/\/lequotidien.mr\/index.php?rest_route=\/wp\/v2\/users\/4"}],"replies":[{"embeddable":true,"href":"https:\/\/lequotidien.mr\/index.php?rest_route=%2Fwp%2Fv2%2Fcomments&post=30904"}],"version-history":[{"count":1,"href":"https:\/\/lequotidien.mr\/index.php?rest_route=\/wp\/v2\/posts\/30904\/revisions"}],"predecessor-version":[{"id":30906,"href":"https:\/\/lequotidien.mr\/index.php?rest_route=\/wp\/v2\/posts\/30904\/revisions\/30906"}],"wp:featuredmedia":[{"embeddable":true,"href":"https:\/\/lequotidien.mr\/index.php?rest_route=\/wp\/v2\/media\/30905"}],"wp:attachment":[{"href":"https:\/\/lequotidien.mr\/index.php?rest_route=%2Fwp%2Fv2%2Fmedia&parent=30904"}],"wp:term":[{"taxonomy":"category","embeddable":true,"href":"https:\/\/lequotidien.mr\/index.php?rest_route=%2Fwp%2Fv2%2Fcategories&post=30904"},{"taxonomy":"post_tag","embeddable":true,"href":"https:\/\/lequotidien.mr\/index.php?rest_route=%2Fwp%2Fv2%2Ftags&post=30904"}],"curies":[{"name":"wp","href":"https:\/\/api.w.org\/{rel}","templated":true}]}}