{"id":30891,"date":"2025-09-13T13:29:51","date_gmt":"2025-09-13T13:29:51","guid":{"rendered":"https:\/\/lequotidien.mr\/?p=30891"},"modified":"2025-09-13T13:29:51","modified_gmt":"2025-09-13T13:29:51","slug":"la-mauritanie-celebre-la-journee-du-cilss-un-engagement-renouvele-pour-la-securite-alimentaire-face-au-changement-climatique","status":"publish","type":"post","link":"https:\/\/lequotidien.mr\/?p=30891&lang=fr","title":{"rendered":"La Mauritanie c\u00e9l\u00e8bre la Journ\u00e9e du CILSS : Un engagement renouvel\u00e9 pour la s\u00e9curit\u00e9 alimentaire face au changement climatique"},"content":{"rendered":"<p>La Mauritanie a marqu\u00e9 de son empreinte, ce vendredi, la c\u00e9l\u00e9bration de la <strong>Journ\u00e9e du Comit\u00e9 permanent Inter-\u00c9tats de lutte contre les effets de la s\u00e9cheresse au Sahel (CILSS)<\/strong>. Un \u00e9v\u00e9nement plac\u00e9 sous le th\u00e8me \u00e9vocateur : <strong><em>\u00ab Donner aux populations du Sahel et de l\u2019Afrique de l\u2019Ouest les moyens de relever les d\u00e9fis de la s\u00e9curit\u00e9 alimentaire et nutritionnelle et de s\u2019adapter au changement climatique \u00bb<\/em><\/strong>. Cette comm\u00e9moration co\u00efncide avec le 52e anniversaire de cette organisation r\u00e9gionale cruciale.<\/p>\n<p><strong>C\u00e9l\u00e9brer un anniversaire et mettre en lumi\u00e8re des r\u00e9alisations<\/strong><\/p>\n<p>Cette journ\u00e9e a servi de cadre id\u00e9al pour mettre en lumi\u00e8re les r\u00e9alisations majeures du CILSS depuis sa cr\u00e9ation. Les domaines de la s\u00e9curit\u00e9 alimentaire, de la ma\u00eetrise de l\u2019eau, de la facilitation d\u2019acc\u00e8s aux march\u00e9s, ainsi que la lutte acharn\u00e9e contre la d\u00e9sertification et le changement climatique au Sahel et en Afrique de l\u2019Ouest ont \u00e9t\u00e9 au c\u0153ur des discussions. C&#8217;est l&#8217;occasion de rappeler le r\u00f4le pivot de cette institution dans la coordination des efforts r\u00e9gionaux pour faire face \u00e0 des d\u00e9fis transnationaux.<\/p>\n<p>Lors d&#8217;une c\u00e9r\u00e9monie officielle tenue \u00e0 Nouakchott, <strong>M. Mohamed Nemine, secr\u00e9taire g\u00e9n\u00e9ral par int\u00e9rim du minist\u00e8re de l\u2019Agriculture et de la Souverainet\u00e9 alimentaire<\/strong>, a rappel\u00e9 le r\u00f4le pr\u00e9curseur de la Mauritanie. Il a expliqu\u00e9 que le pays fut parmi les premiers \u00e0 s&#8217;attaquer aux crises climatiques qui ont frapp\u00e9 la r\u00e9gion d\u00e8s la premi\u00e8re d\u00e9cennie post-ind\u00e9pendance, co-fondant ainsi le CILSS, le 12 septembre 1973.<\/p>\n<p>M. Nemine a soulign\u00e9 que le th\u00e8me de cette ann\u00e9e \u00ab incarne la vision fondatrice de l\u2019organisation dans toutes ses dimensions \u00bb. Un th\u00e8me qui refl\u00e8te \u00e0 la fois les d\u00e9fis immenses auxquels la r\u00e9gion est confront\u00e9e et les signes d&#8217;espoir port\u00e9s par une action commune.<\/p>\n<p><strong>La souverainet\u00e9 alimentaire, une priorit\u00e9 nationale absolue<\/strong><\/p>\n<p>L&#8217;orateur a mis en exergue l&#8217;engagement personnel du <strong>Pr\u00e9sident de la R\u00e9publique, M. Mohamed Cheikh El Ghazouani<\/strong>, qui fait de la s\u00e9curit\u00e9 et de la souverainet\u00e9 alimentaires une priorit\u00e9 urgente. Cet engagement se concr\u00e9tise sur le terrain gr\u00e2ce aux actions du gouvernement du Premier ministre, <strong>M. Moctar Djay<\/strong>, qui met en \u0153uvre des programmes et projets de d\u00e9veloppement essentiels, nombreux \u00e9tant coordonn\u00e9s en partenariat avec le CILSS.<\/p>\n<p>Parmi les activit\u00e9s r\u00e9centes et notables cit\u00e9es, figurent le Forum de haut niveau Nouakchott +10 sur le pastoralisme et la transhumance, le Forum de haut niveau Dakar +10 sur l\u2019irrigation, ainsi qu&#8217;une table ronde avec le Groupe de coordination arabe du Fonds de l\u2019OPEP.<\/p>\n<p><strong>Un appel aux partenaires et un hommage au r\u00f4le du CILSS<\/strong><\/p>\n<p>M. Nemine a lanc\u00e9 un appel vibrant pour que le CILSS se mue en \u00ab un outil puissant au service de la r\u00e9gion du Sahel \u00bb. Il a invit\u00e9 les partenaires techniques et financiers \u00e0 mobiliser davantage de soutien pour relever le d\u00e9fi crucial de la production agricole et atteindre la souverainet\u00e9 alimentaire des populations sah\u00e9liennes. Un engagement qui, selon lui, est la cl\u00e9 pour am\u00e9liorer la r\u00e9silience et les moyens de subsistance des agriculteurs et des \u00e9leveurs dans un contexte climatique de plus en plus hostile.<\/p>\n<p>Pour sa part, M. <strong>Mohamed Ahmed Bennane, conseiller technique du ministre de l\u2019Agriculture charg\u00e9 du CILSS<\/strong>, a soulign\u00e9 le r\u00f4le essentiel de l&#8217;organisation et de ses antennes. Il a salu\u00e9 son travail dans l&#8217;\u00e9laboration de visions strat\u00e9giques, le suivi des pr\u00e9visions climatiques et sa capacit\u00e9 \u00e0 attirer des investissements via des projets de d\u00e9veloppement communs.<\/p>\n<p>La c\u00e9r\u00e9monie, qui s&#8217;est d\u00e9roul\u00e9e en pr\u00e9sence de repr\u00e9sentants des secteurs gouvernementaux concern\u00e9s, aura donc permis de r\u00e9affirmer l&#8217;engagement de la Mauritanie envers les objectifs du CILSS et de souligner l&#8217;imp\u00e9rieuse n\u00e9cessit\u00e9 d&#8217;une solidarit\u00e9 r\u00e9gionale et internationale renforc\u00e9e pour garantir un avenir alimentaire s\u00fbr et durable au Sahel.<\/p>\n","protected":false},"excerpt":{"rendered":"<p>La Mauritanie a marqu\u00e9 de son empreinte, ce vendredi, la c\u00e9l\u00e9bration de la Journ\u00e9e du Comit\u00e9 permanent Inter-\u00c9tats de lutte contre les effets de la s\u00e9cheresse au Sahel (CILSS). Un \u00e9v\u00e9nement plac\u00e9 sous le th\u00e8me \u00e9vocateur : \u00ab Donner aux populations du Sahel et de l\u2019Afrique de l\u2019Ouest les moyens de relever les d\u00e9fis de&#8230;..<\/p>\n","protected":false},"author":12,"featured_media":30892,"comment_status":"open","ping_status":"open","sticky":false,"template":"","format":"standard","meta":{"footnotes":""},"categories":[23,49],"tags":[],"class_list":["post-30891","post","type-post","status-publish","format-standard","has-post-thumbnail","hentry","category-actualite","category-economie"],"yoast_head":"<!-- This site is optimized with the Yoast SEO plugin v27.5 - https:\/\/yoast.com\/product\/yoast-seo-wordpress\/ -->\n<title>La Mauritanie c\u00e9l\u00e8bre la Journ\u00e9e du CILSS : Un engagement renouvel\u00e9 pour la s\u00e9curit\u00e9 alimentaire face au changement climatique - Le Quotidien de Nouakchott<\/title>\n<meta name=\"robots\" content=\"index, follow, max-snippet:-1, max-image-preview:large, max-video-preview:-1\" \/>\n<link rel=\"canonical\" href=\"https:\/\/lequotidien.mr\/?p=30891&lang=fr\" \/>\n<meta property=\"og:locale\" content=\"ar_AR\" \/>\n<meta property=\"og:type\" content=\"article\" \/>\n<meta property=\"og:title\" content=\"La Mauritanie c\u00e9l\u00e8bre la Journ\u00e9e du CILSS : Un engagement renouvel\u00e9 pour la s\u00e9curit\u00e9 alimentaire face au changement climatique - Le Quotidien de Nouakchott\" \/>\n<meta property=\"og:description\" content=\"La Mauritanie a marqu\u00e9 de son empreinte, ce vendredi, la c\u00e9l\u00e9bration de la Journ\u00e9e du Comit\u00e9 permanent Inter-\u00c9tats de lutte contre les effets de la s\u00e9cheresse au Sahel (CILSS). Un \u00e9v\u00e9nement plac\u00e9 sous le th\u00e8me \u00e9vocateur : \u00ab Donner aux populations du Sahel et de l\u2019Afrique de l\u2019Ouest les moyens de relever les d\u00e9fis de.....\" \/>\n<meta property=\"og:url\" content=\"https:\/\/lequotidien.mr\/?p=30891&amp;lang=fr\" \/>\n<meta property=\"og:site_name\" content=\"Le Quotidien de Nouakchott\" \/>\n<meta property=\"article:publisher\" content=\"https:\/\/web.facebook.com\/lequotidienmr\" \/>\n<meta property=\"article:published_time\" content=\"2025-09-13T13:29:51+00:00\" \/>\n<meta property=\"og:image\" content=\"https:\/\/lequotidien.mr\/wp-content\/uploads\/2025\/09\/photo-CILS.jpg\" \/>\n\t<meta property=\"og:image:width\" content=\"646\" \/>\n\t<meta property=\"og:image:height\" content=\"334\" \/>\n\t<meta property=\"og:image:type\" content=\"image\/jpeg\" \/>\n<meta name=\"author\" content=\"Med Ahmed\" \/>\n<meta name=\"twitter:card\" content=\"summary_large_image\" \/>\n<meta name=\"twitter:creator\" content=\"@lequotidienmr\" \/>\n<meta name=\"twitter:site\" content=\"@lequotidienmr\" \/>\n<meta name=\"twitter:label1\" content=\"\u0643\u064f\u062a\u0628 \u0628\u0648\u0627\u0633\u0637\u0629\" \/>\n\t<meta name=\"twitter:data1\" content=\"Med Ahmed\" \/>\n\t<meta name=\"twitter:label2\" content=\"\u0648\u0642\u062a \u0627\u0644\u0642\u0631\u0627\u0621\u0629 \u0627\u0644\u0645\u064f\u0642\u062f\u0651\u0631\" \/>\n\t<meta name=\"twitter:data2\" content=\"5 \u062f\u0642\u0627\u0626\u0642\" \/>\n<script type=\"application\/ld+json\" class=\"yoast-schema-graph\">{\"@context\":\"https:\\\/\\\/schema.org\",\"@graph\":[{\"@type\":\"Article\",\"@id\":\"https:\\\/\\\/lequotidien.mr\\\/?p=30891&lang=fr#article\",\"isPartOf\":{\"@id\":\"https:\\\/\\\/lequotidien.mr\\\/?p=30891&lang=fr\"},\"author\":{\"name\":\"Med Ahmed\",\"@id\":\"https:\\\/\\\/lequotidien.mr\\\/#\\\/schema\\\/person\\\/d2d350202a4d599685ed8abc25f97596\"},\"headline\":\"La Mauritanie c\u00e9l\u00e8bre la Journ\u00e9e du CILSS : Un engagement renouvel\u00e9 pour la s\u00e9curit\u00e9 alimentaire face au changement climatique\",\"datePublished\":\"2025-09-13T13:29:51+00:00\",\"mainEntityOfPage\":{\"@id\":\"https:\\\/\\\/lequotidien.mr\\\/?p=30891&lang=fr\"},\"wordCount\":717,\"commentCount\":0,\"publisher\":{\"@id\":\"https:\\\/\\\/lequotidien.mr\\\/#organization\"},\"image\":{\"@id\":\"https:\\\/\\\/lequotidien.mr\\\/?p=30891&lang=fr#primaryimage\"},\"thumbnailUrl\":\"https:\\\/\\\/lequotidien.mr\\\/wp-content\\\/uploads\\\/2025\\\/09\\\/photo-CILS.jpg\",\"articleSection\":[\"ACTUALIT\u00c9\",\"Economie\"],\"inLanguage\":\"ar\",\"potentialAction\":[{\"@type\":\"CommentAction\",\"name\":\"Comment\",\"target\":[\"https:\\\/\\\/lequotidien.mr\\\/?p=30891&lang=fr#respond\"]}]},{\"@type\":\"WebPage\",\"@id\":\"https:\\\/\\\/lequotidien.mr\\\/?p=30891&lang=fr\",\"url\":\"https:\\\/\\\/lequotidien.mr\\\/?p=30891&lang=fr\",\"name\":\"La Mauritanie c\u00e9l\u00e8bre la Journ\u00e9e du CILSS : Un engagement renouvel\u00e9 pour la s\u00e9curit\u00e9 alimentaire face au changement climatique - Le Quotidien de Nouakchott\",\"isPartOf\":{\"@id\":\"https:\\\/\\\/lequotidien.mr\\\/#website\"},\"primaryImageOfPage\":{\"@id\":\"https:\\\/\\\/lequotidien.mr\\\/?p=30891&lang=fr#primaryimage\"},\"image\":{\"@id\":\"https:\\\/\\\/lequotidien.mr\\\/?p=30891&lang=fr#primaryimage\"},\"thumbnailUrl\":\"https:\\\/\\\/lequotidien.mr\\\/wp-content\\\/uploads\\\/2025\\\/09\\\/photo-CILS.jpg\",\"datePublished\":\"2025-09-13T13:29:51+00:00\",\"breadcrumb\":{\"@id\":\"https:\\\/\\\/lequotidien.mr\\\/?p=30891&lang=fr#breadcrumb\"},\"inLanguage\":\"ar\",\"potentialAction\":[{\"@type\":\"ReadAction\",\"target\":[\"https:\\\/\\\/lequotidien.mr\\\/?p=30891&lang=fr\"]}]},{\"@type\":\"ImageObject\",\"inLanguage\":\"ar\",\"@id\":\"https:\\\/\\\/lequotidien.mr\\\/?p=30891&lang=fr#primaryimage\",\"url\":\"https:\\\/\\\/lequotidien.mr\\\/wp-content\\\/uploads\\\/2025\\\/09\\\/photo-CILS.jpg\",\"contentUrl\":\"https:\\\/\\\/lequotidien.mr\\\/wp-content\\\/uploads\\\/2025\\\/09\\\/photo-CILS.jpg\",\"width\":646,\"height\":334},{\"@type\":\"BreadcrumbList\",\"@id\":\"https:\\\/\\\/lequotidien.mr\\\/?p=30891&lang=fr#breadcrumb\",\"itemListElement\":[{\"@type\":\"ListItem\",\"position\":1,\"name\":\"Home\",\"item\":\"https:\\\/\\\/lequotidien.mr\\\/\"},{\"@type\":\"ListItem\",\"position\":2,\"name\":\"La Mauritanie c\u00e9l\u00e8bre la Journ\u00e9e du CILSS : Un engagement renouvel\u00e9 pour la s\u00e9curit\u00e9 alimentaire face au changement climatique\"}]},{\"@type\":\"WebSite\",\"@id\":\"https:\\\/\\\/lequotidien.mr\\\/#website\",\"url\":\"https:\\\/\\\/lequotidien.mr\\\/\",\"name\":\"Le Quotidien de Nouakchott\",\"description\":\"\u0625\u062e\u0628\u0627\u0631\u064a\u0629 \u0645\u0633\u062a\u0642\u0644\u0629 \u0644\u0644\u0623\u0646\u0628\u0627\u0621 \u0627\u0644\u0639\u0627\u0645\u0629\",\"publisher\":{\"@id\":\"https:\\\/\\\/lequotidien.mr\\\/#organization\"},\"potentialAction\":[{\"@type\":\"SearchAction\",\"target\":{\"@type\":\"EntryPoint\",\"urlTemplate\":\"https:\\\/\\\/lequotidien.mr\\\/?s={search_term_string}\"},\"query-input\":{\"@type\":\"PropertyValueSpecification\",\"valueRequired\":true,\"valueName\":\"search_term_string\"}}],\"inLanguage\":\"ar\"},{\"@type\":\"Organization\",\"@id\":\"https:\\\/\\\/lequotidien.mr\\\/#organization\",\"name\":\"Le Quotidien de Nouakchott\",\"url\":\"https:\\\/\\\/lequotidien.mr\\\/\",\"logo\":{\"@type\":\"ImageObject\",\"inLanguage\":\"ar\",\"@id\":\"https:\\\/\\\/lequotidien.mr\\\/#\\\/schema\\\/logo\\\/image\\\/\",\"url\":\"https:\\\/\\\/lequotidien.mr\\\/wp-content\\\/uploads\\\/2022\\\/11\\\/logolequotidien.jpg\",\"contentUrl\":\"https:\\\/\\\/lequotidien.mr\\\/wp-content\\\/uploads\\\/2022\\\/11\\\/logolequotidien.jpg\",\"width\":290,\"height\":65,\"caption\":\"Le Quotidien de Nouakchott\"},\"image\":{\"@id\":\"https:\\\/\\\/lequotidien.mr\\\/#\\\/schema\\\/logo\\\/image\\\/\"},\"sameAs\":[\"https:\\\/\\\/web.facebook.com\\\/lequotidienmr\",\"https:\\\/\\\/x.com\\\/lequotidienmr\"]},{\"@type\":\"Person\",\"@id\":\"https:\\\/\\\/lequotidien.mr\\\/#\\\/schema\\\/person\\\/d2d350202a4d599685ed8abc25f97596\",\"name\":\"Med Ahmed\",\"image\":{\"@type\":\"ImageObject\",\"inLanguage\":\"ar\",\"@id\":\"https:\\\/\\\/secure.gravatar.com\\\/avatar\\\/fd2acc62ed50732923d1d39c17172c9b04149f142be92310ecc69e1358f94b52?s=96&d=mm&r=g\",\"url\":\"https:\\\/\\\/secure.gravatar.com\\\/avatar\\\/fd2acc62ed50732923d1d39c17172c9b04149f142be92310ecc69e1358f94b52?s=96&d=mm&r=g\",\"contentUrl\":\"https:\\\/\\\/secure.gravatar.com\\\/avatar\\\/fd2acc62ed50732923d1d39c17172c9b04149f142be92310ecc69e1358f94b52?s=96&d=mm&r=g\",\"caption\":\"Med Ahmed\"},\"url\":\"https:\\\/\\\/lequotidien.mr\\\/?author=12\"}]}<\/script>\n<!-- \/ Yoast SEO plugin. -->","yoast_head_json":{"title":"La Mauritanie c\u00e9l\u00e8bre la Journ\u00e9e du CILSS : Un engagement renouvel\u00e9 pour la s\u00e9curit\u00e9 alimentaire face au changement climatique - Le Quotidien de Nouakchott","robots":{"index":"index","follow":"follow","max-snippet":"max-snippet:-1","max-image-preview":"max-image-preview:large","max-video-preview":"max-video-preview:-1"},"canonical":"https:\/\/lequotidien.mr\/?p=30891&lang=fr","og_locale":"ar_AR","og_type":"article","og_title":"La Mauritanie c\u00e9l\u00e8bre la Journ\u00e9e du CILSS : Un engagement renouvel\u00e9 pour la s\u00e9curit\u00e9 alimentaire face au changement climatique - Le Quotidien de Nouakchott","og_description":"La Mauritanie a marqu\u00e9 de son empreinte, ce vendredi, la c\u00e9l\u00e9bration de la Journ\u00e9e du Comit\u00e9 permanent Inter-\u00c9tats de lutte contre les effets de la s\u00e9cheresse au Sahel (CILSS). Un \u00e9v\u00e9nement plac\u00e9 sous le th\u00e8me \u00e9vocateur : \u00ab Donner aux populations du Sahel et de l\u2019Afrique de l\u2019Ouest les moyens de relever les d\u00e9fis de.....","og_url":"https:\/\/lequotidien.mr\/?p=30891&lang=fr","og_site_name":"Le Quotidien de Nouakchott","article_publisher":"https:\/\/web.facebook.com\/lequotidienmr","article_published_time":"2025-09-13T13:29:51+00:00","og_image":[{"width":646,"height":334,"url":"https:\/\/lequotidien.mr\/wp-content\/uploads\/2025\/09\/photo-CILS.jpg","type":"image\/jpeg"}],"author":"Med Ahmed","twitter_card":"summary_large_image","twitter_creator":"@lequotidienmr","twitter_site":"@lequotidienmr","twitter_misc":{"\u0643\u064f\u062a\u0628 \u0628\u0648\u0627\u0633\u0637\u0629":"Med Ahmed","\u0648\u0642\u062a \u0627\u0644\u0642\u0631\u0627\u0621\u0629 \u0627\u0644\u0645\u064f\u0642\u062f\u0651\u0631":"5 \u062f\u0642\u0627\u0626\u0642"},"schema":{"@context":"https:\/\/schema.org","@graph":[{"@type":"Article","@id":"https:\/\/lequotidien.mr\/?p=30891&lang=fr#article","isPartOf":{"@id":"https:\/\/lequotidien.mr\/?p=30891&lang=fr"},"author":{"name":"Med Ahmed","@id":"https:\/\/lequotidien.mr\/#\/schema\/person\/d2d350202a4d599685ed8abc25f97596"},"headline":"La Mauritanie c\u00e9l\u00e8bre la Journ\u00e9e du CILSS : Un engagement renouvel\u00e9 pour la s\u00e9curit\u00e9 alimentaire face au changement climatique","datePublished":"2025-09-13T13:29:51+00:00","mainEntityOfPage":{"@id":"https:\/\/lequotidien.mr\/?p=30891&lang=fr"},"wordCount":717,"commentCount":0,"publisher":{"@id":"https:\/\/lequotidien.mr\/#organization"},"image":{"@id":"https:\/\/lequotidien.mr\/?p=30891&lang=fr#primaryimage"},"thumbnailUrl":"https:\/\/lequotidien.mr\/wp-content\/uploads\/2025\/09\/photo-CILS.jpg","articleSection":["ACTUALIT\u00c9","Economie"],"inLanguage":"ar","potentialAction":[{"@type":"CommentAction","name":"Comment","target":["https:\/\/lequotidien.mr\/?p=30891&lang=fr#respond"]}]},{"@type":"WebPage","@id":"https:\/\/lequotidien.mr\/?p=30891&lang=fr","url":"https:\/\/lequotidien.mr\/?p=30891&lang=fr","name":"La Mauritanie c\u00e9l\u00e8bre la Journ\u00e9e du CILSS : Un engagement renouvel\u00e9 pour la s\u00e9curit\u00e9 alimentaire face au changement climatique - Le Quotidien de Nouakchott","isPartOf":{"@id":"https:\/\/lequotidien.mr\/#website"},"primaryImageOfPage":{"@id":"https:\/\/lequotidien.mr\/?p=30891&lang=fr#primaryimage"},"image":{"@id":"https:\/\/lequotidien.mr\/?p=30891&lang=fr#primaryimage"},"thumbnailUrl":"https:\/\/lequotidien.mr\/wp-content\/uploads\/2025\/09\/photo-CILS.jpg","datePublished":"2025-09-13T13:29:51+00:00","breadcrumb":{"@id":"https:\/\/lequotidien.mr\/?p=30891&lang=fr#breadcrumb"},"inLanguage":"ar","potentialAction":[{"@type":"ReadAction","target":["https:\/\/lequotidien.mr\/?p=30891&lang=fr"]}]},{"@type":"ImageObject","inLanguage":"ar","@id":"https:\/\/lequotidien.mr\/?p=30891&lang=fr#primaryimage","url":"https:\/\/lequotidien.mr\/wp-content\/uploads\/2025\/09\/photo-CILS.jpg","contentUrl":"https:\/\/lequotidien.mr\/wp-content\/uploads\/2025\/09\/photo-CILS.jpg","width":646,"height":334},{"@type":"BreadcrumbList","@id":"https:\/\/lequotidien.mr\/?p=30891&lang=fr#breadcrumb","itemListElement":[{"@type":"ListItem","position":1,"name":"Home","item":"https:\/\/lequotidien.mr\/"},{"@type":"ListItem","position":2,"name":"La Mauritanie c\u00e9l\u00e8bre la Journ\u00e9e du CILSS : Un engagement renouvel\u00e9 pour la s\u00e9curit\u00e9 alimentaire face au changement climatique"}]},{"@type":"WebSite","@id":"https:\/\/lequotidien.mr\/#website","url":"https:\/\/lequotidien.mr\/","name":"Le Quotidien de Nouakchott","description":"\u0625\u062e\u0628\u0627\u0631\u064a\u0629 \u0645\u0633\u062a\u0642\u0644\u0629 \u0644\u0644\u0623\u0646\u0628\u0627\u0621 \u0627\u0644\u0639\u0627\u0645\u0629","publisher":{"@id":"https:\/\/lequotidien.mr\/#organization"},"potentialAction":[{"@type":"SearchAction","target":{"@type":"EntryPoint","urlTemplate":"https:\/\/lequotidien.mr\/?s={search_term_string}"},"query-input":{"@type":"PropertyValueSpecification","valueRequired":true,"valueName":"search_term_string"}}],"inLanguage":"ar"},{"@type":"Organization","@id":"https:\/\/lequotidien.mr\/#organization","name":"Le Quotidien de Nouakchott","url":"https:\/\/lequotidien.mr\/","logo":{"@type":"ImageObject","inLanguage":"ar","@id":"https:\/\/lequotidien.mr\/#\/schema\/logo\/image\/","url":"https:\/\/lequotidien.mr\/wp-content\/uploads\/2022\/11\/logolequotidien.jpg","contentUrl":"https:\/\/lequotidien.mr\/wp-content\/uploads\/2022\/11\/logolequotidien.jpg","width":290,"height":65,"caption":"Le Quotidien de Nouakchott"},"image":{"@id":"https:\/\/lequotidien.mr\/#\/schema\/logo\/image\/"},"sameAs":["https:\/\/web.facebook.com\/lequotidienmr","https:\/\/x.com\/lequotidienmr"]},{"@type":"Person","@id":"https:\/\/lequotidien.mr\/#\/schema\/person\/d2d350202a4d599685ed8abc25f97596","name":"Med Ahmed","image":{"@type":"ImageObject","inLanguage":"ar","@id":"https:\/\/secure.gravatar.com\/avatar\/fd2acc62ed50732923d1d39c17172c9b04149f142be92310ecc69e1358f94b52?s=96&d=mm&r=g","url":"https:\/\/secure.gravatar.com\/avatar\/fd2acc62ed50732923d1d39c17172c9b04149f142be92310ecc69e1358f94b52?s=96&d=mm&r=g","contentUrl":"https:\/\/secure.gravatar.com\/avatar\/fd2acc62ed50732923d1d39c17172c9b04149f142be92310ecc69e1358f94b52?s=96&d=mm&r=g","caption":"Med Ahmed"},"url":"https:\/\/lequotidien.mr\/?author=12"}]}},"_links":{"self":[{"href":"https:\/\/lequotidien.mr\/index.php?rest_route=\/wp\/v2\/posts\/30891","targetHints":{"allow":["GET"]}}],"collection":[{"href":"https:\/\/lequotidien.mr\/index.php?rest_route=\/wp\/v2\/posts"}],"about":[{"href":"https:\/\/lequotidien.mr\/index.php?rest_route=\/wp\/v2\/types\/post"}],"author":[{"embeddable":true,"href":"https:\/\/lequotidien.mr\/index.php?rest_route=\/wp\/v2\/users\/12"}],"replies":[{"embeddable":true,"href":"https:\/\/lequotidien.mr\/index.php?rest_route=%2Fwp%2Fv2%2Fcomments&post=30891"}],"version-history":[{"count":1,"href":"https:\/\/lequotidien.mr\/index.php?rest_route=\/wp\/v2\/posts\/30891\/revisions"}],"predecessor-version":[{"id":30893,"href":"https:\/\/lequotidien.mr\/index.php?rest_route=\/wp\/v2\/posts\/30891\/revisions\/30893"}],"wp:featuredmedia":[{"embeddable":true,"href":"https:\/\/lequotidien.mr\/index.php?rest_route=\/wp\/v2\/media\/30892"}],"wp:attachment":[{"href":"https:\/\/lequotidien.mr\/index.php?rest_route=%2Fwp%2Fv2%2Fmedia&parent=30891"}],"wp:term":[{"taxonomy":"category","embeddable":true,"href":"https:\/\/lequotidien.mr\/index.php?rest_route=%2Fwp%2Fv2%2Fcategories&post=30891"},{"taxonomy":"post_tag","embeddable":true,"href":"https:\/\/lequotidien.mr\/index.php?rest_route=%2Fwp%2Fv2%2Ftags&post=30891"}],"curies":[{"name":"wp","href":"https:\/\/api.w.org\/{rel}","templated":true}]}}