{"id":30860,"date":"2025-09-12T13:20:05","date_gmt":"2025-09-12T13:20:05","guid":{"rendered":"https:\/\/lequotidien.mr\/?p=30860"},"modified":"2025-09-12T13:31:41","modified_gmt":"2025-09-12T13:31:41","slug":"luniversite-daioun-au-coeur-du-developpement-regional-un-colloque-pour-passer-de-la-theorie-a-laction","status":"publish","type":"post","link":"https:\/\/lequotidien.mr\/?p=30860&lang=fr","title":{"rendered":"L&#8217;Universit\u00e9 d&#8217;Aioun au c\u0153ur du d\u00e9veloppement r\u00e9gional : Un colloque pour passer de la th\u00e9orie \u00e0 l&#8217;action"},"content":{"rendered":"<p>L&#8217;amphith\u00e9\u00e2tre de <strong>l&#8217;Universit\u00e9 des Sciences Islamiques d&#8217;Aioun<\/strong> a servi de cadre ce mercredi \u00e0 une r\u00e9flexion de fond sur l&#8217;avenir des r\u00e9gions de la Mauritanie. Un colloque scientifique, plac\u00e9 sous le th\u00e8me <strong><em>\u00ab M\u00e9canismes et moyens de d\u00e9veloppement local et r\u00e9gional \u00bb<\/em><\/strong>, a r\u00e9uni experts, d\u00e9cideurs politiques et universitaires pour dessiner les contours d&#8217;un d\u00e9veloppement durable et ancr\u00e9 dans les territoires.<\/p>\n<p>D&#8217;entr\u00e9e de jeu, <strong>M. Sidi Mohamed Sidna El Bekaye, conseiller du wali du Hodh El Gharbi charg\u00e9 des affaires \u00e9conomiques<\/strong>, a donn\u00e9 le ton en situant les objectifs de cette rencontre. Il a soulign\u00e9 le caract\u00e8re strat\u00e9gique de ce colloque, qui s\u2019inscrit directement dans le cadre de la mise en \u0153uvre du programme du <strong>Pr\u00e9sident de la R\u00e9publique<\/strong>, <strong>M. Mohamed Cheikh El Ghazouani.<\/strong><\/p>\n<p>\u00ab <strong><em>Le Pr\u00e9sident de la R\u00e9publique a fait du d\u00e9veloppement local et r\u00e9gional une option strat\u00e9gique incontournable pour l\u2019am\u00e9lioration des conditions de vie des populations. C\u2019est cette ambition que le gouvernement du<\/em><\/strong> <strong>Premier ministre, M. Moctar Djay<em>, s\u2019emploie \u00e0 mettre en \u0153uvre avec rigueur \u00e0 travers ses politiques et programmes \u00bb<\/em><\/strong>, a-t-il d\u00e9clar\u00e9, affirmant ainsi la parfaite coh\u00e9sion entre la vision pr\u00e9sidentielle, l&#8217;action gouvernementale et les initiatives locales.<\/p>\n<p><strong>L&#8217;Universit\u00e9, actrice engag\u00e9e du d\u00e9veloppement r\u00e9gional<\/strong><\/p>\n<p>Pour le <strong>pr\u00e9sident<\/strong> <strong>de l\u2019universit\u00e9, le professeur Dr. Mohamedou Lemrabott Jiyid<\/strong>, l&#8217;organisation de ce colloque est bien plus qu&#8217;un simple s\u00e9minaire acad\u00e9mique. Elle incarne la vision d&#8217;une institution r\u00e9solument tourn\u00e9e vers sa communaut\u00e9. <strong><em>\u00ab Notre universit\u00e9 est fond\u00e9e sur l\u2019ouverture sur la soci\u00e9t\u00e9 et la mise au service du d\u00e9veloppement \u00e9conomique et social du pays par la recherche scientifique \u00bb<\/em><\/strong>, a-t-il expliqu\u00e9.<\/p>\n<p>Il a pr\u00e9cis\u00e9 que le choix des th\u00e8mes discut\u00e9s n&#8217;\u00e9tait pas fortuit. <strong><em>\u00ab Ils s\u2019inscrivent en parfaite harmonie dans le programme \u00e9lectoral du Pr\u00e9sident de la R\u00e9publique,\u00a0<\/em><em>Mes ambitions pour la nation<\/em><em>, et dans la politique gouvernementale. Cette concordance conf\u00e8re \u00e0 nos travaux une dimension nationale essentielle et renforce la contribution de l\u2019universit\u00e9 aux efforts de d\u00e9veloppement du pays. \u00bb<\/em><\/strong><\/p>\n<p><strong>Gestion participative, tourisme et responsabilit\u00e9 sociale des acteurs \u00e9conomiques : Les piliers du d\u00e9veloppement local<\/strong><\/p>\n<p>Sur le fond, les travaux du colloque ont \u00e9t\u00e9 riches et diversifi\u00e9s. Des professeurs d&#8217;universit\u00e9 et des experts ont anim\u00e9 une s\u00e9rie de pr\u00e9sentations et de conf\u00e9rences de haute tenue, ax\u00e9es sur des leviers concrets de d\u00e9veloppement.<\/p>\n<p>Les \u00e9changes ont particuli\u00e8rement port\u00e9 sur les m\u00e9canismes de\u00a0<strong>gestion participative<\/strong>, qui associent les citoyens \u00e0 la prise de d\u00e9cision, le potentiel encore sous-exploit\u00e9 du\u00a0<strong>tourisme national<\/strong>\u00a0comme moteur de croissance \u00e9conomique, et le r\u00f4le crucial de la\u00a0<strong>responsabilit\u00e9 sociale des acteurs \u00e9conomiques<\/strong>\u00a0dans l&#8217;\u00e9dification d&#8217;une \u00e9conomie plus inclusive et \u00e9quitable.<\/p>\n<p>Au-del\u00e0 des discussions th\u00e9oriques, le colloque a permis de\u00a0passer en revue des exp\u00e9riences r\u00e9gionales r\u00e9ussies, offrant ainsi des mod\u00e8les pratiques et des sources d&#8217;inspiration pour les porteurs de projets et les collectivit\u00e9s de la r\u00e9gion du Hodh El Gharbi.<\/p>\n<p>L&#8217;\u00e9v\u00e9nement a rev\u00eatu une solennit\u00e9 particuli\u00e8re gr\u00e2ce \u00e0 la pr\u00e9sence d&#8217;autorit\u00e9s administratives et acad\u00e9miques de premier plan, dont le hakem mou\u00e7aid d\u2019Aioun, le vice-pr\u00e9sident de la r\u00e9gion du Hodh El Gharbi et plusieurs doyens de facult\u00e9s de l\u2019universit\u00e9. Leur participation active a soulign\u00e9 l&#8217;importance du dialogue entre le monde acad\u00e9mique et les d\u00e9cideurs pour transformer les id\u00e9es en r\u00e9alisations tangibles au service des populations.<\/p>\n","protected":false},"excerpt":{"rendered":"<p>L&#8217;amphith\u00e9\u00e2tre de l&#8217;Universit\u00e9 des Sciences Islamiques d&#8217;Aioun a servi de cadre ce mercredi \u00e0 une r\u00e9flexion de fond sur l&#8217;avenir des r\u00e9gions de la Mauritanie. Un colloque scientifique, plac\u00e9 sous le th\u00e8me \u00ab M\u00e9canismes et moyens de d\u00e9veloppement local et r\u00e9gional \u00bb, a r\u00e9uni experts, d\u00e9cideurs politiques et universitaires pour dessiner les contours d&#8217;un d\u00e9veloppement&#8230;..<\/p>\n","protected":false},"author":12,"featured_media":30863,"comment_status":"open","ping_status":"open","sticky":false,"template":"","format":"standard","meta":{"footnotes":""},"categories":[23,49,55],"tags":[],"class_list":["post-30860","post","type-post","status-publish","format-standard","has-post-thumbnail","hentry","category-actualite","category-economie","category-culture"],"yoast_head":"<!-- This site is optimized with the Yoast SEO plugin v27.5 - https:\/\/yoast.com\/product\/yoast-seo-wordpress\/ -->\n<title>L&#039;Universit\u00e9 d&#039;Aioun au c\u0153ur du d\u00e9veloppement r\u00e9gional : Un colloque pour passer de la th\u00e9orie \u00e0 l&#039;action - Le Quotidien de Nouakchott<\/title>\n<meta name=\"robots\" content=\"index, follow, max-snippet:-1, max-image-preview:large, max-video-preview:-1\" \/>\n<link rel=\"canonical\" href=\"https:\/\/lequotidien.mr\/?p=30860&lang=fr\" \/>\n<meta property=\"og:locale\" content=\"ar_AR\" \/>\n<meta property=\"og:type\" content=\"article\" \/>\n<meta property=\"og:title\" content=\"L&#039;Universit\u00e9 d&#039;Aioun au c\u0153ur du d\u00e9veloppement r\u00e9gional : Un colloque pour passer de la th\u00e9orie \u00e0 l&#039;action - Le Quotidien de Nouakchott\" \/>\n<meta property=\"og:description\" content=\"L&#8217;amphith\u00e9\u00e2tre de l&#8217;Universit\u00e9 des Sciences Islamiques d&#8217;Aioun a servi de cadre ce mercredi \u00e0 une r\u00e9flexion de fond sur l&#8217;avenir des r\u00e9gions de la Mauritanie. Un colloque scientifique, plac\u00e9 sous le th\u00e8me \u00ab M\u00e9canismes et moyens de d\u00e9veloppement local et r\u00e9gional \u00bb, a r\u00e9uni experts, d\u00e9cideurs politiques et universitaires pour dessiner les contours d&#8217;un d\u00e9veloppement.....\" \/>\n<meta property=\"og:url\" content=\"https:\/\/lequotidien.mr\/?p=30860&amp;lang=fr\" \/>\n<meta property=\"og:site_name\" content=\"Le Quotidien de Nouakchott\" \/>\n<meta property=\"article:publisher\" content=\"https:\/\/web.facebook.com\/lequotidienmr\" \/>\n<meta property=\"article:published_time\" content=\"2025-09-12T13:20:05+00:00\" \/>\n<meta property=\"article:modified_time\" content=\"2025-09-12T13:31:41+00:00\" \/>\n<meta property=\"og:image\" content=\"https:\/\/lequotidien.mr\/wp-content\/uploads\/2025\/09\/photo-Universite-Aioun-2.jpeg\" \/>\n\t<meta property=\"og:image:width\" content=\"1024\" \/>\n\t<meta property=\"og:image:height\" content=\"250\" \/>\n\t<meta property=\"og:image:type\" content=\"image\/jpeg\" \/>\n<meta name=\"author\" content=\"Med Ahmed\" \/>\n<meta name=\"twitter:card\" content=\"summary_large_image\" \/>\n<meta name=\"twitter:creator\" content=\"@lequotidienmr\" \/>\n<meta name=\"twitter:site\" content=\"@lequotidienmr\" \/>\n<meta name=\"twitter:label1\" content=\"\u0643\u064f\u062a\u0628 \u0628\u0648\u0627\u0633\u0637\u0629\" \/>\n\t<meta name=\"twitter:data1\" content=\"Med Ahmed\" \/>\n\t<meta name=\"twitter:label2\" content=\"\u0648\u0642\u062a \u0627\u0644\u0642\u0631\u0627\u0621\u0629 \u0627\u0644\u0645\u064f\u0642\u062f\u0651\u0631\" \/>\n\t<meta name=\"twitter:data2\" content=\"4 \u062f\u0642\u0627\u0626\u0642\" \/>\n<script type=\"application\/ld+json\" class=\"yoast-schema-graph\">{\"@context\":\"https:\\\/\\\/schema.org\",\"@graph\":[{\"@type\":\"Article\",\"@id\":\"https:\\\/\\\/lequotidien.mr\\\/?p=30860&lang=fr#article\",\"isPartOf\":{\"@id\":\"https:\\\/\\\/lequotidien.mr\\\/?p=30860&lang=fr\"},\"author\":{\"name\":\"Med Ahmed\",\"@id\":\"https:\\\/\\\/lequotidien.mr\\\/#\\\/schema\\\/person\\\/d2d350202a4d599685ed8abc25f97596\"},\"headline\":\"L&#8217;Universit\u00e9 d&#8217;Aioun au c\u0153ur du d\u00e9veloppement r\u00e9gional : Un colloque pour passer de la th\u00e9orie \u00e0 l&#8217;action\",\"datePublished\":\"2025-09-12T13:20:05+00:00\",\"dateModified\":\"2025-09-12T13:31:41+00:00\",\"mainEntityOfPage\":{\"@id\":\"https:\\\/\\\/lequotidien.mr\\\/?p=30860&lang=fr\"},\"wordCount\":638,\"commentCount\":0,\"publisher\":{\"@id\":\"https:\\\/\\\/lequotidien.mr\\\/#organization\"},\"image\":{\"@id\":\"https:\\\/\\\/lequotidien.mr\\\/?p=30860&lang=fr#primaryimage\"},\"thumbnailUrl\":\"https:\\\/\\\/lequotidien.mr\\\/wp-content\\\/uploads\\\/2025\\\/09\\\/photo-Universite-Aioun-2.jpeg\",\"articleSection\":[\"ACTUALIT\u00c9\",\"Economie\",\"Culture\"],\"inLanguage\":\"ar\",\"potentialAction\":[{\"@type\":\"CommentAction\",\"name\":\"Comment\",\"target\":[\"https:\\\/\\\/lequotidien.mr\\\/?p=30860&lang=fr#respond\"]}]},{\"@type\":\"WebPage\",\"@id\":\"https:\\\/\\\/lequotidien.mr\\\/?p=30860&lang=fr\",\"url\":\"https:\\\/\\\/lequotidien.mr\\\/?p=30860&lang=fr\",\"name\":\"L'Universit\u00e9 d'Aioun au c\u0153ur du d\u00e9veloppement r\u00e9gional : Un colloque pour passer de la th\u00e9orie \u00e0 l'action - Le Quotidien de Nouakchott\",\"isPartOf\":{\"@id\":\"https:\\\/\\\/lequotidien.mr\\\/#website\"},\"primaryImageOfPage\":{\"@id\":\"https:\\\/\\\/lequotidien.mr\\\/?p=30860&lang=fr#primaryimage\"},\"image\":{\"@id\":\"https:\\\/\\\/lequotidien.mr\\\/?p=30860&lang=fr#primaryimage\"},\"thumbnailUrl\":\"https:\\\/\\\/lequotidien.mr\\\/wp-content\\\/uploads\\\/2025\\\/09\\\/photo-Universite-Aioun-2.jpeg\",\"datePublished\":\"2025-09-12T13:20:05+00:00\",\"dateModified\":\"2025-09-12T13:31:41+00:00\",\"breadcrumb\":{\"@id\":\"https:\\\/\\\/lequotidien.mr\\\/?p=30860&lang=fr#breadcrumb\"},\"inLanguage\":\"ar\",\"potentialAction\":[{\"@type\":\"ReadAction\",\"target\":[\"https:\\\/\\\/lequotidien.mr\\\/?p=30860&lang=fr\"]}]},{\"@type\":\"ImageObject\",\"inLanguage\":\"ar\",\"@id\":\"https:\\\/\\\/lequotidien.mr\\\/?p=30860&lang=fr#primaryimage\",\"url\":\"https:\\\/\\\/lequotidien.mr\\\/wp-content\\\/uploads\\\/2025\\\/09\\\/photo-Universite-Aioun-2.jpeg\",\"contentUrl\":\"https:\\\/\\\/lequotidien.mr\\\/wp-content\\\/uploads\\\/2025\\\/09\\\/photo-Universite-Aioun-2.jpeg\",\"width\":1024,\"height\":250},{\"@type\":\"BreadcrumbList\",\"@id\":\"https:\\\/\\\/lequotidien.mr\\\/?p=30860&lang=fr#breadcrumb\",\"itemListElement\":[{\"@type\":\"ListItem\",\"position\":1,\"name\":\"Home\",\"item\":\"https:\\\/\\\/lequotidien.mr\\\/\"},{\"@type\":\"ListItem\",\"position\":2,\"name\":\"L&rsquo;Universit\u00e9 d&rsquo;Aioun au c\u0153ur du d\u00e9veloppement r\u00e9gional : Un colloque pour passer de la th\u00e9orie \u00e0 l&rsquo;action\"}]},{\"@type\":\"WebSite\",\"@id\":\"https:\\\/\\\/lequotidien.mr\\\/#website\",\"url\":\"https:\\\/\\\/lequotidien.mr\\\/\",\"name\":\"Le Quotidien de Nouakchott\",\"description\":\"\u0625\u062e\u0628\u0627\u0631\u064a\u0629 \u0645\u0633\u062a\u0642\u0644\u0629 \u0644\u0644\u0623\u0646\u0628\u0627\u0621 \u0627\u0644\u0639\u0627\u0645\u0629\",\"publisher\":{\"@id\":\"https:\\\/\\\/lequotidien.mr\\\/#organization\"},\"potentialAction\":[{\"@type\":\"SearchAction\",\"target\":{\"@type\":\"EntryPoint\",\"urlTemplate\":\"https:\\\/\\\/lequotidien.mr\\\/?s={search_term_string}\"},\"query-input\":{\"@type\":\"PropertyValueSpecification\",\"valueRequired\":true,\"valueName\":\"search_term_string\"}}],\"inLanguage\":\"ar\"},{\"@type\":\"Organization\",\"@id\":\"https:\\\/\\\/lequotidien.mr\\\/#organization\",\"name\":\"Le Quotidien de Nouakchott\",\"url\":\"https:\\\/\\\/lequotidien.mr\\\/\",\"logo\":{\"@type\":\"ImageObject\",\"inLanguage\":\"ar\",\"@id\":\"https:\\\/\\\/lequotidien.mr\\\/#\\\/schema\\\/logo\\\/image\\\/\",\"url\":\"https:\\\/\\\/lequotidien.mr\\\/wp-content\\\/uploads\\\/2022\\\/11\\\/logolequotidien.jpg\",\"contentUrl\":\"https:\\\/\\\/lequotidien.mr\\\/wp-content\\\/uploads\\\/2022\\\/11\\\/logolequotidien.jpg\",\"width\":290,\"height\":65,\"caption\":\"Le Quotidien de Nouakchott\"},\"image\":{\"@id\":\"https:\\\/\\\/lequotidien.mr\\\/#\\\/schema\\\/logo\\\/image\\\/\"},\"sameAs\":[\"https:\\\/\\\/web.facebook.com\\\/lequotidienmr\",\"https:\\\/\\\/x.com\\\/lequotidienmr\"]},{\"@type\":\"Person\",\"@id\":\"https:\\\/\\\/lequotidien.mr\\\/#\\\/schema\\\/person\\\/d2d350202a4d599685ed8abc25f97596\",\"name\":\"Med Ahmed\",\"image\":{\"@type\":\"ImageObject\",\"inLanguage\":\"ar\",\"@id\":\"https:\\\/\\\/secure.gravatar.com\\\/avatar\\\/fd2acc62ed50732923d1d39c17172c9b04149f142be92310ecc69e1358f94b52?s=96&d=mm&r=g\",\"url\":\"https:\\\/\\\/secure.gravatar.com\\\/avatar\\\/fd2acc62ed50732923d1d39c17172c9b04149f142be92310ecc69e1358f94b52?s=96&d=mm&r=g\",\"contentUrl\":\"https:\\\/\\\/secure.gravatar.com\\\/avatar\\\/fd2acc62ed50732923d1d39c17172c9b04149f142be92310ecc69e1358f94b52?s=96&d=mm&r=g\",\"caption\":\"Med Ahmed\"},\"url\":\"https:\\\/\\\/lequotidien.mr\\\/?author=12\"}]}<\/script>\n<!-- \/ Yoast SEO plugin. -->","yoast_head_json":{"title":"L'Universit\u00e9 d'Aioun au c\u0153ur du d\u00e9veloppement r\u00e9gional : Un colloque pour passer de la th\u00e9orie \u00e0 l'action - Le Quotidien de Nouakchott","robots":{"index":"index","follow":"follow","max-snippet":"max-snippet:-1","max-image-preview":"max-image-preview:large","max-video-preview":"max-video-preview:-1"},"canonical":"https:\/\/lequotidien.mr\/?p=30860&lang=fr","og_locale":"ar_AR","og_type":"article","og_title":"L'Universit\u00e9 d'Aioun au c\u0153ur du d\u00e9veloppement r\u00e9gional : Un colloque pour passer de la th\u00e9orie \u00e0 l'action - Le Quotidien de Nouakchott","og_description":"L&#8217;amphith\u00e9\u00e2tre de l&#8217;Universit\u00e9 des Sciences Islamiques d&#8217;Aioun a servi de cadre ce mercredi \u00e0 une r\u00e9flexion de fond sur l&#8217;avenir des r\u00e9gions de la Mauritanie. Un colloque scientifique, plac\u00e9 sous le th\u00e8me \u00ab M\u00e9canismes et moyens de d\u00e9veloppement local et r\u00e9gional \u00bb, a r\u00e9uni experts, d\u00e9cideurs politiques et universitaires pour dessiner les contours d&#8217;un d\u00e9veloppement.....","og_url":"https:\/\/lequotidien.mr\/?p=30860&lang=fr","og_site_name":"Le Quotidien de Nouakchott","article_publisher":"https:\/\/web.facebook.com\/lequotidienmr","article_published_time":"2025-09-12T13:20:05+00:00","article_modified_time":"2025-09-12T13:31:41+00:00","og_image":[{"width":1024,"height":250,"url":"https:\/\/lequotidien.mr\/wp-content\/uploads\/2025\/09\/photo-Universite-Aioun-2.jpeg","type":"image\/jpeg"}],"author":"Med Ahmed","twitter_card":"summary_large_image","twitter_creator":"@lequotidienmr","twitter_site":"@lequotidienmr","twitter_misc":{"\u0643\u064f\u062a\u0628 \u0628\u0648\u0627\u0633\u0637\u0629":"Med Ahmed","\u0648\u0642\u062a \u0627\u0644\u0642\u0631\u0627\u0621\u0629 \u0627\u0644\u0645\u064f\u0642\u062f\u0651\u0631":"4 \u062f\u0642\u0627\u0626\u0642"},"schema":{"@context":"https:\/\/schema.org","@graph":[{"@type":"Article","@id":"https:\/\/lequotidien.mr\/?p=30860&lang=fr#article","isPartOf":{"@id":"https:\/\/lequotidien.mr\/?p=30860&lang=fr"},"author":{"name":"Med Ahmed","@id":"https:\/\/lequotidien.mr\/#\/schema\/person\/d2d350202a4d599685ed8abc25f97596"},"headline":"L&#8217;Universit\u00e9 d&#8217;Aioun au c\u0153ur du d\u00e9veloppement r\u00e9gional : Un colloque pour passer de la th\u00e9orie \u00e0 l&#8217;action","datePublished":"2025-09-12T13:20:05+00:00","dateModified":"2025-09-12T13:31:41+00:00","mainEntityOfPage":{"@id":"https:\/\/lequotidien.mr\/?p=30860&lang=fr"},"wordCount":638,"commentCount":0,"publisher":{"@id":"https:\/\/lequotidien.mr\/#organization"},"image":{"@id":"https:\/\/lequotidien.mr\/?p=30860&lang=fr#primaryimage"},"thumbnailUrl":"https:\/\/lequotidien.mr\/wp-content\/uploads\/2025\/09\/photo-Universite-Aioun-2.jpeg","articleSection":["ACTUALIT\u00c9","Economie","Culture"],"inLanguage":"ar","potentialAction":[{"@type":"CommentAction","name":"Comment","target":["https:\/\/lequotidien.mr\/?p=30860&lang=fr#respond"]}]},{"@type":"WebPage","@id":"https:\/\/lequotidien.mr\/?p=30860&lang=fr","url":"https:\/\/lequotidien.mr\/?p=30860&lang=fr","name":"L'Universit\u00e9 d'Aioun au c\u0153ur du d\u00e9veloppement r\u00e9gional : Un colloque pour passer de la th\u00e9orie \u00e0 l'action - Le Quotidien de Nouakchott","isPartOf":{"@id":"https:\/\/lequotidien.mr\/#website"},"primaryImageOfPage":{"@id":"https:\/\/lequotidien.mr\/?p=30860&lang=fr#primaryimage"},"image":{"@id":"https:\/\/lequotidien.mr\/?p=30860&lang=fr#primaryimage"},"thumbnailUrl":"https:\/\/lequotidien.mr\/wp-content\/uploads\/2025\/09\/photo-Universite-Aioun-2.jpeg","datePublished":"2025-09-12T13:20:05+00:00","dateModified":"2025-09-12T13:31:41+00:00","breadcrumb":{"@id":"https:\/\/lequotidien.mr\/?p=30860&lang=fr#breadcrumb"},"inLanguage":"ar","potentialAction":[{"@type":"ReadAction","target":["https:\/\/lequotidien.mr\/?p=30860&lang=fr"]}]},{"@type":"ImageObject","inLanguage":"ar","@id":"https:\/\/lequotidien.mr\/?p=30860&lang=fr#primaryimage","url":"https:\/\/lequotidien.mr\/wp-content\/uploads\/2025\/09\/photo-Universite-Aioun-2.jpeg","contentUrl":"https:\/\/lequotidien.mr\/wp-content\/uploads\/2025\/09\/photo-Universite-Aioun-2.jpeg","width":1024,"height":250},{"@type":"BreadcrumbList","@id":"https:\/\/lequotidien.mr\/?p=30860&lang=fr#breadcrumb","itemListElement":[{"@type":"ListItem","position":1,"name":"Home","item":"https:\/\/lequotidien.mr\/"},{"@type":"ListItem","position":2,"name":"L&rsquo;Universit\u00e9 d&rsquo;Aioun au c\u0153ur du d\u00e9veloppement r\u00e9gional : Un colloque pour passer de la th\u00e9orie \u00e0 l&rsquo;action"}]},{"@type":"WebSite","@id":"https:\/\/lequotidien.mr\/#website","url":"https:\/\/lequotidien.mr\/","name":"Le Quotidien de Nouakchott","description":"\u0625\u062e\u0628\u0627\u0631\u064a\u0629 \u0645\u0633\u062a\u0642\u0644\u0629 \u0644\u0644\u0623\u0646\u0628\u0627\u0621 \u0627\u0644\u0639\u0627\u0645\u0629","publisher":{"@id":"https:\/\/lequotidien.mr\/#organization"},"potentialAction":[{"@type":"SearchAction","target":{"@type":"EntryPoint","urlTemplate":"https:\/\/lequotidien.mr\/?s={search_term_string}"},"query-input":{"@type":"PropertyValueSpecification","valueRequired":true,"valueName":"search_term_string"}}],"inLanguage":"ar"},{"@type":"Organization","@id":"https:\/\/lequotidien.mr\/#organization","name":"Le Quotidien de Nouakchott","url":"https:\/\/lequotidien.mr\/","logo":{"@type":"ImageObject","inLanguage":"ar","@id":"https:\/\/lequotidien.mr\/#\/schema\/logo\/image\/","url":"https:\/\/lequotidien.mr\/wp-content\/uploads\/2022\/11\/logolequotidien.jpg","contentUrl":"https:\/\/lequotidien.mr\/wp-content\/uploads\/2022\/11\/logolequotidien.jpg","width":290,"height":65,"caption":"Le Quotidien de Nouakchott"},"image":{"@id":"https:\/\/lequotidien.mr\/#\/schema\/logo\/image\/"},"sameAs":["https:\/\/web.facebook.com\/lequotidienmr","https:\/\/x.com\/lequotidienmr"]},{"@type":"Person","@id":"https:\/\/lequotidien.mr\/#\/schema\/person\/d2d350202a4d599685ed8abc25f97596","name":"Med Ahmed","image":{"@type":"ImageObject","inLanguage":"ar","@id":"https:\/\/secure.gravatar.com\/avatar\/fd2acc62ed50732923d1d39c17172c9b04149f142be92310ecc69e1358f94b52?s=96&d=mm&r=g","url":"https:\/\/secure.gravatar.com\/avatar\/fd2acc62ed50732923d1d39c17172c9b04149f142be92310ecc69e1358f94b52?s=96&d=mm&r=g","contentUrl":"https:\/\/secure.gravatar.com\/avatar\/fd2acc62ed50732923d1d39c17172c9b04149f142be92310ecc69e1358f94b52?s=96&d=mm&r=g","caption":"Med Ahmed"},"url":"https:\/\/lequotidien.mr\/?author=12"}]}},"_links":{"self":[{"href":"https:\/\/lequotidien.mr\/index.php?rest_route=\/wp\/v2\/posts\/30860","targetHints":{"allow":["GET"]}}],"collection":[{"href":"https:\/\/lequotidien.mr\/index.php?rest_route=\/wp\/v2\/posts"}],"about":[{"href":"https:\/\/lequotidien.mr\/index.php?rest_route=\/wp\/v2\/types\/post"}],"author":[{"embeddable":true,"href":"https:\/\/lequotidien.mr\/index.php?rest_route=\/wp\/v2\/users\/12"}],"replies":[{"embeddable":true,"href":"https:\/\/lequotidien.mr\/index.php?rest_route=%2Fwp%2Fv2%2Fcomments&post=30860"}],"version-history":[{"count":2,"href":"https:\/\/lequotidien.mr\/index.php?rest_route=\/wp\/v2\/posts\/30860\/revisions"}],"predecessor-version":[{"id":30864,"href":"https:\/\/lequotidien.mr\/index.php?rest_route=\/wp\/v2\/posts\/30860\/revisions\/30864"}],"wp:featuredmedia":[{"embeddable":true,"href":"https:\/\/lequotidien.mr\/index.php?rest_route=\/wp\/v2\/media\/30863"}],"wp:attachment":[{"href":"https:\/\/lequotidien.mr\/index.php?rest_route=%2Fwp%2Fv2%2Fmedia&parent=30860"}],"wp:term":[{"taxonomy":"category","embeddable":true,"href":"https:\/\/lequotidien.mr\/index.php?rest_route=%2Fwp%2Fv2%2Fcategories&post=30860"},{"taxonomy":"post_tag","embeddable":true,"href":"https:\/\/lequotidien.mr\/index.php?rest_route=%2Fwp%2Fv2%2Ftags&post=30860"}],"curies":[{"name":"wp","href":"https:\/\/api.w.org\/{rel}","templated":true}]}}