{"id":30855,"date":"2025-09-12T12:12:42","date_gmt":"2025-09-12T12:12:42","guid":{"rendered":"https:\/\/lequotidien.mr\/?p=30855"},"modified":"2025-09-12T12:22:20","modified_gmt":"2025-09-12T12:22:20","slug":"alger-la-4eme-foire-commerciale-intra-africaine-sacheve-sur-un-succes-retentissant","status":"publish","type":"post","link":"https:\/\/lequotidien.mr\/?p=30855&lang=fr","title":{"rendered":"Alger : La 4\u00e8me Foire Commerciale Intra-Africaine s&#8217;ach\u00e8ve sur un succ\u00e8s retentissant"},"content":{"rendered":"<p>La quatri\u00e8me \u00e9dition de la Foire commerciale intra-africaine (IATF2025), organis\u00e9e avec maestria par l\u2019Alg\u00e9rie, a lev\u00e9 le rideau mercredi 10 septembre apr\u00e8s une semaine intense d\u2019\u00e9changes \u00e9conomiques, et de renforcement des partenariats panafricains. L&#8217;\u00e9v\u00e9nement, qui a drain\u00e9 des participants de tout le continent, dont une d\u00e9l\u00e9gation mauritanienne, a \u00e9t\u00e9 salu\u00e9 comme un jalon crucial vers l\u2019op\u00e9rationnalisation effective de la Zone de libre-\u00e9change continentale africaine (ZLECAf).<\/p>\n<p>La c\u00e9r\u00e9monie de cl\u00f4ture solennelle, qui s&#8217;est d\u00e9roul\u00e9e dans une atmosph\u00e8re \u00e0 la fois chaleureuse et optimiste, a \u00e9t\u00e9 pr\u00e9sid\u00e9e par <strong>Monsieur Boualem Boualem, Directeur de cabinet du Pr\u00e9sident de la R\u00e9publique alg\u00e9rienne.<\/strong> Il \u00e9tait entour\u00e9 pour l\u2019occasion de membres du gouvernement alg\u00e9rien et de plusieurs hautes personnalit\u00e9s africaines, t\u00e9moignant de l&#8217;importance strat\u00e9gique accord\u00e9e \u00e0 cet \u00e9v\u00e9nement phare.<\/p>\n<p><strong>Un hommage appuy\u00e9 \u00e0 l&#8217;organisation alg\u00e9rienne<\/strong><\/p>\n<p>La figure marquante de cette cl\u00f4ture fut <strong>l&#8217;ancien Pr\u00e9sident nig\u00e9rian, Olusegun Obasanjo<\/strong>, qui occupe le poste de Pr\u00e9sident du Conseil consultatif de la Foire. Dans son discours prononc\u00e9 devant les d\u00e9l\u00e9gations et les exposants, il a chaleureusement f\u00e9licit\u00e9 l\u2019Alg\u00e9rie pour le <strong><em>\u00ab grand succ\u00e8s \u00bb<\/em><\/strong> de cette \u00e9dition.<\/p>\n<p>M. Obasanjo a attribu\u00e9 cette r\u00e9ussite \u00e0 trois piliers fondamentaux : <strong><em>\u00ab une organisation rigoureuse, un esprit d\u2019\u00e9quipe remarquable et l\u2019hospitalit\u00e9 l\u00e9gendaire du peuple et des autorit\u00e9s alg\u00e9riennes \u00bb<\/em><\/strong>. Ces \u00e9l\u00e9ments, selon lui, ont cr\u00e9\u00e9 un environnement propice aux affaires et \u00e0 la coop\u00e9ration, permettant aux entrepreneurs, investisseurs et d\u00e9cideurs politiques de travailler main dans la main.<\/p>\n<p><strong>Une vision commune pour une Afrique prosp\u00e8re<\/strong><\/p>\n<p>Au-del\u00e0 des louanges, l&#8217;ancien chef d&#8217;\u00c9tat a insist\u00e9 sur la port\u00e9e symbolique et concr\u00e8te de la foire. <strong><em>\u00ab Cette foire incarne une vision commune pour une Afrique prosp\u00e8re et s\u00fbre \u00bb<\/em><\/strong>, a-t-il d\u00e9clar\u00e9. Il a soulign\u00e9 que les sept jours d\u2019activit\u00e9s, ponctu\u00e9s de rencontres B2B, de conf\u00e9rences de haut niveau et de d\u00e9monstrations de produits, ont jet\u00e9 les bases solides d&#8217;une int\u00e9gration \u00e9conomique plus pouss\u00e9e.<\/p>\n<p>S&#8217;adressant directement aux repr\u00e9sentants des nations pr\u00e9sentes, M. Obasanjo a lanc\u00e9 un appel \u00e0 l&#8217;action : <strong><em>\u00ab Nous devons imp\u00e9rativement maintenir cette dynamique positive et poursuivre nos efforts collectifs pour lib\u00e9rer le plein potentiel de la Zone de libre-\u00e9change continentale. La ZLECAf n&#8217;est pas qu&#8217;un accord ; elle est notre passeport vers l&#8217;autosuffisance, la croissance partag\u00e9e et une voix plus forte sur la sc\u00e8ne internationale. \u00bb<\/em><\/strong><\/p>\n<p><strong>Une feuille de route pour l&#8217;avenir<\/strong><\/p>\n<p>La cl\u00f4ture de l&#8217;IATF2025 \u00e0 Alger n&#8217;est donc pas une fin, mais bien un nouveau d\u00e9part. Elle aura permis de consolider les r\u00e9seaux, de signer des contrats prometteurs et de rappeler l&#8217;urgence de simplifier les proc\u00e9dures commerciales et de connecter les infrastructures continentales.<\/p>\n<p>Le relais sera d\u00e9sormais pass\u00e9 au prochain pays h\u00f4te, avec l&#8217;objectif de b\u00e2tir sur le momentum cr\u00e9\u00e9 par cette \u00e9dition alg\u00e9rienne, unanimement salu\u00e9e comme un mod\u00e8le de r\u00e9ussite et d\u2019engagement pour l\u2019unit\u00e9 \u00e9conomique africaine.<\/p>\n","protected":false},"excerpt":{"rendered":"<p>La quatri\u00e8me \u00e9dition de la Foire commerciale intra-africaine (IATF2025), organis\u00e9e avec maestria par l\u2019Alg\u00e9rie, a lev\u00e9 le rideau mercredi 10 septembre apr\u00e8s une semaine intense d\u2019\u00e9changes \u00e9conomiques, et de renforcement des partenariats panafricains. L&#8217;\u00e9v\u00e9nement, qui a drain\u00e9 des participants de tout le continent, dont une d\u00e9l\u00e9gation mauritanienne, a \u00e9t\u00e9 salu\u00e9 comme un jalon crucial vers&#8230;..<\/p>\n","protected":false},"author":12,"featured_media":30856,"comment_status":"open","ping_status":"open","sticky":false,"template":"","format":"standard","meta":{"footnotes":""},"categories":[23,49],"tags":[],"class_list":["post-30855","post","type-post","status-publish","format-standard","has-post-thumbnail","hentry","category-actualite","category-economie"],"yoast_head":"<!-- This site is optimized with the Yoast SEO plugin v27.5 - https:\/\/yoast.com\/product\/yoast-seo-wordpress\/ -->\n<title>Alger : La 4\u00e8me Foire Commerciale Intra-Africaine s&#039;ach\u00e8ve sur un succ\u00e8s retentissant - Le Quotidien de Nouakchott<\/title>\n<meta name=\"robots\" content=\"index, follow, max-snippet:-1, max-image-preview:large, max-video-preview:-1\" \/>\n<link rel=\"canonical\" href=\"https:\/\/lequotidien.mr\/?p=30855&lang=fr\" \/>\n<meta property=\"og:locale\" content=\"ar_AR\" \/>\n<meta property=\"og:type\" content=\"article\" \/>\n<meta property=\"og:title\" content=\"Alger : La 4\u00e8me Foire Commerciale Intra-Africaine s&#039;ach\u00e8ve sur un succ\u00e8s retentissant - Le Quotidien de Nouakchott\" \/>\n<meta property=\"og:description\" content=\"La quatri\u00e8me \u00e9dition de la Foire commerciale intra-africaine (IATF2025), organis\u00e9e avec maestria par l\u2019Alg\u00e9rie, a lev\u00e9 le rideau mercredi 10 septembre apr\u00e8s une semaine intense d\u2019\u00e9changes \u00e9conomiques, et de renforcement des partenariats panafricains. L&#8217;\u00e9v\u00e9nement, qui a drain\u00e9 des participants de tout le continent, dont une d\u00e9l\u00e9gation mauritanienne, a \u00e9t\u00e9 salu\u00e9 comme un jalon crucial vers.....\" \/>\n<meta property=\"og:url\" content=\"https:\/\/lequotidien.mr\/?p=30855&amp;lang=fr\" \/>\n<meta property=\"og:site_name\" content=\"Le Quotidien de Nouakchott\" \/>\n<meta property=\"article:publisher\" content=\"https:\/\/web.facebook.com\/lequotidienmr\" \/>\n<meta property=\"article:published_time\" content=\"2025-09-12T12:12:42+00:00\" \/>\n<meta property=\"article:modified_time\" content=\"2025-09-12T12:22:20+00:00\" \/>\n<meta property=\"og:image\" content=\"https:\/\/lequotidien.mr\/wp-content\/uploads\/2025\/09\/photo-cloture-foire-intra-africaine.jpg\" \/>\n\t<meta property=\"og:image:width\" content=\"750\" \/>\n\t<meta property=\"og:image:height\" content=\"430\" \/>\n\t<meta property=\"og:image:type\" content=\"image\/jpeg\" \/>\n<meta name=\"author\" content=\"Med Ahmed\" \/>\n<meta name=\"twitter:card\" content=\"summary_large_image\" \/>\n<meta name=\"twitter:creator\" content=\"@lequotidienmr\" \/>\n<meta name=\"twitter:site\" content=\"@lequotidienmr\" \/>\n<meta name=\"twitter:label1\" content=\"\u0643\u064f\u062a\u0628 \u0628\u0648\u0627\u0633\u0637\u0629\" \/>\n\t<meta name=\"twitter:data1\" content=\"Med Ahmed\" \/>\n\t<meta name=\"twitter:label2\" content=\"\u0648\u0642\u062a \u0627\u0644\u0642\u0631\u0627\u0621\u0629 \u0627\u0644\u0645\u064f\u0642\u062f\u0651\u0631\" \/>\n\t<meta name=\"twitter:data2\" content=\"4 \u062f\u0642\u0627\u0626\u0642\" \/>\n<script type=\"application\/ld+json\" class=\"yoast-schema-graph\">{\"@context\":\"https:\\\/\\\/schema.org\",\"@graph\":[{\"@type\":\"Article\",\"@id\":\"https:\\\/\\\/lequotidien.mr\\\/?p=30855&lang=fr#article\",\"isPartOf\":{\"@id\":\"https:\\\/\\\/lequotidien.mr\\\/?p=30855&lang=fr\"},\"author\":{\"name\":\"Med Ahmed\",\"@id\":\"https:\\\/\\\/lequotidien.mr\\\/#\\\/schema\\\/person\\\/d2d350202a4d599685ed8abc25f97596\"},\"headline\":\"Alger : La 4\u00e8me Foire Commerciale Intra-Africaine s&#8217;ach\u00e8ve sur un succ\u00e8s retentissant\",\"datePublished\":\"2025-09-12T12:12:42+00:00\",\"dateModified\":\"2025-09-12T12:22:20+00:00\",\"mainEntityOfPage\":{\"@id\":\"https:\\\/\\\/lequotidien.mr\\\/?p=30855&lang=fr\"},\"wordCount\":552,\"commentCount\":0,\"publisher\":{\"@id\":\"https:\\\/\\\/lequotidien.mr\\\/#organization\"},\"image\":{\"@id\":\"https:\\\/\\\/lequotidien.mr\\\/?p=30855&lang=fr#primaryimage\"},\"thumbnailUrl\":\"https:\\\/\\\/lequotidien.mr\\\/wp-content\\\/uploads\\\/2025\\\/09\\\/photo-cloture-foire-intra-africaine.jpg\",\"articleSection\":[\"ACTUALIT\u00c9\",\"Economie\"],\"inLanguage\":\"ar\",\"potentialAction\":[{\"@type\":\"CommentAction\",\"name\":\"Comment\",\"target\":[\"https:\\\/\\\/lequotidien.mr\\\/?p=30855&lang=fr#respond\"]}]},{\"@type\":\"WebPage\",\"@id\":\"https:\\\/\\\/lequotidien.mr\\\/?p=30855&lang=fr\",\"url\":\"https:\\\/\\\/lequotidien.mr\\\/?p=30855&lang=fr\",\"name\":\"Alger : La 4\u00e8me Foire Commerciale Intra-Africaine s'ach\u00e8ve sur un succ\u00e8s retentissant - Le Quotidien de Nouakchott\",\"isPartOf\":{\"@id\":\"https:\\\/\\\/lequotidien.mr\\\/#website\"},\"primaryImageOfPage\":{\"@id\":\"https:\\\/\\\/lequotidien.mr\\\/?p=30855&lang=fr#primaryimage\"},\"image\":{\"@id\":\"https:\\\/\\\/lequotidien.mr\\\/?p=30855&lang=fr#primaryimage\"},\"thumbnailUrl\":\"https:\\\/\\\/lequotidien.mr\\\/wp-content\\\/uploads\\\/2025\\\/09\\\/photo-cloture-foire-intra-africaine.jpg\",\"datePublished\":\"2025-09-12T12:12:42+00:00\",\"dateModified\":\"2025-09-12T12:22:20+00:00\",\"breadcrumb\":{\"@id\":\"https:\\\/\\\/lequotidien.mr\\\/?p=30855&lang=fr#breadcrumb\"},\"inLanguage\":\"ar\",\"potentialAction\":[{\"@type\":\"ReadAction\",\"target\":[\"https:\\\/\\\/lequotidien.mr\\\/?p=30855&lang=fr\"]}]},{\"@type\":\"ImageObject\",\"inLanguage\":\"ar\",\"@id\":\"https:\\\/\\\/lequotidien.mr\\\/?p=30855&lang=fr#primaryimage\",\"url\":\"https:\\\/\\\/lequotidien.mr\\\/wp-content\\\/uploads\\\/2025\\\/09\\\/photo-cloture-foire-intra-africaine.jpg\",\"contentUrl\":\"https:\\\/\\\/lequotidien.mr\\\/wp-content\\\/uploads\\\/2025\\\/09\\\/photo-cloture-foire-intra-africaine.jpg\",\"width\":750,\"height\":430},{\"@type\":\"BreadcrumbList\",\"@id\":\"https:\\\/\\\/lequotidien.mr\\\/?p=30855&lang=fr#breadcrumb\",\"itemListElement\":[{\"@type\":\"ListItem\",\"position\":1,\"name\":\"Home\",\"item\":\"https:\\\/\\\/lequotidien.mr\\\/\"},{\"@type\":\"ListItem\",\"position\":2,\"name\":\"Alger : La 4\u00e8me Foire Commerciale Intra-Africaine s&rsquo;ach\u00e8ve sur un succ\u00e8s retentissant\"}]},{\"@type\":\"WebSite\",\"@id\":\"https:\\\/\\\/lequotidien.mr\\\/#website\",\"url\":\"https:\\\/\\\/lequotidien.mr\\\/\",\"name\":\"Le Quotidien de Nouakchott\",\"description\":\"\u0625\u062e\u0628\u0627\u0631\u064a\u0629 \u0645\u0633\u062a\u0642\u0644\u0629 \u0644\u0644\u0623\u0646\u0628\u0627\u0621 \u0627\u0644\u0639\u0627\u0645\u0629\",\"publisher\":{\"@id\":\"https:\\\/\\\/lequotidien.mr\\\/#organization\"},\"potentialAction\":[{\"@type\":\"SearchAction\",\"target\":{\"@type\":\"EntryPoint\",\"urlTemplate\":\"https:\\\/\\\/lequotidien.mr\\\/?s={search_term_string}\"},\"query-input\":{\"@type\":\"PropertyValueSpecification\",\"valueRequired\":true,\"valueName\":\"search_term_string\"}}],\"inLanguage\":\"ar\"},{\"@type\":\"Organization\",\"@id\":\"https:\\\/\\\/lequotidien.mr\\\/#organization\",\"name\":\"Le Quotidien de Nouakchott\",\"url\":\"https:\\\/\\\/lequotidien.mr\\\/\",\"logo\":{\"@type\":\"ImageObject\",\"inLanguage\":\"ar\",\"@id\":\"https:\\\/\\\/lequotidien.mr\\\/#\\\/schema\\\/logo\\\/image\\\/\",\"url\":\"https:\\\/\\\/lequotidien.mr\\\/wp-content\\\/uploads\\\/2022\\\/11\\\/logolequotidien.jpg\",\"contentUrl\":\"https:\\\/\\\/lequotidien.mr\\\/wp-content\\\/uploads\\\/2022\\\/11\\\/logolequotidien.jpg\",\"width\":290,\"height\":65,\"caption\":\"Le Quotidien de Nouakchott\"},\"image\":{\"@id\":\"https:\\\/\\\/lequotidien.mr\\\/#\\\/schema\\\/logo\\\/image\\\/\"},\"sameAs\":[\"https:\\\/\\\/web.facebook.com\\\/lequotidienmr\",\"https:\\\/\\\/x.com\\\/lequotidienmr\"]},{\"@type\":\"Person\",\"@id\":\"https:\\\/\\\/lequotidien.mr\\\/#\\\/schema\\\/person\\\/d2d350202a4d599685ed8abc25f97596\",\"name\":\"Med Ahmed\",\"image\":{\"@type\":\"ImageObject\",\"inLanguage\":\"ar\",\"@id\":\"https:\\\/\\\/secure.gravatar.com\\\/avatar\\\/fd2acc62ed50732923d1d39c17172c9b04149f142be92310ecc69e1358f94b52?s=96&d=mm&r=g\",\"url\":\"https:\\\/\\\/secure.gravatar.com\\\/avatar\\\/fd2acc62ed50732923d1d39c17172c9b04149f142be92310ecc69e1358f94b52?s=96&d=mm&r=g\",\"contentUrl\":\"https:\\\/\\\/secure.gravatar.com\\\/avatar\\\/fd2acc62ed50732923d1d39c17172c9b04149f142be92310ecc69e1358f94b52?s=96&d=mm&r=g\",\"caption\":\"Med Ahmed\"},\"url\":\"https:\\\/\\\/lequotidien.mr\\\/?author=12\"}]}<\/script>\n<!-- \/ Yoast SEO plugin. -->","yoast_head_json":{"title":"Alger : La 4\u00e8me Foire Commerciale Intra-Africaine s'ach\u00e8ve sur un succ\u00e8s retentissant - Le Quotidien de Nouakchott","robots":{"index":"index","follow":"follow","max-snippet":"max-snippet:-1","max-image-preview":"max-image-preview:large","max-video-preview":"max-video-preview:-1"},"canonical":"https:\/\/lequotidien.mr\/?p=30855&lang=fr","og_locale":"ar_AR","og_type":"article","og_title":"Alger : La 4\u00e8me Foire Commerciale Intra-Africaine s'ach\u00e8ve sur un succ\u00e8s retentissant - Le Quotidien de Nouakchott","og_description":"La quatri\u00e8me \u00e9dition de la Foire commerciale intra-africaine (IATF2025), organis\u00e9e avec maestria par l\u2019Alg\u00e9rie, a lev\u00e9 le rideau mercredi 10 septembre apr\u00e8s une semaine intense d\u2019\u00e9changes \u00e9conomiques, et de renforcement des partenariats panafricains. L&#8217;\u00e9v\u00e9nement, qui a drain\u00e9 des participants de tout le continent, dont une d\u00e9l\u00e9gation mauritanienne, a \u00e9t\u00e9 salu\u00e9 comme un jalon crucial vers.....","og_url":"https:\/\/lequotidien.mr\/?p=30855&lang=fr","og_site_name":"Le Quotidien de Nouakchott","article_publisher":"https:\/\/web.facebook.com\/lequotidienmr","article_published_time":"2025-09-12T12:12:42+00:00","article_modified_time":"2025-09-12T12:22:20+00:00","og_image":[{"width":750,"height":430,"url":"https:\/\/lequotidien.mr\/wp-content\/uploads\/2025\/09\/photo-cloture-foire-intra-africaine.jpg","type":"image\/jpeg"}],"author":"Med Ahmed","twitter_card":"summary_large_image","twitter_creator":"@lequotidienmr","twitter_site":"@lequotidienmr","twitter_misc":{"\u0643\u064f\u062a\u0628 \u0628\u0648\u0627\u0633\u0637\u0629":"Med Ahmed","\u0648\u0642\u062a \u0627\u0644\u0642\u0631\u0627\u0621\u0629 \u0627\u0644\u0645\u064f\u0642\u062f\u0651\u0631":"4 \u062f\u0642\u0627\u0626\u0642"},"schema":{"@context":"https:\/\/schema.org","@graph":[{"@type":"Article","@id":"https:\/\/lequotidien.mr\/?p=30855&lang=fr#article","isPartOf":{"@id":"https:\/\/lequotidien.mr\/?p=30855&lang=fr"},"author":{"name":"Med Ahmed","@id":"https:\/\/lequotidien.mr\/#\/schema\/person\/d2d350202a4d599685ed8abc25f97596"},"headline":"Alger : La 4\u00e8me Foire Commerciale Intra-Africaine s&#8217;ach\u00e8ve sur un succ\u00e8s retentissant","datePublished":"2025-09-12T12:12:42+00:00","dateModified":"2025-09-12T12:22:20+00:00","mainEntityOfPage":{"@id":"https:\/\/lequotidien.mr\/?p=30855&lang=fr"},"wordCount":552,"commentCount":0,"publisher":{"@id":"https:\/\/lequotidien.mr\/#organization"},"image":{"@id":"https:\/\/lequotidien.mr\/?p=30855&lang=fr#primaryimage"},"thumbnailUrl":"https:\/\/lequotidien.mr\/wp-content\/uploads\/2025\/09\/photo-cloture-foire-intra-africaine.jpg","articleSection":["ACTUALIT\u00c9","Economie"],"inLanguage":"ar","potentialAction":[{"@type":"CommentAction","name":"Comment","target":["https:\/\/lequotidien.mr\/?p=30855&lang=fr#respond"]}]},{"@type":"WebPage","@id":"https:\/\/lequotidien.mr\/?p=30855&lang=fr","url":"https:\/\/lequotidien.mr\/?p=30855&lang=fr","name":"Alger : La 4\u00e8me Foire Commerciale Intra-Africaine s'ach\u00e8ve sur un succ\u00e8s retentissant - Le Quotidien de Nouakchott","isPartOf":{"@id":"https:\/\/lequotidien.mr\/#website"},"primaryImageOfPage":{"@id":"https:\/\/lequotidien.mr\/?p=30855&lang=fr#primaryimage"},"image":{"@id":"https:\/\/lequotidien.mr\/?p=30855&lang=fr#primaryimage"},"thumbnailUrl":"https:\/\/lequotidien.mr\/wp-content\/uploads\/2025\/09\/photo-cloture-foire-intra-africaine.jpg","datePublished":"2025-09-12T12:12:42+00:00","dateModified":"2025-09-12T12:22:20+00:00","breadcrumb":{"@id":"https:\/\/lequotidien.mr\/?p=30855&lang=fr#breadcrumb"},"inLanguage":"ar","potentialAction":[{"@type":"ReadAction","target":["https:\/\/lequotidien.mr\/?p=30855&lang=fr"]}]},{"@type":"ImageObject","inLanguage":"ar","@id":"https:\/\/lequotidien.mr\/?p=30855&lang=fr#primaryimage","url":"https:\/\/lequotidien.mr\/wp-content\/uploads\/2025\/09\/photo-cloture-foire-intra-africaine.jpg","contentUrl":"https:\/\/lequotidien.mr\/wp-content\/uploads\/2025\/09\/photo-cloture-foire-intra-africaine.jpg","width":750,"height":430},{"@type":"BreadcrumbList","@id":"https:\/\/lequotidien.mr\/?p=30855&lang=fr#breadcrumb","itemListElement":[{"@type":"ListItem","position":1,"name":"Home","item":"https:\/\/lequotidien.mr\/"},{"@type":"ListItem","position":2,"name":"Alger : La 4\u00e8me Foire Commerciale Intra-Africaine s&rsquo;ach\u00e8ve sur un succ\u00e8s retentissant"}]},{"@type":"WebSite","@id":"https:\/\/lequotidien.mr\/#website","url":"https:\/\/lequotidien.mr\/","name":"Le Quotidien de Nouakchott","description":"\u0625\u062e\u0628\u0627\u0631\u064a\u0629 \u0645\u0633\u062a\u0642\u0644\u0629 \u0644\u0644\u0623\u0646\u0628\u0627\u0621 \u0627\u0644\u0639\u0627\u0645\u0629","publisher":{"@id":"https:\/\/lequotidien.mr\/#organization"},"potentialAction":[{"@type":"SearchAction","target":{"@type":"EntryPoint","urlTemplate":"https:\/\/lequotidien.mr\/?s={search_term_string}"},"query-input":{"@type":"PropertyValueSpecification","valueRequired":true,"valueName":"search_term_string"}}],"inLanguage":"ar"},{"@type":"Organization","@id":"https:\/\/lequotidien.mr\/#organization","name":"Le Quotidien de Nouakchott","url":"https:\/\/lequotidien.mr\/","logo":{"@type":"ImageObject","inLanguage":"ar","@id":"https:\/\/lequotidien.mr\/#\/schema\/logo\/image\/","url":"https:\/\/lequotidien.mr\/wp-content\/uploads\/2022\/11\/logolequotidien.jpg","contentUrl":"https:\/\/lequotidien.mr\/wp-content\/uploads\/2022\/11\/logolequotidien.jpg","width":290,"height":65,"caption":"Le Quotidien de Nouakchott"},"image":{"@id":"https:\/\/lequotidien.mr\/#\/schema\/logo\/image\/"},"sameAs":["https:\/\/web.facebook.com\/lequotidienmr","https:\/\/x.com\/lequotidienmr"]},{"@type":"Person","@id":"https:\/\/lequotidien.mr\/#\/schema\/person\/d2d350202a4d599685ed8abc25f97596","name":"Med Ahmed","image":{"@type":"ImageObject","inLanguage":"ar","@id":"https:\/\/secure.gravatar.com\/avatar\/fd2acc62ed50732923d1d39c17172c9b04149f142be92310ecc69e1358f94b52?s=96&d=mm&r=g","url":"https:\/\/secure.gravatar.com\/avatar\/fd2acc62ed50732923d1d39c17172c9b04149f142be92310ecc69e1358f94b52?s=96&d=mm&r=g","contentUrl":"https:\/\/secure.gravatar.com\/avatar\/fd2acc62ed50732923d1d39c17172c9b04149f142be92310ecc69e1358f94b52?s=96&d=mm&r=g","caption":"Med Ahmed"},"url":"https:\/\/lequotidien.mr\/?author=12"}]}},"_links":{"self":[{"href":"https:\/\/lequotidien.mr\/index.php?rest_route=\/wp\/v2\/posts\/30855","targetHints":{"allow":["GET"]}}],"collection":[{"href":"https:\/\/lequotidien.mr\/index.php?rest_route=\/wp\/v2\/posts"}],"about":[{"href":"https:\/\/lequotidien.mr\/index.php?rest_route=\/wp\/v2\/types\/post"}],"author":[{"embeddable":true,"href":"https:\/\/lequotidien.mr\/index.php?rest_route=\/wp\/v2\/users\/12"}],"replies":[{"embeddable":true,"href":"https:\/\/lequotidien.mr\/index.php?rest_route=%2Fwp%2Fv2%2Fcomments&post=30855"}],"version-history":[{"count":3,"href":"https:\/\/lequotidien.mr\/index.php?rest_route=\/wp\/v2\/posts\/30855\/revisions"}],"predecessor-version":[{"id":30859,"href":"https:\/\/lequotidien.mr\/index.php?rest_route=\/wp\/v2\/posts\/30855\/revisions\/30859"}],"wp:featuredmedia":[{"embeddable":true,"href":"https:\/\/lequotidien.mr\/index.php?rest_route=\/wp\/v2\/media\/30856"}],"wp:attachment":[{"href":"https:\/\/lequotidien.mr\/index.php?rest_route=%2Fwp%2Fv2%2Fmedia&parent=30855"}],"wp:term":[{"taxonomy":"category","embeddable":true,"href":"https:\/\/lequotidien.mr\/index.php?rest_route=%2Fwp%2Fv2%2Fcategories&post=30855"},{"taxonomy":"post_tag","embeddable":true,"href":"https:\/\/lequotidien.mr\/index.php?rest_route=%2Fwp%2Fv2%2Ftags&post=30855"}],"curies":[{"name":"wp","href":"https:\/\/api.w.org\/{rel}","templated":true}]}}