{"id":30839,"date":"2025-09-11T12:50:42","date_gmt":"2025-09-11T12:50:42","guid":{"rendered":"https:\/\/lequotidien.mr\/?p=30839"},"modified":"2025-09-11T12:50:42","modified_gmt":"2025-09-11T12:50:42","slug":"logement-des-enseignants-promesse-sociale-ou-mirage-politique","status":"publish","type":"post","link":"https:\/\/lequotidien.mr\/?p=30839&lang=fr","title":{"rendered":"Logement des enseignants : promesse sociale ou mirage politique ?"},"content":{"rendered":"<p>La ministre de l\u2019\u00c9ducation a pr\u00e9sent\u00e9, en Conseil des ministres, un projet de d\u00e9cret destin\u00e9 \u00e0 faciliter l\u2019acc\u00e8s au logement pour les enseignants. Une annonce spectaculaire, chiffr\u00e9e \u00e0 <strong>170 milliards d\u2019ouguiyas sur 15 ans<\/strong>, qui s\u2019inscrit officiellement dans la volont\u00e9 de \u00ab revaloriser le statut de l\u2019enseignant \u00bb. Mais derri\u00e8re les chiffres et les promesses, beaucoup d\u2019acteurs du secteur s\u2019interrogent : s\u2019agit-il d\u2019une v\u00e9ritable r\u00e9forme sociale ou d\u2019un nouvel \u00e9cran de fum\u00e9e politique ?<\/p>\n<p><strong>Un plan s\u00e9duisant sur le papier, mais sans garantie<\/strong><\/p>\n<p>Selon la ministre, 1 000 enseignants devraient b\u00e9n\u00e9ficier de l\u2019aide chaque ann\u00e9e pendant trois ans, avant d\u2019\u00e9largir progressivement le dispositif \u00e0 1 700 puis 2 250 b\u00e9n\u00e9ficiaires par an. Des chiffres impressionnants, mais sans calendrier d\u00e9taill\u00e9 ni m\u00e9canismes de financement garantis. Dans un pays o\u00f9 les annonces gouvernementales se heurtent r\u00e9guli\u00e8rement \u00e0 la r\u00e9alit\u00e9 budg\u00e9taire, la m\u00e9fiance est de mise.<\/p>\n<p><strong>Une aide partielle qui risque d\u2019exclure les plus pr\u00e9caires<\/strong><\/p>\n<p>Chaque logement est valoris\u00e9 \u00e0 <strong>7 millions MRO<\/strong>, dont 75 % seraient pris en charge par l\u2019\u00c9tat, le reste \u00e9tant pay\u00e9 par l\u2019enseignant via une <strong>cotisation mensuelle de 972 MRU<\/strong>. Or, pour un corps enseignant dont une grande partie vit avec des salaires insuffisants pour subvenir aux besoins \u00e9l\u00e9mentaires, cette contribution est per\u00e7ue comme une barri\u00e8re suppl\u00e9mentaire. Beaucoup y voient une mesure qui risque de profiter avant tout aux enseignants d\u00e9j\u00e0 relativement stables, plut\u00f4t qu\u2019\u00e0 ceux qui en ont le plus besoin.<\/p>\n<p><strong>Des crit\u00e8res flous et une distribution \u00e0 risque<\/strong><\/p>\n<p>La ministre a \u00e9voqu\u00e9 des crit\u00e8res tels que l\u2019anciennet\u00e9 ou le nombre d\u2019enfants, mais sans pr\u00e9cision. Un arr\u00eat\u00e9 viendra plus tard fixer les r\u00e8gles. Pour les syndicats, c\u2019est une faille inqui\u00e9tante : \u00ab Nous savons par exp\u00e9rience que ce flou ouvre la porte au client\u00e9lisme et aux passe-droits \u00bb, d\u00e9plore un repr\u00e9sentant syndical. La peur d\u2019une gestion in\u00e9quitable, o\u00f9 l\u2019appartenance politique ou les affinit\u00e9s personnelles p\u00e8seraient plus que l\u2019anciennet\u00e9 r\u00e9elle, est bien r\u00e9elle.<\/p>\n<p><strong>Un comit\u00e9 de gestion lourd et bureaucratique<\/strong><\/p>\n<p>Le projet sera g\u00e9r\u00e9 par un comit\u00e9 interminist\u00e9riel et un comit\u00e9 technique, int\u00e9grant des repr\u00e9sentants syndicaux. Mais cette gouvernance alourdie risque de retarder les d\u00e9cisions et de diluer les responsabilit\u00e9s. Dans un pays o\u00f9 les lenteurs administratives bloquent d\u00e9j\u00e0 de nombreux projets sociaux, ce montage institutionnel appara\u00eet davantage comme une mani\u00e8re de repousser les \u00e9ch\u00e9ances que comme une garantie d\u2019efficacit\u00e9.<\/p>\n<p><strong>Un d\u00e9calage avec les urgences r\u00e9elles de l\u2019\u00e9cole mauritanienne<\/strong><\/p>\n<p>Enfin, de nombreux observateurs soulignent le <strong>d\u00e9calage criant<\/strong> entre cette promesse de logements et les <strong>besoins urgents du syst\u00e8me \u00e9ducatif<\/strong> :<\/p>\n<ul>\n<li>des <strong>salaires trop bas<\/strong> qui poussent certains enseignants \u00e0 exercer des activit\u00e9s parall\u00e8les ;<\/li>\n<li>des <strong>\u00e9coles d\u00e9labr\u00e9es<\/strong> o\u00f9 les \u00e9l\u00e8ves \u00e9tudient encore dans des classes surcharg\u00e9es, parfois sans tables ni bancs ;<\/li>\n<li>un <strong>manque chronique de manuels scolaires et de moyens p\u00e9dagogiques<\/strong>, qui impacte directement la qualit\u00e9 de l\u2019enseignement.<\/li>\n<\/ul>\n<p>Face \u00e0 ces priorit\u00e9s, consacrer une telle enveloppe au logement appara\u00eet \u00e0 beaucoup comme une fuite en avant : un symbole politique destin\u00e9 \u00e0 calmer les protestations syndicales plut\u00f4t qu\u2019une r\u00e9ponse aux probl\u00e8mes structurels.<\/p>\n<p>&nbsp;<\/p>\n<p>En d\u00e9finitive, si ce projet ne s\u2019accompagne pas d\u2019une <strong>r\u00e9elle transparence<\/strong>, d\u2019une <strong>gestion rigoureuse<\/strong> et surtout d\u2019une <strong>revalorisation salariale et p\u00e9dagogique<\/strong>, il risque fort de rejoindre la longue liste des promesses sociales non tenues, alimentant encore davantage la frustration des enseignants et la d\u00e9fiance vis-\u00e0-vis des autorit\u00e9s.<\/p>\n<p>&nbsp;<\/p>\n","protected":false},"excerpt":{"rendered":"<p>La ministre de l\u2019\u00c9ducation a pr\u00e9sent\u00e9, en Conseil des ministres, un projet de d\u00e9cret destin\u00e9 \u00e0 faciliter l\u2019acc\u00e8s au logement pour les enseignants. Une annonce spectaculaire, chiffr\u00e9e \u00e0 170 milliards d\u2019ouguiyas sur 15 ans, qui s\u2019inscrit officiellement dans la volont\u00e9 de \u00ab revaloriser le statut de l\u2019enseignant \u00bb. Mais derri\u00e8re les chiffres et les promesses,&#8230;..<\/p>\n","protected":false},"author":4,"featured_media":30840,"comment_status":"open","ping_status":"open","sticky":false,"template":"","format":"standard","meta":{"footnotes":""},"categories":[23,49,57],"tags":[],"class_list":["post-30839","post","type-post","status-publish","format-standard","has-post-thumbnail","hentry","category-actualite","category-economie","category-couverture-specilale"],"yoast_head":"<!-- This site is optimized with the Yoast SEO plugin v27.5 - https:\/\/yoast.com\/product\/yoast-seo-wordpress\/ -->\n<title>Logement des enseignants : promesse sociale ou mirage politique ? - Le Quotidien de Nouakchott<\/title>\n<meta name=\"robots\" content=\"index, follow, max-snippet:-1, max-image-preview:large, max-video-preview:-1\" \/>\n<link rel=\"canonical\" href=\"https:\/\/lequotidien.mr\/?p=30839&lang=fr\" \/>\n<meta property=\"og:locale\" content=\"ar_AR\" \/>\n<meta property=\"og:type\" content=\"article\" \/>\n<meta property=\"og:title\" content=\"Logement des enseignants : promesse sociale ou mirage politique ? - Le Quotidien de Nouakchott\" \/>\n<meta property=\"og:description\" content=\"La ministre de l\u2019\u00c9ducation a pr\u00e9sent\u00e9, en Conseil des ministres, un projet de d\u00e9cret destin\u00e9 \u00e0 faciliter l\u2019acc\u00e8s au logement pour les enseignants. Une annonce spectaculaire, chiffr\u00e9e \u00e0 170 milliards d\u2019ouguiyas sur 15 ans, qui s\u2019inscrit officiellement dans la volont\u00e9 de \u00ab revaloriser le statut de l\u2019enseignant \u00bb. Mais derri\u00e8re les chiffres et les promesses,.....\" \/>\n<meta property=\"og:url\" content=\"https:\/\/lequotidien.mr\/?p=30839&amp;lang=fr\" \/>\n<meta property=\"og:site_name\" content=\"Le Quotidien de Nouakchott\" \/>\n<meta property=\"article:publisher\" content=\"https:\/\/web.facebook.com\/lequotidienmr\" \/>\n<meta property=\"article:published_time\" content=\"2025-09-11T12:50:42+00:00\" \/>\n<meta property=\"og:image\" content=\"https:\/\/lequotidien.mr\/wp-content\/uploads\/2025\/09\/10-09-2025-s0012.jpg\" \/>\n\t<meta property=\"og:image:width\" content=\"516\" \/>\n\t<meta property=\"og:image:height\" content=\"513\" \/>\n\t<meta property=\"og:image:type\" content=\"image\/jpeg\" \/>\n<meta name=\"author\" content=\"Le Quotidien\" \/>\n<meta name=\"twitter:card\" content=\"summary_large_image\" \/>\n<meta name=\"twitter:creator\" content=\"@lequotidienmr\" \/>\n<meta name=\"twitter:site\" content=\"@lequotidienmr\" \/>\n<meta name=\"twitter:label1\" content=\"\u0643\u064f\u062a\u0628 \u0628\u0648\u0627\u0633\u0637\u0629\" \/>\n\t<meta name=\"twitter:data1\" content=\"Le Quotidien\" \/>\n\t<meta name=\"twitter:label2\" content=\"\u0648\u0642\u062a \u0627\u0644\u0642\u0631\u0627\u0621\u0629 \u0627\u0644\u0645\u064f\u0642\u062f\u0651\u0631\" \/>\n\t<meta name=\"twitter:data2\" content=\"5 \u062f\u0642\u0627\u0626\u0642\" \/>\n<script type=\"application\/ld+json\" class=\"yoast-schema-graph\">{\"@context\":\"https:\\\/\\\/schema.org\",\"@graph\":[{\"@type\":\"Article\",\"@id\":\"https:\\\/\\\/lequotidien.mr\\\/?p=30839&lang=fr#article\",\"isPartOf\":{\"@id\":\"https:\\\/\\\/lequotidien.mr\\\/?p=30839&lang=fr\"},\"author\":{\"name\":\"Le Quotidien\",\"@id\":\"https:\\\/\\\/lequotidien.mr\\\/#\\\/schema\\\/person\\\/f90fcdaa970c60288de4ed2e64a56472\"},\"headline\":\"Logement des enseignants : promesse sociale ou mirage politique ?\",\"datePublished\":\"2025-09-11T12:50:42+00:00\",\"mainEntityOfPage\":{\"@id\":\"https:\\\/\\\/lequotidien.mr\\\/?p=30839&lang=fr\"},\"wordCount\":623,\"commentCount\":0,\"publisher\":{\"@id\":\"https:\\\/\\\/lequotidien.mr\\\/#organization\"},\"image\":{\"@id\":\"https:\\\/\\\/lequotidien.mr\\\/?p=30839&lang=fr#primaryimage\"},\"thumbnailUrl\":\"https:\\\/\\\/lequotidien.mr\\\/wp-content\\\/uploads\\\/2025\\\/09\\\/10-09-2025-s0012.jpg\",\"articleSection\":[\"ACTUALIT\u00c9\",\"Economie\",\"Couverture sp\u00e9cilale\"],\"inLanguage\":\"ar\",\"potentialAction\":[{\"@type\":\"CommentAction\",\"name\":\"Comment\",\"target\":[\"https:\\\/\\\/lequotidien.mr\\\/?p=30839&lang=fr#respond\"]}]},{\"@type\":\"WebPage\",\"@id\":\"https:\\\/\\\/lequotidien.mr\\\/?p=30839&lang=fr\",\"url\":\"https:\\\/\\\/lequotidien.mr\\\/?p=30839&lang=fr\",\"name\":\"Logement des enseignants : promesse sociale ou mirage politique ? - Le Quotidien de Nouakchott\",\"isPartOf\":{\"@id\":\"https:\\\/\\\/lequotidien.mr\\\/#website\"},\"primaryImageOfPage\":{\"@id\":\"https:\\\/\\\/lequotidien.mr\\\/?p=30839&lang=fr#primaryimage\"},\"image\":{\"@id\":\"https:\\\/\\\/lequotidien.mr\\\/?p=30839&lang=fr#primaryimage\"},\"thumbnailUrl\":\"https:\\\/\\\/lequotidien.mr\\\/wp-content\\\/uploads\\\/2025\\\/09\\\/10-09-2025-s0012.jpg\",\"datePublished\":\"2025-09-11T12:50:42+00:00\",\"breadcrumb\":{\"@id\":\"https:\\\/\\\/lequotidien.mr\\\/?p=30839&lang=fr#breadcrumb\"},\"inLanguage\":\"ar\",\"potentialAction\":[{\"@type\":\"ReadAction\",\"target\":[\"https:\\\/\\\/lequotidien.mr\\\/?p=30839&lang=fr\"]}]},{\"@type\":\"ImageObject\",\"inLanguage\":\"ar\",\"@id\":\"https:\\\/\\\/lequotidien.mr\\\/?p=30839&lang=fr#primaryimage\",\"url\":\"https:\\\/\\\/lequotidien.mr\\\/wp-content\\\/uploads\\\/2025\\\/09\\\/10-09-2025-s0012.jpg\",\"contentUrl\":\"https:\\\/\\\/lequotidien.mr\\\/wp-content\\\/uploads\\\/2025\\\/09\\\/10-09-2025-s0012.jpg\",\"width\":516,\"height\":513},{\"@type\":\"BreadcrumbList\",\"@id\":\"https:\\\/\\\/lequotidien.mr\\\/?p=30839&lang=fr#breadcrumb\",\"itemListElement\":[{\"@type\":\"ListItem\",\"position\":1,\"name\":\"Home\",\"item\":\"https:\\\/\\\/lequotidien.mr\\\/\"},{\"@type\":\"ListItem\",\"position\":2,\"name\":\"Logement des enseignants : promesse sociale ou mirage politique ?\"}]},{\"@type\":\"WebSite\",\"@id\":\"https:\\\/\\\/lequotidien.mr\\\/#website\",\"url\":\"https:\\\/\\\/lequotidien.mr\\\/\",\"name\":\"Le Quotidien de Nouakchott\",\"description\":\"\u0625\u062e\u0628\u0627\u0631\u064a\u0629 \u0645\u0633\u062a\u0642\u0644\u0629 \u0644\u0644\u0623\u0646\u0628\u0627\u0621 \u0627\u0644\u0639\u0627\u0645\u0629\",\"publisher\":{\"@id\":\"https:\\\/\\\/lequotidien.mr\\\/#organization\"},\"potentialAction\":[{\"@type\":\"SearchAction\",\"target\":{\"@type\":\"EntryPoint\",\"urlTemplate\":\"https:\\\/\\\/lequotidien.mr\\\/?s={search_term_string}\"},\"query-input\":{\"@type\":\"PropertyValueSpecification\",\"valueRequired\":true,\"valueName\":\"search_term_string\"}}],\"inLanguage\":\"ar\"},{\"@type\":\"Organization\",\"@id\":\"https:\\\/\\\/lequotidien.mr\\\/#organization\",\"name\":\"Le Quotidien de Nouakchott\",\"url\":\"https:\\\/\\\/lequotidien.mr\\\/\",\"logo\":{\"@type\":\"ImageObject\",\"inLanguage\":\"ar\",\"@id\":\"https:\\\/\\\/lequotidien.mr\\\/#\\\/schema\\\/logo\\\/image\\\/\",\"url\":\"https:\\\/\\\/lequotidien.mr\\\/wp-content\\\/uploads\\\/2022\\\/11\\\/logolequotidien.jpg\",\"contentUrl\":\"https:\\\/\\\/lequotidien.mr\\\/wp-content\\\/uploads\\\/2022\\\/11\\\/logolequotidien.jpg\",\"width\":290,\"height\":65,\"caption\":\"Le Quotidien de Nouakchott\"},\"image\":{\"@id\":\"https:\\\/\\\/lequotidien.mr\\\/#\\\/schema\\\/logo\\\/image\\\/\"},\"sameAs\":[\"https:\\\/\\\/web.facebook.com\\\/lequotidienmr\",\"https:\\\/\\\/x.com\\\/lequotidienmr\"]},{\"@type\":\"Person\",\"@id\":\"https:\\\/\\\/lequotidien.mr\\\/#\\\/schema\\\/person\\\/f90fcdaa970c60288de4ed2e64a56472\",\"name\":\"Le Quotidien\",\"image\":{\"@type\":\"ImageObject\",\"inLanguage\":\"ar\",\"@id\":\"https:\\\/\\\/secure.gravatar.com\\\/avatar\\\/374cb39a1a458a912465a93e5a3ce6546886fc3da809a1f10c63e4e8fcbca30f?s=96&d=mm&r=g\",\"url\":\"https:\\\/\\\/secure.gravatar.com\\\/avatar\\\/374cb39a1a458a912465a93e5a3ce6546886fc3da809a1f10c63e4e8fcbca30f?s=96&d=mm&r=g\",\"contentUrl\":\"https:\\\/\\\/secure.gravatar.com\\\/avatar\\\/374cb39a1a458a912465a93e5a3ce6546886fc3da809a1f10c63e4e8fcbca30f?s=96&d=mm&r=g\",\"caption\":\"Le Quotidien\"},\"sameAs\":[\"https:\\\/\\\/lequotidien.mr\\\/\"],\"url\":\"https:\\\/\\\/lequotidien.mr\\\/?author=4\"}]}<\/script>\n<!-- \/ Yoast SEO plugin. -->","yoast_head_json":{"title":"Logement des enseignants : promesse sociale ou mirage politique ? - Le Quotidien de Nouakchott","robots":{"index":"index","follow":"follow","max-snippet":"max-snippet:-1","max-image-preview":"max-image-preview:large","max-video-preview":"max-video-preview:-1"},"canonical":"https:\/\/lequotidien.mr\/?p=30839&lang=fr","og_locale":"ar_AR","og_type":"article","og_title":"Logement des enseignants : promesse sociale ou mirage politique ? - Le Quotidien de Nouakchott","og_description":"La ministre de l\u2019\u00c9ducation a pr\u00e9sent\u00e9, en Conseil des ministres, un projet de d\u00e9cret destin\u00e9 \u00e0 faciliter l\u2019acc\u00e8s au logement pour les enseignants. Une annonce spectaculaire, chiffr\u00e9e \u00e0 170 milliards d\u2019ouguiyas sur 15 ans, qui s\u2019inscrit officiellement dans la volont\u00e9 de \u00ab revaloriser le statut de l\u2019enseignant \u00bb. Mais derri\u00e8re les chiffres et les promesses,.....","og_url":"https:\/\/lequotidien.mr\/?p=30839&lang=fr","og_site_name":"Le Quotidien de Nouakchott","article_publisher":"https:\/\/web.facebook.com\/lequotidienmr","article_published_time":"2025-09-11T12:50:42+00:00","og_image":[{"width":516,"height":513,"url":"https:\/\/lequotidien.mr\/wp-content\/uploads\/2025\/09\/10-09-2025-s0012.jpg","type":"image\/jpeg"}],"author":"Le Quotidien","twitter_card":"summary_large_image","twitter_creator":"@lequotidienmr","twitter_site":"@lequotidienmr","twitter_misc":{"\u0643\u064f\u062a\u0628 \u0628\u0648\u0627\u0633\u0637\u0629":"Le Quotidien","\u0648\u0642\u062a \u0627\u0644\u0642\u0631\u0627\u0621\u0629 \u0627\u0644\u0645\u064f\u0642\u062f\u0651\u0631":"5 \u062f\u0642\u0627\u0626\u0642"},"schema":{"@context":"https:\/\/schema.org","@graph":[{"@type":"Article","@id":"https:\/\/lequotidien.mr\/?p=30839&lang=fr#article","isPartOf":{"@id":"https:\/\/lequotidien.mr\/?p=30839&lang=fr"},"author":{"name":"Le Quotidien","@id":"https:\/\/lequotidien.mr\/#\/schema\/person\/f90fcdaa970c60288de4ed2e64a56472"},"headline":"Logement des enseignants : promesse sociale ou mirage politique ?","datePublished":"2025-09-11T12:50:42+00:00","mainEntityOfPage":{"@id":"https:\/\/lequotidien.mr\/?p=30839&lang=fr"},"wordCount":623,"commentCount":0,"publisher":{"@id":"https:\/\/lequotidien.mr\/#organization"},"image":{"@id":"https:\/\/lequotidien.mr\/?p=30839&lang=fr#primaryimage"},"thumbnailUrl":"https:\/\/lequotidien.mr\/wp-content\/uploads\/2025\/09\/10-09-2025-s0012.jpg","articleSection":["ACTUALIT\u00c9","Economie","Couverture sp\u00e9cilale"],"inLanguage":"ar","potentialAction":[{"@type":"CommentAction","name":"Comment","target":["https:\/\/lequotidien.mr\/?p=30839&lang=fr#respond"]}]},{"@type":"WebPage","@id":"https:\/\/lequotidien.mr\/?p=30839&lang=fr","url":"https:\/\/lequotidien.mr\/?p=30839&lang=fr","name":"Logement des enseignants : promesse sociale ou mirage politique ? - Le Quotidien de Nouakchott","isPartOf":{"@id":"https:\/\/lequotidien.mr\/#website"},"primaryImageOfPage":{"@id":"https:\/\/lequotidien.mr\/?p=30839&lang=fr#primaryimage"},"image":{"@id":"https:\/\/lequotidien.mr\/?p=30839&lang=fr#primaryimage"},"thumbnailUrl":"https:\/\/lequotidien.mr\/wp-content\/uploads\/2025\/09\/10-09-2025-s0012.jpg","datePublished":"2025-09-11T12:50:42+00:00","breadcrumb":{"@id":"https:\/\/lequotidien.mr\/?p=30839&lang=fr#breadcrumb"},"inLanguage":"ar","potentialAction":[{"@type":"ReadAction","target":["https:\/\/lequotidien.mr\/?p=30839&lang=fr"]}]},{"@type":"ImageObject","inLanguage":"ar","@id":"https:\/\/lequotidien.mr\/?p=30839&lang=fr#primaryimage","url":"https:\/\/lequotidien.mr\/wp-content\/uploads\/2025\/09\/10-09-2025-s0012.jpg","contentUrl":"https:\/\/lequotidien.mr\/wp-content\/uploads\/2025\/09\/10-09-2025-s0012.jpg","width":516,"height":513},{"@type":"BreadcrumbList","@id":"https:\/\/lequotidien.mr\/?p=30839&lang=fr#breadcrumb","itemListElement":[{"@type":"ListItem","position":1,"name":"Home","item":"https:\/\/lequotidien.mr\/"},{"@type":"ListItem","position":2,"name":"Logement des enseignants : promesse sociale ou mirage politique ?"}]},{"@type":"WebSite","@id":"https:\/\/lequotidien.mr\/#website","url":"https:\/\/lequotidien.mr\/","name":"Le Quotidien de Nouakchott","description":"\u0625\u062e\u0628\u0627\u0631\u064a\u0629 \u0645\u0633\u062a\u0642\u0644\u0629 \u0644\u0644\u0623\u0646\u0628\u0627\u0621 \u0627\u0644\u0639\u0627\u0645\u0629","publisher":{"@id":"https:\/\/lequotidien.mr\/#organization"},"potentialAction":[{"@type":"SearchAction","target":{"@type":"EntryPoint","urlTemplate":"https:\/\/lequotidien.mr\/?s={search_term_string}"},"query-input":{"@type":"PropertyValueSpecification","valueRequired":true,"valueName":"search_term_string"}}],"inLanguage":"ar"},{"@type":"Organization","@id":"https:\/\/lequotidien.mr\/#organization","name":"Le Quotidien de Nouakchott","url":"https:\/\/lequotidien.mr\/","logo":{"@type":"ImageObject","inLanguage":"ar","@id":"https:\/\/lequotidien.mr\/#\/schema\/logo\/image\/","url":"https:\/\/lequotidien.mr\/wp-content\/uploads\/2022\/11\/logolequotidien.jpg","contentUrl":"https:\/\/lequotidien.mr\/wp-content\/uploads\/2022\/11\/logolequotidien.jpg","width":290,"height":65,"caption":"Le Quotidien de Nouakchott"},"image":{"@id":"https:\/\/lequotidien.mr\/#\/schema\/logo\/image\/"},"sameAs":["https:\/\/web.facebook.com\/lequotidienmr","https:\/\/x.com\/lequotidienmr"]},{"@type":"Person","@id":"https:\/\/lequotidien.mr\/#\/schema\/person\/f90fcdaa970c60288de4ed2e64a56472","name":"Le Quotidien","image":{"@type":"ImageObject","inLanguage":"ar","@id":"https:\/\/secure.gravatar.com\/avatar\/374cb39a1a458a912465a93e5a3ce6546886fc3da809a1f10c63e4e8fcbca30f?s=96&d=mm&r=g","url":"https:\/\/secure.gravatar.com\/avatar\/374cb39a1a458a912465a93e5a3ce6546886fc3da809a1f10c63e4e8fcbca30f?s=96&d=mm&r=g","contentUrl":"https:\/\/secure.gravatar.com\/avatar\/374cb39a1a458a912465a93e5a3ce6546886fc3da809a1f10c63e4e8fcbca30f?s=96&d=mm&r=g","caption":"Le Quotidien"},"sameAs":["https:\/\/lequotidien.mr\/"],"url":"https:\/\/lequotidien.mr\/?author=4"}]}},"_links":{"self":[{"href":"https:\/\/lequotidien.mr\/index.php?rest_route=\/wp\/v2\/posts\/30839","targetHints":{"allow":["GET"]}}],"collection":[{"href":"https:\/\/lequotidien.mr\/index.php?rest_route=\/wp\/v2\/posts"}],"about":[{"href":"https:\/\/lequotidien.mr\/index.php?rest_route=\/wp\/v2\/types\/post"}],"author":[{"embeddable":true,"href":"https:\/\/lequotidien.mr\/index.php?rest_route=\/wp\/v2\/users\/4"}],"replies":[{"embeddable":true,"href":"https:\/\/lequotidien.mr\/index.php?rest_route=%2Fwp%2Fv2%2Fcomments&post=30839"}],"version-history":[{"count":1,"href":"https:\/\/lequotidien.mr\/index.php?rest_route=\/wp\/v2\/posts\/30839\/revisions"}],"predecessor-version":[{"id":30841,"href":"https:\/\/lequotidien.mr\/index.php?rest_route=\/wp\/v2\/posts\/30839\/revisions\/30841"}],"wp:featuredmedia":[{"embeddable":true,"href":"https:\/\/lequotidien.mr\/index.php?rest_route=\/wp\/v2\/media\/30840"}],"wp:attachment":[{"href":"https:\/\/lequotidien.mr\/index.php?rest_route=%2Fwp%2Fv2%2Fmedia&parent=30839"}],"wp:term":[{"taxonomy":"category","embeddable":true,"href":"https:\/\/lequotidien.mr\/index.php?rest_route=%2Fwp%2Fv2%2Fcategories&post=30839"},{"taxonomy":"post_tag","embeddable":true,"href":"https:\/\/lequotidien.mr\/index.php?rest_route=%2Fwp%2Fv2%2Ftags&post=30839"}],"curies":[{"name":"wp","href":"https:\/\/api.w.org\/{rel}","templated":true}]}}