{"id":30808,"date":"2025-09-10T17:57:27","date_gmt":"2025-09-10T17:57:27","guid":{"rendered":"https:\/\/lequotidien.mr\/?p=30808"},"modified":"2025-09-10T17:57:27","modified_gmt":"2025-09-10T17:57:27","slug":"tasiast-reaffirme-son-engagement-en-faveur-dune-exploitation-miniere-responsable-a-loccasion-de-la-7eme-conference-des-mauritanides","status":"publish","type":"post","link":"https:\/\/lequotidien.mr\/?p=30808&lang=fr","title":{"rendered":"Tasiast r\u00e9affirme son engagement en faveur d\u2019une exploitation mini\u00e8re responsable \u00e0 l\u2019occasion de la 7\u00e8me Conf\u00e9rence des Mauritanides"},"content":{"rendered":"<p><em>Nouakchott, Mauritanie \u2013 10 septembre 2025 \u2013 Tasiast Mauritanie Limited S.A. (Tasiast) prend part \u00e0 la 7\u1d49 Conf\u00e9rence et Exposition Mauritanides sur les Mines, le P\u00e9trole, le Gaz et l\u2019\u00c9nergie, organis\u00e9e \u00e0 Nouakchott du 8 au 10 septembre 2025 sous le haut patronage de S.E. Mohamed Ould Cheikh El Ghazouani, Pr\u00e9sident de la R\u00e9publique Islamique de Mauritanie. La d\u00e9l\u00e9gation de Kinross Gold Corporation est conduite par son Pr\u00e9sident-directeur g\u00e9n\u00e9ral, J. Paul Rollinson, illustrant \u00e0 la fois l\u2019importance strat\u00e9gique de Tasiast au sein du portefeuille du groupe et la volont\u00e9 affirm\u00e9e de l\u2019entreprise de demeurer un partenaire de r\u00e9f\u00e9rence pour la Mauritanie.<img loading=\"lazy\" decoding=\"async\" class=\"alignnone size-medium wp-image-30810\" src=\"https:\/\/lequotidien.mr\/wp-content\/uploads\/2025\/09\/11-300x200.jpeg\" alt=\"\" width=\"300\" height=\"200\" srcset=\"https:\/\/lequotidien.mr\/wp-content\/uploads\/2025\/09\/11-300x200.jpeg 300w, https:\/\/lequotidien.mr\/wp-content\/uploads\/2025\/09\/11-1024x682.jpeg 1024w, https:\/\/lequotidien.mr\/wp-content\/uploads\/2025\/09\/11-768x512.jpeg 768w, https:\/\/lequotidien.mr\/wp-content\/uploads\/2025\/09\/11-1536x1024.jpeg 1536w, https:\/\/lequotidien.mr\/wp-content\/uploads\/2025\/09\/11-2048x1365.jpeg 2048w, https:\/\/lequotidien.mr\/wp-content\/uploads\/2025\/09\/11-237x159.jpeg 237w\" sizes=\"auto, (max-width: 300px) 100vw, 300px\" \/><\/em><\/p>\n<p><em>Reconnu comme le plus grand rendez-vous en Afrique du Nord-Ouest d\u00e9di\u00e9 aux secteurs minier, p\u00e9trolier, gazier et des \u00e9nergies renouvelables, la conf\u00e9rence des Mauritanides r\u00e9unit pendant trois jours des repr\u00e9sentants de gouvernements, d\u2019institutions financi\u00e8res, d\u2019investisseurs et d\u2019industriels afin de promouvoir le dialogue et le d\u00e9veloppement de partenariats. Tasiast est honor\u00e9e de figurer parmi les sponsors \u00ab platinum \u00bb de cette \u00e9dition, qui rassemble plus de 2 000 participants, 70 intervenants et 100 exposants autour du th\u00e8me : \u00ab Construire demain avec les minerais critiques, le gaz et l\u2019\u00e9nergie \u00bb.<\/em><\/p>\n<p><em>Le 9 septembre, M. Rollinson a prononc\u00e9 une allocution consacr\u00e9e au potentiel croissant du secteur minier en Mauritanie et au r\u00f4le de Tasiast dans l\u2019accompagnement d\u2019un d\u00e9veloppement \u00e9conomique inclusif. Il a salu\u00e9 les avanc\u00e9es r\u00e9alis\u00e9es par le pays dans l\u2019am\u00e9lioration du climat des affaires et a r\u00e9it\u00e9r\u00e9 l\u2019engagement durable de Kinross : \u00ab L\u2019exploitation mini\u00e8re ne consiste pas seulement \u00e0 extraire des ressources, elle vise aussi \u00e0 cr\u00e9er des opportunit\u00e9s, \u00e0 soutenir les communaut\u00e9s et \u00e0 b\u00e2tir ensemble un avenir durable. Nous restons pleinement engag\u00e9s en faveur d\u2019une exploitation mini\u00e8re responsable en Mauritanie, avec pour priorit\u00e9 de g\u00e9n\u00e9rer une valeur p\u00e9renne et de consolider notre r\u00f4le de partenaire de confiance aupr\u00e8s des communaut\u00e9s et du pays dans son ensemble \u00bb.<\/em><\/p>\n<p><em>Dans le cadre de cette participation, M. Rollinson a eu des entretiens officiels avec S.E. Thiam Tidjani, Ministre des Mines et de l\u2019Industrie, ainsi que S.E. Sid&#8217;Ahmed Ould Bouh, Ministre de l\u2019\u00c9conomie et des Finances. Ces consultations ont permis de r\u00e9affirmer la profondeur du partenariat strat\u00e9gique qui unit Kinross et la Mauritanie et d\u2019envisager de nouvelles pistes pour en consolider les acquis.<\/em><\/p>\n<p><em>Fort de plus de 15 ann\u00e9es d\u2019activit\u00e9 en Mauritanie, Tasiast est aujourd\u2019hui le premier employeur priv\u00e9 du pays, avec plus de 4 000 emplois directs et indirects, dont 97,8 % de nationaux au sein de son effectif direct. Les op\u00e9rations de l\u2019entreprise contribuent de mani\u00e8re substantielle \u00e0 l\u2019\u00e9conomie nationale, \u00e0 travers les paiements vers\u00e9s \u00e0 l\u2019\u00c9tat, les achats aupr\u00e8s de fournisseurs locaux et les salaires distribu\u00e9s aux employ\u00e9s. En 2024, Tasiast a ainsi vers\u00e9 195,9 millions USD au budget de l\u2019\u00c9tat, consacr\u00e9 225,8 millions USD aux achats locaux et distribu\u00e9 95,2 millions USD de salaires bruts.<\/em><\/p>\n<p><em>Au-del\u00e0 de sa contribution \u00e9conomique, Tasiast met un accent particulier sur le d\u00e9veloppement durable des communaut\u00e9s h\u00f4tes, notamment \u00e0 travers le Fonds Tasiast, cr\u00e9\u00e9 en 2024. Ce m\u00e9canisme vise \u00e0 renforcer la r\u00e9silience socio-\u00e9conomique des populations locales en finan\u00e7ant des projets de d\u00e9veloppement align\u00e9s sur les priorit\u00e9s nationales. Il consacre 6 USD par once d\u2019or produite \u00e0 des investissements sociaux dans les r\u00e9gions de l\u2019Inchiri et de Nouadhibou.<\/em><\/p>\n<p><em>L\u2019entreprise s\u2019engage \u00e9galement \u00e0 \u00e9quiper la prochaine g\u00e9n\u00e9ration de talents mauritaniens en investissant dans la formation et le d\u00e9veloppement des comp\u00e9tences. Depuis 2018, plus de 420 jeunes ont b\u00e9n\u00e9fici\u00e9 de programmes de formation professionnelle financ\u00e9s par Tasiast. En 2025, un nouvel accord conclu avec le Minist\u00e8re de la Formation professionnelle, de l\u2019Artisanat et des M\u00e9tiers permettra \u00e0 180 \u00e9tudiants suppl\u00e9mentaires d\u2019acqu\u00e9rir des comp\u00e9tences techniques gr\u00e2ce au financement de l\u2019entreprise. En outre, un protocole d\u2019accord a \u00e9t\u00e9 sign\u00e9 en d\u00e9but d\u2019ann\u00e9e avec le m\u00eame minist\u00e8re afin de contribuer \u00e0 la cr\u00e9ation de l\u2019\u00c9cole des Mines, du P\u00e9trole et du Gaz \u00e0 Nouakchott.<\/em><\/p>\n<p><em>\u00c0 travers l\u2019ensemble de ses initiatives, Tasiast r\u00e9affirme sa volont\u00e9 de demeurer un partenaire cl\u00e9 du d\u00e9veloppement de la Mauritanie, en privil\u00e9giant le dialogue avec les autorit\u00e9s publiques, les acteurs \u00e9conomiques et les communaut\u00e9s, et en \u0153uvrant \u00e0 la consolidation de la contribution du secteur minier \u00e0 l\u2019\u00e9conomie nationale sur le long terme.<\/em><\/p>\n","protected":false},"excerpt":{"rendered":"<p>Nouakchott, Mauritanie \u2013 10 septembre 2025 \u2013 Tasiast Mauritanie Limited S.A. (Tasiast) prend part \u00e0 la 7\u1d49 Conf\u00e9rence et Exposition Mauritanides sur les Mines, le P\u00e9trole, le Gaz et l\u2019\u00c9nergie, organis\u00e9e \u00e0 Nouakchott du 8 au 10 septembre 2025 sous le haut patronage de S.E. Mohamed Ould Cheikh El Ghazouani, Pr\u00e9sident de la R\u00e9publique Islamique&#8230;..<\/p>\n","protected":false},"author":4,"featured_media":30809,"comment_status":"open","ping_status":"open","sticky":false,"template":"","format":"standard","meta":{"footnotes":""},"categories":[23,49,57],"tags":[],"class_list":["post-30808","post","type-post","status-publish","format-standard","has-post-thumbnail","hentry","category-actualite","category-economie","category-couverture-specilale"],"yoast_head":"<!-- This site is optimized with the Yoast SEO plugin v27.5 - https:\/\/yoast.com\/product\/yoast-seo-wordpress\/ -->\n<title>Tasiast r\u00e9affirme son engagement en faveur d\u2019une exploitation mini\u00e8re responsable \u00e0 l\u2019occasion de la 7\u00e8me Conf\u00e9rence des Mauritanides - Le Quotidien de Nouakchott<\/title>\n<meta name=\"robots\" content=\"index, follow, max-snippet:-1, max-image-preview:large, max-video-preview:-1\" \/>\n<link rel=\"canonical\" href=\"https:\/\/lequotidien.mr\/?p=30808&lang=fr\" \/>\n<meta property=\"og:locale\" content=\"ar_AR\" \/>\n<meta property=\"og:type\" content=\"article\" \/>\n<meta property=\"og:title\" content=\"Tasiast r\u00e9affirme son engagement en faveur d\u2019une exploitation mini\u00e8re responsable \u00e0 l\u2019occasion de la 7\u00e8me Conf\u00e9rence des Mauritanides - Le Quotidien de Nouakchott\" \/>\n<meta property=\"og:description\" content=\"Nouakchott, Mauritanie \u2013 10 septembre 2025 \u2013 Tasiast Mauritanie Limited S.A. (Tasiast) prend part \u00e0 la 7\u1d49 Conf\u00e9rence et Exposition Mauritanides sur les Mines, le P\u00e9trole, le Gaz et l\u2019\u00c9nergie, organis\u00e9e \u00e0 Nouakchott du 8 au 10 septembre 2025 sous le haut patronage de S.E. Mohamed Ould Cheikh El Ghazouani, Pr\u00e9sident de la R\u00e9publique Islamique.....\" \/>\n<meta property=\"og:url\" content=\"https:\/\/lequotidien.mr\/?p=30808&amp;lang=fr\" \/>\n<meta property=\"og:site_name\" content=\"Le Quotidien de Nouakchott\" \/>\n<meta property=\"article:publisher\" content=\"https:\/\/web.facebook.com\/lequotidienmr\" \/>\n<meta property=\"article:published_time\" content=\"2025-09-10T17:57:27+00:00\" \/>\n<meta property=\"og:image\" content=\"https:\/\/lequotidien.mr\/wp-content\/uploads\/2025\/09\/3-scaled.jpeg\" \/>\n\t<meta property=\"og:image:width\" content=\"2560\" \/>\n\t<meta property=\"og:image:height\" content=\"1599\" \/>\n\t<meta property=\"og:image:type\" content=\"image\/jpeg\" \/>\n<meta name=\"author\" content=\"Le Quotidien\" \/>\n<meta name=\"twitter:card\" content=\"summary_large_image\" \/>\n<meta name=\"twitter:creator\" content=\"@lequotidienmr\" \/>\n<meta name=\"twitter:site\" content=\"@lequotidienmr\" \/>\n<meta name=\"twitter:label1\" content=\"\u0643\u064f\u062a\u0628 \u0628\u0648\u0627\u0633\u0637\u0629\" \/>\n\t<meta name=\"twitter:data1\" content=\"Le Quotidien\" \/>\n\t<meta name=\"twitter:label2\" content=\"\u0648\u0642\u062a \u0627\u0644\u0642\u0631\u0627\u0621\u0629 \u0627\u0644\u0645\u064f\u0642\u062f\u0651\u0631\" \/>\n\t<meta name=\"twitter:data2\" content=\"6 \u062f\u0642\u0627\u0626\u0642\" \/>\n<script type=\"application\/ld+json\" class=\"yoast-schema-graph\">{\"@context\":\"https:\\\/\\\/schema.org\",\"@graph\":[{\"@type\":\"Article\",\"@id\":\"https:\\\/\\\/lequotidien.mr\\\/?p=30808&lang=fr#article\",\"isPartOf\":{\"@id\":\"https:\\\/\\\/lequotidien.mr\\\/?p=30808&lang=fr\"},\"author\":{\"name\":\"Le Quotidien\",\"@id\":\"https:\\\/\\\/lequotidien.mr\\\/#\\\/schema\\\/person\\\/f90fcdaa970c60288de4ed2e64a56472\"},\"headline\":\"Tasiast r\u00e9affirme son engagement en faveur d\u2019une exploitation mini\u00e8re responsable \u00e0 l\u2019occasion de la 7\u00e8me Conf\u00e9rence des Mauritanides\",\"datePublished\":\"2025-09-10T17:57:27+00:00\",\"mainEntityOfPage\":{\"@id\":\"https:\\\/\\\/lequotidien.mr\\\/?p=30808&lang=fr\"},\"wordCount\":784,\"commentCount\":0,\"publisher\":{\"@id\":\"https:\\\/\\\/lequotidien.mr\\\/#organization\"},\"image\":{\"@id\":\"https:\\\/\\\/lequotidien.mr\\\/?p=30808&lang=fr#primaryimage\"},\"thumbnailUrl\":\"https:\\\/\\\/lequotidien.mr\\\/wp-content\\\/uploads\\\/2025\\\/09\\\/3-scaled.jpeg\",\"articleSection\":[\"ACTUALIT\u00c9\",\"Economie\",\"Couverture sp\u00e9cilale\"],\"inLanguage\":\"ar\",\"potentialAction\":[{\"@type\":\"CommentAction\",\"name\":\"Comment\",\"target\":[\"https:\\\/\\\/lequotidien.mr\\\/?p=30808&lang=fr#respond\"]}]},{\"@type\":\"WebPage\",\"@id\":\"https:\\\/\\\/lequotidien.mr\\\/?p=30808&lang=fr\",\"url\":\"https:\\\/\\\/lequotidien.mr\\\/?p=30808&lang=fr\",\"name\":\"Tasiast r\u00e9affirme son engagement en faveur d\u2019une exploitation mini\u00e8re responsable \u00e0 l\u2019occasion de la 7\u00e8me Conf\u00e9rence des Mauritanides - Le Quotidien de Nouakchott\",\"isPartOf\":{\"@id\":\"https:\\\/\\\/lequotidien.mr\\\/#website\"},\"primaryImageOfPage\":{\"@id\":\"https:\\\/\\\/lequotidien.mr\\\/?p=30808&lang=fr#primaryimage\"},\"image\":{\"@id\":\"https:\\\/\\\/lequotidien.mr\\\/?p=30808&lang=fr#primaryimage\"},\"thumbnailUrl\":\"https:\\\/\\\/lequotidien.mr\\\/wp-content\\\/uploads\\\/2025\\\/09\\\/3-scaled.jpeg\",\"datePublished\":\"2025-09-10T17:57:27+00:00\",\"breadcrumb\":{\"@id\":\"https:\\\/\\\/lequotidien.mr\\\/?p=30808&lang=fr#breadcrumb\"},\"inLanguage\":\"ar\",\"potentialAction\":[{\"@type\":\"ReadAction\",\"target\":[\"https:\\\/\\\/lequotidien.mr\\\/?p=30808&lang=fr\"]}]},{\"@type\":\"ImageObject\",\"inLanguage\":\"ar\",\"@id\":\"https:\\\/\\\/lequotidien.mr\\\/?p=30808&lang=fr#primaryimage\",\"url\":\"https:\\\/\\\/lequotidien.mr\\\/wp-content\\\/uploads\\\/2025\\\/09\\\/3-scaled.jpeg\",\"contentUrl\":\"https:\\\/\\\/lequotidien.mr\\\/wp-content\\\/uploads\\\/2025\\\/09\\\/3-scaled.jpeg\",\"width\":2560,\"height\":1599},{\"@type\":\"BreadcrumbList\",\"@id\":\"https:\\\/\\\/lequotidien.mr\\\/?p=30808&lang=fr#breadcrumb\",\"itemListElement\":[{\"@type\":\"ListItem\",\"position\":1,\"name\":\"Home\",\"item\":\"https:\\\/\\\/lequotidien.mr\\\/\"},{\"@type\":\"ListItem\",\"position\":2,\"name\":\"Tasiast r\u00e9affirme son engagement en faveur d\u2019une exploitation mini\u00e8re responsable \u00e0 l\u2019occasion de la 7\u00e8me Conf\u00e9rence des Mauritanides\"}]},{\"@type\":\"WebSite\",\"@id\":\"https:\\\/\\\/lequotidien.mr\\\/#website\",\"url\":\"https:\\\/\\\/lequotidien.mr\\\/\",\"name\":\"Le Quotidien de Nouakchott\",\"description\":\"\u0625\u062e\u0628\u0627\u0631\u064a\u0629 \u0645\u0633\u062a\u0642\u0644\u0629 \u0644\u0644\u0623\u0646\u0628\u0627\u0621 \u0627\u0644\u0639\u0627\u0645\u0629\",\"publisher\":{\"@id\":\"https:\\\/\\\/lequotidien.mr\\\/#organization\"},\"potentialAction\":[{\"@type\":\"SearchAction\",\"target\":{\"@type\":\"EntryPoint\",\"urlTemplate\":\"https:\\\/\\\/lequotidien.mr\\\/?s={search_term_string}\"},\"query-input\":{\"@type\":\"PropertyValueSpecification\",\"valueRequired\":true,\"valueName\":\"search_term_string\"}}],\"inLanguage\":\"ar\"},{\"@type\":\"Organization\",\"@id\":\"https:\\\/\\\/lequotidien.mr\\\/#organization\",\"name\":\"Le Quotidien de Nouakchott\",\"url\":\"https:\\\/\\\/lequotidien.mr\\\/\",\"logo\":{\"@type\":\"ImageObject\",\"inLanguage\":\"ar\",\"@id\":\"https:\\\/\\\/lequotidien.mr\\\/#\\\/schema\\\/logo\\\/image\\\/\",\"url\":\"https:\\\/\\\/lequotidien.mr\\\/wp-content\\\/uploads\\\/2022\\\/11\\\/logolequotidien.jpg\",\"contentUrl\":\"https:\\\/\\\/lequotidien.mr\\\/wp-content\\\/uploads\\\/2022\\\/11\\\/logolequotidien.jpg\",\"width\":290,\"height\":65,\"caption\":\"Le Quotidien de Nouakchott\"},\"image\":{\"@id\":\"https:\\\/\\\/lequotidien.mr\\\/#\\\/schema\\\/logo\\\/image\\\/\"},\"sameAs\":[\"https:\\\/\\\/web.facebook.com\\\/lequotidienmr\",\"https:\\\/\\\/x.com\\\/lequotidienmr\"]},{\"@type\":\"Person\",\"@id\":\"https:\\\/\\\/lequotidien.mr\\\/#\\\/schema\\\/person\\\/f90fcdaa970c60288de4ed2e64a56472\",\"name\":\"Le Quotidien\",\"image\":{\"@type\":\"ImageObject\",\"inLanguage\":\"ar\",\"@id\":\"https:\\\/\\\/secure.gravatar.com\\\/avatar\\\/374cb39a1a458a912465a93e5a3ce6546886fc3da809a1f10c63e4e8fcbca30f?s=96&d=mm&r=g\",\"url\":\"https:\\\/\\\/secure.gravatar.com\\\/avatar\\\/374cb39a1a458a912465a93e5a3ce6546886fc3da809a1f10c63e4e8fcbca30f?s=96&d=mm&r=g\",\"contentUrl\":\"https:\\\/\\\/secure.gravatar.com\\\/avatar\\\/374cb39a1a458a912465a93e5a3ce6546886fc3da809a1f10c63e4e8fcbca30f?s=96&d=mm&r=g\",\"caption\":\"Le Quotidien\"},\"sameAs\":[\"https:\\\/\\\/lequotidien.mr\\\/\"],\"url\":\"https:\\\/\\\/lequotidien.mr\\\/?author=4\"}]}<\/script>\n<!-- \/ Yoast SEO plugin. -->","yoast_head_json":{"title":"Tasiast r\u00e9affirme son engagement en faveur d\u2019une exploitation mini\u00e8re responsable \u00e0 l\u2019occasion de la 7\u00e8me Conf\u00e9rence des Mauritanides - Le Quotidien de Nouakchott","robots":{"index":"index","follow":"follow","max-snippet":"max-snippet:-1","max-image-preview":"max-image-preview:large","max-video-preview":"max-video-preview:-1"},"canonical":"https:\/\/lequotidien.mr\/?p=30808&lang=fr","og_locale":"ar_AR","og_type":"article","og_title":"Tasiast r\u00e9affirme son engagement en faveur d\u2019une exploitation mini\u00e8re responsable \u00e0 l\u2019occasion de la 7\u00e8me Conf\u00e9rence des Mauritanides - Le Quotidien de Nouakchott","og_description":"Nouakchott, Mauritanie \u2013 10 septembre 2025 \u2013 Tasiast Mauritanie Limited S.A. (Tasiast) prend part \u00e0 la 7\u1d49 Conf\u00e9rence et Exposition Mauritanides sur les Mines, le P\u00e9trole, le Gaz et l\u2019\u00c9nergie, organis\u00e9e \u00e0 Nouakchott du 8 au 10 septembre 2025 sous le haut patronage de S.E. Mohamed Ould Cheikh El Ghazouani, Pr\u00e9sident de la R\u00e9publique Islamique.....","og_url":"https:\/\/lequotidien.mr\/?p=30808&lang=fr","og_site_name":"Le Quotidien de Nouakchott","article_publisher":"https:\/\/web.facebook.com\/lequotidienmr","article_published_time":"2025-09-10T17:57:27+00:00","og_image":[{"width":2560,"height":1599,"url":"https:\/\/lequotidien.mr\/wp-content\/uploads\/2025\/09\/3-scaled.jpeg","type":"image\/jpeg"}],"author":"Le Quotidien","twitter_card":"summary_large_image","twitter_creator":"@lequotidienmr","twitter_site":"@lequotidienmr","twitter_misc":{"\u0643\u064f\u062a\u0628 \u0628\u0648\u0627\u0633\u0637\u0629":"Le Quotidien","\u0648\u0642\u062a \u0627\u0644\u0642\u0631\u0627\u0621\u0629 \u0627\u0644\u0645\u064f\u0642\u062f\u0651\u0631":"6 \u062f\u0642\u0627\u0626\u0642"},"schema":{"@context":"https:\/\/schema.org","@graph":[{"@type":"Article","@id":"https:\/\/lequotidien.mr\/?p=30808&lang=fr#article","isPartOf":{"@id":"https:\/\/lequotidien.mr\/?p=30808&lang=fr"},"author":{"name":"Le Quotidien","@id":"https:\/\/lequotidien.mr\/#\/schema\/person\/f90fcdaa970c60288de4ed2e64a56472"},"headline":"Tasiast r\u00e9affirme son engagement en faveur d\u2019une exploitation mini\u00e8re responsable \u00e0 l\u2019occasion de la 7\u00e8me Conf\u00e9rence des Mauritanides","datePublished":"2025-09-10T17:57:27+00:00","mainEntityOfPage":{"@id":"https:\/\/lequotidien.mr\/?p=30808&lang=fr"},"wordCount":784,"commentCount":0,"publisher":{"@id":"https:\/\/lequotidien.mr\/#organization"},"image":{"@id":"https:\/\/lequotidien.mr\/?p=30808&lang=fr#primaryimage"},"thumbnailUrl":"https:\/\/lequotidien.mr\/wp-content\/uploads\/2025\/09\/3-scaled.jpeg","articleSection":["ACTUALIT\u00c9","Economie","Couverture sp\u00e9cilale"],"inLanguage":"ar","potentialAction":[{"@type":"CommentAction","name":"Comment","target":["https:\/\/lequotidien.mr\/?p=30808&lang=fr#respond"]}]},{"@type":"WebPage","@id":"https:\/\/lequotidien.mr\/?p=30808&lang=fr","url":"https:\/\/lequotidien.mr\/?p=30808&lang=fr","name":"Tasiast r\u00e9affirme son engagement en faveur d\u2019une exploitation mini\u00e8re responsable \u00e0 l\u2019occasion de la 7\u00e8me Conf\u00e9rence des Mauritanides - Le Quotidien de Nouakchott","isPartOf":{"@id":"https:\/\/lequotidien.mr\/#website"},"primaryImageOfPage":{"@id":"https:\/\/lequotidien.mr\/?p=30808&lang=fr#primaryimage"},"image":{"@id":"https:\/\/lequotidien.mr\/?p=30808&lang=fr#primaryimage"},"thumbnailUrl":"https:\/\/lequotidien.mr\/wp-content\/uploads\/2025\/09\/3-scaled.jpeg","datePublished":"2025-09-10T17:57:27+00:00","breadcrumb":{"@id":"https:\/\/lequotidien.mr\/?p=30808&lang=fr#breadcrumb"},"inLanguage":"ar","potentialAction":[{"@type":"ReadAction","target":["https:\/\/lequotidien.mr\/?p=30808&lang=fr"]}]},{"@type":"ImageObject","inLanguage":"ar","@id":"https:\/\/lequotidien.mr\/?p=30808&lang=fr#primaryimage","url":"https:\/\/lequotidien.mr\/wp-content\/uploads\/2025\/09\/3-scaled.jpeg","contentUrl":"https:\/\/lequotidien.mr\/wp-content\/uploads\/2025\/09\/3-scaled.jpeg","width":2560,"height":1599},{"@type":"BreadcrumbList","@id":"https:\/\/lequotidien.mr\/?p=30808&lang=fr#breadcrumb","itemListElement":[{"@type":"ListItem","position":1,"name":"Home","item":"https:\/\/lequotidien.mr\/"},{"@type":"ListItem","position":2,"name":"Tasiast r\u00e9affirme son engagement en faveur d\u2019une exploitation mini\u00e8re responsable \u00e0 l\u2019occasion de la 7\u00e8me Conf\u00e9rence des Mauritanides"}]},{"@type":"WebSite","@id":"https:\/\/lequotidien.mr\/#website","url":"https:\/\/lequotidien.mr\/","name":"Le Quotidien de Nouakchott","description":"\u0625\u062e\u0628\u0627\u0631\u064a\u0629 \u0645\u0633\u062a\u0642\u0644\u0629 \u0644\u0644\u0623\u0646\u0628\u0627\u0621 \u0627\u0644\u0639\u0627\u0645\u0629","publisher":{"@id":"https:\/\/lequotidien.mr\/#organization"},"potentialAction":[{"@type":"SearchAction","target":{"@type":"EntryPoint","urlTemplate":"https:\/\/lequotidien.mr\/?s={search_term_string}"},"query-input":{"@type":"PropertyValueSpecification","valueRequired":true,"valueName":"search_term_string"}}],"inLanguage":"ar"},{"@type":"Organization","@id":"https:\/\/lequotidien.mr\/#organization","name":"Le Quotidien de Nouakchott","url":"https:\/\/lequotidien.mr\/","logo":{"@type":"ImageObject","inLanguage":"ar","@id":"https:\/\/lequotidien.mr\/#\/schema\/logo\/image\/","url":"https:\/\/lequotidien.mr\/wp-content\/uploads\/2022\/11\/logolequotidien.jpg","contentUrl":"https:\/\/lequotidien.mr\/wp-content\/uploads\/2022\/11\/logolequotidien.jpg","width":290,"height":65,"caption":"Le Quotidien de Nouakchott"},"image":{"@id":"https:\/\/lequotidien.mr\/#\/schema\/logo\/image\/"},"sameAs":["https:\/\/web.facebook.com\/lequotidienmr","https:\/\/x.com\/lequotidienmr"]},{"@type":"Person","@id":"https:\/\/lequotidien.mr\/#\/schema\/person\/f90fcdaa970c60288de4ed2e64a56472","name":"Le Quotidien","image":{"@type":"ImageObject","inLanguage":"ar","@id":"https:\/\/secure.gravatar.com\/avatar\/374cb39a1a458a912465a93e5a3ce6546886fc3da809a1f10c63e4e8fcbca30f?s=96&d=mm&r=g","url":"https:\/\/secure.gravatar.com\/avatar\/374cb39a1a458a912465a93e5a3ce6546886fc3da809a1f10c63e4e8fcbca30f?s=96&d=mm&r=g","contentUrl":"https:\/\/secure.gravatar.com\/avatar\/374cb39a1a458a912465a93e5a3ce6546886fc3da809a1f10c63e4e8fcbca30f?s=96&d=mm&r=g","caption":"Le Quotidien"},"sameAs":["https:\/\/lequotidien.mr\/"],"url":"https:\/\/lequotidien.mr\/?author=4"}]}},"_links":{"self":[{"href":"https:\/\/lequotidien.mr\/index.php?rest_route=\/wp\/v2\/posts\/30808","targetHints":{"allow":["GET"]}}],"collection":[{"href":"https:\/\/lequotidien.mr\/index.php?rest_route=\/wp\/v2\/posts"}],"about":[{"href":"https:\/\/lequotidien.mr\/index.php?rest_route=\/wp\/v2\/types\/post"}],"author":[{"embeddable":true,"href":"https:\/\/lequotidien.mr\/index.php?rest_route=\/wp\/v2\/users\/4"}],"replies":[{"embeddable":true,"href":"https:\/\/lequotidien.mr\/index.php?rest_route=%2Fwp%2Fv2%2Fcomments&post=30808"}],"version-history":[{"count":1,"href":"https:\/\/lequotidien.mr\/index.php?rest_route=\/wp\/v2\/posts\/30808\/revisions"}],"predecessor-version":[{"id":30811,"href":"https:\/\/lequotidien.mr\/index.php?rest_route=\/wp\/v2\/posts\/30808\/revisions\/30811"}],"wp:featuredmedia":[{"embeddable":true,"href":"https:\/\/lequotidien.mr\/index.php?rest_route=\/wp\/v2\/media\/30809"}],"wp:attachment":[{"href":"https:\/\/lequotidien.mr\/index.php?rest_route=%2Fwp%2Fv2%2Fmedia&parent=30808"}],"wp:term":[{"taxonomy":"category","embeddable":true,"href":"https:\/\/lequotidien.mr\/index.php?rest_route=%2Fwp%2Fv2%2Fcategories&post=30808"},{"taxonomy":"post_tag","embeddable":true,"href":"https:\/\/lequotidien.mr\/index.php?rest_route=%2Fwp%2Fv2%2Ftags&post=30808"}],"curies":[{"name":"wp","href":"https:\/\/api.w.org\/{rel}","templated":true}]}}