{"id":3072,"date":"2023-01-12T14:01:45","date_gmt":"2023-01-12T14:01:45","guid":{"rendered":"https:\/\/lequotidien.mr\/?p=3072"},"modified":"2023-01-12T14:01:45","modified_gmt":"2023-01-12T14:01:45","slug":"des-membres-du-gouvernement-comment-les-resultats-du-conseil-des-ministres","status":"publish","type":"post","link":"https:\/\/lequotidien.mr\/?p=3072&lang=fr","title":{"rendered":"Des membres du gouvernement comment les r\u00e9sultats du conseil des ministres"},"content":{"rendered":"<p>AMI &#8211; Des membres du gouvernement ont comment\u00e9, mercredi soir, \u00e0 Nouakchott, les r\u00e9sultats du conseil des ministres tenu plus t\u00f4t dans la matin\u00e9e.<\/p>\n<p>Il s\u2019agit des ministres : de l\u2019\u00c9quipement et des Transports, Porte-parole du gouvernement, M. Nany Ould Chrougha, de l\u2019Int\u00e9rieur et de la D\u00e9centralisation, M. Mohamed Ahmed Ould Mohamed Lemine, des Affaires \u00e9conomiques et de la Promotion des Secteurs productifs, M. Ousmane Mamoudou Kane et du Commerce, de l\u2019Industrie, de l\u2019Artisanat et du Tourisme, M. Lemrabott Ould Bennahi.<\/p>\n<p>Intervenant en premier le Porte-parole du gouvernement, M. Nany Ould Chrougha a d\u00e9clar\u00e9 que le conseil des ministres a examin\u00e9 et approuv\u00e9 plusieurs projets de loi et de d\u00e9crets, dont un projet de loi garantissant la transparence des prix et luttant contre les monopoles, deux projets de convention pour la mise en place de projets industriels en particulier dans le domaine du gypse et de la fabrication des tuyaux PVC pour les conduites de l\u2019eau, et des projets de loi concernant la modification de certaines dispositions des lois organiques relatives aux \u00e9lections municipales et l\u00e9gislatives.<\/p>\n<p>Pour sa part, le ministre de l\u2019Int\u00e9rieur et de la D\u00e9centralisation, M. Mohamed Ahmed Ould Mohamed Lemine, a d\u00e9clar\u00e9 que les projets de loi adopt\u00e9s introduisent de nouveaux changements importants dans le syst\u00e8me \u00e9lectoral, en particulier dans sa patrie n\u00e9cessitant l\u2019adoption par le Parlement.<\/p>\n<p>Ces projets, dit-il, ont trait aux quatre d\u00e9crets fixant le d\u00e9lai de convocation du corps \u00e9lectoral fix\u00e9 \u00e0 60 jours sur la base de la concertation entre les diff\u00e9rents acteurs politiques et le minist\u00e8re de l\u2019Int\u00e9rieur, ce qui n\u00e9cessite la mise en place de plusieurs textes l\u00e9gislatifs.<\/p>\n<p>Il a ajout\u00e9 que parmi les mesures adopt\u00e9es dans le cadre de ce projet, un certificat attestant la r\u00e9gularit\u00e9 vis-\u00e0-vis du fisc pour les cas d\u2019in\u00e9ligibilit\u00e9 relative, et fixe le nombre total de d\u00e9put\u00e9s \u00e0 176 d\u00e9put\u00e9s, dont 11 sont r\u00e9serv\u00e9s \u00e0 la Jeunesse, et 2 si\u00e8ges aux personnes \u00e0 besoins sp\u00e9cifiques.<\/p>\n<p>Il permettra \u00e9galement aux communaut\u00e9s \u00e0 l\u2019\u00e9tranger de voter directement aux \u00e9lections l\u00e9gislatives, alors qu\u2019elles en \u00e9taient encore priv\u00e9es, avec, cette fois-ci, la condition de r\u00e9sidence \u00e0 l\u2019\u00e9tranger pour les d\u00e9put\u00e9s candidats aux si\u00e8ges r\u00e9serv\u00e9s aux mauritaniens \u00e0 l\u2019\u00e9tranger.<\/p>\n<p>M. Mohamed Ahmed Ould Mohamed Lemine, a soulign\u00e9 que ce d\u00e9cret impulsera une r\u00e9forme importante du processus \u00e9lectoral \u00e0 travers l\u2019adoption d\u2019un seul tour dans les conseils municipaux et r\u00e9gionaux, dans le cadre duquel le pr\u00e9sident de la r\u00e9gion et le maire seront choisis de la premi\u00e8re liste, ce qui assurera une repr\u00e9sentation diversifi\u00e9e au niveau de ces conseils en raison de leur importance dans le syst\u00e8me d\u00e9mocratique.<\/p>\n<p>Le ministre est revenu sur le contexte g\u00e9n\u00e9ral de ce d\u00e9cret, soulignant qu\u2019il intervient apr\u00e8s l\u2019accord politique, en septembre dernier, entre le minist\u00e8re de l\u2019Int\u00e9rieur et les partis politiques et la feuille de route qui s\u2019ensuivit, la nomination des membres de la Commission Electorale Nationale Ind\u00e9pendante de mani\u00e8re consensuelle entre le Minist\u00e8re et les partis politiques dans les d\u00e9lais l\u00e9gaux ainsi que la promulgation d\u2019une s\u00e9rie de d\u00e9crets relatifs au recensement \u00e9lectoral, \u00e0 la prolongation de la validit\u00e9 de la carte d\u2019identit\u00e9, et au r\u00e9cent d\u00e9coupage administratif ayant abouti \u00e0 la cr\u00e9ation de 19 communes.<\/p>\n<p>R\u00e9pondant \u00e0 une question relative aux mouvements des \u00e9lecteurs en p\u00e9riode d\u2019\u00e9lection, il a fait savoir que la responsabilit\u00e9 de l\u2019\u00c9tat se limite au fait d\u2019emp\u00eacher tout \u00e9lecteur de voter deux fois, soulignant que le choix du lieu de vote revient au citoyen. \u00ab la pratique d\u00e9mocratique est particuli\u00e8rement bas\u00e9e sur la libert\u00e9 de choix \u00bb, a not\u00e9 le ministre.<\/p>\n<p>Pour sa part, le ministre des Affaires \u00e9conomiques a d\u00e9clar\u00e9 qu\u2019il a pr\u00e9sent\u00e9 au conseil des ministres, deux projets de lois relatifs \u00e0 des conventions pour la mise en \u0153uvre de deux projets industriels. Le premier projet industriel concerne la production du pl\u00e2tre \u00e0 partir du gypse mauritanien destin\u00e9 \u00e0 la consommation locale et \u00e0 l\u2019exportation pour un co\u00fbt de 3,7 milliards MRO. Le second projet vise la production des tuyaux PVC pour les conduites d\u2019eau, qui permettra de limiter le poids des importations dans ce domaine. \u00ab Ce projet dont le co\u00fbt est de 3 milliards MRO, comblera les besoins du march\u00e9 local en la mati\u00e8re et offrira environ 500 opportunit\u00e9s d\u2019emploi \u00bb, a conclu le ministre.<\/p>\n<p>Le ministre du Commerce, Lemrabott Ould Bennahi, a, quant \u00e0 lui, pr\u00e9cis\u00e9 que le projet de loi portant sur la libert\u00e9 des prix et de la concurrence, vise \u00e0 d\u00e9tailler une partie des mati\u00e8res trait\u00e9es dans le code du commerce et y apporter des nouveaut\u00e9s dans le domaine de la libre concurrence.<\/p>\n<p>Il a ajout\u00e9 que parmi ces \u00e9l\u00e9ments figure la libert\u00e9 de la concurrence \u00e0 travers la consolidation de l\u2019acceptation du principe de la libert\u00e9 des prix, l\u2019identification des comportements contraires \u00e0 la libert\u00e9 de la concurrence. Le d\u00e9cret, poursuit-il, pr\u00e9voit \u00e9galement la cr\u00e9ation d\u2019un nouveau conseil national de la concurrence sp\u00e9cialis\u00e9 dans les pratiques anticoncurrentielles en collaboration avec plusieurs parties (minist\u00e8re du commerce, commissions parlementaires, organisations de la soci\u00e9t\u00e9 civile).<\/p>\n<p>M. Ould Bennahi a indiqu\u00e9 que le d\u00e9cret s\u2019int\u00e9resse au contr\u00f4le et \u00e0 la distinction des sanctions commerciales, de celles judiciaires, avec l\u2019instauration de proc\u00e9dures de suivi des d\u00e9lits de march\u00e9 pour combler le vide dans les proc\u00e9dures r\u00e9glementant ce domaine, ainsi que son r\u00f4le dans la surveillance du march\u00e9 gr\u00e2ce aux m\u00e9canismes mis en place.<\/p>\n<p>Intervenant par rapport \u00e0 une question sur la p\u00eache, le porte-parole du gouvernement a indiqu\u00e9 que la r\u00e9duction des redevances pour les acteurs du secteur de la p\u00eache vise \u00e0 encourager la valeur ajout\u00e9e sur le sol mauritanien et l\u2019investissement local, compte tenu de l\u2019importance de ce secteur et de sa centralit\u00e9 dans l\u2019\u00e9conomie nationale, soulignant que cette d\u00e9cision s\u2019inscrit dans le cadre de la r\u00e9cente visite du pr\u00e9sident de la R\u00e9publique \u00e0 Nouadhibou.<\/p>\n<p>&nbsp;<\/p>\n","protected":false},"excerpt":{"rendered":"<p>AMI &#8211; Des membres du gouvernement ont comment\u00e9, mercredi soir, \u00e0 Nouakchott, les r\u00e9sultats du conseil des ministres tenu plus t\u00f4t dans la matin\u00e9e. Il s\u2019agit des ministres : de l\u2019\u00c9quipement et des Transports, Porte-parole du gouvernement, M. Nany Ould Chrougha, de l\u2019Int\u00e9rieur et de la D\u00e9centralisation, M. Mohamed Ahmed Ould Mohamed Lemine, des Affaires&#8230;..<\/p>\n","protected":false},"author":5,"featured_media":3073,"comment_status":"open","ping_status":"open","sticky":false,"template":"","format":"standard","meta":{"footnotes":""},"categories":[23,49],"tags":[],"class_list":["post-3072","post","type-post","status-publish","format-standard","has-post-thumbnail","hentry","category-actualite","category-economie"],"yoast_head":"<!-- This site is optimized with the Yoast SEO plugin v27.5 - https:\/\/yoast.com\/product\/yoast-seo-wordpress\/ -->\n<title>Des membres du gouvernement comment les r\u00e9sultats du conseil des ministres - Le Quotidien de Nouakchott<\/title>\n<meta name=\"robots\" content=\"index, follow, max-snippet:-1, max-image-preview:large, max-video-preview:-1\" \/>\n<link rel=\"canonical\" href=\"https:\/\/lequotidien.mr\/?p=3072&lang=fr\" \/>\n<meta property=\"og:locale\" content=\"ar_AR\" \/>\n<meta property=\"og:type\" content=\"article\" \/>\n<meta property=\"og:title\" content=\"Des membres du gouvernement comment les r\u00e9sultats du conseil des ministres - Le Quotidien de Nouakchott\" \/>\n<meta property=\"og:description\" content=\"AMI &#8211; Des membres du gouvernement ont comment\u00e9, mercredi soir, \u00e0 Nouakchott, les r\u00e9sultats du conseil des ministres tenu plus t\u00f4t dans la matin\u00e9e. Il s\u2019agit des ministres : de l\u2019\u00c9quipement et des Transports, Porte-parole du gouvernement, M. Nany Ould Chrougha, de l\u2019Int\u00e9rieur et de la D\u00e9centralisation, M. Mohamed Ahmed Ould Mohamed Lemine, des Affaires.....\" \/>\n<meta property=\"og:url\" content=\"https:\/\/lequotidien.mr\/?p=3072&amp;lang=fr\" \/>\n<meta property=\"og:site_name\" content=\"Le Quotidien de Nouakchott\" \/>\n<meta property=\"article:publisher\" content=\"https:\/\/web.facebook.com\/lequotidienmr\" \/>\n<meta property=\"article:published_time\" content=\"2023-01-12T14:01:45+00:00\" \/>\n<meta property=\"og:image\" content=\"https:\/\/lequotidien.mr\/wp-content\/uploads\/2023\/01\/conseil_paor_paro_11_750x430.jpg\" \/>\n\t<meta property=\"og:image:width\" content=\"667\" \/>\n\t<meta property=\"og:image:height\" content=\"430\" \/>\n\t<meta property=\"og:image:type\" content=\"image\/jpeg\" \/>\n<meta name=\"author\" content=\"Gayi Diawara\" \/>\n<meta name=\"twitter:card\" content=\"summary_large_image\" \/>\n<meta name=\"twitter:creator\" content=\"@lequotidienmr\" \/>\n<meta name=\"twitter:site\" content=\"@lequotidienmr\" \/>\n<meta name=\"twitter:label1\" content=\"\u0643\u064f\u062a\u0628 \u0628\u0648\u0627\u0633\u0637\u0629\" \/>\n\t<meta name=\"twitter:data1\" content=\"Gayi Diawara\" \/>\n\t<meta name=\"twitter:label2\" content=\"\u0648\u0642\u062a \u0627\u0644\u0642\u0631\u0627\u0621\u0629 \u0627\u0644\u0645\u064f\u0642\u062f\u0651\u0631\" \/>\n\t<meta name=\"twitter:data2\" content=\"5 \u062f\u0642\u0627\u0626\u0642\" \/>\n<script type=\"application\/ld+json\" class=\"yoast-schema-graph\">{\"@context\":\"https:\\\/\\\/schema.org\",\"@graph\":[{\"@type\":\"Article\",\"@id\":\"https:\\\/\\\/lequotidien.mr\\\/?p=3072&lang=fr#article\",\"isPartOf\":{\"@id\":\"https:\\\/\\\/lequotidien.mr\\\/?p=3072&lang=fr\"},\"author\":{\"name\":\"Gayi Diawara\",\"@id\":\"https:\\\/\\\/lequotidien.mr\\\/#\\\/schema\\\/person\\\/1077c8abd5640a6514b909318d271dee\"},\"headline\":\"Des membres du gouvernement comment les r\u00e9sultats du conseil des ministres\",\"datePublished\":\"2023-01-12T14:01:45+00:00\",\"mainEntityOfPage\":{\"@id\":\"https:\\\/\\\/lequotidien.mr\\\/?p=3072&lang=fr\"},\"wordCount\":1076,\"commentCount\":0,\"publisher\":{\"@id\":\"https:\\\/\\\/lequotidien.mr\\\/#organization\"},\"image\":{\"@id\":\"https:\\\/\\\/lequotidien.mr\\\/?p=3072&lang=fr#primaryimage\"},\"thumbnailUrl\":\"https:\\\/\\\/lequotidien.mr\\\/wp-content\\\/uploads\\\/2023\\\/01\\\/conseil_paor_paro_11_750x430.jpg\",\"articleSection\":[\"ACTUALIT\u00c9\",\"Economie\"],\"inLanguage\":\"ar\",\"potentialAction\":[{\"@type\":\"CommentAction\",\"name\":\"Comment\",\"target\":[\"https:\\\/\\\/lequotidien.mr\\\/?p=3072&lang=fr#respond\"]}]},{\"@type\":\"WebPage\",\"@id\":\"https:\\\/\\\/lequotidien.mr\\\/?p=3072&lang=fr\",\"url\":\"https:\\\/\\\/lequotidien.mr\\\/?p=3072&lang=fr\",\"name\":\"Des membres du gouvernement comment les r\u00e9sultats du conseil des ministres - Le Quotidien de Nouakchott\",\"isPartOf\":{\"@id\":\"https:\\\/\\\/lequotidien.mr\\\/#website\"},\"primaryImageOfPage\":{\"@id\":\"https:\\\/\\\/lequotidien.mr\\\/?p=3072&lang=fr#primaryimage\"},\"image\":{\"@id\":\"https:\\\/\\\/lequotidien.mr\\\/?p=3072&lang=fr#primaryimage\"},\"thumbnailUrl\":\"https:\\\/\\\/lequotidien.mr\\\/wp-content\\\/uploads\\\/2023\\\/01\\\/conseil_paor_paro_11_750x430.jpg\",\"datePublished\":\"2023-01-12T14:01:45+00:00\",\"breadcrumb\":{\"@id\":\"https:\\\/\\\/lequotidien.mr\\\/?p=3072&lang=fr#breadcrumb\"},\"inLanguage\":\"ar\",\"potentialAction\":[{\"@type\":\"ReadAction\",\"target\":[\"https:\\\/\\\/lequotidien.mr\\\/?p=3072&lang=fr\"]}]},{\"@type\":\"ImageObject\",\"inLanguage\":\"ar\",\"@id\":\"https:\\\/\\\/lequotidien.mr\\\/?p=3072&lang=fr#primaryimage\",\"url\":\"https:\\\/\\\/lequotidien.mr\\\/wp-content\\\/uploads\\\/2023\\\/01\\\/conseil_paor_paro_11_750x430.jpg\",\"contentUrl\":\"https:\\\/\\\/lequotidien.mr\\\/wp-content\\\/uploads\\\/2023\\\/01\\\/conseil_paor_paro_11_750x430.jpg\",\"width\":667,\"height\":430},{\"@type\":\"BreadcrumbList\",\"@id\":\"https:\\\/\\\/lequotidien.mr\\\/?p=3072&lang=fr#breadcrumb\",\"itemListElement\":[{\"@type\":\"ListItem\",\"position\":1,\"name\":\"Home\",\"item\":\"https:\\\/\\\/lequotidien.mr\\\/\"},{\"@type\":\"ListItem\",\"position\":2,\"name\":\"Des membres du gouvernement comment les r\u00e9sultats du conseil des ministres\"}]},{\"@type\":\"WebSite\",\"@id\":\"https:\\\/\\\/lequotidien.mr\\\/#website\",\"url\":\"https:\\\/\\\/lequotidien.mr\\\/\",\"name\":\"Le Quotidien de Nouakchott\",\"description\":\"\u0625\u062e\u0628\u0627\u0631\u064a\u0629 \u0645\u0633\u062a\u0642\u0644\u0629 \u0644\u0644\u0623\u0646\u0628\u0627\u0621 \u0627\u0644\u0639\u0627\u0645\u0629\",\"publisher\":{\"@id\":\"https:\\\/\\\/lequotidien.mr\\\/#organization\"},\"potentialAction\":[{\"@type\":\"SearchAction\",\"target\":{\"@type\":\"EntryPoint\",\"urlTemplate\":\"https:\\\/\\\/lequotidien.mr\\\/?s={search_term_string}\"},\"query-input\":{\"@type\":\"PropertyValueSpecification\",\"valueRequired\":true,\"valueName\":\"search_term_string\"}}],\"inLanguage\":\"ar\"},{\"@type\":\"Organization\",\"@id\":\"https:\\\/\\\/lequotidien.mr\\\/#organization\",\"name\":\"Le Quotidien de Nouakchott\",\"url\":\"https:\\\/\\\/lequotidien.mr\\\/\",\"logo\":{\"@type\":\"ImageObject\",\"inLanguage\":\"ar\",\"@id\":\"https:\\\/\\\/lequotidien.mr\\\/#\\\/schema\\\/logo\\\/image\\\/\",\"url\":\"https:\\\/\\\/lequotidien.mr\\\/wp-content\\\/uploads\\\/2022\\\/11\\\/logolequotidien.jpg\",\"contentUrl\":\"https:\\\/\\\/lequotidien.mr\\\/wp-content\\\/uploads\\\/2022\\\/11\\\/logolequotidien.jpg\",\"width\":290,\"height\":65,\"caption\":\"Le Quotidien de Nouakchott\"},\"image\":{\"@id\":\"https:\\\/\\\/lequotidien.mr\\\/#\\\/schema\\\/logo\\\/image\\\/\"},\"sameAs\":[\"https:\\\/\\\/web.facebook.com\\\/lequotidienmr\",\"https:\\\/\\\/x.com\\\/lequotidienmr\"]},{\"@type\":\"Person\",\"@id\":\"https:\\\/\\\/lequotidien.mr\\\/#\\\/schema\\\/person\\\/1077c8abd5640a6514b909318d271dee\",\"name\":\"Gayi Diawara\",\"image\":{\"@type\":\"ImageObject\",\"inLanguage\":\"ar\",\"@id\":\"https:\\\/\\\/secure.gravatar.com\\\/avatar\\\/63ea8db1e19a6d2d608b24c0f78b5f3a7d6e0bc11959fec273410af333e4d0ac?s=96&d=mm&r=g\",\"url\":\"https:\\\/\\\/secure.gravatar.com\\\/avatar\\\/63ea8db1e19a6d2d608b24c0f78b5f3a7d6e0bc11959fec273410af333e4d0ac?s=96&d=mm&r=g\",\"contentUrl\":\"https:\\\/\\\/secure.gravatar.com\\\/avatar\\\/63ea8db1e19a6d2d608b24c0f78b5f3a7d6e0bc11959fec273410af333e4d0ac?s=96&d=mm&r=g\",\"caption\":\"Gayi Diawara\"},\"sameAs\":[\"http:\\\/\\\/lequotidien.mr\"],\"url\":\"https:\\\/\\\/lequotidien.mr\\\/?author=5\"}]}<\/script>\n<!-- \/ Yoast SEO plugin. -->","yoast_head_json":{"title":"Des membres du gouvernement comment les r\u00e9sultats du conseil des ministres - Le Quotidien de Nouakchott","robots":{"index":"index","follow":"follow","max-snippet":"max-snippet:-1","max-image-preview":"max-image-preview:large","max-video-preview":"max-video-preview:-1"},"canonical":"https:\/\/lequotidien.mr\/?p=3072&lang=fr","og_locale":"ar_AR","og_type":"article","og_title":"Des membres du gouvernement comment les r\u00e9sultats du conseil des ministres - Le Quotidien de Nouakchott","og_description":"AMI &#8211; Des membres du gouvernement ont comment\u00e9, mercredi soir, \u00e0 Nouakchott, les r\u00e9sultats du conseil des ministres tenu plus t\u00f4t dans la matin\u00e9e. Il s\u2019agit des ministres : de l\u2019\u00c9quipement et des Transports, Porte-parole du gouvernement, M. Nany Ould Chrougha, de l\u2019Int\u00e9rieur et de la D\u00e9centralisation, M. Mohamed Ahmed Ould Mohamed Lemine, des Affaires.....","og_url":"https:\/\/lequotidien.mr\/?p=3072&lang=fr","og_site_name":"Le Quotidien de Nouakchott","article_publisher":"https:\/\/web.facebook.com\/lequotidienmr","article_published_time":"2023-01-12T14:01:45+00:00","og_image":[{"width":667,"height":430,"url":"https:\/\/lequotidien.mr\/wp-content\/uploads\/2023\/01\/conseil_paor_paro_11_750x430.jpg","type":"image\/jpeg"}],"author":"Gayi Diawara","twitter_card":"summary_large_image","twitter_creator":"@lequotidienmr","twitter_site":"@lequotidienmr","twitter_misc":{"\u0643\u064f\u062a\u0628 \u0628\u0648\u0627\u0633\u0637\u0629":"Gayi Diawara","\u0648\u0642\u062a \u0627\u0644\u0642\u0631\u0627\u0621\u0629 \u0627\u0644\u0645\u064f\u0642\u062f\u0651\u0631":"5 \u062f\u0642\u0627\u0626\u0642"},"schema":{"@context":"https:\/\/schema.org","@graph":[{"@type":"Article","@id":"https:\/\/lequotidien.mr\/?p=3072&lang=fr#article","isPartOf":{"@id":"https:\/\/lequotidien.mr\/?p=3072&lang=fr"},"author":{"name":"Gayi Diawara","@id":"https:\/\/lequotidien.mr\/#\/schema\/person\/1077c8abd5640a6514b909318d271dee"},"headline":"Des membres du gouvernement comment les r\u00e9sultats du conseil des ministres","datePublished":"2023-01-12T14:01:45+00:00","mainEntityOfPage":{"@id":"https:\/\/lequotidien.mr\/?p=3072&lang=fr"},"wordCount":1076,"commentCount":0,"publisher":{"@id":"https:\/\/lequotidien.mr\/#organization"},"image":{"@id":"https:\/\/lequotidien.mr\/?p=3072&lang=fr#primaryimage"},"thumbnailUrl":"https:\/\/lequotidien.mr\/wp-content\/uploads\/2023\/01\/conseil_paor_paro_11_750x430.jpg","articleSection":["ACTUALIT\u00c9","Economie"],"inLanguage":"ar","potentialAction":[{"@type":"CommentAction","name":"Comment","target":["https:\/\/lequotidien.mr\/?p=3072&lang=fr#respond"]}]},{"@type":"WebPage","@id":"https:\/\/lequotidien.mr\/?p=3072&lang=fr","url":"https:\/\/lequotidien.mr\/?p=3072&lang=fr","name":"Des membres du gouvernement comment les r\u00e9sultats du conseil des ministres - Le Quotidien de Nouakchott","isPartOf":{"@id":"https:\/\/lequotidien.mr\/#website"},"primaryImageOfPage":{"@id":"https:\/\/lequotidien.mr\/?p=3072&lang=fr#primaryimage"},"image":{"@id":"https:\/\/lequotidien.mr\/?p=3072&lang=fr#primaryimage"},"thumbnailUrl":"https:\/\/lequotidien.mr\/wp-content\/uploads\/2023\/01\/conseil_paor_paro_11_750x430.jpg","datePublished":"2023-01-12T14:01:45+00:00","breadcrumb":{"@id":"https:\/\/lequotidien.mr\/?p=3072&lang=fr#breadcrumb"},"inLanguage":"ar","potentialAction":[{"@type":"ReadAction","target":["https:\/\/lequotidien.mr\/?p=3072&lang=fr"]}]},{"@type":"ImageObject","inLanguage":"ar","@id":"https:\/\/lequotidien.mr\/?p=3072&lang=fr#primaryimage","url":"https:\/\/lequotidien.mr\/wp-content\/uploads\/2023\/01\/conseil_paor_paro_11_750x430.jpg","contentUrl":"https:\/\/lequotidien.mr\/wp-content\/uploads\/2023\/01\/conseil_paor_paro_11_750x430.jpg","width":667,"height":430},{"@type":"BreadcrumbList","@id":"https:\/\/lequotidien.mr\/?p=3072&lang=fr#breadcrumb","itemListElement":[{"@type":"ListItem","position":1,"name":"Home","item":"https:\/\/lequotidien.mr\/"},{"@type":"ListItem","position":2,"name":"Des membres du gouvernement comment les r\u00e9sultats du conseil des ministres"}]},{"@type":"WebSite","@id":"https:\/\/lequotidien.mr\/#website","url":"https:\/\/lequotidien.mr\/","name":"Le Quotidien de Nouakchott","description":"\u0625\u062e\u0628\u0627\u0631\u064a\u0629 \u0645\u0633\u062a\u0642\u0644\u0629 \u0644\u0644\u0623\u0646\u0628\u0627\u0621 \u0627\u0644\u0639\u0627\u0645\u0629","publisher":{"@id":"https:\/\/lequotidien.mr\/#organization"},"potentialAction":[{"@type":"SearchAction","target":{"@type":"EntryPoint","urlTemplate":"https:\/\/lequotidien.mr\/?s={search_term_string}"},"query-input":{"@type":"PropertyValueSpecification","valueRequired":true,"valueName":"search_term_string"}}],"inLanguage":"ar"},{"@type":"Organization","@id":"https:\/\/lequotidien.mr\/#organization","name":"Le Quotidien de Nouakchott","url":"https:\/\/lequotidien.mr\/","logo":{"@type":"ImageObject","inLanguage":"ar","@id":"https:\/\/lequotidien.mr\/#\/schema\/logo\/image\/","url":"https:\/\/lequotidien.mr\/wp-content\/uploads\/2022\/11\/logolequotidien.jpg","contentUrl":"https:\/\/lequotidien.mr\/wp-content\/uploads\/2022\/11\/logolequotidien.jpg","width":290,"height":65,"caption":"Le Quotidien de Nouakchott"},"image":{"@id":"https:\/\/lequotidien.mr\/#\/schema\/logo\/image\/"},"sameAs":["https:\/\/web.facebook.com\/lequotidienmr","https:\/\/x.com\/lequotidienmr"]},{"@type":"Person","@id":"https:\/\/lequotidien.mr\/#\/schema\/person\/1077c8abd5640a6514b909318d271dee","name":"Gayi Diawara","image":{"@type":"ImageObject","inLanguage":"ar","@id":"https:\/\/secure.gravatar.com\/avatar\/63ea8db1e19a6d2d608b24c0f78b5f3a7d6e0bc11959fec273410af333e4d0ac?s=96&d=mm&r=g","url":"https:\/\/secure.gravatar.com\/avatar\/63ea8db1e19a6d2d608b24c0f78b5f3a7d6e0bc11959fec273410af333e4d0ac?s=96&d=mm&r=g","contentUrl":"https:\/\/secure.gravatar.com\/avatar\/63ea8db1e19a6d2d608b24c0f78b5f3a7d6e0bc11959fec273410af333e4d0ac?s=96&d=mm&r=g","caption":"Gayi Diawara"},"sameAs":["http:\/\/lequotidien.mr"],"url":"https:\/\/lequotidien.mr\/?author=5"}]}},"_links":{"self":[{"href":"https:\/\/lequotidien.mr\/index.php?rest_route=\/wp\/v2\/posts\/3072","targetHints":{"allow":["GET"]}}],"collection":[{"href":"https:\/\/lequotidien.mr\/index.php?rest_route=\/wp\/v2\/posts"}],"about":[{"href":"https:\/\/lequotidien.mr\/index.php?rest_route=\/wp\/v2\/types\/post"}],"author":[{"embeddable":true,"href":"https:\/\/lequotidien.mr\/index.php?rest_route=\/wp\/v2\/users\/5"}],"replies":[{"embeddable":true,"href":"https:\/\/lequotidien.mr\/index.php?rest_route=%2Fwp%2Fv2%2Fcomments&post=3072"}],"version-history":[{"count":1,"href":"https:\/\/lequotidien.mr\/index.php?rest_route=\/wp\/v2\/posts\/3072\/revisions"}],"predecessor-version":[{"id":3074,"href":"https:\/\/lequotidien.mr\/index.php?rest_route=\/wp\/v2\/posts\/3072\/revisions\/3074"}],"wp:featuredmedia":[{"embeddable":true,"href":"https:\/\/lequotidien.mr\/index.php?rest_route=\/wp\/v2\/media\/3073"}],"wp:attachment":[{"href":"https:\/\/lequotidien.mr\/index.php?rest_route=%2Fwp%2Fv2%2Fmedia&parent=3072"}],"wp:term":[{"taxonomy":"category","embeddable":true,"href":"https:\/\/lequotidien.mr\/index.php?rest_route=%2Fwp%2Fv2%2Fcategories&post=3072"},{"taxonomy":"post_tag","embeddable":true,"href":"https:\/\/lequotidien.mr\/index.php?rest_route=%2Fwp%2Fv2%2Ftags&post=3072"}],"curies":[{"name":"wp","href":"https:\/\/api.w.org\/{rel}","templated":true}]}}