{"id":30718,"date":"2025-09-05T18:47:05","date_gmt":"2025-09-05T18:47:05","guid":{"rendered":"https:\/\/lequotidien.mr\/?p=30718"},"modified":"2025-09-05T18:47:05","modified_gmt":"2025-09-05T18:47:05","slug":"iatf-2025-le-president-el-ghazouani-plaide-pour-une-industrialisation-et-une-diversification-economiques-de-lafrique","status":"publish","type":"post","link":"https:\/\/lequotidien.mr\/?p=30718&lang=fr","title":{"rendered":"IATF 2025 : Le Pr\u00e9sident El Ghazouani plaide pour une industrialisation et une diversification \u00e9conomiques de l&#8217;Afrique"},"content":{"rendered":"<p>Le Pr\u00e9sident de la R\u00e9publique, Monsieur Mohamed Cheikh El Ghazouani, a pris part, jeudi dernier, \u00e0 un panel de discussion de haut niveau dans le cadre de la quatri\u00e8me \u00e9dition de la Foire commerciale interafricaine (IATF 2025) au Centre International des Conventions (CIC) d&#8217;Alger.<\/p>\n<p><strong>Un engagement en faveur de la ZLECAF<\/strong><\/p>\n<p>D\u2019entr\u00e9e de jeu, le Chef de l&#8217;\u00c9tat mauritanien a exprim\u00e9 ses sinc\u00e8res remerciements au Pr\u00e9sident alg\u00e9rien, M. Abdelmadjid Tebboune, \u00e0 la Commission de l\u2019Union africaine, au Secr\u00e9tariat de la Zone de libre-\u00e9change continentale africaine (ZLECAF) et \u00e0 la Banque africaine d\u2019import-export (Afreximbank) pour l\u2019organisation de cette table ronde pr\u00e9sidentielle.<\/p>\n<p>Il a salu\u00e9 le choix des th\u00e8mes au c\u0153ur des d\u00e9bats \u2013\u00a0<strong>les capacit\u00e9s productives, les politiques industrielles et la diversification \u00e9conomique<\/strong>\u00a0\u2013 les qualifiant de sujets <em>&#8220;qui s\u2019inscrivent dans notre volont\u00e9 commune de d\u00e9velopper la ZLECAF et de la faire contribuer fortement \u00e0 l\u2019\u00e9dification d\u2019une Afrique plus int\u00e9gr\u00e9e, plus comp\u00e9titive et plus prosp\u00e8re&#8221;.<\/em><\/p>\n<p><strong>La Mauritanie, un levier de prosp\u00e9rit\u00e9 partag\u00e9e<\/strong><\/p>\n<p>Dans son intervention, le Pr\u00e9sident El Ghazouani a mis en avant la d\u00e9termination de la Mauritanie \u00e0 jouer un r\u00f4le actif dans l&#8217;int\u00e9gration \u00e9conomique du continent. Il a soulign\u00e9 la volont\u00e9 de son pays de\u00a0<strong>transformer son \u00e9norme potentiel en richesses tangibles<\/strong>\u00a0pour le b\u00e9n\u00e9fice de toute l&#8217;Afrique.<\/p>\n<p><em>&#8220;La Mauritanie est d\u00e9termin\u00e9e \u00e0 transformer son \u00e9norme potentiel en minerais, p\u00eache, gaz, \u00e9nergies renouvelables et hydrog\u00e8ne vert en un levier de prosp\u00e9rit\u00e9 partag\u00e9e au profit de l\u2019Afrique&#8221;<\/em>, a-t-il d\u00e9clar\u00e9 devant l&#8217;assistance.<\/p>\n<p>Cette vision s&#8217;inscrit directement dans les objectifs de la ZLECAF, qui vise \u00e0 cr\u00e9er un march\u00e9 continental unique pour les biens et services, facilitant ainsi la circulation des investissements et des personnes et jetant les bases de la cr\u00e9ation de cha\u00eenes de valeur r\u00e9gionales.<\/p>\n<p><strong>Une feuille de route pour l&#8217;\u00e9mergence africaine<\/strong><\/p>\n<p>La participation du Pr\u00e9sident El Ghazouani \u00e0 ce panel renforce le message de l&#8217;engagement de la Mauritanie en faveur de la coop\u00e9ration sud-sud et de l&#8217;\u00e9mergence \u00e9conomique de l&#8217;Afrique. En misant sur la valorisation de ses ressources naturelles strat\u00e9giques et les \u00e9nergies vertes, la Mauritanie se positionne comme un acteur cl\u00e9 dans la future architecture \u00e9nerg\u00e9tique et industrielle du continent.<\/p>\n<p>Cette session de haut niveau, qui a r\u00e9uni plusieurs chefs d&#8217;\u00c9tat et de gouvernement, a permis d&#8217;aligner les visions sur les politiques n\u00e9cessaires pour stimuler les capacit\u00e9s productives africaines, une condition essentielle pour r\u00e9ussir le pari de la Zone de libre-\u00e9change continentale africaine.<\/p>\n<p>Voici le texte du discours de Son Excellence le Pr\u00e9sident de la R\u00e9publique lors de cette table ronde :<\/p>\n<p><em>\u201cMerci, Monsieur le Pr\u00e9sident,<\/em><\/p>\n<p><em>Je voudrais exprimer, en mon nom et au nom du peuple mauritanien, \u00e0 mon fr\u00e8re Son Excellence Monsieur Abdelmadjid Tebboune, Pr\u00e9sident de la R\u00e9publique alg\u00e9rienne d\u00e9mocratique et populaire, ainsi qu\u2019au gouvernement et au peuple alg\u00e9riens fr\u00e8res, mes sinc\u00e8res remerciements pour la grande attention, l\u2019hospitalit\u00e9 et l\u2019accueil chaleureux qui nous ont \u00e9t\u00e9 r\u00e9serv\u00e9s \u00e0 cette occasion.<\/em><\/p>\n<p><em>Je voudrais \u00e9galement f\u00e9liciter la Commission de l\u2019Union africaine, le Secr\u00e9tariat de la ZLECA et la Banque africaine d\u2019import-export (Afreximbank) pour le succ\u00e8s de cette quatri\u00e8me \u00e9dition de la Foire commerciale intra-africaine et les remercier pour l\u2019organisation de cette table ronde pr\u00e9sidentielle dont les th\u00e8mes, \u00e0 savoir la capacit\u00e9 de production, les politiques industrielles et la diversification \u00e9conomique, s\u2019inscrivent dans notre volont\u00e9 commune de d\u00e9velopper la ZLECA et de contribuer fortement \u00e0 la construction d\u2019une Afrique plus int\u00e9gr\u00e9e, plus comp\u00e9titive et plus prosp\u00e8re.<\/em><\/p>\n<p><em>Mon pays, la Mauritanie, a fait de sa Strat\u00e9gie Nationale de Croissance Acc\u00e9l\u00e9r\u00e9e et de Prosp\u00e9rit\u00e9 Partag\u00e9e un cadre d\u2019orientation de sa trajectoire de d\u00e9veloppement sur la voie de la diversification \u00e9conomique et de la r\u00e9alisation d\u2019une croissance soutenue et inclusive, visant un taux de croissance sup\u00e9rieur \u00e0 7% par an, la r\u00e9duction du taux de pauvret\u00e9 \u00e0 20%, la diversification et l\u2019intensification du tissu industriel pour porter la contribution du secteur industriel \u00e0 15% du PIB, le tout dans le cadre de l\u2019int\u00e9gration \u00e9conomique et du commerce intra-r\u00e9gional entre les composantes de la Zone de Libre Echange Continentale Africaine tr\u00e8s prochainement.<\/em><\/p>\n<p><em>Cela passe par la mise en place d\u2019infrastructures \u00e9conomiques de qualit\u00e9, le renforcement de la comp\u00e9titivit\u00e9 du secteur priv\u00e9, la diversification et l\u2019intensification du tissu industriel.<\/em><\/p>\n<p><em>Pour assurer une mise en \u0153uvre efficace de cette strat\u00e9gie, notre pays dispose d\u2019\u00e9normes ressources naturelles, notamment un front de mer riche en ressources halieutiques et des r\u00e9serves gazi\u00e8res et \u00e9nerg\u00e9tiques hautement class\u00e9es, et nous travaillons \u00e0 d\u00e9velopper et \u00e0 am\u00e9liorer l\u2019exploitation de ces richesses.<\/em><\/p>\n<p><em>Dans le domaine minier, par exemple, qui repr\u00e9sente environ 20 % du PIB et 76 % des exportations mauritaniennes, nous travaillons sur de nouveaux projets strat\u00e9giques qui augmenteront notre capacit\u00e9 de production de m\u00e9taux transform\u00e9s dans des proportions tr\u00e8s importantes, estim\u00e9es \u00e0 l\u2019avenir \u00e0 pr\u00e8s de 35 millions de tonnes par an.<\/em><\/p>\n<p><em>A cela s\u2019ajoutent les projets d\u2019or et de cuivre qui sont en constante progression, dont certains sont d\u00e9j\u00e0 exploit\u00e9s et nous sommes en train d\u2019en exploiter d\u2019autres dans un futur proche, inchallah, ce qui ouvrira la voie \u00e0 la transformation locale de ces minerais.<\/em><\/p>\n<p><em>Dans le secteur de l\u2019\u00e9nergie, l\u2019important projet de gaz de Grand Tortue Ahmeyim fournira 2,5 millions de tonnes de gaz naturel liqu\u00e9fi\u00e9 par an dans sa premi\u00e8re phase, et dans une deuxi\u00e8me phase, cette production doublera pour atteindre 5 millions de tonnes, puis quelques ann\u00e9es plus tard (avant 2029-2030) 10 millions de m\u00e8tres cubes, en plus de notre grand potentiel dans les \u00e9nergies renouvelables.<\/em><\/p>\n<p><em>Toujours dans le cadre du gaz, nous avons un tr\u00e8s grand projet \u00e0 Biralla, dont les r\u00e9serves sont estim\u00e9es \u00e0 trois fois celles de GTA dont je viens de parler.<\/em><\/p>\n<p><em>Dans le domaine de la p\u00eache, avec une capacit\u00e9 de production estim\u00e9e \u00e0 1,8 million de tonnes par an, nous visons \u00e0 augmenter le niveau de transformation locale afin d\u2019accro\u00eetre la valeur ajout\u00e9e locale et de cr\u00e9er de nombreuses opportunit\u00e9s d\u2019emploi.<\/em><\/p>\n<p><em>Dans le contexte de l\u2019agroalimentaire, nous visons \u00e0 atteindre une autosuffisance alimentaire de 50 % d\u2019ici \u00e0 2030, inchallah.<\/em><\/p>\n<p><em>Nous aspirons \u00e0 diversifier et \u00e0 approfondir la transformation locale de ces ressources, et \u00e0 passer progressivement d\u2019une \u00e9conomie qui d\u00e9pend presque enti\u00e8rement de l\u2019exportation de mati\u00e8res premi\u00e8res \u00e0 une \u00e9conomie diversifi\u00e9e et comp\u00e9titive avec une base manufacturi\u00e8re solide.<\/em><\/p>\n<p><em>Pour mettre en \u0153uvre cette transformation structurelle, nous nous sommes engag\u00e9s dans de profondes r\u00e9formes, notamment de nouvelles lois sur les mines, l\u2019hydrog\u00e8ne vert, les investissements, les partenariats public-priv\u00e9 et une r\u00e9forme du syst\u00e8me de passation des march\u00e9s publics.<\/em><\/p>\n<p><em>Nous investirons \u00e9galement dans les secteurs de l\u2019\u00e9nergie solaire et \u00e9olienne afin d\u2019augmenter leur part dans notre mix \u00e9nerg\u00e9tique de 42 % actuellement \u00e0 70 % d\u2019ici 2030, inchallah.<\/em><\/p>\n<p><em>Le succ\u00e8s du d\u00e9veloppement industriel d\u00e9pendant de l\u2019existence d\u2019infrastructures modernes, la Mauritanie a donn\u00e9 la priorit\u00e9 \u00e0 l\u2019expansion des ports, des autoroutes et des corridors actifs pour l\u2019industrialisation et le soutien \u00e0 l\u2019int\u00e9gration continentale. Dans ce contexte, le port autonome de Nouakchott a \u00e9t\u00e9 modernis\u00e9 pour augmenter sa capacit\u00e9 de 5 millions de tonnes par an, et un partenariat avec le secteur priv\u00e9 est en cours d\u2019ach\u00e8vement pour \u00e9tablir un port en eau profonde \u00e0 Nouadhibou en tant que plaque tournante r\u00e9gionale pour les minerais, la p\u00eache et le transit. Des partenariats sont en cours pour le port multifonctionnel de N\u2019Diago.<\/em><\/p>\n<p><em>En ce qui concerne les routes, trois grands projets sont en cours : la route Nouakchott-Boutilimitt, qui ouvrira un corridor strat\u00e9gique vers le Mali via le port sec ind\u00e9pendant de Gougui Zemal ; la route Nouadhibou-Nouakchott-<\/em><\/p>\n<p><em>Rosso, qui sera reli\u00e9e au pont Rosso et favorisera les \u00e9changes avec l\u2019espace CEDEAO ; et la route Tindouf-Zouerate, qui repr\u00e9sente une liaison terrestre directe et tr\u00e8s importante avec l\u2019Alg\u00e9rie voisine et renforce le corridor transsaharien.<\/em><\/p>\n<p><em>Dans ce contexte, notre objectif est de r\u00e9duire les co\u00fbts logistiques, qui repr\u00e9sentent actuellement environ 25 % de la valeur des exportations, pour les rapprocher de la moyenne africaine de 10 %.<\/em><\/p>\n<p><em>D\u2019une mani\u00e8re g\u00e9n\u00e9rale, reconnaissant que les partenariats strat\u00e9giques sont un levier essentiel pour stimuler l\u2019activit\u00e9 manufacturi\u00e8re, nous travaillons avec des institutions financi\u00e8res internationales telles qu\u2019Afreximbank, la Banque africaine de d\u00e9veloppement et la Banque mondiale pour financer les infrastructures portuaires et logistiques et soutenir les PME et les industries \u00e9mergentes gr\u00e2ce \u00e0 des m\u00e9canismes de financement appropri\u00e9s et \u00e0 des outils de facilitation du commerce.<\/em><\/p>\n<p><em>Nous travaillons \u00e9galement avec la CEDEAO et l\u2019Union du Maghreb Arabe pour am\u00e9liorer la connectivit\u00e9 logistique, d\u00e9finir des normes et simplifier les proc\u00e9dures douani\u00e8res, et nous aspirons \u00e0 faire de la Mauritanie une plateforme de transformation industrielle et un point d\u2019\u00e9change commercial entre l\u2019Afrique du Nord et de l\u2019Ouest et le reste du continent.<\/em><\/p>\n<p><em>En conclusion, je voudrais rappeler trois objectifs prioritaires de notre strat\u00e9gie de croissance acc\u00e9l\u00e9r\u00e9e et de prosp\u00e9rit\u00e9 partag\u00e9e, \u00e0 savoir le d\u00e9veloppement d\u2019une industrie diversifi\u00e9e \u00e0 forte capacit\u00e9 de cr\u00e9ation d\u2019emplois et de valeur ajout\u00e9e, la modernisation des infrastructures et des ports, et des partenariats interr\u00e9gionaux solides, \u00e0 la fois financiers et technologiques, pour acc\u00e9l\u00e9rer notre int\u00e9gration continentale.<\/em><\/p>\n<p><em>En Mauritanie, nous sommes d\u00e9termin\u00e9s \u00e0 faire de notre \u00e9norme potentiel en minerais, p\u00eache, gaz, \u00e9nergies renouvelables, hydrog\u00e8ne vert et autres, un levier de prosp\u00e9rit\u00e9 partag\u00e9e au profit du continent.<\/em><\/p>\n<p><em>Je vous remercie\u201d<\/em><\/p>\n","protected":false},"excerpt":{"rendered":"<p>Le Pr\u00e9sident de la R\u00e9publique, Monsieur Mohamed Cheikh El Ghazouani, a pris part, jeudi dernier, \u00e0 un panel de discussion de haut niveau dans le cadre de la quatri\u00e8me \u00e9dition de la Foire commerciale interafricaine (IATF 2025) au Centre International des Conventions (CIC) d&#8217;Alger. Un engagement en faveur de la ZLECAF D\u2019entr\u00e9e de jeu, le&#8230;..<\/p>\n","protected":false},"author":12,"featured_media":30719,"comment_status":"open","ping_status":"open","sticky":false,"template":"","format":"standard","meta":{"footnotes":""},"categories":[23,49],"tags":[],"class_list":["post-30718","post","type-post","status-publish","format-standard","has-post-thumbnail","hentry","category-actualite","category-economie"],"yoast_head":"<!-- This site is optimized with the Yoast SEO plugin v27.5 - https:\/\/yoast.com\/product\/yoast-seo-wordpress\/ -->\n<title>IATF 2025 : Le Pr\u00e9sident El Ghazouani plaide pour une industrialisation et une diversification \u00e9conomiques de l&#039;Afrique - Le Quotidien de Nouakchott<\/title>\n<meta name=\"robots\" content=\"index, follow, max-snippet:-1, max-image-preview:large, max-video-preview:-1\" \/>\n<link rel=\"canonical\" href=\"https:\/\/lequotidien.mr\/?p=30718&lang=fr\" \/>\n<meta property=\"og:locale\" content=\"ar_AR\" \/>\n<meta property=\"og:type\" content=\"article\" \/>\n<meta property=\"og:title\" content=\"IATF 2025 : Le Pr\u00e9sident El Ghazouani plaide pour une industrialisation et une diversification \u00e9conomiques de l&#039;Afrique - Le Quotidien de Nouakchott\" \/>\n<meta property=\"og:description\" content=\"Le Pr\u00e9sident de la R\u00e9publique, Monsieur Mohamed Cheikh El Ghazouani, a pris part, jeudi dernier, \u00e0 un panel de discussion de haut niveau dans le cadre de la quatri\u00e8me \u00e9dition de la Foire commerciale interafricaine (IATF 2025) au Centre International des Conventions (CIC) d&#8217;Alger. Un engagement en faveur de la ZLECAF D\u2019entr\u00e9e de jeu, le.....\" \/>\n<meta property=\"og:url\" content=\"https:\/\/lequotidien.mr\/?p=30718&amp;lang=fr\" \/>\n<meta property=\"og:site_name\" content=\"Le Quotidien de Nouakchott\" \/>\n<meta property=\"article:publisher\" content=\"https:\/\/web.facebook.com\/lequotidienmr\" \/>\n<meta property=\"article:published_time\" content=\"2025-09-05T18:47:05+00:00\" \/>\n<meta property=\"og:image\" content=\"https:\/\/lequotidien.mr\/wp-content\/uploads\/2025\/09\/photo-IATF.jpg\" \/>\n\t<meta property=\"og:image:width\" content=\"1024\" \/>\n\t<meta property=\"og:image:height\" content=\"587\" \/>\n\t<meta property=\"og:image:type\" content=\"image\/jpeg\" \/>\n<meta name=\"author\" content=\"Med Ahmed\" \/>\n<meta name=\"twitter:card\" content=\"summary_large_image\" \/>\n<meta name=\"twitter:creator\" content=\"@lequotidienmr\" \/>\n<meta name=\"twitter:site\" content=\"@lequotidienmr\" \/>\n<meta name=\"twitter:label1\" content=\"\u0643\u064f\u062a\u0628 \u0628\u0648\u0627\u0633\u0637\u0629\" \/>\n\t<meta name=\"twitter:data1\" content=\"Med Ahmed\" \/>\n\t<meta name=\"twitter:label2\" content=\"\u0648\u0642\u062a \u0627\u0644\u0642\u0631\u0627\u0621\u0629 \u0627\u0644\u0645\u064f\u0642\u062f\u0651\u0631\" \/>\n\t<meta name=\"twitter:data2\" content=\"12 \u062f\u0642\u064a\u0642\u0629\" \/>\n<script type=\"application\/ld+json\" class=\"yoast-schema-graph\">{\"@context\":\"https:\\\/\\\/schema.org\",\"@graph\":[{\"@type\":\"Article\",\"@id\":\"https:\\\/\\\/lequotidien.mr\\\/?p=30718&lang=fr#article\",\"isPartOf\":{\"@id\":\"https:\\\/\\\/lequotidien.mr\\\/?p=30718&lang=fr\"},\"author\":{\"name\":\"Med Ahmed\",\"@id\":\"https:\\\/\\\/lequotidien.mr\\\/#\\\/schema\\\/person\\\/d2d350202a4d599685ed8abc25f97596\"},\"headline\":\"IATF 2025 : Le Pr\u00e9sident El Ghazouani plaide pour une industrialisation et une diversification \u00e9conomiques de l&#8217;Afrique\",\"datePublished\":\"2025-09-05T18:47:05+00:00\",\"mainEntityOfPage\":{\"@id\":\"https:\\\/\\\/lequotidien.mr\\\/?p=30718&lang=fr\"},\"wordCount\":1694,\"commentCount\":0,\"publisher\":{\"@id\":\"https:\\\/\\\/lequotidien.mr\\\/#organization\"},\"image\":{\"@id\":\"https:\\\/\\\/lequotidien.mr\\\/?p=30718&lang=fr#primaryimage\"},\"thumbnailUrl\":\"https:\\\/\\\/lequotidien.mr\\\/wp-content\\\/uploads\\\/2025\\\/09\\\/photo-IATF.jpg\",\"articleSection\":[\"ACTUALIT\u00c9\",\"Economie\"],\"inLanguage\":\"ar\",\"potentialAction\":[{\"@type\":\"CommentAction\",\"name\":\"Comment\",\"target\":[\"https:\\\/\\\/lequotidien.mr\\\/?p=30718&lang=fr#respond\"]}]},{\"@type\":\"WebPage\",\"@id\":\"https:\\\/\\\/lequotidien.mr\\\/?p=30718&lang=fr\",\"url\":\"https:\\\/\\\/lequotidien.mr\\\/?p=30718&lang=fr\",\"name\":\"IATF 2025 : Le Pr\u00e9sident El Ghazouani plaide pour une industrialisation et une diversification \u00e9conomiques de l'Afrique - Le Quotidien de Nouakchott\",\"isPartOf\":{\"@id\":\"https:\\\/\\\/lequotidien.mr\\\/#website\"},\"primaryImageOfPage\":{\"@id\":\"https:\\\/\\\/lequotidien.mr\\\/?p=30718&lang=fr#primaryimage\"},\"image\":{\"@id\":\"https:\\\/\\\/lequotidien.mr\\\/?p=30718&lang=fr#primaryimage\"},\"thumbnailUrl\":\"https:\\\/\\\/lequotidien.mr\\\/wp-content\\\/uploads\\\/2025\\\/09\\\/photo-IATF.jpg\",\"datePublished\":\"2025-09-05T18:47:05+00:00\",\"breadcrumb\":{\"@id\":\"https:\\\/\\\/lequotidien.mr\\\/?p=30718&lang=fr#breadcrumb\"},\"inLanguage\":\"ar\",\"potentialAction\":[{\"@type\":\"ReadAction\",\"target\":[\"https:\\\/\\\/lequotidien.mr\\\/?p=30718&lang=fr\"]}]},{\"@type\":\"ImageObject\",\"inLanguage\":\"ar\",\"@id\":\"https:\\\/\\\/lequotidien.mr\\\/?p=30718&lang=fr#primaryimage\",\"url\":\"https:\\\/\\\/lequotidien.mr\\\/wp-content\\\/uploads\\\/2025\\\/09\\\/photo-IATF.jpg\",\"contentUrl\":\"https:\\\/\\\/lequotidien.mr\\\/wp-content\\\/uploads\\\/2025\\\/09\\\/photo-IATF.jpg\",\"width\":1024,\"height\":587},{\"@type\":\"BreadcrumbList\",\"@id\":\"https:\\\/\\\/lequotidien.mr\\\/?p=30718&lang=fr#breadcrumb\",\"itemListElement\":[{\"@type\":\"ListItem\",\"position\":1,\"name\":\"Home\",\"item\":\"https:\\\/\\\/lequotidien.mr\\\/\"},{\"@type\":\"ListItem\",\"position\":2,\"name\":\"IATF 2025 : Le Pr\u00e9sident El Ghazouani plaide pour une industrialisation et une diversification \u00e9conomiques de l&rsquo;Afrique\"}]},{\"@type\":\"WebSite\",\"@id\":\"https:\\\/\\\/lequotidien.mr\\\/#website\",\"url\":\"https:\\\/\\\/lequotidien.mr\\\/\",\"name\":\"Le Quotidien de Nouakchott\",\"description\":\"\u0625\u062e\u0628\u0627\u0631\u064a\u0629 \u0645\u0633\u062a\u0642\u0644\u0629 \u0644\u0644\u0623\u0646\u0628\u0627\u0621 \u0627\u0644\u0639\u0627\u0645\u0629\",\"publisher\":{\"@id\":\"https:\\\/\\\/lequotidien.mr\\\/#organization\"},\"potentialAction\":[{\"@type\":\"SearchAction\",\"target\":{\"@type\":\"EntryPoint\",\"urlTemplate\":\"https:\\\/\\\/lequotidien.mr\\\/?s={search_term_string}\"},\"query-input\":{\"@type\":\"PropertyValueSpecification\",\"valueRequired\":true,\"valueName\":\"search_term_string\"}}],\"inLanguage\":\"ar\"},{\"@type\":\"Organization\",\"@id\":\"https:\\\/\\\/lequotidien.mr\\\/#organization\",\"name\":\"Le Quotidien de Nouakchott\",\"url\":\"https:\\\/\\\/lequotidien.mr\\\/\",\"logo\":{\"@type\":\"ImageObject\",\"inLanguage\":\"ar\",\"@id\":\"https:\\\/\\\/lequotidien.mr\\\/#\\\/schema\\\/logo\\\/image\\\/\",\"url\":\"https:\\\/\\\/lequotidien.mr\\\/wp-content\\\/uploads\\\/2022\\\/11\\\/logolequotidien.jpg\",\"contentUrl\":\"https:\\\/\\\/lequotidien.mr\\\/wp-content\\\/uploads\\\/2022\\\/11\\\/logolequotidien.jpg\",\"width\":290,\"height\":65,\"caption\":\"Le Quotidien de Nouakchott\"},\"image\":{\"@id\":\"https:\\\/\\\/lequotidien.mr\\\/#\\\/schema\\\/logo\\\/image\\\/\"},\"sameAs\":[\"https:\\\/\\\/web.facebook.com\\\/lequotidienmr\",\"https:\\\/\\\/x.com\\\/lequotidienmr\"]},{\"@type\":\"Person\",\"@id\":\"https:\\\/\\\/lequotidien.mr\\\/#\\\/schema\\\/person\\\/d2d350202a4d599685ed8abc25f97596\",\"name\":\"Med Ahmed\",\"image\":{\"@type\":\"ImageObject\",\"inLanguage\":\"ar\",\"@id\":\"https:\\\/\\\/secure.gravatar.com\\\/avatar\\\/fd2acc62ed50732923d1d39c17172c9b04149f142be92310ecc69e1358f94b52?s=96&d=mm&r=g\",\"url\":\"https:\\\/\\\/secure.gravatar.com\\\/avatar\\\/fd2acc62ed50732923d1d39c17172c9b04149f142be92310ecc69e1358f94b52?s=96&d=mm&r=g\",\"contentUrl\":\"https:\\\/\\\/secure.gravatar.com\\\/avatar\\\/fd2acc62ed50732923d1d39c17172c9b04149f142be92310ecc69e1358f94b52?s=96&d=mm&r=g\",\"caption\":\"Med Ahmed\"},\"url\":\"https:\\\/\\\/lequotidien.mr\\\/?author=12\"}]}<\/script>\n<!-- \/ Yoast SEO plugin. -->","yoast_head_json":{"title":"IATF 2025 : Le Pr\u00e9sident El Ghazouani plaide pour une industrialisation et une diversification \u00e9conomiques de l'Afrique - Le Quotidien de Nouakchott","robots":{"index":"index","follow":"follow","max-snippet":"max-snippet:-1","max-image-preview":"max-image-preview:large","max-video-preview":"max-video-preview:-1"},"canonical":"https:\/\/lequotidien.mr\/?p=30718&lang=fr","og_locale":"ar_AR","og_type":"article","og_title":"IATF 2025 : Le Pr\u00e9sident El Ghazouani plaide pour une industrialisation et une diversification \u00e9conomiques de l'Afrique - Le Quotidien de Nouakchott","og_description":"Le Pr\u00e9sident de la R\u00e9publique, Monsieur Mohamed Cheikh El Ghazouani, a pris part, jeudi dernier, \u00e0 un panel de discussion de haut niveau dans le cadre de la quatri\u00e8me \u00e9dition de la Foire commerciale interafricaine (IATF 2025) au Centre International des Conventions (CIC) d&#8217;Alger. Un engagement en faveur de la ZLECAF D\u2019entr\u00e9e de jeu, le.....","og_url":"https:\/\/lequotidien.mr\/?p=30718&lang=fr","og_site_name":"Le Quotidien de Nouakchott","article_publisher":"https:\/\/web.facebook.com\/lequotidienmr","article_published_time":"2025-09-05T18:47:05+00:00","og_image":[{"width":1024,"height":587,"url":"https:\/\/lequotidien.mr\/wp-content\/uploads\/2025\/09\/photo-IATF.jpg","type":"image\/jpeg"}],"author":"Med Ahmed","twitter_card":"summary_large_image","twitter_creator":"@lequotidienmr","twitter_site":"@lequotidienmr","twitter_misc":{"\u0643\u064f\u062a\u0628 \u0628\u0648\u0627\u0633\u0637\u0629":"Med Ahmed","\u0648\u0642\u062a \u0627\u0644\u0642\u0631\u0627\u0621\u0629 \u0627\u0644\u0645\u064f\u0642\u062f\u0651\u0631":"12 \u062f\u0642\u064a\u0642\u0629"},"schema":{"@context":"https:\/\/schema.org","@graph":[{"@type":"Article","@id":"https:\/\/lequotidien.mr\/?p=30718&lang=fr#article","isPartOf":{"@id":"https:\/\/lequotidien.mr\/?p=30718&lang=fr"},"author":{"name":"Med Ahmed","@id":"https:\/\/lequotidien.mr\/#\/schema\/person\/d2d350202a4d599685ed8abc25f97596"},"headline":"IATF 2025 : Le Pr\u00e9sident El Ghazouani plaide pour une industrialisation et une diversification \u00e9conomiques de l&#8217;Afrique","datePublished":"2025-09-05T18:47:05+00:00","mainEntityOfPage":{"@id":"https:\/\/lequotidien.mr\/?p=30718&lang=fr"},"wordCount":1694,"commentCount":0,"publisher":{"@id":"https:\/\/lequotidien.mr\/#organization"},"image":{"@id":"https:\/\/lequotidien.mr\/?p=30718&lang=fr#primaryimage"},"thumbnailUrl":"https:\/\/lequotidien.mr\/wp-content\/uploads\/2025\/09\/photo-IATF.jpg","articleSection":["ACTUALIT\u00c9","Economie"],"inLanguage":"ar","potentialAction":[{"@type":"CommentAction","name":"Comment","target":["https:\/\/lequotidien.mr\/?p=30718&lang=fr#respond"]}]},{"@type":"WebPage","@id":"https:\/\/lequotidien.mr\/?p=30718&lang=fr","url":"https:\/\/lequotidien.mr\/?p=30718&lang=fr","name":"IATF 2025 : Le Pr\u00e9sident El Ghazouani plaide pour une industrialisation et une diversification \u00e9conomiques de l'Afrique - Le Quotidien de Nouakchott","isPartOf":{"@id":"https:\/\/lequotidien.mr\/#website"},"primaryImageOfPage":{"@id":"https:\/\/lequotidien.mr\/?p=30718&lang=fr#primaryimage"},"image":{"@id":"https:\/\/lequotidien.mr\/?p=30718&lang=fr#primaryimage"},"thumbnailUrl":"https:\/\/lequotidien.mr\/wp-content\/uploads\/2025\/09\/photo-IATF.jpg","datePublished":"2025-09-05T18:47:05+00:00","breadcrumb":{"@id":"https:\/\/lequotidien.mr\/?p=30718&lang=fr#breadcrumb"},"inLanguage":"ar","potentialAction":[{"@type":"ReadAction","target":["https:\/\/lequotidien.mr\/?p=30718&lang=fr"]}]},{"@type":"ImageObject","inLanguage":"ar","@id":"https:\/\/lequotidien.mr\/?p=30718&lang=fr#primaryimage","url":"https:\/\/lequotidien.mr\/wp-content\/uploads\/2025\/09\/photo-IATF.jpg","contentUrl":"https:\/\/lequotidien.mr\/wp-content\/uploads\/2025\/09\/photo-IATF.jpg","width":1024,"height":587},{"@type":"BreadcrumbList","@id":"https:\/\/lequotidien.mr\/?p=30718&lang=fr#breadcrumb","itemListElement":[{"@type":"ListItem","position":1,"name":"Home","item":"https:\/\/lequotidien.mr\/"},{"@type":"ListItem","position":2,"name":"IATF 2025 : Le Pr\u00e9sident El Ghazouani plaide pour une industrialisation et une diversification \u00e9conomiques de l&rsquo;Afrique"}]},{"@type":"WebSite","@id":"https:\/\/lequotidien.mr\/#website","url":"https:\/\/lequotidien.mr\/","name":"Le Quotidien de Nouakchott","description":"\u0625\u062e\u0628\u0627\u0631\u064a\u0629 \u0645\u0633\u062a\u0642\u0644\u0629 \u0644\u0644\u0623\u0646\u0628\u0627\u0621 \u0627\u0644\u0639\u0627\u0645\u0629","publisher":{"@id":"https:\/\/lequotidien.mr\/#organization"},"potentialAction":[{"@type":"SearchAction","target":{"@type":"EntryPoint","urlTemplate":"https:\/\/lequotidien.mr\/?s={search_term_string}"},"query-input":{"@type":"PropertyValueSpecification","valueRequired":true,"valueName":"search_term_string"}}],"inLanguage":"ar"},{"@type":"Organization","@id":"https:\/\/lequotidien.mr\/#organization","name":"Le Quotidien de Nouakchott","url":"https:\/\/lequotidien.mr\/","logo":{"@type":"ImageObject","inLanguage":"ar","@id":"https:\/\/lequotidien.mr\/#\/schema\/logo\/image\/","url":"https:\/\/lequotidien.mr\/wp-content\/uploads\/2022\/11\/logolequotidien.jpg","contentUrl":"https:\/\/lequotidien.mr\/wp-content\/uploads\/2022\/11\/logolequotidien.jpg","width":290,"height":65,"caption":"Le Quotidien de Nouakchott"},"image":{"@id":"https:\/\/lequotidien.mr\/#\/schema\/logo\/image\/"},"sameAs":["https:\/\/web.facebook.com\/lequotidienmr","https:\/\/x.com\/lequotidienmr"]},{"@type":"Person","@id":"https:\/\/lequotidien.mr\/#\/schema\/person\/d2d350202a4d599685ed8abc25f97596","name":"Med Ahmed","image":{"@type":"ImageObject","inLanguage":"ar","@id":"https:\/\/secure.gravatar.com\/avatar\/fd2acc62ed50732923d1d39c17172c9b04149f142be92310ecc69e1358f94b52?s=96&d=mm&r=g","url":"https:\/\/secure.gravatar.com\/avatar\/fd2acc62ed50732923d1d39c17172c9b04149f142be92310ecc69e1358f94b52?s=96&d=mm&r=g","contentUrl":"https:\/\/secure.gravatar.com\/avatar\/fd2acc62ed50732923d1d39c17172c9b04149f142be92310ecc69e1358f94b52?s=96&d=mm&r=g","caption":"Med Ahmed"},"url":"https:\/\/lequotidien.mr\/?author=12"}]}},"_links":{"self":[{"href":"https:\/\/lequotidien.mr\/index.php?rest_route=\/wp\/v2\/posts\/30718","targetHints":{"allow":["GET"]}}],"collection":[{"href":"https:\/\/lequotidien.mr\/index.php?rest_route=\/wp\/v2\/posts"}],"about":[{"href":"https:\/\/lequotidien.mr\/index.php?rest_route=\/wp\/v2\/types\/post"}],"author":[{"embeddable":true,"href":"https:\/\/lequotidien.mr\/index.php?rest_route=\/wp\/v2\/users\/12"}],"replies":[{"embeddable":true,"href":"https:\/\/lequotidien.mr\/index.php?rest_route=%2Fwp%2Fv2%2Fcomments&post=30718"}],"version-history":[{"count":1,"href":"https:\/\/lequotidien.mr\/index.php?rest_route=\/wp\/v2\/posts\/30718\/revisions"}],"predecessor-version":[{"id":30720,"href":"https:\/\/lequotidien.mr\/index.php?rest_route=\/wp\/v2\/posts\/30718\/revisions\/30720"}],"wp:featuredmedia":[{"embeddable":true,"href":"https:\/\/lequotidien.mr\/index.php?rest_route=\/wp\/v2\/media\/30719"}],"wp:attachment":[{"href":"https:\/\/lequotidien.mr\/index.php?rest_route=%2Fwp%2Fv2%2Fmedia&parent=30718"}],"wp:term":[{"taxonomy":"category","embeddable":true,"href":"https:\/\/lequotidien.mr\/index.php?rest_route=%2Fwp%2Fv2%2Fcategories&post=30718"},{"taxonomy":"post_tag","embeddable":true,"href":"https:\/\/lequotidien.mr\/index.php?rest_route=%2Fwp%2Fv2%2Ftags&post=30718"}],"curies":[{"name":"wp","href":"https:\/\/api.w.org\/{rel}","templated":true}]}}