{"id":30715,"date":"2025-09-05T18:10:41","date_gmt":"2025-09-05T18:10:41","guid":{"rendered":"https:\/\/lequotidien.mr\/?p=30715"},"modified":"2025-09-05T18:10:41","modified_gmt":"2025-09-05T18:10:41","slug":"quatrieme-edition-de-la-foire-commerciale-interafricaine-alger-une-passerelle-vers-de-nouvelles-opportunites","status":"publish","type":"post","link":"https:\/\/lequotidien.mr\/?p=30715&lang=fr","title":{"rendered":"Quatri\u00e8me \u00e9dition de la Foire commerciale interafricaine\/Alger : \u00ab Une passerelle vers de nouvelles opportunit\u00e9s \u00bb"},"content":{"rendered":"<p>Jeudi dernier, le Centre international des conf\u00e9rences (CIC) \u201cAbdelatif Rahal\u201d d\u2019Alger a vibr\u00e9 au rythme de l\u2019ambition et de l\u2019unit\u00e9 africaines alors que le coup d\u2019envoi de la quatri\u00e8me \u00e9dition de la Foire commerciale interafricaine (IATF 2025) \u00e9tait donn\u00e9. Plac\u00e9e sous le th\u00e8me \u00e9vocateur \u00ab Passerelle vers de nouvelles opportunit\u00e9s \u00bb, la c\u00e9r\u00e9monie d\u2019ouverture s\u2019est d\u00e9roul\u00e9e en pr\u00e9sence du Pr\u00e9sident de la R\u00e9publique alg\u00e9rienne, M. Abdelmadjid Tebboune, du Pr\u00e9sident de la R\u00e9publique islamique de Mauritanie, M. Mohamed Cheikh El Ghazouani, et de plusieurs autres chefs d\u2019\u00c9tat et de gouvernement du continent.<\/p>\n<p><strong>Un \u00e9v\u00e9nement panafricain de grande envergure<\/strong><\/p>\n<p>Organis\u00e9e en partenariat strat\u00e9gique entre l\u2019Alg\u00e9rie, la Banque africaine d\u2019Import-export (Afreximbank), la Commission de l\u2019Union africaine (CUA) et le Secr\u00e9tariat de la Zone de libre-\u00e9change continentale africaine (ZLECAF), cette exposition est bien plus qu\u2019un simple salon commercial. Elle se positionne comme la plateforme \u00e9conomique la plus cruciale de l\u2019ann\u00e9e pour le continent, accueillant plus de\u00a0<strong>2 000 exposants<\/strong>\u00a0venus de quelque\u00a0<strong>140 pays<\/strong>. L&#8217;\u00e9v\u00e9nement r\u00e9unit un \u00e9cosyst\u00e8me complet comprenant des responsables gouvernementaux, des hommes d\u2019affaires influents et des investisseurs internationaux, tous anim\u00e9s par une vision commune : faire avancer l\u2019Afrique.<\/p>\n<p><strong style=\"font-weight: inherit;\">Des objectifs ambitieux au service de l&#8217;int\u00e9gration continentale<\/strong><\/p>\n<p>L\u2019IATF 2025 a \u00e9t\u00e9 con\u00e7ue avec une feuille de route claire et ambitieuse. Elle vise \u00e0 :<\/p>\n<p><strong>-Promouvoir<\/strong>\u00a0<strong>l\u2019int\u00e9gration \u00e9conomique africaine<\/strong>\u00a0et soutenir la mise en \u0153uvre effective de l\u2019accord historique de la\u00a0<strong>ZLECAF\u00a0<\/strong>;<\/p>\n<p><strong>-Encourager les<\/strong>\u00a0<strong>flux d\u2019investissements<\/strong>\u00a0directs et d\u00e9velopper les\u00a0<strong>partenariats public-priv\u00e9\u00a0<\/strong>;<\/p>\n<p><strong>-Offrir aux entreprises africaines, notamment les PME<\/strong>, un acc\u00e8s privil\u00e9gi\u00e9 aux\u00a0<strong>march\u00e9s continentaux et internationaux\u00a0<\/strong>;<\/p>\n<p><strong>-Renforcer les capacit\u00e9s des<\/strong>\u00a0<strong>entrepreneurs<\/strong>\u00a0et des\u00a0<strong>jeunes entreprises<\/strong>\u00a0(start-ups) pour qu&#8217;ils deviennent les champions \u00e9conomiques de demain\u00a0;<\/p>\n<p><strong>-Mettre en lumi\u00e8re les secteurs les plus prometteurs<\/strong> du continent, tels que\u00a0<strong>l\u2019agriculture, l\u2019industrie, l\u2019\u00e9nergie, les transports, la technologie et les industries cr\u00e9atives<\/strong>.<\/p>\n<p><strong style=\"font-weight: inherit;\">Un programme riche et diversifi\u00e9 jusqu&#8217;au 10 septembre courant<\/strong><\/p>\n<p>Jusqu\u2019au 10 septembre, le CIC d\u2019Alger sera le th\u00e9\u00e2tre d\u2019une effervescence \u00e9conomique et culturelle. Le programme de l\u2019exposition est con\u00e7u pour maximiser les opportunit\u00e9s de networking et de conclure des affaires. Il comprend :<\/p>\n<p><strong>-Un<\/strong>\u00a0<strong>forum sur le commerce et l\u2019investissement<\/strong>\u00a0pour des discussions de haut niveau sur l\u2019avenir \u00e9conomique du continent\u00a0;<\/p>\n<p><strong>-Un<\/strong>\u00a0<strong>salon de l\u2019automobile africaine<\/strong>\u00a0mettant \u00e0 l&#8217;honneur les innovations du secteur\u00a0;<\/p>\n<p><strong>-Des<\/strong>\u00a0<strong>journ\u00e9es nationales<\/strong>\u00a0d\u00e9di\u00e9es \u00e0 la pr\u00e9sentation des opportunit\u00e9s \u00e9conomiques sp\u00e9cifiques de plusieurs pays africains\u00a0;<\/p>\n<p><strong>-Des<\/strong>\u00a0<strong>\u00e9v\u00e9nements culturels et touristiques<\/strong>\u00a0visant \u00e0 c\u00e9l\u00e9brer la richesse et la diversit\u00e9 du patrimoine africain.<\/p>\n<p>Les organisateurs s\u2019attendent \u00e0 ce que la valeur des transactions conclues durant cet \u00e9v\u00e9nement d\u00e9passe le chiffre record de\u00a0<strong>44 milliards de dollars<\/strong>.<\/p>\n<p><strong style=\"font-weight: inherit;\">Un jalon essentiel pour la transformation de l&#8217;Afrique<\/strong><\/p>\n<p>L\u2019IATF 2025 est bien plus qu\u2019une foire ; elle est un catalyseur. En r\u00e9unissant sur une m\u00eame plateforme les d\u00e9cideurs politiques, les institutions financi\u00e8res, les entreprises et les investisseurs, elle constitue un\u00a0jalon essentiel\u00a0pour stimuler l\u2019int\u00e9gration \u00e9conomique africaine et acc\u00e9l\u00e9rer la transformation structurelle des \u00e9conomies du continent. Cette \u00e9dition, en terre alg\u00e9rienne, symbolise fortement l\u2019engagement de l\u2019Afrique du Nord \u00e0 jouer un r\u00f4le central dans le destin commercial du continent.<\/p>\n<p>Alger, capitale de l\u2019Alg\u00e9rie, devient ainsi pour une semaine le centre n\u00e9vralgique des affaires africaines, ouvrant une \u00ab passerelle \u00bb concr\u00e8te vers de nouvelles opportunit\u00e9s de croissance, de collaboration et de prosp\u00e9rit\u00e9 partag\u00e9e pour l\u2019ensemble du continent.<\/p>\n","protected":false},"excerpt":{"rendered":"<p>Jeudi dernier, le Centre international des conf\u00e9rences (CIC) \u201cAbdelatif Rahal\u201d d\u2019Alger a vibr\u00e9 au rythme de l\u2019ambition et de l\u2019unit\u00e9 africaines alors que le coup d\u2019envoi de la quatri\u00e8me \u00e9dition de la Foire commerciale interafricaine (IATF 2025) \u00e9tait donn\u00e9. Plac\u00e9e sous le th\u00e8me \u00e9vocateur \u00ab Passerelle vers de nouvelles opportunit\u00e9s \u00bb, la c\u00e9r\u00e9monie d\u2019ouverture s\u2019est&#8230;..<\/p>\n","protected":false},"author":12,"featured_media":30716,"comment_status":"open","ping_status":"open","sticky":false,"template":"","format":"standard","meta":{"footnotes":""},"categories":[23,49],"tags":[],"class_list":["post-30715","post","type-post","status-publish","format-standard","has-post-thumbnail","hentry","category-actualite","category-economie"],"yoast_head":"<!-- This site is optimized with the Yoast SEO plugin v27.5 - https:\/\/yoast.com\/product\/yoast-seo-wordpress\/ -->\n<title>Quatri\u00e8me \u00e9dition de la Foire commerciale interafricaine\/Alger : \u00ab Une passerelle vers de nouvelles opportunit\u00e9s \u00bb - Le Quotidien de Nouakchott<\/title>\n<meta name=\"robots\" content=\"index, follow, max-snippet:-1, max-image-preview:large, max-video-preview:-1\" \/>\n<link rel=\"canonical\" href=\"https:\/\/lequotidien.mr\/?p=30715&lang=fr\" \/>\n<meta property=\"og:locale\" content=\"ar_AR\" \/>\n<meta property=\"og:type\" content=\"article\" \/>\n<meta property=\"og:title\" content=\"Quatri\u00e8me \u00e9dition de la Foire commerciale interafricaine\/Alger : \u00ab Une passerelle vers de nouvelles opportunit\u00e9s \u00bb - Le Quotidien de Nouakchott\" \/>\n<meta property=\"og:description\" content=\"Jeudi dernier, le Centre international des conf\u00e9rences (CIC) \u201cAbdelatif Rahal\u201d d\u2019Alger a vibr\u00e9 au rythme de l\u2019ambition et de l\u2019unit\u00e9 africaines alors que le coup d\u2019envoi de la quatri\u00e8me \u00e9dition de la Foire commerciale interafricaine (IATF 2025) \u00e9tait donn\u00e9. Plac\u00e9e sous le th\u00e8me \u00e9vocateur \u00ab Passerelle vers de nouvelles opportunit\u00e9s \u00bb, la c\u00e9r\u00e9monie d\u2019ouverture s\u2019est.....\" \/>\n<meta property=\"og:url\" content=\"https:\/\/lequotidien.mr\/?p=30715&amp;lang=fr\" \/>\n<meta property=\"og:site_name\" content=\"Le Quotidien de Nouakchott\" \/>\n<meta property=\"article:publisher\" content=\"https:\/\/web.facebook.com\/lequotidienmr\" \/>\n<meta property=\"article:published_time\" content=\"2025-09-05T18:10:41+00:00\" \/>\n<meta property=\"og:image\" content=\"https:\/\/lequotidien.mr\/wp-content\/uploads\/2025\/09\/photo-foire-commerce.jpg\" \/>\n\t<meta property=\"og:image:width\" content=\"750\" \/>\n\t<meta property=\"og:image:height\" content=\"430\" \/>\n\t<meta property=\"og:image:type\" content=\"image\/jpeg\" \/>\n<meta name=\"author\" content=\"Med Ahmed\" \/>\n<meta name=\"twitter:card\" content=\"summary_large_image\" \/>\n<meta name=\"twitter:creator\" content=\"@lequotidienmr\" \/>\n<meta name=\"twitter:site\" content=\"@lequotidienmr\" \/>\n<meta name=\"twitter:label1\" content=\"\u0643\u064f\u062a\u0628 \u0628\u0648\u0627\u0633\u0637\u0629\" \/>\n\t<meta name=\"twitter:data1\" content=\"Med Ahmed\" \/>\n\t<meta name=\"twitter:label2\" content=\"\u0648\u0642\u062a \u0627\u0644\u0642\u0631\u0627\u0621\u0629 \u0627\u0644\u0645\u064f\u0642\u062f\u0651\u0631\" \/>\n\t<meta name=\"twitter:data2\" content=\"5 \u062f\u0642\u0627\u0626\u0642\" \/>\n<script type=\"application\/ld+json\" class=\"yoast-schema-graph\">{\"@context\":\"https:\\\/\\\/schema.org\",\"@graph\":[{\"@type\":\"Article\",\"@id\":\"https:\\\/\\\/lequotidien.mr\\\/?p=30715&lang=fr#article\",\"isPartOf\":{\"@id\":\"https:\\\/\\\/lequotidien.mr\\\/?p=30715&lang=fr\"},\"author\":{\"name\":\"Med Ahmed\",\"@id\":\"https:\\\/\\\/lequotidien.mr\\\/#\\\/schema\\\/person\\\/d2d350202a4d599685ed8abc25f97596\"},\"headline\":\"Quatri\u00e8me \u00e9dition de la Foire commerciale interafricaine\\\/Alger : \u00ab Une passerelle vers de nouvelles opportunit\u00e9s \u00bb\",\"datePublished\":\"2025-09-05T18:10:41+00:00\",\"mainEntityOfPage\":{\"@id\":\"https:\\\/\\\/lequotidien.mr\\\/?p=30715&lang=fr\"},\"wordCount\":638,\"commentCount\":0,\"publisher\":{\"@id\":\"https:\\\/\\\/lequotidien.mr\\\/#organization\"},\"image\":{\"@id\":\"https:\\\/\\\/lequotidien.mr\\\/?p=30715&lang=fr#primaryimage\"},\"thumbnailUrl\":\"https:\\\/\\\/lequotidien.mr\\\/wp-content\\\/uploads\\\/2025\\\/09\\\/photo-foire-commerce.jpg\",\"articleSection\":[\"ACTUALIT\u00c9\",\"Economie\"],\"inLanguage\":\"ar\",\"potentialAction\":[{\"@type\":\"CommentAction\",\"name\":\"Comment\",\"target\":[\"https:\\\/\\\/lequotidien.mr\\\/?p=30715&lang=fr#respond\"]}]},{\"@type\":\"WebPage\",\"@id\":\"https:\\\/\\\/lequotidien.mr\\\/?p=30715&lang=fr\",\"url\":\"https:\\\/\\\/lequotidien.mr\\\/?p=30715&lang=fr\",\"name\":\"Quatri\u00e8me \u00e9dition de la Foire commerciale interafricaine\\\/Alger : \u00ab Une passerelle vers de nouvelles opportunit\u00e9s \u00bb - Le Quotidien de Nouakchott\",\"isPartOf\":{\"@id\":\"https:\\\/\\\/lequotidien.mr\\\/#website\"},\"primaryImageOfPage\":{\"@id\":\"https:\\\/\\\/lequotidien.mr\\\/?p=30715&lang=fr#primaryimage\"},\"image\":{\"@id\":\"https:\\\/\\\/lequotidien.mr\\\/?p=30715&lang=fr#primaryimage\"},\"thumbnailUrl\":\"https:\\\/\\\/lequotidien.mr\\\/wp-content\\\/uploads\\\/2025\\\/09\\\/photo-foire-commerce.jpg\",\"datePublished\":\"2025-09-05T18:10:41+00:00\",\"breadcrumb\":{\"@id\":\"https:\\\/\\\/lequotidien.mr\\\/?p=30715&lang=fr#breadcrumb\"},\"inLanguage\":\"ar\",\"potentialAction\":[{\"@type\":\"ReadAction\",\"target\":[\"https:\\\/\\\/lequotidien.mr\\\/?p=30715&lang=fr\"]}]},{\"@type\":\"ImageObject\",\"inLanguage\":\"ar\",\"@id\":\"https:\\\/\\\/lequotidien.mr\\\/?p=30715&lang=fr#primaryimage\",\"url\":\"https:\\\/\\\/lequotidien.mr\\\/wp-content\\\/uploads\\\/2025\\\/09\\\/photo-foire-commerce.jpg\",\"contentUrl\":\"https:\\\/\\\/lequotidien.mr\\\/wp-content\\\/uploads\\\/2025\\\/09\\\/photo-foire-commerce.jpg\",\"width\":750,\"height\":430},{\"@type\":\"BreadcrumbList\",\"@id\":\"https:\\\/\\\/lequotidien.mr\\\/?p=30715&lang=fr#breadcrumb\",\"itemListElement\":[{\"@type\":\"ListItem\",\"position\":1,\"name\":\"Home\",\"item\":\"https:\\\/\\\/lequotidien.mr\\\/\"},{\"@type\":\"ListItem\",\"position\":2,\"name\":\"Quatri\u00e8me \u00e9dition de la Foire commerciale interafricaine\\\/Alger : \u00ab Une passerelle vers de nouvelles opportunit\u00e9s \u00bb\"}]},{\"@type\":\"WebSite\",\"@id\":\"https:\\\/\\\/lequotidien.mr\\\/#website\",\"url\":\"https:\\\/\\\/lequotidien.mr\\\/\",\"name\":\"Le Quotidien de Nouakchott\",\"description\":\"\u0625\u062e\u0628\u0627\u0631\u064a\u0629 \u0645\u0633\u062a\u0642\u0644\u0629 \u0644\u0644\u0623\u0646\u0628\u0627\u0621 \u0627\u0644\u0639\u0627\u0645\u0629\",\"publisher\":{\"@id\":\"https:\\\/\\\/lequotidien.mr\\\/#organization\"},\"potentialAction\":[{\"@type\":\"SearchAction\",\"target\":{\"@type\":\"EntryPoint\",\"urlTemplate\":\"https:\\\/\\\/lequotidien.mr\\\/?s={search_term_string}\"},\"query-input\":{\"@type\":\"PropertyValueSpecification\",\"valueRequired\":true,\"valueName\":\"search_term_string\"}}],\"inLanguage\":\"ar\"},{\"@type\":\"Organization\",\"@id\":\"https:\\\/\\\/lequotidien.mr\\\/#organization\",\"name\":\"Le Quotidien de Nouakchott\",\"url\":\"https:\\\/\\\/lequotidien.mr\\\/\",\"logo\":{\"@type\":\"ImageObject\",\"inLanguage\":\"ar\",\"@id\":\"https:\\\/\\\/lequotidien.mr\\\/#\\\/schema\\\/logo\\\/image\\\/\",\"url\":\"https:\\\/\\\/lequotidien.mr\\\/wp-content\\\/uploads\\\/2022\\\/11\\\/logolequotidien.jpg\",\"contentUrl\":\"https:\\\/\\\/lequotidien.mr\\\/wp-content\\\/uploads\\\/2022\\\/11\\\/logolequotidien.jpg\",\"width\":290,\"height\":65,\"caption\":\"Le Quotidien de Nouakchott\"},\"image\":{\"@id\":\"https:\\\/\\\/lequotidien.mr\\\/#\\\/schema\\\/logo\\\/image\\\/\"},\"sameAs\":[\"https:\\\/\\\/web.facebook.com\\\/lequotidienmr\",\"https:\\\/\\\/x.com\\\/lequotidienmr\"]},{\"@type\":\"Person\",\"@id\":\"https:\\\/\\\/lequotidien.mr\\\/#\\\/schema\\\/person\\\/d2d350202a4d599685ed8abc25f97596\",\"name\":\"Med Ahmed\",\"image\":{\"@type\":\"ImageObject\",\"inLanguage\":\"ar\",\"@id\":\"https:\\\/\\\/secure.gravatar.com\\\/avatar\\\/fd2acc62ed50732923d1d39c17172c9b04149f142be92310ecc69e1358f94b52?s=96&d=mm&r=g\",\"url\":\"https:\\\/\\\/secure.gravatar.com\\\/avatar\\\/fd2acc62ed50732923d1d39c17172c9b04149f142be92310ecc69e1358f94b52?s=96&d=mm&r=g\",\"contentUrl\":\"https:\\\/\\\/secure.gravatar.com\\\/avatar\\\/fd2acc62ed50732923d1d39c17172c9b04149f142be92310ecc69e1358f94b52?s=96&d=mm&r=g\",\"caption\":\"Med Ahmed\"},\"url\":\"https:\\\/\\\/lequotidien.mr\\\/?author=12\"}]}<\/script>\n<!-- \/ Yoast SEO plugin. -->","yoast_head_json":{"title":"Quatri\u00e8me \u00e9dition de la Foire commerciale interafricaine\/Alger : \u00ab Une passerelle vers de nouvelles opportunit\u00e9s \u00bb - Le Quotidien de Nouakchott","robots":{"index":"index","follow":"follow","max-snippet":"max-snippet:-1","max-image-preview":"max-image-preview:large","max-video-preview":"max-video-preview:-1"},"canonical":"https:\/\/lequotidien.mr\/?p=30715&lang=fr","og_locale":"ar_AR","og_type":"article","og_title":"Quatri\u00e8me \u00e9dition de la Foire commerciale interafricaine\/Alger : \u00ab Une passerelle vers de nouvelles opportunit\u00e9s \u00bb - Le Quotidien de Nouakchott","og_description":"Jeudi dernier, le Centre international des conf\u00e9rences (CIC) \u201cAbdelatif Rahal\u201d d\u2019Alger a vibr\u00e9 au rythme de l\u2019ambition et de l\u2019unit\u00e9 africaines alors que le coup d\u2019envoi de la quatri\u00e8me \u00e9dition de la Foire commerciale interafricaine (IATF 2025) \u00e9tait donn\u00e9. Plac\u00e9e sous le th\u00e8me \u00e9vocateur \u00ab Passerelle vers de nouvelles opportunit\u00e9s \u00bb, la c\u00e9r\u00e9monie d\u2019ouverture s\u2019est.....","og_url":"https:\/\/lequotidien.mr\/?p=30715&lang=fr","og_site_name":"Le Quotidien de Nouakchott","article_publisher":"https:\/\/web.facebook.com\/lequotidienmr","article_published_time":"2025-09-05T18:10:41+00:00","og_image":[{"width":750,"height":430,"url":"https:\/\/lequotidien.mr\/wp-content\/uploads\/2025\/09\/photo-foire-commerce.jpg","type":"image\/jpeg"}],"author":"Med Ahmed","twitter_card":"summary_large_image","twitter_creator":"@lequotidienmr","twitter_site":"@lequotidienmr","twitter_misc":{"\u0643\u064f\u062a\u0628 \u0628\u0648\u0627\u0633\u0637\u0629":"Med Ahmed","\u0648\u0642\u062a \u0627\u0644\u0642\u0631\u0627\u0621\u0629 \u0627\u0644\u0645\u064f\u0642\u062f\u0651\u0631":"5 \u062f\u0642\u0627\u0626\u0642"},"schema":{"@context":"https:\/\/schema.org","@graph":[{"@type":"Article","@id":"https:\/\/lequotidien.mr\/?p=30715&lang=fr#article","isPartOf":{"@id":"https:\/\/lequotidien.mr\/?p=30715&lang=fr"},"author":{"name":"Med Ahmed","@id":"https:\/\/lequotidien.mr\/#\/schema\/person\/d2d350202a4d599685ed8abc25f97596"},"headline":"Quatri\u00e8me \u00e9dition de la Foire commerciale interafricaine\/Alger : \u00ab Une passerelle vers de nouvelles opportunit\u00e9s \u00bb","datePublished":"2025-09-05T18:10:41+00:00","mainEntityOfPage":{"@id":"https:\/\/lequotidien.mr\/?p=30715&lang=fr"},"wordCount":638,"commentCount":0,"publisher":{"@id":"https:\/\/lequotidien.mr\/#organization"},"image":{"@id":"https:\/\/lequotidien.mr\/?p=30715&lang=fr#primaryimage"},"thumbnailUrl":"https:\/\/lequotidien.mr\/wp-content\/uploads\/2025\/09\/photo-foire-commerce.jpg","articleSection":["ACTUALIT\u00c9","Economie"],"inLanguage":"ar","potentialAction":[{"@type":"CommentAction","name":"Comment","target":["https:\/\/lequotidien.mr\/?p=30715&lang=fr#respond"]}]},{"@type":"WebPage","@id":"https:\/\/lequotidien.mr\/?p=30715&lang=fr","url":"https:\/\/lequotidien.mr\/?p=30715&lang=fr","name":"Quatri\u00e8me \u00e9dition de la Foire commerciale interafricaine\/Alger : \u00ab Une passerelle vers de nouvelles opportunit\u00e9s \u00bb - Le Quotidien de Nouakchott","isPartOf":{"@id":"https:\/\/lequotidien.mr\/#website"},"primaryImageOfPage":{"@id":"https:\/\/lequotidien.mr\/?p=30715&lang=fr#primaryimage"},"image":{"@id":"https:\/\/lequotidien.mr\/?p=30715&lang=fr#primaryimage"},"thumbnailUrl":"https:\/\/lequotidien.mr\/wp-content\/uploads\/2025\/09\/photo-foire-commerce.jpg","datePublished":"2025-09-05T18:10:41+00:00","breadcrumb":{"@id":"https:\/\/lequotidien.mr\/?p=30715&lang=fr#breadcrumb"},"inLanguage":"ar","potentialAction":[{"@type":"ReadAction","target":["https:\/\/lequotidien.mr\/?p=30715&lang=fr"]}]},{"@type":"ImageObject","inLanguage":"ar","@id":"https:\/\/lequotidien.mr\/?p=30715&lang=fr#primaryimage","url":"https:\/\/lequotidien.mr\/wp-content\/uploads\/2025\/09\/photo-foire-commerce.jpg","contentUrl":"https:\/\/lequotidien.mr\/wp-content\/uploads\/2025\/09\/photo-foire-commerce.jpg","width":750,"height":430},{"@type":"BreadcrumbList","@id":"https:\/\/lequotidien.mr\/?p=30715&lang=fr#breadcrumb","itemListElement":[{"@type":"ListItem","position":1,"name":"Home","item":"https:\/\/lequotidien.mr\/"},{"@type":"ListItem","position":2,"name":"Quatri\u00e8me \u00e9dition de la Foire commerciale interafricaine\/Alger : \u00ab Une passerelle vers de nouvelles opportunit\u00e9s \u00bb"}]},{"@type":"WebSite","@id":"https:\/\/lequotidien.mr\/#website","url":"https:\/\/lequotidien.mr\/","name":"Le Quotidien de Nouakchott","description":"\u0625\u062e\u0628\u0627\u0631\u064a\u0629 \u0645\u0633\u062a\u0642\u0644\u0629 \u0644\u0644\u0623\u0646\u0628\u0627\u0621 \u0627\u0644\u0639\u0627\u0645\u0629","publisher":{"@id":"https:\/\/lequotidien.mr\/#organization"},"potentialAction":[{"@type":"SearchAction","target":{"@type":"EntryPoint","urlTemplate":"https:\/\/lequotidien.mr\/?s={search_term_string}"},"query-input":{"@type":"PropertyValueSpecification","valueRequired":true,"valueName":"search_term_string"}}],"inLanguage":"ar"},{"@type":"Organization","@id":"https:\/\/lequotidien.mr\/#organization","name":"Le Quotidien de Nouakchott","url":"https:\/\/lequotidien.mr\/","logo":{"@type":"ImageObject","inLanguage":"ar","@id":"https:\/\/lequotidien.mr\/#\/schema\/logo\/image\/","url":"https:\/\/lequotidien.mr\/wp-content\/uploads\/2022\/11\/logolequotidien.jpg","contentUrl":"https:\/\/lequotidien.mr\/wp-content\/uploads\/2022\/11\/logolequotidien.jpg","width":290,"height":65,"caption":"Le Quotidien de Nouakchott"},"image":{"@id":"https:\/\/lequotidien.mr\/#\/schema\/logo\/image\/"},"sameAs":["https:\/\/web.facebook.com\/lequotidienmr","https:\/\/x.com\/lequotidienmr"]},{"@type":"Person","@id":"https:\/\/lequotidien.mr\/#\/schema\/person\/d2d350202a4d599685ed8abc25f97596","name":"Med Ahmed","image":{"@type":"ImageObject","inLanguage":"ar","@id":"https:\/\/secure.gravatar.com\/avatar\/fd2acc62ed50732923d1d39c17172c9b04149f142be92310ecc69e1358f94b52?s=96&d=mm&r=g","url":"https:\/\/secure.gravatar.com\/avatar\/fd2acc62ed50732923d1d39c17172c9b04149f142be92310ecc69e1358f94b52?s=96&d=mm&r=g","contentUrl":"https:\/\/secure.gravatar.com\/avatar\/fd2acc62ed50732923d1d39c17172c9b04149f142be92310ecc69e1358f94b52?s=96&d=mm&r=g","caption":"Med Ahmed"},"url":"https:\/\/lequotidien.mr\/?author=12"}]}},"_links":{"self":[{"href":"https:\/\/lequotidien.mr\/index.php?rest_route=\/wp\/v2\/posts\/30715","targetHints":{"allow":["GET"]}}],"collection":[{"href":"https:\/\/lequotidien.mr\/index.php?rest_route=\/wp\/v2\/posts"}],"about":[{"href":"https:\/\/lequotidien.mr\/index.php?rest_route=\/wp\/v2\/types\/post"}],"author":[{"embeddable":true,"href":"https:\/\/lequotidien.mr\/index.php?rest_route=\/wp\/v2\/users\/12"}],"replies":[{"embeddable":true,"href":"https:\/\/lequotidien.mr\/index.php?rest_route=%2Fwp%2Fv2%2Fcomments&post=30715"}],"version-history":[{"count":1,"href":"https:\/\/lequotidien.mr\/index.php?rest_route=\/wp\/v2\/posts\/30715\/revisions"}],"predecessor-version":[{"id":30717,"href":"https:\/\/lequotidien.mr\/index.php?rest_route=\/wp\/v2\/posts\/30715\/revisions\/30717"}],"wp:featuredmedia":[{"embeddable":true,"href":"https:\/\/lequotidien.mr\/index.php?rest_route=\/wp\/v2\/media\/30716"}],"wp:attachment":[{"href":"https:\/\/lequotidien.mr\/index.php?rest_route=%2Fwp%2Fv2%2Fmedia&parent=30715"}],"wp:term":[{"taxonomy":"category","embeddable":true,"href":"https:\/\/lequotidien.mr\/index.php?rest_route=%2Fwp%2Fv2%2Fcategories&post=30715"},{"taxonomy":"post_tag","embeddable":true,"href":"https:\/\/lequotidien.mr\/index.php?rest_route=%2Fwp%2Fv2%2Ftags&post=30715"}],"curies":[{"name":"wp","href":"https:\/\/api.w.org\/{rel}","templated":true}]}}