{"id":3070,"date":"2023-01-12T14:00:43","date_gmt":"2023-01-12T14:00:43","guid":{"rendered":"https:\/\/lequotidien.mr\/?p=3070"},"modified":"2023-01-12T14:00:43","modified_gmt":"2023-01-12T14:00:43","slug":"communique-du-conseil-des-ministres-du-mercredi-11-janvier-2023","status":"publish","type":"post","link":"https:\/\/lequotidien.mr\/?p=3070&lang=fr","title":{"rendered":"Communiqu\u00e9 du Conseil des Ministres du Mercredi 11 janvier 2023"},"content":{"rendered":"<p>AMI &#8211; Le Conseil des Ministres s\u2019est r\u00e9uni le Mercredi 11 janvier 2023 sous la Pr\u00e9sidence de Son Excellence Monsieur le Pr\u00e9sident de la R\u00e9publique Mohamed Ould Cheikh El Ghazouani.<\/p>\n<p>Le Conseil a examin\u00e9 et approuv\u00e9 les projets de lois suivants :<\/p>\n<p>\u2010 Projet de loi organique modifiant certaines dispositions de la loi organique n\u00b02012-032 du 12 avril 2012, modifiant certaines dispositions de l\u2019ordonnance n\u00b087-289 du 20 octobre 1987, abrogeant et rempla\u00e7ant l\u2019ordonnance n\u00b086-134 du 13 ao\u00fbt 1986, instituant les Communes ;<\/p>\n<p>\u2010 Projet de loi organique modifiant certaines dispositions de l\u2019ordonnance n\u00b087-289 du 20 octobre 1987, abrogeant et rempla\u00e7ant l\u2019ordonnance n\u00b086-134 du 13 ao\u00fbt 1986, instituant les Communes ;<\/p>\n<p>\u2010 Projet de loi organique modifiant certaines dispositions de la loi organique n\u00b0 2018-007 du 12 f\u00e9vrier 2018, relative \u00e0 l\u2019\u00e9lection des d\u00e9put\u00e9s repr\u00e9sentant les mauritaniens \u00e9tablis \u00e0 l\u2019\u00e9tranger ;<\/p>\n<p>\u2010 Projet de loi organique modifiant certaines dispositions de la loi organique n\u00b0 2018-010 du 12 f\u00e9vrier 2018, relative \u00e0 la R\u00e9gion ;<\/p>\n<p>\u2010 Projet de loi organique modifiant certaines dispositions de la loi organique n\u00b02012-029 du 12 avril 2012, modifiant l\u2019ordonnance n\u00b091-028 du 07 octobre 1991, modifi\u00e9e, portant loi organique relative \u00e0 l\u2019\u00e9lection des d\u00e9put\u00e9s \u00e0 l\u2019Assembl\u00e9e Nationale.<\/p>\n<p>\u2010 Projet de loi organique modifiant les dispositions de l\u2019article 3 (nouveau) de la loi organique n\u00b02018-030 du 17 juillet 2018 modifiant l\u2019ordonnance n\u00b091-028 du 07 octobre 1991, modifi\u00e9e, portant loi organique relative \u00e0 l\u2019\u00e9lection des d\u00e9put\u00e9s \u00e0 l\u2019Assembl\u00e9e Nationale.<\/p>\n<p>Ces modifications entrent dans le cadre de la mise en \u0153uvre de l\u2019accord politique conclu entre le gouvernement et les partis politiques et qui requiert la modification de certains textes l\u00e9gislatifs aff\u00e9rents aux \u00e9lections dans le but de prendre en compte tous les sujets objet de l\u2019accord dont les cinq (5) th\u00e9matiques suivantes :<\/p>\n<p>1- Uniformisation des d\u00e9lais de publication du d\u00e9cret portant convocation du Coll\u00e8ge \u00e9lectoral pour tous les scrutins \u00e0 l\u2019int\u00e9rieur et \u00e0 l\u2019ext\u00e9rieur en adoptant 60 jours avant le jour du vote alors que le d\u00e9lai \u00e9tait de 60 jours pour l\u2019\u00e9lection pr\u00e9sidentielle et de 70 jours pour les autres \u00e9ch\u00e9ances \u00e9lectorales.<\/p>\n<p>2- Introduction dans le dossier de candidature \u00e0 toute \u00e9lection d\u2019un certificat attestant la r\u00e9gularit\u00e9 vis-\u00e0-vis du fisc dans le cadre des cas d\u2019in\u00e9ligibilit\u00e9 relative.<\/p>\n<p>3- Fixation du nombre des d\u00e9put\u00e9s \u00e0 l\u2019Assembl\u00e9e Nationale \u00e0 176 dont 50 % sont \u00e9lus suivant le mode de scrutin majoritaire \u00e0 deux tours dans toutes les circonscriptions \u00e9lectorales de 1 et 2 si\u00e8ges et les 50 % restants sont \u00e9lus suivant le syst\u00e8me de listes \u00e0 la proportionnelle \u00e0 un tour dans les circonscriptions \u00e9lectorales de 3 si\u00e8ges et plus.<\/p>\n<p>4- L\u2019\u00e9lection des d\u00e9put\u00e9s repr\u00e9sentant les mauritaniens de l\u2019Etranger, se fera d\u00e9sormais par les citoyens mauritaniens r\u00e9sidant \u00e0 l\u2019Etranger au lieu de leur \u00e9lection par l\u2019assembl\u00e9e nationale.<\/p>\n<p>5- Amendement substantiel du mode de scrutin des \u00e9lections locales (communales et r\u00e9gionales) pour ce qui concerne l\u2019\u00e9lection des conseillers municipaux et r\u00e9gionaux. Ainsi, ces derniers seront d\u00e9sormais \u00e9lus suivant le mode de scrutin proportionnel \u00e0 un tour avec la distribution des si\u00e8ges selon la repr\u00e9sentation proportionnelle sur la base du quotient \u00e9lectoral et l\u2019attribution du reste des si\u00e8ges selon la r\u00e8gle du plus fort reste.<\/p>\n<p>\u2010 Projet de loi relative \u00e0 la libert\u00e9 des prix et \u00e0 la concurrence.<\/p>\n<p>Le pr\u00e9sent projet de loi a pour objectif de fixer les dispositions r\u00e9gissant la libert\u00e9 des prix et d\u2019\u00e9tablir les r\u00e8gles organisant la libre concurrence afin de garantir l\u2019\u00e9quilibre g\u00e9n\u00e9ral du march\u00e9, l\u2019efficience \u00e9conomique et la protection des droits du consommateur.<\/p>\n<p>Il fixe \u00e0 cet effet les obligations des producteurs, commer\u00e7ants, prestataires de services et interm\u00e9diaires, en vue d\u2019assurer la transparence des prix, d\u2019enrayer les pratiques monopolistiques et les hausses illicites des prix et de pr\u00e9venir toute pratique anticoncurrentielle y compris les pratiques et accords conclus \u00e0 l\u2019\u00e9tranger et ayant des effets nuisibles sur le march\u00e9 int\u00e9rieur. Il a \u00e9galement pour objet le contr\u00f4le des op\u00e9rations de concertation \u00e9conomique.<\/p>\n<p>Le Conseil a \u00e9galement examin\u00e9 et adopt\u00e9 les projets de d\u00e9crets suivants :<\/p>\n<p>\u2010 Projet de d\u00e9cret portant approbation d\u2019une convention d\u2019\u00e9tablissement entre le Gouvernement de la R\u00e9publique Islamique de Mauritanie et la Soci\u00e9t\u00e9 Ta\u00efba Pl\u00e2tre-SARL<\/p>\n<p>La Soci\u00e9t\u00e9 Ta\u00efba Pl\u00e2tre-Sarl envisage la mise en place d\u2019une unit\u00e9 de production de pl\u00e2tre \u00e0 Nouakchott d\u2019une capacit\u00e9 de 80 000 tonnes par an.<\/p>\n<p>Ce projet contribuera \u00e0 la satisfaction des besoins du march\u00e9 national, tout en ayant des r\u00e9percussions \u00e9conomiques et sociales importantes en termes de cr\u00e9ation d\u2019emplois et de formation. La soci\u00e9t\u00e9 compte aussi exporter dans la sous\u2013r\u00e9gion.<\/p>\n<p>Le projet va cr\u00e9er 50 emplois directs et 200 autres emplois indirects.<\/p>\n<p>\u2010 Projet de d\u00e9cret portant approbation d\u2019une convention d\u2019\u00e9tablissement entre le Gouvernement de la R\u00e9publique Islamique de Mauritanie et la Soci\u00e9t\u00e9 Ta\u00efba Tuyaux-SARL.<\/p>\n<p>La Soci\u00e9t\u00e9 Ta\u00efba Tuyaux-Sarl envisage la mise en place d\u2019une unit\u00e9 de fabrication de tuyaux PVC et PEHD \u00e0 Nouakchott.<\/p>\n<p>Ce projet contribuera \u00e0 la satisfaction des besoins du march\u00e9 national, tout en ayant des r\u00e9percussions \u00e9conomiques et sociales importantes en termes de cr\u00e9ation d\u2019emplois et de formation.<\/p>\n<p>En effet, le projet va cr\u00e9er 51 emplois directs et 200 autres emplois indirects.<\/p>\n<p>\u2010 Projet de d\u00e9cret modifiant, abrogeant et rempla\u00e7ant le d\u00e9cret n\u00b0 2009-059 du 16 f\u00e9vrier 2009, modifiant le d\u00e9cret n\u00b089-065 du 17 mai 1989 portant attribution d\u2019une dotation annuelle aux anciens Chefs d\u2019Etat et aux anciens Chefs de Gouvernement de la R\u00e9publique<\/p>\n<p>Le pr\u00e9sent projet de d\u00e9cret propose donc une augmentation de 50 % \u00e0 partir de 1er janvier 2023, des avantages en esp\u00e8ces allou\u00e9s aux anciens chefs d\u2019Etat, et aux anciens chefs de gouvernements ainsi qu\u2019\u00e0 leurs veuves. Il s\u2019agit ainsi de la premi\u00e8re augmentation accord\u00e9e \u00e0 ces personnalit\u00e9s depuis plus de douze (12) ans.<\/p>\n<p>\u2010 Projet de d\u00e9cret portant nomination des membres du conseil d\u2019administration de la Soci\u00e9t\u00e9 Nationale des Am\u00e9nagements Agricoles et des Travaux (SNAAT).<\/p>\n<p>Le Ministre des Affaires Etrang\u00e8res, de la Coop\u00e9ration et des Mauritaniens de l\u2019Ext\u00e9rieur a pr\u00e9sent\u00e9 une communication relative \u00e0 la situation internationale.<\/p>\n<p>Le Ministre de l\u2019Int\u00e9rieur et de la D\u00e9centralisation a pr\u00e9sent\u00e9 une communication relative \u00e0 la situation int\u00e9rieure.<\/p>\n<p>Le Ministre de l\u2019Equipement et des Transports a pr\u00e9sent\u00e9 une communication sur le Projet Nouakchott-Mobilit\u00e9 Horizon 2026. Un Syst\u00e8me de Transport Public Capacitaire (STP-C).<\/p>\n<p>Le projet objet de cette communication contribue, \u00e0 la r\u00e9solution de la probl\u00e9matique de mobilit\u00e9 urbaine, r\u00e9pondant ainsi \u00e0 une forte attente des Nouakchottois, tout en am\u00e9liorant et embellissant le paysage urbain autour des principaux axes routiers connectant la capitale aux autres destinations.<\/p>\n<p>Enfin, le Conseil a pris les mesures individuelles suivantes :<\/p>\n<p>Minist\u00e8re Secr\u00e9tariat G\u00e9n\u00e9ral de la Pr\u00e9sidence de la R\u00e9publique :<\/p>\n<p>D\u00e9l\u00e9gation G\u00e9n\u00e9rale \u00e0 la Solidarit\u00e9 Nationale et \u00e0 la Lutte contre l\u2019Exclusion \u2013 TAAZOUR<\/p>\n<p>Secr\u00e9tariat G\u00e9n\u00e9ral :<\/p>\n<p>\u2013 Secr\u00e9taire G\u00e9n\u00e9ral : Sadvi Ould Mohamed, pr\u00e9c\u00e9demment Secr\u00e9taire G\u00e9n\u00e9ral du Minist\u00e8re de l\u2019Environnement et du D\u00e9veloppement Durable<\/p>\n<p>Cour des Comptes :<\/p>\n<p>\u2013 Conseiller \u00e0 la Cour des Comptes : Samba Ould Salem, pr\u00e9c\u00e9demment Secr\u00e9taire G\u00e9n\u00e9ral de la D\u00e9l\u00e9gation G\u00e9n\u00e9rale \u00e0 la Solidarit\u00e9 Nationale et \u00e0 la Lutte contre l\u2019Exclusion \u2013 TAAZOUR<\/p>\n<p>Minist\u00e8re des Finances :<\/p>\n<p>Secr\u00e9tariat G\u00e9n\u00e9ral :<\/p>\n<p>\u2013 Secr\u00e9taire G\u00e9n\u00e9ral : Diallo Amadou Abdoulaye, Inspecteur des Imp\u00f4ts, pr\u00e9c\u00e9demment Directeur des Entit\u00e9s Publiques \u00e0 la Direction G\u00e9n\u00e9rale des Imp\u00f4ts.<\/p>\n<p>Cabinet du Ministre<\/p>\n<p>\u2013 Conseiller Technique : Cheikh ould Habibou Rahmane, Administrateur, pr\u00e9c\u00e9demment au cabinet du Ministre.<\/p>\n<p>Inspection G\u00e9n\u00e9rale des Finances :<\/p>\n<p>\u2013 Inspecteurs G\u00e9n\u00e9raux des Finances :<\/p>\n<p>\u2013 Mohamed Vall Ould MOHAMED BABA, pr\u00e9c\u00e9demment Directeur des recettes et de la caisse centrale.<\/p>\n<p>\u2013 Amina Jiddou MAOULOUD, pr\u00e9c\u00e9demment Directrice de l\u2019Informatique.<\/p>\n<p>\u2013 Ely Salem WEJAHA, pr\u00e9c\u00e9demment Directeur des ressources humaines et des moyens g\u00e9n\u00e9raux.<\/p>\n<p>Direction G\u00e9n\u00e9rale du Tr\u00e9sor et de la Comptabilit\u00e9 Publique :<\/p>\n<p>Direction de l\u2019Informatique<\/p>\n<p>Directrice : Neziha MOHAMED SAED, pr\u00e9c\u00e9demment Directrice des Etudes, de la R\u00e9glementation et de la Coop\u00e9ration.<\/p>\n<p>Direction de l\u2019Audit et du Contr\u00f4le Interne<\/p>\n<p>Directeur : N\u2019Diaye JIDDOU, pr\u00e9c\u00e9demment Directeur des Grandes Entreprises \u00e0 la Direction G\u00e9n\u00e9rale des Imp\u00f4ts.<\/p>\n<p>Directeur-adjoint : Sid\u2019AHMED Ould DEYMANI, Inspecteur Principal du Tr\u00e9sor, pr\u00e9c\u00e9demment Auditeur \u00e0 la Direction de l\u2019Audit et du Contr\u00f4le Interne.<\/p>\n<p>Direction des Etudes, de la R\u00e9glementation et de la Coop\u00e9ration<\/p>\n<p>Directrice : Oumekelthoum Mohamedd Lemine, pr\u00e9c\u00e9demment Directrice de l\u2019Audit et du Contr\u00f4le Interne.<\/p>\n<p>Direction des recettes et de la caisse centrale<\/p>\n<p>Directeur : Taleb Ould MOHAMED, Master 2 en Math\u00e9matiques Financi\u00e8res Option gestion des risques, pr\u00e9c\u00e9demment Chef de service gestion des risques Financiers et op\u00e9rations des March\u00e9s \u00e0 la SNIM.<\/p>\n<p>Directeur-adjoint : Hacen HAROUNA DIOP, Inspecteur Principal du Tr\u00e9sor, pr\u00e9c\u00e9demment Auditeur \u00e0 la Direction de l\u2019Audit et du Contr\u00f4le Interne.<\/p>\n<p>Direction des ressources humaines et des moyens g\u00e9n\u00e9raux<\/p>\n<p>Directeur : Zoubeir Ould M\u2019SAID, pr\u00e9c\u00e9demment Directeur du Tr\u00e9sor \u00e0 Nouadhibou.<\/p>\n<p>Direction de la centralisation comptable et de la gestion de la tr\u00e9sorerie<\/p>\n<p>Directeur-adjoint : Yarbe Ould BABA, pr\u00e9c\u00e9demment Directeur-adjoint de l\u2019Audit et du Contr\u00f4le Interne.<\/p>\n<p>Direction des correspondants et comptes sp\u00e9ciaux du Tr\u00e9sor<\/p>\n<p>Directeur-adjoint : Ahmed Bezeid Ould Mohamed ABDELLAHI, pr\u00e9c\u00e9demment chef service d\u00e9p\u00f4t et consignation.<\/p>\n<p>Direction du Tr\u00e9sor \u00e0 Nouadhibou<\/p>\n<p>Directeur : Mohamed Ould ZEIDANE, pr\u00e9c\u00e9demment Directeur-adjoint de la Centralisation Comptable et de la Gestion de la Tr\u00e9sorerie<\/p>\n<p>Direction G\u00e9n\u00e9rale des Imp\u00f4ts<\/p>\n<p>Direction des Grandes Entreprises :<\/p>\n<p>\u2013 Directeur : HAMADA HASSENE VALL ; Inspecteur Principal des Imp\u00f4ts, pr\u00e9c\u00e9demment Directeur de la Centralisation de la Comptabilit\u00e9 et d\u2019Appui au Recouvrement.<\/p>\n<p>Direction des moyennes Entreprises de Nouakchott :<\/p>\n<p>\u2013 Directeur : DIENG AMADOU THIAM, Inspecteur Principal des Imp\u00f4ts, pr\u00e9c\u00e9demment Directeur Adjoint \u00e0 la m\u00eame direction<\/p>\n<p>\u2013 Directrice Adjointe : DAHE MINT BENAHI OULD AHMED TALEB, Inspectrice Principale des Imp\u00f4ts, pr\u00e9c\u00e9demment Chef de Service de la Programmation et du Suivi des Contr\u00f4les<\/p>\n<p>Direction de la V\u00e9rification et des Enqu\u00eates Fiscales :<\/p>\n<p>\u2013 Directeur : HENOUNE MOHAMED AHMED, Inspecteur Principal des Imp\u00f4ts, pr\u00e9c\u00e9demment Responsable de la Cellule Charg\u00e9e de la Communication, de l\u2019Orientation et de Conseil aux Contribuables<\/p>\n<p>\u2013 Direction R\u00e9gionale des Imp\u00f4ts Zone SUD :<\/p>\n<p>\u2013 Directeur : MOHAMDI OULD CHEIKHANY, Inspecteur du Cadastre et des Imp\u00f4ts, pr\u00e9c\u00e9demment Inspecteur V\u00e9rificateur \u00e0 l\u00b4IGF.<\/p>\n<p>\u2013 Direction R\u00e9gionale des Imp\u00f4ts Zone NORD :<\/p>\n<p>\u2013 Directeur : BECHIR Ould DOU ; Inspecteur Principal des Imp\u00f4ts, pr\u00e9c\u00e9demment Directeur des Moyennes Entreprises de Nouakchott<\/p>\n<p>\u2013 Directeur Adjoint : SALEM OULD LMEWNEK, pr\u00e9c\u00e9demment Chef de Service Administratif<\/p>\n<p>\u2013 Direction des ENTITES PUBLIQUES :<\/p>\n<p>\u2013 Directeur : ZEKERIA DIARRA ; Inspecteur du Cadastre et des Imp\u00f4ts, pr\u00e9c\u00e9demment Conseiller Technique.<\/p>\n<p>\u2013 Direction de la L\u00e9gislation et du contentieux :<\/p>\n<p>\u2013 Directeur : Sidi Mohamed DEH, Inspecteur principal du Tr\u00e9sor, pr\u00e9c\u00e9demment Directeur de la V\u00e9rification et des Enqu\u00eates Fiscales.<\/p>\n<p>\u2013 Conseiller technique : MOCTAR OULD YEWGA, Inspecteur Principal des Imp\u00f4ts, pr\u00e9c\u00e9demment Directeur R\u00e9gional des Imp\u00f4ts Zone nord.<\/p>\n<p>\u2013 Direction de la Centralisation de la Comptabilit\u00e9 :<\/p>\n<p>\u2013 Directeur : MOHAMED AHID SIDI MOHAMED ; Inspecteur du Cadastre et des Imp\u00f4ts, pr\u00e9c\u00e9demment Directeur R\u00e9gional des Imp\u00f4ts Zone Sud.<\/p>\n<p>\u2013 Cellule Charg\u00e9e de la Communication, de l\u00b4Orientation et de Conseil aux Contribuables :<\/p>\n<p>\u2013 Responsable : LEMRABOTT OULD SEYID DIT ISSELMOU (Matricule 66558U) Inspecteur Principal des Imp\u00f4ts, pr\u00e9c\u00e9demment Directeur de la L\u00e9gislation et du Contentieux.<\/p>\n<p>Minist\u00e8re des P\u00eaches et de l\u2019\u00c9conomie Maritime :<\/p>\n<p>Secr\u00e9tariat G\u00e9n\u00e9ral :<\/p>\n<p>\u2013 Secr\u00e9taire G\u00e9n\u00e9ral : Mohamed Elmoustapha Ould Abdi Ould Jeyed dit Idoumou, pr\u00e9c\u00e9demment Secr\u00e9taire G\u00e9n\u00e9ral du Minist\u00e8re des Finances.<\/p>\n<p>Minist\u00e8re de l\u2019\u00c9quipement et des Transports :<\/p>\n<p>Secr\u00e9tariat G\u00e9n\u00e9ral :<\/p>\n<p>Secr\u00e9taire G\u00e9n\u00e9ral : Noueye Ould Cheikh, pr\u00e9c\u00e9demment inspecteur g\u00e9n\u00e9ral des finances en remplacent de Abdelkader Ould Sleymane appel\u00e9 \u00e0 d\u2019autres fonctions.<\/p>\n<p>Minist\u00e8re de l\u2019Hydraulique et de l\u2019Assainissement :<\/p>\n<p>Secr\u00e9tariat G\u00e9n\u00e9ral :<\/p>\n<p>Secr\u00e9taire G\u00e9n\u00e9ral : Ahmed Ould Di\u00e9, pr\u00e9c\u00e9demment Secr\u00e9taire G\u00e9n\u00e9ral du Minist\u00e8re des P\u00eaches et de l\u2019\u00c9conomie Maritime.<\/p>\n<p>Minist\u00e8re de l\u2019Enseignement Sup\u00e9rieur et de la Recherche Scientifique :<\/p>\n<p>Secr\u00e9tariat G\u00e9n\u00e9ral :<\/p>\n<p>Secr\u00e9taire G\u00e9n\u00e9ral : Mokhtar Ould Hende, pr\u00e9c\u00e9demment Secr\u00e9taire G\u00e9n\u00e9ral du Minist\u00e8re de l\u2019Hydraulique et de l\u2019Assainissement.<\/p>\n<p>Minist\u00e8re de l\u2019Environnement et du D\u00e9veloppement Durable :<\/p>\n<p>Secr\u00e9tariat G\u00e9n\u00e9ral :<\/p>\n<p>Secr\u00e9taire G\u00e9n\u00e9ral : Moulaye Ibrahim Ould Moulaye Ibrahim, pr\u00e9c\u00e9demment Secr\u00e9taire G\u00e9n\u00e9ral du Minist\u00e8re de l\u2019Enseignement Sup\u00e9rieur et de la Recherche Scientifique.<\/p>\n","protected":false},"excerpt":{"rendered":"<p>AMI &#8211; Le Conseil des Ministres s\u2019est r\u00e9uni le Mercredi 11 janvier 2023 sous la Pr\u00e9sidence de Son Excellence Monsieur le Pr\u00e9sident de la R\u00e9publique Mohamed Ould Cheikh El Ghazouani. Le Conseil a examin\u00e9 et approuv\u00e9 les projets de lois suivants : \u2010 Projet de loi organique modifiant certaines dispositions de la loi organique n\u00b02012-032&#8230;..<\/p>\n","protected":false},"author":5,"featured_media":2522,"comment_status":"open","ping_status":"open","sticky":false,"template":"","format":"standard","meta":{"footnotes":""},"categories":[23,49],"tags":[],"class_list":["post-3070","post","type-post","status-publish","format-standard","has-post-thumbnail","hentry","category-actualite","category-economie"],"yoast_head":"<!-- This site is optimized with the Yoast SEO plugin v27.5 - https:\/\/yoast.com\/product\/yoast-seo-wordpress\/ -->\n<title>Communiqu\u00e9 du Conseil des Ministres du Mercredi 11 janvier 2023 - Le Quotidien de Nouakchott<\/title>\n<meta name=\"robots\" content=\"index, follow, max-snippet:-1, max-image-preview:large, max-video-preview:-1\" \/>\n<link rel=\"canonical\" href=\"https:\/\/lequotidien.mr\/?p=3070&lang=fr\" \/>\n<meta property=\"og:locale\" content=\"ar_AR\" \/>\n<meta property=\"og:type\" content=\"article\" \/>\n<meta property=\"og:title\" content=\"Communiqu\u00e9 du Conseil des Ministres du Mercredi 11 janvier 2023 - Le Quotidien de Nouakchott\" \/>\n<meta property=\"og:description\" content=\"AMI &#8211; Le Conseil des Ministres s\u2019est r\u00e9uni le Mercredi 11 janvier 2023 sous la Pr\u00e9sidence de Son Excellence Monsieur le Pr\u00e9sident de la R\u00e9publique Mohamed Ould Cheikh El Ghazouani. Le Conseil a examin\u00e9 et approuv\u00e9 les projets de lois suivants : \u2010 Projet de loi organique modifiant certaines dispositions de la loi organique n\u00b02012-032.....\" \/>\n<meta property=\"og:url\" content=\"https:\/\/lequotidien.mr\/?p=3070&amp;lang=fr\" \/>\n<meta property=\"og:site_name\" content=\"Le Quotidien de Nouakchott\" \/>\n<meta property=\"article:publisher\" content=\"https:\/\/web.facebook.com\/lequotidienmr\" \/>\n<meta property=\"article:published_time\" content=\"2023-01-12T14:00:43+00:00\" \/>\n<meta property=\"og:image\" content=\"https:\/\/lequotidien.mr\/wp-content\/uploads\/2022\/12\/conseil_des_ministres_05_10_2022_s008-1.jpg\" \/>\n\t<meta property=\"og:image:width\" content=\"750\" \/>\n\t<meta property=\"og:image:height\" content=\"430\" \/>\n\t<meta property=\"og:image:type\" content=\"image\/jpeg\" \/>\n<meta name=\"author\" content=\"Gayi Diawara\" \/>\n<meta name=\"twitter:card\" content=\"summary_large_image\" \/>\n<meta name=\"twitter:creator\" content=\"@lequotidienmr\" \/>\n<meta name=\"twitter:site\" content=\"@lequotidienmr\" \/>\n<meta name=\"twitter:label1\" content=\"\u0643\u064f\u062a\u0628 \u0628\u0648\u0627\u0633\u0637\u0629\" \/>\n\t<meta name=\"twitter:data1\" content=\"Gayi Diawara\" \/>\n\t<meta name=\"twitter:label2\" content=\"\u0648\u0642\u062a \u0627\u0644\u0642\u0631\u0627\u0621\u0629 \u0627\u0644\u0645\u064f\u0642\u062f\u0651\u0631\" \/>\n\t<meta name=\"twitter:data2\" content=\"9 \u062f\u0642\u0627\u0626\u0642\" \/>\n<script type=\"application\/ld+json\" class=\"yoast-schema-graph\">{\"@context\":\"https:\\\/\\\/schema.org\",\"@graph\":[{\"@type\":\"Article\",\"@id\":\"https:\\\/\\\/lequotidien.mr\\\/?p=3070&lang=fr#article\",\"isPartOf\":{\"@id\":\"https:\\\/\\\/lequotidien.mr\\\/?p=3070&lang=fr\"},\"author\":{\"name\":\"Gayi Diawara\",\"@id\":\"https:\\\/\\\/lequotidien.mr\\\/#\\\/schema\\\/person\\\/1077c8abd5640a6514b909318d271dee\"},\"headline\":\"Communiqu\u00e9 du Conseil des Ministres du Mercredi 11 janvier 2023\",\"datePublished\":\"2023-01-12T14:00:43+00:00\",\"mainEntityOfPage\":{\"@id\":\"https:\\\/\\\/lequotidien.mr\\\/?p=3070&lang=fr\"},\"wordCount\":2192,\"commentCount\":0,\"publisher\":{\"@id\":\"https:\\\/\\\/lequotidien.mr\\\/#organization\"},\"image\":{\"@id\":\"https:\\\/\\\/lequotidien.mr\\\/?p=3070&lang=fr#primaryimage\"},\"thumbnailUrl\":\"https:\\\/\\\/lequotidien.mr\\\/wp-content\\\/uploads\\\/2022\\\/12\\\/conseil_des_ministres_05_10_2022_s008-1.jpg\",\"articleSection\":[\"ACTUALIT\u00c9\",\"Economie\"],\"inLanguage\":\"ar\",\"potentialAction\":[{\"@type\":\"CommentAction\",\"name\":\"Comment\",\"target\":[\"https:\\\/\\\/lequotidien.mr\\\/?p=3070&lang=fr#respond\"]}]},{\"@type\":\"WebPage\",\"@id\":\"https:\\\/\\\/lequotidien.mr\\\/?p=3070&lang=fr\",\"url\":\"https:\\\/\\\/lequotidien.mr\\\/?p=3070&lang=fr\",\"name\":\"Communiqu\u00e9 du Conseil des Ministres du Mercredi 11 janvier 2023 - Le Quotidien de Nouakchott\",\"isPartOf\":{\"@id\":\"https:\\\/\\\/lequotidien.mr\\\/#website\"},\"primaryImageOfPage\":{\"@id\":\"https:\\\/\\\/lequotidien.mr\\\/?p=3070&lang=fr#primaryimage\"},\"image\":{\"@id\":\"https:\\\/\\\/lequotidien.mr\\\/?p=3070&lang=fr#primaryimage\"},\"thumbnailUrl\":\"https:\\\/\\\/lequotidien.mr\\\/wp-content\\\/uploads\\\/2022\\\/12\\\/conseil_des_ministres_05_10_2022_s008-1.jpg\",\"datePublished\":\"2023-01-12T14:00:43+00:00\",\"breadcrumb\":{\"@id\":\"https:\\\/\\\/lequotidien.mr\\\/?p=3070&lang=fr#breadcrumb\"},\"inLanguage\":\"ar\",\"potentialAction\":[{\"@type\":\"ReadAction\",\"target\":[\"https:\\\/\\\/lequotidien.mr\\\/?p=3070&lang=fr\"]}]},{\"@type\":\"ImageObject\",\"inLanguage\":\"ar\",\"@id\":\"https:\\\/\\\/lequotidien.mr\\\/?p=3070&lang=fr#primaryimage\",\"url\":\"https:\\\/\\\/lequotidien.mr\\\/wp-content\\\/uploads\\\/2022\\\/12\\\/conseil_des_ministres_05_10_2022_s008-1.jpg\",\"contentUrl\":\"https:\\\/\\\/lequotidien.mr\\\/wp-content\\\/uploads\\\/2022\\\/12\\\/conseil_des_ministres_05_10_2022_s008-1.jpg\",\"width\":750,\"height\":430},{\"@type\":\"BreadcrumbList\",\"@id\":\"https:\\\/\\\/lequotidien.mr\\\/?p=3070&lang=fr#breadcrumb\",\"itemListElement\":[{\"@type\":\"ListItem\",\"position\":1,\"name\":\"Home\",\"item\":\"https:\\\/\\\/lequotidien.mr\\\/\"},{\"@type\":\"ListItem\",\"position\":2,\"name\":\"Communiqu\u00e9 du Conseil des Ministres du Mercredi 11 janvier 2023\"}]},{\"@type\":\"WebSite\",\"@id\":\"https:\\\/\\\/lequotidien.mr\\\/#website\",\"url\":\"https:\\\/\\\/lequotidien.mr\\\/\",\"name\":\"Le Quotidien de Nouakchott\",\"description\":\"\u0625\u062e\u0628\u0627\u0631\u064a\u0629 \u0645\u0633\u062a\u0642\u0644\u0629 \u0644\u0644\u0623\u0646\u0628\u0627\u0621 \u0627\u0644\u0639\u0627\u0645\u0629\",\"publisher\":{\"@id\":\"https:\\\/\\\/lequotidien.mr\\\/#organization\"},\"potentialAction\":[{\"@type\":\"SearchAction\",\"target\":{\"@type\":\"EntryPoint\",\"urlTemplate\":\"https:\\\/\\\/lequotidien.mr\\\/?s={search_term_string}\"},\"query-input\":{\"@type\":\"PropertyValueSpecification\",\"valueRequired\":true,\"valueName\":\"search_term_string\"}}],\"inLanguage\":\"ar\"},{\"@type\":\"Organization\",\"@id\":\"https:\\\/\\\/lequotidien.mr\\\/#organization\",\"name\":\"Le Quotidien de Nouakchott\",\"url\":\"https:\\\/\\\/lequotidien.mr\\\/\",\"logo\":{\"@type\":\"ImageObject\",\"inLanguage\":\"ar\",\"@id\":\"https:\\\/\\\/lequotidien.mr\\\/#\\\/schema\\\/logo\\\/image\\\/\",\"url\":\"https:\\\/\\\/lequotidien.mr\\\/wp-content\\\/uploads\\\/2022\\\/11\\\/logolequotidien.jpg\",\"contentUrl\":\"https:\\\/\\\/lequotidien.mr\\\/wp-content\\\/uploads\\\/2022\\\/11\\\/logolequotidien.jpg\",\"width\":290,\"height\":65,\"caption\":\"Le Quotidien de Nouakchott\"},\"image\":{\"@id\":\"https:\\\/\\\/lequotidien.mr\\\/#\\\/schema\\\/logo\\\/image\\\/\"},\"sameAs\":[\"https:\\\/\\\/web.facebook.com\\\/lequotidienmr\",\"https:\\\/\\\/x.com\\\/lequotidienmr\"]},{\"@type\":\"Person\",\"@id\":\"https:\\\/\\\/lequotidien.mr\\\/#\\\/schema\\\/person\\\/1077c8abd5640a6514b909318d271dee\",\"name\":\"Gayi Diawara\",\"image\":{\"@type\":\"ImageObject\",\"inLanguage\":\"ar\",\"@id\":\"https:\\\/\\\/secure.gravatar.com\\\/avatar\\\/63ea8db1e19a6d2d608b24c0f78b5f3a7d6e0bc11959fec273410af333e4d0ac?s=96&d=mm&r=g\",\"url\":\"https:\\\/\\\/secure.gravatar.com\\\/avatar\\\/63ea8db1e19a6d2d608b24c0f78b5f3a7d6e0bc11959fec273410af333e4d0ac?s=96&d=mm&r=g\",\"contentUrl\":\"https:\\\/\\\/secure.gravatar.com\\\/avatar\\\/63ea8db1e19a6d2d608b24c0f78b5f3a7d6e0bc11959fec273410af333e4d0ac?s=96&d=mm&r=g\",\"caption\":\"Gayi Diawara\"},\"sameAs\":[\"http:\\\/\\\/lequotidien.mr\"],\"url\":\"https:\\\/\\\/lequotidien.mr\\\/?author=5\"}]}<\/script>\n<!-- \/ Yoast SEO plugin. -->","yoast_head_json":{"title":"Communiqu\u00e9 du Conseil des Ministres du Mercredi 11 janvier 2023 - Le Quotidien de Nouakchott","robots":{"index":"index","follow":"follow","max-snippet":"max-snippet:-1","max-image-preview":"max-image-preview:large","max-video-preview":"max-video-preview:-1"},"canonical":"https:\/\/lequotidien.mr\/?p=3070&lang=fr","og_locale":"ar_AR","og_type":"article","og_title":"Communiqu\u00e9 du Conseil des Ministres du Mercredi 11 janvier 2023 - Le Quotidien de Nouakchott","og_description":"AMI &#8211; Le Conseil des Ministres s\u2019est r\u00e9uni le Mercredi 11 janvier 2023 sous la Pr\u00e9sidence de Son Excellence Monsieur le Pr\u00e9sident de la R\u00e9publique Mohamed Ould Cheikh El Ghazouani. Le Conseil a examin\u00e9 et approuv\u00e9 les projets de lois suivants : \u2010 Projet de loi organique modifiant certaines dispositions de la loi organique n\u00b02012-032.....","og_url":"https:\/\/lequotidien.mr\/?p=3070&lang=fr","og_site_name":"Le Quotidien de Nouakchott","article_publisher":"https:\/\/web.facebook.com\/lequotidienmr","article_published_time":"2023-01-12T14:00:43+00:00","og_image":[{"width":750,"height":430,"url":"https:\/\/lequotidien.mr\/wp-content\/uploads\/2022\/12\/conseil_des_ministres_05_10_2022_s008-1.jpg","type":"image\/jpeg"}],"author":"Gayi Diawara","twitter_card":"summary_large_image","twitter_creator":"@lequotidienmr","twitter_site":"@lequotidienmr","twitter_misc":{"\u0643\u064f\u062a\u0628 \u0628\u0648\u0627\u0633\u0637\u0629":"Gayi Diawara","\u0648\u0642\u062a \u0627\u0644\u0642\u0631\u0627\u0621\u0629 \u0627\u0644\u0645\u064f\u0642\u062f\u0651\u0631":"9 \u062f\u0642\u0627\u0626\u0642"},"schema":{"@context":"https:\/\/schema.org","@graph":[{"@type":"Article","@id":"https:\/\/lequotidien.mr\/?p=3070&lang=fr#article","isPartOf":{"@id":"https:\/\/lequotidien.mr\/?p=3070&lang=fr"},"author":{"name":"Gayi Diawara","@id":"https:\/\/lequotidien.mr\/#\/schema\/person\/1077c8abd5640a6514b909318d271dee"},"headline":"Communiqu\u00e9 du Conseil des Ministres du Mercredi 11 janvier 2023","datePublished":"2023-01-12T14:00:43+00:00","mainEntityOfPage":{"@id":"https:\/\/lequotidien.mr\/?p=3070&lang=fr"},"wordCount":2192,"commentCount":0,"publisher":{"@id":"https:\/\/lequotidien.mr\/#organization"},"image":{"@id":"https:\/\/lequotidien.mr\/?p=3070&lang=fr#primaryimage"},"thumbnailUrl":"https:\/\/lequotidien.mr\/wp-content\/uploads\/2022\/12\/conseil_des_ministres_05_10_2022_s008-1.jpg","articleSection":["ACTUALIT\u00c9","Economie"],"inLanguage":"ar","potentialAction":[{"@type":"CommentAction","name":"Comment","target":["https:\/\/lequotidien.mr\/?p=3070&lang=fr#respond"]}]},{"@type":"WebPage","@id":"https:\/\/lequotidien.mr\/?p=3070&lang=fr","url":"https:\/\/lequotidien.mr\/?p=3070&lang=fr","name":"Communiqu\u00e9 du Conseil des Ministres du Mercredi 11 janvier 2023 - Le Quotidien de Nouakchott","isPartOf":{"@id":"https:\/\/lequotidien.mr\/#website"},"primaryImageOfPage":{"@id":"https:\/\/lequotidien.mr\/?p=3070&lang=fr#primaryimage"},"image":{"@id":"https:\/\/lequotidien.mr\/?p=3070&lang=fr#primaryimage"},"thumbnailUrl":"https:\/\/lequotidien.mr\/wp-content\/uploads\/2022\/12\/conseil_des_ministres_05_10_2022_s008-1.jpg","datePublished":"2023-01-12T14:00:43+00:00","breadcrumb":{"@id":"https:\/\/lequotidien.mr\/?p=3070&lang=fr#breadcrumb"},"inLanguage":"ar","potentialAction":[{"@type":"ReadAction","target":["https:\/\/lequotidien.mr\/?p=3070&lang=fr"]}]},{"@type":"ImageObject","inLanguage":"ar","@id":"https:\/\/lequotidien.mr\/?p=3070&lang=fr#primaryimage","url":"https:\/\/lequotidien.mr\/wp-content\/uploads\/2022\/12\/conseil_des_ministres_05_10_2022_s008-1.jpg","contentUrl":"https:\/\/lequotidien.mr\/wp-content\/uploads\/2022\/12\/conseil_des_ministres_05_10_2022_s008-1.jpg","width":750,"height":430},{"@type":"BreadcrumbList","@id":"https:\/\/lequotidien.mr\/?p=3070&lang=fr#breadcrumb","itemListElement":[{"@type":"ListItem","position":1,"name":"Home","item":"https:\/\/lequotidien.mr\/"},{"@type":"ListItem","position":2,"name":"Communiqu\u00e9 du Conseil des Ministres du Mercredi 11 janvier 2023"}]},{"@type":"WebSite","@id":"https:\/\/lequotidien.mr\/#website","url":"https:\/\/lequotidien.mr\/","name":"Le Quotidien de Nouakchott","description":"\u0625\u062e\u0628\u0627\u0631\u064a\u0629 \u0645\u0633\u062a\u0642\u0644\u0629 \u0644\u0644\u0623\u0646\u0628\u0627\u0621 \u0627\u0644\u0639\u0627\u0645\u0629","publisher":{"@id":"https:\/\/lequotidien.mr\/#organization"},"potentialAction":[{"@type":"SearchAction","target":{"@type":"EntryPoint","urlTemplate":"https:\/\/lequotidien.mr\/?s={search_term_string}"},"query-input":{"@type":"PropertyValueSpecification","valueRequired":true,"valueName":"search_term_string"}}],"inLanguage":"ar"},{"@type":"Organization","@id":"https:\/\/lequotidien.mr\/#organization","name":"Le Quotidien de Nouakchott","url":"https:\/\/lequotidien.mr\/","logo":{"@type":"ImageObject","inLanguage":"ar","@id":"https:\/\/lequotidien.mr\/#\/schema\/logo\/image\/","url":"https:\/\/lequotidien.mr\/wp-content\/uploads\/2022\/11\/logolequotidien.jpg","contentUrl":"https:\/\/lequotidien.mr\/wp-content\/uploads\/2022\/11\/logolequotidien.jpg","width":290,"height":65,"caption":"Le Quotidien de Nouakchott"},"image":{"@id":"https:\/\/lequotidien.mr\/#\/schema\/logo\/image\/"},"sameAs":["https:\/\/web.facebook.com\/lequotidienmr","https:\/\/x.com\/lequotidienmr"]},{"@type":"Person","@id":"https:\/\/lequotidien.mr\/#\/schema\/person\/1077c8abd5640a6514b909318d271dee","name":"Gayi Diawara","image":{"@type":"ImageObject","inLanguage":"ar","@id":"https:\/\/secure.gravatar.com\/avatar\/63ea8db1e19a6d2d608b24c0f78b5f3a7d6e0bc11959fec273410af333e4d0ac?s=96&d=mm&r=g","url":"https:\/\/secure.gravatar.com\/avatar\/63ea8db1e19a6d2d608b24c0f78b5f3a7d6e0bc11959fec273410af333e4d0ac?s=96&d=mm&r=g","contentUrl":"https:\/\/secure.gravatar.com\/avatar\/63ea8db1e19a6d2d608b24c0f78b5f3a7d6e0bc11959fec273410af333e4d0ac?s=96&d=mm&r=g","caption":"Gayi Diawara"},"sameAs":["http:\/\/lequotidien.mr"],"url":"https:\/\/lequotidien.mr\/?author=5"}]}},"_links":{"self":[{"href":"https:\/\/lequotidien.mr\/index.php?rest_route=\/wp\/v2\/posts\/3070","targetHints":{"allow":["GET"]}}],"collection":[{"href":"https:\/\/lequotidien.mr\/index.php?rest_route=\/wp\/v2\/posts"}],"about":[{"href":"https:\/\/lequotidien.mr\/index.php?rest_route=\/wp\/v2\/types\/post"}],"author":[{"embeddable":true,"href":"https:\/\/lequotidien.mr\/index.php?rest_route=\/wp\/v2\/users\/5"}],"replies":[{"embeddable":true,"href":"https:\/\/lequotidien.mr\/index.php?rest_route=%2Fwp%2Fv2%2Fcomments&post=3070"}],"version-history":[{"count":1,"href":"https:\/\/lequotidien.mr\/index.php?rest_route=\/wp\/v2\/posts\/3070\/revisions"}],"predecessor-version":[{"id":3071,"href":"https:\/\/lequotidien.mr\/index.php?rest_route=\/wp\/v2\/posts\/3070\/revisions\/3071"}],"wp:featuredmedia":[{"embeddable":true,"href":"https:\/\/lequotidien.mr\/index.php?rest_route=\/wp\/v2\/media\/2522"}],"wp:attachment":[{"href":"https:\/\/lequotidien.mr\/index.php?rest_route=%2Fwp%2Fv2%2Fmedia&parent=3070"}],"wp:term":[{"taxonomy":"category","embeddable":true,"href":"https:\/\/lequotidien.mr\/index.php?rest_route=%2Fwp%2Fv2%2Fcategories&post=3070"},{"taxonomy":"post_tag","embeddable":true,"href":"https:\/\/lequotidien.mr\/index.php?rest_route=%2Fwp%2Fv2%2Ftags&post=3070"}],"curies":[{"name":"wp","href":"https:\/\/api.w.org\/{rel}","templated":true}]}}