{"id":30688,"date":"2025-09-04T12:48:26","date_gmt":"2025-09-04T12:48:26","guid":{"rendered":"https:\/\/lequotidien.mr\/?p=30688"},"modified":"2025-09-04T12:48:26","modified_gmt":"2025-09-04T12:48:26","slug":"boutiques-emel-epilogue-heureux-pour-les-travailleurs-qui-viennent-de-recevoir-leurs-nouvelles-cartes-de-ravitaillement-et-autres-droits","status":"publish","type":"post","link":"https:\/\/lequotidien.mr\/?p=30688&lang=fr","title":{"rendered":"Boutiques Emel : \u00c9pilogue heureux pour les travailleurs qui viennent de recevoir leurs nouvelles cartes de ravitaillement et autres droits"},"content":{"rendered":"<p>En pr\u00e9sence de leurs repr\u00e9sentants, une c\u00e9r\u00e9monie significative s&#8217;est tenue ce mardi au si\u00e8ge de la D\u00e9l\u00e9gation g\u00e9n\u00e9rale \u00e0 la Solidarit\u00e9 nationale et \u00e0 la Lutte contre l\u2019Exclusion. Sous la supervision directe du D\u00e9l\u00e9gu\u00e9 g\u00e9n\u00e9ral, M. Cheikh Bedde, les anciens travailleurs des boutiques Emel (approvisionnement) \u00e0 Nouakchott ont officiellement re\u00e7u leurs cartes de ravitaillement, marquant ainsi l&#8217;\u00e9pilogue d\u00e9finitif et consensuel de leur long dossier.<\/p>\n<p>Dans son allocution, M. Cheikh Bedde a tenu \u00e0 souligner que cette d\u00e9marche s&#8217;inscrit dans le strict cadre des instructions du Pr\u00e9sident de la R\u00e9publique, M. Mohamed Cheikh El Ghazouani. Cette action vise \u00e0 apporter un soutien concret aux cat\u00e9gories vuln\u00e9rables et \u00e0 servir de solution radicale et durable \u00e0 la question sp\u00e9cifique des travailleurs des boutiques Emel.<\/p>\n<p>Le D\u00e9l\u00e9gu\u00e9 g\u00e9n\u00e9ral a pr\u00e9cis\u00e9 que cette distribution s&#8217;effectue dans le sillage du nouveau programme de ravitaillement, bas\u00e9 sur une plateforme num\u00e9rique moderne. Ce syst\u00e8me innovant garantit que toutes les personnes inscrites au registre social puissent b\u00e9n\u00e9ficier du service dans des conditions pr\u00e9servant leur dignit\u00e9 et renfor\u00e7ant la justice sociale, un pilier de la politique du Chef de l&#8217;\u00c9tat.<\/p>\n<p><strong style=\"font-weight: inherit;\">Un accord conjoint pour une solution int\u00e9gr\u00e9e et finale<\/strong><\/p>\n<p>Cette distribution de cartes n&#8217;est qu&#8217;une composante d&#8217;un accord conjoint global, n\u00e9goci\u00e9 entre les repr\u00e9sentants des travailleurs et la D\u00e9l\u00e9gation g\u00e9n\u00e9rale. Cet accord pr\u00e9voit un paquet int\u00e9gr\u00e9 de mesures destin\u00e9 \u00e0 assurer une transition vers une vie plus stable et digne pour les anciens employ\u00e9s.<\/p>\n<p>Le dispositif complet comprend :<\/p>\n<p><strong>-Le financement de projets g\u00e9n\u00e9rateurs de revenus<\/strong>\u00a0pour garantir une autonomie financi\u00e8re durable\u00a0;<\/p>\n<p><strong>-Une assurance maladie compl\u00e8te<\/strong>\u00a0couvrant les b\u00e9n\u00e9ficiaires et leurs familles\u00a0;<\/p>\n<p><strong>-L&#8217;attribution de cartes de ravitaillement<\/strong>\u00a0pour assurer la s\u00e9curit\u00e9 alimentaire\u00a0;<\/p>\n<p><strong>-Le versement d&#8217;indemnit\u00e9s cons\u00e9quentes<\/strong>\u00a0en guise de r\u00e8glement final.<\/p>\n<p>M. Bedde a qualifi\u00e9 cet ensemble de mesures de &#8220;solution finale et d\u00e9finitive&#8221;, permettant de tourner la page et de s&#8217;engager sereinement vers l&#8217;avenir.<\/p>\n<p><strong style=\"font-weight: inherit;\">Une attention particuli\u00e8re pour les travailleurs dipl\u00f4m\u00e9s<\/strong><\/p>\n<p>Abordant le cas sp\u00e9cifique des anciens travailleurs titulaires de dipl\u00f4mes, le D\u00e9l\u00e9gu\u00e9 g\u00e9n\u00e9ral a annonc\u00e9 que la D\u00e9l\u00e9gation \u00e9tudie activement, et en \u00e9troite coordination avec eux, une solution radicale sur mesure.<\/p>\n<p>L&#8217;objectif est de garantir que leurs qualifications scientifiques soient valoris\u00e9es et utilis\u00e9es dans des domaines correspondant aux besoins du march\u00e9 du travail. Cette d\u00e9marche vise \u00e0 consacrer le principe de justice en reconnaissant leurs comp\u00e9tences acad\u00e9miques et en leur offrant des perspectives professionnelles \u00e0 la hauteur de leur formation.<\/p>\n<p><strong style=\"font-weight: inherit;\">Une satisfaction et des remerciements unanimes<\/strong><\/p>\n<p>Les repr\u00e9sentants des travailleurs ont salu\u00e9 avec une grande satisfaction cette initiative historique. Ils l&#8217;ont qualifi\u00e9e de d\u00e9marche &#8220;\u00e9quitable&#8221; et &#8220;consensuelle&#8221;, mettant fin \u00e0 des ann\u00e9es d&#8217;incertitude.<\/p>\n<p>Ils ont exprim\u00e9 leur profonde gratitude et leurs remerciements au Pr\u00e9sident de la R\u00e9publique, M. Mohamed Cheikh El Ghazouani, pour sa vision sociale et ses directives, ainsi qu&#8217;au D\u00e9l\u00e9gu\u00e9 g\u00e9n\u00e9ral, M. Cheikh Bedde, pour les efforts personnels et l&#8217;engagement dont il a fait preuve pour r\u00e9soudre leur probl\u00e8me dans les meilleures conditions, et dans un climat apais\u00e9 de paix et de consensus.<\/p>\n<p>Cette c\u00e9r\u00e9monie marque ainsi non seulement la r\u00e9solution d&#8217;un dossier social \u00e9pineux, mais aussi une avanc\u00e9e significative dans la politique de solidarit\u00e9 nationale et de lutte contre l&#8217;exclusion.<\/p>\n","protected":false},"excerpt":{"rendered":"<p>En pr\u00e9sence de leurs repr\u00e9sentants, une c\u00e9r\u00e9monie significative s&#8217;est tenue ce mardi au si\u00e8ge de la D\u00e9l\u00e9gation g\u00e9n\u00e9rale \u00e0 la Solidarit\u00e9 nationale et \u00e0 la Lutte contre l\u2019Exclusion. Sous la supervision directe du D\u00e9l\u00e9gu\u00e9 g\u00e9n\u00e9ral, M. Cheikh Bedde, les anciens travailleurs des boutiques Emel (approvisionnement) \u00e0 Nouakchott ont officiellement re\u00e7u leurs cartes de ravitaillement, marquant&#8230;..<\/p>\n","protected":false},"author":12,"featured_media":30689,"comment_status":"open","ping_status":"open","sticky":false,"template":"","format":"standard","meta":{"footnotes":""},"categories":[23,49],"tags":[],"class_list":["post-30688","post","type-post","status-publish","format-standard","has-post-thumbnail","hentry","category-actualite","category-economie"],"yoast_head":"<!-- This site is optimized with the Yoast SEO plugin v27.5 - https:\/\/yoast.com\/product\/yoast-seo-wordpress\/ -->\n<title>Boutiques Emel : \u00c9pilogue heureux pour les travailleurs qui viennent de recevoir leurs nouvelles cartes de ravitaillement et autres droits - Le Quotidien de Nouakchott<\/title>\n<meta name=\"robots\" content=\"index, follow, max-snippet:-1, max-image-preview:large, max-video-preview:-1\" \/>\n<link rel=\"canonical\" href=\"https:\/\/lequotidien.mr\/?p=30688&lang=fr\" \/>\n<meta property=\"og:locale\" content=\"ar_AR\" \/>\n<meta property=\"og:type\" content=\"article\" \/>\n<meta property=\"og:title\" content=\"Boutiques Emel : \u00c9pilogue heureux pour les travailleurs qui viennent de recevoir leurs nouvelles cartes de ravitaillement et autres droits - Le Quotidien de Nouakchott\" \/>\n<meta property=\"og:description\" content=\"En pr\u00e9sence de leurs repr\u00e9sentants, une c\u00e9r\u00e9monie significative s&#8217;est tenue ce mardi au si\u00e8ge de la D\u00e9l\u00e9gation g\u00e9n\u00e9rale \u00e0 la Solidarit\u00e9 nationale et \u00e0 la Lutte contre l\u2019Exclusion. Sous la supervision directe du D\u00e9l\u00e9gu\u00e9 g\u00e9n\u00e9ral, M. Cheikh Bedde, les anciens travailleurs des boutiques Emel (approvisionnement) \u00e0 Nouakchott ont officiellement re\u00e7u leurs cartes de ravitaillement, marquant.....\" \/>\n<meta property=\"og:url\" content=\"https:\/\/lequotidien.mr\/?p=30688&amp;lang=fr\" \/>\n<meta property=\"og:site_name\" content=\"Le Quotidien de Nouakchott\" \/>\n<meta property=\"article:publisher\" content=\"https:\/\/web.facebook.com\/lequotidienmr\" \/>\n<meta property=\"article:published_time\" content=\"2025-09-04T12:48:26+00:00\" \/>\n<meta property=\"og:image\" content=\"https:\/\/lequotidien.mr\/wp-content\/uploads\/2025\/09\/photo-travailleurs-Btques-Emel.gif\" \/>\n\t<meta property=\"og:image:width\" content=\"1136\" \/>\n\t<meta property=\"og:image:height\" content=\"630\" \/>\n\t<meta property=\"og:image:type\" content=\"image\/gif\" \/>\n<meta name=\"author\" content=\"Med Ahmed\" \/>\n<meta name=\"twitter:card\" content=\"summary_large_image\" \/>\n<meta name=\"twitter:creator\" content=\"@lequotidienmr\" \/>\n<meta name=\"twitter:site\" content=\"@lequotidienmr\" \/>\n<meta name=\"twitter:label1\" content=\"\u0643\u064f\u062a\u0628 \u0628\u0648\u0627\u0633\u0637\u0629\" \/>\n\t<meta name=\"twitter:data1\" content=\"Med Ahmed\" \/>\n\t<meta name=\"twitter:label2\" content=\"\u0648\u0642\u062a \u0627\u0644\u0642\u0631\u0627\u0621\u0629 \u0627\u0644\u0645\u064f\u0642\u062f\u0651\u0631\" \/>\n\t<meta name=\"twitter:data2\" content=\"4 \u062f\u0642\u0627\u0626\u0642\" \/>\n<script type=\"application\/ld+json\" class=\"yoast-schema-graph\">{\"@context\":\"https:\\\/\\\/schema.org\",\"@graph\":[{\"@type\":\"Article\",\"@id\":\"https:\\\/\\\/lequotidien.mr\\\/?p=30688&lang=fr#article\",\"isPartOf\":{\"@id\":\"https:\\\/\\\/lequotidien.mr\\\/?p=30688&lang=fr\"},\"author\":{\"name\":\"Med Ahmed\",\"@id\":\"https:\\\/\\\/lequotidien.mr\\\/#\\\/schema\\\/person\\\/d2d350202a4d599685ed8abc25f97596\"},\"headline\":\"Boutiques Emel : \u00c9pilogue heureux pour les travailleurs qui viennent de recevoir leurs nouvelles cartes de ravitaillement et autres droits\",\"datePublished\":\"2025-09-04T12:48:26+00:00\",\"mainEntityOfPage\":{\"@id\":\"https:\\\/\\\/lequotidien.mr\\\/?p=30688&lang=fr\"},\"wordCount\":629,\"commentCount\":0,\"publisher\":{\"@id\":\"https:\\\/\\\/lequotidien.mr\\\/#organization\"},\"image\":{\"@id\":\"https:\\\/\\\/lequotidien.mr\\\/?p=30688&lang=fr#primaryimage\"},\"thumbnailUrl\":\"https:\\\/\\\/lequotidien.mr\\\/wp-content\\\/uploads\\\/2025\\\/09\\\/photo-travailleurs-Btques-Emel.gif\",\"articleSection\":[\"ACTUALIT\u00c9\",\"Economie\"],\"inLanguage\":\"ar\",\"potentialAction\":[{\"@type\":\"CommentAction\",\"name\":\"Comment\",\"target\":[\"https:\\\/\\\/lequotidien.mr\\\/?p=30688&lang=fr#respond\"]}]},{\"@type\":\"WebPage\",\"@id\":\"https:\\\/\\\/lequotidien.mr\\\/?p=30688&lang=fr\",\"url\":\"https:\\\/\\\/lequotidien.mr\\\/?p=30688&lang=fr\",\"name\":\"Boutiques Emel : \u00c9pilogue heureux pour les travailleurs qui viennent de recevoir leurs nouvelles cartes de ravitaillement et autres droits - Le Quotidien de Nouakchott\",\"isPartOf\":{\"@id\":\"https:\\\/\\\/lequotidien.mr\\\/#website\"},\"primaryImageOfPage\":{\"@id\":\"https:\\\/\\\/lequotidien.mr\\\/?p=30688&lang=fr#primaryimage\"},\"image\":{\"@id\":\"https:\\\/\\\/lequotidien.mr\\\/?p=30688&lang=fr#primaryimage\"},\"thumbnailUrl\":\"https:\\\/\\\/lequotidien.mr\\\/wp-content\\\/uploads\\\/2025\\\/09\\\/photo-travailleurs-Btques-Emel.gif\",\"datePublished\":\"2025-09-04T12:48:26+00:00\",\"breadcrumb\":{\"@id\":\"https:\\\/\\\/lequotidien.mr\\\/?p=30688&lang=fr#breadcrumb\"},\"inLanguage\":\"ar\",\"potentialAction\":[{\"@type\":\"ReadAction\",\"target\":[\"https:\\\/\\\/lequotidien.mr\\\/?p=30688&lang=fr\"]}]},{\"@type\":\"ImageObject\",\"inLanguage\":\"ar\",\"@id\":\"https:\\\/\\\/lequotidien.mr\\\/?p=30688&lang=fr#primaryimage\",\"url\":\"https:\\\/\\\/lequotidien.mr\\\/wp-content\\\/uploads\\\/2025\\\/09\\\/photo-travailleurs-Btques-Emel.gif\",\"contentUrl\":\"https:\\\/\\\/lequotidien.mr\\\/wp-content\\\/uploads\\\/2025\\\/09\\\/photo-travailleurs-Btques-Emel.gif\",\"width\":1136,\"height\":630},{\"@type\":\"BreadcrumbList\",\"@id\":\"https:\\\/\\\/lequotidien.mr\\\/?p=30688&lang=fr#breadcrumb\",\"itemListElement\":[{\"@type\":\"ListItem\",\"position\":1,\"name\":\"Home\",\"item\":\"https:\\\/\\\/lequotidien.mr\\\/\"},{\"@type\":\"ListItem\",\"position\":2,\"name\":\"Boutiques Emel : \u00c9pilogue heureux pour les travailleurs qui viennent de recevoir leurs nouvelles cartes de ravitaillement et autres droits\"}]},{\"@type\":\"WebSite\",\"@id\":\"https:\\\/\\\/lequotidien.mr\\\/#website\",\"url\":\"https:\\\/\\\/lequotidien.mr\\\/\",\"name\":\"Le Quotidien de Nouakchott\",\"description\":\"\u0625\u062e\u0628\u0627\u0631\u064a\u0629 \u0645\u0633\u062a\u0642\u0644\u0629 \u0644\u0644\u0623\u0646\u0628\u0627\u0621 \u0627\u0644\u0639\u0627\u0645\u0629\",\"publisher\":{\"@id\":\"https:\\\/\\\/lequotidien.mr\\\/#organization\"},\"potentialAction\":[{\"@type\":\"SearchAction\",\"target\":{\"@type\":\"EntryPoint\",\"urlTemplate\":\"https:\\\/\\\/lequotidien.mr\\\/?s={search_term_string}\"},\"query-input\":{\"@type\":\"PropertyValueSpecification\",\"valueRequired\":true,\"valueName\":\"search_term_string\"}}],\"inLanguage\":\"ar\"},{\"@type\":\"Organization\",\"@id\":\"https:\\\/\\\/lequotidien.mr\\\/#organization\",\"name\":\"Le Quotidien de Nouakchott\",\"url\":\"https:\\\/\\\/lequotidien.mr\\\/\",\"logo\":{\"@type\":\"ImageObject\",\"inLanguage\":\"ar\",\"@id\":\"https:\\\/\\\/lequotidien.mr\\\/#\\\/schema\\\/logo\\\/image\\\/\",\"url\":\"https:\\\/\\\/lequotidien.mr\\\/wp-content\\\/uploads\\\/2022\\\/11\\\/logolequotidien.jpg\",\"contentUrl\":\"https:\\\/\\\/lequotidien.mr\\\/wp-content\\\/uploads\\\/2022\\\/11\\\/logolequotidien.jpg\",\"width\":290,\"height\":65,\"caption\":\"Le Quotidien de Nouakchott\"},\"image\":{\"@id\":\"https:\\\/\\\/lequotidien.mr\\\/#\\\/schema\\\/logo\\\/image\\\/\"},\"sameAs\":[\"https:\\\/\\\/web.facebook.com\\\/lequotidienmr\",\"https:\\\/\\\/x.com\\\/lequotidienmr\"]},{\"@type\":\"Person\",\"@id\":\"https:\\\/\\\/lequotidien.mr\\\/#\\\/schema\\\/person\\\/d2d350202a4d599685ed8abc25f97596\",\"name\":\"Med Ahmed\",\"image\":{\"@type\":\"ImageObject\",\"inLanguage\":\"ar\",\"@id\":\"https:\\\/\\\/secure.gravatar.com\\\/avatar\\\/fd2acc62ed50732923d1d39c17172c9b04149f142be92310ecc69e1358f94b52?s=96&d=mm&r=g\",\"url\":\"https:\\\/\\\/secure.gravatar.com\\\/avatar\\\/fd2acc62ed50732923d1d39c17172c9b04149f142be92310ecc69e1358f94b52?s=96&d=mm&r=g\",\"contentUrl\":\"https:\\\/\\\/secure.gravatar.com\\\/avatar\\\/fd2acc62ed50732923d1d39c17172c9b04149f142be92310ecc69e1358f94b52?s=96&d=mm&r=g\",\"caption\":\"Med Ahmed\"},\"url\":\"https:\\\/\\\/lequotidien.mr\\\/?author=12\"}]}<\/script>\n<!-- \/ Yoast SEO plugin. -->","yoast_head_json":{"title":"Boutiques Emel : \u00c9pilogue heureux pour les travailleurs qui viennent de recevoir leurs nouvelles cartes de ravitaillement et autres droits - Le Quotidien de Nouakchott","robots":{"index":"index","follow":"follow","max-snippet":"max-snippet:-1","max-image-preview":"max-image-preview:large","max-video-preview":"max-video-preview:-1"},"canonical":"https:\/\/lequotidien.mr\/?p=30688&lang=fr","og_locale":"ar_AR","og_type":"article","og_title":"Boutiques Emel : \u00c9pilogue heureux pour les travailleurs qui viennent de recevoir leurs nouvelles cartes de ravitaillement et autres droits - Le Quotidien de Nouakchott","og_description":"En pr\u00e9sence de leurs repr\u00e9sentants, une c\u00e9r\u00e9monie significative s&#8217;est tenue ce mardi au si\u00e8ge de la D\u00e9l\u00e9gation g\u00e9n\u00e9rale \u00e0 la Solidarit\u00e9 nationale et \u00e0 la Lutte contre l\u2019Exclusion. Sous la supervision directe du D\u00e9l\u00e9gu\u00e9 g\u00e9n\u00e9ral, M. Cheikh Bedde, les anciens travailleurs des boutiques Emel (approvisionnement) \u00e0 Nouakchott ont officiellement re\u00e7u leurs cartes de ravitaillement, marquant.....","og_url":"https:\/\/lequotidien.mr\/?p=30688&lang=fr","og_site_name":"Le Quotidien de Nouakchott","article_publisher":"https:\/\/web.facebook.com\/lequotidienmr","article_published_time":"2025-09-04T12:48:26+00:00","og_image":[{"width":1136,"height":630,"url":"https:\/\/lequotidien.mr\/wp-content\/uploads\/2025\/09\/photo-travailleurs-Btques-Emel.gif","type":"image\/gif"}],"author":"Med Ahmed","twitter_card":"summary_large_image","twitter_creator":"@lequotidienmr","twitter_site":"@lequotidienmr","twitter_misc":{"\u0643\u064f\u062a\u0628 \u0628\u0648\u0627\u0633\u0637\u0629":"Med Ahmed","\u0648\u0642\u062a \u0627\u0644\u0642\u0631\u0627\u0621\u0629 \u0627\u0644\u0645\u064f\u0642\u062f\u0651\u0631":"4 \u062f\u0642\u0627\u0626\u0642"},"schema":{"@context":"https:\/\/schema.org","@graph":[{"@type":"Article","@id":"https:\/\/lequotidien.mr\/?p=30688&lang=fr#article","isPartOf":{"@id":"https:\/\/lequotidien.mr\/?p=30688&lang=fr"},"author":{"name":"Med Ahmed","@id":"https:\/\/lequotidien.mr\/#\/schema\/person\/d2d350202a4d599685ed8abc25f97596"},"headline":"Boutiques Emel : \u00c9pilogue heureux pour les travailleurs qui viennent de recevoir leurs nouvelles cartes de ravitaillement et autres droits","datePublished":"2025-09-04T12:48:26+00:00","mainEntityOfPage":{"@id":"https:\/\/lequotidien.mr\/?p=30688&lang=fr"},"wordCount":629,"commentCount":0,"publisher":{"@id":"https:\/\/lequotidien.mr\/#organization"},"image":{"@id":"https:\/\/lequotidien.mr\/?p=30688&lang=fr#primaryimage"},"thumbnailUrl":"https:\/\/lequotidien.mr\/wp-content\/uploads\/2025\/09\/photo-travailleurs-Btques-Emel.gif","articleSection":["ACTUALIT\u00c9","Economie"],"inLanguage":"ar","potentialAction":[{"@type":"CommentAction","name":"Comment","target":["https:\/\/lequotidien.mr\/?p=30688&lang=fr#respond"]}]},{"@type":"WebPage","@id":"https:\/\/lequotidien.mr\/?p=30688&lang=fr","url":"https:\/\/lequotidien.mr\/?p=30688&lang=fr","name":"Boutiques Emel : \u00c9pilogue heureux pour les travailleurs qui viennent de recevoir leurs nouvelles cartes de ravitaillement et autres droits - Le Quotidien de Nouakchott","isPartOf":{"@id":"https:\/\/lequotidien.mr\/#website"},"primaryImageOfPage":{"@id":"https:\/\/lequotidien.mr\/?p=30688&lang=fr#primaryimage"},"image":{"@id":"https:\/\/lequotidien.mr\/?p=30688&lang=fr#primaryimage"},"thumbnailUrl":"https:\/\/lequotidien.mr\/wp-content\/uploads\/2025\/09\/photo-travailleurs-Btques-Emel.gif","datePublished":"2025-09-04T12:48:26+00:00","breadcrumb":{"@id":"https:\/\/lequotidien.mr\/?p=30688&lang=fr#breadcrumb"},"inLanguage":"ar","potentialAction":[{"@type":"ReadAction","target":["https:\/\/lequotidien.mr\/?p=30688&lang=fr"]}]},{"@type":"ImageObject","inLanguage":"ar","@id":"https:\/\/lequotidien.mr\/?p=30688&lang=fr#primaryimage","url":"https:\/\/lequotidien.mr\/wp-content\/uploads\/2025\/09\/photo-travailleurs-Btques-Emel.gif","contentUrl":"https:\/\/lequotidien.mr\/wp-content\/uploads\/2025\/09\/photo-travailleurs-Btques-Emel.gif","width":1136,"height":630},{"@type":"BreadcrumbList","@id":"https:\/\/lequotidien.mr\/?p=30688&lang=fr#breadcrumb","itemListElement":[{"@type":"ListItem","position":1,"name":"Home","item":"https:\/\/lequotidien.mr\/"},{"@type":"ListItem","position":2,"name":"Boutiques Emel : \u00c9pilogue heureux pour les travailleurs qui viennent de recevoir leurs nouvelles cartes de ravitaillement et autres droits"}]},{"@type":"WebSite","@id":"https:\/\/lequotidien.mr\/#website","url":"https:\/\/lequotidien.mr\/","name":"Le Quotidien de Nouakchott","description":"\u0625\u062e\u0628\u0627\u0631\u064a\u0629 \u0645\u0633\u062a\u0642\u0644\u0629 \u0644\u0644\u0623\u0646\u0628\u0627\u0621 \u0627\u0644\u0639\u0627\u0645\u0629","publisher":{"@id":"https:\/\/lequotidien.mr\/#organization"},"potentialAction":[{"@type":"SearchAction","target":{"@type":"EntryPoint","urlTemplate":"https:\/\/lequotidien.mr\/?s={search_term_string}"},"query-input":{"@type":"PropertyValueSpecification","valueRequired":true,"valueName":"search_term_string"}}],"inLanguage":"ar"},{"@type":"Organization","@id":"https:\/\/lequotidien.mr\/#organization","name":"Le Quotidien de Nouakchott","url":"https:\/\/lequotidien.mr\/","logo":{"@type":"ImageObject","inLanguage":"ar","@id":"https:\/\/lequotidien.mr\/#\/schema\/logo\/image\/","url":"https:\/\/lequotidien.mr\/wp-content\/uploads\/2022\/11\/logolequotidien.jpg","contentUrl":"https:\/\/lequotidien.mr\/wp-content\/uploads\/2022\/11\/logolequotidien.jpg","width":290,"height":65,"caption":"Le Quotidien de Nouakchott"},"image":{"@id":"https:\/\/lequotidien.mr\/#\/schema\/logo\/image\/"},"sameAs":["https:\/\/web.facebook.com\/lequotidienmr","https:\/\/x.com\/lequotidienmr"]},{"@type":"Person","@id":"https:\/\/lequotidien.mr\/#\/schema\/person\/d2d350202a4d599685ed8abc25f97596","name":"Med Ahmed","image":{"@type":"ImageObject","inLanguage":"ar","@id":"https:\/\/secure.gravatar.com\/avatar\/fd2acc62ed50732923d1d39c17172c9b04149f142be92310ecc69e1358f94b52?s=96&d=mm&r=g","url":"https:\/\/secure.gravatar.com\/avatar\/fd2acc62ed50732923d1d39c17172c9b04149f142be92310ecc69e1358f94b52?s=96&d=mm&r=g","contentUrl":"https:\/\/secure.gravatar.com\/avatar\/fd2acc62ed50732923d1d39c17172c9b04149f142be92310ecc69e1358f94b52?s=96&d=mm&r=g","caption":"Med Ahmed"},"url":"https:\/\/lequotidien.mr\/?author=12"}]}},"_links":{"self":[{"href":"https:\/\/lequotidien.mr\/index.php?rest_route=\/wp\/v2\/posts\/30688","targetHints":{"allow":["GET"]}}],"collection":[{"href":"https:\/\/lequotidien.mr\/index.php?rest_route=\/wp\/v2\/posts"}],"about":[{"href":"https:\/\/lequotidien.mr\/index.php?rest_route=\/wp\/v2\/types\/post"}],"author":[{"embeddable":true,"href":"https:\/\/lequotidien.mr\/index.php?rest_route=\/wp\/v2\/users\/12"}],"replies":[{"embeddable":true,"href":"https:\/\/lequotidien.mr\/index.php?rest_route=%2Fwp%2Fv2%2Fcomments&post=30688"}],"version-history":[{"count":1,"href":"https:\/\/lequotidien.mr\/index.php?rest_route=\/wp\/v2\/posts\/30688\/revisions"}],"predecessor-version":[{"id":30690,"href":"https:\/\/lequotidien.mr\/index.php?rest_route=\/wp\/v2\/posts\/30688\/revisions\/30690"}],"wp:featuredmedia":[{"embeddable":true,"href":"https:\/\/lequotidien.mr\/index.php?rest_route=\/wp\/v2\/media\/30689"}],"wp:attachment":[{"href":"https:\/\/lequotidien.mr\/index.php?rest_route=%2Fwp%2Fv2%2Fmedia&parent=30688"}],"wp:term":[{"taxonomy":"category","embeddable":true,"href":"https:\/\/lequotidien.mr\/index.php?rest_route=%2Fwp%2Fv2%2Fcategories&post=30688"},{"taxonomy":"post_tag","embeddable":true,"href":"https:\/\/lequotidien.mr\/index.php?rest_route=%2Fwp%2Fv2%2Ftags&post=30688"}],"curies":[{"name":"wp","href":"https:\/\/api.w.org\/{rel}","templated":true}]}}