{"id":30682,"date":"2025-09-04T11:42:19","date_gmt":"2025-09-04T11:42:19","guid":{"rendered":"https:\/\/lequotidien.mr\/?p=30682"},"modified":"2025-09-04T11:42:19","modified_gmt":"2025-09-04T11:42:19","slug":"mali-mauritanie-bamako-et-nouakchott-enterrent-la-libre-circulation","status":"publish","type":"post","link":"https:\/\/lequotidien.mr\/?p=30682&lang=fr","title":{"rendered":"Mali-Mauritanie\u00a0: \u00a0\u00a0Bamako et Nouakchott enterrent la libre circulation"},"content":{"rendered":"<p>Expulsions, fermetures, interdictions : deux \u00c9tats se replient, deux peuples souffrent. Sous pr\u00e9texte de s\u00e9curit\u00e9, Bamako et Nouakchott brisent un acquis historique et pi\u00e9tinent la libre circulation consacr\u00e9e depuis 1963. La politique des repr\u00e9sailles, men\u00e9e de part et d\u2019autre, transforme commer\u00e7ants et \u00e9leveurs en victimes collat\u00e9rales d\u2019une diplomatie aveugle.<\/p>\n<h1>Des fermetures ciblant la communaut\u00e9 mauritanienne \u00e0 Bamako<\/h1>\n<p>Ces derni\u00e8res semaines, de nombreux commer\u00e7ants mauritaniens \u00e9tablis \u00e0 Bamako ont vu leurs boutiques ferm\u00e9es par les autorit\u00e9s locales. Les raisons invoqu\u00e9es varient entre absence d\u2019autorisations administratives, soup\u00e7ons d\u2019irr\u00e9gularit\u00e9s fiscales et mesures de s\u00e9curit\u00e9. Mais sur le terrain, la communaut\u00e9 mauritanienne d\u00e9nonce un climat de harc\u00e8lement et d\u2019incertitude qui fragilise des milliers de petits op\u00e9rateurs \u00e9conomiques, souvent install\u00e9s de longue date dans les quartiers populaires de la capitale malienne.<\/p>\n<p data-start=\"1005\" data-end=\"1391\">Ces fermetures ne sont pas anecdotiques : elles interviennent dans un contexte r\u00e9gional marqu\u00e9 par une m\u00e9fiance croissante entre les deux voisins sah\u00e9liens. Beaucoup y voient une forme de repr\u00e9sailles aux expulsions de ressortissants maliens op\u00e9r\u00e9es r\u00e9cemment en Mauritanie, o\u00f9 plusieurs dizaines ont \u00e9t\u00e9 reconduits \u00e0 la fronti\u00e8re pour s\u00e9jour irr\u00e9gulier ou absence de documents valides.<\/p>\n<h2 data-start=\"1398\" data-end=\"1456\">L\u2019interdiction de transhumance dans la r\u00e9gion de Nara<\/h2>\n<p data-start=\"1457\" data-end=\"2059\">Un autre front de tension s\u2019est ouvert avec la d\u00e9cision du Gouverneur de Nara, prise le <strong data-start=\"1545\" data-end=\"1561\">27 ao\u00fbt 2025<\/strong>, d\u2019interdire \u00ab jusqu\u2019\u00e0 nouvel ordre \u00bb la transhumance et le p\u00e2turage d\u2019animaux appartenant \u00e0 des ressortissants \u00e9trangers.<br data-start=\"1721\" data-end=\"1724\" \/>Officiellement, cette mesure est motiv\u00e9e par des \u00ab n\u00e9cessit\u00e9s s\u00e9curitaires \u00bb li\u00e9es aux op\u00e9rations militaires dans cette zone frontali\u00e8re sensible. Mais elle frappe en premier lieu les \u00e9leveurs mauritaniens qui, traditionnellement, d\u00e9placent chaque ann\u00e9e leurs troupeaux vers le sud malien \u00e0 la recherche de p\u00e2turages en saison s\u00e8che.<\/p>\n<p data-start=\"2061\" data-end=\"2282\">Cette interdiction bouleverse des \u00e9quilibres pastoraux ancestraux et menace la survie de nombreuses familles nomades, pour qui la transhumance transfrontali\u00e8re est un mode de vie autant qu\u2019une strat\u00e9gie \u00e9conomique vitale.<\/p>\n<h2 data-start=\"2289\" data-end=\"2346\">Le pr\u00e9c\u00e9dent des expulsions de Maliens de Mauritanie<\/h2>\n<p data-start=\"2347\" data-end=\"2788\">Ces d\u00e9cisions unilat\u00e9rales font \u00e9cho \u00e0 un autre contentieux : l\u2019expulsion de centaines de Maliens vivant en Mauritanie dans des conditions pr\u00e9caires. Officiellement, Nouakchott invoque la r\u00e9gularisation du s\u00e9jour et la lutte contre l\u2019immigration irr\u00e9guli\u00e8re. Mais la multiplication des contr\u00f4les, arrestations et reconduites alimente un sentiment d\u2019humiliation au Mali et une impression de rupture de la r\u00e9ciprocit\u00e9 entre les deux peuples.<\/p>\n<p data-start=\"2790\" data-end=\"2967\">Pour de nombreux observateurs, la fermeture des commerces mauritaniens et l\u2019interdiction de transhumance apparaissent comme une r\u00e9ponse politique et symbolique \u00e0 ces expulsions.<\/p>\n<h2 data-start=\"2974\" data-end=\"3014\">La lumi\u00e8re de la Convention de 1963<\/h2>\n<p data-start=\"3015\" data-end=\"3257\">Or, ce climat de tensions contraste radicalement avec l\u2019esprit de la <strong data-start=\"3084\" data-end=\"3189\">Convention d\u2019\u00e9tablissement et de circulation sign\u00e9e le 25 juillet 1963 entre le Mali et la Mauritanie<\/strong>.<br data-start=\"3190\" data-end=\"3193\" \/>Ce texte fondateur garantit aux ressortissants des deux pays :<\/p>\n<ul>\n<li data-start=\"3261\" data-end=\"3348\">la <strong data-start=\"3264\" data-end=\"3309\">libert\u00e9 de circulation et d\u2019\u00e9tablissement<\/strong> sur le territoire de l\u2019autre partie,<\/li>\n<li data-start=\"3351\" data-end=\"3408\">l\u2019exercice de <strong data-start=\"3365\" data-end=\"3405\">toutes activit\u00e9s \u00e9conomiques licites<\/strong>,<\/li>\n<li data-start=\"3411\" data-end=\"3510\">ainsi que le <strong data-start=\"3424\" data-end=\"3473\">droit de propri\u00e9t\u00e9 et de protection juridique<\/strong> \u00e9quivalente \u00e0 celle des nationaux.<\/li>\n<\/ul>\n<p data-start=\"3512\" data-end=\"3783\">En restreignant brutalement la libert\u00e9 d\u2019entreprendre (fermeture des boutiques), la mobilit\u00e9 pastorale (interdiction de transhumance) et la stabilit\u00e9 des diasporas (expulsions), les deux \u00c9tats violent l\u2019esprit et souvent la lettre de cette convention encore en vigueur.<\/p>\n<h2 data-start=\"3790\" data-end=\"3846\">Quand la s\u00e9curit\u00e9 prime sur l\u2019int\u00e9gration r\u00e9gionale<\/h2>\n<p data-start=\"3847\" data-end=\"4156\">Les autorit\u00e9s des deux pays justifient leurs d\u00e9cisions par des consid\u00e9rations s\u00e9curitaires et administratives. Mais \u00e0 l\u2019\u00e9chelle r\u00e9gionale, elles alimentent un dangereux pr\u00e9c\u00e9dent : la remise en cause d\u2019un acquis fondamental de l\u2019int\u00e9gration ouest-africaine \u2014 la libre circulation des personnes et des biens.<\/p>\n<p data-start=\"4158\" data-end=\"4429\">Pour les commer\u00e7ants et \u00e9leveurs, ce durcissement se traduit par une double peine : perte de revenus, fragilisation des r\u00e9seaux transfrontaliers et accroissement de la pr\u00e9carit\u00e9.<br data-start=\"4336\" data-end=\"4339\" \/>Pour les \u00c9tats, il mine la confiance mutuelle et met \u00e0 mal des d\u00e9cennies de coop\u00e9ration.<\/p>\n<h2 data-start=\"4436\" data-end=\"4483\">Une n\u00e9cessaire r\u00e9vision du cadre bilat\u00e9ral<\/h2>\n<p data-start=\"4484\" data-end=\"4570\">La situation actuelle met en \u00e9vidence l\u2019urgence d\u2019un <strong data-start=\"4537\" data-end=\"4566\">dialogue bilat\u00e9ral r\u00e9nov\u00e9<\/strong> :<\/p>\n<ul>\n<li data-start=\"4573\" data-end=\"4623\">r\u00e9affirmer la validit\u00e9 de la convention de 1963,<\/li>\n<li data-start=\"4626\" data-end=\"4708\">instaurer des m\u00e9canismes conjoints de gestion des flux migratoires et pastoraux,<\/li>\n<li data-start=\"4711\" data-end=\"4854\">et surtout prot\u00e9ger les populations civiles qui, loin des querelles diplomatiques, subissent de plein fouet les contrecoups de ces d\u00e9cisions.<\/li>\n<\/ul>\n<p data-start=\"4856\" data-end=\"5058\">Car si la souverainet\u00e9 des \u00c9tats est indiscutable, elle ne peut se construire durablement au prix de l\u2019exclusion des communaut\u00e9s qui, depuis toujours, font le lien vivant entre le Mali et la Mauritanie.<\/p>\n","protected":false},"excerpt":{"rendered":"<p>Expulsions, fermetures, interdictions : deux \u00c9tats se replient, deux peuples souffrent. Sous pr\u00e9texte de s\u00e9curit\u00e9, Bamako et Nouakchott brisent un acquis historique et pi\u00e9tinent la libre circulation consacr\u00e9e depuis 1963. La politique des repr\u00e9sailles, men\u00e9e de part et d\u2019autre, transforme commer\u00e7ants et \u00e9leveurs en victimes collat\u00e9rales d\u2019une diplomatie aveugle. Des fermetures ciblant la communaut\u00e9 mauritanienne&#8230;..<\/p>\n","protected":false},"author":4,"featured_media":30683,"comment_status":"open","ping_status":"open","sticky":false,"template":"","format":"standard","meta":{"footnotes":""},"categories":[23,57],"tags":[],"class_list":["post-30682","post","type-post","status-publish","format-standard","has-post-thumbnail","hentry","category-actualite","category-couverture-specilale"],"yoast_head":"<!-- This site is optimized with the Yoast SEO plugin v27.5 - https:\/\/yoast.com\/product\/yoast-seo-wordpress\/ -->\n<title>Mali-Mauritanie\u00a0: \u00a0\u00a0Bamako et Nouakchott enterrent la libre circulation - Le Quotidien de Nouakchott<\/title>\n<meta name=\"robots\" content=\"index, follow, max-snippet:-1, max-image-preview:large, max-video-preview:-1\" \/>\n<link rel=\"canonical\" href=\"https:\/\/lequotidien.mr\/?p=30682&lang=fr\" \/>\n<meta property=\"og:locale\" content=\"ar_AR\" \/>\n<meta property=\"og:type\" content=\"article\" \/>\n<meta property=\"og:title\" content=\"Mali-Mauritanie\u00a0: \u00a0\u00a0Bamako et Nouakchott enterrent la libre circulation - Le Quotidien de Nouakchott\" \/>\n<meta property=\"og:description\" content=\"Expulsions, fermetures, interdictions : deux \u00c9tats se replient, deux peuples souffrent. Sous pr\u00e9texte de s\u00e9curit\u00e9, Bamako et Nouakchott brisent un acquis historique et pi\u00e9tinent la libre circulation consacr\u00e9e depuis 1963. La politique des repr\u00e9sailles, men\u00e9e de part et d\u2019autre, transforme commer\u00e7ants et \u00e9leveurs en victimes collat\u00e9rales d\u2019une diplomatie aveugle. Des fermetures ciblant la communaut\u00e9 mauritanienne.....\" \/>\n<meta property=\"og:url\" content=\"https:\/\/lequotidien.mr\/?p=30682&amp;lang=fr\" \/>\n<meta property=\"og:site_name\" content=\"Le Quotidien de Nouakchott\" \/>\n<meta property=\"article:publisher\" content=\"https:\/\/web.facebook.com\/lequotidienmr\" \/>\n<meta property=\"article:published_time\" content=\"2025-09-04T11:42:19+00:00\" \/>\n<meta property=\"og:image\" content=\"https:\/\/lequotidien.mr\/wp-content\/uploads\/2025\/09\/Capture-decran-2025-09-04-123906.jpg\" \/>\n\t<meta property=\"og:image:width\" content=\"794\" \/>\n\t<meta property=\"og:image:height\" content=\"912\" \/>\n\t<meta property=\"og:image:type\" content=\"image\/jpeg\" \/>\n<meta name=\"author\" content=\"Le Quotidien\" \/>\n<meta name=\"twitter:card\" content=\"summary_large_image\" \/>\n<meta name=\"twitter:creator\" content=\"@lequotidienmr\" \/>\n<meta name=\"twitter:site\" content=\"@lequotidienmr\" \/>\n<meta name=\"twitter:label1\" content=\"\u0643\u064f\u062a\u0628 \u0628\u0648\u0627\u0633\u0637\u0629\" \/>\n\t<meta name=\"twitter:data1\" content=\"Le Quotidien\" \/>\n\t<meta name=\"twitter:label2\" content=\"\u0648\u0642\u062a \u0627\u0644\u0642\u0631\u0627\u0621\u0629 \u0627\u0644\u0645\u064f\u0642\u062f\u0651\u0631\" \/>\n\t<meta name=\"twitter:data2\" content=\"6 \u062f\u0642\u0627\u0626\u0642\" \/>\n<script type=\"application\/ld+json\" class=\"yoast-schema-graph\">{\"@context\":\"https:\\\/\\\/schema.org\",\"@graph\":[{\"@type\":\"Article\",\"@id\":\"https:\\\/\\\/lequotidien.mr\\\/?p=30682&lang=fr#article\",\"isPartOf\":{\"@id\":\"https:\\\/\\\/lequotidien.mr\\\/?p=30682&lang=fr\"},\"author\":{\"name\":\"Le Quotidien\",\"@id\":\"https:\\\/\\\/lequotidien.mr\\\/#\\\/schema\\\/person\\\/f90fcdaa970c60288de4ed2e64a56472\"},\"headline\":\"Mali-Mauritanie\u00a0: \u00a0\u00a0Bamako et Nouakchott enterrent la libre circulation\",\"datePublished\":\"2025-09-04T11:42:19+00:00\",\"mainEntityOfPage\":{\"@id\":\"https:\\\/\\\/lequotidien.mr\\\/?p=30682&lang=fr\"},\"wordCount\":788,\"commentCount\":0,\"publisher\":{\"@id\":\"https:\\\/\\\/lequotidien.mr\\\/#organization\"},\"image\":{\"@id\":\"https:\\\/\\\/lequotidien.mr\\\/?p=30682&lang=fr#primaryimage\"},\"thumbnailUrl\":\"https:\\\/\\\/lequotidien.mr\\\/wp-content\\\/uploads\\\/2025\\\/09\\\/Capture-decran-2025-09-04-123906.jpg\",\"articleSection\":[\"ACTUALIT\u00c9\",\"Couverture sp\u00e9cilale\"],\"inLanguage\":\"ar\",\"potentialAction\":[{\"@type\":\"CommentAction\",\"name\":\"Comment\",\"target\":[\"https:\\\/\\\/lequotidien.mr\\\/?p=30682&lang=fr#respond\"]}]},{\"@type\":\"WebPage\",\"@id\":\"https:\\\/\\\/lequotidien.mr\\\/?p=30682&lang=fr\",\"url\":\"https:\\\/\\\/lequotidien.mr\\\/?p=30682&lang=fr\",\"name\":\"Mali-Mauritanie\u00a0: \u00a0\u00a0Bamako et Nouakchott enterrent la libre circulation - Le Quotidien de Nouakchott\",\"isPartOf\":{\"@id\":\"https:\\\/\\\/lequotidien.mr\\\/#website\"},\"primaryImageOfPage\":{\"@id\":\"https:\\\/\\\/lequotidien.mr\\\/?p=30682&lang=fr#primaryimage\"},\"image\":{\"@id\":\"https:\\\/\\\/lequotidien.mr\\\/?p=30682&lang=fr#primaryimage\"},\"thumbnailUrl\":\"https:\\\/\\\/lequotidien.mr\\\/wp-content\\\/uploads\\\/2025\\\/09\\\/Capture-decran-2025-09-04-123906.jpg\",\"datePublished\":\"2025-09-04T11:42:19+00:00\",\"breadcrumb\":{\"@id\":\"https:\\\/\\\/lequotidien.mr\\\/?p=30682&lang=fr#breadcrumb\"},\"inLanguage\":\"ar\",\"potentialAction\":[{\"@type\":\"ReadAction\",\"target\":[\"https:\\\/\\\/lequotidien.mr\\\/?p=30682&lang=fr\"]}]},{\"@type\":\"ImageObject\",\"inLanguage\":\"ar\",\"@id\":\"https:\\\/\\\/lequotidien.mr\\\/?p=30682&lang=fr#primaryimage\",\"url\":\"https:\\\/\\\/lequotidien.mr\\\/wp-content\\\/uploads\\\/2025\\\/09\\\/Capture-decran-2025-09-04-123906.jpg\",\"contentUrl\":\"https:\\\/\\\/lequotidien.mr\\\/wp-content\\\/uploads\\\/2025\\\/09\\\/Capture-decran-2025-09-04-123906.jpg\",\"width\":794,\"height\":912},{\"@type\":\"BreadcrumbList\",\"@id\":\"https:\\\/\\\/lequotidien.mr\\\/?p=30682&lang=fr#breadcrumb\",\"itemListElement\":[{\"@type\":\"ListItem\",\"position\":1,\"name\":\"Home\",\"item\":\"https:\\\/\\\/lequotidien.mr\\\/\"},{\"@type\":\"ListItem\",\"position\":2,\"name\":\"Mali-Mauritanie\u00a0: \u00a0\u00a0Bamako et Nouakchott enterrent la libre circulation\"}]},{\"@type\":\"WebSite\",\"@id\":\"https:\\\/\\\/lequotidien.mr\\\/#website\",\"url\":\"https:\\\/\\\/lequotidien.mr\\\/\",\"name\":\"Le Quotidien de Nouakchott\",\"description\":\"\u0625\u062e\u0628\u0627\u0631\u064a\u0629 \u0645\u0633\u062a\u0642\u0644\u0629 \u0644\u0644\u0623\u0646\u0628\u0627\u0621 \u0627\u0644\u0639\u0627\u0645\u0629\",\"publisher\":{\"@id\":\"https:\\\/\\\/lequotidien.mr\\\/#organization\"},\"potentialAction\":[{\"@type\":\"SearchAction\",\"target\":{\"@type\":\"EntryPoint\",\"urlTemplate\":\"https:\\\/\\\/lequotidien.mr\\\/?s={search_term_string}\"},\"query-input\":{\"@type\":\"PropertyValueSpecification\",\"valueRequired\":true,\"valueName\":\"search_term_string\"}}],\"inLanguage\":\"ar\"},{\"@type\":\"Organization\",\"@id\":\"https:\\\/\\\/lequotidien.mr\\\/#organization\",\"name\":\"Le Quotidien de Nouakchott\",\"url\":\"https:\\\/\\\/lequotidien.mr\\\/\",\"logo\":{\"@type\":\"ImageObject\",\"inLanguage\":\"ar\",\"@id\":\"https:\\\/\\\/lequotidien.mr\\\/#\\\/schema\\\/logo\\\/image\\\/\",\"url\":\"https:\\\/\\\/lequotidien.mr\\\/wp-content\\\/uploads\\\/2022\\\/11\\\/logolequotidien.jpg\",\"contentUrl\":\"https:\\\/\\\/lequotidien.mr\\\/wp-content\\\/uploads\\\/2022\\\/11\\\/logolequotidien.jpg\",\"width\":290,\"height\":65,\"caption\":\"Le Quotidien de Nouakchott\"},\"image\":{\"@id\":\"https:\\\/\\\/lequotidien.mr\\\/#\\\/schema\\\/logo\\\/image\\\/\"},\"sameAs\":[\"https:\\\/\\\/web.facebook.com\\\/lequotidienmr\",\"https:\\\/\\\/x.com\\\/lequotidienmr\"]},{\"@type\":\"Person\",\"@id\":\"https:\\\/\\\/lequotidien.mr\\\/#\\\/schema\\\/person\\\/f90fcdaa970c60288de4ed2e64a56472\",\"name\":\"Le Quotidien\",\"image\":{\"@type\":\"ImageObject\",\"inLanguage\":\"ar\",\"@id\":\"https:\\\/\\\/secure.gravatar.com\\\/avatar\\\/374cb39a1a458a912465a93e5a3ce6546886fc3da809a1f10c63e4e8fcbca30f?s=96&d=mm&r=g\",\"url\":\"https:\\\/\\\/secure.gravatar.com\\\/avatar\\\/374cb39a1a458a912465a93e5a3ce6546886fc3da809a1f10c63e4e8fcbca30f?s=96&d=mm&r=g\",\"contentUrl\":\"https:\\\/\\\/secure.gravatar.com\\\/avatar\\\/374cb39a1a458a912465a93e5a3ce6546886fc3da809a1f10c63e4e8fcbca30f?s=96&d=mm&r=g\",\"caption\":\"Le Quotidien\"},\"sameAs\":[\"https:\\\/\\\/lequotidien.mr\\\/\"],\"url\":\"https:\\\/\\\/lequotidien.mr\\\/?author=4\"}]}<\/script>\n<!-- \/ Yoast SEO plugin. -->","yoast_head_json":{"title":"Mali-Mauritanie\u00a0: \u00a0\u00a0Bamako et Nouakchott enterrent la libre circulation - Le Quotidien de Nouakchott","robots":{"index":"index","follow":"follow","max-snippet":"max-snippet:-1","max-image-preview":"max-image-preview:large","max-video-preview":"max-video-preview:-1"},"canonical":"https:\/\/lequotidien.mr\/?p=30682&lang=fr","og_locale":"ar_AR","og_type":"article","og_title":"Mali-Mauritanie\u00a0: \u00a0\u00a0Bamako et Nouakchott enterrent la libre circulation - Le Quotidien de Nouakchott","og_description":"Expulsions, fermetures, interdictions : deux \u00c9tats se replient, deux peuples souffrent. Sous pr\u00e9texte de s\u00e9curit\u00e9, Bamako et Nouakchott brisent un acquis historique et pi\u00e9tinent la libre circulation consacr\u00e9e depuis 1963. La politique des repr\u00e9sailles, men\u00e9e de part et d\u2019autre, transforme commer\u00e7ants et \u00e9leveurs en victimes collat\u00e9rales d\u2019une diplomatie aveugle. Des fermetures ciblant la communaut\u00e9 mauritanienne.....","og_url":"https:\/\/lequotidien.mr\/?p=30682&lang=fr","og_site_name":"Le Quotidien de Nouakchott","article_publisher":"https:\/\/web.facebook.com\/lequotidienmr","article_published_time":"2025-09-04T11:42:19+00:00","og_image":[{"width":794,"height":912,"url":"https:\/\/lequotidien.mr\/wp-content\/uploads\/2025\/09\/Capture-decran-2025-09-04-123906.jpg","type":"image\/jpeg"}],"author":"Le Quotidien","twitter_card":"summary_large_image","twitter_creator":"@lequotidienmr","twitter_site":"@lequotidienmr","twitter_misc":{"\u0643\u064f\u062a\u0628 \u0628\u0648\u0627\u0633\u0637\u0629":"Le Quotidien","\u0648\u0642\u062a \u0627\u0644\u0642\u0631\u0627\u0621\u0629 \u0627\u0644\u0645\u064f\u0642\u062f\u0651\u0631":"6 \u062f\u0642\u0627\u0626\u0642"},"schema":{"@context":"https:\/\/schema.org","@graph":[{"@type":"Article","@id":"https:\/\/lequotidien.mr\/?p=30682&lang=fr#article","isPartOf":{"@id":"https:\/\/lequotidien.mr\/?p=30682&lang=fr"},"author":{"name":"Le Quotidien","@id":"https:\/\/lequotidien.mr\/#\/schema\/person\/f90fcdaa970c60288de4ed2e64a56472"},"headline":"Mali-Mauritanie\u00a0: \u00a0\u00a0Bamako et Nouakchott enterrent la libre circulation","datePublished":"2025-09-04T11:42:19+00:00","mainEntityOfPage":{"@id":"https:\/\/lequotidien.mr\/?p=30682&lang=fr"},"wordCount":788,"commentCount":0,"publisher":{"@id":"https:\/\/lequotidien.mr\/#organization"},"image":{"@id":"https:\/\/lequotidien.mr\/?p=30682&lang=fr#primaryimage"},"thumbnailUrl":"https:\/\/lequotidien.mr\/wp-content\/uploads\/2025\/09\/Capture-decran-2025-09-04-123906.jpg","articleSection":["ACTUALIT\u00c9","Couverture sp\u00e9cilale"],"inLanguage":"ar","potentialAction":[{"@type":"CommentAction","name":"Comment","target":["https:\/\/lequotidien.mr\/?p=30682&lang=fr#respond"]}]},{"@type":"WebPage","@id":"https:\/\/lequotidien.mr\/?p=30682&lang=fr","url":"https:\/\/lequotidien.mr\/?p=30682&lang=fr","name":"Mali-Mauritanie\u00a0: \u00a0\u00a0Bamako et Nouakchott enterrent la libre circulation - Le Quotidien de Nouakchott","isPartOf":{"@id":"https:\/\/lequotidien.mr\/#website"},"primaryImageOfPage":{"@id":"https:\/\/lequotidien.mr\/?p=30682&lang=fr#primaryimage"},"image":{"@id":"https:\/\/lequotidien.mr\/?p=30682&lang=fr#primaryimage"},"thumbnailUrl":"https:\/\/lequotidien.mr\/wp-content\/uploads\/2025\/09\/Capture-decran-2025-09-04-123906.jpg","datePublished":"2025-09-04T11:42:19+00:00","breadcrumb":{"@id":"https:\/\/lequotidien.mr\/?p=30682&lang=fr#breadcrumb"},"inLanguage":"ar","potentialAction":[{"@type":"ReadAction","target":["https:\/\/lequotidien.mr\/?p=30682&lang=fr"]}]},{"@type":"ImageObject","inLanguage":"ar","@id":"https:\/\/lequotidien.mr\/?p=30682&lang=fr#primaryimage","url":"https:\/\/lequotidien.mr\/wp-content\/uploads\/2025\/09\/Capture-decran-2025-09-04-123906.jpg","contentUrl":"https:\/\/lequotidien.mr\/wp-content\/uploads\/2025\/09\/Capture-decran-2025-09-04-123906.jpg","width":794,"height":912},{"@type":"BreadcrumbList","@id":"https:\/\/lequotidien.mr\/?p=30682&lang=fr#breadcrumb","itemListElement":[{"@type":"ListItem","position":1,"name":"Home","item":"https:\/\/lequotidien.mr\/"},{"@type":"ListItem","position":2,"name":"Mali-Mauritanie\u00a0: \u00a0\u00a0Bamako et Nouakchott enterrent la libre circulation"}]},{"@type":"WebSite","@id":"https:\/\/lequotidien.mr\/#website","url":"https:\/\/lequotidien.mr\/","name":"Le Quotidien de Nouakchott","description":"\u0625\u062e\u0628\u0627\u0631\u064a\u0629 \u0645\u0633\u062a\u0642\u0644\u0629 \u0644\u0644\u0623\u0646\u0628\u0627\u0621 \u0627\u0644\u0639\u0627\u0645\u0629","publisher":{"@id":"https:\/\/lequotidien.mr\/#organization"},"potentialAction":[{"@type":"SearchAction","target":{"@type":"EntryPoint","urlTemplate":"https:\/\/lequotidien.mr\/?s={search_term_string}"},"query-input":{"@type":"PropertyValueSpecification","valueRequired":true,"valueName":"search_term_string"}}],"inLanguage":"ar"},{"@type":"Organization","@id":"https:\/\/lequotidien.mr\/#organization","name":"Le Quotidien de Nouakchott","url":"https:\/\/lequotidien.mr\/","logo":{"@type":"ImageObject","inLanguage":"ar","@id":"https:\/\/lequotidien.mr\/#\/schema\/logo\/image\/","url":"https:\/\/lequotidien.mr\/wp-content\/uploads\/2022\/11\/logolequotidien.jpg","contentUrl":"https:\/\/lequotidien.mr\/wp-content\/uploads\/2022\/11\/logolequotidien.jpg","width":290,"height":65,"caption":"Le Quotidien de Nouakchott"},"image":{"@id":"https:\/\/lequotidien.mr\/#\/schema\/logo\/image\/"},"sameAs":["https:\/\/web.facebook.com\/lequotidienmr","https:\/\/x.com\/lequotidienmr"]},{"@type":"Person","@id":"https:\/\/lequotidien.mr\/#\/schema\/person\/f90fcdaa970c60288de4ed2e64a56472","name":"Le Quotidien","image":{"@type":"ImageObject","inLanguage":"ar","@id":"https:\/\/secure.gravatar.com\/avatar\/374cb39a1a458a912465a93e5a3ce6546886fc3da809a1f10c63e4e8fcbca30f?s=96&d=mm&r=g","url":"https:\/\/secure.gravatar.com\/avatar\/374cb39a1a458a912465a93e5a3ce6546886fc3da809a1f10c63e4e8fcbca30f?s=96&d=mm&r=g","contentUrl":"https:\/\/secure.gravatar.com\/avatar\/374cb39a1a458a912465a93e5a3ce6546886fc3da809a1f10c63e4e8fcbca30f?s=96&d=mm&r=g","caption":"Le Quotidien"},"sameAs":["https:\/\/lequotidien.mr\/"],"url":"https:\/\/lequotidien.mr\/?author=4"}]}},"_links":{"self":[{"href":"https:\/\/lequotidien.mr\/index.php?rest_route=\/wp\/v2\/posts\/30682","targetHints":{"allow":["GET"]}}],"collection":[{"href":"https:\/\/lequotidien.mr\/index.php?rest_route=\/wp\/v2\/posts"}],"about":[{"href":"https:\/\/lequotidien.mr\/index.php?rest_route=\/wp\/v2\/types\/post"}],"author":[{"embeddable":true,"href":"https:\/\/lequotidien.mr\/index.php?rest_route=\/wp\/v2\/users\/4"}],"replies":[{"embeddable":true,"href":"https:\/\/lequotidien.mr\/index.php?rest_route=%2Fwp%2Fv2%2Fcomments&post=30682"}],"version-history":[{"count":1,"href":"https:\/\/lequotidien.mr\/index.php?rest_route=\/wp\/v2\/posts\/30682\/revisions"}],"predecessor-version":[{"id":30684,"href":"https:\/\/lequotidien.mr\/index.php?rest_route=\/wp\/v2\/posts\/30682\/revisions\/30684"}],"wp:featuredmedia":[{"embeddable":true,"href":"https:\/\/lequotidien.mr\/index.php?rest_route=\/wp\/v2\/media\/30683"}],"wp:attachment":[{"href":"https:\/\/lequotidien.mr\/index.php?rest_route=%2Fwp%2Fv2%2Fmedia&parent=30682"}],"wp:term":[{"taxonomy":"category","embeddable":true,"href":"https:\/\/lequotidien.mr\/index.php?rest_route=%2Fwp%2Fv2%2Fcategories&post=30682"},{"taxonomy":"post_tag","embeddable":true,"href":"https:\/\/lequotidien.mr\/index.php?rest_route=%2Fwp%2Fv2%2Ftags&post=30682"}],"curies":[{"name":"wp","href":"https:\/\/api.w.org\/{rel}","templated":true}]}}