{"id":30655,"date":"2025-09-03T17:58:41","date_gmt":"2025-09-03T17:58:41","guid":{"rendered":"https:\/\/lequotidien.mr\/?p=30655"},"modified":"2025-09-03T17:58:41","modified_gmt":"2025-09-03T17:58:41","slug":"linchiri-en-tete-des-realisations-du-programme-de-developpement-regional","status":"publish","type":"post","link":"https:\/\/lequotidien.mr\/?p=30655&lang=fr","title":{"rendered":"L\u2019Inchiri en t\u00eate des r\u00e9alisations du programme de d\u00e9veloppement r\u00e9gional"},"content":{"rendered":"<p>Le Premier ministre a pr\u00e9sid\u00e9 hier une importante r\u00e9union d\u2019\u00e9valuation consacr\u00e9e \u00e0 la mise en \u0153uvre du programme de d\u00e9veloppement r\u00e9gional, en pr\u00e9sence des pr\u00e9sidents des conseils r\u00e9gionaux de l\u2019ensemble du pays. Cette rencontre, plac\u00e9e sous le signe du suivi et de la transparence, a permis de dresser un \u00e9tat des lieux pr\u00e9cis des r\u00e9alisations et d\u2019identifier les r\u00e9gions les plus dynamiques dans l\u2019ex\u00e9cution des projets gouvernementaux.<\/p>\n<h3>L\u2019Inchiri, championne de l\u2019ex\u00e9cution<\/h3>\n<p>\u00c0 l\u2019issue de cette \u00e9valuation, la r\u00e9gion de l\u2019Inchiri est apparue en t\u00eate du classement national avec un taux de r\u00e9alisation de <strong>62,4 %<\/strong> de son programme, devan\u00e7ant ainsi toutes les autres r\u00e9gions du pays. Ce r\u00e9sultat t\u00e9moigne non seulement de la bonne coordination entre les autorit\u00e9s locales et l\u2019administration centrale, mais aussi de l\u2019engagement du pr\u00e9sident du Conseil r\u00e9gional, <strong>M. Cheikh Malainine Abeidi Gharrabi<\/strong>, et de ses \u00e9quipes, aux c\u00f4t\u00e9s des partenaires au d\u00e9veloppement.<\/p>\n<h3>Des projets visibles et concrets<\/h3>\n<p>L\u2019Inchiri a concentr\u00e9 ses efforts sur plusieurs secteurs prioritaires :<\/p>\n<ul>\n<li><strong>\u00c9ducation et formation<\/strong> : construction et \u00e9quipement de salles de classe, renforcement des effectifs enseignants et extension de l\u2019\u00c9cole nationale des instituteurs d\u2019Akjoujt.<\/li>\n<li><strong>Sant\u00e9<\/strong> : am\u00e9lioration de la couverture sanitaire avec l\u2019h\u00f4pital r\u00e9gional et des postes de sant\u00e9 de proximit\u00e9, permettant d\u2019atteindre un niveau de couverture estim\u00e9 \u00e0 plus de 70 %.<\/li>\n<li><strong>Eau et \u00e9nergie<\/strong> : lancement de projets d\u2019adduction d\u2019eau potable et raccordement progressif \u00e0 la ligne \u00e9lectrique nationale.<\/li>\n<li><strong>Appui \u00e0 l\u2019\u00e9levage et \u00e0 la s\u00e9curit\u00e9 alimentaire<\/strong> : distribution de petites machine agricoles, de produits v\u00e9t\u00e9rinaires et ouverture de boutiques de denr\u00e9es subventionn\u00e9es.<\/li>\n<\/ul>\n<p>Ces r\u00e9alisations concr\u00e8tes placent l\u2019Inchiri comme une r\u00e9gion pilote dans la mise en \u0153uvre de la politique de d\u00e9veloppement \u00e9quilibr\u00e9 pr\u00f4n\u00e9e par le gouvernement.<\/p>\n<h3>Un mod\u00e8le pour les autres r\u00e9gions<\/h3>\n<p>Le Premier ministre a salu\u00e9 ce r\u00e9sultat et appel\u00e9 les autres conseils r\u00e9gionaux \u00e0 s\u2019inspirer de l\u2019exemple de l\u2019Inchiri, soulignant que \u00ab la d\u00e9centralisation ne peut r\u00e9ussir que si les \u00e9lus locaux s\u2019approprient pleinement les programmes et veillent \u00e0 leur bonne ex\u00e9cution \u00bb.<\/p>\n<p>En se hissant \u00e0 la premi\u00e8re place du classement, l\u2019Inchiri illustre le potentiel d\u2019un partenariat efficace entre l\u2019\u00c9tat, les collectivit\u00e9s r\u00e9gionales et les populations. Une dynamique qui, si elle se confirme, pourrait transformer durablement le visage de cette r\u00e9gion, souvent per\u00e7ue comme p\u00e9riph\u00e9rique, en un v\u00e9ritable laboratoire du d\u00e9veloppement r\u00e9gional en Mauritanie.<\/p>\n<p>&nbsp;<\/p>\n<p>&nbsp;<\/p>\n","protected":false},"excerpt":{"rendered":"<p>Le Premier ministre a pr\u00e9sid\u00e9 hier une importante r\u00e9union d\u2019\u00e9valuation consacr\u00e9e \u00e0 la mise en \u0153uvre du programme de d\u00e9veloppement r\u00e9gional, en pr\u00e9sence des pr\u00e9sidents des conseils r\u00e9gionaux de l\u2019ensemble du pays. Cette rencontre, plac\u00e9e sous le signe du suivi et de la transparence, a permis de dresser un \u00e9tat des lieux pr\u00e9cis des r\u00e9alisations&#8230;..<\/p>\n","protected":false},"author":4,"featured_media":30656,"comment_status":"open","ping_status":"open","sticky":false,"template":"","format":"standard","meta":{"footnotes":""},"categories":[23,57],"tags":[],"class_list":["post-30655","post","type-post","status-publish","format-standard","has-post-thumbnail","hentry","category-actualite","category-couverture-specilale"],"yoast_head":"<!-- This site is optimized with the Yoast SEO plugin v27.5 - https:\/\/yoast.com\/product\/yoast-seo-wordpress\/ -->\n<title>L\u2019Inchiri en t\u00eate des r\u00e9alisations du programme de d\u00e9veloppement r\u00e9gional - Le Quotidien de Nouakchott<\/title>\n<meta name=\"robots\" content=\"index, follow, max-snippet:-1, max-image-preview:large, max-video-preview:-1\" \/>\n<link rel=\"canonical\" href=\"https:\/\/lequotidien.mr\/?p=30655&lang=fr\" \/>\n<meta property=\"og:locale\" content=\"ar_AR\" \/>\n<meta property=\"og:type\" content=\"article\" \/>\n<meta property=\"og:title\" content=\"L\u2019Inchiri en t\u00eate des r\u00e9alisations du programme de d\u00e9veloppement r\u00e9gional - Le Quotidien de Nouakchott\" \/>\n<meta property=\"og:description\" content=\"Le Premier ministre a pr\u00e9sid\u00e9 hier une importante r\u00e9union d\u2019\u00e9valuation consacr\u00e9e \u00e0 la mise en \u0153uvre du programme de d\u00e9veloppement r\u00e9gional, en pr\u00e9sence des pr\u00e9sidents des conseils r\u00e9gionaux de l\u2019ensemble du pays. Cette rencontre, plac\u00e9e sous le signe du suivi et de la transparence, a permis de dresser un \u00e9tat des lieux pr\u00e9cis des r\u00e9alisations.....\" \/>\n<meta property=\"og:url\" content=\"https:\/\/lequotidien.mr\/?p=30655&amp;lang=fr\" \/>\n<meta property=\"og:site_name\" content=\"Le Quotidien de Nouakchott\" \/>\n<meta property=\"article:publisher\" content=\"https:\/\/web.facebook.com\/lequotidienmr\" \/>\n<meta property=\"article:published_time\" content=\"2025-09-03T17:58:41+00:00\" \/>\n<meta property=\"og:image\" content=\"https:\/\/lequotidien.mr\/wp-content\/uploads\/2025\/09\/27-05-2024-008.jpg\" \/>\n\t<meta property=\"og:image:width\" content=\"630\" \/>\n\t<meta property=\"og:image:height\" content=\"284\" \/>\n\t<meta property=\"og:image:type\" content=\"image\/jpeg\" \/>\n<meta name=\"author\" content=\"Le Quotidien\" \/>\n<meta name=\"twitter:card\" content=\"summary_large_image\" \/>\n<meta name=\"twitter:creator\" content=\"@lequotidienmr\" \/>\n<meta name=\"twitter:site\" content=\"@lequotidienmr\" \/>\n<meta name=\"twitter:label1\" content=\"\u0643\u064f\u062a\u0628 \u0628\u0648\u0627\u0633\u0637\u0629\" \/>\n\t<meta name=\"twitter:data1\" content=\"Le Quotidien\" \/>\n\t<meta name=\"twitter:label2\" content=\"\u0648\u0642\u062a \u0627\u0644\u0642\u0631\u0627\u0621\u0629 \u0627\u0644\u0645\u064f\u0642\u062f\u0651\u0631\" \/>\n\t<meta name=\"twitter:data2\" content=\"3 \u062f\u0642\u0627\u0626\u0642\" \/>\n<script type=\"application\/ld+json\" class=\"yoast-schema-graph\">{\"@context\":\"https:\\\/\\\/schema.org\",\"@graph\":[{\"@type\":\"Article\",\"@id\":\"https:\\\/\\\/lequotidien.mr\\\/?p=30655&lang=fr#article\",\"isPartOf\":{\"@id\":\"https:\\\/\\\/lequotidien.mr\\\/?p=30655&lang=fr\"},\"author\":{\"name\":\"Le Quotidien\",\"@id\":\"https:\\\/\\\/lequotidien.mr\\\/#\\\/schema\\\/person\\\/f90fcdaa970c60288de4ed2e64a56472\"},\"headline\":\"L\u2019Inchiri en t\u00eate des r\u00e9alisations du programme de d\u00e9veloppement r\u00e9gional\",\"datePublished\":\"2025-09-03T17:58:41+00:00\",\"mainEntityOfPage\":{\"@id\":\"https:\\\/\\\/lequotidien.mr\\\/?p=30655&lang=fr\"},\"wordCount\":461,\"commentCount\":0,\"publisher\":{\"@id\":\"https:\\\/\\\/lequotidien.mr\\\/#organization\"},\"image\":{\"@id\":\"https:\\\/\\\/lequotidien.mr\\\/?p=30655&lang=fr#primaryimage\"},\"thumbnailUrl\":\"https:\\\/\\\/lequotidien.mr\\\/wp-content\\\/uploads\\\/2025\\\/09\\\/27-05-2024-008.jpg\",\"articleSection\":[\"ACTUALIT\u00c9\",\"Couverture sp\u00e9cilale\"],\"inLanguage\":\"ar\",\"potentialAction\":[{\"@type\":\"CommentAction\",\"name\":\"Comment\",\"target\":[\"https:\\\/\\\/lequotidien.mr\\\/?p=30655&lang=fr#respond\"]}]},{\"@type\":\"WebPage\",\"@id\":\"https:\\\/\\\/lequotidien.mr\\\/?p=30655&lang=fr\",\"url\":\"https:\\\/\\\/lequotidien.mr\\\/?p=30655&lang=fr\",\"name\":\"L\u2019Inchiri en t\u00eate des r\u00e9alisations du programme de d\u00e9veloppement r\u00e9gional - Le Quotidien de Nouakchott\",\"isPartOf\":{\"@id\":\"https:\\\/\\\/lequotidien.mr\\\/#website\"},\"primaryImageOfPage\":{\"@id\":\"https:\\\/\\\/lequotidien.mr\\\/?p=30655&lang=fr#primaryimage\"},\"image\":{\"@id\":\"https:\\\/\\\/lequotidien.mr\\\/?p=30655&lang=fr#primaryimage\"},\"thumbnailUrl\":\"https:\\\/\\\/lequotidien.mr\\\/wp-content\\\/uploads\\\/2025\\\/09\\\/27-05-2024-008.jpg\",\"datePublished\":\"2025-09-03T17:58:41+00:00\",\"breadcrumb\":{\"@id\":\"https:\\\/\\\/lequotidien.mr\\\/?p=30655&lang=fr#breadcrumb\"},\"inLanguage\":\"ar\",\"potentialAction\":[{\"@type\":\"ReadAction\",\"target\":[\"https:\\\/\\\/lequotidien.mr\\\/?p=30655&lang=fr\"]}]},{\"@type\":\"ImageObject\",\"inLanguage\":\"ar\",\"@id\":\"https:\\\/\\\/lequotidien.mr\\\/?p=30655&lang=fr#primaryimage\",\"url\":\"https:\\\/\\\/lequotidien.mr\\\/wp-content\\\/uploads\\\/2025\\\/09\\\/27-05-2024-008.jpg\",\"contentUrl\":\"https:\\\/\\\/lequotidien.mr\\\/wp-content\\\/uploads\\\/2025\\\/09\\\/27-05-2024-008.jpg\",\"width\":630,\"height\":284},{\"@type\":\"BreadcrumbList\",\"@id\":\"https:\\\/\\\/lequotidien.mr\\\/?p=30655&lang=fr#breadcrumb\",\"itemListElement\":[{\"@type\":\"ListItem\",\"position\":1,\"name\":\"Home\",\"item\":\"https:\\\/\\\/lequotidien.mr\\\/\"},{\"@type\":\"ListItem\",\"position\":2,\"name\":\"L\u2019Inchiri en t\u00eate des r\u00e9alisations du programme de d\u00e9veloppement r\u00e9gional\"}]},{\"@type\":\"WebSite\",\"@id\":\"https:\\\/\\\/lequotidien.mr\\\/#website\",\"url\":\"https:\\\/\\\/lequotidien.mr\\\/\",\"name\":\"Le Quotidien de Nouakchott\",\"description\":\"\u0625\u062e\u0628\u0627\u0631\u064a\u0629 \u0645\u0633\u062a\u0642\u0644\u0629 \u0644\u0644\u0623\u0646\u0628\u0627\u0621 \u0627\u0644\u0639\u0627\u0645\u0629\",\"publisher\":{\"@id\":\"https:\\\/\\\/lequotidien.mr\\\/#organization\"},\"potentialAction\":[{\"@type\":\"SearchAction\",\"target\":{\"@type\":\"EntryPoint\",\"urlTemplate\":\"https:\\\/\\\/lequotidien.mr\\\/?s={search_term_string}\"},\"query-input\":{\"@type\":\"PropertyValueSpecification\",\"valueRequired\":true,\"valueName\":\"search_term_string\"}}],\"inLanguage\":\"ar\"},{\"@type\":\"Organization\",\"@id\":\"https:\\\/\\\/lequotidien.mr\\\/#organization\",\"name\":\"Le Quotidien de Nouakchott\",\"url\":\"https:\\\/\\\/lequotidien.mr\\\/\",\"logo\":{\"@type\":\"ImageObject\",\"inLanguage\":\"ar\",\"@id\":\"https:\\\/\\\/lequotidien.mr\\\/#\\\/schema\\\/logo\\\/image\\\/\",\"url\":\"https:\\\/\\\/lequotidien.mr\\\/wp-content\\\/uploads\\\/2022\\\/11\\\/logolequotidien.jpg\",\"contentUrl\":\"https:\\\/\\\/lequotidien.mr\\\/wp-content\\\/uploads\\\/2022\\\/11\\\/logolequotidien.jpg\",\"width\":290,\"height\":65,\"caption\":\"Le Quotidien de Nouakchott\"},\"image\":{\"@id\":\"https:\\\/\\\/lequotidien.mr\\\/#\\\/schema\\\/logo\\\/image\\\/\"},\"sameAs\":[\"https:\\\/\\\/web.facebook.com\\\/lequotidienmr\",\"https:\\\/\\\/x.com\\\/lequotidienmr\"]},{\"@type\":\"Person\",\"@id\":\"https:\\\/\\\/lequotidien.mr\\\/#\\\/schema\\\/person\\\/f90fcdaa970c60288de4ed2e64a56472\",\"name\":\"Le Quotidien\",\"image\":{\"@type\":\"ImageObject\",\"inLanguage\":\"ar\",\"@id\":\"https:\\\/\\\/secure.gravatar.com\\\/avatar\\\/374cb39a1a458a912465a93e5a3ce6546886fc3da809a1f10c63e4e8fcbca30f?s=96&d=mm&r=g\",\"url\":\"https:\\\/\\\/secure.gravatar.com\\\/avatar\\\/374cb39a1a458a912465a93e5a3ce6546886fc3da809a1f10c63e4e8fcbca30f?s=96&d=mm&r=g\",\"contentUrl\":\"https:\\\/\\\/secure.gravatar.com\\\/avatar\\\/374cb39a1a458a912465a93e5a3ce6546886fc3da809a1f10c63e4e8fcbca30f?s=96&d=mm&r=g\",\"caption\":\"Le Quotidien\"},\"sameAs\":[\"https:\\\/\\\/lequotidien.mr\\\/\"],\"url\":\"https:\\\/\\\/lequotidien.mr\\\/?author=4\"}]}<\/script>\n<!-- \/ Yoast SEO plugin. -->","yoast_head_json":{"title":"L\u2019Inchiri en t\u00eate des r\u00e9alisations du programme de d\u00e9veloppement r\u00e9gional - Le Quotidien de Nouakchott","robots":{"index":"index","follow":"follow","max-snippet":"max-snippet:-1","max-image-preview":"max-image-preview:large","max-video-preview":"max-video-preview:-1"},"canonical":"https:\/\/lequotidien.mr\/?p=30655&lang=fr","og_locale":"ar_AR","og_type":"article","og_title":"L\u2019Inchiri en t\u00eate des r\u00e9alisations du programme de d\u00e9veloppement r\u00e9gional - Le Quotidien de Nouakchott","og_description":"Le Premier ministre a pr\u00e9sid\u00e9 hier une importante r\u00e9union d\u2019\u00e9valuation consacr\u00e9e \u00e0 la mise en \u0153uvre du programme de d\u00e9veloppement r\u00e9gional, en pr\u00e9sence des pr\u00e9sidents des conseils r\u00e9gionaux de l\u2019ensemble du pays. Cette rencontre, plac\u00e9e sous le signe du suivi et de la transparence, a permis de dresser un \u00e9tat des lieux pr\u00e9cis des r\u00e9alisations.....","og_url":"https:\/\/lequotidien.mr\/?p=30655&lang=fr","og_site_name":"Le Quotidien de Nouakchott","article_publisher":"https:\/\/web.facebook.com\/lequotidienmr","article_published_time":"2025-09-03T17:58:41+00:00","og_image":[{"width":630,"height":284,"url":"https:\/\/lequotidien.mr\/wp-content\/uploads\/2025\/09\/27-05-2024-008.jpg","type":"image\/jpeg"}],"author":"Le Quotidien","twitter_card":"summary_large_image","twitter_creator":"@lequotidienmr","twitter_site":"@lequotidienmr","twitter_misc":{"\u0643\u064f\u062a\u0628 \u0628\u0648\u0627\u0633\u0637\u0629":"Le Quotidien","\u0648\u0642\u062a \u0627\u0644\u0642\u0631\u0627\u0621\u0629 \u0627\u0644\u0645\u064f\u0642\u062f\u0651\u0631":"3 \u062f\u0642\u0627\u0626\u0642"},"schema":{"@context":"https:\/\/schema.org","@graph":[{"@type":"Article","@id":"https:\/\/lequotidien.mr\/?p=30655&lang=fr#article","isPartOf":{"@id":"https:\/\/lequotidien.mr\/?p=30655&lang=fr"},"author":{"name":"Le Quotidien","@id":"https:\/\/lequotidien.mr\/#\/schema\/person\/f90fcdaa970c60288de4ed2e64a56472"},"headline":"L\u2019Inchiri en t\u00eate des r\u00e9alisations du programme de d\u00e9veloppement r\u00e9gional","datePublished":"2025-09-03T17:58:41+00:00","mainEntityOfPage":{"@id":"https:\/\/lequotidien.mr\/?p=30655&lang=fr"},"wordCount":461,"commentCount":0,"publisher":{"@id":"https:\/\/lequotidien.mr\/#organization"},"image":{"@id":"https:\/\/lequotidien.mr\/?p=30655&lang=fr#primaryimage"},"thumbnailUrl":"https:\/\/lequotidien.mr\/wp-content\/uploads\/2025\/09\/27-05-2024-008.jpg","articleSection":["ACTUALIT\u00c9","Couverture sp\u00e9cilale"],"inLanguage":"ar","potentialAction":[{"@type":"CommentAction","name":"Comment","target":["https:\/\/lequotidien.mr\/?p=30655&lang=fr#respond"]}]},{"@type":"WebPage","@id":"https:\/\/lequotidien.mr\/?p=30655&lang=fr","url":"https:\/\/lequotidien.mr\/?p=30655&lang=fr","name":"L\u2019Inchiri en t\u00eate des r\u00e9alisations du programme de d\u00e9veloppement r\u00e9gional - Le Quotidien de Nouakchott","isPartOf":{"@id":"https:\/\/lequotidien.mr\/#website"},"primaryImageOfPage":{"@id":"https:\/\/lequotidien.mr\/?p=30655&lang=fr#primaryimage"},"image":{"@id":"https:\/\/lequotidien.mr\/?p=30655&lang=fr#primaryimage"},"thumbnailUrl":"https:\/\/lequotidien.mr\/wp-content\/uploads\/2025\/09\/27-05-2024-008.jpg","datePublished":"2025-09-03T17:58:41+00:00","breadcrumb":{"@id":"https:\/\/lequotidien.mr\/?p=30655&lang=fr#breadcrumb"},"inLanguage":"ar","potentialAction":[{"@type":"ReadAction","target":["https:\/\/lequotidien.mr\/?p=30655&lang=fr"]}]},{"@type":"ImageObject","inLanguage":"ar","@id":"https:\/\/lequotidien.mr\/?p=30655&lang=fr#primaryimage","url":"https:\/\/lequotidien.mr\/wp-content\/uploads\/2025\/09\/27-05-2024-008.jpg","contentUrl":"https:\/\/lequotidien.mr\/wp-content\/uploads\/2025\/09\/27-05-2024-008.jpg","width":630,"height":284},{"@type":"BreadcrumbList","@id":"https:\/\/lequotidien.mr\/?p=30655&lang=fr#breadcrumb","itemListElement":[{"@type":"ListItem","position":1,"name":"Home","item":"https:\/\/lequotidien.mr\/"},{"@type":"ListItem","position":2,"name":"L\u2019Inchiri en t\u00eate des r\u00e9alisations du programme de d\u00e9veloppement r\u00e9gional"}]},{"@type":"WebSite","@id":"https:\/\/lequotidien.mr\/#website","url":"https:\/\/lequotidien.mr\/","name":"Le Quotidien de Nouakchott","description":"\u0625\u062e\u0628\u0627\u0631\u064a\u0629 \u0645\u0633\u062a\u0642\u0644\u0629 \u0644\u0644\u0623\u0646\u0628\u0627\u0621 \u0627\u0644\u0639\u0627\u0645\u0629","publisher":{"@id":"https:\/\/lequotidien.mr\/#organization"},"potentialAction":[{"@type":"SearchAction","target":{"@type":"EntryPoint","urlTemplate":"https:\/\/lequotidien.mr\/?s={search_term_string}"},"query-input":{"@type":"PropertyValueSpecification","valueRequired":true,"valueName":"search_term_string"}}],"inLanguage":"ar"},{"@type":"Organization","@id":"https:\/\/lequotidien.mr\/#organization","name":"Le Quotidien de Nouakchott","url":"https:\/\/lequotidien.mr\/","logo":{"@type":"ImageObject","inLanguage":"ar","@id":"https:\/\/lequotidien.mr\/#\/schema\/logo\/image\/","url":"https:\/\/lequotidien.mr\/wp-content\/uploads\/2022\/11\/logolequotidien.jpg","contentUrl":"https:\/\/lequotidien.mr\/wp-content\/uploads\/2022\/11\/logolequotidien.jpg","width":290,"height":65,"caption":"Le Quotidien de Nouakchott"},"image":{"@id":"https:\/\/lequotidien.mr\/#\/schema\/logo\/image\/"},"sameAs":["https:\/\/web.facebook.com\/lequotidienmr","https:\/\/x.com\/lequotidienmr"]},{"@type":"Person","@id":"https:\/\/lequotidien.mr\/#\/schema\/person\/f90fcdaa970c60288de4ed2e64a56472","name":"Le Quotidien","image":{"@type":"ImageObject","inLanguage":"ar","@id":"https:\/\/secure.gravatar.com\/avatar\/374cb39a1a458a912465a93e5a3ce6546886fc3da809a1f10c63e4e8fcbca30f?s=96&d=mm&r=g","url":"https:\/\/secure.gravatar.com\/avatar\/374cb39a1a458a912465a93e5a3ce6546886fc3da809a1f10c63e4e8fcbca30f?s=96&d=mm&r=g","contentUrl":"https:\/\/secure.gravatar.com\/avatar\/374cb39a1a458a912465a93e5a3ce6546886fc3da809a1f10c63e4e8fcbca30f?s=96&d=mm&r=g","caption":"Le Quotidien"},"sameAs":["https:\/\/lequotidien.mr\/"],"url":"https:\/\/lequotidien.mr\/?author=4"}]}},"_links":{"self":[{"href":"https:\/\/lequotidien.mr\/index.php?rest_route=\/wp\/v2\/posts\/30655","targetHints":{"allow":["GET"]}}],"collection":[{"href":"https:\/\/lequotidien.mr\/index.php?rest_route=\/wp\/v2\/posts"}],"about":[{"href":"https:\/\/lequotidien.mr\/index.php?rest_route=\/wp\/v2\/types\/post"}],"author":[{"embeddable":true,"href":"https:\/\/lequotidien.mr\/index.php?rest_route=\/wp\/v2\/users\/4"}],"replies":[{"embeddable":true,"href":"https:\/\/lequotidien.mr\/index.php?rest_route=%2Fwp%2Fv2%2Fcomments&post=30655"}],"version-history":[{"count":1,"href":"https:\/\/lequotidien.mr\/index.php?rest_route=\/wp\/v2\/posts\/30655\/revisions"}],"predecessor-version":[{"id":30657,"href":"https:\/\/lequotidien.mr\/index.php?rest_route=\/wp\/v2\/posts\/30655\/revisions\/30657"}],"wp:featuredmedia":[{"embeddable":true,"href":"https:\/\/lequotidien.mr\/index.php?rest_route=\/wp\/v2\/media\/30656"}],"wp:attachment":[{"href":"https:\/\/lequotidien.mr\/index.php?rest_route=%2Fwp%2Fv2%2Fmedia&parent=30655"}],"wp:term":[{"taxonomy":"category","embeddable":true,"href":"https:\/\/lequotidien.mr\/index.php?rest_route=%2Fwp%2Fv2%2Fcategories&post=30655"},{"taxonomy":"post_tag","embeddable":true,"href":"https:\/\/lequotidien.mr\/index.php?rest_route=%2Fwp%2Fv2%2Ftags&post=30655"}],"curies":[{"name":"wp","href":"https:\/\/api.w.org\/{rel}","templated":true}]}}