{"id":30624,"date":"2025-09-02T17:02:41","date_gmt":"2025-09-02T17:02:41","guid":{"rendered":"https:\/\/lequotidien.mr\/?p=30624"},"modified":"2025-09-02T17:02:41","modified_gmt":"2025-09-02T17:02:41","slug":"le-president-el-ghazouani-salue-le-role-pivot-de-la-bad-pour-le-developpement-de-lafrique","status":"publish","type":"post","link":"https:\/\/lequotidien.mr\/?p=30624&lang=fr","title":{"rendered":"Le Pr\u00e9sident El Ghazouani salue le r\u00f4le pivot de la BAD pour le d\u00e9veloppement de l&#8217;Afrique"},"content":{"rendered":"<p>Le Pr\u00e9sident de la R\u00e9publique, Monsieur Mohamed Cheikh El Ghazouani, a prononc\u00e9 un discours remarqu\u00e9 ce lundi \u00e0 Abidjan, \u00e0 l\u2019occasion de la c\u00e9r\u00e9monie d\u2019investiture du Pr\u00e9sident du Groupe de la Banque Africaine de D\u00e9veloppement (BAD). Dans son allocution, le chef de l\u2019\u00c9tat mauritanien a mis en exergue le r\u00f4le capital jou\u00e9 par l\u2019institution financi\u00e8re dans la promotion du d\u00e9veloppement \u00e9conomique et social du continent africain.<\/p>\n<p>Devant un parterre de personnalit\u00e9s de haut rang, de chefs d\u2019\u00c9tat et de gouvernement, et de repr\u00e9sentants du monde \u00e9conomique et financier, le Pr\u00e9sident El Ghazouani a insist\u00e9 sur l\u2019importance des interventions de la BAD, qu\u2019il a qualifi\u00e9es de d\u00e9terminantes pour la construction d\u2019une Afrique \u00ab coh\u00e9rente, \u00e9conomiquement int\u00e9gr\u00e9e et prosp\u00e8re \u00bb.<\/p>\n<p><em>\u00ab Le Groupe de la Banque Africaine de D\u00e9veloppement est plus qu\u2019une simple institution financi\u00e8re ; c\u2019est un levier indispensable pour la r\u00e9alisation des ambitions de nos populations \u00bb<\/em>, a-t-il d\u00e9clar\u00e9. Son discours a soulign\u00e9 la contribution multiforme de la Banque, notamment \u00e0 travers le financement d\u2019infrastructures structurantes, l\u2019appui \u00e0 l\u2019int\u00e9gration r\u00e9gionale, le soutien au secteur priv\u00e9 et la promotion de projets innovants dans les domaines de l\u2019agriculture, de l\u2019\u00e9nergie et de l\u2019adaptation au changement climatique.<\/p>\n<p>Le Pr\u00e9sident de la R\u00e9publique a \u00e9galement salu\u00e9 la vision et le leadership du pr\u00e9sident sortant et r\u00e9investi de la BAD, dont les efforts ont permis \u00e0 l\u2019institution de renforcer son impact et sa cr\u00e9dibilit\u00e9 sur la sc\u00e8ne internationale. Il a r\u00e9affirm\u00e9 la confiance et le soutien total des \u00c9tats membres, dont la Mauritanie, \u00e0 l\u2019action et aux orientations strat\u00e9giques de la Banque.<\/p>\n<p>En appelant \u00e0 une collaboration renforc\u00e9e entre tous les acteurs du d\u00e9veloppement, le Pr\u00e9sident El Ghazouani a conclu sur une note d\u2019espoir, exprimant sa conviction que, gr\u00e2ce \u00e0 des partenariats solides et une vision commune port\u00e9e par des institutions comme la BAD, l\u2019Afrique est en marche vers un avenir de croissance inclusive et de prosp\u00e9rit\u00e9 partag\u00e9e.<\/p>\n<p>Voici le texte du discours:<\/p>\n<p><em>\u2018\u2019Excellence Monsieur Alassane Ouattara, Pr\u00e9sident de la R\u00e9publique de C\u00f4te d\u2019Ivoire,<\/em><\/p>\n<p><em>Excellence Monsieur le pr\u00e9sident du conseil des gouverneurs de la Banque africaine de D\u00e9veloppement,<\/em><\/p>\n<p><em>Mesdames et Messieurs les administrateurs de la Banque africaine de d\u00e9veloppement,<\/em><\/p>\n<p><em>Monsieur le pr\u00e9sident sortant de la Banque africaine de d\u00e9veloppement,<\/em><\/p>\n<p><em>Monsieur le pr\u00e9sident de la Banque africaine de d\u00e9veloppement,<\/em><\/p>\n<p><em>Mesdames et Messieurs les membres du corps diplomatique et repr\u00e9sentants des institutions financi\u00e8res internationales,<\/em><\/p>\n<p><em>Honorables invit\u00e9s,<\/em><\/p>\n<p><em>C\u2019est tout \u00e0 la fois pour moi un plaisir et un honneur d\u2019\u00eatre aujourd\u2019hui ici \u00e0 Abidjan \u00e0 c\u00f4t\u00e9 de mon fr\u00e8re et ami Son Excellence Monsieur Alassane Ouattara, pour prendre part \u00e0 la c\u00e9r\u00e9monie d\u2019investiture du pr\u00e9sident de la Banque africaine Monsieur, M. Sidi Ould Tah.<\/em><\/p>\n<p><em>Je tiens, \u00e0 cette occasion, \u00e0 vous exprimer, Excellence et cher ami, ainsi qu\u2019au gouvernement et au peuple ivoiriens, mes sinc\u00e8res remerciements pour l\u2019accueil chaleureux et toute les marques d\u2019attention dont j\u2019ai \u00e9t\u00e9 l\u2019objet ainsi que la d\u00e9l\u00e9gation qui m\u2019accompagne.<\/em><\/p>\n<p><em>Mesdames et Messieurs,<\/em><\/p>\n<p><em>Comme vous le savez, la Banque africaine de D\u00e9veloppement joue un r\u00f4le d\u00e9terminant dans le d\u00e9veloppement \u00e9conomique et social de notre continent. Par l\u2019accompagnement technique et financier, elle a su s\u2019imposer comme institution de r\u00e9f\u00e9rence dans le financement de projets d\u2019infrastructures, d\u2019agriculture, d\u2019\u00e9nergie, de sant\u00e9 et d\u2019\u00e9ducation en Afrique.<\/em><\/p>\n<p><em>Ses investissements et ses partenariats ont permis d\u2019am\u00e9liorer les conditions de vie des milliers de personnes par le financement de projets structurants qui cr\u00e9ent de la valeur, des emplois et des opportunit\u00e9s d\u2019entreprenariat pour la jeunesse.<\/em><\/p>\n<p><em>Mesdames et Messieurs,<\/em><\/p>\n<p><em>L\u2019engagement de la BAD aupr\u00e8s des Etats membres et des organisations r\u00e9gionales confirme bien l\u2019importance de sa contribution dans nos efforts collectifs visant \u00e0 b\u00e2tir une Afrique solidaire \u00e9conomiquement int\u00e9gr\u00e9e et durablement prosp\u00e8re. A cet effet, les pays membres ont toujours rigoureusement veill\u00e9 \u00e0 ce que l\u2019exp\u00e9rience, la comp\u00e9tence et le professionnalisme soient d\u00e9terminants dans le choix de son pr\u00e9sident, et c\u2019est conform\u00e9ment \u00e0 cet esprit que la Mauritanie a soumis la candidature de M. Sidi Ould Tah, \u00e9conomiste chevronn\u00e9 disposant d\u2019une solide exp\u00e9rience comme ministre des affaires \u00e9conomiques et SEO d\u2019institutions financi\u00e8res multilat\u00e9rales de renomm\u00e9e, au poste de pr\u00e9sident directeur g\u00e9n\u00e9ral de cette prestigieuse institution. Les pays membres ont port\u00e9 majoritairement leur choix sur cette candidature. Qu\u2019ils en soient ici vivement remerci\u00e9s!<\/em><\/p>\n<p><em>Mes remerciements vont, tout particuli\u00e8rement, \u00e0 Son Excellence Monsieur Alassane Ouattara, dont le leadership, l\u2019engagement et le soutien ont \u00e9t\u00e9 particuli\u00e8rement d\u00e9terminants dans l\u2019\u00e9lection de Monsieur Sidi Ould Tah, auquel j\u2019adresse mes sinc\u00e8res f\u00e9licitations.<\/em><\/p>\n<p><em>Je tiens, \u00e9galement, \u00e0 remercier et \u00e0 f\u00e9liciter mon fr\u00e8re M. Akinwumi Adesina pour son engagement et les r\u00e9sultats appr\u00e9ciables qu\u2019il a obtenus tout au long de sa pr\u00e9sidence.<\/em><\/p>\n<p><em>Monsieur Sidi Ould Tah, qui lui succ\u00e8de aujourd\u2019hui, a la lourde responsabilit\u00e9 \u00e0 veiller \u00e0 ce que la BAD renforce son r\u00f4le central dans la promotion du d\u00e9veloppement \u00e9conomique et social pour qu\u2019elle demeure un puissant levier de r\u00e9alisation des aspirations des peuples africains \u00e0 la solidarit\u00e9, au d\u00e9veloppement durable et \u00e0 la prosp\u00e9rit\u00e9.<\/em><\/p>\n<p><em>Convaincu qu\u2019il sera \u00e0 la hauteur de cette mission et de la confiance plac\u00e9e en lui par les pays membres, je lui souhaite plein succ\u00e8s dans ses nouvelles fonctions et l\u2019assure de notre accompagnement et notre constant soutien.<\/em><\/p>\n<p><em>Je vous remercie\u2019\u2019.<\/em><\/p>\n","protected":false},"excerpt":{"rendered":"<p>Le Pr\u00e9sident de la R\u00e9publique, Monsieur Mohamed Cheikh El Ghazouani, a prononc\u00e9 un discours remarqu\u00e9 ce lundi \u00e0 Abidjan, \u00e0 l\u2019occasion de la c\u00e9r\u00e9monie d\u2019investiture du Pr\u00e9sident du Groupe de la Banque Africaine de D\u00e9veloppement (BAD). Dans son allocution, le chef de l\u2019\u00c9tat mauritanien a mis en exergue le r\u00f4le capital jou\u00e9 par l\u2019institution financi\u00e8re&#8230;..<\/p>\n","protected":false},"author":12,"featured_media":30625,"comment_status":"open","ping_status":"open","sticky":false,"template":"","format":"standard","meta":{"footnotes":""},"categories":[23,49],"tags":[],"class_list":["post-30624","post","type-post","status-publish","format-standard","has-post-thumbnail","hentry","category-actualite","category-economie"],"yoast_head":"<!-- This site is optimized with the Yoast SEO plugin v27.5 - https:\/\/yoast.com\/product\/yoast-seo-wordpress\/ -->\n<title>Le Pr\u00e9sident El Ghazouani salue le r\u00f4le pivot de la BAD pour le d\u00e9veloppement de l&#039;Afrique - Le Quotidien de Nouakchott<\/title>\n<meta name=\"robots\" content=\"index, follow, max-snippet:-1, max-image-preview:large, max-video-preview:-1\" \/>\n<link rel=\"canonical\" href=\"https:\/\/lequotidien.mr\/?p=30624&lang=fr\" \/>\n<meta property=\"og:locale\" content=\"ar_AR\" \/>\n<meta property=\"og:type\" content=\"article\" \/>\n<meta property=\"og:title\" content=\"Le Pr\u00e9sident El Ghazouani salue le r\u00f4le pivot de la BAD pour le d\u00e9veloppement de l&#039;Afrique - Le Quotidien de Nouakchott\" \/>\n<meta property=\"og:description\" content=\"Le Pr\u00e9sident de la R\u00e9publique, Monsieur Mohamed Cheikh El Ghazouani, a prononc\u00e9 un discours remarqu\u00e9 ce lundi \u00e0 Abidjan, \u00e0 l\u2019occasion de la c\u00e9r\u00e9monie d\u2019investiture du Pr\u00e9sident du Groupe de la Banque Africaine de D\u00e9veloppement (BAD). Dans son allocution, le chef de l\u2019\u00c9tat mauritanien a mis en exergue le r\u00f4le capital jou\u00e9 par l\u2019institution financi\u00e8re.....\" \/>\n<meta property=\"og:url\" content=\"https:\/\/lequotidien.mr\/?p=30624&amp;lang=fr\" \/>\n<meta property=\"og:site_name\" content=\"Le Quotidien de Nouakchott\" \/>\n<meta property=\"article:publisher\" content=\"https:\/\/web.facebook.com\/lequotidienmr\" \/>\n<meta property=\"article:published_time\" content=\"2025-09-02T17:02:41+00:00\" \/>\n<meta property=\"og:image\" content=\"https:\/\/lequotidien.mr\/wp-content\/uploads\/2025\/09\/photo-discours-Pdt-BAD.jpg\" \/>\n\t<meta property=\"og:image:width\" content=\"750\" \/>\n\t<meta property=\"og:image:height\" content=\"430\" \/>\n\t<meta property=\"og:image:type\" content=\"image\/jpeg\" \/>\n<meta name=\"author\" content=\"Med Ahmed\" \/>\n<meta name=\"twitter:card\" content=\"summary_large_image\" \/>\n<meta name=\"twitter:creator\" content=\"@lequotidienmr\" \/>\n<meta name=\"twitter:site\" content=\"@lequotidienmr\" \/>\n<meta name=\"twitter:label1\" content=\"\u0643\u064f\u062a\u0628 \u0628\u0648\u0627\u0633\u0637\u0629\" \/>\n\t<meta name=\"twitter:data1\" content=\"Med Ahmed\" \/>\n\t<meta name=\"twitter:label2\" content=\"\u0648\u0642\u062a \u0627\u0644\u0642\u0631\u0627\u0621\u0629 \u0627\u0644\u0645\u064f\u0642\u062f\u0651\u0631\" \/>\n\t<meta name=\"twitter:data2\" content=\"7 \u062f\u0642\u0627\u0626\u0642\" \/>\n<script type=\"application\/ld+json\" class=\"yoast-schema-graph\">{\"@context\":\"https:\\\/\\\/schema.org\",\"@graph\":[{\"@type\":\"Article\",\"@id\":\"https:\\\/\\\/lequotidien.mr\\\/?p=30624&lang=fr#article\",\"isPartOf\":{\"@id\":\"https:\\\/\\\/lequotidien.mr\\\/?p=30624&lang=fr\"},\"author\":{\"name\":\"Med Ahmed\",\"@id\":\"https:\\\/\\\/lequotidien.mr\\\/#\\\/schema\\\/person\\\/d2d350202a4d599685ed8abc25f97596\"},\"headline\":\"Le Pr\u00e9sident El Ghazouani salue le r\u00f4le pivot de la BAD pour le d\u00e9veloppement de l&#8217;Afrique\",\"datePublished\":\"2025-09-02T17:02:41+00:00\",\"mainEntityOfPage\":{\"@id\":\"https:\\\/\\\/lequotidien.mr\\\/?p=30624&lang=fr\"},\"wordCount\":998,\"commentCount\":0,\"publisher\":{\"@id\":\"https:\\\/\\\/lequotidien.mr\\\/#organization\"},\"image\":{\"@id\":\"https:\\\/\\\/lequotidien.mr\\\/?p=30624&lang=fr#primaryimage\"},\"thumbnailUrl\":\"https:\\\/\\\/lequotidien.mr\\\/wp-content\\\/uploads\\\/2025\\\/09\\\/photo-discours-Pdt-BAD.jpg\",\"articleSection\":[\"ACTUALIT\u00c9\",\"Economie\"],\"inLanguage\":\"ar\",\"potentialAction\":[{\"@type\":\"CommentAction\",\"name\":\"Comment\",\"target\":[\"https:\\\/\\\/lequotidien.mr\\\/?p=30624&lang=fr#respond\"]}]},{\"@type\":\"WebPage\",\"@id\":\"https:\\\/\\\/lequotidien.mr\\\/?p=30624&lang=fr\",\"url\":\"https:\\\/\\\/lequotidien.mr\\\/?p=30624&lang=fr\",\"name\":\"Le Pr\u00e9sident El Ghazouani salue le r\u00f4le pivot de la BAD pour le d\u00e9veloppement de l'Afrique - Le Quotidien de Nouakchott\",\"isPartOf\":{\"@id\":\"https:\\\/\\\/lequotidien.mr\\\/#website\"},\"primaryImageOfPage\":{\"@id\":\"https:\\\/\\\/lequotidien.mr\\\/?p=30624&lang=fr#primaryimage\"},\"image\":{\"@id\":\"https:\\\/\\\/lequotidien.mr\\\/?p=30624&lang=fr#primaryimage\"},\"thumbnailUrl\":\"https:\\\/\\\/lequotidien.mr\\\/wp-content\\\/uploads\\\/2025\\\/09\\\/photo-discours-Pdt-BAD.jpg\",\"datePublished\":\"2025-09-02T17:02:41+00:00\",\"breadcrumb\":{\"@id\":\"https:\\\/\\\/lequotidien.mr\\\/?p=30624&lang=fr#breadcrumb\"},\"inLanguage\":\"ar\",\"potentialAction\":[{\"@type\":\"ReadAction\",\"target\":[\"https:\\\/\\\/lequotidien.mr\\\/?p=30624&lang=fr\"]}]},{\"@type\":\"ImageObject\",\"inLanguage\":\"ar\",\"@id\":\"https:\\\/\\\/lequotidien.mr\\\/?p=30624&lang=fr#primaryimage\",\"url\":\"https:\\\/\\\/lequotidien.mr\\\/wp-content\\\/uploads\\\/2025\\\/09\\\/photo-discours-Pdt-BAD.jpg\",\"contentUrl\":\"https:\\\/\\\/lequotidien.mr\\\/wp-content\\\/uploads\\\/2025\\\/09\\\/photo-discours-Pdt-BAD.jpg\",\"width\":750,\"height\":430},{\"@type\":\"BreadcrumbList\",\"@id\":\"https:\\\/\\\/lequotidien.mr\\\/?p=30624&lang=fr#breadcrumb\",\"itemListElement\":[{\"@type\":\"ListItem\",\"position\":1,\"name\":\"Home\",\"item\":\"https:\\\/\\\/lequotidien.mr\\\/\"},{\"@type\":\"ListItem\",\"position\":2,\"name\":\"Le Pr\u00e9sident El Ghazouani salue le r\u00f4le pivot de la BAD pour le d\u00e9veloppement de l&rsquo;Afrique\"}]},{\"@type\":\"WebSite\",\"@id\":\"https:\\\/\\\/lequotidien.mr\\\/#website\",\"url\":\"https:\\\/\\\/lequotidien.mr\\\/\",\"name\":\"Le Quotidien de Nouakchott\",\"description\":\"\u0625\u062e\u0628\u0627\u0631\u064a\u0629 \u0645\u0633\u062a\u0642\u0644\u0629 \u0644\u0644\u0623\u0646\u0628\u0627\u0621 \u0627\u0644\u0639\u0627\u0645\u0629\",\"publisher\":{\"@id\":\"https:\\\/\\\/lequotidien.mr\\\/#organization\"},\"potentialAction\":[{\"@type\":\"SearchAction\",\"target\":{\"@type\":\"EntryPoint\",\"urlTemplate\":\"https:\\\/\\\/lequotidien.mr\\\/?s={search_term_string}\"},\"query-input\":{\"@type\":\"PropertyValueSpecification\",\"valueRequired\":true,\"valueName\":\"search_term_string\"}}],\"inLanguage\":\"ar\"},{\"@type\":\"Organization\",\"@id\":\"https:\\\/\\\/lequotidien.mr\\\/#organization\",\"name\":\"Le Quotidien de Nouakchott\",\"url\":\"https:\\\/\\\/lequotidien.mr\\\/\",\"logo\":{\"@type\":\"ImageObject\",\"inLanguage\":\"ar\",\"@id\":\"https:\\\/\\\/lequotidien.mr\\\/#\\\/schema\\\/logo\\\/image\\\/\",\"url\":\"https:\\\/\\\/lequotidien.mr\\\/wp-content\\\/uploads\\\/2022\\\/11\\\/logolequotidien.jpg\",\"contentUrl\":\"https:\\\/\\\/lequotidien.mr\\\/wp-content\\\/uploads\\\/2022\\\/11\\\/logolequotidien.jpg\",\"width\":290,\"height\":65,\"caption\":\"Le Quotidien de Nouakchott\"},\"image\":{\"@id\":\"https:\\\/\\\/lequotidien.mr\\\/#\\\/schema\\\/logo\\\/image\\\/\"},\"sameAs\":[\"https:\\\/\\\/web.facebook.com\\\/lequotidienmr\",\"https:\\\/\\\/x.com\\\/lequotidienmr\"]},{\"@type\":\"Person\",\"@id\":\"https:\\\/\\\/lequotidien.mr\\\/#\\\/schema\\\/person\\\/d2d350202a4d599685ed8abc25f97596\",\"name\":\"Med Ahmed\",\"image\":{\"@type\":\"ImageObject\",\"inLanguage\":\"ar\",\"@id\":\"https:\\\/\\\/secure.gravatar.com\\\/avatar\\\/fd2acc62ed50732923d1d39c17172c9b04149f142be92310ecc69e1358f94b52?s=96&d=mm&r=g\",\"url\":\"https:\\\/\\\/secure.gravatar.com\\\/avatar\\\/fd2acc62ed50732923d1d39c17172c9b04149f142be92310ecc69e1358f94b52?s=96&d=mm&r=g\",\"contentUrl\":\"https:\\\/\\\/secure.gravatar.com\\\/avatar\\\/fd2acc62ed50732923d1d39c17172c9b04149f142be92310ecc69e1358f94b52?s=96&d=mm&r=g\",\"caption\":\"Med Ahmed\"},\"url\":\"https:\\\/\\\/lequotidien.mr\\\/?author=12\"}]}<\/script>\n<!-- \/ Yoast SEO plugin. -->","yoast_head_json":{"title":"Le Pr\u00e9sident El Ghazouani salue le r\u00f4le pivot de la BAD pour le d\u00e9veloppement de l'Afrique - Le Quotidien de Nouakchott","robots":{"index":"index","follow":"follow","max-snippet":"max-snippet:-1","max-image-preview":"max-image-preview:large","max-video-preview":"max-video-preview:-1"},"canonical":"https:\/\/lequotidien.mr\/?p=30624&lang=fr","og_locale":"ar_AR","og_type":"article","og_title":"Le Pr\u00e9sident El Ghazouani salue le r\u00f4le pivot de la BAD pour le d\u00e9veloppement de l'Afrique - Le Quotidien de Nouakchott","og_description":"Le Pr\u00e9sident de la R\u00e9publique, Monsieur Mohamed Cheikh El Ghazouani, a prononc\u00e9 un discours remarqu\u00e9 ce lundi \u00e0 Abidjan, \u00e0 l\u2019occasion de la c\u00e9r\u00e9monie d\u2019investiture du Pr\u00e9sident du Groupe de la Banque Africaine de D\u00e9veloppement (BAD). Dans son allocution, le chef de l\u2019\u00c9tat mauritanien a mis en exergue le r\u00f4le capital jou\u00e9 par l\u2019institution financi\u00e8re.....","og_url":"https:\/\/lequotidien.mr\/?p=30624&lang=fr","og_site_name":"Le Quotidien de Nouakchott","article_publisher":"https:\/\/web.facebook.com\/lequotidienmr","article_published_time":"2025-09-02T17:02:41+00:00","og_image":[{"width":750,"height":430,"url":"https:\/\/lequotidien.mr\/wp-content\/uploads\/2025\/09\/photo-discours-Pdt-BAD.jpg","type":"image\/jpeg"}],"author":"Med Ahmed","twitter_card":"summary_large_image","twitter_creator":"@lequotidienmr","twitter_site":"@lequotidienmr","twitter_misc":{"\u0643\u064f\u062a\u0628 \u0628\u0648\u0627\u0633\u0637\u0629":"Med Ahmed","\u0648\u0642\u062a \u0627\u0644\u0642\u0631\u0627\u0621\u0629 \u0627\u0644\u0645\u064f\u0642\u062f\u0651\u0631":"7 \u062f\u0642\u0627\u0626\u0642"},"schema":{"@context":"https:\/\/schema.org","@graph":[{"@type":"Article","@id":"https:\/\/lequotidien.mr\/?p=30624&lang=fr#article","isPartOf":{"@id":"https:\/\/lequotidien.mr\/?p=30624&lang=fr"},"author":{"name":"Med Ahmed","@id":"https:\/\/lequotidien.mr\/#\/schema\/person\/d2d350202a4d599685ed8abc25f97596"},"headline":"Le Pr\u00e9sident El Ghazouani salue le r\u00f4le pivot de la BAD pour le d\u00e9veloppement de l&#8217;Afrique","datePublished":"2025-09-02T17:02:41+00:00","mainEntityOfPage":{"@id":"https:\/\/lequotidien.mr\/?p=30624&lang=fr"},"wordCount":998,"commentCount":0,"publisher":{"@id":"https:\/\/lequotidien.mr\/#organization"},"image":{"@id":"https:\/\/lequotidien.mr\/?p=30624&lang=fr#primaryimage"},"thumbnailUrl":"https:\/\/lequotidien.mr\/wp-content\/uploads\/2025\/09\/photo-discours-Pdt-BAD.jpg","articleSection":["ACTUALIT\u00c9","Economie"],"inLanguage":"ar","potentialAction":[{"@type":"CommentAction","name":"Comment","target":["https:\/\/lequotidien.mr\/?p=30624&lang=fr#respond"]}]},{"@type":"WebPage","@id":"https:\/\/lequotidien.mr\/?p=30624&lang=fr","url":"https:\/\/lequotidien.mr\/?p=30624&lang=fr","name":"Le Pr\u00e9sident El Ghazouani salue le r\u00f4le pivot de la BAD pour le d\u00e9veloppement de l'Afrique - Le Quotidien de Nouakchott","isPartOf":{"@id":"https:\/\/lequotidien.mr\/#website"},"primaryImageOfPage":{"@id":"https:\/\/lequotidien.mr\/?p=30624&lang=fr#primaryimage"},"image":{"@id":"https:\/\/lequotidien.mr\/?p=30624&lang=fr#primaryimage"},"thumbnailUrl":"https:\/\/lequotidien.mr\/wp-content\/uploads\/2025\/09\/photo-discours-Pdt-BAD.jpg","datePublished":"2025-09-02T17:02:41+00:00","breadcrumb":{"@id":"https:\/\/lequotidien.mr\/?p=30624&lang=fr#breadcrumb"},"inLanguage":"ar","potentialAction":[{"@type":"ReadAction","target":["https:\/\/lequotidien.mr\/?p=30624&lang=fr"]}]},{"@type":"ImageObject","inLanguage":"ar","@id":"https:\/\/lequotidien.mr\/?p=30624&lang=fr#primaryimage","url":"https:\/\/lequotidien.mr\/wp-content\/uploads\/2025\/09\/photo-discours-Pdt-BAD.jpg","contentUrl":"https:\/\/lequotidien.mr\/wp-content\/uploads\/2025\/09\/photo-discours-Pdt-BAD.jpg","width":750,"height":430},{"@type":"BreadcrumbList","@id":"https:\/\/lequotidien.mr\/?p=30624&lang=fr#breadcrumb","itemListElement":[{"@type":"ListItem","position":1,"name":"Home","item":"https:\/\/lequotidien.mr\/"},{"@type":"ListItem","position":2,"name":"Le Pr\u00e9sident El Ghazouani salue le r\u00f4le pivot de la BAD pour le d\u00e9veloppement de l&rsquo;Afrique"}]},{"@type":"WebSite","@id":"https:\/\/lequotidien.mr\/#website","url":"https:\/\/lequotidien.mr\/","name":"Le Quotidien de Nouakchott","description":"\u0625\u062e\u0628\u0627\u0631\u064a\u0629 \u0645\u0633\u062a\u0642\u0644\u0629 \u0644\u0644\u0623\u0646\u0628\u0627\u0621 \u0627\u0644\u0639\u0627\u0645\u0629","publisher":{"@id":"https:\/\/lequotidien.mr\/#organization"},"potentialAction":[{"@type":"SearchAction","target":{"@type":"EntryPoint","urlTemplate":"https:\/\/lequotidien.mr\/?s={search_term_string}"},"query-input":{"@type":"PropertyValueSpecification","valueRequired":true,"valueName":"search_term_string"}}],"inLanguage":"ar"},{"@type":"Organization","@id":"https:\/\/lequotidien.mr\/#organization","name":"Le Quotidien de Nouakchott","url":"https:\/\/lequotidien.mr\/","logo":{"@type":"ImageObject","inLanguage":"ar","@id":"https:\/\/lequotidien.mr\/#\/schema\/logo\/image\/","url":"https:\/\/lequotidien.mr\/wp-content\/uploads\/2022\/11\/logolequotidien.jpg","contentUrl":"https:\/\/lequotidien.mr\/wp-content\/uploads\/2022\/11\/logolequotidien.jpg","width":290,"height":65,"caption":"Le Quotidien de Nouakchott"},"image":{"@id":"https:\/\/lequotidien.mr\/#\/schema\/logo\/image\/"},"sameAs":["https:\/\/web.facebook.com\/lequotidienmr","https:\/\/x.com\/lequotidienmr"]},{"@type":"Person","@id":"https:\/\/lequotidien.mr\/#\/schema\/person\/d2d350202a4d599685ed8abc25f97596","name":"Med Ahmed","image":{"@type":"ImageObject","inLanguage":"ar","@id":"https:\/\/secure.gravatar.com\/avatar\/fd2acc62ed50732923d1d39c17172c9b04149f142be92310ecc69e1358f94b52?s=96&d=mm&r=g","url":"https:\/\/secure.gravatar.com\/avatar\/fd2acc62ed50732923d1d39c17172c9b04149f142be92310ecc69e1358f94b52?s=96&d=mm&r=g","contentUrl":"https:\/\/secure.gravatar.com\/avatar\/fd2acc62ed50732923d1d39c17172c9b04149f142be92310ecc69e1358f94b52?s=96&d=mm&r=g","caption":"Med Ahmed"},"url":"https:\/\/lequotidien.mr\/?author=12"}]}},"_links":{"self":[{"href":"https:\/\/lequotidien.mr\/index.php?rest_route=\/wp\/v2\/posts\/30624","targetHints":{"allow":["GET"]}}],"collection":[{"href":"https:\/\/lequotidien.mr\/index.php?rest_route=\/wp\/v2\/posts"}],"about":[{"href":"https:\/\/lequotidien.mr\/index.php?rest_route=\/wp\/v2\/types\/post"}],"author":[{"embeddable":true,"href":"https:\/\/lequotidien.mr\/index.php?rest_route=\/wp\/v2\/users\/12"}],"replies":[{"embeddable":true,"href":"https:\/\/lequotidien.mr\/index.php?rest_route=%2Fwp%2Fv2%2Fcomments&post=30624"}],"version-history":[{"count":1,"href":"https:\/\/lequotidien.mr\/index.php?rest_route=\/wp\/v2\/posts\/30624\/revisions"}],"predecessor-version":[{"id":30626,"href":"https:\/\/lequotidien.mr\/index.php?rest_route=\/wp\/v2\/posts\/30624\/revisions\/30626"}],"wp:featuredmedia":[{"embeddable":true,"href":"https:\/\/lequotidien.mr\/index.php?rest_route=\/wp\/v2\/media\/30625"}],"wp:attachment":[{"href":"https:\/\/lequotidien.mr\/index.php?rest_route=%2Fwp%2Fv2%2Fmedia&parent=30624"}],"wp:term":[{"taxonomy":"category","embeddable":true,"href":"https:\/\/lequotidien.mr\/index.php?rest_route=%2Fwp%2Fv2%2Fcategories&post=30624"},{"taxonomy":"post_tag","embeddable":true,"href":"https:\/\/lequotidien.mr\/index.php?rest_route=%2Fwp%2Fv2%2Ftags&post=30624"}],"curies":[{"name":"wp","href":"https:\/\/api.w.org\/{rel}","templated":true}]}}