{"id":30618,"date":"2025-09-02T12:17:34","date_gmt":"2025-09-02T12:17:34","guid":{"rendered":"https:\/\/lequotidien.mr\/?p=30618"},"modified":"2025-09-02T12:17:34","modified_gmt":"2025-09-02T12:17:34","slug":"formation-professionnelle-le-ministere-de-tutelle-organise-un-forum-pour-la-reforme-du-centre-superieur-denseignement-technique","status":"publish","type":"post","link":"https:\/\/lequotidien.mr\/?p=30618&lang=fr","title":{"rendered":"Formation professionnelle : Le minist\u00e8re de tutelle organise un forum pour la r\u00e9forme du Centre Sup\u00e9rieur d\u2019Enseignement Technique"},"content":{"rendered":"<p>Le minist\u00e8re de la Formation professionnelle, de l\u2019Artisanat et des M\u00e9tiers a organis\u00e9, lundi dernier, \u00e0 Nouakchott, un forum d&#8217;une journ\u00e9e d\u00e9di\u00e9 \u00e0 la r\u00e9forme du Centre sup\u00e9rieur d\u2019Enseignement technique (CSET). Cet \u00e9v\u00e9nement crucial vise \u00e0 faire du CSET une institution de r\u00e9f\u00e9rence et \u00e0 acc\u00e9l\u00e9rer la mise en place d&#8217;un syst\u00e8me national de gestion de la qualit\u00e9 de la formation.<\/p>\n<p><strong>Une ambition pour l&#8217;excellence technique et professionnelle<\/strong><\/p>\n<p>Lors de la c\u00e9r\u00e9monie d&#8217;ouverture, le ministre en charge du d\u00e9partement, M. Mohamed Malainine Eyih, a situ\u00e9 cette initiative dans le cadre de la concr\u00e9tisation du programme du Pr\u00e9sident de la R\u00e9publique, Monsieur Mohamed Cheikh El Ghazouani<em>. \u00ab L\u2019organisation de cette journ\u00e9e de r\u00e9flexion sur la r\u00e9forme de la structure du Centre s\u2019inscrit dans le cadre de la mise en \u0153uvre du programme du Pr\u00e9sident de la R\u00e9publique visant \u00e0 promouvoir la formation technique et professionnelle \u00bb<\/em>, a-t-il d\u00e9clar\u00e9.<\/p>\n<p>Le ministre a rappel\u00e9 que la vision gouvernementale repose sur plusieurs piliers, notamment l&#8217;\u00e9largissement de la capacit\u00e9 d\u2019accueil du syst\u00e8me de formation pour cr\u00e9er plus d&#8217;opportunit\u00e9s pour les jeunes. L&#8217;objectif final est de doter le march\u00e9 du travail de comp\u00e9tences professionnelles robustes, \u00e0 travers des formations adapt\u00e9es, y compris en entrepreneuriat.<\/p>\n<p><strong>Un projet structurant pour un syst\u00e8me de qualit\u00e9 national<\/strong><\/p>\n<p>Parmi les axes majeurs de cette transformation, M. Eyih a d\u00e9taill\u00e9 le lancement d&#8217;un projet ambitieux visant \u00e0 \u00e9tablir un syst\u00e8me de qualit\u00e9 national. Ce projet repose sur <em>\u00ab l\u2019\u00e9laboration d\u2019un manuel de qualit\u00e9 conforme aux syst\u00e8mes internationaux, et l\u2019\u00e9valuation du niveau des institutions d\u2019enseignement, ainsi que leur int\u00e9gration \u00bb<\/em> dans une d\u00e9marche d&#8217;am\u00e9lioration continue. Il s&#8217;agit de standardiser et d&#8217;\u00e9lever le niveau de l&#8217;offre de formation sur l&#8217;ensemble du territoire.<\/p>\n<p><strong>Le CSET, pilote et mod\u00e8le de la qualit\u00e9<\/strong><\/p>\n<p>Le directeur g\u00e9n\u00e9ral du Centre sup\u00e9rieur d\u2019Enseignement technique, M. Sid\u2019Ahmed Ould Eyouh, a pour sa part insist\u00e9 sur le r\u00f4le central de son institution dans cette r\u00e9forme. Il a salu\u00e9 la \u00ab ferme volont\u00e9 des hautes autorit\u00e9s de faire de la formation professionnelle un levier essentiel du d\u00e9veloppement \u00e9conomique et social \u00bb.<\/p>\n<p>Selon lui, le CSET est \u00e0 l&#8217;avant-garde de cette mutation. Son r\u00f4le est d&#8217;harmoniser les pratiques p\u00e9dagogiques et organisationnelles avec les exigences du nouveau syst\u00e8me de qualit\u00e9. Cette mission passe concr\u00e8tement par la qualification et l\u2019accr\u00e9ditation des enseignants, dont 110 nouveaux formateurs sont actuellement en cours de formation initiale. L&#8217;ambition affich\u00e9e est que le CSET obtienne une certification de qualit\u00e9 et devienne <em>\u00ab une institution mod\u00e8le \u00e0 suivre par les autres institutions de formation \u00bb.<\/em><\/p>\n<p><strong>\u00c9valuer les progr\u00e8s et consolider les acquis<\/strong><\/p>\n<p>Les travaux de ce forum d&#8217;une journ\u00e9e ont \u00e9t\u00e9 consacr\u00e9s \u00e0 l&#8217;\u00e9valuation de l&#8217;\u00e9tat d&#8217;avancement de cette r\u00e9forme globale. Les participants ont examin\u00e9 les progr\u00e8s de la formation des nouveaux enseignants et ont suivi de pr\u00e8s la mise en \u0153uvre effective du cadre de r\u00e9f\u00e9rence national de la qualit\u00e9. Cette \u00e9valuation est essentielle pour ajuster la feuille de route et garantir que le CSET devienne, \u00e0 terme, un v\u00e9ritable centre d&#8217;excellence.<\/p>\n<p>La c\u00e9r\u00e9monie d&#8217;ouverture s\u2019est d\u00e9roul\u00e9e en pr\u00e9sence du secr\u00e9taire g\u00e9n\u00e9ral du minist\u00e8re, M. Emmadi Taleb, aux c\u00f4t\u00e9s de plusieurs cadres du d\u00e9partement et de partenaires internationaux, soulignant l&#8217;importance et la dimension strat\u00e9gique de cet \u00e9v\u00e9nement pour l&#8217;avenir de la formation professionnelle en Mauritanie.<\/p>\n","protected":false},"excerpt":{"rendered":"<p>Le minist\u00e8re de la Formation professionnelle, de l\u2019Artisanat et des M\u00e9tiers a organis\u00e9, lundi dernier, \u00e0 Nouakchott, un forum d&#8217;une journ\u00e9e d\u00e9di\u00e9 \u00e0 la r\u00e9forme du Centre sup\u00e9rieur d\u2019Enseignement technique (CSET). Cet \u00e9v\u00e9nement crucial vise \u00e0 faire du CSET une institution de r\u00e9f\u00e9rence et \u00e0 acc\u00e9l\u00e9rer la mise en place d&#8217;un syst\u00e8me national de gestion&#8230;..<\/p>\n","protected":false},"author":12,"featured_media":30619,"comment_status":"open","ping_status":"open","sticky":false,"template":"","format":"standard","meta":{"footnotes":""},"categories":[23,49],"tags":[],"class_list":["post-30618","post","type-post","status-publish","format-standard","has-post-thumbnail","hentry","category-actualite","category-economie"],"yoast_head":"<!-- This site is optimized with the Yoast SEO plugin v27.5 - https:\/\/yoast.com\/product\/yoast-seo-wordpress\/ -->\n<title>Formation professionnelle : Le minist\u00e8re de tutelle organise un forum pour la r\u00e9forme du Centre Sup\u00e9rieur d\u2019Enseignement Technique - Le Quotidien de Nouakchott<\/title>\n<meta name=\"robots\" content=\"index, follow, max-snippet:-1, max-image-preview:large, max-video-preview:-1\" \/>\n<link rel=\"canonical\" href=\"https:\/\/lequotidien.mr\/?p=30618&lang=fr\" \/>\n<meta property=\"og:locale\" content=\"ar_AR\" \/>\n<meta property=\"og:type\" content=\"article\" \/>\n<meta property=\"og:title\" content=\"Formation professionnelle : Le minist\u00e8re de tutelle organise un forum pour la r\u00e9forme du Centre Sup\u00e9rieur d\u2019Enseignement Technique - Le Quotidien de Nouakchott\" \/>\n<meta property=\"og:description\" content=\"Le minist\u00e8re de la Formation professionnelle, de l\u2019Artisanat et des M\u00e9tiers a organis\u00e9, lundi dernier, \u00e0 Nouakchott, un forum d&#8217;une journ\u00e9e d\u00e9di\u00e9 \u00e0 la r\u00e9forme du Centre sup\u00e9rieur d\u2019Enseignement technique (CSET). Cet \u00e9v\u00e9nement crucial vise \u00e0 faire du CSET une institution de r\u00e9f\u00e9rence et \u00e0 acc\u00e9l\u00e9rer la mise en place d&#8217;un syst\u00e8me national de gestion.....\" \/>\n<meta property=\"og:url\" content=\"https:\/\/lequotidien.mr\/?p=30618&amp;lang=fr\" \/>\n<meta property=\"og:site_name\" content=\"Le Quotidien de Nouakchott\" \/>\n<meta property=\"article:publisher\" content=\"https:\/\/web.facebook.com\/lequotidienmr\" \/>\n<meta property=\"article:published_time\" content=\"2025-09-02T12:17:34+00:00\" \/>\n<meta property=\"og:image\" content=\"https:\/\/lequotidien.mr\/wp-content\/uploads\/2025\/09\/photo-reforme-CSET.gif\" \/>\n\t<meta property=\"og:image:width\" content=\"640\" \/>\n\t<meta property=\"og:image:height\" content=\"426\" \/>\n\t<meta property=\"og:image:type\" content=\"image\/gif\" \/>\n<meta name=\"author\" content=\"Med Ahmed\" \/>\n<meta name=\"twitter:card\" content=\"summary_large_image\" \/>\n<meta name=\"twitter:creator\" content=\"@lequotidienmr\" \/>\n<meta name=\"twitter:site\" content=\"@lequotidienmr\" \/>\n<meta name=\"twitter:label1\" content=\"\u0643\u064f\u062a\u0628 \u0628\u0648\u0627\u0633\u0637\u0629\" \/>\n\t<meta name=\"twitter:data1\" content=\"Med Ahmed\" \/>\n\t<meta name=\"twitter:label2\" content=\"\u0648\u0642\u062a \u0627\u0644\u0642\u0631\u0627\u0621\u0629 \u0627\u0644\u0645\u064f\u0642\u062f\u0651\u0631\" \/>\n\t<meta name=\"twitter:data2\" content=\"5 \u062f\u0642\u0627\u0626\u0642\" \/>\n<script type=\"application\/ld+json\" class=\"yoast-schema-graph\">{\"@context\":\"https:\\\/\\\/schema.org\",\"@graph\":[{\"@type\":\"Article\",\"@id\":\"https:\\\/\\\/lequotidien.mr\\\/?p=30618&lang=fr#article\",\"isPartOf\":{\"@id\":\"https:\\\/\\\/lequotidien.mr\\\/?p=30618&lang=fr\"},\"author\":{\"name\":\"Med Ahmed\",\"@id\":\"https:\\\/\\\/lequotidien.mr\\\/#\\\/schema\\\/person\\\/d2d350202a4d599685ed8abc25f97596\"},\"headline\":\"Formation professionnelle : Le minist\u00e8re de tutelle organise un forum pour la r\u00e9forme du Centre Sup\u00e9rieur d\u2019Enseignement Technique\",\"datePublished\":\"2025-09-02T12:17:34+00:00\",\"mainEntityOfPage\":{\"@id\":\"https:\\\/\\\/lequotidien.mr\\\/?p=30618&lang=fr\"},\"wordCount\":646,\"commentCount\":0,\"publisher\":{\"@id\":\"https:\\\/\\\/lequotidien.mr\\\/#organization\"},\"image\":{\"@id\":\"https:\\\/\\\/lequotidien.mr\\\/?p=30618&lang=fr#primaryimage\"},\"thumbnailUrl\":\"https:\\\/\\\/lequotidien.mr\\\/wp-content\\\/uploads\\\/2025\\\/09\\\/photo-reforme-CSET.gif\",\"articleSection\":[\"ACTUALIT\u00c9\",\"Economie\"],\"inLanguage\":\"ar\",\"potentialAction\":[{\"@type\":\"CommentAction\",\"name\":\"Comment\",\"target\":[\"https:\\\/\\\/lequotidien.mr\\\/?p=30618&lang=fr#respond\"]}]},{\"@type\":\"WebPage\",\"@id\":\"https:\\\/\\\/lequotidien.mr\\\/?p=30618&lang=fr\",\"url\":\"https:\\\/\\\/lequotidien.mr\\\/?p=30618&lang=fr\",\"name\":\"Formation professionnelle : Le minist\u00e8re de tutelle organise un forum pour la r\u00e9forme du Centre Sup\u00e9rieur d\u2019Enseignement Technique - Le Quotidien de Nouakchott\",\"isPartOf\":{\"@id\":\"https:\\\/\\\/lequotidien.mr\\\/#website\"},\"primaryImageOfPage\":{\"@id\":\"https:\\\/\\\/lequotidien.mr\\\/?p=30618&lang=fr#primaryimage\"},\"image\":{\"@id\":\"https:\\\/\\\/lequotidien.mr\\\/?p=30618&lang=fr#primaryimage\"},\"thumbnailUrl\":\"https:\\\/\\\/lequotidien.mr\\\/wp-content\\\/uploads\\\/2025\\\/09\\\/photo-reforme-CSET.gif\",\"datePublished\":\"2025-09-02T12:17:34+00:00\",\"breadcrumb\":{\"@id\":\"https:\\\/\\\/lequotidien.mr\\\/?p=30618&lang=fr#breadcrumb\"},\"inLanguage\":\"ar\",\"potentialAction\":[{\"@type\":\"ReadAction\",\"target\":[\"https:\\\/\\\/lequotidien.mr\\\/?p=30618&lang=fr\"]}]},{\"@type\":\"ImageObject\",\"inLanguage\":\"ar\",\"@id\":\"https:\\\/\\\/lequotidien.mr\\\/?p=30618&lang=fr#primaryimage\",\"url\":\"https:\\\/\\\/lequotidien.mr\\\/wp-content\\\/uploads\\\/2025\\\/09\\\/photo-reforme-CSET.gif\",\"contentUrl\":\"https:\\\/\\\/lequotidien.mr\\\/wp-content\\\/uploads\\\/2025\\\/09\\\/photo-reforme-CSET.gif\",\"width\":640,\"height\":426},{\"@type\":\"BreadcrumbList\",\"@id\":\"https:\\\/\\\/lequotidien.mr\\\/?p=30618&lang=fr#breadcrumb\",\"itemListElement\":[{\"@type\":\"ListItem\",\"position\":1,\"name\":\"Home\",\"item\":\"https:\\\/\\\/lequotidien.mr\\\/\"},{\"@type\":\"ListItem\",\"position\":2,\"name\":\"Formation professionnelle : Le minist\u00e8re de tutelle organise un forum pour la r\u00e9forme du Centre Sup\u00e9rieur d\u2019Enseignement Technique\"}]},{\"@type\":\"WebSite\",\"@id\":\"https:\\\/\\\/lequotidien.mr\\\/#website\",\"url\":\"https:\\\/\\\/lequotidien.mr\\\/\",\"name\":\"Le Quotidien de Nouakchott\",\"description\":\"\u0625\u062e\u0628\u0627\u0631\u064a\u0629 \u0645\u0633\u062a\u0642\u0644\u0629 \u0644\u0644\u0623\u0646\u0628\u0627\u0621 \u0627\u0644\u0639\u0627\u0645\u0629\",\"publisher\":{\"@id\":\"https:\\\/\\\/lequotidien.mr\\\/#organization\"},\"potentialAction\":[{\"@type\":\"SearchAction\",\"target\":{\"@type\":\"EntryPoint\",\"urlTemplate\":\"https:\\\/\\\/lequotidien.mr\\\/?s={search_term_string}\"},\"query-input\":{\"@type\":\"PropertyValueSpecification\",\"valueRequired\":true,\"valueName\":\"search_term_string\"}}],\"inLanguage\":\"ar\"},{\"@type\":\"Organization\",\"@id\":\"https:\\\/\\\/lequotidien.mr\\\/#organization\",\"name\":\"Le Quotidien de Nouakchott\",\"url\":\"https:\\\/\\\/lequotidien.mr\\\/\",\"logo\":{\"@type\":\"ImageObject\",\"inLanguage\":\"ar\",\"@id\":\"https:\\\/\\\/lequotidien.mr\\\/#\\\/schema\\\/logo\\\/image\\\/\",\"url\":\"https:\\\/\\\/lequotidien.mr\\\/wp-content\\\/uploads\\\/2022\\\/11\\\/logolequotidien.jpg\",\"contentUrl\":\"https:\\\/\\\/lequotidien.mr\\\/wp-content\\\/uploads\\\/2022\\\/11\\\/logolequotidien.jpg\",\"width\":290,\"height\":65,\"caption\":\"Le Quotidien de Nouakchott\"},\"image\":{\"@id\":\"https:\\\/\\\/lequotidien.mr\\\/#\\\/schema\\\/logo\\\/image\\\/\"},\"sameAs\":[\"https:\\\/\\\/web.facebook.com\\\/lequotidienmr\",\"https:\\\/\\\/x.com\\\/lequotidienmr\"]},{\"@type\":\"Person\",\"@id\":\"https:\\\/\\\/lequotidien.mr\\\/#\\\/schema\\\/person\\\/d2d350202a4d599685ed8abc25f97596\",\"name\":\"Med Ahmed\",\"image\":{\"@type\":\"ImageObject\",\"inLanguage\":\"ar\",\"@id\":\"https:\\\/\\\/secure.gravatar.com\\\/avatar\\\/fd2acc62ed50732923d1d39c17172c9b04149f142be92310ecc69e1358f94b52?s=96&d=mm&r=g\",\"url\":\"https:\\\/\\\/secure.gravatar.com\\\/avatar\\\/fd2acc62ed50732923d1d39c17172c9b04149f142be92310ecc69e1358f94b52?s=96&d=mm&r=g\",\"contentUrl\":\"https:\\\/\\\/secure.gravatar.com\\\/avatar\\\/fd2acc62ed50732923d1d39c17172c9b04149f142be92310ecc69e1358f94b52?s=96&d=mm&r=g\",\"caption\":\"Med Ahmed\"},\"url\":\"https:\\\/\\\/lequotidien.mr\\\/?author=12\"}]}<\/script>\n<!-- \/ Yoast SEO plugin. -->","yoast_head_json":{"title":"Formation professionnelle : Le minist\u00e8re de tutelle organise un forum pour la r\u00e9forme du Centre Sup\u00e9rieur d\u2019Enseignement Technique - Le Quotidien de Nouakchott","robots":{"index":"index","follow":"follow","max-snippet":"max-snippet:-1","max-image-preview":"max-image-preview:large","max-video-preview":"max-video-preview:-1"},"canonical":"https:\/\/lequotidien.mr\/?p=30618&lang=fr","og_locale":"ar_AR","og_type":"article","og_title":"Formation professionnelle : Le minist\u00e8re de tutelle organise un forum pour la r\u00e9forme du Centre Sup\u00e9rieur d\u2019Enseignement Technique - Le Quotidien de Nouakchott","og_description":"Le minist\u00e8re de la Formation professionnelle, de l\u2019Artisanat et des M\u00e9tiers a organis\u00e9, lundi dernier, \u00e0 Nouakchott, un forum d&#8217;une journ\u00e9e d\u00e9di\u00e9 \u00e0 la r\u00e9forme du Centre sup\u00e9rieur d\u2019Enseignement technique (CSET). Cet \u00e9v\u00e9nement crucial vise \u00e0 faire du CSET une institution de r\u00e9f\u00e9rence et \u00e0 acc\u00e9l\u00e9rer la mise en place d&#8217;un syst\u00e8me national de gestion.....","og_url":"https:\/\/lequotidien.mr\/?p=30618&lang=fr","og_site_name":"Le Quotidien de Nouakchott","article_publisher":"https:\/\/web.facebook.com\/lequotidienmr","article_published_time":"2025-09-02T12:17:34+00:00","og_image":[{"width":640,"height":426,"url":"https:\/\/lequotidien.mr\/wp-content\/uploads\/2025\/09\/photo-reforme-CSET.gif","type":"image\/gif"}],"author":"Med Ahmed","twitter_card":"summary_large_image","twitter_creator":"@lequotidienmr","twitter_site":"@lequotidienmr","twitter_misc":{"\u0643\u064f\u062a\u0628 \u0628\u0648\u0627\u0633\u0637\u0629":"Med Ahmed","\u0648\u0642\u062a \u0627\u0644\u0642\u0631\u0627\u0621\u0629 \u0627\u0644\u0645\u064f\u0642\u062f\u0651\u0631":"5 \u062f\u0642\u0627\u0626\u0642"},"schema":{"@context":"https:\/\/schema.org","@graph":[{"@type":"Article","@id":"https:\/\/lequotidien.mr\/?p=30618&lang=fr#article","isPartOf":{"@id":"https:\/\/lequotidien.mr\/?p=30618&lang=fr"},"author":{"name":"Med Ahmed","@id":"https:\/\/lequotidien.mr\/#\/schema\/person\/d2d350202a4d599685ed8abc25f97596"},"headline":"Formation professionnelle : Le minist\u00e8re de tutelle organise un forum pour la r\u00e9forme du Centre Sup\u00e9rieur d\u2019Enseignement Technique","datePublished":"2025-09-02T12:17:34+00:00","mainEntityOfPage":{"@id":"https:\/\/lequotidien.mr\/?p=30618&lang=fr"},"wordCount":646,"commentCount":0,"publisher":{"@id":"https:\/\/lequotidien.mr\/#organization"},"image":{"@id":"https:\/\/lequotidien.mr\/?p=30618&lang=fr#primaryimage"},"thumbnailUrl":"https:\/\/lequotidien.mr\/wp-content\/uploads\/2025\/09\/photo-reforme-CSET.gif","articleSection":["ACTUALIT\u00c9","Economie"],"inLanguage":"ar","potentialAction":[{"@type":"CommentAction","name":"Comment","target":["https:\/\/lequotidien.mr\/?p=30618&lang=fr#respond"]}]},{"@type":"WebPage","@id":"https:\/\/lequotidien.mr\/?p=30618&lang=fr","url":"https:\/\/lequotidien.mr\/?p=30618&lang=fr","name":"Formation professionnelle : Le minist\u00e8re de tutelle organise un forum pour la r\u00e9forme du Centre Sup\u00e9rieur d\u2019Enseignement Technique - Le Quotidien de Nouakchott","isPartOf":{"@id":"https:\/\/lequotidien.mr\/#website"},"primaryImageOfPage":{"@id":"https:\/\/lequotidien.mr\/?p=30618&lang=fr#primaryimage"},"image":{"@id":"https:\/\/lequotidien.mr\/?p=30618&lang=fr#primaryimage"},"thumbnailUrl":"https:\/\/lequotidien.mr\/wp-content\/uploads\/2025\/09\/photo-reforme-CSET.gif","datePublished":"2025-09-02T12:17:34+00:00","breadcrumb":{"@id":"https:\/\/lequotidien.mr\/?p=30618&lang=fr#breadcrumb"},"inLanguage":"ar","potentialAction":[{"@type":"ReadAction","target":["https:\/\/lequotidien.mr\/?p=30618&lang=fr"]}]},{"@type":"ImageObject","inLanguage":"ar","@id":"https:\/\/lequotidien.mr\/?p=30618&lang=fr#primaryimage","url":"https:\/\/lequotidien.mr\/wp-content\/uploads\/2025\/09\/photo-reforme-CSET.gif","contentUrl":"https:\/\/lequotidien.mr\/wp-content\/uploads\/2025\/09\/photo-reforme-CSET.gif","width":640,"height":426},{"@type":"BreadcrumbList","@id":"https:\/\/lequotidien.mr\/?p=30618&lang=fr#breadcrumb","itemListElement":[{"@type":"ListItem","position":1,"name":"Home","item":"https:\/\/lequotidien.mr\/"},{"@type":"ListItem","position":2,"name":"Formation professionnelle : Le minist\u00e8re de tutelle organise un forum pour la r\u00e9forme du Centre Sup\u00e9rieur d\u2019Enseignement Technique"}]},{"@type":"WebSite","@id":"https:\/\/lequotidien.mr\/#website","url":"https:\/\/lequotidien.mr\/","name":"Le Quotidien de Nouakchott","description":"\u0625\u062e\u0628\u0627\u0631\u064a\u0629 \u0645\u0633\u062a\u0642\u0644\u0629 \u0644\u0644\u0623\u0646\u0628\u0627\u0621 \u0627\u0644\u0639\u0627\u0645\u0629","publisher":{"@id":"https:\/\/lequotidien.mr\/#organization"},"potentialAction":[{"@type":"SearchAction","target":{"@type":"EntryPoint","urlTemplate":"https:\/\/lequotidien.mr\/?s={search_term_string}"},"query-input":{"@type":"PropertyValueSpecification","valueRequired":true,"valueName":"search_term_string"}}],"inLanguage":"ar"},{"@type":"Organization","@id":"https:\/\/lequotidien.mr\/#organization","name":"Le Quotidien de Nouakchott","url":"https:\/\/lequotidien.mr\/","logo":{"@type":"ImageObject","inLanguage":"ar","@id":"https:\/\/lequotidien.mr\/#\/schema\/logo\/image\/","url":"https:\/\/lequotidien.mr\/wp-content\/uploads\/2022\/11\/logolequotidien.jpg","contentUrl":"https:\/\/lequotidien.mr\/wp-content\/uploads\/2022\/11\/logolequotidien.jpg","width":290,"height":65,"caption":"Le Quotidien de Nouakchott"},"image":{"@id":"https:\/\/lequotidien.mr\/#\/schema\/logo\/image\/"},"sameAs":["https:\/\/web.facebook.com\/lequotidienmr","https:\/\/x.com\/lequotidienmr"]},{"@type":"Person","@id":"https:\/\/lequotidien.mr\/#\/schema\/person\/d2d350202a4d599685ed8abc25f97596","name":"Med Ahmed","image":{"@type":"ImageObject","inLanguage":"ar","@id":"https:\/\/secure.gravatar.com\/avatar\/fd2acc62ed50732923d1d39c17172c9b04149f142be92310ecc69e1358f94b52?s=96&d=mm&r=g","url":"https:\/\/secure.gravatar.com\/avatar\/fd2acc62ed50732923d1d39c17172c9b04149f142be92310ecc69e1358f94b52?s=96&d=mm&r=g","contentUrl":"https:\/\/secure.gravatar.com\/avatar\/fd2acc62ed50732923d1d39c17172c9b04149f142be92310ecc69e1358f94b52?s=96&d=mm&r=g","caption":"Med Ahmed"},"url":"https:\/\/lequotidien.mr\/?author=12"}]}},"_links":{"self":[{"href":"https:\/\/lequotidien.mr\/index.php?rest_route=\/wp\/v2\/posts\/30618","targetHints":{"allow":["GET"]}}],"collection":[{"href":"https:\/\/lequotidien.mr\/index.php?rest_route=\/wp\/v2\/posts"}],"about":[{"href":"https:\/\/lequotidien.mr\/index.php?rest_route=\/wp\/v2\/types\/post"}],"author":[{"embeddable":true,"href":"https:\/\/lequotidien.mr\/index.php?rest_route=\/wp\/v2\/users\/12"}],"replies":[{"embeddable":true,"href":"https:\/\/lequotidien.mr\/index.php?rest_route=%2Fwp%2Fv2%2Fcomments&post=30618"}],"version-history":[{"count":1,"href":"https:\/\/lequotidien.mr\/index.php?rest_route=\/wp\/v2\/posts\/30618\/revisions"}],"predecessor-version":[{"id":30620,"href":"https:\/\/lequotidien.mr\/index.php?rest_route=\/wp\/v2\/posts\/30618\/revisions\/30620"}],"wp:featuredmedia":[{"embeddable":true,"href":"https:\/\/lequotidien.mr\/index.php?rest_route=\/wp\/v2\/media\/30619"}],"wp:attachment":[{"href":"https:\/\/lequotidien.mr\/index.php?rest_route=%2Fwp%2Fv2%2Fmedia&parent=30618"}],"wp:term":[{"taxonomy":"category","embeddable":true,"href":"https:\/\/lequotidien.mr\/index.php?rest_route=%2Fwp%2Fv2%2Fcategories&post=30618"},{"taxonomy":"post_tag","embeddable":true,"href":"https:\/\/lequotidien.mr\/index.php?rest_route=%2Fwp%2Fv2%2Ftags&post=30618"}],"curies":[{"name":"wp","href":"https:\/\/api.w.org\/{rel}","templated":true}]}}