{"id":30612,"date":"2025-09-02T11:33:33","date_gmt":"2025-09-02T11:33:33","guid":{"rendered":"https:\/\/lequotidien.mr\/?p=30612"},"modified":"2025-09-02T11:33:33","modified_gmt":"2025-09-02T11:33:33","slug":"abidjan-le-president-el-ghazouani-assiste-a-linvestiture-de-sidi-tah-a-la-tete-de-la-bad-aux-cotes-du-president-ouattara","status":"publish","type":"post","link":"https:\/\/lequotidien.mr\/?p=30612&lang=fr","title":{"rendered":"Abidjan : Le Pr\u00e9sident El Ghazouani assiste \u00e0 l\u2019investiture de Sidi Tah \u00e0 la t\u00eate de la BAD aux c\u00f4t\u00e9s du Pr\u00e9sident Ouattara"},"content":{"rendered":"<p>Le Pr\u00e9sident de la R\u00e9publique, Monsieur Mohamed Cheikh El Ghazouani, a marqu\u00e9 de sa pr\u00e9sence, ce lundi \u00e0 Abidjan, la c\u00e9r\u00e9monie solennelle d\u2019investiture de M. Sidi Tah en qualit\u00e9 de Pr\u00e9sident du Groupe de la Banque Africaine de D\u00e9veloppement (BAD). L\u2019\u00e9v\u00e9nement, qui s\u2019est d\u00e9roul\u00e9 en pr\u00e9sence de son homologue ivoirien, le Pr\u00e9sident Alassane Ouattara, et de plusieurs autres dignitaires, constitue un moment fort de la gouvernance \u00e9conomique continentale.<\/p>\n<p>Accueilli en fr\u00e8re par les autorit\u00e9s ivoiriennes, le Pr\u00e9sident El Ghazouani a saisi cette occasion pour exprimer, dans une allocution, sa profonde gratitude au Pr\u00e9sident Ouattara, au gouvernement et au peuple ivoirien pour l\u2019accueil chaleureux et l\u2019hospitalit\u00e9 r\u00e9serv\u00e9s \u00e0, lui-m\u00eame, et \u00e0 la d\u00e9l\u00e9gation de haut niveau l\u2019accompagnant.<\/p>\n<p>Dans son discours, le chef de l\u2019\u00c9tat mauritanien a tenu \u00e0 souligner le r\u00f4le indispensable de l\u2019institution financi\u00e8re panafricaine. Il a d\u00e9crit la BAD comme <em>\u00ab\u00a0<strong>un pilier central du d\u00e9veloppement du continent<\/strong>\u00a0\u00bb<\/em>, mettant en lumi\u00e8re sa contribution majeure au financement des infrastructures et des secteurs vitaux en Afrique. \u00ab Ces investissements ont am\u00e9lior\u00e9 la vie de millions de personnes et cr\u00e9\u00e9 des opportunit\u00e9s d\u2019emploi pour les jeunes \u00bb, a-t-il affirm\u00e9, reconnaissant ainsi l\u2019impact tangible des projets de la Banque sur le terrain.<\/p>\n<p>Le Pr\u00e9sident El Ghazouani a \u00e9galement rappel\u00e9 le processus ayant conduit \u00e0 cette investiture historique. Il a soulign\u00e9 que la Mauritanie avait port\u00e9 le choix de l\u2019\u00e9conomiste chevronn\u00e9, M. Sidi Tah, un candidat dont l\u2019expertise et la vision ont su convaincre une large majorit\u00e9 des \u00c9tats membres, lors de l\u2019\u00e9lection intervenue le 29 mai 2025. Cette \u00e9lection, largement soutenue, t\u00e9moigne de la confiance que la communaut\u00e9 africaine place en sa leadership pour guider les destin\u00e9es de la Banque dans les prochaines ann\u00e9es.<\/p>\n<p>Cette c\u00e9r\u00e9monie \u00e0 Abidjan, si\u00e8ge de la BAD, d\u00e9passe le simple cadre protocolaire. Elle symbolise l\u2019unit\u00e9 et la solidarit\u00e9 africaines autour d\u2019une institution cl\u00e9 pour l\u2019avenir \u00e9conomique du continent. La pr\u00e9sence conjointe des Pr\u00e9sidents El Ghazouani et Ouattara illustre le soutien politique de haut niveau dont b\u00e9n\u00e9ficie la nouvelle direction de la Banque, ainsi que les excellentes relations bilat\u00e9rales entre la Mauritanie et la C\u00f4te d\u2019Ivoire.<\/p>\n<p>L\u2019investiture de M. Sidi Tah ouvre un nouveau chapitre pour la BAD, avec pour principaux d\u00e9fis d\u2019acc\u00e9l\u00e9rer la croissance inclusive, de renforcer la r\u00e9silience face aux changements climatiques et de promouvoir l\u2019int\u00e9gration \u00e9conomique r\u00e9gionale. Un mandat que l\u2019Afrique tout enti\u00e8re observera avec un grand optimisme.<\/p>\n","protected":false},"excerpt":{"rendered":"<p>Le Pr\u00e9sident de la R\u00e9publique, Monsieur Mohamed Cheikh El Ghazouani, a marqu\u00e9 de sa pr\u00e9sence, ce lundi \u00e0 Abidjan, la c\u00e9r\u00e9monie solennelle d\u2019investiture de M. Sidi Tah en qualit\u00e9 de Pr\u00e9sident du Groupe de la Banque Africaine de D\u00e9veloppement (BAD). L\u2019\u00e9v\u00e9nement, qui s\u2019est d\u00e9roul\u00e9 en pr\u00e9sence de son homologue ivoirien, le Pr\u00e9sident Alassane Ouattara, et&#8230;..<\/p>\n","protected":false},"author":12,"featured_media":30613,"comment_status":"open","ping_status":"open","sticky":false,"template":"","format":"standard","meta":{"footnotes":""},"categories":[23,49],"tags":[],"class_list":["post-30612","post","type-post","status-publish","format-standard","has-post-thumbnail","hentry","category-actualite","category-economie"],"yoast_head":"<!-- This site is optimized with the Yoast SEO plugin v27.5 - https:\/\/yoast.com\/product\/yoast-seo-wordpress\/ -->\n<title>Abidjan : Le Pr\u00e9sident El Ghazouani assiste \u00e0 l\u2019investiture de Sidi Tah \u00e0 la t\u00eate de la BAD aux c\u00f4t\u00e9s du Pr\u00e9sident Ouattara - Le Quotidien de Nouakchott<\/title>\n<meta name=\"robots\" content=\"index, follow, max-snippet:-1, max-image-preview:large, max-video-preview:-1\" \/>\n<link rel=\"canonical\" href=\"https:\/\/lequotidien.mr\/?p=30612&lang=fr\" \/>\n<meta property=\"og:locale\" content=\"ar_AR\" \/>\n<meta property=\"og:type\" content=\"article\" \/>\n<meta property=\"og:title\" content=\"Abidjan : Le Pr\u00e9sident El Ghazouani assiste \u00e0 l\u2019investiture de Sidi Tah \u00e0 la t\u00eate de la BAD aux c\u00f4t\u00e9s du Pr\u00e9sident Ouattara - Le Quotidien de Nouakchott\" \/>\n<meta property=\"og:description\" content=\"Le Pr\u00e9sident de la R\u00e9publique, Monsieur Mohamed Cheikh El Ghazouani, a marqu\u00e9 de sa pr\u00e9sence, ce lundi \u00e0 Abidjan, la c\u00e9r\u00e9monie solennelle d\u2019investiture de M. Sidi Tah en qualit\u00e9 de Pr\u00e9sident du Groupe de la Banque Africaine de D\u00e9veloppement (BAD). L\u2019\u00e9v\u00e9nement, qui s\u2019est d\u00e9roul\u00e9 en pr\u00e9sence de son homologue ivoirien, le Pr\u00e9sident Alassane Ouattara, et.....\" \/>\n<meta property=\"og:url\" content=\"https:\/\/lequotidien.mr\/?p=30612&amp;lang=fr\" \/>\n<meta property=\"og:site_name\" content=\"Le Quotidien de Nouakchott\" \/>\n<meta property=\"article:publisher\" content=\"https:\/\/web.facebook.com\/lequotidienmr\" \/>\n<meta property=\"article:published_time\" content=\"2025-09-02T11:33:33+00:00\" \/>\n<meta property=\"og:image\" content=\"https:\/\/lequotidien.mr\/wp-content\/uploads\/2025\/09\/photo-ceremonie-BAD-1.jpg\" \/>\n\t<meta property=\"og:image:width\" content=\"750\" \/>\n\t<meta property=\"og:image:height\" content=\"430\" \/>\n\t<meta property=\"og:image:type\" content=\"image\/jpeg\" \/>\n<meta name=\"author\" content=\"Med Ahmed\" \/>\n<meta name=\"twitter:card\" content=\"summary_large_image\" \/>\n<meta name=\"twitter:creator\" content=\"@lequotidienmr\" \/>\n<meta name=\"twitter:site\" content=\"@lequotidienmr\" \/>\n<meta name=\"twitter:label1\" content=\"\u0643\u064f\u062a\u0628 \u0628\u0648\u0627\u0633\u0637\u0629\" \/>\n\t<meta name=\"twitter:data1\" content=\"Med Ahmed\" \/>\n\t<meta name=\"twitter:label2\" content=\"\u0648\u0642\u062a \u0627\u0644\u0642\u0631\u0627\u0621\u0629 \u0627\u0644\u0645\u064f\u0642\u062f\u0651\u0631\" \/>\n\t<meta name=\"twitter:data2\" content=\"4 \u062f\u0642\u0627\u0626\u0642\" \/>\n<script type=\"application\/ld+json\" class=\"yoast-schema-graph\">{\"@context\":\"https:\\\/\\\/schema.org\",\"@graph\":[{\"@type\":\"Article\",\"@id\":\"https:\\\/\\\/lequotidien.mr\\\/?p=30612&lang=fr#article\",\"isPartOf\":{\"@id\":\"https:\\\/\\\/lequotidien.mr\\\/?p=30612&lang=fr\"},\"author\":{\"name\":\"Med Ahmed\",\"@id\":\"https:\\\/\\\/lequotidien.mr\\\/#\\\/schema\\\/person\\\/d2d350202a4d599685ed8abc25f97596\"},\"headline\":\"Abidjan : Le Pr\u00e9sident El Ghazouani assiste \u00e0 l\u2019investiture de Sidi Tah \u00e0 la t\u00eate de la BAD aux c\u00f4t\u00e9s du Pr\u00e9sident Ouattara\",\"datePublished\":\"2025-09-02T11:33:33+00:00\",\"mainEntityOfPage\":{\"@id\":\"https:\\\/\\\/lequotidien.mr\\\/?p=30612&lang=fr\"},\"wordCount\":476,\"commentCount\":0,\"publisher\":{\"@id\":\"https:\\\/\\\/lequotidien.mr\\\/#organization\"},\"image\":{\"@id\":\"https:\\\/\\\/lequotidien.mr\\\/?p=30612&lang=fr#primaryimage\"},\"thumbnailUrl\":\"https:\\\/\\\/lequotidien.mr\\\/wp-content\\\/uploads\\\/2025\\\/09\\\/photo-ceremonie-BAD-1.jpg\",\"articleSection\":[\"ACTUALIT\u00c9\",\"Economie\"],\"inLanguage\":\"ar\",\"potentialAction\":[{\"@type\":\"CommentAction\",\"name\":\"Comment\",\"target\":[\"https:\\\/\\\/lequotidien.mr\\\/?p=30612&lang=fr#respond\"]}]},{\"@type\":\"WebPage\",\"@id\":\"https:\\\/\\\/lequotidien.mr\\\/?p=30612&lang=fr\",\"url\":\"https:\\\/\\\/lequotidien.mr\\\/?p=30612&lang=fr\",\"name\":\"Abidjan : Le Pr\u00e9sident El Ghazouani assiste \u00e0 l\u2019investiture de Sidi Tah \u00e0 la t\u00eate de la BAD aux c\u00f4t\u00e9s du Pr\u00e9sident Ouattara - Le Quotidien de Nouakchott\",\"isPartOf\":{\"@id\":\"https:\\\/\\\/lequotidien.mr\\\/#website\"},\"primaryImageOfPage\":{\"@id\":\"https:\\\/\\\/lequotidien.mr\\\/?p=30612&lang=fr#primaryimage\"},\"image\":{\"@id\":\"https:\\\/\\\/lequotidien.mr\\\/?p=30612&lang=fr#primaryimage\"},\"thumbnailUrl\":\"https:\\\/\\\/lequotidien.mr\\\/wp-content\\\/uploads\\\/2025\\\/09\\\/photo-ceremonie-BAD-1.jpg\",\"datePublished\":\"2025-09-02T11:33:33+00:00\",\"breadcrumb\":{\"@id\":\"https:\\\/\\\/lequotidien.mr\\\/?p=30612&lang=fr#breadcrumb\"},\"inLanguage\":\"ar\",\"potentialAction\":[{\"@type\":\"ReadAction\",\"target\":[\"https:\\\/\\\/lequotidien.mr\\\/?p=30612&lang=fr\"]}]},{\"@type\":\"ImageObject\",\"inLanguage\":\"ar\",\"@id\":\"https:\\\/\\\/lequotidien.mr\\\/?p=30612&lang=fr#primaryimage\",\"url\":\"https:\\\/\\\/lequotidien.mr\\\/wp-content\\\/uploads\\\/2025\\\/09\\\/photo-ceremonie-BAD-1.jpg\",\"contentUrl\":\"https:\\\/\\\/lequotidien.mr\\\/wp-content\\\/uploads\\\/2025\\\/09\\\/photo-ceremonie-BAD-1.jpg\",\"width\":750,\"height\":430},{\"@type\":\"BreadcrumbList\",\"@id\":\"https:\\\/\\\/lequotidien.mr\\\/?p=30612&lang=fr#breadcrumb\",\"itemListElement\":[{\"@type\":\"ListItem\",\"position\":1,\"name\":\"Home\",\"item\":\"https:\\\/\\\/lequotidien.mr\\\/\"},{\"@type\":\"ListItem\",\"position\":2,\"name\":\"Abidjan : Le Pr\u00e9sident El Ghazouani assiste \u00e0 l\u2019investiture de Sidi Tah \u00e0 la t\u00eate de la BAD aux c\u00f4t\u00e9s du Pr\u00e9sident Ouattara\"}]},{\"@type\":\"WebSite\",\"@id\":\"https:\\\/\\\/lequotidien.mr\\\/#website\",\"url\":\"https:\\\/\\\/lequotidien.mr\\\/\",\"name\":\"Le Quotidien de Nouakchott\",\"description\":\"\u0625\u062e\u0628\u0627\u0631\u064a\u0629 \u0645\u0633\u062a\u0642\u0644\u0629 \u0644\u0644\u0623\u0646\u0628\u0627\u0621 \u0627\u0644\u0639\u0627\u0645\u0629\",\"publisher\":{\"@id\":\"https:\\\/\\\/lequotidien.mr\\\/#organization\"},\"potentialAction\":[{\"@type\":\"SearchAction\",\"target\":{\"@type\":\"EntryPoint\",\"urlTemplate\":\"https:\\\/\\\/lequotidien.mr\\\/?s={search_term_string}\"},\"query-input\":{\"@type\":\"PropertyValueSpecification\",\"valueRequired\":true,\"valueName\":\"search_term_string\"}}],\"inLanguage\":\"ar\"},{\"@type\":\"Organization\",\"@id\":\"https:\\\/\\\/lequotidien.mr\\\/#organization\",\"name\":\"Le Quotidien de Nouakchott\",\"url\":\"https:\\\/\\\/lequotidien.mr\\\/\",\"logo\":{\"@type\":\"ImageObject\",\"inLanguage\":\"ar\",\"@id\":\"https:\\\/\\\/lequotidien.mr\\\/#\\\/schema\\\/logo\\\/image\\\/\",\"url\":\"https:\\\/\\\/lequotidien.mr\\\/wp-content\\\/uploads\\\/2022\\\/11\\\/logolequotidien.jpg\",\"contentUrl\":\"https:\\\/\\\/lequotidien.mr\\\/wp-content\\\/uploads\\\/2022\\\/11\\\/logolequotidien.jpg\",\"width\":290,\"height\":65,\"caption\":\"Le Quotidien de Nouakchott\"},\"image\":{\"@id\":\"https:\\\/\\\/lequotidien.mr\\\/#\\\/schema\\\/logo\\\/image\\\/\"},\"sameAs\":[\"https:\\\/\\\/web.facebook.com\\\/lequotidienmr\",\"https:\\\/\\\/x.com\\\/lequotidienmr\"]},{\"@type\":\"Person\",\"@id\":\"https:\\\/\\\/lequotidien.mr\\\/#\\\/schema\\\/person\\\/d2d350202a4d599685ed8abc25f97596\",\"name\":\"Med Ahmed\",\"image\":{\"@type\":\"ImageObject\",\"inLanguage\":\"ar\",\"@id\":\"https:\\\/\\\/secure.gravatar.com\\\/avatar\\\/fd2acc62ed50732923d1d39c17172c9b04149f142be92310ecc69e1358f94b52?s=96&d=mm&r=g\",\"url\":\"https:\\\/\\\/secure.gravatar.com\\\/avatar\\\/fd2acc62ed50732923d1d39c17172c9b04149f142be92310ecc69e1358f94b52?s=96&d=mm&r=g\",\"contentUrl\":\"https:\\\/\\\/secure.gravatar.com\\\/avatar\\\/fd2acc62ed50732923d1d39c17172c9b04149f142be92310ecc69e1358f94b52?s=96&d=mm&r=g\",\"caption\":\"Med Ahmed\"},\"url\":\"https:\\\/\\\/lequotidien.mr\\\/?author=12\"}]}<\/script>\n<!-- \/ Yoast SEO plugin. -->","yoast_head_json":{"title":"Abidjan : Le Pr\u00e9sident El Ghazouani assiste \u00e0 l\u2019investiture de Sidi Tah \u00e0 la t\u00eate de la BAD aux c\u00f4t\u00e9s du Pr\u00e9sident Ouattara - Le Quotidien de Nouakchott","robots":{"index":"index","follow":"follow","max-snippet":"max-snippet:-1","max-image-preview":"max-image-preview:large","max-video-preview":"max-video-preview:-1"},"canonical":"https:\/\/lequotidien.mr\/?p=30612&lang=fr","og_locale":"ar_AR","og_type":"article","og_title":"Abidjan : Le Pr\u00e9sident El Ghazouani assiste \u00e0 l\u2019investiture de Sidi Tah \u00e0 la t\u00eate de la BAD aux c\u00f4t\u00e9s du Pr\u00e9sident Ouattara - Le Quotidien de Nouakchott","og_description":"Le Pr\u00e9sident de la R\u00e9publique, Monsieur Mohamed Cheikh El Ghazouani, a marqu\u00e9 de sa pr\u00e9sence, ce lundi \u00e0 Abidjan, la c\u00e9r\u00e9monie solennelle d\u2019investiture de M. Sidi Tah en qualit\u00e9 de Pr\u00e9sident du Groupe de la Banque Africaine de D\u00e9veloppement (BAD). L\u2019\u00e9v\u00e9nement, qui s\u2019est d\u00e9roul\u00e9 en pr\u00e9sence de son homologue ivoirien, le Pr\u00e9sident Alassane Ouattara, et.....","og_url":"https:\/\/lequotidien.mr\/?p=30612&lang=fr","og_site_name":"Le Quotidien de Nouakchott","article_publisher":"https:\/\/web.facebook.com\/lequotidienmr","article_published_time":"2025-09-02T11:33:33+00:00","og_image":[{"width":750,"height":430,"url":"https:\/\/lequotidien.mr\/wp-content\/uploads\/2025\/09\/photo-ceremonie-BAD-1.jpg","type":"image\/jpeg"}],"author":"Med Ahmed","twitter_card":"summary_large_image","twitter_creator":"@lequotidienmr","twitter_site":"@lequotidienmr","twitter_misc":{"\u0643\u064f\u062a\u0628 \u0628\u0648\u0627\u0633\u0637\u0629":"Med Ahmed","\u0648\u0642\u062a \u0627\u0644\u0642\u0631\u0627\u0621\u0629 \u0627\u0644\u0645\u064f\u0642\u062f\u0651\u0631":"4 \u062f\u0642\u0627\u0626\u0642"},"schema":{"@context":"https:\/\/schema.org","@graph":[{"@type":"Article","@id":"https:\/\/lequotidien.mr\/?p=30612&lang=fr#article","isPartOf":{"@id":"https:\/\/lequotidien.mr\/?p=30612&lang=fr"},"author":{"name":"Med Ahmed","@id":"https:\/\/lequotidien.mr\/#\/schema\/person\/d2d350202a4d599685ed8abc25f97596"},"headline":"Abidjan : Le Pr\u00e9sident El Ghazouani assiste \u00e0 l\u2019investiture de Sidi Tah \u00e0 la t\u00eate de la BAD aux c\u00f4t\u00e9s du Pr\u00e9sident Ouattara","datePublished":"2025-09-02T11:33:33+00:00","mainEntityOfPage":{"@id":"https:\/\/lequotidien.mr\/?p=30612&lang=fr"},"wordCount":476,"commentCount":0,"publisher":{"@id":"https:\/\/lequotidien.mr\/#organization"},"image":{"@id":"https:\/\/lequotidien.mr\/?p=30612&lang=fr#primaryimage"},"thumbnailUrl":"https:\/\/lequotidien.mr\/wp-content\/uploads\/2025\/09\/photo-ceremonie-BAD-1.jpg","articleSection":["ACTUALIT\u00c9","Economie"],"inLanguage":"ar","potentialAction":[{"@type":"CommentAction","name":"Comment","target":["https:\/\/lequotidien.mr\/?p=30612&lang=fr#respond"]}]},{"@type":"WebPage","@id":"https:\/\/lequotidien.mr\/?p=30612&lang=fr","url":"https:\/\/lequotidien.mr\/?p=30612&lang=fr","name":"Abidjan : Le Pr\u00e9sident El Ghazouani assiste \u00e0 l\u2019investiture de Sidi Tah \u00e0 la t\u00eate de la BAD aux c\u00f4t\u00e9s du Pr\u00e9sident Ouattara - Le Quotidien de Nouakchott","isPartOf":{"@id":"https:\/\/lequotidien.mr\/#website"},"primaryImageOfPage":{"@id":"https:\/\/lequotidien.mr\/?p=30612&lang=fr#primaryimage"},"image":{"@id":"https:\/\/lequotidien.mr\/?p=30612&lang=fr#primaryimage"},"thumbnailUrl":"https:\/\/lequotidien.mr\/wp-content\/uploads\/2025\/09\/photo-ceremonie-BAD-1.jpg","datePublished":"2025-09-02T11:33:33+00:00","breadcrumb":{"@id":"https:\/\/lequotidien.mr\/?p=30612&lang=fr#breadcrumb"},"inLanguage":"ar","potentialAction":[{"@type":"ReadAction","target":["https:\/\/lequotidien.mr\/?p=30612&lang=fr"]}]},{"@type":"ImageObject","inLanguage":"ar","@id":"https:\/\/lequotidien.mr\/?p=30612&lang=fr#primaryimage","url":"https:\/\/lequotidien.mr\/wp-content\/uploads\/2025\/09\/photo-ceremonie-BAD-1.jpg","contentUrl":"https:\/\/lequotidien.mr\/wp-content\/uploads\/2025\/09\/photo-ceremonie-BAD-1.jpg","width":750,"height":430},{"@type":"BreadcrumbList","@id":"https:\/\/lequotidien.mr\/?p=30612&lang=fr#breadcrumb","itemListElement":[{"@type":"ListItem","position":1,"name":"Home","item":"https:\/\/lequotidien.mr\/"},{"@type":"ListItem","position":2,"name":"Abidjan : Le Pr\u00e9sident El Ghazouani assiste \u00e0 l\u2019investiture de Sidi Tah \u00e0 la t\u00eate de la BAD aux c\u00f4t\u00e9s du Pr\u00e9sident Ouattara"}]},{"@type":"WebSite","@id":"https:\/\/lequotidien.mr\/#website","url":"https:\/\/lequotidien.mr\/","name":"Le Quotidien de Nouakchott","description":"\u0625\u062e\u0628\u0627\u0631\u064a\u0629 \u0645\u0633\u062a\u0642\u0644\u0629 \u0644\u0644\u0623\u0646\u0628\u0627\u0621 \u0627\u0644\u0639\u0627\u0645\u0629","publisher":{"@id":"https:\/\/lequotidien.mr\/#organization"},"potentialAction":[{"@type":"SearchAction","target":{"@type":"EntryPoint","urlTemplate":"https:\/\/lequotidien.mr\/?s={search_term_string}"},"query-input":{"@type":"PropertyValueSpecification","valueRequired":true,"valueName":"search_term_string"}}],"inLanguage":"ar"},{"@type":"Organization","@id":"https:\/\/lequotidien.mr\/#organization","name":"Le Quotidien de Nouakchott","url":"https:\/\/lequotidien.mr\/","logo":{"@type":"ImageObject","inLanguage":"ar","@id":"https:\/\/lequotidien.mr\/#\/schema\/logo\/image\/","url":"https:\/\/lequotidien.mr\/wp-content\/uploads\/2022\/11\/logolequotidien.jpg","contentUrl":"https:\/\/lequotidien.mr\/wp-content\/uploads\/2022\/11\/logolequotidien.jpg","width":290,"height":65,"caption":"Le Quotidien de Nouakchott"},"image":{"@id":"https:\/\/lequotidien.mr\/#\/schema\/logo\/image\/"},"sameAs":["https:\/\/web.facebook.com\/lequotidienmr","https:\/\/x.com\/lequotidienmr"]},{"@type":"Person","@id":"https:\/\/lequotidien.mr\/#\/schema\/person\/d2d350202a4d599685ed8abc25f97596","name":"Med Ahmed","image":{"@type":"ImageObject","inLanguage":"ar","@id":"https:\/\/secure.gravatar.com\/avatar\/fd2acc62ed50732923d1d39c17172c9b04149f142be92310ecc69e1358f94b52?s=96&d=mm&r=g","url":"https:\/\/secure.gravatar.com\/avatar\/fd2acc62ed50732923d1d39c17172c9b04149f142be92310ecc69e1358f94b52?s=96&d=mm&r=g","contentUrl":"https:\/\/secure.gravatar.com\/avatar\/fd2acc62ed50732923d1d39c17172c9b04149f142be92310ecc69e1358f94b52?s=96&d=mm&r=g","caption":"Med Ahmed"},"url":"https:\/\/lequotidien.mr\/?author=12"}]}},"_links":{"self":[{"href":"https:\/\/lequotidien.mr\/index.php?rest_route=\/wp\/v2\/posts\/30612","targetHints":{"allow":["GET"]}}],"collection":[{"href":"https:\/\/lequotidien.mr\/index.php?rest_route=\/wp\/v2\/posts"}],"about":[{"href":"https:\/\/lequotidien.mr\/index.php?rest_route=\/wp\/v2\/types\/post"}],"author":[{"embeddable":true,"href":"https:\/\/lequotidien.mr\/index.php?rest_route=\/wp\/v2\/users\/12"}],"replies":[{"embeddable":true,"href":"https:\/\/lequotidien.mr\/index.php?rest_route=%2Fwp%2Fv2%2Fcomments&post=30612"}],"version-history":[{"count":1,"href":"https:\/\/lequotidien.mr\/index.php?rest_route=\/wp\/v2\/posts\/30612\/revisions"}],"predecessor-version":[{"id":30614,"href":"https:\/\/lequotidien.mr\/index.php?rest_route=\/wp\/v2\/posts\/30612\/revisions\/30614"}],"wp:featuredmedia":[{"embeddable":true,"href":"https:\/\/lequotidien.mr\/index.php?rest_route=\/wp\/v2\/media\/30613"}],"wp:attachment":[{"href":"https:\/\/lequotidien.mr\/index.php?rest_route=%2Fwp%2Fv2%2Fmedia&parent=30612"}],"wp:term":[{"taxonomy":"category","embeddable":true,"href":"https:\/\/lequotidien.mr\/index.php?rest_route=%2Fwp%2Fv2%2Fcategories&post=30612"},{"taxonomy":"post_tag","embeddable":true,"href":"https:\/\/lequotidien.mr\/index.php?rest_route=%2Fwp%2Fv2%2Ftags&post=30612"}],"curies":[{"name":"wp","href":"https:\/\/api.w.org\/{rel}","templated":true}]}}