{"id":3058,"date":"2023-01-11T17:03:16","date_gmt":"2023-01-11T17:03:16","guid":{"rendered":"https:\/\/lequotidien.mr\/?p=3058"},"modified":"2023-01-11T17:03:16","modified_gmt":"2023-01-11T17:03:16","slug":"editorial-du-calame-lheure-des-comptes","status":"publish","type":"post","link":"https:\/\/lequotidien.mr\/?p=3058&lang=fr","title":{"rendered":"Editorial du Calame : L\u2019heure des comptes"},"content":{"rendered":"<p>Le Calame &#8211; Il est vraiment in\u00e9narrable,\u00a0notre ancien guide \u00e9clair\u00e9\u00a0! Voulant filer \u00e0 l\u2019anglaise, alors que\u00a0l\u2019ouverture de\u00a0son proc\u00e8s est\u00a0imminente, il en a \u00e9t\u00e9 emp\u00each\u00e9 par la police de l\u2019a\u00e9roport qui lui a\u00a0confisqu\u00e9\u00a0au passage\u00a0son passeport,\u00a0histoire sans doute de\u00a0lui passer l\u2019envie de changer d\u2019air.<\/p>\n<p>Contrari\u00e9, l\u2019Ex\u00a0s\u2019est soudainement pris de\u00a0diarrh\u00e9e verbale. Avant m\u00eame de rentrer chez lui,\u00a0le voil\u00e0 en\u00a0direct sur\u00a0Facebook\u00a0pour s\u2019attaquer, comme\u00a0\u00e0 son habitude,\u00a0au pouvoir en place.\u00a0Et rebelote\u00a0le lendemain, beaucoup plus longuement\u00a0cette fois,\u00a0\u00e0 discourir surtout\u00a0autour de\u00a0sa fortune\u00a0personnelle.<\/p>\n<p>\u00ab\u00a0Si les responsables mauritaniens arrivent \u00e0 justifier 50% de leurs biens, moi,\u00a0ce sera\u00a0\u00e0 100%\u00a0!\u00a0\u00bb, a-t-il martel\u00e9.<\/p>\n<p>Sans le vouloir, il\u00a0s\u2019est ainsi mis le doigt\u00a0dans l\u2019\u0153il. Ayant reconnu \u00eatre arriv\u00e9\u00a0pauvre\u00a0au pouvoir, comment parviendrait-il \u00e0\u00a0justifier une fortune qu\u2019il dit colossale ?\u00a0Les obligations d\u2019un pr\u00e9sident de la R\u00e9publique sont \u00e0 cet \u00e9gard sans \u00e9quivoque\u00a0: ne s\u2019adonner\u00a0ni\u00a0au commerce ni\u00a0aux\u00a0affaires\u00a0dans l\u2019exercice de ses fonctions,\u00a0reverser au Tr\u00e9sor\u00a0public toutes les donations, en natures\u00a0ou en esp\u00e8ces,\u00a0re\u00e7ues\u00a0dans le cadre de celles-ci.<\/p>\n<p>Il est donc cens\u00e9 sortir comme il est entr\u00e9.\u00a0Soit, en ce qui concerne\u00a0Ould\u00a0Abdel Aziz, les mains vides. Dans le cas contraire, sa position serait des plus inconfortables. Du pain b\u00e9ni pour la Justice qui n\u2019aura qu\u2019\u00e0 lui poser la question qui tue :\u00a0\u00ab\u00a0Quelle est l\u2019origine de ta fortune\u00a0?\u00a0\u00bb<\/p>\n<p>Mais, bon, on s\u2019attend \u00e0 tout avec cet acrobate\u00a0voltigeant de branche en branche. Pas vraiment Tarzan, tout de m\u00eame\u00a0: n\u2019en d\u00e9plaise \u00e0 sa perruque de pr\u00e9sident des pauvres, passablement \u00e9bouriff\u00e9e par ses aveux de richesse, il aura bien du mal \u00e0 se pr\u00e9senter en sauveteur du peuple qui subit, pour sa part et de plus en plus chaque jour que Dieu fait, les cons\u00e9quences des filouteries de la D\u00e9cennie.<\/p>\n<p>Ceux qui s\u2019y trompent\u00a0\u2013 il en resterait encore, semble-t-il \u2013 auraient-ils oubli\u00e9 qu\u2019aujourd\u2019hui na\u00eet toujours d\u2019hier\u00a0? Quant aux moins dupes, ils attendent effectivement des comptes. Pas des grimaces.<\/p>\n<p><strong>Ahmed ould Cheikh<\/strong><\/p>\n","protected":false},"excerpt":{"rendered":"<p>Le Calame &#8211; Il est vraiment in\u00e9narrable,\u00a0notre ancien guide \u00e9clair\u00e9\u00a0! Voulant filer \u00e0 l\u2019anglaise, alors que\u00a0l\u2019ouverture de\u00a0son proc\u00e8s est\u00a0imminente, il en a \u00e9t\u00e9 emp\u00each\u00e9 par la police de l\u2019a\u00e9roport qui lui a\u00a0confisqu\u00e9\u00a0au passage\u00a0son passeport,\u00a0histoire sans doute de\u00a0lui passer l\u2019envie de changer d\u2019air. Contrari\u00e9, l\u2019Ex\u00a0s\u2019est soudainement pris de\u00a0diarrh\u00e9e verbale. Avant m\u00eame de rentrer chez lui,\u00a0le voil\u00e0&#8230;..<\/p>\n","protected":false},"author":5,"featured_media":2490,"comment_status":"open","ping_status":"open","sticky":false,"template":"","format":"standard","meta":{"footnotes":""},"categories":[23,59],"tags":[],"class_list":["post-3058","post","type-post","status-publish","format-standard","has-post-thumbnail","hentry","category-actualite","category-opinion"],"yoast_head":"<!-- This site is optimized with the Yoast SEO plugin v27.5 - https:\/\/yoast.com\/product\/yoast-seo-wordpress\/ -->\n<title>Editorial du Calame : L\u2019heure des comptes - Le Quotidien de Nouakchott<\/title>\n<meta name=\"robots\" content=\"index, follow, max-snippet:-1, max-image-preview:large, max-video-preview:-1\" \/>\n<link rel=\"canonical\" href=\"https:\/\/lequotidien.mr\/?p=3058&lang=fr\" \/>\n<meta property=\"og:locale\" content=\"ar_AR\" \/>\n<meta property=\"og:type\" content=\"article\" \/>\n<meta property=\"og:title\" content=\"Editorial du Calame : L\u2019heure des comptes - Le Quotidien de Nouakchott\" \/>\n<meta property=\"og:description\" content=\"Le Calame &#8211; Il est vraiment in\u00e9narrable,\u00a0notre ancien guide \u00e9clair\u00e9\u00a0! Voulant filer \u00e0 l\u2019anglaise, alors que\u00a0l\u2019ouverture de\u00a0son proc\u00e8s est\u00a0imminente, il en a \u00e9t\u00e9 emp\u00each\u00e9 par la police de l\u2019a\u00e9roport qui lui a\u00a0confisqu\u00e9\u00a0au passage\u00a0son passeport,\u00a0histoire sans doute de\u00a0lui passer l\u2019envie de changer d\u2019air. Contrari\u00e9, l\u2019Ex\u00a0s\u2019est soudainement pris de\u00a0diarrh\u00e9e verbale. Avant m\u00eame de rentrer chez lui,\u00a0le voil\u00e0.....\" \/>\n<meta property=\"og:url\" content=\"https:\/\/lequotidien.mr\/?p=3058&amp;lang=fr\" \/>\n<meta property=\"og:site_name\" content=\"Le Quotidien de Nouakchott\" \/>\n<meta property=\"article:publisher\" content=\"https:\/\/web.facebook.com\/lequotidienmr\" \/>\n<meta property=\"article:published_time\" content=\"2023-01-11T17:03:16+00:00\" \/>\n<meta property=\"og:image\" content=\"https:\/\/lequotidien.mr\/wp-content\/uploads\/2022\/12\/ahmed_ould_cheikh_08_n.jpg\" \/>\n\t<meta property=\"og:image:width\" content=\"752\" \/>\n\t<meta property=\"og:image:height\" content=\"585\" \/>\n\t<meta property=\"og:image:type\" content=\"image\/jpeg\" \/>\n<meta name=\"author\" content=\"Gayi Diawara\" \/>\n<meta name=\"twitter:card\" content=\"summary_large_image\" \/>\n<meta name=\"twitter:creator\" content=\"@lequotidienmr\" \/>\n<meta name=\"twitter:site\" content=\"@lequotidienmr\" \/>\n<meta name=\"twitter:label1\" content=\"\u0643\u064f\u062a\u0628 \u0628\u0648\u0627\u0633\u0637\u0629\" \/>\n\t<meta name=\"twitter:data1\" content=\"Gayi Diawara\" \/>\n\t<meta name=\"twitter:label2\" content=\"\u0648\u0642\u062a \u0627\u0644\u0642\u0631\u0627\u0621\u0629 \u0627\u0644\u0645\u064f\u0642\u062f\u0651\u0631\" \/>\n\t<meta name=\"twitter:data2\" content=\"\u062f\u0642\u064a\u0642\u062a\u0627\u0646\" \/>\n<script type=\"application\/ld+json\" class=\"yoast-schema-graph\">{\"@context\":\"https:\\\/\\\/schema.org\",\"@graph\":[{\"@type\":\"Article\",\"@id\":\"https:\\\/\\\/lequotidien.mr\\\/?p=3058&lang=fr#article\",\"isPartOf\":{\"@id\":\"https:\\\/\\\/lequotidien.mr\\\/?p=3058&lang=fr\"},\"author\":{\"name\":\"Gayi Diawara\",\"@id\":\"https:\\\/\\\/lequotidien.mr\\\/#\\\/schema\\\/person\\\/1077c8abd5640a6514b909318d271dee\"},\"headline\":\"Editorial du Calame : L\u2019heure des comptes\",\"datePublished\":\"2023-01-11T17:03:16+00:00\",\"mainEntityOfPage\":{\"@id\":\"https:\\\/\\\/lequotidien.mr\\\/?p=3058&lang=fr\"},\"wordCount\":375,\"commentCount\":0,\"publisher\":{\"@id\":\"https:\\\/\\\/lequotidien.mr\\\/#organization\"},\"image\":{\"@id\":\"https:\\\/\\\/lequotidien.mr\\\/?p=3058&lang=fr#primaryimage\"},\"thumbnailUrl\":\"https:\\\/\\\/lequotidien.mr\\\/wp-content\\\/uploads\\\/2022\\\/12\\\/ahmed_ould_cheikh_08_n.jpg\",\"articleSection\":[\"ACTUALIT\u00c9\",\"Opinion\"],\"inLanguage\":\"ar\",\"potentialAction\":[{\"@type\":\"CommentAction\",\"name\":\"Comment\",\"target\":[\"https:\\\/\\\/lequotidien.mr\\\/?p=3058&lang=fr#respond\"]}]},{\"@type\":\"WebPage\",\"@id\":\"https:\\\/\\\/lequotidien.mr\\\/?p=3058&lang=fr\",\"url\":\"https:\\\/\\\/lequotidien.mr\\\/?p=3058&lang=fr\",\"name\":\"Editorial du Calame : L\u2019heure des comptes - Le Quotidien de Nouakchott\",\"isPartOf\":{\"@id\":\"https:\\\/\\\/lequotidien.mr\\\/#website\"},\"primaryImageOfPage\":{\"@id\":\"https:\\\/\\\/lequotidien.mr\\\/?p=3058&lang=fr#primaryimage\"},\"image\":{\"@id\":\"https:\\\/\\\/lequotidien.mr\\\/?p=3058&lang=fr#primaryimage\"},\"thumbnailUrl\":\"https:\\\/\\\/lequotidien.mr\\\/wp-content\\\/uploads\\\/2022\\\/12\\\/ahmed_ould_cheikh_08_n.jpg\",\"datePublished\":\"2023-01-11T17:03:16+00:00\",\"breadcrumb\":{\"@id\":\"https:\\\/\\\/lequotidien.mr\\\/?p=3058&lang=fr#breadcrumb\"},\"inLanguage\":\"ar\",\"potentialAction\":[{\"@type\":\"ReadAction\",\"target\":[\"https:\\\/\\\/lequotidien.mr\\\/?p=3058&lang=fr\"]}]},{\"@type\":\"ImageObject\",\"inLanguage\":\"ar\",\"@id\":\"https:\\\/\\\/lequotidien.mr\\\/?p=3058&lang=fr#primaryimage\",\"url\":\"https:\\\/\\\/lequotidien.mr\\\/wp-content\\\/uploads\\\/2022\\\/12\\\/ahmed_ould_cheikh_08_n.jpg\",\"contentUrl\":\"https:\\\/\\\/lequotidien.mr\\\/wp-content\\\/uploads\\\/2022\\\/12\\\/ahmed_ould_cheikh_08_n.jpg\",\"width\":752,\"height\":585},{\"@type\":\"BreadcrumbList\",\"@id\":\"https:\\\/\\\/lequotidien.mr\\\/?p=3058&lang=fr#breadcrumb\",\"itemListElement\":[{\"@type\":\"ListItem\",\"position\":1,\"name\":\"Home\",\"item\":\"https:\\\/\\\/lequotidien.mr\\\/\"},{\"@type\":\"ListItem\",\"position\":2,\"name\":\"Editorial du Calame : L\u2019heure des comptes\"}]},{\"@type\":\"WebSite\",\"@id\":\"https:\\\/\\\/lequotidien.mr\\\/#website\",\"url\":\"https:\\\/\\\/lequotidien.mr\\\/\",\"name\":\"Le Quotidien de Nouakchott\",\"description\":\"\u0625\u062e\u0628\u0627\u0631\u064a\u0629 \u0645\u0633\u062a\u0642\u0644\u0629 \u0644\u0644\u0623\u0646\u0628\u0627\u0621 \u0627\u0644\u0639\u0627\u0645\u0629\",\"publisher\":{\"@id\":\"https:\\\/\\\/lequotidien.mr\\\/#organization\"},\"potentialAction\":[{\"@type\":\"SearchAction\",\"target\":{\"@type\":\"EntryPoint\",\"urlTemplate\":\"https:\\\/\\\/lequotidien.mr\\\/?s={search_term_string}\"},\"query-input\":{\"@type\":\"PropertyValueSpecification\",\"valueRequired\":true,\"valueName\":\"search_term_string\"}}],\"inLanguage\":\"ar\"},{\"@type\":\"Organization\",\"@id\":\"https:\\\/\\\/lequotidien.mr\\\/#organization\",\"name\":\"Le Quotidien de Nouakchott\",\"url\":\"https:\\\/\\\/lequotidien.mr\\\/\",\"logo\":{\"@type\":\"ImageObject\",\"inLanguage\":\"ar\",\"@id\":\"https:\\\/\\\/lequotidien.mr\\\/#\\\/schema\\\/logo\\\/image\\\/\",\"url\":\"https:\\\/\\\/lequotidien.mr\\\/wp-content\\\/uploads\\\/2022\\\/11\\\/logolequotidien.jpg\",\"contentUrl\":\"https:\\\/\\\/lequotidien.mr\\\/wp-content\\\/uploads\\\/2022\\\/11\\\/logolequotidien.jpg\",\"width\":290,\"height\":65,\"caption\":\"Le Quotidien de Nouakchott\"},\"image\":{\"@id\":\"https:\\\/\\\/lequotidien.mr\\\/#\\\/schema\\\/logo\\\/image\\\/\"},\"sameAs\":[\"https:\\\/\\\/web.facebook.com\\\/lequotidienmr\",\"https:\\\/\\\/x.com\\\/lequotidienmr\"]},{\"@type\":\"Person\",\"@id\":\"https:\\\/\\\/lequotidien.mr\\\/#\\\/schema\\\/person\\\/1077c8abd5640a6514b909318d271dee\",\"name\":\"Gayi Diawara\",\"image\":{\"@type\":\"ImageObject\",\"inLanguage\":\"ar\",\"@id\":\"https:\\\/\\\/secure.gravatar.com\\\/avatar\\\/63ea8db1e19a6d2d608b24c0f78b5f3a7d6e0bc11959fec273410af333e4d0ac?s=96&d=mm&r=g\",\"url\":\"https:\\\/\\\/secure.gravatar.com\\\/avatar\\\/63ea8db1e19a6d2d608b24c0f78b5f3a7d6e0bc11959fec273410af333e4d0ac?s=96&d=mm&r=g\",\"contentUrl\":\"https:\\\/\\\/secure.gravatar.com\\\/avatar\\\/63ea8db1e19a6d2d608b24c0f78b5f3a7d6e0bc11959fec273410af333e4d0ac?s=96&d=mm&r=g\",\"caption\":\"Gayi Diawara\"},\"sameAs\":[\"http:\\\/\\\/lequotidien.mr\"],\"url\":\"https:\\\/\\\/lequotidien.mr\\\/?author=5\"}]}<\/script>\n<!-- \/ Yoast SEO plugin. -->","yoast_head_json":{"title":"Editorial du Calame : L\u2019heure des comptes - Le Quotidien de Nouakchott","robots":{"index":"index","follow":"follow","max-snippet":"max-snippet:-1","max-image-preview":"max-image-preview:large","max-video-preview":"max-video-preview:-1"},"canonical":"https:\/\/lequotidien.mr\/?p=3058&lang=fr","og_locale":"ar_AR","og_type":"article","og_title":"Editorial du Calame : L\u2019heure des comptes - Le Quotidien de Nouakchott","og_description":"Le Calame &#8211; Il est vraiment in\u00e9narrable,\u00a0notre ancien guide \u00e9clair\u00e9\u00a0! Voulant filer \u00e0 l\u2019anglaise, alors que\u00a0l\u2019ouverture de\u00a0son proc\u00e8s est\u00a0imminente, il en a \u00e9t\u00e9 emp\u00each\u00e9 par la police de l\u2019a\u00e9roport qui lui a\u00a0confisqu\u00e9\u00a0au passage\u00a0son passeport,\u00a0histoire sans doute de\u00a0lui passer l\u2019envie de changer d\u2019air. Contrari\u00e9, l\u2019Ex\u00a0s\u2019est soudainement pris de\u00a0diarrh\u00e9e verbale. Avant m\u00eame de rentrer chez lui,\u00a0le voil\u00e0.....","og_url":"https:\/\/lequotidien.mr\/?p=3058&lang=fr","og_site_name":"Le Quotidien de Nouakchott","article_publisher":"https:\/\/web.facebook.com\/lequotidienmr","article_published_time":"2023-01-11T17:03:16+00:00","og_image":[{"width":752,"height":585,"url":"https:\/\/lequotidien.mr\/wp-content\/uploads\/2022\/12\/ahmed_ould_cheikh_08_n.jpg","type":"image\/jpeg"}],"author":"Gayi Diawara","twitter_card":"summary_large_image","twitter_creator":"@lequotidienmr","twitter_site":"@lequotidienmr","twitter_misc":{"\u0643\u064f\u062a\u0628 \u0628\u0648\u0627\u0633\u0637\u0629":"Gayi Diawara","\u0648\u0642\u062a \u0627\u0644\u0642\u0631\u0627\u0621\u0629 \u0627\u0644\u0645\u064f\u0642\u062f\u0651\u0631":"\u062f\u0642\u064a\u0642\u062a\u0627\u0646"},"schema":{"@context":"https:\/\/schema.org","@graph":[{"@type":"Article","@id":"https:\/\/lequotidien.mr\/?p=3058&lang=fr#article","isPartOf":{"@id":"https:\/\/lequotidien.mr\/?p=3058&lang=fr"},"author":{"name":"Gayi Diawara","@id":"https:\/\/lequotidien.mr\/#\/schema\/person\/1077c8abd5640a6514b909318d271dee"},"headline":"Editorial du Calame : L\u2019heure des comptes","datePublished":"2023-01-11T17:03:16+00:00","mainEntityOfPage":{"@id":"https:\/\/lequotidien.mr\/?p=3058&lang=fr"},"wordCount":375,"commentCount":0,"publisher":{"@id":"https:\/\/lequotidien.mr\/#organization"},"image":{"@id":"https:\/\/lequotidien.mr\/?p=3058&lang=fr#primaryimage"},"thumbnailUrl":"https:\/\/lequotidien.mr\/wp-content\/uploads\/2022\/12\/ahmed_ould_cheikh_08_n.jpg","articleSection":["ACTUALIT\u00c9","Opinion"],"inLanguage":"ar","potentialAction":[{"@type":"CommentAction","name":"Comment","target":["https:\/\/lequotidien.mr\/?p=3058&lang=fr#respond"]}]},{"@type":"WebPage","@id":"https:\/\/lequotidien.mr\/?p=3058&lang=fr","url":"https:\/\/lequotidien.mr\/?p=3058&lang=fr","name":"Editorial du Calame : L\u2019heure des comptes - Le Quotidien de Nouakchott","isPartOf":{"@id":"https:\/\/lequotidien.mr\/#website"},"primaryImageOfPage":{"@id":"https:\/\/lequotidien.mr\/?p=3058&lang=fr#primaryimage"},"image":{"@id":"https:\/\/lequotidien.mr\/?p=3058&lang=fr#primaryimage"},"thumbnailUrl":"https:\/\/lequotidien.mr\/wp-content\/uploads\/2022\/12\/ahmed_ould_cheikh_08_n.jpg","datePublished":"2023-01-11T17:03:16+00:00","breadcrumb":{"@id":"https:\/\/lequotidien.mr\/?p=3058&lang=fr#breadcrumb"},"inLanguage":"ar","potentialAction":[{"@type":"ReadAction","target":["https:\/\/lequotidien.mr\/?p=3058&lang=fr"]}]},{"@type":"ImageObject","inLanguage":"ar","@id":"https:\/\/lequotidien.mr\/?p=3058&lang=fr#primaryimage","url":"https:\/\/lequotidien.mr\/wp-content\/uploads\/2022\/12\/ahmed_ould_cheikh_08_n.jpg","contentUrl":"https:\/\/lequotidien.mr\/wp-content\/uploads\/2022\/12\/ahmed_ould_cheikh_08_n.jpg","width":752,"height":585},{"@type":"BreadcrumbList","@id":"https:\/\/lequotidien.mr\/?p=3058&lang=fr#breadcrumb","itemListElement":[{"@type":"ListItem","position":1,"name":"Home","item":"https:\/\/lequotidien.mr\/"},{"@type":"ListItem","position":2,"name":"Editorial du Calame : L\u2019heure des comptes"}]},{"@type":"WebSite","@id":"https:\/\/lequotidien.mr\/#website","url":"https:\/\/lequotidien.mr\/","name":"Le Quotidien de Nouakchott","description":"\u0625\u062e\u0628\u0627\u0631\u064a\u0629 \u0645\u0633\u062a\u0642\u0644\u0629 \u0644\u0644\u0623\u0646\u0628\u0627\u0621 \u0627\u0644\u0639\u0627\u0645\u0629","publisher":{"@id":"https:\/\/lequotidien.mr\/#organization"},"potentialAction":[{"@type":"SearchAction","target":{"@type":"EntryPoint","urlTemplate":"https:\/\/lequotidien.mr\/?s={search_term_string}"},"query-input":{"@type":"PropertyValueSpecification","valueRequired":true,"valueName":"search_term_string"}}],"inLanguage":"ar"},{"@type":"Organization","@id":"https:\/\/lequotidien.mr\/#organization","name":"Le Quotidien de Nouakchott","url":"https:\/\/lequotidien.mr\/","logo":{"@type":"ImageObject","inLanguage":"ar","@id":"https:\/\/lequotidien.mr\/#\/schema\/logo\/image\/","url":"https:\/\/lequotidien.mr\/wp-content\/uploads\/2022\/11\/logolequotidien.jpg","contentUrl":"https:\/\/lequotidien.mr\/wp-content\/uploads\/2022\/11\/logolequotidien.jpg","width":290,"height":65,"caption":"Le Quotidien de Nouakchott"},"image":{"@id":"https:\/\/lequotidien.mr\/#\/schema\/logo\/image\/"},"sameAs":["https:\/\/web.facebook.com\/lequotidienmr","https:\/\/x.com\/lequotidienmr"]},{"@type":"Person","@id":"https:\/\/lequotidien.mr\/#\/schema\/person\/1077c8abd5640a6514b909318d271dee","name":"Gayi Diawara","image":{"@type":"ImageObject","inLanguage":"ar","@id":"https:\/\/secure.gravatar.com\/avatar\/63ea8db1e19a6d2d608b24c0f78b5f3a7d6e0bc11959fec273410af333e4d0ac?s=96&d=mm&r=g","url":"https:\/\/secure.gravatar.com\/avatar\/63ea8db1e19a6d2d608b24c0f78b5f3a7d6e0bc11959fec273410af333e4d0ac?s=96&d=mm&r=g","contentUrl":"https:\/\/secure.gravatar.com\/avatar\/63ea8db1e19a6d2d608b24c0f78b5f3a7d6e0bc11959fec273410af333e4d0ac?s=96&d=mm&r=g","caption":"Gayi Diawara"},"sameAs":["http:\/\/lequotidien.mr"],"url":"https:\/\/lequotidien.mr\/?author=5"}]}},"_links":{"self":[{"href":"https:\/\/lequotidien.mr\/index.php?rest_route=\/wp\/v2\/posts\/3058","targetHints":{"allow":["GET"]}}],"collection":[{"href":"https:\/\/lequotidien.mr\/index.php?rest_route=\/wp\/v2\/posts"}],"about":[{"href":"https:\/\/lequotidien.mr\/index.php?rest_route=\/wp\/v2\/types\/post"}],"author":[{"embeddable":true,"href":"https:\/\/lequotidien.mr\/index.php?rest_route=\/wp\/v2\/users\/5"}],"replies":[{"embeddable":true,"href":"https:\/\/lequotidien.mr\/index.php?rest_route=%2Fwp%2Fv2%2Fcomments&post=3058"}],"version-history":[{"count":1,"href":"https:\/\/lequotidien.mr\/index.php?rest_route=\/wp\/v2\/posts\/3058\/revisions"}],"predecessor-version":[{"id":3059,"href":"https:\/\/lequotidien.mr\/index.php?rest_route=\/wp\/v2\/posts\/3058\/revisions\/3059"}],"wp:featuredmedia":[{"embeddable":true,"href":"https:\/\/lequotidien.mr\/index.php?rest_route=\/wp\/v2\/media\/2490"}],"wp:attachment":[{"href":"https:\/\/lequotidien.mr\/index.php?rest_route=%2Fwp%2Fv2%2Fmedia&parent=3058"}],"wp:term":[{"taxonomy":"category","embeddable":true,"href":"https:\/\/lequotidien.mr\/index.php?rest_route=%2Fwp%2Fv2%2Fcategories&post=3058"},{"taxonomy":"post_tag","embeddable":true,"href":"https:\/\/lequotidien.mr\/index.php?rest_route=%2Fwp%2Fv2%2Ftags&post=3058"}],"curies":[{"name":"wp","href":"https:\/\/api.w.org\/{rel}","templated":true}]}}