{"id":30577,"date":"2025-09-01T12:08:54","date_gmt":"2025-09-01T12:08:54","guid":{"rendered":"https:\/\/lequotidien.mr\/?p=30577"},"modified":"2025-09-01T12:08:54","modified_gmt":"2025-09-01T12:08:54","slug":"le-president-el-ghazouani-a-abidjan-pour-linvestiture-de-m-sidi-tah-a-la-tete-de-la-bad","status":"publish","type":"post","link":"https:\/\/lequotidien.mr\/?p=30577&lang=fr","title":{"rendered":"Le Pr\u00e9sident El Ghazouani \u00e0 Abidjan pour l&#8217;investiture de M. Sidi Tah \u00e0 la t\u00eate de la BAD"},"content":{"rendered":"<p>Le Pr\u00e9sident de la R\u00e9publique, \u00a0<strong>Monsieur Mohamed Cheikh El Ghazouani<\/strong>, est arriv\u00e9 dans la soir\u00e9e de ce dimanche \u00e0 Abidjan, capitale \u00e9conomique ivoirienne. Le Chef de l&#8217;\u00c9tat mauritanien effectue ce d\u00e9placement pour repr\u00e9senter son pays et porter haut les couleurs nationales \u00e0 la c\u00e9r\u00e9monie solennelle d&#8217;investiture de l&#8217;\u00e9minent candidat mauritanien, <strong>Monsieur\u00a0Sidi Tah<\/strong>, \u00e9lu \u00e0 la pr\u00e9sidence du Groupe de la\u00a0<strong>Banque Africaine de D\u00e9veloppement (BAD)<\/strong>.<\/p>\n<p>D\u00e8s son arriv\u00e9e sur le tarmac de l&#8217;a\u00e9roport international F\u00e9lix Houphou\u00ebt-Boigny, le Pr\u00e9sident El Ghazouani a \u00e9t\u00e9 accueilli avec les honneurs dus \u00e0 son rang par le Premier ministre de la R\u00e9publique de C\u00f4te d&#8217;Ivoire, t\u00e9moignant des excellentes relations entre les deux pays. Notre ambassadeur en C\u00f4te d&#8217;Ivoire, <strong>Monsieur<\/strong>\u00a0<strong>Mohamed Abdallahi Khatra<\/strong>, ainsi que les membres de la mission diplomatique mauritanienne \u00e0 Abidjan, \u00e9taient \u00e9galement pr\u00e9sents pour souhaiter la bienvenue \u00e0 la d\u00e9l\u00e9gation pr\u00e9sidentielle.<\/p>\n<p>Le Pr\u00e9sident de la R\u00e9publique est accompagn\u00e9 d&#8217;une d\u00e9l\u00e9gation importante et de haut niveau, soulignant l&#8217;importance strat\u00e9gique que la Mauritanie accorde \u00e0 cette nomination et \u00e0 son engagement en faveur du d\u00e9veloppement du continent. Cette d\u00e9l\u00e9gation comprend :<\/p>\n<p><strong>M. Nani Chrougha<\/strong>, Ministre charg\u00e9 du Cabinet du Pr\u00e9sident de la R\u00e9publique ;<\/p>\n<p><strong>Mme A\u00efssata Ba Yahya<\/strong>, Ministre Conseill\u00e8re \u00e0 la Pr\u00e9sidence de la R\u00e9publique ;<\/p>\n<p><strong>M. Sid\u2019 Ahmed Bouh<\/strong>, Ministre de l\u2019\u00c9conomie et des Finances ;<\/p>\n<p><strong>M. Ahmed Bah dit Hmeida<\/strong>, Conseiller \u00e0 la Pr\u00e9sidence de la R\u00e9publique ;<\/p>\n<p><strong>M. Ahmed Baheni<\/strong>, Charg\u00e9 de mission \u00e0 la Pr\u00e9sidence de la R\u00e9publique ;<\/p>\n<p><strong>M. Sidi Moulaye Zein<\/strong>, Conseiller \u00e0 la Pr\u00e9sidence de la R\u00e9publique ;<\/p>\n<p><strong>M. Sid\u2019 Ahmed Eraiss<\/strong>, Conseiller \u00e0 la Pr\u00e9sidence de la R\u00e9publique ;<\/p>\n<p><strong>M. El Hassen Ahmed<\/strong>, Directeur G\u00e9n\u00e9ral du Protocole d\u2019\u00c9tat.<\/p>\n<p>Signe fort de la dimension \u00e9conomique de cet \u00e9v\u00e9nement, la d\u00e9l\u00e9gation est \u00e9galement compos\u00e9e d&#8217;une repr\u00e9sentation de l\u2019<strong>Union Nationale du Patronat Mauritanien (UNAP)<\/strong>, \u00e0 sa t\u00eate son Pr\u00e9sident, <strong>M. Mohamed Zein El Abidine Cheikh Ahmed<\/strong>.<\/p>\n<p>La pr\u00e9sence du Pr\u00e9sident Ghazouani \u00e0 cette c\u00e9r\u00e9monie d\u00e9passe le simple soutien protocolaire. Elle incarne la\u00a0fiert\u00e9 nationale\u00a0suscit\u00e9e par l&#8217;\u00e9lection de Sidi Tah, un fils du pays, \u00e0 la t\u00eate de l&#8217;une des institutions financi\u00e8res les plus importantes d&#8217;Afrique. Ce d\u00e9placement s&#8217;inscrit dans une vision de diplomatie active et de promotion des comp\u00e9tences mauritaniennes sur la sc\u00e8ne internationale.<\/p>\n<p>L&#8217;accession de M. Tah \u00e0 ce poste cl\u00e9 est per\u00e7ue comme une reconnaissance de l&#8217;expertise mauritanienne et une opportunit\u00e9 pour renforcer le r\u00f4le du pays dans les dynamiques de d\u00e9veloppement et d&#8217;int\u00e9gration \u00e9conomique du continent.<\/p>\n<p>La c\u00e9r\u00e9monie d&#8217;investiture, qui se d\u00e9roulera ce lundi au si\u00e8ge de la BAD, marquera ainsi un jour historique tant pour la carri\u00e8re de Sidi Tah que pour la diplomatie et le rayonnement de la R\u00e9publique Islamique de Mauritanie.<\/p>\n<p>&nbsp;<\/p>\n","protected":false},"excerpt":{"rendered":"<p>Le Pr\u00e9sident de la R\u00e9publique, \u00a0Monsieur Mohamed Cheikh El Ghazouani, est arriv\u00e9 dans la soir\u00e9e de ce dimanche \u00e0 Abidjan, capitale \u00e9conomique ivoirienne. Le Chef de l&#8217;\u00c9tat mauritanien effectue ce d\u00e9placement pour repr\u00e9senter son pays et porter haut les couleurs nationales \u00e0 la c\u00e9r\u00e9monie solennelle d&#8217;investiture de l&#8217;\u00e9minent candidat mauritanien, Monsieur\u00a0Sidi Tah, \u00e9lu \u00e0 la&#8230;..<\/p>\n","protected":false},"author":12,"featured_media":30578,"comment_status":"open","ping_status":"open","sticky":false,"template":"","format":"standard","meta":{"footnotes":""},"categories":[23,49],"tags":[],"class_list":["post-30577","post","type-post","status-publish","format-standard","has-post-thumbnail","hentry","category-actualite","category-economie"],"yoast_head":"<!-- This site is optimized with the Yoast SEO plugin v27.5 - https:\/\/yoast.com\/product\/yoast-seo-wordpress\/ -->\n<title>Le Pr\u00e9sident El Ghazouani \u00e0 Abidjan pour l&#039;investiture de M. Sidi Tah \u00e0 la t\u00eate de la BAD - Le Quotidien de Nouakchott<\/title>\n<meta name=\"robots\" content=\"index, follow, max-snippet:-1, max-image-preview:large, max-video-preview:-1\" \/>\n<link rel=\"canonical\" href=\"https:\/\/lequotidien.mr\/?p=30577&lang=fr\" \/>\n<meta property=\"og:locale\" content=\"ar_AR\" \/>\n<meta property=\"og:type\" content=\"article\" \/>\n<meta property=\"og:title\" content=\"Le Pr\u00e9sident El Ghazouani \u00e0 Abidjan pour l&#039;investiture de M. Sidi Tah \u00e0 la t\u00eate de la BAD - Le Quotidien de Nouakchott\" \/>\n<meta property=\"og:description\" content=\"Le Pr\u00e9sident de la R\u00e9publique, \u00a0Monsieur Mohamed Cheikh El Ghazouani, est arriv\u00e9 dans la soir\u00e9e de ce dimanche \u00e0 Abidjan, capitale \u00e9conomique ivoirienne. Le Chef de l&#8217;\u00c9tat mauritanien effectue ce d\u00e9placement pour repr\u00e9senter son pays et porter haut les couleurs nationales \u00e0 la c\u00e9r\u00e9monie solennelle d&#8217;investiture de l&#8217;\u00e9minent candidat mauritanien, Monsieur\u00a0Sidi Tah, \u00e9lu \u00e0 la.....\" \/>\n<meta property=\"og:url\" content=\"https:\/\/lequotidien.mr\/?p=30577&amp;lang=fr\" \/>\n<meta property=\"og:site_name\" content=\"Le Quotidien de Nouakchott\" \/>\n<meta property=\"article:publisher\" content=\"https:\/\/web.facebook.com\/lequotidienmr\" \/>\n<meta property=\"article:published_time\" content=\"2025-09-01T12:08:54+00:00\" \/>\n<meta property=\"og:image\" content=\"https:\/\/lequotidien.mr\/wp-content\/uploads\/2025\/09\/photo-Ghaouzani-_-Abidjan-_-BAD.jpg\" \/>\n\t<meta property=\"og:image:width\" content=\"768\" \/>\n\t<meta property=\"og:image:height\" content=\"596\" \/>\n\t<meta property=\"og:image:type\" content=\"image\/jpeg\" \/>\n<meta name=\"author\" content=\"Med Ahmed\" \/>\n<meta name=\"twitter:card\" content=\"summary_large_image\" \/>\n<meta name=\"twitter:creator\" content=\"@lequotidienmr\" \/>\n<meta name=\"twitter:site\" content=\"@lequotidienmr\" \/>\n<meta name=\"twitter:label1\" content=\"\u0643\u064f\u062a\u0628 \u0628\u0648\u0627\u0633\u0637\u0629\" \/>\n\t<meta name=\"twitter:data1\" content=\"Med Ahmed\" \/>\n\t<meta name=\"twitter:label2\" content=\"\u0648\u0642\u062a \u0627\u0644\u0642\u0631\u0627\u0621\u0629 \u0627\u0644\u0645\u064f\u0642\u062f\u0651\u0631\" \/>\n\t<meta name=\"twitter:data2\" content=\"4 \u062f\u0642\u0627\u0626\u0642\" \/>\n<script type=\"application\/ld+json\" class=\"yoast-schema-graph\">{\"@context\":\"https:\\\/\\\/schema.org\",\"@graph\":[{\"@type\":\"Article\",\"@id\":\"https:\\\/\\\/lequotidien.mr\\\/?p=30577&lang=fr#article\",\"isPartOf\":{\"@id\":\"https:\\\/\\\/lequotidien.mr\\\/?p=30577&lang=fr\"},\"author\":{\"name\":\"Med Ahmed\",\"@id\":\"https:\\\/\\\/lequotidien.mr\\\/#\\\/schema\\\/person\\\/d2d350202a4d599685ed8abc25f97596\"},\"headline\":\"Le Pr\u00e9sident El Ghazouani \u00e0 Abidjan pour l&#8217;investiture de M. Sidi Tah \u00e0 la t\u00eate de la BAD\",\"datePublished\":\"2025-09-01T12:08:54+00:00\",\"mainEntityOfPage\":{\"@id\":\"https:\\\/\\\/lequotidien.mr\\\/?p=30577&lang=fr\"},\"wordCount\":531,\"commentCount\":0,\"publisher\":{\"@id\":\"https:\\\/\\\/lequotidien.mr\\\/#organization\"},\"image\":{\"@id\":\"https:\\\/\\\/lequotidien.mr\\\/?p=30577&lang=fr#primaryimage\"},\"thumbnailUrl\":\"https:\\\/\\\/lequotidien.mr\\\/wp-content\\\/uploads\\\/2025\\\/09\\\/photo-Ghaouzani-_-Abidjan-_-BAD.jpg\",\"articleSection\":[\"ACTUALIT\u00c9\",\"Economie\"],\"inLanguage\":\"ar\",\"potentialAction\":[{\"@type\":\"CommentAction\",\"name\":\"Comment\",\"target\":[\"https:\\\/\\\/lequotidien.mr\\\/?p=30577&lang=fr#respond\"]}]},{\"@type\":\"WebPage\",\"@id\":\"https:\\\/\\\/lequotidien.mr\\\/?p=30577&lang=fr\",\"url\":\"https:\\\/\\\/lequotidien.mr\\\/?p=30577&lang=fr\",\"name\":\"Le Pr\u00e9sident El Ghazouani \u00e0 Abidjan pour l'investiture de M. Sidi Tah \u00e0 la t\u00eate de la BAD - Le Quotidien de Nouakchott\",\"isPartOf\":{\"@id\":\"https:\\\/\\\/lequotidien.mr\\\/#website\"},\"primaryImageOfPage\":{\"@id\":\"https:\\\/\\\/lequotidien.mr\\\/?p=30577&lang=fr#primaryimage\"},\"image\":{\"@id\":\"https:\\\/\\\/lequotidien.mr\\\/?p=30577&lang=fr#primaryimage\"},\"thumbnailUrl\":\"https:\\\/\\\/lequotidien.mr\\\/wp-content\\\/uploads\\\/2025\\\/09\\\/photo-Ghaouzani-_-Abidjan-_-BAD.jpg\",\"datePublished\":\"2025-09-01T12:08:54+00:00\",\"breadcrumb\":{\"@id\":\"https:\\\/\\\/lequotidien.mr\\\/?p=30577&lang=fr#breadcrumb\"},\"inLanguage\":\"ar\",\"potentialAction\":[{\"@type\":\"ReadAction\",\"target\":[\"https:\\\/\\\/lequotidien.mr\\\/?p=30577&lang=fr\"]}]},{\"@type\":\"ImageObject\",\"inLanguage\":\"ar\",\"@id\":\"https:\\\/\\\/lequotidien.mr\\\/?p=30577&lang=fr#primaryimage\",\"url\":\"https:\\\/\\\/lequotidien.mr\\\/wp-content\\\/uploads\\\/2025\\\/09\\\/photo-Ghaouzani-_-Abidjan-_-BAD.jpg\",\"contentUrl\":\"https:\\\/\\\/lequotidien.mr\\\/wp-content\\\/uploads\\\/2025\\\/09\\\/photo-Ghaouzani-_-Abidjan-_-BAD.jpg\",\"width\":768,\"height\":596},{\"@type\":\"BreadcrumbList\",\"@id\":\"https:\\\/\\\/lequotidien.mr\\\/?p=30577&lang=fr#breadcrumb\",\"itemListElement\":[{\"@type\":\"ListItem\",\"position\":1,\"name\":\"Home\",\"item\":\"https:\\\/\\\/lequotidien.mr\\\/\"},{\"@type\":\"ListItem\",\"position\":2,\"name\":\"Le Pr\u00e9sident El Ghazouani \u00e0 Abidjan pour l&rsquo;investiture de M. Sidi Tah \u00e0 la t\u00eate de la BAD\"}]},{\"@type\":\"WebSite\",\"@id\":\"https:\\\/\\\/lequotidien.mr\\\/#website\",\"url\":\"https:\\\/\\\/lequotidien.mr\\\/\",\"name\":\"Le Quotidien de Nouakchott\",\"description\":\"\u0625\u062e\u0628\u0627\u0631\u064a\u0629 \u0645\u0633\u062a\u0642\u0644\u0629 \u0644\u0644\u0623\u0646\u0628\u0627\u0621 \u0627\u0644\u0639\u0627\u0645\u0629\",\"publisher\":{\"@id\":\"https:\\\/\\\/lequotidien.mr\\\/#organization\"},\"potentialAction\":[{\"@type\":\"SearchAction\",\"target\":{\"@type\":\"EntryPoint\",\"urlTemplate\":\"https:\\\/\\\/lequotidien.mr\\\/?s={search_term_string}\"},\"query-input\":{\"@type\":\"PropertyValueSpecification\",\"valueRequired\":true,\"valueName\":\"search_term_string\"}}],\"inLanguage\":\"ar\"},{\"@type\":\"Organization\",\"@id\":\"https:\\\/\\\/lequotidien.mr\\\/#organization\",\"name\":\"Le Quotidien de Nouakchott\",\"url\":\"https:\\\/\\\/lequotidien.mr\\\/\",\"logo\":{\"@type\":\"ImageObject\",\"inLanguage\":\"ar\",\"@id\":\"https:\\\/\\\/lequotidien.mr\\\/#\\\/schema\\\/logo\\\/image\\\/\",\"url\":\"https:\\\/\\\/lequotidien.mr\\\/wp-content\\\/uploads\\\/2022\\\/11\\\/logolequotidien.jpg\",\"contentUrl\":\"https:\\\/\\\/lequotidien.mr\\\/wp-content\\\/uploads\\\/2022\\\/11\\\/logolequotidien.jpg\",\"width\":290,\"height\":65,\"caption\":\"Le Quotidien de Nouakchott\"},\"image\":{\"@id\":\"https:\\\/\\\/lequotidien.mr\\\/#\\\/schema\\\/logo\\\/image\\\/\"},\"sameAs\":[\"https:\\\/\\\/web.facebook.com\\\/lequotidienmr\",\"https:\\\/\\\/x.com\\\/lequotidienmr\"]},{\"@type\":\"Person\",\"@id\":\"https:\\\/\\\/lequotidien.mr\\\/#\\\/schema\\\/person\\\/d2d350202a4d599685ed8abc25f97596\",\"name\":\"Med Ahmed\",\"image\":{\"@type\":\"ImageObject\",\"inLanguage\":\"ar\",\"@id\":\"https:\\\/\\\/secure.gravatar.com\\\/avatar\\\/fd2acc62ed50732923d1d39c17172c9b04149f142be92310ecc69e1358f94b52?s=96&d=mm&r=g\",\"url\":\"https:\\\/\\\/secure.gravatar.com\\\/avatar\\\/fd2acc62ed50732923d1d39c17172c9b04149f142be92310ecc69e1358f94b52?s=96&d=mm&r=g\",\"contentUrl\":\"https:\\\/\\\/secure.gravatar.com\\\/avatar\\\/fd2acc62ed50732923d1d39c17172c9b04149f142be92310ecc69e1358f94b52?s=96&d=mm&r=g\",\"caption\":\"Med Ahmed\"},\"url\":\"https:\\\/\\\/lequotidien.mr\\\/?author=12\"}]}<\/script>\n<!-- \/ Yoast SEO plugin. -->","yoast_head_json":{"title":"Le Pr\u00e9sident El Ghazouani \u00e0 Abidjan pour l'investiture de M. Sidi Tah \u00e0 la t\u00eate de la BAD - Le Quotidien de Nouakchott","robots":{"index":"index","follow":"follow","max-snippet":"max-snippet:-1","max-image-preview":"max-image-preview:large","max-video-preview":"max-video-preview:-1"},"canonical":"https:\/\/lequotidien.mr\/?p=30577&lang=fr","og_locale":"ar_AR","og_type":"article","og_title":"Le Pr\u00e9sident El Ghazouani \u00e0 Abidjan pour l'investiture de M. Sidi Tah \u00e0 la t\u00eate de la BAD - Le Quotidien de Nouakchott","og_description":"Le Pr\u00e9sident de la R\u00e9publique, \u00a0Monsieur Mohamed Cheikh El Ghazouani, est arriv\u00e9 dans la soir\u00e9e de ce dimanche \u00e0 Abidjan, capitale \u00e9conomique ivoirienne. Le Chef de l&#8217;\u00c9tat mauritanien effectue ce d\u00e9placement pour repr\u00e9senter son pays et porter haut les couleurs nationales \u00e0 la c\u00e9r\u00e9monie solennelle d&#8217;investiture de l&#8217;\u00e9minent candidat mauritanien, Monsieur\u00a0Sidi Tah, \u00e9lu \u00e0 la.....","og_url":"https:\/\/lequotidien.mr\/?p=30577&lang=fr","og_site_name":"Le Quotidien de Nouakchott","article_publisher":"https:\/\/web.facebook.com\/lequotidienmr","article_published_time":"2025-09-01T12:08:54+00:00","og_image":[{"width":768,"height":596,"url":"https:\/\/lequotidien.mr\/wp-content\/uploads\/2025\/09\/photo-Ghaouzani-_-Abidjan-_-BAD.jpg","type":"image\/jpeg"}],"author":"Med Ahmed","twitter_card":"summary_large_image","twitter_creator":"@lequotidienmr","twitter_site":"@lequotidienmr","twitter_misc":{"\u0643\u064f\u062a\u0628 \u0628\u0648\u0627\u0633\u0637\u0629":"Med Ahmed","\u0648\u0642\u062a \u0627\u0644\u0642\u0631\u0627\u0621\u0629 \u0627\u0644\u0645\u064f\u0642\u062f\u0651\u0631":"4 \u062f\u0642\u0627\u0626\u0642"},"schema":{"@context":"https:\/\/schema.org","@graph":[{"@type":"Article","@id":"https:\/\/lequotidien.mr\/?p=30577&lang=fr#article","isPartOf":{"@id":"https:\/\/lequotidien.mr\/?p=30577&lang=fr"},"author":{"name":"Med Ahmed","@id":"https:\/\/lequotidien.mr\/#\/schema\/person\/d2d350202a4d599685ed8abc25f97596"},"headline":"Le Pr\u00e9sident El Ghazouani \u00e0 Abidjan pour l&#8217;investiture de M. Sidi Tah \u00e0 la t\u00eate de la BAD","datePublished":"2025-09-01T12:08:54+00:00","mainEntityOfPage":{"@id":"https:\/\/lequotidien.mr\/?p=30577&lang=fr"},"wordCount":531,"commentCount":0,"publisher":{"@id":"https:\/\/lequotidien.mr\/#organization"},"image":{"@id":"https:\/\/lequotidien.mr\/?p=30577&lang=fr#primaryimage"},"thumbnailUrl":"https:\/\/lequotidien.mr\/wp-content\/uploads\/2025\/09\/photo-Ghaouzani-_-Abidjan-_-BAD.jpg","articleSection":["ACTUALIT\u00c9","Economie"],"inLanguage":"ar","potentialAction":[{"@type":"CommentAction","name":"Comment","target":["https:\/\/lequotidien.mr\/?p=30577&lang=fr#respond"]}]},{"@type":"WebPage","@id":"https:\/\/lequotidien.mr\/?p=30577&lang=fr","url":"https:\/\/lequotidien.mr\/?p=30577&lang=fr","name":"Le Pr\u00e9sident El Ghazouani \u00e0 Abidjan pour l'investiture de M. Sidi Tah \u00e0 la t\u00eate de la BAD - Le Quotidien de Nouakchott","isPartOf":{"@id":"https:\/\/lequotidien.mr\/#website"},"primaryImageOfPage":{"@id":"https:\/\/lequotidien.mr\/?p=30577&lang=fr#primaryimage"},"image":{"@id":"https:\/\/lequotidien.mr\/?p=30577&lang=fr#primaryimage"},"thumbnailUrl":"https:\/\/lequotidien.mr\/wp-content\/uploads\/2025\/09\/photo-Ghaouzani-_-Abidjan-_-BAD.jpg","datePublished":"2025-09-01T12:08:54+00:00","breadcrumb":{"@id":"https:\/\/lequotidien.mr\/?p=30577&lang=fr#breadcrumb"},"inLanguage":"ar","potentialAction":[{"@type":"ReadAction","target":["https:\/\/lequotidien.mr\/?p=30577&lang=fr"]}]},{"@type":"ImageObject","inLanguage":"ar","@id":"https:\/\/lequotidien.mr\/?p=30577&lang=fr#primaryimage","url":"https:\/\/lequotidien.mr\/wp-content\/uploads\/2025\/09\/photo-Ghaouzani-_-Abidjan-_-BAD.jpg","contentUrl":"https:\/\/lequotidien.mr\/wp-content\/uploads\/2025\/09\/photo-Ghaouzani-_-Abidjan-_-BAD.jpg","width":768,"height":596},{"@type":"BreadcrumbList","@id":"https:\/\/lequotidien.mr\/?p=30577&lang=fr#breadcrumb","itemListElement":[{"@type":"ListItem","position":1,"name":"Home","item":"https:\/\/lequotidien.mr\/"},{"@type":"ListItem","position":2,"name":"Le Pr\u00e9sident El Ghazouani \u00e0 Abidjan pour l&rsquo;investiture de M. Sidi Tah \u00e0 la t\u00eate de la BAD"}]},{"@type":"WebSite","@id":"https:\/\/lequotidien.mr\/#website","url":"https:\/\/lequotidien.mr\/","name":"Le Quotidien de Nouakchott","description":"\u0625\u062e\u0628\u0627\u0631\u064a\u0629 \u0645\u0633\u062a\u0642\u0644\u0629 \u0644\u0644\u0623\u0646\u0628\u0627\u0621 \u0627\u0644\u0639\u0627\u0645\u0629","publisher":{"@id":"https:\/\/lequotidien.mr\/#organization"},"potentialAction":[{"@type":"SearchAction","target":{"@type":"EntryPoint","urlTemplate":"https:\/\/lequotidien.mr\/?s={search_term_string}"},"query-input":{"@type":"PropertyValueSpecification","valueRequired":true,"valueName":"search_term_string"}}],"inLanguage":"ar"},{"@type":"Organization","@id":"https:\/\/lequotidien.mr\/#organization","name":"Le Quotidien de Nouakchott","url":"https:\/\/lequotidien.mr\/","logo":{"@type":"ImageObject","inLanguage":"ar","@id":"https:\/\/lequotidien.mr\/#\/schema\/logo\/image\/","url":"https:\/\/lequotidien.mr\/wp-content\/uploads\/2022\/11\/logolequotidien.jpg","contentUrl":"https:\/\/lequotidien.mr\/wp-content\/uploads\/2022\/11\/logolequotidien.jpg","width":290,"height":65,"caption":"Le Quotidien de Nouakchott"},"image":{"@id":"https:\/\/lequotidien.mr\/#\/schema\/logo\/image\/"},"sameAs":["https:\/\/web.facebook.com\/lequotidienmr","https:\/\/x.com\/lequotidienmr"]},{"@type":"Person","@id":"https:\/\/lequotidien.mr\/#\/schema\/person\/d2d350202a4d599685ed8abc25f97596","name":"Med Ahmed","image":{"@type":"ImageObject","inLanguage":"ar","@id":"https:\/\/secure.gravatar.com\/avatar\/fd2acc62ed50732923d1d39c17172c9b04149f142be92310ecc69e1358f94b52?s=96&d=mm&r=g","url":"https:\/\/secure.gravatar.com\/avatar\/fd2acc62ed50732923d1d39c17172c9b04149f142be92310ecc69e1358f94b52?s=96&d=mm&r=g","contentUrl":"https:\/\/secure.gravatar.com\/avatar\/fd2acc62ed50732923d1d39c17172c9b04149f142be92310ecc69e1358f94b52?s=96&d=mm&r=g","caption":"Med Ahmed"},"url":"https:\/\/lequotidien.mr\/?author=12"}]}},"_links":{"self":[{"href":"https:\/\/lequotidien.mr\/index.php?rest_route=\/wp\/v2\/posts\/30577","targetHints":{"allow":["GET"]}}],"collection":[{"href":"https:\/\/lequotidien.mr\/index.php?rest_route=\/wp\/v2\/posts"}],"about":[{"href":"https:\/\/lequotidien.mr\/index.php?rest_route=\/wp\/v2\/types\/post"}],"author":[{"embeddable":true,"href":"https:\/\/lequotidien.mr\/index.php?rest_route=\/wp\/v2\/users\/12"}],"replies":[{"embeddable":true,"href":"https:\/\/lequotidien.mr\/index.php?rest_route=%2Fwp%2Fv2%2Fcomments&post=30577"}],"version-history":[{"count":1,"href":"https:\/\/lequotidien.mr\/index.php?rest_route=\/wp\/v2\/posts\/30577\/revisions"}],"predecessor-version":[{"id":30579,"href":"https:\/\/lequotidien.mr\/index.php?rest_route=\/wp\/v2\/posts\/30577\/revisions\/30579"}],"wp:featuredmedia":[{"embeddable":true,"href":"https:\/\/lequotidien.mr\/index.php?rest_route=\/wp\/v2\/media\/30578"}],"wp:attachment":[{"href":"https:\/\/lequotidien.mr\/index.php?rest_route=%2Fwp%2Fv2%2Fmedia&parent=30577"}],"wp:term":[{"taxonomy":"category","embeddable":true,"href":"https:\/\/lequotidien.mr\/index.php?rest_route=%2Fwp%2Fv2%2Fcategories&post=30577"},{"taxonomy":"post_tag","embeddable":true,"href":"https:\/\/lequotidien.mr\/index.php?rest_route=%2Fwp%2Fv2%2Ftags&post=30577"}],"curies":[{"name":"wp","href":"https:\/\/api.w.org\/{rel}","templated":true}]}}