{"id":30571,"date":"2025-09-01T11:21:11","date_gmt":"2025-09-01T11:21:11","guid":{"rendered":"https:\/\/lequotidien.mr\/?p=30571"},"modified":"2025-09-01T11:21:11","modified_gmt":"2025-09-01T11:21:11","slug":"hodh-charghi-inauguration-de-13-barrages-agricoles-pour-booster-la-souverainete-alimentaire","status":"publish","type":"post","link":"https:\/\/lequotidien.mr\/?p=30571&lang=fr","title":{"rendered":"Hodh Charghi : Inauguration de 13 barrages agricoles pour booster la souverainet\u00e9 alimentaire"},"content":{"rendered":"<p>Le Ministre de l\u2019Agriculture et de la Souverainet\u00e9 alimentaire, M. Memm\u00e9 Beybata, accompagn\u00e9 du wali du Hodh Charghi, M. Isselmou Sidi, a inaugur\u00e9, ce dimanche dans la commune de Bougadoum (moughataa d\u2019Amourj),\u00a0<strong>treize nouveaux barrages agricoles<\/strong>. R\u00e9alis\u00e9s dans le cadre du programme sp\u00e9cial de d\u00e9veloppement de la wilaya \u00ab Al-Soumoud \u00bb, ces ouvrages sont imm\u00e9diatement op\u00e9rationnels pour la saison agricole en cours.<\/p>\n<p><strong>Un investissement majeur pour l&#8217;agriculture r\u00e9gionale<\/strong><\/p>\n<p>D&#8217;un co\u00fbt total d\u00e9passant\u00a0<strong>1,6 milliard d&#8217;anciennes ouguiyas<\/strong>, ces barrages sont le fruit d&#8217;un programme contractuel entre l&#8217;\u00c9tat mauritanien et la Soci\u00e9t\u00e9 Nationale d\u2019Am\u00e9nagement Agricole et des Travaux (SNAT), r\u00e9alis\u00e9s sous la supervision technique de la Direction de l\u2019Am\u00e9nagement Rural. Avec une superficie totale irrigable de\u00a0<strong>1 186 hectares<\/strong>, ils sont r\u00e9partis dans les communes d\u2019Oum Avnadech, Beri Bava, Hassi Atila, Al-Baten, Bougadoum, Jiki, Adel Bagrou, Adh-Har, Igleik Ahel BoY\u00e9 et Koumbi Saleh.<\/p>\n<p>Lors de la c\u00e9r\u00e9monie d&#8217;inauguration, le Ministre Memm\u00e9 Beybata a prononc\u00e9 un discours saluant cette r\u00e9alisation comme une pierre angulaire de la\u00a0<em><strong>&#8220;transformation et de la renaissance agricole&#8221;<\/strong><\/em>\u00a0du pays. Il a attribu\u00e9 ce dynamisme aux directives du Pr\u00e9sident de la R\u00e9publique, Son Excellence M. Mohamed Cheikh El Ghazouani, et \u00e0 la volont\u00e9 du gouvernement de Monsieur le Premier Ministre, M. El Mocar Djay, de les concr\u00e9tiser sur le terrain.<\/p>\n<p>\u00ab L\u2019agriculture a connu un d\u00e9veloppement consid\u00e9rable au cours des derni\u00e8res ann\u00e9es, entra\u00eenant une augmentation significative des superficies et de la production \u00bb, a-t-il d\u00e9clar\u00e9. Il a mis en avant l\u2019introduction de la\u00a0<strong>m\u00e9canisation agricole<\/strong>, avec la distribution de tracteurs aux conseils r\u00e9gionaux, comme un facteur cl\u00e9 ayant contribu\u00e9 \u00e0 l&#8217;extension des surfaces cultiv\u00e9es, \u00e0 l&#8217;am\u00e9lioration de la production et \u00e0 la lutte contre le ch\u00f4mage.<\/p>\n<p>Cependant, le Ministre a averti : \u00ab Ces r\u00e9alisations resteront d\u2019un impact limit\u00e9 si elles ne sont pas accompagn\u00e9es d\u2019une volont\u00e9 sinc\u00e8re et d\u2019un travail acharn\u00e9 \u00bb. Il a appel\u00e9 \u00e0 faire de l\u2019agriculture une priorit\u00e9 nationale pour\u00a0<em><strong>\u00ab produire tout ce que nous consommons \u00bb<\/strong><\/em>, objectif fondamental pour atteindre la souverainet\u00e9 alimentaire, pilier de la s\u00e9curit\u00e9 et de la stabilit\u00e9.<\/p>\n<p><strong>Des retomb\u00e9es attendues sur les populations<\/strong><\/p>\n<p>Le pr\u00e9sident de la r\u00e9gion du Hodh Charghi, M. Mohamed Tijani, a pour sa part soulign\u00e9 le\u00a0<strong>r\u00f4le multidimensionnel<\/strong>\u00a0de ces infrastructures. \u00ab Ces barrages sont cruciaux pour augmenter la production agricole, alimenter les nappes phr\u00e9atiques et fournir des moyens de subsistance d\u00e9cents aux populations rurales \u00bb, a-t-il affirm\u00e9, en insistant sur la n\u00e9cessit\u00e9 de\u00a0<strong>prot\u00e9ger et d\u2019entretenir<\/strong>\u00a0ces acquis pour le bien-\u00eatre commun.<\/p>\n<p>Le maire de Bougadoum, M. Bey\u00e9 Ould Fadili, a salu\u00e9 l\u2019attention particuli\u00e8re accord\u00e9e par le Pr\u00e9sident de la R\u00e9publique et le gouvernement au d\u00e9veloppement de sa commune et de la wilaya, notant que les actions men\u00e9es ont d\u00e9j\u00e0 des retomb\u00e9es tangibles sur les plans \u00e9conomique et social.<\/p>\n<p>Porte-parole des b\u00e9n\u00e9ficiaires, M. Cheikh Ould Sidi Mohamed a exprim\u00e9 la\u00a0gratitude\u00a0des agriculteurs pour le barrage de Bougadoum. Il a toutefois formul\u00e9 des demandes pour renforcer davantage le secteur : poursuite du soutien en formation et encadrement, am\u00e9nagement de nouvelles terres, construction de quatre barrages compl\u00e9mentaires (Bouzghala, Al-Ghardane, etc.), et soutien accru \u00e0 la culture mara\u00eech\u00e8re et aux coop\u00e9ratives agricoles f\u00e9minines.<\/p>\n<p>Pour clore la visite, le ministre Beybata s&#8217;est rendu au barrage\u00a0<strong>\u00ab Al-Benyat \u00bb<\/strong>, r\u00e9alis\u00e9 par la SNAT. Cet ouvrage, qui s&#8217;\u00e9tend sur 38 hectares, symbolise \u00e0 lui seul l&#8217;ambition du programme \u00ab Al-Soumoud \u00bb : transformer le Hodh Charghi en un haut lieu de la production agricole nationale, concr\u00e9tisant ainsi la vision strat\u00e9gique d&#8217;une Mauritanie souveraine sur le plan alimentaire.<\/p>\n","protected":false},"excerpt":{"rendered":"<p>Le Ministre de l\u2019Agriculture et de la Souverainet\u00e9 alimentaire, M. Memm\u00e9 Beybata, accompagn\u00e9 du wali du Hodh Charghi, M. Isselmou Sidi, a inaugur\u00e9, ce dimanche dans la commune de Bougadoum (moughataa d\u2019Amourj),\u00a0treize nouveaux barrages agricoles. R\u00e9alis\u00e9s dans le cadre du programme sp\u00e9cial de d\u00e9veloppement de la wilaya \u00ab Al-Soumoud \u00bb, ces ouvrages sont imm\u00e9diatement op\u00e9rationnels&#8230;..<\/p>\n","protected":false},"author":12,"featured_media":30572,"comment_status":"open","ping_status":"open","sticky":false,"template":"","format":"standard","meta":{"footnotes":""},"categories":[23,49],"tags":[],"class_list":["post-30571","post","type-post","status-publish","format-standard","has-post-thumbnail","hentry","category-actualite","category-economie"],"yoast_head":"<!-- This site is optimized with the Yoast SEO plugin v27.5 - https:\/\/yoast.com\/product\/yoast-seo-wordpress\/ -->\n<title>Hodh Charghi : Inauguration de 13 barrages agricoles pour booster la souverainet\u00e9 alimentaire - Le Quotidien de Nouakchott<\/title>\n<meta name=\"robots\" content=\"index, follow, max-snippet:-1, max-image-preview:large, max-video-preview:-1\" \/>\n<link rel=\"canonical\" href=\"https:\/\/lequotidien.mr\/?p=30571&lang=fr\" \/>\n<meta property=\"og:locale\" content=\"ar_AR\" \/>\n<meta property=\"og:type\" content=\"article\" \/>\n<meta property=\"og:title\" content=\"Hodh Charghi : Inauguration de 13 barrages agricoles pour booster la souverainet\u00e9 alimentaire - Le Quotidien de Nouakchott\" \/>\n<meta property=\"og:description\" content=\"Le Ministre de l\u2019Agriculture et de la Souverainet\u00e9 alimentaire, M. Memm\u00e9 Beybata, accompagn\u00e9 du wali du Hodh Charghi, M. Isselmou Sidi, a inaugur\u00e9, ce dimanche dans la commune de Bougadoum (moughataa d\u2019Amourj),\u00a0treize nouveaux barrages agricoles. R\u00e9alis\u00e9s dans le cadre du programme sp\u00e9cial de d\u00e9veloppement de la wilaya \u00ab Al-Soumoud \u00bb, ces ouvrages sont imm\u00e9diatement op\u00e9rationnels.....\" \/>\n<meta property=\"og:url\" content=\"https:\/\/lequotidien.mr\/?p=30571&amp;lang=fr\" \/>\n<meta property=\"og:site_name\" content=\"Le Quotidien de Nouakchott\" \/>\n<meta property=\"article:publisher\" content=\"https:\/\/web.facebook.com\/lequotidienmr\" \/>\n<meta property=\"article:published_time\" content=\"2025-09-01T11:21:11+00:00\" \/>\n<meta property=\"og:image\" content=\"https:\/\/lequotidien.mr\/wp-content\/uploads\/2025\/09\/photo-barrages.gif\" \/>\n\t<meta property=\"og:image:width\" content=\"768\" \/>\n\t<meta property=\"og:image:height\" content=\"924\" \/>\n\t<meta property=\"og:image:type\" content=\"image\/gif\" \/>\n<meta name=\"author\" content=\"Med Ahmed\" \/>\n<meta name=\"twitter:card\" content=\"summary_large_image\" \/>\n<meta name=\"twitter:creator\" content=\"@lequotidienmr\" \/>\n<meta name=\"twitter:site\" content=\"@lequotidienmr\" \/>\n<meta name=\"twitter:label1\" content=\"\u0643\u064f\u062a\u0628 \u0628\u0648\u0627\u0633\u0637\u0629\" \/>\n\t<meta name=\"twitter:data1\" content=\"Med Ahmed\" \/>\n\t<meta name=\"twitter:label2\" content=\"\u0648\u0642\u062a \u0627\u0644\u0642\u0631\u0627\u0621\u0629 \u0627\u0644\u0645\u064f\u0642\u062f\u0651\u0631\" \/>\n\t<meta name=\"twitter:data2\" content=\"5 \u062f\u0642\u0627\u0626\u0642\" \/>\n<script type=\"application\/ld+json\" class=\"yoast-schema-graph\">{\"@context\":\"https:\\\/\\\/schema.org\",\"@graph\":[{\"@type\":\"Article\",\"@id\":\"https:\\\/\\\/lequotidien.mr\\\/?p=30571&lang=fr#article\",\"isPartOf\":{\"@id\":\"https:\\\/\\\/lequotidien.mr\\\/?p=30571&lang=fr\"},\"author\":{\"name\":\"Med Ahmed\",\"@id\":\"https:\\\/\\\/lequotidien.mr\\\/#\\\/schema\\\/person\\\/d2d350202a4d599685ed8abc25f97596\"},\"headline\":\"Hodh Charghi : Inauguration de 13 barrages agricoles pour booster la souverainet\u00e9 alimentaire\",\"datePublished\":\"2025-09-01T11:21:11+00:00\",\"mainEntityOfPage\":{\"@id\":\"https:\\\/\\\/lequotidien.mr\\\/?p=30571&lang=fr\"},\"wordCount\":650,\"commentCount\":0,\"publisher\":{\"@id\":\"https:\\\/\\\/lequotidien.mr\\\/#organization\"},\"image\":{\"@id\":\"https:\\\/\\\/lequotidien.mr\\\/?p=30571&lang=fr#primaryimage\"},\"thumbnailUrl\":\"https:\\\/\\\/lequotidien.mr\\\/wp-content\\\/uploads\\\/2025\\\/09\\\/photo-barrages.gif\",\"articleSection\":[\"ACTUALIT\u00c9\",\"Economie\"],\"inLanguage\":\"ar\",\"potentialAction\":[{\"@type\":\"CommentAction\",\"name\":\"Comment\",\"target\":[\"https:\\\/\\\/lequotidien.mr\\\/?p=30571&lang=fr#respond\"]}]},{\"@type\":\"WebPage\",\"@id\":\"https:\\\/\\\/lequotidien.mr\\\/?p=30571&lang=fr\",\"url\":\"https:\\\/\\\/lequotidien.mr\\\/?p=30571&lang=fr\",\"name\":\"Hodh Charghi : Inauguration de 13 barrages agricoles pour booster la souverainet\u00e9 alimentaire - Le Quotidien de Nouakchott\",\"isPartOf\":{\"@id\":\"https:\\\/\\\/lequotidien.mr\\\/#website\"},\"primaryImageOfPage\":{\"@id\":\"https:\\\/\\\/lequotidien.mr\\\/?p=30571&lang=fr#primaryimage\"},\"image\":{\"@id\":\"https:\\\/\\\/lequotidien.mr\\\/?p=30571&lang=fr#primaryimage\"},\"thumbnailUrl\":\"https:\\\/\\\/lequotidien.mr\\\/wp-content\\\/uploads\\\/2025\\\/09\\\/photo-barrages.gif\",\"datePublished\":\"2025-09-01T11:21:11+00:00\",\"breadcrumb\":{\"@id\":\"https:\\\/\\\/lequotidien.mr\\\/?p=30571&lang=fr#breadcrumb\"},\"inLanguage\":\"ar\",\"potentialAction\":[{\"@type\":\"ReadAction\",\"target\":[\"https:\\\/\\\/lequotidien.mr\\\/?p=30571&lang=fr\"]}]},{\"@type\":\"ImageObject\",\"inLanguage\":\"ar\",\"@id\":\"https:\\\/\\\/lequotidien.mr\\\/?p=30571&lang=fr#primaryimage\",\"url\":\"https:\\\/\\\/lequotidien.mr\\\/wp-content\\\/uploads\\\/2025\\\/09\\\/photo-barrages.gif\",\"contentUrl\":\"https:\\\/\\\/lequotidien.mr\\\/wp-content\\\/uploads\\\/2025\\\/09\\\/photo-barrages.gif\",\"width\":768,\"height\":924},{\"@type\":\"BreadcrumbList\",\"@id\":\"https:\\\/\\\/lequotidien.mr\\\/?p=30571&lang=fr#breadcrumb\",\"itemListElement\":[{\"@type\":\"ListItem\",\"position\":1,\"name\":\"Home\",\"item\":\"https:\\\/\\\/lequotidien.mr\\\/\"},{\"@type\":\"ListItem\",\"position\":2,\"name\":\"Hodh Charghi : Inauguration de 13 barrages agricoles pour booster la souverainet\u00e9 alimentaire\"}]},{\"@type\":\"WebSite\",\"@id\":\"https:\\\/\\\/lequotidien.mr\\\/#website\",\"url\":\"https:\\\/\\\/lequotidien.mr\\\/\",\"name\":\"Le Quotidien de Nouakchott\",\"description\":\"\u0625\u062e\u0628\u0627\u0631\u064a\u0629 \u0645\u0633\u062a\u0642\u0644\u0629 \u0644\u0644\u0623\u0646\u0628\u0627\u0621 \u0627\u0644\u0639\u0627\u0645\u0629\",\"publisher\":{\"@id\":\"https:\\\/\\\/lequotidien.mr\\\/#organization\"},\"potentialAction\":[{\"@type\":\"SearchAction\",\"target\":{\"@type\":\"EntryPoint\",\"urlTemplate\":\"https:\\\/\\\/lequotidien.mr\\\/?s={search_term_string}\"},\"query-input\":{\"@type\":\"PropertyValueSpecification\",\"valueRequired\":true,\"valueName\":\"search_term_string\"}}],\"inLanguage\":\"ar\"},{\"@type\":\"Organization\",\"@id\":\"https:\\\/\\\/lequotidien.mr\\\/#organization\",\"name\":\"Le Quotidien de Nouakchott\",\"url\":\"https:\\\/\\\/lequotidien.mr\\\/\",\"logo\":{\"@type\":\"ImageObject\",\"inLanguage\":\"ar\",\"@id\":\"https:\\\/\\\/lequotidien.mr\\\/#\\\/schema\\\/logo\\\/image\\\/\",\"url\":\"https:\\\/\\\/lequotidien.mr\\\/wp-content\\\/uploads\\\/2022\\\/11\\\/logolequotidien.jpg\",\"contentUrl\":\"https:\\\/\\\/lequotidien.mr\\\/wp-content\\\/uploads\\\/2022\\\/11\\\/logolequotidien.jpg\",\"width\":290,\"height\":65,\"caption\":\"Le Quotidien de Nouakchott\"},\"image\":{\"@id\":\"https:\\\/\\\/lequotidien.mr\\\/#\\\/schema\\\/logo\\\/image\\\/\"},\"sameAs\":[\"https:\\\/\\\/web.facebook.com\\\/lequotidienmr\",\"https:\\\/\\\/x.com\\\/lequotidienmr\"]},{\"@type\":\"Person\",\"@id\":\"https:\\\/\\\/lequotidien.mr\\\/#\\\/schema\\\/person\\\/d2d350202a4d599685ed8abc25f97596\",\"name\":\"Med Ahmed\",\"image\":{\"@type\":\"ImageObject\",\"inLanguage\":\"ar\",\"@id\":\"https:\\\/\\\/secure.gravatar.com\\\/avatar\\\/fd2acc62ed50732923d1d39c17172c9b04149f142be92310ecc69e1358f94b52?s=96&d=mm&r=g\",\"url\":\"https:\\\/\\\/secure.gravatar.com\\\/avatar\\\/fd2acc62ed50732923d1d39c17172c9b04149f142be92310ecc69e1358f94b52?s=96&d=mm&r=g\",\"contentUrl\":\"https:\\\/\\\/secure.gravatar.com\\\/avatar\\\/fd2acc62ed50732923d1d39c17172c9b04149f142be92310ecc69e1358f94b52?s=96&d=mm&r=g\",\"caption\":\"Med Ahmed\"},\"url\":\"https:\\\/\\\/lequotidien.mr\\\/?author=12\"}]}<\/script>\n<!-- \/ Yoast SEO plugin. -->","yoast_head_json":{"title":"Hodh Charghi : Inauguration de 13 barrages agricoles pour booster la souverainet\u00e9 alimentaire - Le Quotidien de Nouakchott","robots":{"index":"index","follow":"follow","max-snippet":"max-snippet:-1","max-image-preview":"max-image-preview:large","max-video-preview":"max-video-preview:-1"},"canonical":"https:\/\/lequotidien.mr\/?p=30571&lang=fr","og_locale":"ar_AR","og_type":"article","og_title":"Hodh Charghi : Inauguration de 13 barrages agricoles pour booster la souverainet\u00e9 alimentaire - Le Quotidien de Nouakchott","og_description":"Le Ministre de l\u2019Agriculture et de la Souverainet\u00e9 alimentaire, M. Memm\u00e9 Beybata, accompagn\u00e9 du wali du Hodh Charghi, M. Isselmou Sidi, a inaugur\u00e9, ce dimanche dans la commune de Bougadoum (moughataa d\u2019Amourj),\u00a0treize nouveaux barrages agricoles. R\u00e9alis\u00e9s dans le cadre du programme sp\u00e9cial de d\u00e9veloppement de la wilaya \u00ab Al-Soumoud \u00bb, ces ouvrages sont imm\u00e9diatement op\u00e9rationnels.....","og_url":"https:\/\/lequotidien.mr\/?p=30571&lang=fr","og_site_name":"Le Quotidien de Nouakchott","article_publisher":"https:\/\/web.facebook.com\/lequotidienmr","article_published_time":"2025-09-01T11:21:11+00:00","og_image":[{"width":768,"height":924,"url":"https:\/\/lequotidien.mr\/wp-content\/uploads\/2025\/09\/photo-barrages.gif","type":"image\/gif"}],"author":"Med Ahmed","twitter_card":"summary_large_image","twitter_creator":"@lequotidienmr","twitter_site":"@lequotidienmr","twitter_misc":{"\u0643\u064f\u062a\u0628 \u0628\u0648\u0627\u0633\u0637\u0629":"Med Ahmed","\u0648\u0642\u062a \u0627\u0644\u0642\u0631\u0627\u0621\u0629 \u0627\u0644\u0645\u064f\u0642\u062f\u0651\u0631":"5 \u062f\u0642\u0627\u0626\u0642"},"schema":{"@context":"https:\/\/schema.org","@graph":[{"@type":"Article","@id":"https:\/\/lequotidien.mr\/?p=30571&lang=fr#article","isPartOf":{"@id":"https:\/\/lequotidien.mr\/?p=30571&lang=fr"},"author":{"name":"Med Ahmed","@id":"https:\/\/lequotidien.mr\/#\/schema\/person\/d2d350202a4d599685ed8abc25f97596"},"headline":"Hodh Charghi : Inauguration de 13 barrages agricoles pour booster la souverainet\u00e9 alimentaire","datePublished":"2025-09-01T11:21:11+00:00","mainEntityOfPage":{"@id":"https:\/\/lequotidien.mr\/?p=30571&lang=fr"},"wordCount":650,"commentCount":0,"publisher":{"@id":"https:\/\/lequotidien.mr\/#organization"},"image":{"@id":"https:\/\/lequotidien.mr\/?p=30571&lang=fr#primaryimage"},"thumbnailUrl":"https:\/\/lequotidien.mr\/wp-content\/uploads\/2025\/09\/photo-barrages.gif","articleSection":["ACTUALIT\u00c9","Economie"],"inLanguage":"ar","potentialAction":[{"@type":"CommentAction","name":"Comment","target":["https:\/\/lequotidien.mr\/?p=30571&lang=fr#respond"]}]},{"@type":"WebPage","@id":"https:\/\/lequotidien.mr\/?p=30571&lang=fr","url":"https:\/\/lequotidien.mr\/?p=30571&lang=fr","name":"Hodh Charghi : Inauguration de 13 barrages agricoles pour booster la souverainet\u00e9 alimentaire - Le Quotidien de Nouakchott","isPartOf":{"@id":"https:\/\/lequotidien.mr\/#website"},"primaryImageOfPage":{"@id":"https:\/\/lequotidien.mr\/?p=30571&lang=fr#primaryimage"},"image":{"@id":"https:\/\/lequotidien.mr\/?p=30571&lang=fr#primaryimage"},"thumbnailUrl":"https:\/\/lequotidien.mr\/wp-content\/uploads\/2025\/09\/photo-barrages.gif","datePublished":"2025-09-01T11:21:11+00:00","breadcrumb":{"@id":"https:\/\/lequotidien.mr\/?p=30571&lang=fr#breadcrumb"},"inLanguage":"ar","potentialAction":[{"@type":"ReadAction","target":["https:\/\/lequotidien.mr\/?p=30571&lang=fr"]}]},{"@type":"ImageObject","inLanguage":"ar","@id":"https:\/\/lequotidien.mr\/?p=30571&lang=fr#primaryimage","url":"https:\/\/lequotidien.mr\/wp-content\/uploads\/2025\/09\/photo-barrages.gif","contentUrl":"https:\/\/lequotidien.mr\/wp-content\/uploads\/2025\/09\/photo-barrages.gif","width":768,"height":924},{"@type":"BreadcrumbList","@id":"https:\/\/lequotidien.mr\/?p=30571&lang=fr#breadcrumb","itemListElement":[{"@type":"ListItem","position":1,"name":"Home","item":"https:\/\/lequotidien.mr\/"},{"@type":"ListItem","position":2,"name":"Hodh Charghi : Inauguration de 13 barrages agricoles pour booster la souverainet\u00e9 alimentaire"}]},{"@type":"WebSite","@id":"https:\/\/lequotidien.mr\/#website","url":"https:\/\/lequotidien.mr\/","name":"Le Quotidien de Nouakchott","description":"\u0625\u062e\u0628\u0627\u0631\u064a\u0629 \u0645\u0633\u062a\u0642\u0644\u0629 \u0644\u0644\u0623\u0646\u0628\u0627\u0621 \u0627\u0644\u0639\u0627\u0645\u0629","publisher":{"@id":"https:\/\/lequotidien.mr\/#organization"},"potentialAction":[{"@type":"SearchAction","target":{"@type":"EntryPoint","urlTemplate":"https:\/\/lequotidien.mr\/?s={search_term_string}"},"query-input":{"@type":"PropertyValueSpecification","valueRequired":true,"valueName":"search_term_string"}}],"inLanguage":"ar"},{"@type":"Organization","@id":"https:\/\/lequotidien.mr\/#organization","name":"Le Quotidien de Nouakchott","url":"https:\/\/lequotidien.mr\/","logo":{"@type":"ImageObject","inLanguage":"ar","@id":"https:\/\/lequotidien.mr\/#\/schema\/logo\/image\/","url":"https:\/\/lequotidien.mr\/wp-content\/uploads\/2022\/11\/logolequotidien.jpg","contentUrl":"https:\/\/lequotidien.mr\/wp-content\/uploads\/2022\/11\/logolequotidien.jpg","width":290,"height":65,"caption":"Le Quotidien de Nouakchott"},"image":{"@id":"https:\/\/lequotidien.mr\/#\/schema\/logo\/image\/"},"sameAs":["https:\/\/web.facebook.com\/lequotidienmr","https:\/\/x.com\/lequotidienmr"]},{"@type":"Person","@id":"https:\/\/lequotidien.mr\/#\/schema\/person\/d2d350202a4d599685ed8abc25f97596","name":"Med Ahmed","image":{"@type":"ImageObject","inLanguage":"ar","@id":"https:\/\/secure.gravatar.com\/avatar\/fd2acc62ed50732923d1d39c17172c9b04149f142be92310ecc69e1358f94b52?s=96&d=mm&r=g","url":"https:\/\/secure.gravatar.com\/avatar\/fd2acc62ed50732923d1d39c17172c9b04149f142be92310ecc69e1358f94b52?s=96&d=mm&r=g","contentUrl":"https:\/\/secure.gravatar.com\/avatar\/fd2acc62ed50732923d1d39c17172c9b04149f142be92310ecc69e1358f94b52?s=96&d=mm&r=g","caption":"Med Ahmed"},"url":"https:\/\/lequotidien.mr\/?author=12"}]}},"_links":{"self":[{"href":"https:\/\/lequotidien.mr\/index.php?rest_route=\/wp\/v2\/posts\/30571","targetHints":{"allow":["GET"]}}],"collection":[{"href":"https:\/\/lequotidien.mr\/index.php?rest_route=\/wp\/v2\/posts"}],"about":[{"href":"https:\/\/lequotidien.mr\/index.php?rest_route=\/wp\/v2\/types\/post"}],"author":[{"embeddable":true,"href":"https:\/\/lequotidien.mr\/index.php?rest_route=\/wp\/v2\/users\/12"}],"replies":[{"embeddable":true,"href":"https:\/\/lequotidien.mr\/index.php?rest_route=%2Fwp%2Fv2%2Fcomments&post=30571"}],"version-history":[{"count":1,"href":"https:\/\/lequotidien.mr\/index.php?rest_route=\/wp\/v2\/posts\/30571\/revisions"}],"predecessor-version":[{"id":30573,"href":"https:\/\/lequotidien.mr\/index.php?rest_route=\/wp\/v2\/posts\/30571\/revisions\/30573"}],"wp:featuredmedia":[{"embeddable":true,"href":"https:\/\/lequotidien.mr\/index.php?rest_route=\/wp\/v2\/media\/30572"}],"wp:attachment":[{"href":"https:\/\/lequotidien.mr\/index.php?rest_route=%2Fwp%2Fv2%2Fmedia&parent=30571"}],"wp:term":[{"taxonomy":"category","embeddable":true,"href":"https:\/\/lequotidien.mr\/index.php?rest_route=%2Fwp%2Fv2%2Fcategories&post=30571"},{"taxonomy":"post_tag","embeddable":true,"href":"https:\/\/lequotidien.mr\/index.php?rest_route=%2Fwp%2Fv2%2Ftags&post=30571"}],"curies":[{"name":"wp","href":"https:\/\/api.w.org\/{rel}","templated":true}]}}