{"id":30568,"date":"2025-09-01T11:02:59","date_gmt":"2025-09-01T11:02:59","guid":{"rendered":"https:\/\/lequotidien.mr\/?p=30568"},"modified":"2025-09-01T11:02:59","modified_gmt":"2025-09-01T11:02:59","slug":"tevragh-zeina-honore-les-laureats-dun-concours-sur-la-biographie-du-prophete","status":"publish","type":"post","link":"https:\/\/lequotidien.mr\/?p=30568&lang=fr","title":{"rendered":"Tevragh Zeina honore les laur\u00e9ats d&#8217;un concours sur la biographie du Proph\u00e8te"},"content":{"rendered":"<p>La municipalit\u00e9 de Tevragh Zeina a vibr\u00e9 aux couleurs de la connaissance et du savoir islamique, vendredi soir, \u00e0 l&#8217;occasion d&#8217;une c\u00e9r\u00e9monie solennelle de remise de prix aux laur\u00e9ats de la deuxi\u00e8me \u00e9dition de son concours d\u00e9di\u00e9 \u00e0 la biographie du Proph\u00e8te (Sira).<\/p>\n<p>Cette comp\u00e9tition intellectuelle et spirituelle, qui a rassembl\u00e9 pr\u00e8s de 100 \u00e9tudiants issus des mahadras de la commune et \u00e2g\u00e9s de 12 \u00e0 25 ans, a \u00e9t\u00e9 couronn\u00e9e par l&#8217;honneur d&#8217;un grand nombre de participants m\u00e9ritants. Une attention particuli\u00e8re a \u00e9t\u00e9 port\u00e9e aux cinq premiers laur\u00e9ats, qui ont brillamment r\u00e9ussi leur entr\u00e9e au coll\u00e8ge au niveau de la moughataa, et se sont vus d\u00e9cerner des prix sp\u00e9ciaux. Les membres du jury et les \u00e9quipes \u00e9ducatives ayant contribu\u00e9 au succ\u00e8s de cette initiative ont \u00e9galement \u00e9t\u00e9 distingu\u00e9s pour leurs efforts.<\/p>\n<p>Prenant la parole lors de cette c\u00e9r\u00e9monie, le maire de la municipalit\u00e9 de Tevragh Zeina, M. Taleb El Mahjoub, n&#8217;a pas cach\u00e9 sa joie d&#8217;organiser un \u00e9v\u00e9nement d&#8217;une telle port\u00e9e symbolique. Il a pr\u00e9cis\u00e9 que cette initiative s&#8217;inscrivait dans le cadre des comm\u00e9morations du 1500e anniversaire de la naissance \u00ab du meilleur des \u00eatres, que la paix et le salut soient sur lui \u00bb. M. le maire a tenu \u00e0 souligner la continuit\u00e9 de cette action, rappelant que \u00ab ce concours sur la biographie du Proph\u00e8te n\u2019est pas le premier du genre, ayant \u00e9t\u00e9 pr\u00e9c\u00e9d\u00e9 par des concours similaires sur la biographie et le Saint Coran \u00bb. Il a ajout\u00e9 que l&#8217;organisation de telles activit\u00e9s culturelles et religieuses faisait partie int\u00e9grante de l&#8217;ADN et de la politique de la municipalit\u00e9 depuis sa cr\u00e9ation.<\/p>\n<p>L&#8217;initiative a \u00e9t\u00e9 chaleureusement salu\u00e9e par le pr\u00e9sident du jury, M. Mohamed Laghana Makhtour. Dans son intervention, il a affirm\u00e9 que \u00ab la plus grande chose que l\u2019on puisse offrir aux jeunes \u00e0 cette \u00e9poque est d\u2019inculquer la connaissance de la biographie du Proph\u00e8te dans leurs \u00e2mes \u00bb, soulignant ainsi l&#8217;importance capitale de cette connaissance pour forger la jeunesse.<\/p>\n<p>De son c\u00f4t\u00e9, l\u2019inspecteur de la moughataa, M. Othman Hassan Diop, a exprim\u00e9 sa profonde gratitude au maire de la municipalit\u00e9 et \u00e0 son \u00e9quipe pour \u00ab le soutien continu que la municipalit\u00e9 apporte dans divers domaines \u00bb, voyant en cette action un exemple concret de son engagement en faveur de l&#8217;\u00e9ducation et de la jeunesse.<\/p>\n<p>La c\u00e9r\u00e9monie, qui s&#8217;est d\u00e9roul\u00e9e dans une atmosph\u00e8re de ferveur et de recueillement, s&#8217;est tenue en pr\u00e9sence de personnalit\u00e9s de premier plan, notamment M. Akhyarhoum El Moustapha, adjoint du wali de Nouakchott Ouest, et l\u2019adjoint du hakem de la moughataa. Des membres du conseil municipal, ainsi que les parents des \u00e9l\u00e8ves laur\u00e9ats, \u00e9taient \u00e9galement pr\u00e9sents pour partager ce moment de fiert\u00e9 et de reconnaissance collective.<\/p>\n<p>Cet \u00e9v\u00e9nement vient ainsi confirmer l&#8217;engagement constant de la municipalit\u00e9 de Tevragh Zeina en faveur de l&#8217;\u00e9ducation religieuse et de la promotion des valeurs islamiques parmi les jeunes g\u00e9n\u00e9rations.<\/p>\n<p>&nbsp;<\/p>\n","protected":false},"excerpt":{"rendered":"<p>La municipalit\u00e9 de Tevragh Zeina a vibr\u00e9 aux couleurs de la connaissance et du savoir islamique, vendredi soir, \u00e0 l&#8217;occasion d&#8217;une c\u00e9r\u00e9monie solennelle de remise de prix aux laur\u00e9ats de la deuxi\u00e8me \u00e9dition de son concours d\u00e9di\u00e9 \u00e0 la biographie du Proph\u00e8te (Sira). Cette comp\u00e9tition intellectuelle et spirituelle, qui a rassembl\u00e9 pr\u00e8s de 100 \u00e9tudiants&#8230;..<\/p>\n","protected":false},"author":12,"featured_media":30569,"comment_status":"open","ping_status":"open","sticky":false,"template":"","format":"standard","meta":{"footnotes":""},"categories":[23,55],"tags":[],"class_list":["post-30568","post","type-post","status-publish","format-standard","has-post-thumbnail","hentry","category-actualite","category-culture"],"yoast_head":"<!-- This site is optimized with the Yoast SEO plugin v27.5 - https:\/\/yoast.com\/product\/yoast-seo-wordpress\/ -->\n<title>Tevragh Zeina honore les laur\u00e9ats d&#039;un concours sur la biographie du Proph\u00e8te - Le Quotidien de Nouakchott<\/title>\n<meta name=\"robots\" content=\"index, follow, max-snippet:-1, max-image-preview:large, max-video-preview:-1\" \/>\n<link rel=\"canonical\" href=\"https:\/\/lequotidien.mr\/?p=30568&lang=fr\" \/>\n<meta property=\"og:locale\" content=\"ar_AR\" \/>\n<meta property=\"og:type\" content=\"article\" \/>\n<meta property=\"og:title\" content=\"Tevragh Zeina honore les laur\u00e9ats d&#039;un concours sur la biographie du Proph\u00e8te - Le Quotidien de Nouakchott\" \/>\n<meta property=\"og:description\" content=\"La municipalit\u00e9 de Tevragh Zeina a vibr\u00e9 aux couleurs de la connaissance et du savoir islamique, vendredi soir, \u00e0 l&#8217;occasion d&#8217;une c\u00e9r\u00e9monie solennelle de remise de prix aux laur\u00e9ats de la deuxi\u00e8me \u00e9dition de son concours d\u00e9di\u00e9 \u00e0 la biographie du Proph\u00e8te (Sira). Cette comp\u00e9tition intellectuelle et spirituelle, qui a rassembl\u00e9 pr\u00e8s de 100 \u00e9tudiants.....\" \/>\n<meta property=\"og:url\" content=\"https:\/\/lequotidien.mr\/?p=30568&amp;lang=fr\" \/>\n<meta property=\"og:site_name\" content=\"Le Quotidien de Nouakchott\" \/>\n<meta property=\"article:publisher\" content=\"https:\/\/web.facebook.com\/lequotidienmr\" \/>\n<meta property=\"article:published_time\" content=\"2025-09-01T11:02:59+00:00\" \/>\n<meta property=\"og:image\" content=\"https:\/\/lequotidien.mr\/wp-content\/uploads\/2025\/09\/photo-Laureats-Sira-Prophete.gif\" \/>\n\t<meta property=\"og:image:width\" content=\"947\" \/>\n\t<meta property=\"og:image:height\" content=\"630\" \/>\n\t<meta property=\"og:image:type\" content=\"image\/gif\" \/>\n<meta name=\"author\" content=\"Med Ahmed\" \/>\n<meta name=\"twitter:card\" content=\"summary_large_image\" \/>\n<meta name=\"twitter:creator\" content=\"@lequotidienmr\" \/>\n<meta name=\"twitter:site\" content=\"@lequotidienmr\" \/>\n<meta name=\"twitter:label1\" content=\"\u0643\u064f\u062a\u0628 \u0628\u0648\u0627\u0633\u0637\u0629\" \/>\n\t<meta name=\"twitter:data1\" content=\"Med Ahmed\" \/>\n\t<meta name=\"twitter:label2\" content=\"\u0648\u0642\u062a \u0627\u0644\u0642\u0631\u0627\u0621\u0629 \u0627\u0644\u0645\u064f\u0642\u062f\u0651\u0631\" \/>\n\t<meta name=\"twitter:data2\" content=\"4 \u062f\u0642\u0627\u0626\u0642\" \/>\n<script type=\"application\/ld+json\" class=\"yoast-schema-graph\">{\"@context\":\"https:\\\/\\\/schema.org\",\"@graph\":[{\"@type\":\"Article\",\"@id\":\"https:\\\/\\\/lequotidien.mr\\\/?p=30568&lang=fr#article\",\"isPartOf\":{\"@id\":\"https:\\\/\\\/lequotidien.mr\\\/?p=30568&lang=fr\"},\"author\":{\"name\":\"Med Ahmed\",\"@id\":\"https:\\\/\\\/lequotidien.mr\\\/#\\\/schema\\\/person\\\/d2d350202a4d599685ed8abc25f97596\"},\"headline\":\"Tevragh Zeina honore les laur\u00e9ats d&#8217;un concours sur la biographie du Proph\u00e8te\",\"datePublished\":\"2025-09-01T11:02:59+00:00\",\"mainEntityOfPage\":{\"@id\":\"https:\\\/\\\/lequotidien.mr\\\/?p=30568&lang=fr\"},\"wordCount\":545,\"commentCount\":0,\"publisher\":{\"@id\":\"https:\\\/\\\/lequotidien.mr\\\/#organization\"},\"image\":{\"@id\":\"https:\\\/\\\/lequotidien.mr\\\/?p=30568&lang=fr#primaryimage\"},\"thumbnailUrl\":\"https:\\\/\\\/lequotidien.mr\\\/wp-content\\\/uploads\\\/2025\\\/09\\\/photo-Laureats-Sira-Prophete.gif\",\"articleSection\":[\"ACTUALIT\u00c9\",\"Culture\"],\"inLanguage\":\"ar\",\"potentialAction\":[{\"@type\":\"CommentAction\",\"name\":\"Comment\",\"target\":[\"https:\\\/\\\/lequotidien.mr\\\/?p=30568&lang=fr#respond\"]}]},{\"@type\":\"WebPage\",\"@id\":\"https:\\\/\\\/lequotidien.mr\\\/?p=30568&lang=fr\",\"url\":\"https:\\\/\\\/lequotidien.mr\\\/?p=30568&lang=fr\",\"name\":\"Tevragh Zeina honore les laur\u00e9ats d'un concours sur la biographie du Proph\u00e8te - Le Quotidien de Nouakchott\",\"isPartOf\":{\"@id\":\"https:\\\/\\\/lequotidien.mr\\\/#website\"},\"primaryImageOfPage\":{\"@id\":\"https:\\\/\\\/lequotidien.mr\\\/?p=30568&lang=fr#primaryimage\"},\"image\":{\"@id\":\"https:\\\/\\\/lequotidien.mr\\\/?p=30568&lang=fr#primaryimage\"},\"thumbnailUrl\":\"https:\\\/\\\/lequotidien.mr\\\/wp-content\\\/uploads\\\/2025\\\/09\\\/photo-Laureats-Sira-Prophete.gif\",\"datePublished\":\"2025-09-01T11:02:59+00:00\",\"breadcrumb\":{\"@id\":\"https:\\\/\\\/lequotidien.mr\\\/?p=30568&lang=fr#breadcrumb\"},\"inLanguage\":\"ar\",\"potentialAction\":[{\"@type\":\"ReadAction\",\"target\":[\"https:\\\/\\\/lequotidien.mr\\\/?p=30568&lang=fr\"]}]},{\"@type\":\"ImageObject\",\"inLanguage\":\"ar\",\"@id\":\"https:\\\/\\\/lequotidien.mr\\\/?p=30568&lang=fr#primaryimage\",\"url\":\"https:\\\/\\\/lequotidien.mr\\\/wp-content\\\/uploads\\\/2025\\\/09\\\/photo-Laureats-Sira-Prophete.gif\",\"contentUrl\":\"https:\\\/\\\/lequotidien.mr\\\/wp-content\\\/uploads\\\/2025\\\/09\\\/photo-Laureats-Sira-Prophete.gif\",\"width\":947,\"height\":630},{\"@type\":\"BreadcrumbList\",\"@id\":\"https:\\\/\\\/lequotidien.mr\\\/?p=30568&lang=fr#breadcrumb\",\"itemListElement\":[{\"@type\":\"ListItem\",\"position\":1,\"name\":\"Home\",\"item\":\"https:\\\/\\\/lequotidien.mr\\\/\"},{\"@type\":\"ListItem\",\"position\":2,\"name\":\"Tevragh Zeina honore les laur\u00e9ats d&rsquo;un concours sur la biographie du Proph\u00e8te\"}]},{\"@type\":\"WebSite\",\"@id\":\"https:\\\/\\\/lequotidien.mr\\\/#website\",\"url\":\"https:\\\/\\\/lequotidien.mr\\\/\",\"name\":\"Le Quotidien de Nouakchott\",\"description\":\"\u0625\u062e\u0628\u0627\u0631\u064a\u0629 \u0645\u0633\u062a\u0642\u0644\u0629 \u0644\u0644\u0623\u0646\u0628\u0627\u0621 \u0627\u0644\u0639\u0627\u0645\u0629\",\"publisher\":{\"@id\":\"https:\\\/\\\/lequotidien.mr\\\/#organization\"},\"potentialAction\":[{\"@type\":\"SearchAction\",\"target\":{\"@type\":\"EntryPoint\",\"urlTemplate\":\"https:\\\/\\\/lequotidien.mr\\\/?s={search_term_string}\"},\"query-input\":{\"@type\":\"PropertyValueSpecification\",\"valueRequired\":true,\"valueName\":\"search_term_string\"}}],\"inLanguage\":\"ar\"},{\"@type\":\"Organization\",\"@id\":\"https:\\\/\\\/lequotidien.mr\\\/#organization\",\"name\":\"Le Quotidien de Nouakchott\",\"url\":\"https:\\\/\\\/lequotidien.mr\\\/\",\"logo\":{\"@type\":\"ImageObject\",\"inLanguage\":\"ar\",\"@id\":\"https:\\\/\\\/lequotidien.mr\\\/#\\\/schema\\\/logo\\\/image\\\/\",\"url\":\"https:\\\/\\\/lequotidien.mr\\\/wp-content\\\/uploads\\\/2022\\\/11\\\/logolequotidien.jpg\",\"contentUrl\":\"https:\\\/\\\/lequotidien.mr\\\/wp-content\\\/uploads\\\/2022\\\/11\\\/logolequotidien.jpg\",\"width\":290,\"height\":65,\"caption\":\"Le Quotidien de Nouakchott\"},\"image\":{\"@id\":\"https:\\\/\\\/lequotidien.mr\\\/#\\\/schema\\\/logo\\\/image\\\/\"},\"sameAs\":[\"https:\\\/\\\/web.facebook.com\\\/lequotidienmr\",\"https:\\\/\\\/x.com\\\/lequotidienmr\"]},{\"@type\":\"Person\",\"@id\":\"https:\\\/\\\/lequotidien.mr\\\/#\\\/schema\\\/person\\\/d2d350202a4d599685ed8abc25f97596\",\"name\":\"Med Ahmed\",\"image\":{\"@type\":\"ImageObject\",\"inLanguage\":\"ar\",\"@id\":\"https:\\\/\\\/secure.gravatar.com\\\/avatar\\\/fd2acc62ed50732923d1d39c17172c9b04149f142be92310ecc69e1358f94b52?s=96&d=mm&r=g\",\"url\":\"https:\\\/\\\/secure.gravatar.com\\\/avatar\\\/fd2acc62ed50732923d1d39c17172c9b04149f142be92310ecc69e1358f94b52?s=96&d=mm&r=g\",\"contentUrl\":\"https:\\\/\\\/secure.gravatar.com\\\/avatar\\\/fd2acc62ed50732923d1d39c17172c9b04149f142be92310ecc69e1358f94b52?s=96&d=mm&r=g\",\"caption\":\"Med Ahmed\"},\"url\":\"https:\\\/\\\/lequotidien.mr\\\/?author=12\"}]}<\/script>\n<!-- \/ Yoast SEO plugin. -->","yoast_head_json":{"title":"Tevragh Zeina honore les laur\u00e9ats d'un concours sur la biographie du Proph\u00e8te - Le Quotidien de Nouakchott","robots":{"index":"index","follow":"follow","max-snippet":"max-snippet:-1","max-image-preview":"max-image-preview:large","max-video-preview":"max-video-preview:-1"},"canonical":"https:\/\/lequotidien.mr\/?p=30568&lang=fr","og_locale":"ar_AR","og_type":"article","og_title":"Tevragh Zeina honore les laur\u00e9ats d'un concours sur la biographie du Proph\u00e8te - Le Quotidien de Nouakchott","og_description":"La municipalit\u00e9 de Tevragh Zeina a vibr\u00e9 aux couleurs de la connaissance et du savoir islamique, vendredi soir, \u00e0 l&#8217;occasion d&#8217;une c\u00e9r\u00e9monie solennelle de remise de prix aux laur\u00e9ats de la deuxi\u00e8me \u00e9dition de son concours d\u00e9di\u00e9 \u00e0 la biographie du Proph\u00e8te (Sira). Cette comp\u00e9tition intellectuelle et spirituelle, qui a rassembl\u00e9 pr\u00e8s de 100 \u00e9tudiants.....","og_url":"https:\/\/lequotidien.mr\/?p=30568&lang=fr","og_site_name":"Le Quotidien de Nouakchott","article_publisher":"https:\/\/web.facebook.com\/lequotidienmr","article_published_time":"2025-09-01T11:02:59+00:00","og_image":[{"width":947,"height":630,"url":"https:\/\/lequotidien.mr\/wp-content\/uploads\/2025\/09\/photo-Laureats-Sira-Prophete.gif","type":"image\/gif"}],"author":"Med Ahmed","twitter_card":"summary_large_image","twitter_creator":"@lequotidienmr","twitter_site":"@lequotidienmr","twitter_misc":{"\u0643\u064f\u062a\u0628 \u0628\u0648\u0627\u0633\u0637\u0629":"Med Ahmed","\u0648\u0642\u062a \u0627\u0644\u0642\u0631\u0627\u0621\u0629 \u0627\u0644\u0645\u064f\u0642\u062f\u0651\u0631":"4 \u062f\u0642\u0627\u0626\u0642"},"schema":{"@context":"https:\/\/schema.org","@graph":[{"@type":"Article","@id":"https:\/\/lequotidien.mr\/?p=30568&lang=fr#article","isPartOf":{"@id":"https:\/\/lequotidien.mr\/?p=30568&lang=fr"},"author":{"name":"Med Ahmed","@id":"https:\/\/lequotidien.mr\/#\/schema\/person\/d2d350202a4d599685ed8abc25f97596"},"headline":"Tevragh Zeina honore les laur\u00e9ats d&#8217;un concours sur la biographie du Proph\u00e8te","datePublished":"2025-09-01T11:02:59+00:00","mainEntityOfPage":{"@id":"https:\/\/lequotidien.mr\/?p=30568&lang=fr"},"wordCount":545,"commentCount":0,"publisher":{"@id":"https:\/\/lequotidien.mr\/#organization"},"image":{"@id":"https:\/\/lequotidien.mr\/?p=30568&lang=fr#primaryimage"},"thumbnailUrl":"https:\/\/lequotidien.mr\/wp-content\/uploads\/2025\/09\/photo-Laureats-Sira-Prophete.gif","articleSection":["ACTUALIT\u00c9","Culture"],"inLanguage":"ar","potentialAction":[{"@type":"CommentAction","name":"Comment","target":["https:\/\/lequotidien.mr\/?p=30568&lang=fr#respond"]}]},{"@type":"WebPage","@id":"https:\/\/lequotidien.mr\/?p=30568&lang=fr","url":"https:\/\/lequotidien.mr\/?p=30568&lang=fr","name":"Tevragh Zeina honore les laur\u00e9ats d'un concours sur la biographie du Proph\u00e8te - Le Quotidien de Nouakchott","isPartOf":{"@id":"https:\/\/lequotidien.mr\/#website"},"primaryImageOfPage":{"@id":"https:\/\/lequotidien.mr\/?p=30568&lang=fr#primaryimage"},"image":{"@id":"https:\/\/lequotidien.mr\/?p=30568&lang=fr#primaryimage"},"thumbnailUrl":"https:\/\/lequotidien.mr\/wp-content\/uploads\/2025\/09\/photo-Laureats-Sira-Prophete.gif","datePublished":"2025-09-01T11:02:59+00:00","breadcrumb":{"@id":"https:\/\/lequotidien.mr\/?p=30568&lang=fr#breadcrumb"},"inLanguage":"ar","potentialAction":[{"@type":"ReadAction","target":["https:\/\/lequotidien.mr\/?p=30568&lang=fr"]}]},{"@type":"ImageObject","inLanguage":"ar","@id":"https:\/\/lequotidien.mr\/?p=30568&lang=fr#primaryimage","url":"https:\/\/lequotidien.mr\/wp-content\/uploads\/2025\/09\/photo-Laureats-Sira-Prophete.gif","contentUrl":"https:\/\/lequotidien.mr\/wp-content\/uploads\/2025\/09\/photo-Laureats-Sira-Prophete.gif","width":947,"height":630},{"@type":"BreadcrumbList","@id":"https:\/\/lequotidien.mr\/?p=30568&lang=fr#breadcrumb","itemListElement":[{"@type":"ListItem","position":1,"name":"Home","item":"https:\/\/lequotidien.mr\/"},{"@type":"ListItem","position":2,"name":"Tevragh Zeina honore les laur\u00e9ats d&rsquo;un concours sur la biographie du Proph\u00e8te"}]},{"@type":"WebSite","@id":"https:\/\/lequotidien.mr\/#website","url":"https:\/\/lequotidien.mr\/","name":"Le Quotidien de Nouakchott","description":"\u0625\u062e\u0628\u0627\u0631\u064a\u0629 \u0645\u0633\u062a\u0642\u0644\u0629 \u0644\u0644\u0623\u0646\u0628\u0627\u0621 \u0627\u0644\u0639\u0627\u0645\u0629","publisher":{"@id":"https:\/\/lequotidien.mr\/#organization"},"potentialAction":[{"@type":"SearchAction","target":{"@type":"EntryPoint","urlTemplate":"https:\/\/lequotidien.mr\/?s={search_term_string}"},"query-input":{"@type":"PropertyValueSpecification","valueRequired":true,"valueName":"search_term_string"}}],"inLanguage":"ar"},{"@type":"Organization","@id":"https:\/\/lequotidien.mr\/#organization","name":"Le Quotidien de Nouakchott","url":"https:\/\/lequotidien.mr\/","logo":{"@type":"ImageObject","inLanguage":"ar","@id":"https:\/\/lequotidien.mr\/#\/schema\/logo\/image\/","url":"https:\/\/lequotidien.mr\/wp-content\/uploads\/2022\/11\/logolequotidien.jpg","contentUrl":"https:\/\/lequotidien.mr\/wp-content\/uploads\/2022\/11\/logolequotidien.jpg","width":290,"height":65,"caption":"Le Quotidien de Nouakchott"},"image":{"@id":"https:\/\/lequotidien.mr\/#\/schema\/logo\/image\/"},"sameAs":["https:\/\/web.facebook.com\/lequotidienmr","https:\/\/x.com\/lequotidienmr"]},{"@type":"Person","@id":"https:\/\/lequotidien.mr\/#\/schema\/person\/d2d350202a4d599685ed8abc25f97596","name":"Med Ahmed","image":{"@type":"ImageObject","inLanguage":"ar","@id":"https:\/\/secure.gravatar.com\/avatar\/fd2acc62ed50732923d1d39c17172c9b04149f142be92310ecc69e1358f94b52?s=96&d=mm&r=g","url":"https:\/\/secure.gravatar.com\/avatar\/fd2acc62ed50732923d1d39c17172c9b04149f142be92310ecc69e1358f94b52?s=96&d=mm&r=g","contentUrl":"https:\/\/secure.gravatar.com\/avatar\/fd2acc62ed50732923d1d39c17172c9b04149f142be92310ecc69e1358f94b52?s=96&d=mm&r=g","caption":"Med Ahmed"},"url":"https:\/\/lequotidien.mr\/?author=12"}]}},"_links":{"self":[{"href":"https:\/\/lequotidien.mr\/index.php?rest_route=\/wp\/v2\/posts\/30568","targetHints":{"allow":["GET"]}}],"collection":[{"href":"https:\/\/lequotidien.mr\/index.php?rest_route=\/wp\/v2\/posts"}],"about":[{"href":"https:\/\/lequotidien.mr\/index.php?rest_route=\/wp\/v2\/types\/post"}],"author":[{"embeddable":true,"href":"https:\/\/lequotidien.mr\/index.php?rest_route=\/wp\/v2\/users\/12"}],"replies":[{"embeddable":true,"href":"https:\/\/lequotidien.mr\/index.php?rest_route=%2Fwp%2Fv2%2Fcomments&post=30568"}],"version-history":[{"count":1,"href":"https:\/\/lequotidien.mr\/index.php?rest_route=\/wp\/v2\/posts\/30568\/revisions"}],"predecessor-version":[{"id":30570,"href":"https:\/\/lequotidien.mr\/index.php?rest_route=\/wp\/v2\/posts\/30568\/revisions\/30570"}],"wp:featuredmedia":[{"embeddable":true,"href":"https:\/\/lequotidien.mr\/index.php?rest_route=\/wp\/v2\/media\/30569"}],"wp:attachment":[{"href":"https:\/\/lequotidien.mr\/index.php?rest_route=%2Fwp%2Fv2%2Fmedia&parent=30568"}],"wp:term":[{"taxonomy":"category","embeddable":true,"href":"https:\/\/lequotidien.mr\/index.php?rest_route=%2Fwp%2Fv2%2Fcategories&post=30568"},{"taxonomy":"post_tag","embeddable":true,"href":"https:\/\/lequotidien.mr\/index.php?rest_route=%2Fwp%2Fv2%2Ftags&post=30568"}],"curies":[{"name":"wp","href":"https:\/\/api.w.org\/{rel}","templated":true}]}}