{"id":30552,"date":"2025-08-30T23:04:53","date_gmt":"2025-08-30T23:04:53","guid":{"rendered":"https:\/\/lequotidien.mr\/?p=30552"},"modified":"2025-08-30T23:04:53","modified_gmt":"2025-08-30T23:04:53","slug":"securite-alimentaire-nouakchott-accueille-une-reunion-regionale-sur-les-filieres-strategiques-au-sahel","status":"publish","type":"post","link":"https:\/\/lequotidien.mr\/?p=30552&lang=fr","title":{"rendered":"S\u00e9curit\u00e9 alimentaire : Nouakchott accueille une r\u00e9union r\u00e9gionale sur les fili\u00e8res strat\u00e9giques au Sahel"},"content":{"rendered":"<p>Une r\u00e9union de haut niveau visant \u00e0 valider le rapport mi-parcours d&#8217;un programme r\u00e9gional ambitieux pour le Sahel s&#8217;est ouverte ce vendredi \u00e0 Nouakchott. Cette initiative strat\u00e9gique porte sur le renforcement des fili\u00e8res agricoles, l&#8217;am\u00e9lioration de la s\u00e9curit\u00e9 alimentaire, le soutien \u00e0 la r\u00e9silience et le d\u00e9veloppement commercial dans les pays de la r\u00e9gion.<\/p>\n<p><strong>Une collaboration multi-partenariale pour un d\u00e9fi r\u00e9gional<\/strong><\/p>\n<p>L&#8217;\u00e9v\u00e9nement est organis\u00e9 par le minist\u00e8re de l\u2019Agriculture et de la Souverainet\u00e9 alimentaire, en \u00e9troite collaboration avec l\u2019Organisation Arabe pour le D\u00e9veloppement Agricole (OADA), le Comit\u00e9 Permanent Inter-\u00c9tats de Lutte contre la S\u00e9cheresse dans le Sahel (CILSS) et la Banque Arabe pour le D\u00e9veloppement \u00c9conomique en Afrique (BADEA). Cette convergence d&#8217;acteurs souligne l&#8217;importance et l&#8217;envergure r\u00e9gionale des enjeux discut\u00e9s.<\/p>\n<p>Au c\u0153ur des travaux : l&#8217;examen d&#8217;une \u00e9tude fondamentale pour le lancement d&#8217;un programme r\u00e9gional d&#8217;appui aux p\u00f4les strat\u00e9giques de s\u00e9curit\u00e9 alimentaire. Ce programme propose de se concentrer sur cinq fili\u00e8res prioritaires : la production animale, les c\u00e9r\u00e9ales et l\u00e9gumes, le coton, les produits forestiers non ligneux et la p\u00eache.<\/p>\n<p><strong>Des d\u00e9fis multidimensionnels \u00e0 relever<\/strong><\/p>\n<p>Pour d\u00e9velopper ces fili\u00e8res, les experts identifient plusieurs leviers d&#8217;action essentiels. Il s&#8217;agira notamment d\u2019am\u00e9liorer les infrastructures dans les domaines de l\u2019hydraulique et de la technologie, de renforcer l\u2019efficacit\u00e9 des syst\u00e8mes de production, de consolider le cadre institutionnel et r\u00e9glementaire, et de mettre en place un m\u00e9canisme robuste de suivi-\u00e9valuation.<\/p>\n<p>Dans son discours d\u2019ouverture, le ministre mauritanien de l\u2019Agriculture et de la Souverainet\u00e9 alimentaire a rappel\u00e9 la volont\u00e9 ancienne des pays du Sahel de maximiser leurs capacit\u00e9s intrins\u00e8ques. \u00ab La cr\u00e9ation du CILSS est la meilleure preuve de la d\u00e9termination de ces pays \u00e0 vaincre les conditions difficiles pour un avenir meilleur \u00bb, a-t-il d\u00e9clar\u00e9.<\/p>\n<p>Il a \u00e9galement mis en avant les r\u00e9sultats encourageants obtenus par la Mauritanie sous l&#8217;impulsion du Pr\u00e9sident de la R\u00e9publique, M. Mohamed Cheikh El Ghazouani : une croissance agricole acc\u00e9l\u00e9r\u00e9e, l&#8217;autosuffisance en riz \u00e0 port\u00e9e de main, le d\u00e9veloppement des cultures pluviales gr\u00e2ce \u00e0 la m\u00e9canisation et l&#8217;am\u00e9lioration de la production mara\u00eech\u00e8re.<\/p>\n<p><strong>Un consensus sur l&#8217;urgence d&#8217;agir<\/strong><\/p>\n<p>Les repr\u00e9sentants des organisations partenaires ont tous salu\u00e9 l&#8217;initiative et r\u00e9affirm\u00e9 leur engagement.<\/p>\n<p>M. Ibrahim Doukheiri, Directeur de l&#8217;OADA, a soulign\u00e9 la disponibilit\u00e9 de son organisation \u00e0 accompagner la pr\u00e9paration de ce programme, dont les r\u00e9sultats sont \u00ab attendus par des populations qui partagent les m\u00eames conditions environnementales et sociales \u00bb. Il a aussi dress\u00e9 un tableau des d\u00e9fis : \u00ab des chocs environnementaux r\u00e9currents qui affectent n\u00e9gativement la vie des populations locales, sous forme de d\u00e9sertification, s\u00e9cheresse, inondations et pluies torrentielles \u00bb.<\/p>\n<p>M. Hatem Al Jabri, repr\u00e9sentant de la BADEA, a r\u00e9it\u00e9r\u00e9 la d\u00e9termination de sa institution \u00e0 soutenir le d\u00e9veloppement du Sahel, notant que la banque avait d\u00e9j\u00e0 investi \u00ab d\u2019importantes sommes \u00bb dans des pays comme le Mali, le Tchad et le Niger.<\/p>\n<p>Enfin, M. Abdoulaye Mahamadou, Secr\u00e9taire ex\u00e9cutif du CILSS, a mis en avant la force du partenariat technique et financier qui a permis la mise en \u0153uvre de plusieurs programmes visant le bien-\u00eatre des populations sah\u00e9liennes.<\/p>\n<p>La c\u00e9r\u00e9monie d\u2019ouverture s\u2019est d\u00e9roul\u00e9e en pr\u00e9sence d\u2019autres membres \u00e9minents du gouvernement mauritanien, dont le ministre de l\u2019\u00c9levage et le ministre d\u00e9l\u00e9gu\u00e9 au Budget, t\u00e9moignant de l&#8217;importance nationale accord\u00e9e \u00e0 ce projet r\u00e9gional.<\/p>\n<p>Les travaux se poursuivent pour finaliser la validation du rapport mi-parcours. L&#8217;objectif est de doter le Sahel d&#8217;une strat\u00e9gie concert\u00e9e et efficace pour transformer son agriculture, garantir sa s\u00e9curit\u00e9 alimentaire et construire une r\u00e9silience durable face aux d\u00e9fis climatiques et \u00e9conomiques.<\/p>\n<p>&nbsp;<\/p>\n<p>&nbsp;<\/p>\n","protected":false},"excerpt":{"rendered":"<p>Une r\u00e9union de haut niveau visant \u00e0 valider le rapport mi-parcours d&#8217;un programme r\u00e9gional ambitieux pour le Sahel s&#8217;est ouverte ce vendredi \u00e0 Nouakchott. Cette initiative strat\u00e9gique porte sur le renforcement des fili\u00e8res agricoles, l&#8217;am\u00e9lioration de la s\u00e9curit\u00e9 alimentaire, le soutien \u00e0 la r\u00e9silience et le d\u00e9veloppement commercial dans les pays de la r\u00e9gion. Une&#8230;..<\/p>\n","protected":false},"author":12,"featured_media":30553,"comment_status":"open","ping_status":"open","sticky":false,"template":"","format":"standard","meta":{"footnotes":""},"categories":[23,49],"tags":[],"class_list":["post-30552","post","type-post","status-publish","format-standard","has-post-thumbnail","hentry","category-actualite","category-economie"],"yoast_head":"<!-- This site is optimized with the Yoast SEO plugin v27.5 - https:\/\/yoast.com\/product\/yoast-seo-wordpress\/ -->\n<title>S\u00e9curit\u00e9 alimentaire : Nouakchott accueille une r\u00e9union r\u00e9gionale sur les fili\u00e8res strat\u00e9giques au Sahel - Le Quotidien de Nouakchott<\/title>\n<meta name=\"robots\" content=\"index, follow, max-snippet:-1, max-image-preview:large, max-video-preview:-1\" \/>\n<link rel=\"canonical\" href=\"https:\/\/lequotidien.mr\/?p=30552&lang=fr\" \/>\n<meta property=\"og:locale\" content=\"ar_AR\" \/>\n<meta property=\"og:type\" content=\"article\" \/>\n<meta property=\"og:title\" content=\"S\u00e9curit\u00e9 alimentaire : Nouakchott accueille une r\u00e9union r\u00e9gionale sur les fili\u00e8res strat\u00e9giques au Sahel - Le Quotidien de Nouakchott\" \/>\n<meta property=\"og:description\" content=\"Une r\u00e9union de haut niveau visant \u00e0 valider le rapport mi-parcours d&#8217;un programme r\u00e9gional ambitieux pour le Sahel s&#8217;est ouverte ce vendredi \u00e0 Nouakchott. Cette initiative strat\u00e9gique porte sur le renforcement des fili\u00e8res agricoles, l&#8217;am\u00e9lioration de la s\u00e9curit\u00e9 alimentaire, le soutien \u00e0 la r\u00e9silience et le d\u00e9veloppement commercial dans les pays de la r\u00e9gion. Une.....\" \/>\n<meta property=\"og:url\" content=\"https:\/\/lequotidien.mr\/?p=30552&amp;lang=fr\" \/>\n<meta property=\"og:site_name\" content=\"Le Quotidien de Nouakchott\" \/>\n<meta property=\"article:publisher\" content=\"https:\/\/web.facebook.com\/lequotidienmr\" \/>\n<meta property=\"article:published_time\" content=\"2025-08-30T23:04:53+00:00\" \/>\n<meta property=\"og:image\" content=\"https:\/\/lequotidien.mr\/wp-content\/uploads\/2025\/08\/photo-filieres-Sahel.gif\" \/>\n\t<meta property=\"og:image:width\" content=\"1400\" \/>\n\t<meta property=\"og:image:height\" content=\"630\" \/>\n\t<meta property=\"og:image:type\" content=\"image\/gif\" \/>\n<meta name=\"author\" content=\"Med Ahmed\" \/>\n<meta name=\"twitter:card\" content=\"summary_large_image\" \/>\n<meta name=\"twitter:creator\" content=\"@lequotidienmr\" \/>\n<meta name=\"twitter:site\" content=\"@lequotidienmr\" \/>\n<meta name=\"twitter:label1\" content=\"\u0643\u064f\u062a\u0628 \u0628\u0648\u0627\u0633\u0637\u0629\" \/>\n\t<meta name=\"twitter:data1\" content=\"Med Ahmed\" \/>\n\t<meta name=\"twitter:label2\" content=\"\u0648\u0642\u062a \u0627\u0644\u0642\u0631\u0627\u0621\u0629 \u0627\u0644\u0645\u064f\u0642\u062f\u0651\u0631\" \/>\n\t<meta name=\"twitter:data2\" content=\"5 \u062f\u0642\u0627\u0626\u0642\" \/>\n<script type=\"application\/ld+json\" class=\"yoast-schema-graph\">{\"@context\":\"https:\\\/\\\/schema.org\",\"@graph\":[{\"@type\":\"Article\",\"@id\":\"https:\\\/\\\/lequotidien.mr\\\/?p=30552&lang=fr#article\",\"isPartOf\":{\"@id\":\"https:\\\/\\\/lequotidien.mr\\\/?p=30552&lang=fr\"},\"author\":{\"name\":\"Med Ahmed\",\"@id\":\"https:\\\/\\\/lequotidien.mr\\\/#\\\/schema\\\/person\\\/d2d350202a4d599685ed8abc25f97596\"},\"headline\":\"S\u00e9curit\u00e9 alimentaire : Nouakchott accueille une r\u00e9union r\u00e9gionale sur les fili\u00e8res strat\u00e9giques au Sahel\",\"datePublished\":\"2025-08-30T23:04:53+00:00\",\"mainEntityOfPage\":{\"@id\":\"https:\\\/\\\/lequotidien.mr\\\/?p=30552&lang=fr\"},\"wordCount\":695,\"commentCount\":0,\"publisher\":{\"@id\":\"https:\\\/\\\/lequotidien.mr\\\/#organization\"},\"image\":{\"@id\":\"https:\\\/\\\/lequotidien.mr\\\/?p=30552&lang=fr#primaryimage\"},\"thumbnailUrl\":\"https:\\\/\\\/lequotidien.mr\\\/wp-content\\\/uploads\\\/2025\\\/08\\\/photo-filieres-Sahel.gif\",\"articleSection\":[\"ACTUALIT\u00c9\",\"Economie\"],\"inLanguage\":\"ar\",\"potentialAction\":[{\"@type\":\"CommentAction\",\"name\":\"Comment\",\"target\":[\"https:\\\/\\\/lequotidien.mr\\\/?p=30552&lang=fr#respond\"]}]},{\"@type\":\"WebPage\",\"@id\":\"https:\\\/\\\/lequotidien.mr\\\/?p=30552&lang=fr\",\"url\":\"https:\\\/\\\/lequotidien.mr\\\/?p=30552&lang=fr\",\"name\":\"S\u00e9curit\u00e9 alimentaire : Nouakchott accueille une r\u00e9union r\u00e9gionale sur les fili\u00e8res strat\u00e9giques au Sahel - Le Quotidien de Nouakchott\",\"isPartOf\":{\"@id\":\"https:\\\/\\\/lequotidien.mr\\\/#website\"},\"primaryImageOfPage\":{\"@id\":\"https:\\\/\\\/lequotidien.mr\\\/?p=30552&lang=fr#primaryimage\"},\"image\":{\"@id\":\"https:\\\/\\\/lequotidien.mr\\\/?p=30552&lang=fr#primaryimage\"},\"thumbnailUrl\":\"https:\\\/\\\/lequotidien.mr\\\/wp-content\\\/uploads\\\/2025\\\/08\\\/photo-filieres-Sahel.gif\",\"datePublished\":\"2025-08-30T23:04:53+00:00\",\"breadcrumb\":{\"@id\":\"https:\\\/\\\/lequotidien.mr\\\/?p=30552&lang=fr#breadcrumb\"},\"inLanguage\":\"ar\",\"potentialAction\":[{\"@type\":\"ReadAction\",\"target\":[\"https:\\\/\\\/lequotidien.mr\\\/?p=30552&lang=fr\"]}]},{\"@type\":\"ImageObject\",\"inLanguage\":\"ar\",\"@id\":\"https:\\\/\\\/lequotidien.mr\\\/?p=30552&lang=fr#primaryimage\",\"url\":\"https:\\\/\\\/lequotidien.mr\\\/wp-content\\\/uploads\\\/2025\\\/08\\\/photo-filieres-Sahel.gif\",\"contentUrl\":\"https:\\\/\\\/lequotidien.mr\\\/wp-content\\\/uploads\\\/2025\\\/08\\\/photo-filieres-Sahel.gif\",\"width\":1400,\"height\":630},{\"@type\":\"BreadcrumbList\",\"@id\":\"https:\\\/\\\/lequotidien.mr\\\/?p=30552&lang=fr#breadcrumb\",\"itemListElement\":[{\"@type\":\"ListItem\",\"position\":1,\"name\":\"Home\",\"item\":\"https:\\\/\\\/lequotidien.mr\\\/\"},{\"@type\":\"ListItem\",\"position\":2,\"name\":\"S\u00e9curit\u00e9 alimentaire : Nouakchott accueille une r\u00e9union r\u00e9gionale sur les fili\u00e8res strat\u00e9giques au Sahel\"}]},{\"@type\":\"WebSite\",\"@id\":\"https:\\\/\\\/lequotidien.mr\\\/#website\",\"url\":\"https:\\\/\\\/lequotidien.mr\\\/\",\"name\":\"Le Quotidien de Nouakchott\",\"description\":\"\u0625\u062e\u0628\u0627\u0631\u064a\u0629 \u0645\u0633\u062a\u0642\u0644\u0629 \u0644\u0644\u0623\u0646\u0628\u0627\u0621 \u0627\u0644\u0639\u0627\u0645\u0629\",\"publisher\":{\"@id\":\"https:\\\/\\\/lequotidien.mr\\\/#organization\"},\"potentialAction\":[{\"@type\":\"SearchAction\",\"target\":{\"@type\":\"EntryPoint\",\"urlTemplate\":\"https:\\\/\\\/lequotidien.mr\\\/?s={search_term_string}\"},\"query-input\":{\"@type\":\"PropertyValueSpecification\",\"valueRequired\":true,\"valueName\":\"search_term_string\"}}],\"inLanguage\":\"ar\"},{\"@type\":\"Organization\",\"@id\":\"https:\\\/\\\/lequotidien.mr\\\/#organization\",\"name\":\"Le Quotidien de Nouakchott\",\"url\":\"https:\\\/\\\/lequotidien.mr\\\/\",\"logo\":{\"@type\":\"ImageObject\",\"inLanguage\":\"ar\",\"@id\":\"https:\\\/\\\/lequotidien.mr\\\/#\\\/schema\\\/logo\\\/image\\\/\",\"url\":\"https:\\\/\\\/lequotidien.mr\\\/wp-content\\\/uploads\\\/2022\\\/11\\\/logolequotidien.jpg\",\"contentUrl\":\"https:\\\/\\\/lequotidien.mr\\\/wp-content\\\/uploads\\\/2022\\\/11\\\/logolequotidien.jpg\",\"width\":290,\"height\":65,\"caption\":\"Le Quotidien de Nouakchott\"},\"image\":{\"@id\":\"https:\\\/\\\/lequotidien.mr\\\/#\\\/schema\\\/logo\\\/image\\\/\"},\"sameAs\":[\"https:\\\/\\\/web.facebook.com\\\/lequotidienmr\",\"https:\\\/\\\/x.com\\\/lequotidienmr\"]},{\"@type\":\"Person\",\"@id\":\"https:\\\/\\\/lequotidien.mr\\\/#\\\/schema\\\/person\\\/d2d350202a4d599685ed8abc25f97596\",\"name\":\"Med Ahmed\",\"image\":{\"@type\":\"ImageObject\",\"inLanguage\":\"ar\",\"@id\":\"https:\\\/\\\/secure.gravatar.com\\\/avatar\\\/fd2acc62ed50732923d1d39c17172c9b04149f142be92310ecc69e1358f94b52?s=96&d=mm&r=g\",\"url\":\"https:\\\/\\\/secure.gravatar.com\\\/avatar\\\/fd2acc62ed50732923d1d39c17172c9b04149f142be92310ecc69e1358f94b52?s=96&d=mm&r=g\",\"contentUrl\":\"https:\\\/\\\/secure.gravatar.com\\\/avatar\\\/fd2acc62ed50732923d1d39c17172c9b04149f142be92310ecc69e1358f94b52?s=96&d=mm&r=g\",\"caption\":\"Med Ahmed\"},\"url\":\"https:\\\/\\\/lequotidien.mr\\\/?author=12\"}]}<\/script>\n<!-- \/ Yoast SEO plugin. -->","yoast_head_json":{"title":"S\u00e9curit\u00e9 alimentaire : Nouakchott accueille une r\u00e9union r\u00e9gionale sur les fili\u00e8res strat\u00e9giques au Sahel - Le Quotidien de Nouakchott","robots":{"index":"index","follow":"follow","max-snippet":"max-snippet:-1","max-image-preview":"max-image-preview:large","max-video-preview":"max-video-preview:-1"},"canonical":"https:\/\/lequotidien.mr\/?p=30552&lang=fr","og_locale":"ar_AR","og_type":"article","og_title":"S\u00e9curit\u00e9 alimentaire : Nouakchott accueille une r\u00e9union r\u00e9gionale sur les fili\u00e8res strat\u00e9giques au Sahel - Le Quotidien de Nouakchott","og_description":"Une r\u00e9union de haut niveau visant \u00e0 valider le rapport mi-parcours d&#8217;un programme r\u00e9gional ambitieux pour le Sahel s&#8217;est ouverte ce vendredi \u00e0 Nouakchott. Cette initiative strat\u00e9gique porte sur le renforcement des fili\u00e8res agricoles, l&#8217;am\u00e9lioration de la s\u00e9curit\u00e9 alimentaire, le soutien \u00e0 la r\u00e9silience et le d\u00e9veloppement commercial dans les pays de la r\u00e9gion. Une.....","og_url":"https:\/\/lequotidien.mr\/?p=30552&lang=fr","og_site_name":"Le Quotidien de Nouakchott","article_publisher":"https:\/\/web.facebook.com\/lequotidienmr","article_published_time":"2025-08-30T23:04:53+00:00","og_image":[{"width":1400,"height":630,"url":"https:\/\/lequotidien.mr\/wp-content\/uploads\/2025\/08\/photo-filieres-Sahel.gif","type":"image\/gif"}],"author":"Med Ahmed","twitter_card":"summary_large_image","twitter_creator":"@lequotidienmr","twitter_site":"@lequotidienmr","twitter_misc":{"\u0643\u064f\u062a\u0628 \u0628\u0648\u0627\u0633\u0637\u0629":"Med Ahmed","\u0648\u0642\u062a \u0627\u0644\u0642\u0631\u0627\u0621\u0629 \u0627\u0644\u0645\u064f\u0642\u062f\u0651\u0631":"5 \u062f\u0642\u0627\u0626\u0642"},"schema":{"@context":"https:\/\/schema.org","@graph":[{"@type":"Article","@id":"https:\/\/lequotidien.mr\/?p=30552&lang=fr#article","isPartOf":{"@id":"https:\/\/lequotidien.mr\/?p=30552&lang=fr"},"author":{"name":"Med Ahmed","@id":"https:\/\/lequotidien.mr\/#\/schema\/person\/d2d350202a4d599685ed8abc25f97596"},"headline":"S\u00e9curit\u00e9 alimentaire : Nouakchott accueille une r\u00e9union r\u00e9gionale sur les fili\u00e8res strat\u00e9giques au Sahel","datePublished":"2025-08-30T23:04:53+00:00","mainEntityOfPage":{"@id":"https:\/\/lequotidien.mr\/?p=30552&lang=fr"},"wordCount":695,"commentCount":0,"publisher":{"@id":"https:\/\/lequotidien.mr\/#organization"},"image":{"@id":"https:\/\/lequotidien.mr\/?p=30552&lang=fr#primaryimage"},"thumbnailUrl":"https:\/\/lequotidien.mr\/wp-content\/uploads\/2025\/08\/photo-filieres-Sahel.gif","articleSection":["ACTUALIT\u00c9","Economie"],"inLanguage":"ar","potentialAction":[{"@type":"CommentAction","name":"Comment","target":["https:\/\/lequotidien.mr\/?p=30552&lang=fr#respond"]}]},{"@type":"WebPage","@id":"https:\/\/lequotidien.mr\/?p=30552&lang=fr","url":"https:\/\/lequotidien.mr\/?p=30552&lang=fr","name":"S\u00e9curit\u00e9 alimentaire : Nouakchott accueille une r\u00e9union r\u00e9gionale sur les fili\u00e8res strat\u00e9giques au Sahel - Le Quotidien de Nouakchott","isPartOf":{"@id":"https:\/\/lequotidien.mr\/#website"},"primaryImageOfPage":{"@id":"https:\/\/lequotidien.mr\/?p=30552&lang=fr#primaryimage"},"image":{"@id":"https:\/\/lequotidien.mr\/?p=30552&lang=fr#primaryimage"},"thumbnailUrl":"https:\/\/lequotidien.mr\/wp-content\/uploads\/2025\/08\/photo-filieres-Sahel.gif","datePublished":"2025-08-30T23:04:53+00:00","breadcrumb":{"@id":"https:\/\/lequotidien.mr\/?p=30552&lang=fr#breadcrumb"},"inLanguage":"ar","potentialAction":[{"@type":"ReadAction","target":["https:\/\/lequotidien.mr\/?p=30552&lang=fr"]}]},{"@type":"ImageObject","inLanguage":"ar","@id":"https:\/\/lequotidien.mr\/?p=30552&lang=fr#primaryimage","url":"https:\/\/lequotidien.mr\/wp-content\/uploads\/2025\/08\/photo-filieres-Sahel.gif","contentUrl":"https:\/\/lequotidien.mr\/wp-content\/uploads\/2025\/08\/photo-filieres-Sahel.gif","width":1400,"height":630},{"@type":"BreadcrumbList","@id":"https:\/\/lequotidien.mr\/?p=30552&lang=fr#breadcrumb","itemListElement":[{"@type":"ListItem","position":1,"name":"Home","item":"https:\/\/lequotidien.mr\/"},{"@type":"ListItem","position":2,"name":"S\u00e9curit\u00e9 alimentaire : Nouakchott accueille une r\u00e9union r\u00e9gionale sur les fili\u00e8res strat\u00e9giques au Sahel"}]},{"@type":"WebSite","@id":"https:\/\/lequotidien.mr\/#website","url":"https:\/\/lequotidien.mr\/","name":"Le Quotidien de Nouakchott","description":"\u0625\u062e\u0628\u0627\u0631\u064a\u0629 \u0645\u0633\u062a\u0642\u0644\u0629 \u0644\u0644\u0623\u0646\u0628\u0627\u0621 \u0627\u0644\u0639\u0627\u0645\u0629","publisher":{"@id":"https:\/\/lequotidien.mr\/#organization"},"potentialAction":[{"@type":"SearchAction","target":{"@type":"EntryPoint","urlTemplate":"https:\/\/lequotidien.mr\/?s={search_term_string}"},"query-input":{"@type":"PropertyValueSpecification","valueRequired":true,"valueName":"search_term_string"}}],"inLanguage":"ar"},{"@type":"Organization","@id":"https:\/\/lequotidien.mr\/#organization","name":"Le Quotidien de Nouakchott","url":"https:\/\/lequotidien.mr\/","logo":{"@type":"ImageObject","inLanguage":"ar","@id":"https:\/\/lequotidien.mr\/#\/schema\/logo\/image\/","url":"https:\/\/lequotidien.mr\/wp-content\/uploads\/2022\/11\/logolequotidien.jpg","contentUrl":"https:\/\/lequotidien.mr\/wp-content\/uploads\/2022\/11\/logolequotidien.jpg","width":290,"height":65,"caption":"Le Quotidien de Nouakchott"},"image":{"@id":"https:\/\/lequotidien.mr\/#\/schema\/logo\/image\/"},"sameAs":["https:\/\/web.facebook.com\/lequotidienmr","https:\/\/x.com\/lequotidienmr"]},{"@type":"Person","@id":"https:\/\/lequotidien.mr\/#\/schema\/person\/d2d350202a4d599685ed8abc25f97596","name":"Med Ahmed","image":{"@type":"ImageObject","inLanguage":"ar","@id":"https:\/\/secure.gravatar.com\/avatar\/fd2acc62ed50732923d1d39c17172c9b04149f142be92310ecc69e1358f94b52?s=96&d=mm&r=g","url":"https:\/\/secure.gravatar.com\/avatar\/fd2acc62ed50732923d1d39c17172c9b04149f142be92310ecc69e1358f94b52?s=96&d=mm&r=g","contentUrl":"https:\/\/secure.gravatar.com\/avatar\/fd2acc62ed50732923d1d39c17172c9b04149f142be92310ecc69e1358f94b52?s=96&d=mm&r=g","caption":"Med Ahmed"},"url":"https:\/\/lequotidien.mr\/?author=12"}]}},"_links":{"self":[{"href":"https:\/\/lequotidien.mr\/index.php?rest_route=\/wp\/v2\/posts\/30552","targetHints":{"allow":["GET"]}}],"collection":[{"href":"https:\/\/lequotidien.mr\/index.php?rest_route=\/wp\/v2\/posts"}],"about":[{"href":"https:\/\/lequotidien.mr\/index.php?rest_route=\/wp\/v2\/types\/post"}],"author":[{"embeddable":true,"href":"https:\/\/lequotidien.mr\/index.php?rest_route=\/wp\/v2\/users\/12"}],"replies":[{"embeddable":true,"href":"https:\/\/lequotidien.mr\/index.php?rest_route=%2Fwp%2Fv2%2Fcomments&post=30552"}],"version-history":[{"count":1,"href":"https:\/\/lequotidien.mr\/index.php?rest_route=\/wp\/v2\/posts\/30552\/revisions"}],"predecessor-version":[{"id":30554,"href":"https:\/\/lequotidien.mr\/index.php?rest_route=\/wp\/v2\/posts\/30552\/revisions\/30554"}],"wp:featuredmedia":[{"embeddable":true,"href":"https:\/\/lequotidien.mr\/index.php?rest_route=\/wp\/v2\/media\/30553"}],"wp:attachment":[{"href":"https:\/\/lequotidien.mr\/index.php?rest_route=%2Fwp%2Fv2%2Fmedia&parent=30552"}],"wp:term":[{"taxonomy":"category","embeddable":true,"href":"https:\/\/lequotidien.mr\/index.php?rest_route=%2Fwp%2Fv2%2Fcategories&post=30552"},{"taxonomy":"post_tag","embeddable":true,"href":"https:\/\/lequotidien.mr\/index.php?rest_route=%2Fwp%2Fv2%2Ftags&post=30552"}],"curies":[{"name":"wp","href":"https:\/\/api.w.org\/{rel}","templated":true}]}}