{"id":30495,"date":"2025-08-28T22:42:33","date_gmt":"2025-08-28T22:42:33","guid":{"rendered":"https:\/\/lequotidien.mr\/?p=30495"},"modified":"2025-08-28T22:42:33","modified_gmt":"2025-08-28T22:42:33","slug":"hodh-el-gharby-lancement-dun-atelier-pour-booster-les-chaines-de-valeur-agricoles-a-travers-le-projet-sysalim","status":"publish","type":"post","link":"https:\/\/lequotidien.mr\/?p=30495&lang=fr","title":{"rendered":"Hodh El Gharby : Lancement d\u2019un atelier pour booster les cha\u00eenes de valeur agricoles \u00e0 travers le projet SYSALIM"},"content":{"rendered":"<p>Le Wali du Hodh El Gharby, M. Ahmeda Mamadou Kelly, a supervis\u00e9, mardi \u00e0 A\u00efoun, la c\u00e9r\u00e9monie de lancement d\u2019un atelier de trois jours destin\u00e9 \u00e0 diagnostiquer et \u00e0 \u00e9laborer des plans de d\u00e9veloppement strat\u00e9gique pour les fili\u00e8res agricoles de la wilaya. Cette initiative s\u2019inscrit dans le cadre du projet\u00a0<strong>Syst\u00e8mes Alimentaires Durables et Inclusifs en Mauritanie (SYSALIM)<\/strong>, financ\u00e9 par l\u2019Union europ\u00e9enne et mis en \u0153uvre par l\u2019Agence de D\u00e9veloppement belge\u00a0<strong>ENABLE<\/strong>.<\/p>\n<p>L\u2019objectif principal de cet atelier est d\u2019\u00e9tablir un diagnostic approfondi et de d\u00e9velopper des plans d\u2019action concrets pour trois cha\u00eenes de valeur identifi\u00e9es comme prioritaires :\u00a0<strong>les l\u00e9gumes, les produits laitiers et les c\u00e9r\u00e9ales traditionnelles<\/strong>. Le choix de ces fili\u00e8res est strat\u00e9gique, compte tenu de leur importance capitale tant sur le plan \u00e9conomique que nutritionnel. Elles jouent un r\u00f4le essentiel dans la fourniture d\u2019un revenu d\u00e9cent aux agriculteurs, aux \u00e9leveurs et aux acteurs locaux, tout en r\u00e9pondant \u00e0 la demande croissante des march\u00e9s urbains en produits de qualit\u00e9 et de valeur ajout\u00e9e.<\/p>\n<p>Dans son\u00a0discours d\u2019ouverture, le Wali, M. Ahmeda Mamadou Kelly, a situ\u00e9 cette initiative dans le cadre plus large de la vision nationale port\u00e9e par le Pr\u00e9sident de la R\u00e9publique, Son Excellence M. Mohamed Cheikh El Ghazouani. Il a rappel\u00e9 que la r\u00e9alisation d\u2019un\u00a0<strong>d\u00e9veloppement global et durable<\/strong>\u00a0constitue un pilier essentiel du programme \u00e9lectoral du Chef de l\u2019\u00c9tat. Cette vision se traduit par la promotion de syst\u00e8mes alimentaires r\u00e9silients et respectueux de l\u2019environnement, l\u2019am\u00e9lioration de la s\u00e9curit\u00e9 alimentaire, l\u2019autonomisation des jeunes et des femmes dans les secteurs productifs, et la lutte contre les effets du changement climatique.<\/p>\n<p>M. Kelly a ensuite d\u00e9taill\u00e9 les fondements du projet SYSALIM, qui repose sur <strong>trois piliers principaux <\/strong>directement align\u00e9s sur les priorit\u00e9s nationales :<\/p>\n<p><strong>-D\u00e9velopper la production mara\u00eech\u00e8re<\/strong>\u00a0(l\u00e9gumes)\u00a0;<\/p>\n<p><strong>-Dynamiser la fili\u00e8re laiti\u00e8re\u00a0<\/strong>;<\/p>\n<p><strong>-Valoriser la production de c\u00e9r\u00e9ales traditionnelles<\/strong>.<\/p>\n<p>Le Wali a soulign\u00e9 que ces secteurs offrent d\u2019importantes\u00a0<strong>opportunit\u00e9s \u00e9conomiques<\/strong>\u00a0et sont des leviers majeurs pour\u00a0<strong>renforcer la s\u00e9curit\u00e9 alimentaire<\/strong>\u00a0au niveau local. Leur d\u00e9veloppement structur\u00e9 est donc une condition sine qua non pour une croissance inclusive et durable dans la r\u00e9gion du Hodh El Gharby.<\/p>\n<p>Cet atelier marque une \u00e9tape cruciale dans la concr\u00e9tisation du projet SYSALIM. En r\u00e9unissant les acteurs cl\u00e9s des fili\u00e8res concern\u00e9es, il vise \u00e0 co-construire une feuille de route r\u00e9aliste et efficace pour transformer le potentiel agricole de la wilaya en v\u00e9ritables moteurs de prosp\u00e9rit\u00e9 \u00e9conomique et sociale.<\/p>\n<p>&nbsp;<\/p>\n","protected":false},"excerpt":{"rendered":"<p>Le Wali du Hodh El Gharby, M. Ahmeda Mamadou Kelly, a supervis\u00e9, mardi \u00e0 A\u00efoun, la c\u00e9r\u00e9monie de lancement d\u2019un atelier de trois jours destin\u00e9 \u00e0 diagnostiquer et \u00e0 \u00e9laborer des plans de d\u00e9veloppement strat\u00e9gique pour les fili\u00e8res agricoles de la wilaya. Cette initiative s\u2019inscrit dans le cadre du projet\u00a0Syst\u00e8mes Alimentaires Durables et Inclusifs en&#8230;..<\/p>\n","protected":false},"author":12,"featured_media":30496,"comment_status":"open","ping_status":"open","sticky":false,"template":"","format":"standard","meta":{"footnotes":""},"categories":[23,49],"tags":[],"class_list":["post-30495","post","type-post","status-publish","format-standard","has-post-thumbnail","hentry","category-actualite","category-economie"],"yoast_head":"<!-- This site is optimized with the Yoast SEO plugin v27.5 - https:\/\/yoast.com\/product\/yoast-seo-wordpress\/ -->\n<title>Hodh El Gharby : Lancement d\u2019un atelier pour booster les cha\u00eenes de valeur agricoles \u00e0 travers le projet SYSALIM - Le Quotidien de Nouakchott<\/title>\n<meta name=\"robots\" content=\"index, follow, max-snippet:-1, max-image-preview:large, max-video-preview:-1\" \/>\n<link rel=\"canonical\" href=\"https:\/\/lequotidien.mr\/?p=30495&lang=fr\" \/>\n<meta property=\"og:locale\" content=\"ar_AR\" \/>\n<meta property=\"og:type\" content=\"article\" \/>\n<meta property=\"og:title\" content=\"Hodh El Gharby : Lancement d\u2019un atelier pour booster les cha\u00eenes de valeur agricoles \u00e0 travers le projet SYSALIM - Le Quotidien de Nouakchott\" \/>\n<meta property=\"og:description\" content=\"Le Wali du Hodh El Gharby, M. Ahmeda Mamadou Kelly, a supervis\u00e9, mardi \u00e0 A\u00efoun, la c\u00e9r\u00e9monie de lancement d\u2019un atelier de trois jours destin\u00e9 \u00e0 diagnostiquer et \u00e0 \u00e9laborer des plans de d\u00e9veloppement strat\u00e9gique pour les fili\u00e8res agricoles de la wilaya. Cette initiative s\u2019inscrit dans le cadre du projet\u00a0Syst\u00e8mes Alimentaires Durables et Inclusifs en.....\" \/>\n<meta property=\"og:url\" content=\"https:\/\/lequotidien.mr\/?p=30495&amp;lang=fr\" \/>\n<meta property=\"og:site_name\" content=\"Le Quotidien de Nouakchott\" \/>\n<meta property=\"article:publisher\" content=\"https:\/\/web.facebook.com\/lequotidienmr\" \/>\n<meta property=\"article:published_time\" content=\"2025-08-28T22:42:33+00:00\" \/>\n<meta property=\"og:image\" content=\"https:\/\/lequotidien.mr\/wp-content\/uploads\/2025\/08\/photo-projet-Sysam.gif\" \/>\n\t<meta property=\"og:image:width\" content=\"698\" \/>\n\t<meta property=\"og:image:height\" content=\"360\" \/>\n\t<meta property=\"og:image:type\" content=\"image\/gif\" \/>\n<meta name=\"author\" content=\"Med Ahmed\" \/>\n<meta name=\"twitter:card\" content=\"summary_large_image\" \/>\n<meta name=\"twitter:creator\" content=\"@lequotidienmr\" \/>\n<meta name=\"twitter:site\" content=\"@lequotidienmr\" \/>\n<meta name=\"twitter:label1\" content=\"\u0643\u064f\u062a\u0628 \u0628\u0648\u0627\u0633\u0637\u0629\" \/>\n\t<meta name=\"twitter:data1\" content=\"Med Ahmed\" \/>\n\t<meta name=\"twitter:label2\" content=\"\u0648\u0642\u062a \u0627\u0644\u0642\u0631\u0627\u0621\u0629 \u0627\u0644\u0645\u064f\u0642\u062f\u0651\u0631\" \/>\n\t<meta name=\"twitter:data2\" content=\"4 \u062f\u0642\u0627\u0626\u0642\" \/>\n<script type=\"application\/ld+json\" class=\"yoast-schema-graph\">{\"@context\":\"https:\\\/\\\/schema.org\",\"@graph\":[{\"@type\":\"Article\",\"@id\":\"https:\\\/\\\/lequotidien.mr\\\/?p=30495&lang=fr#article\",\"isPartOf\":{\"@id\":\"https:\\\/\\\/lequotidien.mr\\\/?p=30495&lang=fr\"},\"author\":{\"name\":\"Med Ahmed\",\"@id\":\"https:\\\/\\\/lequotidien.mr\\\/#\\\/schema\\\/person\\\/d2d350202a4d599685ed8abc25f97596\"},\"headline\":\"Hodh El Gharby : Lancement d\u2019un atelier pour booster les cha\u00eenes de valeur agricoles \u00e0 travers le projet SYSALIM\",\"datePublished\":\"2025-08-28T22:42:33+00:00\",\"mainEntityOfPage\":{\"@id\":\"https:\\\/\\\/lequotidien.mr\\\/?p=30495&lang=fr\"},\"wordCount\":476,\"commentCount\":0,\"publisher\":{\"@id\":\"https:\\\/\\\/lequotidien.mr\\\/#organization\"},\"image\":{\"@id\":\"https:\\\/\\\/lequotidien.mr\\\/?p=30495&lang=fr#primaryimage\"},\"thumbnailUrl\":\"https:\\\/\\\/lequotidien.mr\\\/wp-content\\\/uploads\\\/2025\\\/08\\\/photo-projet-Sysam.gif\",\"articleSection\":[\"ACTUALIT\u00c9\",\"Economie\"],\"inLanguage\":\"ar\",\"potentialAction\":[{\"@type\":\"CommentAction\",\"name\":\"Comment\",\"target\":[\"https:\\\/\\\/lequotidien.mr\\\/?p=30495&lang=fr#respond\"]}]},{\"@type\":\"WebPage\",\"@id\":\"https:\\\/\\\/lequotidien.mr\\\/?p=30495&lang=fr\",\"url\":\"https:\\\/\\\/lequotidien.mr\\\/?p=30495&lang=fr\",\"name\":\"Hodh El Gharby : Lancement d\u2019un atelier pour booster les cha\u00eenes de valeur agricoles \u00e0 travers le projet SYSALIM - Le Quotidien de Nouakchott\",\"isPartOf\":{\"@id\":\"https:\\\/\\\/lequotidien.mr\\\/#website\"},\"primaryImageOfPage\":{\"@id\":\"https:\\\/\\\/lequotidien.mr\\\/?p=30495&lang=fr#primaryimage\"},\"image\":{\"@id\":\"https:\\\/\\\/lequotidien.mr\\\/?p=30495&lang=fr#primaryimage\"},\"thumbnailUrl\":\"https:\\\/\\\/lequotidien.mr\\\/wp-content\\\/uploads\\\/2025\\\/08\\\/photo-projet-Sysam.gif\",\"datePublished\":\"2025-08-28T22:42:33+00:00\",\"breadcrumb\":{\"@id\":\"https:\\\/\\\/lequotidien.mr\\\/?p=30495&lang=fr#breadcrumb\"},\"inLanguage\":\"ar\",\"potentialAction\":[{\"@type\":\"ReadAction\",\"target\":[\"https:\\\/\\\/lequotidien.mr\\\/?p=30495&lang=fr\"]}]},{\"@type\":\"ImageObject\",\"inLanguage\":\"ar\",\"@id\":\"https:\\\/\\\/lequotidien.mr\\\/?p=30495&lang=fr#primaryimage\",\"url\":\"https:\\\/\\\/lequotidien.mr\\\/wp-content\\\/uploads\\\/2025\\\/08\\\/photo-projet-Sysam.gif\",\"contentUrl\":\"https:\\\/\\\/lequotidien.mr\\\/wp-content\\\/uploads\\\/2025\\\/08\\\/photo-projet-Sysam.gif\",\"width\":698,\"height\":360},{\"@type\":\"BreadcrumbList\",\"@id\":\"https:\\\/\\\/lequotidien.mr\\\/?p=30495&lang=fr#breadcrumb\",\"itemListElement\":[{\"@type\":\"ListItem\",\"position\":1,\"name\":\"Home\",\"item\":\"https:\\\/\\\/lequotidien.mr\\\/\"},{\"@type\":\"ListItem\",\"position\":2,\"name\":\"Hodh El Gharby : Lancement d\u2019un atelier pour booster les cha\u00eenes de valeur agricoles \u00e0 travers le projet SYSALIM\"}]},{\"@type\":\"WebSite\",\"@id\":\"https:\\\/\\\/lequotidien.mr\\\/#website\",\"url\":\"https:\\\/\\\/lequotidien.mr\\\/\",\"name\":\"Le Quotidien de Nouakchott\",\"description\":\"\u0625\u062e\u0628\u0627\u0631\u064a\u0629 \u0645\u0633\u062a\u0642\u0644\u0629 \u0644\u0644\u0623\u0646\u0628\u0627\u0621 \u0627\u0644\u0639\u0627\u0645\u0629\",\"publisher\":{\"@id\":\"https:\\\/\\\/lequotidien.mr\\\/#organization\"},\"potentialAction\":[{\"@type\":\"SearchAction\",\"target\":{\"@type\":\"EntryPoint\",\"urlTemplate\":\"https:\\\/\\\/lequotidien.mr\\\/?s={search_term_string}\"},\"query-input\":{\"@type\":\"PropertyValueSpecification\",\"valueRequired\":true,\"valueName\":\"search_term_string\"}}],\"inLanguage\":\"ar\"},{\"@type\":\"Organization\",\"@id\":\"https:\\\/\\\/lequotidien.mr\\\/#organization\",\"name\":\"Le Quotidien de Nouakchott\",\"url\":\"https:\\\/\\\/lequotidien.mr\\\/\",\"logo\":{\"@type\":\"ImageObject\",\"inLanguage\":\"ar\",\"@id\":\"https:\\\/\\\/lequotidien.mr\\\/#\\\/schema\\\/logo\\\/image\\\/\",\"url\":\"https:\\\/\\\/lequotidien.mr\\\/wp-content\\\/uploads\\\/2022\\\/11\\\/logolequotidien.jpg\",\"contentUrl\":\"https:\\\/\\\/lequotidien.mr\\\/wp-content\\\/uploads\\\/2022\\\/11\\\/logolequotidien.jpg\",\"width\":290,\"height\":65,\"caption\":\"Le Quotidien de Nouakchott\"},\"image\":{\"@id\":\"https:\\\/\\\/lequotidien.mr\\\/#\\\/schema\\\/logo\\\/image\\\/\"},\"sameAs\":[\"https:\\\/\\\/web.facebook.com\\\/lequotidienmr\",\"https:\\\/\\\/x.com\\\/lequotidienmr\"]},{\"@type\":\"Person\",\"@id\":\"https:\\\/\\\/lequotidien.mr\\\/#\\\/schema\\\/person\\\/d2d350202a4d599685ed8abc25f97596\",\"name\":\"Med Ahmed\",\"image\":{\"@type\":\"ImageObject\",\"inLanguage\":\"ar\",\"@id\":\"https:\\\/\\\/secure.gravatar.com\\\/avatar\\\/fd2acc62ed50732923d1d39c17172c9b04149f142be92310ecc69e1358f94b52?s=96&d=mm&r=g\",\"url\":\"https:\\\/\\\/secure.gravatar.com\\\/avatar\\\/fd2acc62ed50732923d1d39c17172c9b04149f142be92310ecc69e1358f94b52?s=96&d=mm&r=g\",\"contentUrl\":\"https:\\\/\\\/secure.gravatar.com\\\/avatar\\\/fd2acc62ed50732923d1d39c17172c9b04149f142be92310ecc69e1358f94b52?s=96&d=mm&r=g\",\"caption\":\"Med Ahmed\"},\"url\":\"https:\\\/\\\/lequotidien.mr\\\/?author=12\"}]}<\/script>\n<!-- \/ Yoast SEO plugin. -->","yoast_head_json":{"title":"Hodh El Gharby : Lancement d\u2019un atelier pour booster les cha\u00eenes de valeur agricoles \u00e0 travers le projet SYSALIM - Le Quotidien de Nouakchott","robots":{"index":"index","follow":"follow","max-snippet":"max-snippet:-1","max-image-preview":"max-image-preview:large","max-video-preview":"max-video-preview:-1"},"canonical":"https:\/\/lequotidien.mr\/?p=30495&lang=fr","og_locale":"ar_AR","og_type":"article","og_title":"Hodh El Gharby : Lancement d\u2019un atelier pour booster les cha\u00eenes de valeur agricoles \u00e0 travers le projet SYSALIM - Le Quotidien de Nouakchott","og_description":"Le Wali du Hodh El Gharby, M. Ahmeda Mamadou Kelly, a supervis\u00e9, mardi \u00e0 A\u00efoun, la c\u00e9r\u00e9monie de lancement d\u2019un atelier de trois jours destin\u00e9 \u00e0 diagnostiquer et \u00e0 \u00e9laborer des plans de d\u00e9veloppement strat\u00e9gique pour les fili\u00e8res agricoles de la wilaya. Cette initiative s\u2019inscrit dans le cadre du projet\u00a0Syst\u00e8mes Alimentaires Durables et Inclusifs en.....","og_url":"https:\/\/lequotidien.mr\/?p=30495&lang=fr","og_site_name":"Le Quotidien de Nouakchott","article_publisher":"https:\/\/web.facebook.com\/lequotidienmr","article_published_time":"2025-08-28T22:42:33+00:00","og_image":[{"width":698,"height":360,"url":"https:\/\/lequotidien.mr\/wp-content\/uploads\/2025\/08\/photo-projet-Sysam.gif","type":"image\/gif"}],"author":"Med Ahmed","twitter_card":"summary_large_image","twitter_creator":"@lequotidienmr","twitter_site":"@lequotidienmr","twitter_misc":{"\u0643\u064f\u062a\u0628 \u0628\u0648\u0627\u0633\u0637\u0629":"Med Ahmed","\u0648\u0642\u062a \u0627\u0644\u0642\u0631\u0627\u0621\u0629 \u0627\u0644\u0645\u064f\u0642\u062f\u0651\u0631":"4 \u062f\u0642\u0627\u0626\u0642"},"schema":{"@context":"https:\/\/schema.org","@graph":[{"@type":"Article","@id":"https:\/\/lequotidien.mr\/?p=30495&lang=fr#article","isPartOf":{"@id":"https:\/\/lequotidien.mr\/?p=30495&lang=fr"},"author":{"name":"Med Ahmed","@id":"https:\/\/lequotidien.mr\/#\/schema\/person\/d2d350202a4d599685ed8abc25f97596"},"headline":"Hodh El Gharby : Lancement d\u2019un atelier pour booster les cha\u00eenes de valeur agricoles \u00e0 travers le projet SYSALIM","datePublished":"2025-08-28T22:42:33+00:00","mainEntityOfPage":{"@id":"https:\/\/lequotidien.mr\/?p=30495&lang=fr"},"wordCount":476,"commentCount":0,"publisher":{"@id":"https:\/\/lequotidien.mr\/#organization"},"image":{"@id":"https:\/\/lequotidien.mr\/?p=30495&lang=fr#primaryimage"},"thumbnailUrl":"https:\/\/lequotidien.mr\/wp-content\/uploads\/2025\/08\/photo-projet-Sysam.gif","articleSection":["ACTUALIT\u00c9","Economie"],"inLanguage":"ar","potentialAction":[{"@type":"CommentAction","name":"Comment","target":["https:\/\/lequotidien.mr\/?p=30495&lang=fr#respond"]}]},{"@type":"WebPage","@id":"https:\/\/lequotidien.mr\/?p=30495&lang=fr","url":"https:\/\/lequotidien.mr\/?p=30495&lang=fr","name":"Hodh El Gharby : Lancement d\u2019un atelier pour booster les cha\u00eenes de valeur agricoles \u00e0 travers le projet SYSALIM - Le Quotidien de Nouakchott","isPartOf":{"@id":"https:\/\/lequotidien.mr\/#website"},"primaryImageOfPage":{"@id":"https:\/\/lequotidien.mr\/?p=30495&lang=fr#primaryimage"},"image":{"@id":"https:\/\/lequotidien.mr\/?p=30495&lang=fr#primaryimage"},"thumbnailUrl":"https:\/\/lequotidien.mr\/wp-content\/uploads\/2025\/08\/photo-projet-Sysam.gif","datePublished":"2025-08-28T22:42:33+00:00","breadcrumb":{"@id":"https:\/\/lequotidien.mr\/?p=30495&lang=fr#breadcrumb"},"inLanguage":"ar","potentialAction":[{"@type":"ReadAction","target":["https:\/\/lequotidien.mr\/?p=30495&lang=fr"]}]},{"@type":"ImageObject","inLanguage":"ar","@id":"https:\/\/lequotidien.mr\/?p=30495&lang=fr#primaryimage","url":"https:\/\/lequotidien.mr\/wp-content\/uploads\/2025\/08\/photo-projet-Sysam.gif","contentUrl":"https:\/\/lequotidien.mr\/wp-content\/uploads\/2025\/08\/photo-projet-Sysam.gif","width":698,"height":360},{"@type":"BreadcrumbList","@id":"https:\/\/lequotidien.mr\/?p=30495&lang=fr#breadcrumb","itemListElement":[{"@type":"ListItem","position":1,"name":"Home","item":"https:\/\/lequotidien.mr\/"},{"@type":"ListItem","position":2,"name":"Hodh El Gharby : Lancement d\u2019un atelier pour booster les cha\u00eenes de valeur agricoles \u00e0 travers le projet SYSALIM"}]},{"@type":"WebSite","@id":"https:\/\/lequotidien.mr\/#website","url":"https:\/\/lequotidien.mr\/","name":"Le Quotidien de Nouakchott","description":"\u0625\u062e\u0628\u0627\u0631\u064a\u0629 \u0645\u0633\u062a\u0642\u0644\u0629 \u0644\u0644\u0623\u0646\u0628\u0627\u0621 \u0627\u0644\u0639\u0627\u0645\u0629","publisher":{"@id":"https:\/\/lequotidien.mr\/#organization"},"potentialAction":[{"@type":"SearchAction","target":{"@type":"EntryPoint","urlTemplate":"https:\/\/lequotidien.mr\/?s={search_term_string}"},"query-input":{"@type":"PropertyValueSpecification","valueRequired":true,"valueName":"search_term_string"}}],"inLanguage":"ar"},{"@type":"Organization","@id":"https:\/\/lequotidien.mr\/#organization","name":"Le Quotidien de Nouakchott","url":"https:\/\/lequotidien.mr\/","logo":{"@type":"ImageObject","inLanguage":"ar","@id":"https:\/\/lequotidien.mr\/#\/schema\/logo\/image\/","url":"https:\/\/lequotidien.mr\/wp-content\/uploads\/2022\/11\/logolequotidien.jpg","contentUrl":"https:\/\/lequotidien.mr\/wp-content\/uploads\/2022\/11\/logolequotidien.jpg","width":290,"height":65,"caption":"Le Quotidien de Nouakchott"},"image":{"@id":"https:\/\/lequotidien.mr\/#\/schema\/logo\/image\/"},"sameAs":["https:\/\/web.facebook.com\/lequotidienmr","https:\/\/x.com\/lequotidienmr"]},{"@type":"Person","@id":"https:\/\/lequotidien.mr\/#\/schema\/person\/d2d350202a4d599685ed8abc25f97596","name":"Med Ahmed","image":{"@type":"ImageObject","inLanguage":"ar","@id":"https:\/\/secure.gravatar.com\/avatar\/fd2acc62ed50732923d1d39c17172c9b04149f142be92310ecc69e1358f94b52?s=96&d=mm&r=g","url":"https:\/\/secure.gravatar.com\/avatar\/fd2acc62ed50732923d1d39c17172c9b04149f142be92310ecc69e1358f94b52?s=96&d=mm&r=g","contentUrl":"https:\/\/secure.gravatar.com\/avatar\/fd2acc62ed50732923d1d39c17172c9b04149f142be92310ecc69e1358f94b52?s=96&d=mm&r=g","caption":"Med Ahmed"},"url":"https:\/\/lequotidien.mr\/?author=12"}]}},"_links":{"self":[{"href":"https:\/\/lequotidien.mr\/index.php?rest_route=\/wp\/v2\/posts\/30495","targetHints":{"allow":["GET"]}}],"collection":[{"href":"https:\/\/lequotidien.mr\/index.php?rest_route=\/wp\/v2\/posts"}],"about":[{"href":"https:\/\/lequotidien.mr\/index.php?rest_route=\/wp\/v2\/types\/post"}],"author":[{"embeddable":true,"href":"https:\/\/lequotidien.mr\/index.php?rest_route=\/wp\/v2\/users\/12"}],"replies":[{"embeddable":true,"href":"https:\/\/lequotidien.mr\/index.php?rest_route=%2Fwp%2Fv2%2Fcomments&post=30495"}],"version-history":[{"count":1,"href":"https:\/\/lequotidien.mr\/index.php?rest_route=\/wp\/v2\/posts\/30495\/revisions"}],"predecessor-version":[{"id":30497,"href":"https:\/\/lequotidien.mr\/index.php?rest_route=\/wp\/v2\/posts\/30495\/revisions\/30497"}],"wp:featuredmedia":[{"embeddable":true,"href":"https:\/\/lequotidien.mr\/index.php?rest_route=\/wp\/v2\/media\/30496"}],"wp:attachment":[{"href":"https:\/\/lequotidien.mr\/index.php?rest_route=%2Fwp%2Fv2%2Fmedia&parent=30495"}],"wp:term":[{"taxonomy":"category","embeddable":true,"href":"https:\/\/lequotidien.mr\/index.php?rest_route=%2Fwp%2Fv2%2Fcategories&post=30495"},{"taxonomy":"post_tag","embeddable":true,"href":"https:\/\/lequotidien.mr\/index.php?rest_route=%2Fwp%2Fv2%2Ftags&post=30495"}],"curies":[{"name":"wp","href":"https:\/\/api.w.org\/{rel}","templated":true}]}}