{"id":30480,"date":"2025-08-27T22:18:11","date_gmt":"2025-08-27T22:18:11","guid":{"rendered":"https:\/\/lequotidien.mr\/?p=30480"},"modified":"2025-08-27T22:18:11","modified_gmt":"2025-08-27T22:18:11","slug":"region-du-brakna-patronat-mauritanien-signature-de-deux-protocoles-daccord-strategiques","status":"publish","type":"post","link":"https:\/\/lequotidien.mr\/?p=30480&lang=fr","title":{"rendered":"R\u00e9gion du Brakna\/Patronat mauritanien : Signature de deux protocoles d\u2019accord strat\u00e9giques"},"content":{"rendered":"<p>Sous le haut patronage du ministre de l\u2019Agriculture et de la Souverainet\u00e9 alimentaire, M. Memma Beibata, et du ministre de l\u2019Autonomisation des Jeunes, de l\u2019Emploi, des Sports et du Service civique, M. Mohamed Abdallahi Louly, deux protocoles d\u2019accord strat\u00e9giques ont \u00e9t\u00e9 sign\u00e9s mardi matin au si\u00e8ge du minist\u00e8re de l\u2019Agriculture. Ces accords, conclus entre la R\u00e9gion du Brakna et l\u2019Union nationale du Patronat mauritanien (UNPM), visent \u00e0 dynamiser l\u2019emploi des jeunes et \u00e0 moderniser l\u2019agriculture.<\/p>\n<p><strong>Emploi des jeunes et m\u00e9canisation agricole<\/strong><\/p>\n<p>Les documents ont \u00e9t\u00e9 paraph\u00e9s par le pr\u00e9sident de la R\u00e9gion du Brakna, M. Mohamed El Moustafa Mohamed Mahmoud, et le pr\u00e9sident de l\u2019UNPM, M. Mohamed Zeine El Abidine Cheikh Ahmed. Le premier protocole concr\u00e9tise l\u2019engagement de fournir\u00a0<strong>500 opportunit\u00e9s d\u2019emploi et de formation<\/strong>\u00a0pour les jeunes de la wilaya du Brakna dans les secteurs de l\u2019agriculture et de la p\u00eache.<\/p>\n<p>Le second accord est ax\u00e9 sur un\u00a0<strong>soutien direct aux agriculteurs<\/strong>\u00a0des zones pluviales. Il pr\u00e9voit la fourniture de 3000 heures de travail de tracteurs et de machines agricoles, un appui crucial pour la saison 2025-2026. Cette initiative b\u00e9n\u00e9ficiera aux wilayas des deux Hodhs, de l\u2019Assaba, du Brakna, du Gorgol et du Guidimakha, marquant une \u00e9tape significative dans l\u2019introduction de la m\u00e9canisation agricole.<\/p>\n<p>Lors de son allocution, le ministre de l\u2019Agriculture, M. Memma Beibata, a situ\u00e9 cette initiative dans le cadre des\u00a0directives du Pr\u00e9sident de la R\u00e9publique, Son Excellence Monsieur Mohamed Cheikh El Ghazouani, visant \u00e0 promouvoir le secteur agricole. Il a pr\u00e9cis\u00e9 que le second protocole permettra la construction d\u2019<strong>infrastructures de conservation et de refroidissement<\/strong>, une r\u00e9ponse tangible aux demandes des agriculteurs traditionnels.<\/p>\n<p>\u00ab Le fait de leur fournir le soutien et l\u2019\u00e9quipement n\u00e9cessaires les encouragera \u00e0 exploiter les terres agricoles et \u00e0 atteindre une production abondante \u00bb, a-t-il d\u00e9clar\u00e9, soulignant l&#8217;impact de ces mesures sur la s\u00e9curit\u00e9 alimentaire.<\/p>\n<p>Le ministre de l\u2019Autonomisation des Jeunes, M. Mohamed Abdallahi Louly, a pour sa part r\u00e9affirm\u00e9 que\u00a0l\u2019emploi des jeunes est une priorit\u00e9 essentielle. Son d\u00e9partement s\u2019engagera \u00e0 accompagner l\u2019int\u00e9gration des 500 jeunes en prenant en charge leur transport et leur assurance maladie. Il a garanti que le processus de s\u00e9lection se d\u00e9roulera en\u00a0<strong>toute transparence<\/strong>\u00a0via les plateformes digitales du minist\u00e8re.<\/p>\n<p><strong>Une coop\u00e9ration salu\u00e9e par l&#8217;ensemble des parties prenantes<\/strong><\/p>\n<p>Le pr\u00e9sident de la r\u00e9gion du Brakna, s&#8217;exprimant au nom des r\u00e9gions b\u00e9n\u00e9ficiaires, a salu\u00e9 cette coop\u00e9ration qui incarne l\u2019int\u00e9r\u00eat port\u00e9 au\u00a0d\u00e9veloppement de l\u2019int\u00e9rieur. Il a rendu hommage au minist\u00e8re de l\u2019Agriculture, un partenaire cl\u00e9, et aux efforts du minist\u00e8re de l\u2019Autonomisation des Jeunes.<\/p>\n<p>Le pr\u00e9sident de l\u2019UNPM a expliqu\u00e9 que cet engagement fait suite \u00e0 une visite de terrain o\u00f9 le\u00a0besoin urgent en mat\u00e9riel agricole\u00a0avait \u00e9t\u00e9 constat\u00e9. \u00ab L\u2019int\u00e9gration des jeunes dans l\u2019agriculture est une r\u00e9ponse \u00e0 leurs aspirations \u00bb, a-t-il soulign\u00e9, invitant les candidats \u00e0 s\u2019inscrire via la plateforme du minist\u00e8re.<\/p>\n<p>Des repr\u00e9sentants du secteur, tels que le porte-parole de la Fondation Thamar Agro, M. Khattari Ahmedou Cheikh El Bidhane, ont applaudi ces accords. Ils ont appel\u00e9 \u00e0\u00a0d\u00e9velopper les comp\u00e9tences locales\u00a0et \u00e0 r\u00e9duire la d\u00e9pendance \u00e0 la main-d\u2019\u0153uvre \u00e9trang\u00e8re, exprimant leur volont\u00e9 de participer pleinement \u00e0 la mise en \u0153uvre de ces projets.<\/p>\n<p>La c\u00e9r\u00e9monie s\u2019est d\u00e9roul\u00e9e en pr\u00e9sence du secr\u00e9taire g\u00e9n\u00e9ral du minist\u00e8re de l\u2019Agriculture, M. Ahmed Salem Elaraby, du directeur g\u00e9n\u00e9ral de l\u2019Agence pour l\u2019emploi des jeunes, M. Abdel Vattah Abdel Vattah, ainsi que de nombreux fonctionnaires, hommes d\u2019affaires et agriculteurs, unis autour d\u2019une vision commune de d\u00e9veloppement et de prosp\u00e9rit\u00e9.<\/p>\n","protected":false},"excerpt":{"rendered":"<p>Sous le haut patronage du ministre de l\u2019Agriculture et de la Souverainet\u00e9 alimentaire, M. Memma Beibata, et du ministre de l\u2019Autonomisation des Jeunes, de l\u2019Emploi, des Sports et du Service civique, M. Mohamed Abdallahi Louly, deux protocoles d\u2019accord strat\u00e9giques ont \u00e9t\u00e9 sign\u00e9s mardi matin au si\u00e8ge du minist\u00e8re de l\u2019Agriculture. Ces accords, conclus entre la&#8230;..<\/p>\n","protected":false},"author":12,"featured_media":30481,"comment_status":"open","ping_status":"open","sticky":false,"template":"","format":"standard","meta":{"footnotes":""},"categories":[23,49],"tags":[],"class_list":["post-30480","post","type-post","status-publish","format-standard","has-post-thumbnail","hentry","category-actualite","category-economie"],"yoast_head":"<!-- This site is optimized with the Yoast SEO plugin v27.5 - https:\/\/yoast.com\/product\/yoast-seo-wordpress\/ -->\n<title>R\u00e9gion du Brakna\/Patronat mauritanien : Signature de deux protocoles d\u2019accord strat\u00e9giques - Le Quotidien de Nouakchott<\/title>\n<meta name=\"robots\" content=\"index, follow, max-snippet:-1, max-image-preview:large, max-video-preview:-1\" \/>\n<link rel=\"canonical\" href=\"https:\/\/lequotidien.mr\/?p=30480&lang=fr\" \/>\n<meta property=\"og:locale\" content=\"ar_AR\" \/>\n<meta property=\"og:type\" content=\"article\" \/>\n<meta property=\"og:title\" content=\"R\u00e9gion du Brakna\/Patronat mauritanien : Signature de deux protocoles d\u2019accord strat\u00e9giques - Le Quotidien de Nouakchott\" \/>\n<meta property=\"og:description\" content=\"Sous le haut patronage du ministre de l\u2019Agriculture et de la Souverainet\u00e9 alimentaire, M. Memma Beibata, et du ministre de l\u2019Autonomisation des Jeunes, de l\u2019Emploi, des Sports et du Service civique, M. Mohamed Abdallahi Louly, deux protocoles d\u2019accord strat\u00e9giques ont \u00e9t\u00e9 sign\u00e9s mardi matin au si\u00e8ge du minist\u00e8re de l\u2019Agriculture. Ces accords, conclus entre la.....\" \/>\n<meta property=\"og:url\" content=\"https:\/\/lequotidien.mr\/?p=30480&amp;lang=fr\" \/>\n<meta property=\"og:site_name\" content=\"Le Quotidien de Nouakchott\" \/>\n<meta property=\"article:publisher\" content=\"https:\/\/web.facebook.com\/lequotidienmr\" \/>\n<meta property=\"article:published_time\" content=\"2025-08-27T22:18:11+00:00\" \/>\n<meta property=\"og:image\" content=\"https:\/\/lequotidien.mr\/wp-content\/uploads\/2025\/08\/photo-protocoles-daccord.gif\" \/>\n\t<meta property=\"og:image:width\" content=\"1024\" \/>\n\t<meta property=\"og:image:height\" content=\"732\" \/>\n\t<meta property=\"og:image:type\" content=\"image\/gif\" \/>\n<meta name=\"author\" content=\"Med Ahmed\" \/>\n<meta name=\"twitter:card\" content=\"summary_large_image\" \/>\n<meta name=\"twitter:creator\" content=\"@lequotidienmr\" \/>\n<meta name=\"twitter:site\" content=\"@lequotidienmr\" \/>\n<meta name=\"twitter:label1\" content=\"\u0643\u064f\u062a\u0628 \u0628\u0648\u0627\u0633\u0637\u0629\" \/>\n\t<meta name=\"twitter:data1\" content=\"Med Ahmed\" \/>\n\t<meta name=\"twitter:label2\" content=\"\u0648\u0642\u062a \u0627\u0644\u0642\u0631\u0627\u0621\u0629 \u0627\u0644\u0645\u064f\u0642\u062f\u0651\u0631\" \/>\n\t<meta name=\"twitter:data2\" content=\"5 \u062f\u0642\u0627\u0626\u0642\" \/>\n<script type=\"application\/ld+json\" class=\"yoast-schema-graph\">{\"@context\":\"https:\\\/\\\/schema.org\",\"@graph\":[{\"@type\":\"Article\",\"@id\":\"https:\\\/\\\/lequotidien.mr\\\/?p=30480&lang=fr#article\",\"isPartOf\":{\"@id\":\"https:\\\/\\\/lequotidien.mr\\\/?p=30480&lang=fr\"},\"author\":{\"name\":\"Med Ahmed\",\"@id\":\"https:\\\/\\\/lequotidien.mr\\\/#\\\/schema\\\/person\\\/d2d350202a4d599685ed8abc25f97596\"},\"headline\":\"R\u00e9gion du Brakna\\\/Patronat mauritanien : Signature de deux protocoles d\u2019accord strat\u00e9giques\",\"datePublished\":\"2025-08-27T22:18:11+00:00\",\"mainEntityOfPage\":{\"@id\":\"https:\\\/\\\/lequotidien.mr\\\/?p=30480&lang=fr\"},\"wordCount\":673,\"commentCount\":0,\"publisher\":{\"@id\":\"https:\\\/\\\/lequotidien.mr\\\/#organization\"},\"image\":{\"@id\":\"https:\\\/\\\/lequotidien.mr\\\/?p=30480&lang=fr#primaryimage\"},\"thumbnailUrl\":\"https:\\\/\\\/lequotidien.mr\\\/wp-content\\\/uploads\\\/2025\\\/08\\\/photo-protocoles-daccord.gif\",\"articleSection\":[\"ACTUALIT\u00c9\",\"Economie\"],\"inLanguage\":\"ar\",\"potentialAction\":[{\"@type\":\"CommentAction\",\"name\":\"Comment\",\"target\":[\"https:\\\/\\\/lequotidien.mr\\\/?p=30480&lang=fr#respond\"]}]},{\"@type\":\"WebPage\",\"@id\":\"https:\\\/\\\/lequotidien.mr\\\/?p=30480&lang=fr\",\"url\":\"https:\\\/\\\/lequotidien.mr\\\/?p=30480&lang=fr\",\"name\":\"R\u00e9gion du Brakna\\\/Patronat mauritanien : Signature de deux protocoles d\u2019accord strat\u00e9giques - Le Quotidien de Nouakchott\",\"isPartOf\":{\"@id\":\"https:\\\/\\\/lequotidien.mr\\\/#website\"},\"primaryImageOfPage\":{\"@id\":\"https:\\\/\\\/lequotidien.mr\\\/?p=30480&lang=fr#primaryimage\"},\"image\":{\"@id\":\"https:\\\/\\\/lequotidien.mr\\\/?p=30480&lang=fr#primaryimage\"},\"thumbnailUrl\":\"https:\\\/\\\/lequotidien.mr\\\/wp-content\\\/uploads\\\/2025\\\/08\\\/photo-protocoles-daccord.gif\",\"datePublished\":\"2025-08-27T22:18:11+00:00\",\"breadcrumb\":{\"@id\":\"https:\\\/\\\/lequotidien.mr\\\/?p=30480&lang=fr#breadcrumb\"},\"inLanguage\":\"ar\",\"potentialAction\":[{\"@type\":\"ReadAction\",\"target\":[\"https:\\\/\\\/lequotidien.mr\\\/?p=30480&lang=fr\"]}]},{\"@type\":\"ImageObject\",\"inLanguage\":\"ar\",\"@id\":\"https:\\\/\\\/lequotidien.mr\\\/?p=30480&lang=fr#primaryimage\",\"url\":\"https:\\\/\\\/lequotidien.mr\\\/wp-content\\\/uploads\\\/2025\\\/08\\\/photo-protocoles-daccord.gif\",\"contentUrl\":\"https:\\\/\\\/lequotidien.mr\\\/wp-content\\\/uploads\\\/2025\\\/08\\\/photo-protocoles-daccord.gif\",\"width\":1024,\"height\":732},{\"@type\":\"BreadcrumbList\",\"@id\":\"https:\\\/\\\/lequotidien.mr\\\/?p=30480&lang=fr#breadcrumb\",\"itemListElement\":[{\"@type\":\"ListItem\",\"position\":1,\"name\":\"Home\",\"item\":\"https:\\\/\\\/lequotidien.mr\\\/\"},{\"@type\":\"ListItem\",\"position\":2,\"name\":\"R\u00e9gion du Brakna\\\/Patronat mauritanien : Signature de deux protocoles d\u2019accord strat\u00e9giques\"}]},{\"@type\":\"WebSite\",\"@id\":\"https:\\\/\\\/lequotidien.mr\\\/#website\",\"url\":\"https:\\\/\\\/lequotidien.mr\\\/\",\"name\":\"Le Quotidien de Nouakchott\",\"description\":\"\u0625\u062e\u0628\u0627\u0631\u064a\u0629 \u0645\u0633\u062a\u0642\u0644\u0629 \u0644\u0644\u0623\u0646\u0628\u0627\u0621 \u0627\u0644\u0639\u0627\u0645\u0629\",\"publisher\":{\"@id\":\"https:\\\/\\\/lequotidien.mr\\\/#organization\"},\"potentialAction\":[{\"@type\":\"SearchAction\",\"target\":{\"@type\":\"EntryPoint\",\"urlTemplate\":\"https:\\\/\\\/lequotidien.mr\\\/?s={search_term_string}\"},\"query-input\":{\"@type\":\"PropertyValueSpecification\",\"valueRequired\":true,\"valueName\":\"search_term_string\"}}],\"inLanguage\":\"ar\"},{\"@type\":\"Organization\",\"@id\":\"https:\\\/\\\/lequotidien.mr\\\/#organization\",\"name\":\"Le Quotidien de Nouakchott\",\"url\":\"https:\\\/\\\/lequotidien.mr\\\/\",\"logo\":{\"@type\":\"ImageObject\",\"inLanguage\":\"ar\",\"@id\":\"https:\\\/\\\/lequotidien.mr\\\/#\\\/schema\\\/logo\\\/image\\\/\",\"url\":\"https:\\\/\\\/lequotidien.mr\\\/wp-content\\\/uploads\\\/2022\\\/11\\\/logolequotidien.jpg\",\"contentUrl\":\"https:\\\/\\\/lequotidien.mr\\\/wp-content\\\/uploads\\\/2022\\\/11\\\/logolequotidien.jpg\",\"width\":290,\"height\":65,\"caption\":\"Le Quotidien de Nouakchott\"},\"image\":{\"@id\":\"https:\\\/\\\/lequotidien.mr\\\/#\\\/schema\\\/logo\\\/image\\\/\"},\"sameAs\":[\"https:\\\/\\\/web.facebook.com\\\/lequotidienmr\",\"https:\\\/\\\/x.com\\\/lequotidienmr\"]},{\"@type\":\"Person\",\"@id\":\"https:\\\/\\\/lequotidien.mr\\\/#\\\/schema\\\/person\\\/d2d350202a4d599685ed8abc25f97596\",\"name\":\"Med Ahmed\",\"image\":{\"@type\":\"ImageObject\",\"inLanguage\":\"ar\",\"@id\":\"https:\\\/\\\/secure.gravatar.com\\\/avatar\\\/fd2acc62ed50732923d1d39c17172c9b04149f142be92310ecc69e1358f94b52?s=96&d=mm&r=g\",\"url\":\"https:\\\/\\\/secure.gravatar.com\\\/avatar\\\/fd2acc62ed50732923d1d39c17172c9b04149f142be92310ecc69e1358f94b52?s=96&d=mm&r=g\",\"contentUrl\":\"https:\\\/\\\/secure.gravatar.com\\\/avatar\\\/fd2acc62ed50732923d1d39c17172c9b04149f142be92310ecc69e1358f94b52?s=96&d=mm&r=g\",\"caption\":\"Med Ahmed\"},\"url\":\"https:\\\/\\\/lequotidien.mr\\\/?author=12\"}]}<\/script>\n<!-- \/ Yoast SEO plugin. -->","yoast_head_json":{"title":"R\u00e9gion du Brakna\/Patronat mauritanien : Signature de deux protocoles d\u2019accord strat\u00e9giques - Le Quotidien de Nouakchott","robots":{"index":"index","follow":"follow","max-snippet":"max-snippet:-1","max-image-preview":"max-image-preview:large","max-video-preview":"max-video-preview:-1"},"canonical":"https:\/\/lequotidien.mr\/?p=30480&lang=fr","og_locale":"ar_AR","og_type":"article","og_title":"R\u00e9gion du Brakna\/Patronat mauritanien : Signature de deux protocoles d\u2019accord strat\u00e9giques - Le Quotidien de Nouakchott","og_description":"Sous le haut patronage du ministre de l\u2019Agriculture et de la Souverainet\u00e9 alimentaire, M. Memma Beibata, et du ministre de l\u2019Autonomisation des Jeunes, de l\u2019Emploi, des Sports et du Service civique, M. Mohamed Abdallahi Louly, deux protocoles d\u2019accord strat\u00e9giques ont \u00e9t\u00e9 sign\u00e9s mardi matin au si\u00e8ge du minist\u00e8re de l\u2019Agriculture. Ces accords, conclus entre la.....","og_url":"https:\/\/lequotidien.mr\/?p=30480&lang=fr","og_site_name":"Le Quotidien de Nouakchott","article_publisher":"https:\/\/web.facebook.com\/lequotidienmr","article_published_time":"2025-08-27T22:18:11+00:00","og_image":[{"width":1024,"height":732,"url":"https:\/\/lequotidien.mr\/wp-content\/uploads\/2025\/08\/photo-protocoles-daccord.gif","type":"image\/gif"}],"author":"Med Ahmed","twitter_card":"summary_large_image","twitter_creator":"@lequotidienmr","twitter_site":"@lequotidienmr","twitter_misc":{"\u0643\u064f\u062a\u0628 \u0628\u0648\u0627\u0633\u0637\u0629":"Med Ahmed","\u0648\u0642\u062a \u0627\u0644\u0642\u0631\u0627\u0621\u0629 \u0627\u0644\u0645\u064f\u0642\u062f\u0651\u0631":"5 \u062f\u0642\u0627\u0626\u0642"},"schema":{"@context":"https:\/\/schema.org","@graph":[{"@type":"Article","@id":"https:\/\/lequotidien.mr\/?p=30480&lang=fr#article","isPartOf":{"@id":"https:\/\/lequotidien.mr\/?p=30480&lang=fr"},"author":{"name":"Med Ahmed","@id":"https:\/\/lequotidien.mr\/#\/schema\/person\/d2d350202a4d599685ed8abc25f97596"},"headline":"R\u00e9gion du Brakna\/Patronat mauritanien : Signature de deux protocoles d\u2019accord strat\u00e9giques","datePublished":"2025-08-27T22:18:11+00:00","mainEntityOfPage":{"@id":"https:\/\/lequotidien.mr\/?p=30480&lang=fr"},"wordCount":673,"commentCount":0,"publisher":{"@id":"https:\/\/lequotidien.mr\/#organization"},"image":{"@id":"https:\/\/lequotidien.mr\/?p=30480&lang=fr#primaryimage"},"thumbnailUrl":"https:\/\/lequotidien.mr\/wp-content\/uploads\/2025\/08\/photo-protocoles-daccord.gif","articleSection":["ACTUALIT\u00c9","Economie"],"inLanguage":"ar","potentialAction":[{"@type":"CommentAction","name":"Comment","target":["https:\/\/lequotidien.mr\/?p=30480&lang=fr#respond"]}]},{"@type":"WebPage","@id":"https:\/\/lequotidien.mr\/?p=30480&lang=fr","url":"https:\/\/lequotidien.mr\/?p=30480&lang=fr","name":"R\u00e9gion du Brakna\/Patronat mauritanien : Signature de deux protocoles d\u2019accord strat\u00e9giques - Le Quotidien de Nouakchott","isPartOf":{"@id":"https:\/\/lequotidien.mr\/#website"},"primaryImageOfPage":{"@id":"https:\/\/lequotidien.mr\/?p=30480&lang=fr#primaryimage"},"image":{"@id":"https:\/\/lequotidien.mr\/?p=30480&lang=fr#primaryimage"},"thumbnailUrl":"https:\/\/lequotidien.mr\/wp-content\/uploads\/2025\/08\/photo-protocoles-daccord.gif","datePublished":"2025-08-27T22:18:11+00:00","breadcrumb":{"@id":"https:\/\/lequotidien.mr\/?p=30480&lang=fr#breadcrumb"},"inLanguage":"ar","potentialAction":[{"@type":"ReadAction","target":["https:\/\/lequotidien.mr\/?p=30480&lang=fr"]}]},{"@type":"ImageObject","inLanguage":"ar","@id":"https:\/\/lequotidien.mr\/?p=30480&lang=fr#primaryimage","url":"https:\/\/lequotidien.mr\/wp-content\/uploads\/2025\/08\/photo-protocoles-daccord.gif","contentUrl":"https:\/\/lequotidien.mr\/wp-content\/uploads\/2025\/08\/photo-protocoles-daccord.gif","width":1024,"height":732},{"@type":"BreadcrumbList","@id":"https:\/\/lequotidien.mr\/?p=30480&lang=fr#breadcrumb","itemListElement":[{"@type":"ListItem","position":1,"name":"Home","item":"https:\/\/lequotidien.mr\/"},{"@type":"ListItem","position":2,"name":"R\u00e9gion du Brakna\/Patronat mauritanien : Signature de deux protocoles d\u2019accord strat\u00e9giques"}]},{"@type":"WebSite","@id":"https:\/\/lequotidien.mr\/#website","url":"https:\/\/lequotidien.mr\/","name":"Le Quotidien de Nouakchott","description":"\u0625\u062e\u0628\u0627\u0631\u064a\u0629 \u0645\u0633\u062a\u0642\u0644\u0629 \u0644\u0644\u0623\u0646\u0628\u0627\u0621 \u0627\u0644\u0639\u0627\u0645\u0629","publisher":{"@id":"https:\/\/lequotidien.mr\/#organization"},"potentialAction":[{"@type":"SearchAction","target":{"@type":"EntryPoint","urlTemplate":"https:\/\/lequotidien.mr\/?s={search_term_string}"},"query-input":{"@type":"PropertyValueSpecification","valueRequired":true,"valueName":"search_term_string"}}],"inLanguage":"ar"},{"@type":"Organization","@id":"https:\/\/lequotidien.mr\/#organization","name":"Le Quotidien de Nouakchott","url":"https:\/\/lequotidien.mr\/","logo":{"@type":"ImageObject","inLanguage":"ar","@id":"https:\/\/lequotidien.mr\/#\/schema\/logo\/image\/","url":"https:\/\/lequotidien.mr\/wp-content\/uploads\/2022\/11\/logolequotidien.jpg","contentUrl":"https:\/\/lequotidien.mr\/wp-content\/uploads\/2022\/11\/logolequotidien.jpg","width":290,"height":65,"caption":"Le Quotidien de Nouakchott"},"image":{"@id":"https:\/\/lequotidien.mr\/#\/schema\/logo\/image\/"},"sameAs":["https:\/\/web.facebook.com\/lequotidienmr","https:\/\/x.com\/lequotidienmr"]},{"@type":"Person","@id":"https:\/\/lequotidien.mr\/#\/schema\/person\/d2d350202a4d599685ed8abc25f97596","name":"Med Ahmed","image":{"@type":"ImageObject","inLanguage":"ar","@id":"https:\/\/secure.gravatar.com\/avatar\/fd2acc62ed50732923d1d39c17172c9b04149f142be92310ecc69e1358f94b52?s=96&d=mm&r=g","url":"https:\/\/secure.gravatar.com\/avatar\/fd2acc62ed50732923d1d39c17172c9b04149f142be92310ecc69e1358f94b52?s=96&d=mm&r=g","contentUrl":"https:\/\/secure.gravatar.com\/avatar\/fd2acc62ed50732923d1d39c17172c9b04149f142be92310ecc69e1358f94b52?s=96&d=mm&r=g","caption":"Med Ahmed"},"url":"https:\/\/lequotidien.mr\/?author=12"}]}},"_links":{"self":[{"href":"https:\/\/lequotidien.mr\/index.php?rest_route=\/wp\/v2\/posts\/30480","targetHints":{"allow":["GET"]}}],"collection":[{"href":"https:\/\/lequotidien.mr\/index.php?rest_route=\/wp\/v2\/posts"}],"about":[{"href":"https:\/\/lequotidien.mr\/index.php?rest_route=\/wp\/v2\/types\/post"}],"author":[{"embeddable":true,"href":"https:\/\/lequotidien.mr\/index.php?rest_route=\/wp\/v2\/users\/12"}],"replies":[{"embeddable":true,"href":"https:\/\/lequotidien.mr\/index.php?rest_route=%2Fwp%2Fv2%2Fcomments&post=30480"}],"version-history":[{"count":1,"href":"https:\/\/lequotidien.mr\/index.php?rest_route=\/wp\/v2\/posts\/30480\/revisions"}],"predecessor-version":[{"id":30482,"href":"https:\/\/lequotidien.mr\/index.php?rest_route=\/wp\/v2\/posts\/30480\/revisions\/30482"}],"wp:featuredmedia":[{"embeddable":true,"href":"https:\/\/lequotidien.mr\/index.php?rest_route=\/wp\/v2\/media\/30481"}],"wp:attachment":[{"href":"https:\/\/lequotidien.mr\/index.php?rest_route=%2Fwp%2Fv2%2Fmedia&parent=30480"}],"wp:term":[{"taxonomy":"category","embeddable":true,"href":"https:\/\/lequotidien.mr\/index.php?rest_route=%2Fwp%2Fv2%2Fcategories&post=30480"},{"taxonomy":"post_tag","embeddable":true,"href":"https:\/\/lequotidien.mr\/index.php?rest_route=%2Fwp%2Fv2%2Ftags&post=30480"}],"curies":[{"name":"wp","href":"https:\/\/api.w.org\/{rel}","templated":true}]}}