{"id":30477,"date":"2025-08-27T21:33:43","date_gmt":"2025-08-27T21:33:43","guid":{"rendered":"https:\/\/lequotidien.mr\/?p=30477"},"modified":"2025-08-27T21:33:43","modified_gmt":"2025-08-27T21:33:43","slug":"securite-alimentaire-atelier-sur-le-programme-regional-des-filieres-strategiques-au-sahel","status":"publish","type":"post","link":"https:\/\/lequotidien.mr\/?p=30477&lang=fr","title":{"rendered":"S\u00e9curit\u00e9 alimentaire : Atelier sur le programme r\u00e9gional des fili\u00e8res strat\u00e9giques au Sahel"},"content":{"rendered":"<p>Les travaux d\u2019un atelier r\u00e9gional de haut niveau visant \u00e0 examiner et \u00e0 valider le rapport d&#8217;\u00e9tape du programme des fili\u00e8res strat\u00e9giques pour le renforcement de la s\u00e9curit\u00e9 alimentaire, de la r\u00e9silience et du d\u00e9veloppement du commerce dans les pays du Sahel ont d\u00e9but\u00e9, mercredi matin \u00e0 Nouakchott.<\/p>\n<p><strong>Une collaboration multilat\u00e9rale pour le d\u00e9veloppement du Sahel<\/strong><\/p>\n<p>Cet atelier de deux jours est organis\u00e9 par le minist\u00e8re mauritanien de l\u2019Agriculture et de la Souverainet\u00e9 Alimentaire, en \u00e9troite collaboration avec plusieurs institutions partenaires : l\u2019Organisation Arabe pour le D\u00e9veloppement Agricole (OADA), le Comit\u00e9 Permanent Inter-\u00c9tats de Lutte contre la S\u00e9cheresse dans le Sahel (CILSS) et la Banque Arabe pour le D\u00e9veloppement \u00c9conomique en Afrique (BADEA). Il r\u00e9unit des experts, des bailleurs de fonds et des responsables techniques pour finaliser une feuille de route essentielle au d\u00e9veloppement de la r\u00e9gion.<\/p>\n<p>L&#8217;objectif principal de cette rencontre est d\u2019examiner, d\u2019analyser et d\u2019enrichir le document provisoire de l&#8217;\u00e9tude de faisabilit\u00e9 technique et financi\u00e8re dudit programme. Une fois finalis\u00e9, ce document sera pr\u00e9sent\u00e9 au groupe des bailleurs de fonds arabes pour financement. Une version pr\u00e9liminaire avait d&#8217;ailleurs \u00e9t\u00e9 bien accueillie lors d&#8217;une r\u00e9union du groupe de financement arabe tenue \u00e0 Vienne en juin dernier.<\/p>\n<p><strong>Faire face aux d\u00e9fis climatiques et s\u00e9curitaires<\/strong><\/p>\n<p>Lors de la c\u00e9r\u00e9monie d&#8217;ouverture, le secr\u00e9taire g\u00e9n\u00e9ral du minist\u00e8re de l\u2019Agriculture et de la Souverainet\u00e9 Alimentaire, M. Ahmed Salem El Arbi, a situ\u00e9 le contexte de cet atelier. Il a rappel\u00e9 que les pays d\u2019Afrique de l\u2019Ouest sont fortement expos\u00e9s \u00e0 la s\u00e9cheresse et \u00e0 ses effets n\u00e9gatifs, notamment l\u2019ins\u00e9curit\u00e9 alimentaire et la perte de r\u00e9silience face aux crises climatiques r\u00e9currentes.<\/p>\n<p>\u00ab Ce programme constituera l\u2019une des alternatives importantes pour faire face \u00e0 la plupart des d\u00e9fis de mani\u00e8re syst\u00e9matique et coordonn\u00e9e par le biais du CILSS \u00bb, a-t-il d\u00e9clar\u00e9, soulignant que ce cadre est le moyen le plus efficace pour coordonner les activit\u00e9s techniques et \u00e9conomiques conjointes des pays sah\u00e9liens. Il a aussi mis en avant les efforts consid\u00e9rables d\u00e9ploy\u00e9s par la Mauritanie pour renforcer la r\u00e9silience des populations rurales par la construction de barrages, de digues et de fermes mara\u00eech\u00e8res.<\/p>\n<p><strong>Une initiative ambitieuse ax\u00e9e sur les fili\u00e8res strat\u00e9giques<\/strong><\/p>\n<p>Pour sa part, le secr\u00e9taire ex\u00e9cutif du CILSS a pr\u00e9cis\u00e9 la nature de ce programme qu&#8217;il a qualifi\u00e9 d&#8217;\u00ab initiative ambitieuse \u00bb, centr\u00e9e sur le d\u00e9veloppement des fili\u00e8res strat\u00e9giques de c\u00e9r\u00e9ales et de produits commerciaux.<\/p>\n<p>\u00ab Ce programme vise \u00e0 \u0153uvrer pour le d\u00e9veloppement de la production et de la comp\u00e9titivit\u00e9 des fili\u00e8res strat\u00e9giques et le d\u00e9veloppement de cha\u00eenes de valeur inclusives qui offrent des opportunit\u00e9s d\u2019emploi pour les jeunes et des revenus pour les femmes \u00bb, a-t-il expliqu\u00e9. Il a \u00e9galement mentionn\u00e9 l&#8217;ambition d&#8217;am\u00e9liorer le cadre institutionnel et commercial pour faciliter les \u00e9changes internationaux.<\/p>\n<p>Il a not\u00e9 que l&#8217;atelier validera techniquement le rapport issu d&#8217;un diagnostic r\u00e9gional qui a identifi\u00e9 les principaux obstacles au d\u00e9veloppement : la faible ma\u00eetrise de l\u2019eau, le d\u00e9ficit en infrastructures et l\u2019acc\u00e8s limit\u00e9 aux financements.<\/p>\n<p><strong>Les changements climatiques, une pr\u00e9occupation centrale<\/strong><\/p>\n<p>Intervenant au nom de l&#8217;Organisation Arabe pour le D\u00e9veloppement Agricole (OADA), M. Ahmed Salem Ahmed, Directeur de la Formation, a dress\u00e9 un tableau des d\u00e9fis environnementaux auxquels la r\u00e9gion est confront\u00e9e depuis des d\u00e9cennies.<\/p>\n<p>\u00ab Ces crises se manifestent parfois sous forme de vagues de s\u00e9cheresse r\u00e9currentes et parfois sous forme de pluies torrentielles inhabituelles (\u2026) constituant \u00e0 ce jour la principale pr\u00e9occupation des peuples du monde \u00bb, a-t-il alert\u00e9. Il a insist\u00e9 sur le fait que toutes les solutions pour un d\u00e9veloppement durable passent in\u00e9vitablement par \u00ab le d\u00e9veloppement et l\u2019efficacit\u00e9 de l\u2019agriculture dans le cadre d\u2019une approche durable garantissant la r\u00e9silience des populations \u00bb.<\/p>\n<p>Il a r\u00e9v\u00e9l\u00e9 que l&#8217;\u00e9tude, financ\u00e9e par la BADEA dans quatre pays et mise en \u0153uvre par l&#8217;OADA, a conclu \u00e0 la fragilit\u00e9 des conditions de vie, \u00e0 l&#8217;aggravation des changements climatiques, \u00e0 une croissance d\u00e9mographique rapide et \u00e0 une faible exploitation des potentialit\u00e9s agricoles, avec seulement 21% des terres arables exploit\u00e9es.<\/p>\n<p><strong>Un engagement financier arabe de longue date<\/strong><\/p>\n<p>Le repr\u00e9sentant de la BADEA, M. Hatem Al Jabri, a r\u00e9affirm\u00e9 l&#8217;engagement constant de son institution envers le d\u00e9veloppement du Sahel depuis 1975. La Banque a financ\u00e9 environ 250 op\u00e9rations dans la r\u00e9gion, dont 120 sous forme de dons, pour une enveloppe financi\u00e8re avoisinant les 2 milliards de dollars au Tchad, au Niger et au Mali.<\/p>\n<p>La BADEA a \u00e9galement contribu\u00e9 au financement des premi\u00e8re et deuxi\u00e8me phases de l&#8217;\u00e9tude de faisabilit\u00e9 du programme r\u00e9gional des fili\u00e8res strat\u00e9giques, d\u00e9montrant ainsi son soutien sans faille \u00e0 cette initiative cruciale pour la stabilit\u00e9 et la prosp\u00e9rit\u00e9 de la r\u00e9gion.<\/p>\n<p>La c\u00e9r\u00e9monie d\u2019ouverture s\u2019est d\u00e9roul\u00e9e en pr\u00e9sence des secr\u00e9taires g\u00e9n\u00e9raux des minist\u00e8res de l\u2019Elevage, et de l\u2019Environnement et du D\u00e9veloppement durable, ainsi que de nombreux responsables nationaux, soulignant l&#8217;importance multidimensionnelle de ce projet pour la Mauritanie et l&#8217;ensemble de la r\u00e9gion sah\u00e9lienne.<\/p>\n","protected":false},"excerpt":{"rendered":"<p>Les travaux d\u2019un atelier r\u00e9gional de haut niveau visant \u00e0 examiner et \u00e0 valider le rapport d&#8217;\u00e9tape du programme des fili\u00e8res strat\u00e9giques pour le renforcement de la s\u00e9curit\u00e9 alimentaire, de la r\u00e9silience et du d\u00e9veloppement du commerce dans les pays du Sahel ont d\u00e9but\u00e9, mercredi matin \u00e0 Nouakchott. Une collaboration multilat\u00e9rale pour le d\u00e9veloppement du&#8230;..<\/p>\n","protected":false},"author":12,"featured_media":30478,"comment_status":"open","ping_status":"open","sticky":false,"template":"","format":"standard","meta":{"footnotes":""},"categories":[23,49],"tags":[],"class_list":["post-30477","post","type-post","status-publish","format-standard","has-post-thumbnail","hentry","category-actualite","category-economie"],"yoast_head":"<!-- This site is optimized with the Yoast SEO plugin v27.5 - https:\/\/yoast.com\/product\/yoast-seo-wordpress\/ -->\n<title>S\u00e9curit\u00e9 alimentaire : Atelier sur le programme r\u00e9gional des fili\u00e8res strat\u00e9giques au Sahel - Le Quotidien de Nouakchott<\/title>\n<meta name=\"robots\" content=\"index, follow, max-snippet:-1, max-image-preview:large, max-video-preview:-1\" \/>\n<link rel=\"canonical\" href=\"https:\/\/lequotidien.mr\/?p=30477&lang=fr\" \/>\n<meta property=\"og:locale\" content=\"ar_AR\" \/>\n<meta property=\"og:type\" content=\"article\" \/>\n<meta property=\"og:title\" content=\"S\u00e9curit\u00e9 alimentaire : Atelier sur le programme r\u00e9gional des fili\u00e8res strat\u00e9giques au Sahel - Le Quotidien de Nouakchott\" \/>\n<meta property=\"og:description\" content=\"Les travaux d\u2019un atelier r\u00e9gional de haut niveau visant \u00e0 examiner et \u00e0 valider le rapport d&#8217;\u00e9tape du programme des fili\u00e8res strat\u00e9giques pour le renforcement de la s\u00e9curit\u00e9 alimentaire, de la r\u00e9silience et du d\u00e9veloppement du commerce dans les pays du Sahel ont d\u00e9but\u00e9, mercredi matin \u00e0 Nouakchott. Une collaboration multilat\u00e9rale pour le d\u00e9veloppement du.....\" \/>\n<meta property=\"og:url\" content=\"https:\/\/lequotidien.mr\/?p=30477&amp;lang=fr\" \/>\n<meta property=\"og:site_name\" content=\"Le Quotidien de Nouakchott\" \/>\n<meta property=\"article:publisher\" content=\"https:\/\/web.facebook.com\/lequotidienmr\" \/>\n<meta property=\"article:published_time\" content=\"2025-08-27T21:33:43+00:00\" \/>\n<meta property=\"og:image\" content=\"https:\/\/lequotidien.mr\/wp-content\/uploads\/2025\/08\/photo-filieres-stgques.gif\" \/>\n\t<meta property=\"og:image:width\" content=\"1024\" \/>\n\t<meta property=\"og:image:height\" content=\"685\" \/>\n\t<meta property=\"og:image:type\" content=\"image\/gif\" \/>\n<meta name=\"author\" content=\"Med Ahmed\" \/>\n<meta name=\"twitter:card\" content=\"summary_large_image\" \/>\n<meta name=\"twitter:creator\" content=\"@lequotidienmr\" \/>\n<meta name=\"twitter:site\" content=\"@lequotidienmr\" \/>\n<meta name=\"twitter:label1\" content=\"\u0643\u064f\u062a\u0628 \u0628\u0648\u0627\u0633\u0637\u0629\" \/>\n\t<meta name=\"twitter:data1\" content=\"Med Ahmed\" \/>\n\t<meta name=\"twitter:label2\" content=\"\u0648\u0642\u062a \u0627\u0644\u0642\u0631\u0627\u0621\u0629 \u0627\u0644\u0645\u064f\u0642\u062f\u0651\u0631\" \/>\n\t<meta name=\"twitter:data2\" content=\"6 \u062f\u0642\u0627\u0626\u0642\" \/>\n<script type=\"application\/ld+json\" class=\"yoast-schema-graph\">{\"@context\":\"https:\\\/\\\/schema.org\",\"@graph\":[{\"@type\":\"Article\",\"@id\":\"https:\\\/\\\/lequotidien.mr\\\/?p=30477&lang=fr#article\",\"isPartOf\":{\"@id\":\"https:\\\/\\\/lequotidien.mr\\\/?p=30477&lang=fr\"},\"author\":{\"name\":\"Med Ahmed\",\"@id\":\"https:\\\/\\\/lequotidien.mr\\\/#\\\/schema\\\/person\\\/d2d350202a4d599685ed8abc25f97596\"},\"headline\":\"S\u00e9curit\u00e9 alimentaire : Atelier sur le programme r\u00e9gional des fili\u00e8res strat\u00e9giques au Sahel\",\"datePublished\":\"2025-08-27T21:33:43+00:00\",\"mainEntityOfPage\":{\"@id\":\"https:\\\/\\\/lequotidien.mr\\\/?p=30477&lang=fr\"},\"wordCount\":939,\"commentCount\":0,\"publisher\":{\"@id\":\"https:\\\/\\\/lequotidien.mr\\\/#organization\"},\"image\":{\"@id\":\"https:\\\/\\\/lequotidien.mr\\\/?p=30477&lang=fr#primaryimage\"},\"thumbnailUrl\":\"https:\\\/\\\/lequotidien.mr\\\/wp-content\\\/uploads\\\/2025\\\/08\\\/photo-filieres-stgques.gif\",\"articleSection\":[\"ACTUALIT\u00c9\",\"Economie\"],\"inLanguage\":\"ar\",\"potentialAction\":[{\"@type\":\"CommentAction\",\"name\":\"Comment\",\"target\":[\"https:\\\/\\\/lequotidien.mr\\\/?p=30477&lang=fr#respond\"]}]},{\"@type\":\"WebPage\",\"@id\":\"https:\\\/\\\/lequotidien.mr\\\/?p=30477&lang=fr\",\"url\":\"https:\\\/\\\/lequotidien.mr\\\/?p=30477&lang=fr\",\"name\":\"S\u00e9curit\u00e9 alimentaire : Atelier sur le programme r\u00e9gional des fili\u00e8res strat\u00e9giques au Sahel - Le Quotidien de Nouakchott\",\"isPartOf\":{\"@id\":\"https:\\\/\\\/lequotidien.mr\\\/#website\"},\"primaryImageOfPage\":{\"@id\":\"https:\\\/\\\/lequotidien.mr\\\/?p=30477&lang=fr#primaryimage\"},\"image\":{\"@id\":\"https:\\\/\\\/lequotidien.mr\\\/?p=30477&lang=fr#primaryimage\"},\"thumbnailUrl\":\"https:\\\/\\\/lequotidien.mr\\\/wp-content\\\/uploads\\\/2025\\\/08\\\/photo-filieres-stgques.gif\",\"datePublished\":\"2025-08-27T21:33:43+00:00\",\"breadcrumb\":{\"@id\":\"https:\\\/\\\/lequotidien.mr\\\/?p=30477&lang=fr#breadcrumb\"},\"inLanguage\":\"ar\",\"potentialAction\":[{\"@type\":\"ReadAction\",\"target\":[\"https:\\\/\\\/lequotidien.mr\\\/?p=30477&lang=fr\"]}]},{\"@type\":\"ImageObject\",\"inLanguage\":\"ar\",\"@id\":\"https:\\\/\\\/lequotidien.mr\\\/?p=30477&lang=fr#primaryimage\",\"url\":\"https:\\\/\\\/lequotidien.mr\\\/wp-content\\\/uploads\\\/2025\\\/08\\\/photo-filieres-stgques.gif\",\"contentUrl\":\"https:\\\/\\\/lequotidien.mr\\\/wp-content\\\/uploads\\\/2025\\\/08\\\/photo-filieres-stgques.gif\",\"width\":1024,\"height\":685},{\"@type\":\"BreadcrumbList\",\"@id\":\"https:\\\/\\\/lequotidien.mr\\\/?p=30477&lang=fr#breadcrumb\",\"itemListElement\":[{\"@type\":\"ListItem\",\"position\":1,\"name\":\"Home\",\"item\":\"https:\\\/\\\/lequotidien.mr\\\/\"},{\"@type\":\"ListItem\",\"position\":2,\"name\":\"S\u00e9curit\u00e9 alimentaire : Atelier sur le programme r\u00e9gional des fili\u00e8res strat\u00e9giques au Sahel\"}]},{\"@type\":\"WebSite\",\"@id\":\"https:\\\/\\\/lequotidien.mr\\\/#website\",\"url\":\"https:\\\/\\\/lequotidien.mr\\\/\",\"name\":\"Le Quotidien de Nouakchott\",\"description\":\"\u0625\u062e\u0628\u0627\u0631\u064a\u0629 \u0645\u0633\u062a\u0642\u0644\u0629 \u0644\u0644\u0623\u0646\u0628\u0627\u0621 \u0627\u0644\u0639\u0627\u0645\u0629\",\"publisher\":{\"@id\":\"https:\\\/\\\/lequotidien.mr\\\/#organization\"},\"potentialAction\":[{\"@type\":\"SearchAction\",\"target\":{\"@type\":\"EntryPoint\",\"urlTemplate\":\"https:\\\/\\\/lequotidien.mr\\\/?s={search_term_string}\"},\"query-input\":{\"@type\":\"PropertyValueSpecification\",\"valueRequired\":true,\"valueName\":\"search_term_string\"}}],\"inLanguage\":\"ar\"},{\"@type\":\"Organization\",\"@id\":\"https:\\\/\\\/lequotidien.mr\\\/#organization\",\"name\":\"Le Quotidien de Nouakchott\",\"url\":\"https:\\\/\\\/lequotidien.mr\\\/\",\"logo\":{\"@type\":\"ImageObject\",\"inLanguage\":\"ar\",\"@id\":\"https:\\\/\\\/lequotidien.mr\\\/#\\\/schema\\\/logo\\\/image\\\/\",\"url\":\"https:\\\/\\\/lequotidien.mr\\\/wp-content\\\/uploads\\\/2022\\\/11\\\/logolequotidien.jpg\",\"contentUrl\":\"https:\\\/\\\/lequotidien.mr\\\/wp-content\\\/uploads\\\/2022\\\/11\\\/logolequotidien.jpg\",\"width\":290,\"height\":65,\"caption\":\"Le Quotidien de Nouakchott\"},\"image\":{\"@id\":\"https:\\\/\\\/lequotidien.mr\\\/#\\\/schema\\\/logo\\\/image\\\/\"},\"sameAs\":[\"https:\\\/\\\/web.facebook.com\\\/lequotidienmr\",\"https:\\\/\\\/x.com\\\/lequotidienmr\"]},{\"@type\":\"Person\",\"@id\":\"https:\\\/\\\/lequotidien.mr\\\/#\\\/schema\\\/person\\\/d2d350202a4d599685ed8abc25f97596\",\"name\":\"Med Ahmed\",\"image\":{\"@type\":\"ImageObject\",\"inLanguage\":\"ar\",\"@id\":\"https:\\\/\\\/secure.gravatar.com\\\/avatar\\\/fd2acc62ed50732923d1d39c17172c9b04149f142be92310ecc69e1358f94b52?s=96&d=mm&r=g\",\"url\":\"https:\\\/\\\/secure.gravatar.com\\\/avatar\\\/fd2acc62ed50732923d1d39c17172c9b04149f142be92310ecc69e1358f94b52?s=96&d=mm&r=g\",\"contentUrl\":\"https:\\\/\\\/secure.gravatar.com\\\/avatar\\\/fd2acc62ed50732923d1d39c17172c9b04149f142be92310ecc69e1358f94b52?s=96&d=mm&r=g\",\"caption\":\"Med Ahmed\"},\"url\":\"https:\\\/\\\/lequotidien.mr\\\/?author=12\"}]}<\/script>\n<!-- \/ Yoast SEO plugin. -->","yoast_head_json":{"title":"S\u00e9curit\u00e9 alimentaire : Atelier sur le programme r\u00e9gional des fili\u00e8res strat\u00e9giques au Sahel - Le Quotidien de Nouakchott","robots":{"index":"index","follow":"follow","max-snippet":"max-snippet:-1","max-image-preview":"max-image-preview:large","max-video-preview":"max-video-preview:-1"},"canonical":"https:\/\/lequotidien.mr\/?p=30477&lang=fr","og_locale":"ar_AR","og_type":"article","og_title":"S\u00e9curit\u00e9 alimentaire : Atelier sur le programme r\u00e9gional des fili\u00e8res strat\u00e9giques au Sahel - Le Quotidien de Nouakchott","og_description":"Les travaux d\u2019un atelier r\u00e9gional de haut niveau visant \u00e0 examiner et \u00e0 valider le rapport d&#8217;\u00e9tape du programme des fili\u00e8res strat\u00e9giques pour le renforcement de la s\u00e9curit\u00e9 alimentaire, de la r\u00e9silience et du d\u00e9veloppement du commerce dans les pays du Sahel ont d\u00e9but\u00e9, mercredi matin \u00e0 Nouakchott. Une collaboration multilat\u00e9rale pour le d\u00e9veloppement du.....","og_url":"https:\/\/lequotidien.mr\/?p=30477&lang=fr","og_site_name":"Le Quotidien de Nouakchott","article_publisher":"https:\/\/web.facebook.com\/lequotidienmr","article_published_time":"2025-08-27T21:33:43+00:00","og_image":[{"width":1024,"height":685,"url":"https:\/\/lequotidien.mr\/wp-content\/uploads\/2025\/08\/photo-filieres-stgques.gif","type":"image\/gif"}],"author":"Med Ahmed","twitter_card":"summary_large_image","twitter_creator":"@lequotidienmr","twitter_site":"@lequotidienmr","twitter_misc":{"\u0643\u064f\u062a\u0628 \u0628\u0648\u0627\u0633\u0637\u0629":"Med Ahmed","\u0648\u0642\u062a \u0627\u0644\u0642\u0631\u0627\u0621\u0629 \u0627\u0644\u0645\u064f\u0642\u062f\u0651\u0631":"6 \u062f\u0642\u0627\u0626\u0642"},"schema":{"@context":"https:\/\/schema.org","@graph":[{"@type":"Article","@id":"https:\/\/lequotidien.mr\/?p=30477&lang=fr#article","isPartOf":{"@id":"https:\/\/lequotidien.mr\/?p=30477&lang=fr"},"author":{"name":"Med Ahmed","@id":"https:\/\/lequotidien.mr\/#\/schema\/person\/d2d350202a4d599685ed8abc25f97596"},"headline":"S\u00e9curit\u00e9 alimentaire : Atelier sur le programme r\u00e9gional des fili\u00e8res strat\u00e9giques au Sahel","datePublished":"2025-08-27T21:33:43+00:00","mainEntityOfPage":{"@id":"https:\/\/lequotidien.mr\/?p=30477&lang=fr"},"wordCount":939,"commentCount":0,"publisher":{"@id":"https:\/\/lequotidien.mr\/#organization"},"image":{"@id":"https:\/\/lequotidien.mr\/?p=30477&lang=fr#primaryimage"},"thumbnailUrl":"https:\/\/lequotidien.mr\/wp-content\/uploads\/2025\/08\/photo-filieres-stgques.gif","articleSection":["ACTUALIT\u00c9","Economie"],"inLanguage":"ar","potentialAction":[{"@type":"CommentAction","name":"Comment","target":["https:\/\/lequotidien.mr\/?p=30477&lang=fr#respond"]}]},{"@type":"WebPage","@id":"https:\/\/lequotidien.mr\/?p=30477&lang=fr","url":"https:\/\/lequotidien.mr\/?p=30477&lang=fr","name":"S\u00e9curit\u00e9 alimentaire : Atelier sur le programme r\u00e9gional des fili\u00e8res strat\u00e9giques au Sahel - Le Quotidien de Nouakchott","isPartOf":{"@id":"https:\/\/lequotidien.mr\/#website"},"primaryImageOfPage":{"@id":"https:\/\/lequotidien.mr\/?p=30477&lang=fr#primaryimage"},"image":{"@id":"https:\/\/lequotidien.mr\/?p=30477&lang=fr#primaryimage"},"thumbnailUrl":"https:\/\/lequotidien.mr\/wp-content\/uploads\/2025\/08\/photo-filieres-stgques.gif","datePublished":"2025-08-27T21:33:43+00:00","breadcrumb":{"@id":"https:\/\/lequotidien.mr\/?p=30477&lang=fr#breadcrumb"},"inLanguage":"ar","potentialAction":[{"@type":"ReadAction","target":["https:\/\/lequotidien.mr\/?p=30477&lang=fr"]}]},{"@type":"ImageObject","inLanguage":"ar","@id":"https:\/\/lequotidien.mr\/?p=30477&lang=fr#primaryimage","url":"https:\/\/lequotidien.mr\/wp-content\/uploads\/2025\/08\/photo-filieres-stgques.gif","contentUrl":"https:\/\/lequotidien.mr\/wp-content\/uploads\/2025\/08\/photo-filieres-stgques.gif","width":1024,"height":685},{"@type":"BreadcrumbList","@id":"https:\/\/lequotidien.mr\/?p=30477&lang=fr#breadcrumb","itemListElement":[{"@type":"ListItem","position":1,"name":"Home","item":"https:\/\/lequotidien.mr\/"},{"@type":"ListItem","position":2,"name":"S\u00e9curit\u00e9 alimentaire : Atelier sur le programme r\u00e9gional des fili\u00e8res strat\u00e9giques au Sahel"}]},{"@type":"WebSite","@id":"https:\/\/lequotidien.mr\/#website","url":"https:\/\/lequotidien.mr\/","name":"Le Quotidien de Nouakchott","description":"\u0625\u062e\u0628\u0627\u0631\u064a\u0629 \u0645\u0633\u062a\u0642\u0644\u0629 \u0644\u0644\u0623\u0646\u0628\u0627\u0621 \u0627\u0644\u0639\u0627\u0645\u0629","publisher":{"@id":"https:\/\/lequotidien.mr\/#organization"},"potentialAction":[{"@type":"SearchAction","target":{"@type":"EntryPoint","urlTemplate":"https:\/\/lequotidien.mr\/?s={search_term_string}"},"query-input":{"@type":"PropertyValueSpecification","valueRequired":true,"valueName":"search_term_string"}}],"inLanguage":"ar"},{"@type":"Organization","@id":"https:\/\/lequotidien.mr\/#organization","name":"Le Quotidien de Nouakchott","url":"https:\/\/lequotidien.mr\/","logo":{"@type":"ImageObject","inLanguage":"ar","@id":"https:\/\/lequotidien.mr\/#\/schema\/logo\/image\/","url":"https:\/\/lequotidien.mr\/wp-content\/uploads\/2022\/11\/logolequotidien.jpg","contentUrl":"https:\/\/lequotidien.mr\/wp-content\/uploads\/2022\/11\/logolequotidien.jpg","width":290,"height":65,"caption":"Le Quotidien de Nouakchott"},"image":{"@id":"https:\/\/lequotidien.mr\/#\/schema\/logo\/image\/"},"sameAs":["https:\/\/web.facebook.com\/lequotidienmr","https:\/\/x.com\/lequotidienmr"]},{"@type":"Person","@id":"https:\/\/lequotidien.mr\/#\/schema\/person\/d2d350202a4d599685ed8abc25f97596","name":"Med Ahmed","image":{"@type":"ImageObject","inLanguage":"ar","@id":"https:\/\/secure.gravatar.com\/avatar\/fd2acc62ed50732923d1d39c17172c9b04149f142be92310ecc69e1358f94b52?s=96&d=mm&r=g","url":"https:\/\/secure.gravatar.com\/avatar\/fd2acc62ed50732923d1d39c17172c9b04149f142be92310ecc69e1358f94b52?s=96&d=mm&r=g","contentUrl":"https:\/\/secure.gravatar.com\/avatar\/fd2acc62ed50732923d1d39c17172c9b04149f142be92310ecc69e1358f94b52?s=96&d=mm&r=g","caption":"Med Ahmed"},"url":"https:\/\/lequotidien.mr\/?author=12"}]}},"_links":{"self":[{"href":"https:\/\/lequotidien.mr\/index.php?rest_route=\/wp\/v2\/posts\/30477","targetHints":{"allow":["GET"]}}],"collection":[{"href":"https:\/\/lequotidien.mr\/index.php?rest_route=\/wp\/v2\/posts"}],"about":[{"href":"https:\/\/lequotidien.mr\/index.php?rest_route=\/wp\/v2\/types\/post"}],"author":[{"embeddable":true,"href":"https:\/\/lequotidien.mr\/index.php?rest_route=\/wp\/v2\/users\/12"}],"replies":[{"embeddable":true,"href":"https:\/\/lequotidien.mr\/index.php?rest_route=%2Fwp%2Fv2%2Fcomments&post=30477"}],"version-history":[{"count":1,"href":"https:\/\/lequotidien.mr\/index.php?rest_route=\/wp\/v2\/posts\/30477\/revisions"}],"predecessor-version":[{"id":30479,"href":"https:\/\/lequotidien.mr\/index.php?rest_route=\/wp\/v2\/posts\/30477\/revisions\/30479"}],"wp:featuredmedia":[{"embeddable":true,"href":"https:\/\/lequotidien.mr\/index.php?rest_route=\/wp\/v2\/media\/30478"}],"wp:attachment":[{"href":"https:\/\/lequotidien.mr\/index.php?rest_route=%2Fwp%2Fv2%2Fmedia&parent=30477"}],"wp:term":[{"taxonomy":"category","embeddable":true,"href":"https:\/\/lequotidien.mr\/index.php?rest_route=%2Fwp%2Fv2%2Fcategories&post=30477"},{"taxonomy":"post_tag","embeddable":true,"href":"https:\/\/lequotidien.mr\/index.php?rest_route=%2Fwp%2Fv2%2Ftags&post=30477"}],"curies":[{"name":"wp","href":"https:\/\/api.w.org\/{rel}","templated":true}]}}