{"id":30466,"date":"2025-08-27T14:25:29","date_gmt":"2025-08-27T14:25:29","guid":{"rendered":"https:\/\/lequotidien.mr\/?p=30466"},"modified":"2025-08-27T14:27:15","modified_gmt":"2025-08-27T14:27:15","slug":"agricole-pluviale-le-ministere-de-lagriculture-mobilise-pour-une-campagne-prometteuse","status":"publish","type":"post","link":"https:\/\/lequotidien.mr\/?p=30466&lang=fr","title":{"rendered":"Agriculture pluviale : Le minist\u00e8re de l\u2019agriculture mobilis\u00e9 pour une campagne prometteuse"},"content":{"rendered":"<p>\u00c0 la faveur des premi\u00e8res pluies, le Minist\u00e8re de l\u2019Agriculture et de la Souverainet\u00e9 Alimentaire a mis en \u0153uvre une s\u00e9rie de mesures pr\u00e9coces et ambitieuses pour soutenir les agriculteurs des zones pluviales et maximiser le potentiel de la campagne agricole en cours. Ces interventions visent \u00e0 cr\u00e9er les conditions optimales pour une augmentation significative de la production nationale.<\/p>\n<p><strong>Une r\u00e9vision ambitieuse des objectifs<\/strong><\/p>\n<p>Dans un entretien accord\u00e9 \u00e0 l\u2019Agence Mauritanienne d\u2019Information,\u00a0<strong>M. Baba Ahmed Nagra<\/strong>, Directeur du D\u00e9veloppement Agricole, a d\u00e9taill\u00e9 la strat\u00e9gie du minist\u00e8re. Compte tenu des pr\u00e9visions m\u00e9t\u00e9orologiques favorables annon\u00e7ant un bon hivernage, les objectifs initiaux ont \u00e9t\u00e9 revus \u00e0 la hausse. L&#8217;ambition est d&#8217;\u00e9largir les superficies agricoles cultiv\u00e9es pour tirer pleinement parti des conditions pluvieuses.<\/p>\n<p><em>\u00ab Le minist\u00e8re a exp\u00e9di\u00e9\u00a0<strong>553 tonnes de semences traditionnelles<\/strong>, les plus consomm\u00e9es, pour cultiver\u00a0<strong>300 000 hectares<\/strong>\u00a0\u00bb<\/em>, a d\u00e9clar\u00e9 M. Nagra. Cette distribution massive a pour objectif final d\u2019atteindre une production pr\u00e9visionnelle de\u00a0<strong>180 000 tonnes de c\u00e9r\u00e9ales traditionnelles<\/strong>, compl\u00e9t\u00e9es par\u00a0<strong>107 tonnes de bl\u00e9<\/strong>.<\/p>\n<p><strong>M\u00e9canisation et conseil agricole pour les zones recul\u00e9es<\/strong><\/p>\n<p>Conscient des d\u00e9fis d&#8217;accessibilit\u00e9, le minist\u00e8re a plac\u00e9 la\u00a0<strong>m\u00e9canisation agricole<\/strong>\u00a0au c\u0153ur de son plan d\u2019action pour encourager et soutenir les agriculteurs des r\u00e9gions \u00e9loign\u00e9es. Une dotation importante en \u00e9quipements a \u00e9t\u00e9 achemin\u00e9e sur le terrain.<\/p>\n<p><em>\u00ab Le minist\u00e8re a fourni\u00a0<strong>1 500 charrues, 80 tracteurs et leurs accessoires<\/strong>\u00a0\u00bb<\/em>, a pr\u00e9cis\u00e9 le directeur, soulignant que cette action est men\u00e9e en coop\u00e9ration avec les conseils r\u00e9gionaux. Parall\u00e8lement, une \u00e9quipe de conseil agricole a \u00e9t\u00e9 mobilis\u00e9e et son transport assur\u00e9 pour accompagner techniquement les producteurs et garantir une utilisation optimale des ressources.<\/p>\n<p><strong>Perspectives prometteuses sur les performances pass\u00e9es<\/strong><\/p>\n<p>Les efforts d\u00e9ploy\u00e9s lors des pr\u00e9c\u00e9dentes campagnes portent d\u00e9j\u00e0 leurs fruits. M. Nagra a rappel\u00e9 que lors de la campagne 2024-2025, les surfaces exploit\u00e9es en c\u00e9r\u00e9ales traditionnelles avaient atteint\u00a0<strong>plus de 277 000 hectares<\/strong>, permettant une production brute de\u00a0<strong>135 417 tonnes<\/strong>. Ce r\u00e9sultat marque une\u00a0<strong>augmentation de 26%<\/strong>\u00a0par rapport \u00e0 la moyenne des r\u00e9coltes enregistr\u00e9es au cours des cinq ann\u00e9es pr\u00e9c\u00e9dentes, d\u00e9montrant l&#8217;efficacit\u00e9 des politiques mises en place.<\/p>\n<p><strong>Diversification avec le mara\u00eechage et le palmier dattier<\/strong><\/p>\n<p>Au-del\u00e0 des c\u00e9r\u00e9ales, le plan du minist\u00e8re inclut un volet important d\u00e9di\u00e9 \u00e0 la diversification des productions. La fili\u00e8re\u00a0<strong>palmier dattier<\/strong>\u00a0est renforc\u00e9e avec l\u2019acquisition de\u00a0<strong>8 000 plants de vari\u00e9t\u00e9s de haute qualit\u00e9 et tr\u00e8s productives<\/strong>.<\/p>\n<p>Le\u00a0<strong>mara\u00eechage<\/strong>\u00a0fait \u00e9galement l&#8217;objet d&#8217;une attention particuli\u00e8re avec\u00a0<strong>12 000 hectares<\/strong>\u00a0qui lui seront consacr\u00e9s, r\u00e9partis entre une campagne d\u2019hiver (8 000 ha) et une campagne d\u2019\u00e9t\u00e9 (4 000 ha). La production attendue est estim\u00e9e \u00e0\u00a0<strong>240 000 tonnes<\/strong>\u00a0de l\u00e9gumes. Cette ambition s\u2019appuie sur une tendance positive, la derni\u00e8re campagne ayant enregistr\u00e9 une superficie de 8 935 hectares et une production de 134 025 tonnes, soit une hausse de\u00a0<strong>34%<\/strong>\u00a0par rapport \u00e0 la moyenne des trois ann\u00e9es pr\u00e9c\u00e9dentes.<\/p>\n<p>Gr\u00e2ce \u00e0 cette pr\u00e9paration minutieuse et \u00e0 ces investissements cibl\u00e9s, le minist\u00e8re esp\u00e8re non seulement assurer une s\u00e9curit\u00e9 alimentaire renforc\u00e9e mais aussi impulser une dynamique de croissance durable pour le secteur agricole mauritanien.<\/p>\n","protected":false},"excerpt":{"rendered":"<p>\u00c0 la faveur des premi\u00e8res pluies, le Minist\u00e8re de l\u2019Agriculture et de la Souverainet\u00e9 Alimentaire a mis en \u0153uvre une s\u00e9rie de mesures pr\u00e9coces et ambitieuses pour soutenir les agriculteurs des zones pluviales et maximiser le potentiel de la campagne agricole en cours. Ces interventions visent \u00e0 cr\u00e9er les conditions optimales pour une augmentation significative&#8230;..<\/p>\n","protected":false},"author":12,"featured_media":30467,"comment_status":"open","ping_status":"open","sticky":false,"template":"","format":"standard","meta":{"footnotes":""},"categories":[23,49],"tags":[],"class_list":["post-30466","post","type-post","status-publish","format-standard","has-post-thumbnail","hentry","category-actualite","category-economie"],"yoast_head":"<!-- This site is optimized with the Yoast SEO plugin v27.5 - https:\/\/yoast.com\/product\/yoast-seo-wordpress\/ -->\n<title>Agriculture pluviale : Le minist\u00e8re de l\u2019agriculture mobilis\u00e9 pour une campagne prometteuse - Le Quotidien de Nouakchott<\/title>\n<meta name=\"robots\" content=\"index, follow, max-snippet:-1, max-image-preview:large, max-video-preview:-1\" \/>\n<link rel=\"canonical\" href=\"https:\/\/lequotidien.mr\/?p=30466&lang=fr\" \/>\n<meta property=\"og:locale\" content=\"ar_AR\" \/>\n<meta property=\"og:type\" content=\"article\" \/>\n<meta property=\"og:title\" content=\"Agriculture pluviale : Le minist\u00e8re de l\u2019agriculture mobilis\u00e9 pour une campagne prometteuse - Le Quotidien de Nouakchott\" \/>\n<meta property=\"og:description\" content=\"\u00c0 la faveur des premi\u00e8res pluies, le Minist\u00e8re de l\u2019Agriculture et de la Souverainet\u00e9 Alimentaire a mis en \u0153uvre une s\u00e9rie de mesures pr\u00e9coces et ambitieuses pour soutenir les agriculteurs des zones pluviales et maximiser le potentiel de la campagne agricole en cours. Ces interventions visent \u00e0 cr\u00e9er les conditions optimales pour une augmentation significative.....\" \/>\n<meta property=\"og:url\" content=\"https:\/\/lequotidien.mr\/?p=30466&amp;lang=fr\" \/>\n<meta property=\"og:site_name\" content=\"Le Quotidien de Nouakchott\" \/>\n<meta property=\"article:publisher\" content=\"https:\/\/web.facebook.com\/lequotidienmr\" \/>\n<meta property=\"article:published_time\" content=\"2025-08-27T14:25:29+00:00\" \/>\n<meta property=\"article:modified_time\" content=\"2025-08-27T14:27:15+00:00\" \/>\n<meta property=\"og:image\" content=\"https:\/\/lequotidien.mr\/wp-content\/uploads\/2025\/08\/photo-agriculture-pluviale.jpeg\" \/>\n\t<meta property=\"og:image:width\" content=\"640\" \/>\n\t<meta property=\"og:image:height\" content=\"358\" \/>\n\t<meta property=\"og:image:type\" content=\"image\/jpeg\" \/>\n<meta name=\"author\" content=\"Med Ahmed\" \/>\n<meta name=\"twitter:card\" content=\"summary_large_image\" \/>\n<meta name=\"twitter:creator\" content=\"@lequotidienmr\" \/>\n<meta name=\"twitter:site\" content=\"@lequotidienmr\" \/>\n<meta name=\"twitter:label1\" content=\"\u0643\u064f\u062a\u0628 \u0628\u0648\u0627\u0633\u0637\u0629\" \/>\n\t<meta name=\"twitter:data1\" content=\"Med Ahmed\" \/>\n\t<meta name=\"twitter:label2\" content=\"\u0648\u0642\u062a \u0627\u0644\u0642\u0631\u0627\u0621\u0629 \u0627\u0644\u0645\u064f\u0642\u062f\u0651\u0631\" \/>\n\t<meta name=\"twitter:data2\" content=\"4 \u062f\u0642\u0627\u0626\u0642\" \/>\n<script type=\"application\/ld+json\" class=\"yoast-schema-graph\">{\"@context\":\"https:\\\/\\\/schema.org\",\"@graph\":[{\"@type\":\"Article\",\"@id\":\"https:\\\/\\\/lequotidien.mr\\\/?p=30466&lang=fr#article\",\"isPartOf\":{\"@id\":\"https:\\\/\\\/lequotidien.mr\\\/?p=30466&lang=fr\"},\"author\":{\"name\":\"Med Ahmed\",\"@id\":\"https:\\\/\\\/lequotidien.mr\\\/#\\\/schema\\\/person\\\/d2d350202a4d599685ed8abc25f97596\"},\"headline\":\"Agriculture pluviale : Le minist\u00e8re de l\u2019agriculture mobilis\u00e9 pour une campagne prometteuse\",\"datePublished\":\"2025-08-27T14:25:29+00:00\",\"dateModified\":\"2025-08-27T14:27:15+00:00\",\"mainEntityOfPage\":{\"@id\":\"https:\\\/\\\/lequotidien.mr\\\/?p=30466&lang=fr\"},\"wordCount\":569,\"commentCount\":0,\"publisher\":{\"@id\":\"https:\\\/\\\/lequotidien.mr\\\/#organization\"},\"image\":{\"@id\":\"https:\\\/\\\/lequotidien.mr\\\/?p=30466&lang=fr#primaryimage\"},\"thumbnailUrl\":\"https:\\\/\\\/lequotidien.mr\\\/wp-content\\\/uploads\\\/2025\\\/08\\\/photo-agriculture-pluviale.jpeg\",\"articleSection\":[\"ACTUALIT\u00c9\",\"Economie\"],\"inLanguage\":\"ar\",\"potentialAction\":[{\"@type\":\"CommentAction\",\"name\":\"Comment\",\"target\":[\"https:\\\/\\\/lequotidien.mr\\\/?p=30466&lang=fr#respond\"]}]},{\"@type\":\"WebPage\",\"@id\":\"https:\\\/\\\/lequotidien.mr\\\/?p=30466&lang=fr\",\"url\":\"https:\\\/\\\/lequotidien.mr\\\/?p=30466&lang=fr\",\"name\":\"Agriculture pluviale : Le minist\u00e8re de l\u2019agriculture mobilis\u00e9 pour une campagne prometteuse - Le Quotidien de Nouakchott\",\"isPartOf\":{\"@id\":\"https:\\\/\\\/lequotidien.mr\\\/#website\"},\"primaryImageOfPage\":{\"@id\":\"https:\\\/\\\/lequotidien.mr\\\/?p=30466&lang=fr#primaryimage\"},\"image\":{\"@id\":\"https:\\\/\\\/lequotidien.mr\\\/?p=30466&lang=fr#primaryimage\"},\"thumbnailUrl\":\"https:\\\/\\\/lequotidien.mr\\\/wp-content\\\/uploads\\\/2025\\\/08\\\/photo-agriculture-pluviale.jpeg\",\"datePublished\":\"2025-08-27T14:25:29+00:00\",\"dateModified\":\"2025-08-27T14:27:15+00:00\",\"breadcrumb\":{\"@id\":\"https:\\\/\\\/lequotidien.mr\\\/?p=30466&lang=fr#breadcrumb\"},\"inLanguage\":\"ar\",\"potentialAction\":[{\"@type\":\"ReadAction\",\"target\":[\"https:\\\/\\\/lequotidien.mr\\\/?p=30466&lang=fr\"]}]},{\"@type\":\"ImageObject\",\"inLanguage\":\"ar\",\"@id\":\"https:\\\/\\\/lequotidien.mr\\\/?p=30466&lang=fr#primaryimage\",\"url\":\"https:\\\/\\\/lequotidien.mr\\\/wp-content\\\/uploads\\\/2025\\\/08\\\/photo-agriculture-pluviale.jpeg\",\"contentUrl\":\"https:\\\/\\\/lequotidien.mr\\\/wp-content\\\/uploads\\\/2025\\\/08\\\/photo-agriculture-pluviale.jpeg\",\"width\":640,\"height\":358},{\"@type\":\"BreadcrumbList\",\"@id\":\"https:\\\/\\\/lequotidien.mr\\\/?p=30466&lang=fr#breadcrumb\",\"itemListElement\":[{\"@type\":\"ListItem\",\"position\":1,\"name\":\"Home\",\"item\":\"https:\\\/\\\/lequotidien.mr\\\/\"},{\"@type\":\"ListItem\",\"position\":2,\"name\":\"Agriculture pluviale : Le minist\u00e8re de l\u2019agriculture mobilis\u00e9 pour une campagne prometteuse\"}]},{\"@type\":\"WebSite\",\"@id\":\"https:\\\/\\\/lequotidien.mr\\\/#website\",\"url\":\"https:\\\/\\\/lequotidien.mr\\\/\",\"name\":\"Le Quotidien de Nouakchott\",\"description\":\"\u0625\u062e\u0628\u0627\u0631\u064a\u0629 \u0645\u0633\u062a\u0642\u0644\u0629 \u0644\u0644\u0623\u0646\u0628\u0627\u0621 \u0627\u0644\u0639\u0627\u0645\u0629\",\"publisher\":{\"@id\":\"https:\\\/\\\/lequotidien.mr\\\/#organization\"},\"potentialAction\":[{\"@type\":\"SearchAction\",\"target\":{\"@type\":\"EntryPoint\",\"urlTemplate\":\"https:\\\/\\\/lequotidien.mr\\\/?s={search_term_string}\"},\"query-input\":{\"@type\":\"PropertyValueSpecification\",\"valueRequired\":true,\"valueName\":\"search_term_string\"}}],\"inLanguage\":\"ar\"},{\"@type\":\"Organization\",\"@id\":\"https:\\\/\\\/lequotidien.mr\\\/#organization\",\"name\":\"Le Quotidien de Nouakchott\",\"url\":\"https:\\\/\\\/lequotidien.mr\\\/\",\"logo\":{\"@type\":\"ImageObject\",\"inLanguage\":\"ar\",\"@id\":\"https:\\\/\\\/lequotidien.mr\\\/#\\\/schema\\\/logo\\\/image\\\/\",\"url\":\"https:\\\/\\\/lequotidien.mr\\\/wp-content\\\/uploads\\\/2022\\\/11\\\/logolequotidien.jpg\",\"contentUrl\":\"https:\\\/\\\/lequotidien.mr\\\/wp-content\\\/uploads\\\/2022\\\/11\\\/logolequotidien.jpg\",\"width\":290,\"height\":65,\"caption\":\"Le Quotidien de Nouakchott\"},\"image\":{\"@id\":\"https:\\\/\\\/lequotidien.mr\\\/#\\\/schema\\\/logo\\\/image\\\/\"},\"sameAs\":[\"https:\\\/\\\/web.facebook.com\\\/lequotidienmr\",\"https:\\\/\\\/x.com\\\/lequotidienmr\"]},{\"@type\":\"Person\",\"@id\":\"https:\\\/\\\/lequotidien.mr\\\/#\\\/schema\\\/person\\\/d2d350202a4d599685ed8abc25f97596\",\"name\":\"Med Ahmed\",\"image\":{\"@type\":\"ImageObject\",\"inLanguage\":\"ar\",\"@id\":\"https:\\\/\\\/secure.gravatar.com\\\/avatar\\\/fd2acc62ed50732923d1d39c17172c9b04149f142be92310ecc69e1358f94b52?s=96&d=mm&r=g\",\"url\":\"https:\\\/\\\/secure.gravatar.com\\\/avatar\\\/fd2acc62ed50732923d1d39c17172c9b04149f142be92310ecc69e1358f94b52?s=96&d=mm&r=g\",\"contentUrl\":\"https:\\\/\\\/secure.gravatar.com\\\/avatar\\\/fd2acc62ed50732923d1d39c17172c9b04149f142be92310ecc69e1358f94b52?s=96&d=mm&r=g\",\"caption\":\"Med Ahmed\"},\"url\":\"https:\\\/\\\/lequotidien.mr\\\/?author=12\"}]}<\/script>\n<!-- \/ Yoast SEO plugin. -->","yoast_head_json":{"title":"Agriculture pluviale : Le minist\u00e8re de l\u2019agriculture mobilis\u00e9 pour une campagne prometteuse - Le Quotidien de Nouakchott","robots":{"index":"index","follow":"follow","max-snippet":"max-snippet:-1","max-image-preview":"max-image-preview:large","max-video-preview":"max-video-preview:-1"},"canonical":"https:\/\/lequotidien.mr\/?p=30466&lang=fr","og_locale":"ar_AR","og_type":"article","og_title":"Agriculture pluviale : Le minist\u00e8re de l\u2019agriculture mobilis\u00e9 pour une campagne prometteuse - Le Quotidien de Nouakchott","og_description":"\u00c0 la faveur des premi\u00e8res pluies, le Minist\u00e8re de l\u2019Agriculture et de la Souverainet\u00e9 Alimentaire a mis en \u0153uvre une s\u00e9rie de mesures pr\u00e9coces et ambitieuses pour soutenir les agriculteurs des zones pluviales et maximiser le potentiel de la campagne agricole en cours. Ces interventions visent \u00e0 cr\u00e9er les conditions optimales pour une augmentation significative.....","og_url":"https:\/\/lequotidien.mr\/?p=30466&lang=fr","og_site_name":"Le Quotidien de Nouakchott","article_publisher":"https:\/\/web.facebook.com\/lequotidienmr","article_published_time":"2025-08-27T14:25:29+00:00","article_modified_time":"2025-08-27T14:27:15+00:00","og_image":[{"width":640,"height":358,"url":"https:\/\/lequotidien.mr\/wp-content\/uploads\/2025\/08\/photo-agriculture-pluviale.jpeg","type":"image\/jpeg"}],"author":"Med Ahmed","twitter_card":"summary_large_image","twitter_creator":"@lequotidienmr","twitter_site":"@lequotidienmr","twitter_misc":{"\u0643\u064f\u062a\u0628 \u0628\u0648\u0627\u0633\u0637\u0629":"Med Ahmed","\u0648\u0642\u062a \u0627\u0644\u0642\u0631\u0627\u0621\u0629 \u0627\u0644\u0645\u064f\u0642\u062f\u0651\u0631":"4 \u062f\u0642\u0627\u0626\u0642"},"schema":{"@context":"https:\/\/schema.org","@graph":[{"@type":"Article","@id":"https:\/\/lequotidien.mr\/?p=30466&lang=fr#article","isPartOf":{"@id":"https:\/\/lequotidien.mr\/?p=30466&lang=fr"},"author":{"name":"Med Ahmed","@id":"https:\/\/lequotidien.mr\/#\/schema\/person\/d2d350202a4d599685ed8abc25f97596"},"headline":"Agriculture pluviale : Le minist\u00e8re de l\u2019agriculture mobilis\u00e9 pour une campagne prometteuse","datePublished":"2025-08-27T14:25:29+00:00","dateModified":"2025-08-27T14:27:15+00:00","mainEntityOfPage":{"@id":"https:\/\/lequotidien.mr\/?p=30466&lang=fr"},"wordCount":569,"commentCount":0,"publisher":{"@id":"https:\/\/lequotidien.mr\/#organization"},"image":{"@id":"https:\/\/lequotidien.mr\/?p=30466&lang=fr#primaryimage"},"thumbnailUrl":"https:\/\/lequotidien.mr\/wp-content\/uploads\/2025\/08\/photo-agriculture-pluviale.jpeg","articleSection":["ACTUALIT\u00c9","Economie"],"inLanguage":"ar","potentialAction":[{"@type":"CommentAction","name":"Comment","target":["https:\/\/lequotidien.mr\/?p=30466&lang=fr#respond"]}]},{"@type":"WebPage","@id":"https:\/\/lequotidien.mr\/?p=30466&lang=fr","url":"https:\/\/lequotidien.mr\/?p=30466&lang=fr","name":"Agriculture pluviale : Le minist\u00e8re de l\u2019agriculture mobilis\u00e9 pour une campagne prometteuse - Le Quotidien de Nouakchott","isPartOf":{"@id":"https:\/\/lequotidien.mr\/#website"},"primaryImageOfPage":{"@id":"https:\/\/lequotidien.mr\/?p=30466&lang=fr#primaryimage"},"image":{"@id":"https:\/\/lequotidien.mr\/?p=30466&lang=fr#primaryimage"},"thumbnailUrl":"https:\/\/lequotidien.mr\/wp-content\/uploads\/2025\/08\/photo-agriculture-pluviale.jpeg","datePublished":"2025-08-27T14:25:29+00:00","dateModified":"2025-08-27T14:27:15+00:00","breadcrumb":{"@id":"https:\/\/lequotidien.mr\/?p=30466&lang=fr#breadcrumb"},"inLanguage":"ar","potentialAction":[{"@type":"ReadAction","target":["https:\/\/lequotidien.mr\/?p=30466&lang=fr"]}]},{"@type":"ImageObject","inLanguage":"ar","@id":"https:\/\/lequotidien.mr\/?p=30466&lang=fr#primaryimage","url":"https:\/\/lequotidien.mr\/wp-content\/uploads\/2025\/08\/photo-agriculture-pluviale.jpeg","contentUrl":"https:\/\/lequotidien.mr\/wp-content\/uploads\/2025\/08\/photo-agriculture-pluviale.jpeg","width":640,"height":358},{"@type":"BreadcrumbList","@id":"https:\/\/lequotidien.mr\/?p=30466&lang=fr#breadcrumb","itemListElement":[{"@type":"ListItem","position":1,"name":"Home","item":"https:\/\/lequotidien.mr\/"},{"@type":"ListItem","position":2,"name":"Agriculture pluviale : Le minist\u00e8re de l\u2019agriculture mobilis\u00e9 pour une campagne prometteuse"}]},{"@type":"WebSite","@id":"https:\/\/lequotidien.mr\/#website","url":"https:\/\/lequotidien.mr\/","name":"Le Quotidien de Nouakchott","description":"\u0625\u062e\u0628\u0627\u0631\u064a\u0629 \u0645\u0633\u062a\u0642\u0644\u0629 \u0644\u0644\u0623\u0646\u0628\u0627\u0621 \u0627\u0644\u0639\u0627\u0645\u0629","publisher":{"@id":"https:\/\/lequotidien.mr\/#organization"},"potentialAction":[{"@type":"SearchAction","target":{"@type":"EntryPoint","urlTemplate":"https:\/\/lequotidien.mr\/?s={search_term_string}"},"query-input":{"@type":"PropertyValueSpecification","valueRequired":true,"valueName":"search_term_string"}}],"inLanguage":"ar"},{"@type":"Organization","@id":"https:\/\/lequotidien.mr\/#organization","name":"Le Quotidien de Nouakchott","url":"https:\/\/lequotidien.mr\/","logo":{"@type":"ImageObject","inLanguage":"ar","@id":"https:\/\/lequotidien.mr\/#\/schema\/logo\/image\/","url":"https:\/\/lequotidien.mr\/wp-content\/uploads\/2022\/11\/logolequotidien.jpg","contentUrl":"https:\/\/lequotidien.mr\/wp-content\/uploads\/2022\/11\/logolequotidien.jpg","width":290,"height":65,"caption":"Le Quotidien de Nouakchott"},"image":{"@id":"https:\/\/lequotidien.mr\/#\/schema\/logo\/image\/"},"sameAs":["https:\/\/web.facebook.com\/lequotidienmr","https:\/\/x.com\/lequotidienmr"]},{"@type":"Person","@id":"https:\/\/lequotidien.mr\/#\/schema\/person\/d2d350202a4d599685ed8abc25f97596","name":"Med Ahmed","image":{"@type":"ImageObject","inLanguage":"ar","@id":"https:\/\/secure.gravatar.com\/avatar\/fd2acc62ed50732923d1d39c17172c9b04149f142be92310ecc69e1358f94b52?s=96&d=mm&r=g","url":"https:\/\/secure.gravatar.com\/avatar\/fd2acc62ed50732923d1d39c17172c9b04149f142be92310ecc69e1358f94b52?s=96&d=mm&r=g","contentUrl":"https:\/\/secure.gravatar.com\/avatar\/fd2acc62ed50732923d1d39c17172c9b04149f142be92310ecc69e1358f94b52?s=96&d=mm&r=g","caption":"Med Ahmed"},"url":"https:\/\/lequotidien.mr\/?author=12"}]}},"_links":{"self":[{"href":"https:\/\/lequotidien.mr\/index.php?rest_route=\/wp\/v2\/posts\/30466","targetHints":{"allow":["GET"]}}],"collection":[{"href":"https:\/\/lequotidien.mr\/index.php?rest_route=\/wp\/v2\/posts"}],"about":[{"href":"https:\/\/lequotidien.mr\/index.php?rest_route=\/wp\/v2\/types\/post"}],"author":[{"embeddable":true,"href":"https:\/\/lequotidien.mr\/index.php?rest_route=\/wp\/v2\/users\/12"}],"replies":[{"embeddable":true,"href":"https:\/\/lequotidien.mr\/index.php?rest_route=%2Fwp%2Fv2%2Fcomments&post=30466"}],"version-history":[{"count":2,"href":"https:\/\/lequotidien.mr\/index.php?rest_route=\/wp\/v2\/posts\/30466\/revisions"}],"predecessor-version":[{"id":30469,"href":"https:\/\/lequotidien.mr\/index.php?rest_route=\/wp\/v2\/posts\/30466\/revisions\/30469"}],"wp:featuredmedia":[{"embeddable":true,"href":"https:\/\/lequotidien.mr\/index.php?rest_route=\/wp\/v2\/media\/30467"}],"wp:attachment":[{"href":"https:\/\/lequotidien.mr\/index.php?rest_route=%2Fwp%2Fv2%2Fmedia&parent=30466"}],"wp:term":[{"taxonomy":"category","embeddable":true,"href":"https:\/\/lequotidien.mr\/index.php?rest_route=%2Fwp%2Fv2%2Fcategories&post=30466"},{"taxonomy":"post_tag","embeddable":true,"href":"https:\/\/lequotidien.mr\/index.php?rest_route=%2Fwp%2Fv2%2Ftags&post=30466"}],"curies":[{"name":"wp","href":"https:\/\/api.w.org\/{rel}","templated":true}]}}