{"id":30428,"date":"2025-08-26T11:54:47","date_gmt":"2025-08-26T11:54:47","guid":{"rendered":"https:\/\/lequotidien.mr\/?p=30428"},"modified":"2025-08-26T11:54:47","modified_gmt":"2025-08-26T11:54:47","slug":"cloture-du-festival-culturel-de-monguel-entre-cohesion-sociale-et-mise-en-valeur-du-patrimoine-local","status":"publish","type":"post","link":"https:\/\/lequotidien.mr\/?p=30428&lang=fr","title":{"rendered":"Cl\u00f4ture du Festival culturel de Monguel : entre coh\u00e9sion sociale et mise en valeur du patrimoine local"},"content":{"rendered":"<p>La ville de Monguel a vibr\u00e9, hier soir, au rythme des musiques et des arts lors de la cl\u00f4ture du <strong>Festival de la Coh\u00e9sion et du D\u00e9veloppement<\/strong>, organis\u00e9 par les \u00e9lus et cadres de la moughataa. L\u2019\u00e9v\u00e9nement, plac\u00e9 sous la supervision du hakem de Monguel, M. Mohamed El Amine Ould Mohamed Abdelrahmane, a mis en avant les richesses culturelles, touristiques et \u00e9conomiques de cette partie du pays.<\/p>\n<p>La soir\u00e9e de cl\u00f4ture a \u00e9t\u00e9 marqu\u00e9e par des prestations musicales et litt\u00e9raires vari\u00e9es, assur\u00e9es par des troupes artistiques locales. Ces performances ont contribu\u00e9 \u00e0 animer une ambiance festive et conviviale, dans laquelle habitants, \u00e9lus et invit\u00e9s ont partag\u00e9 un moment de c\u00e9l\u00e9bration et de fiert\u00e9 collective.<\/p>\n<p>Au-del\u00e0 de l\u2019aspect festif, le festival avait pour ambition de renforcer les liens de solidarit\u00e9 et de compl\u00e9mentarit\u00e9 entre les habitants de la moughataa. Les activit\u00e9s organis\u00e9es ont ainsi port\u00e9 sur la mise en avant de la coh\u00e9sion sociale et sur la volont\u00e9 de stimuler le d\u00e9veloppement \u00e9conomique et culturel de Monguel, en valorisant ses atouts touristiques et son potentiel encore peu exploit\u00e9.<\/p>\n<p>Dans son allocution, le hakem de Monguel a rappel\u00e9 que cette initiative s\u2019inscrit dans la droite ligne des orientations du pr\u00e9sident de la R\u00e9publique, Mohamed Ould Cheikh El Ghazouani, encourageant les citoyens \u00e0 passer leurs vacances au sein de leurs communaut\u00e9s d\u2019origine. Une d\u00e9marche qui, selon lui, contribue \u00e0 renforcer le tissu social et \u00e0 impulser des dynamiques locales de d\u00e9veloppement.<\/p>\n<p>Le maire de Monguel, M. Bab Ahmed Ould Ahel Ould Ibrahim, a soulign\u00e9 pour sa part que le festival refl\u00e8te un choix national clair : faire des vacances une opportunit\u00e9 de contact avec les proches, de red\u00e9couverte des potentialit\u00e9s \u00e9conomiques et culturelles du pays, et de promotion du tourisme int\u00e9rieur.<\/p>\n<p>La c\u00e9r\u00e9monie de cl\u00f4ture a rassembl\u00e9 un large public, incluant autorit\u00e9s administratives, \u00e9lus, cadres et responsables s\u00e9curitaires de la wilaya. Tous ont salu\u00e9 l\u2019esprit de l\u2019\u00e9v\u00e9nement et exprim\u00e9 leur volont\u00e9 de voir ce festival devenir une tradition annuelle, au service de la coh\u00e9sion sociale et de la valorisation du patrimoine local.<\/p>\n<p>&nbsp;<\/p>\n<p>&nbsp;<\/p>\n","protected":false},"excerpt":{"rendered":"<p>La ville de Monguel a vibr\u00e9, hier soir, au rythme des musiques et des arts lors de la cl\u00f4ture du Festival de la Coh\u00e9sion et du D\u00e9veloppement, organis\u00e9 par les \u00e9lus et cadres de la moughataa. L\u2019\u00e9v\u00e9nement, plac\u00e9 sous la supervision du hakem de Monguel, M. Mohamed El Amine Ould Mohamed Abdelrahmane, a mis en&#8230;..<\/p>\n","protected":false},"author":4,"featured_media":30429,"comment_status":"open","ping_status":"open","sticky":false,"template":"","format":"standard","meta":{"footnotes":""},"categories":[23,55],"tags":[],"class_list":["post-30428","post","type-post","status-publish","format-standard","has-post-thumbnail","hentry","category-actualite","category-culture"],"yoast_head":"<!-- This site is optimized with the Yoast SEO plugin v27.5 - https:\/\/yoast.com\/product\/yoast-seo-wordpress\/ -->\n<title>Cl\u00f4ture du Festival culturel de Monguel : entre coh\u00e9sion sociale et mise en valeur du patrimoine local - Le Quotidien de Nouakchott<\/title>\n<meta name=\"robots\" content=\"index, follow, max-snippet:-1, max-image-preview:large, max-video-preview:-1\" \/>\n<link rel=\"canonical\" href=\"https:\/\/lequotidien.mr\/?p=30428&lang=fr\" \/>\n<meta property=\"og:locale\" content=\"ar_AR\" \/>\n<meta property=\"og:type\" content=\"article\" \/>\n<meta property=\"og:title\" content=\"Cl\u00f4ture du Festival culturel de Monguel : entre coh\u00e9sion sociale et mise en valeur du patrimoine local - Le Quotidien de Nouakchott\" \/>\n<meta property=\"og:description\" content=\"La ville de Monguel a vibr\u00e9, hier soir, au rythme des musiques et des arts lors de la cl\u00f4ture du Festival de la Coh\u00e9sion et du D\u00e9veloppement, organis\u00e9 par les \u00e9lus et cadres de la moughataa. L\u2019\u00e9v\u00e9nement, plac\u00e9 sous la supervision du hakem de Monguel, M. Mohamed El Amine Ould Mohamed Abdelrahmane, a mis en.....\" \/>\n<meta property=\"og:url\" content=\"https:\/\/lequotidien.mr\/?p=30428&amp;lang=fr\" \/>\n<meta property=\"og:site_name\" content=\"Le Quotidien de Nouakchott\" \/>\n<meta property=\"article:publisher\" content=\"https:\/\/web.facebook.com\/lequotidienmr\" \/>\n<meta property=\"article:published_time\" content=\"2025-08-26T11:54:47+00:00\" \/>\n<meta property=\"og:image\" content=\"https:\/\/lequotidien.mr\/wp-content\/uploads\/2025\/08\/25-08-2025-016.gif\" \/>\n\t<meta property=\"og:image:width\" content=\"1400\" \/>\n\t<meta property=\"og:image:height\" content=\"630\" \/>\n\t<meta property=\"og:image:type\" content=\"image\/gif\" \/>\n<meta name=\"author\" content=\"Le Quotidien\" \/>\n<meta name=\"twitter:card\" content=\"summary_large_image\" \/>\n<meta name=\"twitter:creator\" content=\"@lequotidienmr\" \/>\n<meta name=\"twitter:site\" content=\"@lequotidienmr\" \/>\n<meta name=\"twitter:label1\" content=\"\u0643\u064f\u062a\u0628 \u0628\u0648\u0627\u0633\u0637\u0629\" \/>\n\t<meta name=\"twitter:data1\" content=\"Le Quotidien\" \/>\n\t<meta name=\"twitter:label2\" content=\"\u0648\u0642\u062a \u0627\u0644\u0642\u0631\u0627\u0621\u0629 \u0627\u0644\u0645\u064f\u0642\u062f\u0651\u0631\" \/>\n\t<meta name=\"twitter:data2\" content=\"3 \u062f\u0642\u0627\u0626\u0642\" \/>\n<script type=\"application\/ld+json\" class=\"yoast-schema-graph\">{\"@context\":\"https:\\\/\\\/schema.org\",\"@graph\":[{\"@type\":\"Article\",\"@id\":\"https:\\\/\\\/lequotidien.mr\\\/?p=30428&lang=fr#article\",\"isPartOf\":{\"@id\":\"https:\\\/\\\/lequotidien.mr\\\/?p=30428&lang=fr\"},\"author\":{\"name\":\"Le Quotidien\",\"@id\":\"https:\\\/\\\/lequotidien.mr\\\/#\\\/schema\\\/person\\\/f90fcdaa970c60288de4ed2e64a56472\"},\"headline\":\"Cl\u00f4ture du Festival culturel de Monguel : entre coh\u00e9sion sociale et mise en valeur du patrimoine local\",\"datePublished\":\"2025-08-26T11:54:47+00:00\",\"mainEntityOfPage\":{\"@id\":\"https:\\\/\\\/lequotidien.mr\\\/?p=30428&lang=fr\"},\"wordCount\":394,\"commentCount\":0,\"publisher\":{\"@id\":\"https:\\\/\\\/lequotidien.mr\\\/#organization\"},\"image\":{\"@id\":\"https:\\\/\\\/lequotidien.mr\\\/?p=30428&lang=fr#primaryimage\"},\"thumbnailUrl\":\"https:\\\/\\\/lequotidien.mr\\\/wp-content\\\/uploads\\\/2025\\\/08\\\/25-08-2025-016.gif\",\"articleSection\":[\"ACTUALIT\u00c9\",\"Culture\"],\"inLanguage\":\"ar\",\"potentialAction\":[{\"@type\":\"CommentAction\",\"name\":\"Comment\",\"target\":[\"https:\\\/\\\/lequotidien.mr\\\/?p=30428&lang=fr#respond\"]}]},{\"@type\":\"WebPage\",\"@id\":\"https:\\\/\\\/lequotidien.mr\\\/?p=30428&lang=fr\",\"url\":\"https:\\\/\\\/lequotidien.mr\\\/?p=30428&lang=fr\",\"name\":\"Cl\u00f4ture du Festival culturel de Monguel : entre coh\u00e9sion sociale et mise en valeur du patrimoine local - Le Quotidien de Nouakchott\",\"isPartOf\":{\"@id\":\"https:\\\/\\\/lequotidien.mr\\\/#website\"},\"primaryImageOfPage\":{\"@id\":\"https:\\\/\\\/lequotidien.mr\\\/?p=30428&lang=fr#primaryimage\"},\"image\":{\"@id\":\"https:\\\/\\\/lequotidien.mr\\\/?p=30428&lang=fr#primaryimage\"},\"thumbnailUrl\":\"https:\\\/\\\/lequotidien.mr\\\/wp-content\\\/uploads\\\/2025\\\/08\\\/25-08-2025-016.gif\",\"datePublished\":\"2025-08-26T11:54:47+00:00\",\"breadcrumb\":{\"@id\":\"https:\\\/\\\/lequotidien.mr\\\/?p=30428&lang=fr#breadcrumb\"},\"inLanguage\":\"ar\",\"potentialAction\":[{\"@type\":\"ReadAction\",\"target\":[\"https:\\\/\\\/lequotidien.mr\\\/?p=30428&lang=fr\"]}]},{\"@type\":\"ImageObject\",\"inLanguage\":\"ar\",\"@id\":\"https:\\\/\\\/lequotidien.mr\\\/?p=30428&lang=fr#primaryimage\",\"url\":\"https:\\\/\\\/lequotidien.mr\\\/wp-content\\\/uploads\\\/2025\\\/08\\\/25-08-2025-016.gif\",\"contentUrl\":\"https:\\\/\\\/lequotidien.mr\\\/wp-content\\\/uploads\\\/2025\\\/08\\\/25-08-2025-016.gif\",\"width\":1400,\"height\":630},{\"@type\":\"BreadcrumbList\",\"@id\":\"https:\\\/\\\/lequotidien.mr\\\/?p=30428&lang=fr#breadcrumb\",\"itemListElement\":[{\"@type\":\"ListItem\",\"position\":1,\"name\":\"Home\",\"item\":\"https:\\\/\\\/lequotidien.mr\\\/\"},{\"@type\":\"ListItem\",\"position\":2,\"name\":\"Cl\u00f4ture du Festival culturel de Monguel : entre coh\u00e9sion sociale et mise en valeur du patrimoine local\"}]},{\"@type\":\"WebSite\",\"@id\":\"https:\\\/\\\/lequotidien.mr\\\/#website\",\"url\":\"https:\\\/\\\/lequotidien.mr\\\/\",\"name\":\"Le Quotidien de Nouakchott\",\"description\":\"\u0625\u062e\u0628\u0627\u0631\u064a\u0629 \u0645\u0633\u062a\u0642\u0644\u0629 \u0644\u0644\u0623\u0646\u0628\u0627\u0621 \u0627\u0644\u0639\u0627\u0645\u0629\",\"publisher\":{\"@id\":\"https:\\\/\\\/lequotidien.mr\\\/#organization\"},\"potentialAction\":[{\"@type\":\"SearchAction\",\"target\":{\"@type\":\"EntryPoint\",\"urlTemplate\":\"https:\\\/\\\/lequotidien.mr\\\/?s={search_term_string}\"},\"query-input\":{\"@type\":\"PropertyValueSpecification\",\"valueRequired\":true,\"valueName\":\"search_term_string\"}}],\"inLanguage\":\"ar\"},{\"@type\":\"Organization\",\"@id\":\"https:\\\/\\\/lequotidien.mr\\\/#organization\",\"name\":\"Le Quotidien de Nouakchott\",\"url\":\"https:\\\/\\\/lequotidien.mr\\\/\",\"logo\":{\"@type\":\"ImageObject\",\"inLanguage\":\"ar\",\"@id\":\"https:\\\/\\\/lequotidien.mr\\\/#\\\/schema\\\/logo\\\/image\\\/\",\"url\":\"https:\\\/\\\/lequotidien.mr\\\/wp-content\\\/uploads\\\/2022\\\/11\\\/logolequotidien.jpg\",\"contentUrl\":\"https:\\\/\\\/lequotidien.mr\\\/wp-content\\\/uploads\\\/2022\\\/11\\\/logolequotidien.jpg\",\"width\":290,\"height\":65,\"caption\":\"Le Quotidien de Nouakchott\"},\"image\":{\"@id\":\"https:\\\/\\\/lequotidien.mr\\\/#\\\/schema\\\/logo\\\/image\\\/\"},\"sameAs\":[\"https:\\\/\\\/web.facebook.com\\\/lequotidienmr\",\"https:\\\/\\\/x.com\\\/lequotidienmr\"]},{\"@type\":\"Person\",\"@id\":\"https:\\\/\\\/lequotidien.mr\\\/#\\\/schema\\\/person\\\/f90fcdaa970c60288de4ed2e64a56472\",\"name\":\"Le Quotidien\",\"image\":{\"@type\":\"ImageObject\",\"inLanguage\":\"ar\",\"@id\":\"https:\\\/\\\/secure.gravatar.com\\\/avatar\\\/374cb39a1a458a912465a93e5a3ce6546886fc3da809a1f10c63e4e8fcbca30f?s=96&d=mm&r=g\",\"url\":\"https:\\\/\\\/secure.gravatar.com\\\/avatar\\\/374cb39a1a458a912465a93e5a3ce6546886fc3da809a1f10c63e4e8fcbca30f?s=96&d=mm&r=g\",\"contentUrl\":\"https:\\\/\\\/secure.gravatar.com\\\/avatar\\\/374cb39a1a458a912465a93e5a3ce6546886fc3da809a1f10c63e4e8fcbca30f?s=96&d=mm&r=g\",\"caption\":\"Le Quotidien\"},\"sameAs\":[\"https:\\\/\\\/lequotidien.mr\\\/\"],\"url\":\"https:\\\/\\\/lequotidien.mr\\\/?author=4\"}]}<\/script>\n<!-- \/ Yoast SEO plugin. -->","yoast_head_json":{"title":"Cl\u00f4ture du Festival culturel de Monguel : entre coh\u00e9sion sociale et mise en valeur du patrimoine local - Le Quotidien de Nouakchott","robots":{"index":"index","follow":"follow","max-snippet":"max-snippet:-1","max-image-preview":"max-image-preview:large","max-video-preview":"max-video-preview:-1"},"canonical":"https:\/\/lequotidien.mr\/?p=30428&lang=fr","og_locale":"ar_AR","og_type":"article","og_title":"Cl\u00f4ture du Festival culturel de Monguel : entre coh\u00e9sion sociale et mise en valeur du patrimoine local - Le Quotidien de Nouakchott","og_description":"La ville de Monguel a vibr\u00e9, hier soir, au rythme des musiques et des arts lors de la cl\u00f4ture du Festival de la Coh\u00e9sion et du D\u00e9veloppement, organis\u00e9 par les \u00e9lus et cadres de la moughataa. L\u2019\u00e9v\u00e9nement, plac\u00e9 sous la supervision du hakem de Monguel, M. Mohamed El Amine Ould Mohamed Abdelrahmane, a mis en.....","og_url":"https:\/\/lequotidien.mr\/?p=30428&lang=fr","og_site_name":"Le Quotidien de Nouakchott","article_publisher":"https:\/\/web.facebook.com\/lequotidienmr","article_published_time":"2025-08-26T11:54:47+00:00","og_image":[{"width":1400,"height":630,"url":"https:\/\/lequotidien.mr\/wp-content\/uploads\/2025\/08\/25-08-2025-016.gif","type":"image\/gif"}],"author":"Le Quotidien","twitter_card":"summary_large_image","twitter_creator":"@lequotidienmr","twitter_site":"@lequotidienmr","twitter_misc":{"\u0643\u064f\u062a\u0628 \u0628\u0648\u0627\u0633\u0637\u0629":"Le Quotidien","\u0648\u0642\u062a \u0627\u0644\u0642\u0631\u0627\u0621\u0629 \u0627\u0644\u0645\u064f\u0642\u062f\u0651\u0631":"3 \u062f\u0642\u0627\u0626\u0642"},"schema":{"@context":"https:\/\/schema.org","@graph":[{"@type":"Article","@id":"https:\/\/lequotidien.mr\/?p=30428&lang=fr#article","isPartOf":{"@id":"https:\/\/lequotidien.mr\/?p=30428&lang=fr"},"author":{"name":"Le Quotidien","@id":"https:\/\/lequotidien.mr\/#\/schema\/person\/f90fcdaa970c60288de4ed2e64a56472"},"headline":"Cl\u00f4ture du Festival culturel de Monguel : entre coh\u00e9sion sociale et mise en valeur du patrimoine local","datePublished":"2025-08-26T11:54:47+00:00","mainEntityOfPage":{"@id":"https:\/\/lequotidien.mr\/?p=30428&lang=fr"},"wordCount":394,"commentCount":0,"publisher":{"@id":"https:\/\/lequotidien.mr\/#organization"},"image":{"@id":"https:\/\/lequotidien.mr\/?p=30428&lang=fr#primaryimage"},"thumbnailUrl":"https:\/\/lequotidien.mr\/wp-content\/uploads\/2025\/08\/25-08-2025-016.gif","articleSection":["ACTUALIT\u00c9","Culture"],"inLanguage":"ar","potentialAction":[{"@type":"CommentAction","name":"Comment","target":["https:\/\/lequotidien.mr\/?p=30428&lang=fr#respond"]}]},{"@type":"WebPage","@id":"https:\/\/lequotidien.mr\/?p=30428&lang=fr","url":"https:\/\/lequotidien.mr\/?p=30428&lang=fr","name":"Cl\u00f4ture du Festival culturel de Monguel : entre coh\u00e9sion sociale et mise en valeur du patrimoine local - Le Quotidien de Nouakchott","isPartOf":{"@id":"https:\/\/lequotidien.mr\/#website"},"primaryImageOfPage":{"@id":"https:\/\/lequotidien.mr\/?p=30428&lang=fr#primaryimage"},"image":{"@id":"https:\/\/lequotidien.mr\/?p=30428&lang=fr#primaryimage"},"thumbnailUrl":"https:\/\/lequotidien.mr\/wp-content\/uploads\/2025\/08\/25-08-2025-016.gif","datePublished":"2025-08-26T11:54:47+00:00","breadcrumb":{"@id":"https:\/\/lequotidien.mr\/?p=30428&lang=fr#breadcrumb"},"inLanguage":"ar","potentialAction":[{"@type":"ReadAction","target":["https:\/\/lequotidien.mr\/?p=30428&lang=fr"]}]},{"@type":"ImageObject","inLanguage":"ar","@id":"https:\/\/lequotidien.mr\/?p=30428&lang=fr#primaryimage","url":"https:\/\/lequotidien.mr\/wp-content\/uploads\/2025\/08\/25-08-2025-016.gif","contentUrl":"https:\/\/lequotidien.mr\/wp-content\/uploads\/2025\/08\/25-08-2025-016.gif","width":1400,"height":630},{"@type":"BreadcrumbList","@id":"https:\/\/lequotidien.mr\/?p=30428&lang=fr#breadcrumb","itemListElement":[{"@type":"ListItem","position":1,"name":"Home","item":"https:\/\/lequotidien.mr\/"},{"@type":"ListItem","position":2,"name":"Cl\u00f4ture du Festival culturel de Monguel : entre coh\u00e9sion sociale et mise en valeur du patrimoine local"}]},{"@type":"WebSite","@id":"https:\/\/lequotidien.mr\/#website","url":"https:\/\/lequotidien.mr\/","name":"Le Quotidien de Nouakchott","description":"\u0625\u062e\u0628\u0627\u0631\u064a\u0629 \u0645\u0633\u062a\u0642\u0644\u0629 \u0644\u0644\u0623\u0646\u0628\u0627\u0621 \u0627\u0644\u0639\u0627\u0645\u0629","publisher":{"@id":"https:\/\/lequotidien.mr\/#organization"},"potentialAction":[{"@type":"SearchAction","target":{"@type":"EntryPoint","urlTemplate":"https:\/\/lequotidien.mr\/?s={search_term_string}"},"query-input":{"@type":"PropertyValueSpecification","valueRequired":true,"valueName":"search_term_string"}}],"inLanguage":"ar"},{"@type":"Organization","@id":"https:\/\/lequotidien.mr\/#organization","name":"Le Quotidien de Nouakchott","url":"https:\/\/lequotidien.mr\/","logo":{"@type":"ImageObject","inLanguage":"ar","@id":"https:\/\/lequotidien.mr\/#\/schema\/logo\/image\/","url":"https:\/\/lequotidien.mr\/wp-content\/uploads\/2022\/11\/logolequotidien.jpg","contentUrl":"https:\/\/lequotidien.mr\/wp-content\/uploads\/2022\/11\/logolequotidien.jpg","width":290,"height":65,"caption":"Le Quotidien de Nouakchott"},"image":{"@id":"https:\/\/lequotidien.mr\/#\/schema\/logo\/image\/"},"sameAs":["https:\/\/web.facebook.com\/lequotidienmr","https:\/\/x.com\/lequotidienmr"]},{"@type":"Person","@id":"https:\/\/lequotidien.mr\/#\/schema\/person\/f90fcdaa970c60288de4ed2e64a56472","name":"Le Quotidien","image":{"@type":"ImageObject","inLanguage":"ar","@id":"https:\/\/secure.gravatar.com\/avatar\/374cb39a1a458a912465a93e5a3ce6546886fc3da809a1f10c63e4e8fcbca30f?s=96&d=mm&r=g","url":"https:\/\/secure.gravatar.com\/avatar\/374cb39a1a458a912465a93e5a3ce6546886fc3da809a1f10c63e4e8fcbca30f?s=96&d=mm&r=g","contentUrl":"https:\/\/secure.gravatar.com\/avatar\/374cb39a1a458a912465a93e5a3ce6546886fc3da809a1f10c63e4e8fcbca30f?s=96&d=mm&r=g","caption":"Le Quotidien"},"sameAs":["https:\/\/lequotidien.mr\/"],"url":"https:\/\/lequotidien.mr\/?author=4"}]}},"_links":{"self":[{"href":"https:\/\/lequotidien.mr\/index.php?rest_route=\/wp\/v2\/posts\/30428","targetHints":{"allow":["GET"]}}],"collection":[{"href":"https:\/\/lequotidien.mr\/index.php?rest_route=\/wp\/v2\/posts"}],"about":[{"href":"https:\/\/lequotidien.mr\/index.php?rest_route=\/wp\/v2\/types\/post"}],"author":[{"embeddable":true,"href":"https:\/\/lequotidien.mr\/index.php?rest_route=\/wp\/v2\/users\/4"}],"replies":[{"embeddable":true,"href":"https:\/\/lequotidien.mr\/index.php?rest_route=%2Fwp%2Fv2%2Fcomments&post=30428"}],"version-history":[{"count":1,"href":"https:\/\/lequotidien.mr\/index.php?rest_route=\/wp\/v2\/posts\/30428\/revisions"}],"predecessor-version":[{"id":30430,"href":"https:\/\/lequotidien.mr\/index.php?rest_route=\/wp\/v2\/posts\/30428\/revisions\/30430"}],"wp:featuredmedia":[{"embeddable":true,"href":"https:\/\/lequotidien.mr\/index.php?rest_route=\/wp\/v2\/media\/30429"}],"wp:attachment":[{"href":"https:\/\/lequotidien.mr\/index.php?rest_route=%2Fwp%2Fv2%2Fmedia&parent=30428"}],"wp:term":[{"taxonomy":"category","embeddable":true,"href":"https:\/\/lequotidien.mr\/index.php?rest_route=%2Fwp%2Fv2%2Fcategories&post=30428"},{"taxonomy":"post_tag","embeddable":true,"href":"https:\/\/lequotidien.mr\/index.php?rest_route=%2Fwp%2Fv2%2Ftags&post=30428"}],"curies":[{"name":"wp","href":"https:\/\/api.w.org\/{rel}","templated":true}]}}