{"id":30425,"date":"2025-08-26T11:52:45","date_gmt":"2025-08-26T11:52:45","guid":{"rendered":"https:\/\/lequotidien.mr\/?p=30425"},"modified":"2025-08-26T11:52:45","modified_gmt":"2025-08-26T11:52:45","slug":"campagne-agricole-dhiver-promesses-en-reunion-penuries-dans-les-marches","status":"publish","type":"post","link":"https:\/\/lequotidien.mr\/?p=30425&lang=fr","title":{"rendered":"\u00a0\u00a0Campagne agricole d\u2019hiver : promesses en r\u00e9union, p\u00e9nuries dans les march\u00e9s \u00a0"},"content":{"rendered":"<p>Encore une fois, la sc\u00e8ne se r\u00e9p\u00e8te : une grande r\u00e9union organis\u00e9e dans les locaux du minist\u00e8re de l\u2019Agriculture et de la Souverainet\u00e9 alimentaire, des discours rassurants, et des promesses recycl\u00e9es de soutien aux producteurs. Mais sur le terrain, la r\u00e9alit\u00e9 est tout autre : d\u00e9ficits chroniques, structures d\u00e9faillantes, corruption rampante et d\u00e9sespoir grandissant des agriculteurs, qui voient leurs efforts \u00e9touff\u00e9s avant m\u00eame que les semences ne germent.<\/p>\n<p>Le ministre de l\u2019Agriculture, M. Momm\u00e9 Ould Beibatta, a vant\u00e9 les \u00ab succ\u00e8s \u00bb des campagnes pr\u00e9c\u00e9dentes et rappel\u00e9 l\u2019importance que l\u2019\u00c9tat accorde au secteur mara\u00eecher. Pourtant, l\u2019indicateur brandi lui-m\u00eame \u2013 un taux d\u2019autosuffisance en l\u00e9gumes oscillant entre 35 et 40 % \u2013 sonne comme un aveu d\u2019\u00e9chec. Car, dans les faits, plus de la moiti\u00e9 des besoins du pays en l\u00e9gumes continue d\u2019\u00eatre import\u00e9e du Maroc, du S\u00e9n\u00e9gal ou encore d\u2019Espagne.<\/p>\n<p>Dans les march\u00e9s de Nouakchott, les prix parlent d\u2019eux-m\u00eames : la tomate locale, cens\u00e9e \u00eatre disponible en abondance lors de la pr\u00e9c\u00e9dente campagne, \u00e9tait vendue \u00e0 plus de <strong>200 MRU\/kg<\/strong>, alors que la tomate import\u00e9e du Maroc, plus r\u00e9guli\u00e8re en qualit\u00e9, tournait autour de <strong>250 MRU\/kg<\/strong>. De m\u00eame, la pomme de terre produite localement ne couvrait m\u00eame pas 15 % des besoins du march\u00e9, obligeant \u00e0 importer plus de <strong>30 000 tonnes<\/strong> en 2024.<\/p>\n<p><strong>Une d\u00e9pendance entretenue<\/strong><\/p>\n<p>Malgr\u00e9 les milliards inject\u00e9s dans des programmes dits de \u00ab soutien \u00bb, le mara\u00eechage mauritanien reste prisonnier des m\u00eames maux :<\/p>\n<ol>\n<li><strong>Acc\u00e8s limit\u00e9 aux intrants agricoles<\/strong> : Les semences dites \u00ab am\u00e9lior\u00e9es \u00bb arrivent souvent en retard, et leur distribution souffre de d\u00e9tournements, obligeant de nombreux producteurs \u00e0 s\u2019approvisionner \u00e0 prix fort \u00e0 l\u2019\u00e9tranger.<\/li>\n<li><strong>\u00c9quipements hors de port\u00e9e<\/strong> : Malgr\u00e9 les annonces sur les \u00ab facilit\u00e9s douani\u00e8res \u00bb, les petits exploitants n\u2019ont ni les moyens financiers ni l\u2019appui logistique pour acqu\u00e9rir du mat\u00e9riel moderne.<\/li>\n<li><strong>Stockage et commercialisation pr\u00e9caires<\/strong> : Les promesses d\u2019entrep\u00f4ts frigorifiques se multiplient depuis dix ans. Pourtant, plus de <strong>25 % des l\u00e9gumes r\u00e9colt\u00e9s<\/strong> se perdent chaque saison, faute de moyens de conservation adapt\u00e9s.<\/li>\n<\/ol>\n<p><strong>Le grand \u00e9cart entre discours et r\u00e9alit\u00e9<\/strong><\/p>\n<p>Lors de la r\u00e9union, le pr\u00e9sident de l\u2019Union nationale du patronat, Mohamed Zein El Abidine Ould Cheikh Ahmed, a \u00e9voqu\u00e9 des capacit\u00e9s de stockage de 13 000 tonnes et a pr\u00e9sent\u00e9 la campagne \u00e0 venir comme \u00ab exceptionnelle \u00bb. Mais derri\u00e8re ce discours optimiste, la r\u00e9alit\u00e9 est beaucoup plus sombre : les producteurs pr\u00e9sents \u00e0 la r\u00e9union ont rappel\u00e9, non sans amertume, les retards dans la distribution des intrants, les lenteurs administratives, et surtout l\u2019absence d\u2019un v\u00e9ritable accompagnement technique et financier adapt\u00e9 \u00e0 leurs besoins.<\/p>\n<p><strong>Une agriculture prisonni\u00e8re d\u2019une gouvernance d\u00e9faillante<\/strong><\/p>\n<p>Le gouvernement pr\u00e9sente la campagne hivernale comme une solution miracle \u00e0 l\u2019ins\u00e9curit\u00e9 alimentaire. Pourtant, sans r\u00e9forme structurelle, ces campagnes saisonni\u00e8res ne sont qu\u2019un empl\u00e2tre sur une plaie profonde :<\/p>\n<ul>\n<li><strong>D\u00e9pendance aux importations<\/strong> : en 2024, la Mauritanie a import\u00e9 plus de <strong>90 000 tonnes de l\u00e9gumes<\/strong> pour combler son d\u00e9ficit, un chiffre en hausse par rapport \u00e0 2022.<\/li>\n<li><strong>Absence de strat\u00e9gie durable<\/strong> : aucun plan clair n\u2019existe pour affronter la rar\u00e9faction de l\u2019eau, la salinisation des sols et le changement climatique.<\/li>\n<li><strong>Instrumentalisation politique du secteur<\/strong> : chaque campagne agricole devient une vitrine de communication politique, plut\u00f4t qu\u2019un levier concret pour atteindre la souverainet\u00e9 alimentaire.<\/li>\n<\/ul>\n<p>La \u00ab campagne agricole hivernale \u00bb de 2025 s\u2019annonce donc sous les m\u00eames auspices que les pr\u00e9c\u00e9dentes : un d\u00e9fil\u00e9 de promesses et de chiffres flatteurs, pendant que les producteurs restent prisonniers d\u2019un syst\u00e8me incapable de transformer les slogans en politiques publiques efficaces. Tant que l\u2019agriculture restera g\u00e9r\u00e9e comme une sc\u00e8ne de propagande politique, et non comme un chantier strat\u00e9gique de souverainet\u00e9 et de d\u00e9veloppement, la Mauritanie continuera d\u2019importer ses l\u00e9gumes\u2026 et de nourrir ses illusions.<\/p>\n<p>&nbsp;<\/p>\n","protected":false},"excerpt":{"rendered":"<p>Encore une fois, la sc\u00e8ne se r\u00e9p\u00e8te : une grande r\u00e9union organis\u00e9e dans les locaux du minist\u00e8re de l\u2019Agriculture et de la Souverainet\u00e9 alimentaire, des discours rassurants, et des promesses recycl\u00e9es de soutien aux producteurs. Mais sur le terrain, la r\u00e9alit\u00e9 est tout autre : d\u00e9ficits chroniques, structures d\u00e9faillantes, corruption rampante et d\u00e9sespoir grandissant des&#8230;..<\/p>\n","protected":false},"author":4,"featured_media":30426,"comment_status":"open","ping_status":"open","sticky":false,"template":"","format":"standard","meta":{"footnotes":""},"categories":[23,49,57],"tags":[],"class_list":["post-30425","post","type-post","status-publish","format-standard","has-post-thumbnail","hentry","category-actualite","category-economie","category-couverture-specilale"],"yoast_head":"<!-- This site is optimized with the Yoast SEO plugin v27.5 - https:\/\/yoast.com\/product\/yoast-seo-wordpress\/ -->\n<title>\u00a0\u00a0Campagne agricole d\u2019hiver : promesses en r\u00e9union, p\u00e9nuries dans les march\u00e9s \u00a0 - Le Quotidien de Nouakchott<\/title>\n<meta name=\"robots\" content=\"index, follow, max-snippet:-1, max-image-preview:large, max-video-preview:-1\" \/>\n<link rel=\"canonical\" href=\"https:\/\/lequotidien.mr\/?p=30425&lang=fr\" \/>\n<meta property=\"og:locale\" content=\"ar_AR\" \/>\n<meta property=\"og:type\" content=\"article\" \/>\n<meta property=\"og:title\" content=\"\u00a0\u00a0Campagne agricole d\u2019hiver : promesses en r\u00e9union, p\u00e9nuries dans les march\u00e9s \u00a0 - Le Quotidien de Nouakchott\" \/>\n<meta property=\"og:description\" content=\"Encore une fois, la sc\u00e8ne se r\u00e9p\u00e8te : une grande r\u00e9union organis\u00e9e dans les locaux du minist\u00e8re de l\u2019Agriculture et de la Souverainet\u00e9 alimentaire, des discours rassurants, et des promesses recycl\u00e9es de soutien aux producteurs. Mais sur le terrain, la r\u00e9alit\u00e9 est tout autre : d\u00e9ficits chroniques, structures d\u00e9faillantes, corruption rampante et d\u00e9sespoir grandissant des.....\" \/>\n<meta property=\"og:url\" content=\"https:\/\/lequotidien.mr\/?p=30425&amp;lang=fr\" \/>\n<meta property=\"og:site_name\" content=\"Le Quotidien de Nouakchott\" \/>\n<meta property=\"article:publisher\" content=\"https:\/\/web.facebook.com\/lequotidienmr\" \/>\n<meta property=\"article:published_time\" content=\"2025-08-26T11:52:45+00:00\" \/>\n<meta property=\"og:image\" content=\"https:\/\/lequotidien.mr\/wp-content\/uploads\/2025\/08\/25-08-2025-015.gif\" \/>\n\t<meta property=\"og:image:width\" content=\"1400\" \/>\n\t<meta property=\"og:image:height\" content=\"630\" \/>\n\t<meta property=\"og:image:type\" content=\"image\/gif\" \/>\n<meta name=\"author\" content=\"Le Quotidien\" \/>\n<meta name=\"twitter:card\" content=\"summary_large_image\" \/>\n<meta name=\"twitter:creator\" content=\"@lequotidienmr\" \/>\n<meta name=\"twitter:site\" content=\"@lequotidienmr\" \/>\n<meta name=\"twitter:label1\" content=\"\u0643\u064f\u062a\u0628 \u0628\u0648\u0627\u0633\u0637\u0629\" \/>\n\t<meta name=\"twitter:data1\" content=\"Le Quotidien\" \/>\n\t<meta name=\"twitter:label2\" content=\"\u0648\u0642\u062a \u0627\u0644\u0642\u0631\u0627\u0621\u0629 \u0627\u0644\u0645\u064f\u0642\u062f\u0651\u0631\" \/>\n\t<meta name=\"twitter:data2\" content=\"5 \u062f\u0642\u0627\u0626\u0642\" \/>\n<script type=\"application\/ld+json\" class=\"yoast-schema-graph\">{\"@context\":\"https:\\\/\\\/schema.org\",\"@graph\":[{\"@type\":\"Article\",\"@id\":\"https:\\\/\\\/lequotidien.mr\\\/?p=30425&lang=fr#article\",\"isPartOf\":{\"@id\":\"https:\\\/\\\/lequotidien.mr\\\/?p=30425&lang=fr\"},\"author\":{\"name\":\"Le Quotidien\",\"@id\":\"https:\\\/\\\/lequotidien.mr\\\/#\\\/schema\\\/person\\\/f90fcdaa970c60288de4ed2e64a56472\"},\"headline\":\"\u00a0\u00a0Campagne agricole d\u2019hiver : promesses en r\u00e9union, p\u00e9nuries dans les march\u00e9s \u00a0\",\"datePublished\":\"2025-08-26T11:52:45+00:00\",\"mainEntityOfPage\":{\"@id\":\"https:\\\/\\\/lequotidien.mr\\\/?p=30425&lang=fr\"},\"wordCount\":686,\"commentCount\":0,\"publisher\":{\"@id\":\"https:\\\/\\\/lequotidien.mr\\\/#organization\"},\"image\":{\"@id\":\"https:\\\/\\\/lequotidien.mr\\\/?p=30425&lang=fr#primaryimage\"},\"thumbnailUrl\":\"https:\\\/\\\/lequotidien.mr\\\/wp-content\\\/uploads\\\/2025\\\/08\\\/25-08-2025-015.gif\",\"articleSection\":[\"ACTUALIT\u00c9\",\"Economie\",\"Couverture sp\u00e9cilale\"],\"inLanguage\":\"ar\",\"potentialAction\":[{\"@type\":\"CommentAction\",\"name\":\"Comment\",\"target\":[\"https:\\\/\\\/lequotidien.mr\\\/?p=30425&lang=fr#respond\"]}]},{\"@type\":\"WebPage\",\"@id\":\"https:\\\/\\\/lequotidien.mr\\\/?p=30425&lang=fr\",\"url\":\"https:\\\/\\\/lequotidien.mr\\\/?p=30425&lang=fr\",\"name\":\"\u00a0\u00a0Campagne agricole d\u2019hiver : promesses en r\u00e9union, p\u00e9nuries dans les march\u00e9s \u00a0 - Le Quotidien de Nouakchott\",\"isPartOf\":{\"@id\":\"https:\\\/\\\/lequotidien.mr\\\/#website\"},\"primaryImageOfPage\":{\"@id\":\"https:\\\/\\\/lequotidien.mr\\\/?p=30425&lang=fr#primaryimage\"},\"image\":{\"@id\":\"https:\\\/\\\/lequotidien.mr\\\/?p=30425&lang=fr#primaryimage\"},\"thumbnailUrl\":\"https:\\\/\\\/lequotidien.mr\\\/wp-content\\\/uploads\\\/2025\\\/08\\\/25-08-2025-015.gif\",\"datePublished\":\"2025-08-26T11:52:45+00:00\",\"breadcrumb\":{\"@id\":\"https:\\\/\\\/lequotidien.mr\\\/?p=30425&lang=fr#breadcrumb\"},\"inLanguage\":\"ar\",\"potentialAction\":[{\"@type\":\"ReadAction\",\"target\":[\"https:\\\/\\\/lequotidien.mr\\\/?p=30425&lang=fr\"]}]},{\"@type\":\"ImageObject\",\"inLanguage\":\"ar\",\"@id\":\"https:\\\/\\\/lequotidien.mr\\\/?p=30425&lang=fr#primaryimage\",\"url\":\"https:\\\/\\\/lequotidien.mr\\\/wp-content\\\/uploads\\\/2025\\\/08\\\/25-08-2025-015.gif\",\"contentUrl\":\"https:\\\/\\\/lequotidien.mr\\\/wp-content\\\/uploads\\\/2025\\\/08\\\/25-08-2025-015.gif\",\"width\":1400,\"height\":630},{\"@type\":\"BreadcrumbList\",\"@id\":\"https:\\\/\\\/lequotidien.mr\\\/?p=30425&lang=fr#breadcrumb\",\"itemListElement\":[{\"@type\":\"ListItem\",\"position\":1,\"name\":\"Home\",\"item\":\"https:\\\/\\\/lequotidien.mr\\\/\"},{\"@type\":\"ListItem\",\"position\":2,\"name\":\"\u00a0\u00a0Campagne agricole d\u2019hiver : promesses en r\u00e9union, p\u00e9nuries dans les march\u00e9s \u00a0\"}]},{\"@type\":\"WebSite\",\"@id\":\"https:\\\/\\\/lequotidien.mr\\\/#website\",\"url\":\"https:\\\/\\\/lequotidien.mr\\\/\",\"name\":\"Le Quotidien de Nouakchott\",\"description\":\"\u0625\u062e\u0628\u0627\u0631\u064a\u0629 \u0645\u0633\u062a\u0642\u0644\u0629 \u0644\u0644\u0623\u0646\u0628\u0627\u0621 \u0627\u0644\u0639\u0627\u0645\u0629\",\"publisher\":{\"@id\":\"https:\\\/\\\/lequotidien.mr\\\/#organization\"},\"potentialAction\":[{\"@type\":\"SearchAction\",\"target\":{\"@type\":\"EntryPoint\",\"urlTemplate\":\"https:\\\/\\\/lequotidien.mr\\\/?s={search_term_string}\"},\"query-input\":{\"@type\":\"PropertyValueSpecification\",\"valueRequired\":true,\"valueName\":\"search_term_string\"}}],\"inLanguage\":\"ar\"},{\"@type\":\"Organization\",\"@id\":\"https:\\\/\\\/lequotidien.mr\\\/#organization\",\"name\":\"Le Quotidien de Nouakchott\",\"url\":\"https:\\\/\\\/lequotidien.mr\\\/\",\"logo\":{\"@type\":\"ImageObject\",\"inLanguage\":\"ar\",\"@id\":\"https:\\\/\\\/lequotidien.mr\\\/#\\\/schema\\\/logo\\\/image\\\/\",\"url\":\"https:\\\/\\\/lequotidien.mr\\\/wp-content\\\/uploads\\\/2022\\\/11\\\/logolequotidien.jpg\",\"contentUrl\":\"https:\\\/\\\/lequotidien.mr\\\/wp-content\\\/uploads\\\/2022\\\/11\\\/logolequotidien.jpg\",\"width\":290,\"height\":65,\"caption\":\"Le Quotidien de Nouakchott\"},\"image\":{\"@id\":\"https:\\\/\\\/lequotidien.mr\\\/#\\\/schema\\\/logo\\\/image\\\/\"},\"sameAs\":[\"https:\\\/\\\/web.facebook.com\\\/lequotidienmr\",\"https:\\\/\\\/x.com\\\/lequotidienmr\"]},{\"@type\":\"Person\",\"@id\":\"https:\\\/\\\/lequotidien.mr\\\/#\\\/schema\\\/person\\\/f90fcdaa970c60288de4ed2e64a56472\",\"name\":\"Le Quotidien\",\"image\":{\"@type\":\"ImageObject\",\"inLanguage\":\"ar\",\"@id\":\"https:\\\/\\\/secure.gravatar.com\\\/avatar\\\/374cb39a1a458a912465a93e5a3ce6546886fc3da809a1f10c63e4e8fcbca30f?s=96&d=mm&r=g\",\"url\":\"https:\\\/\\\/secure.gravatar.com\\\/avatar\\\/374cb39a1a458a912465a93e5a3ce6546886fc3da809a1f10c63e4e8fcbca30f?s=96&d=mm&r=g\",\"contentUrl\":\"https:\\\/\\\/secure.gravatar.com\\\/avatar\\\/374cb39a1a458a912465a93e5a3ce6546886fc3da809a1f10c63e4e8fcbca30f?s=96&d=mm&r=g\",\"caption\":\"Le Quotidien\"},\"sameAs\":[\"https:\\\/\\\/lequotidien.mr\\\/\"],\"url\":\"https:\\\/\\\/lequotidien.mr\\\/?author=4\"}]}<\/script>\n<!-- \/ Yoast SEO plugin. -->","yoast_head_json":{"title":"\u00a0\u00a0Campagne agricole d\u2019hiver : promesses en r\u00e9union, p\u00e9nuries dans les march\u00e9s \u00a0 - Le Quotidien de Nouakchott","robots":{"index":"index","follow":"follow","max-snippet":"max-snippet:-1","max-image-preview":"max-image-preview:large","max-video-preview":"max-video-preview:-1"},"canonical":"https:\/\/lequotidien.mr\/?p=30425&lang=fr","og_locale":"ar_AR","og_type":"article","og_title":"\u00a0\u00a0Campagne agricole d\u2019hiver : promesses en r\u00e9union, p\u00e9nuries dans les march\u00e9s \u00a0 - Le Quotidien de Nouakchott","og_description":"Encore une fois, la sc\u00e8ne se r\u00e9p\u00e8te : une grande r\u00e9union organis\u00e9e dans les locaux du minist\u00e8re de l\u2019Agriculture et de la Souverainet\u00e9 alimentaire, des discours rassurants, et des promesses recycl\u00e9es de soutien aux producteurs. Mais sur le terrain, la r\u00e9alit\u00e9 est tout autre : d\u00e9ficits chroniques, structures d\u00e9faillantes, corruption rampante et d\u00e9sespoir grandissant des.....","og_url":"https:\/\/lequotidien.mr\/?p=30425&lang=fr","og_site_name":"Le Quotidien de Nouakchott","article_publisher":"https:\/\/web.facebook.com\/lequotidienmr","article_published_time":"2025-08-26T11:52:45+00:00","og_image":[{"width":1400,"height":630,"url":"https:\/\/lequotidien.mr\/wp-content\/uploads\/2025\/08\/25-08-2025-015.gif","type":"image\/gif"}],"author":"Le Quotidien","twitter_card":"summary_large_image","twitter_creator":"@lequotidienmr","twitter_site":"@lequotidienmr","twitter_misc":{"\u0643\u064f\u062a\u0628 \u0628\u0648\u0627\u0633\u0637\u0629":"Le Quotidien","\u0648\u0642\u062a \u0627\u0644\u0642\u0631\u0627\u0621\u0629 \u0627\u0644\u0645\u064f\u0642\u062f\u0651\u0631":"5 \u062f\u0642\u0627\u0626\u0642"},"schema":{"@context":"https:\/\/schema.org","@graph":[{"@type":"Article","@id":"https:\/\/lequotidien.mr\/?p=30425&lang=fr#article","isPartOf":{"@id":"https:\/\/lequotidien.mr\/?p=30425&lang=fr"},"author":{"name":"Le Quotidien","@id":"https:\/\/lequotidien.mr\/#\/schema\/person\/f90fcdaa970c60288de4ed2e64a56472"},"headline":"\u00a0\u00a0Campagne agricole d\u2019hiver : promesses en r\u00e9union, p\u00e9nuries dans les march\u00e9s \u00a0","datePublished":"2025-08-26T11:52:45+00:00","mainEntityOfPage":{"@id":"https:\/\/lequotidien.mr\/?p=30425&lang=fr"},"wordCount":686,"commentCount":0,"publisher":{"@id":"https:\/\/lequotidien.mr\/#organization"},"image":{"@id":"https:\/\/lequotidien.mr\/?p=30425&lang=fr#primaryimage"},"thumbnailUrl":"https:\/\/lequotidien.mr\/wp-content\/uploads\/2025\/08\/25-08-2025-015.gif","articleSection":["ACTUALIT\u00c9","Economie","Couverture sp\u00e9cilale"],"inLanguage":"ar","potentialAction":[{"@type":"CommentAction","name":"Comment","target":["https:\/\/lequotidien.mr\/?p=30425&lang=fr#respond"]}]},{"@type":"WebPage","@id":"https:\/\/lequotidien.mr\/?p=30425&lang=fr","url":"https:\/\/lequotidien.mr\/?p=30425&lang=fr","name":"\u00a0\u00a0Campagne agricole d\u2019hiver : promesses en r\u00e9union, p\u00e9nuries dans les march\u00e9s \u00a0 - Le Quotidien de Nouakchott","isPartOf":{"@id":"https:\/\/lequotidien.mr\/#website"},"primaryImageOfPage":{"@id":"https:\/\/lequotidien.mr\/?p=30425&lang=fr#primaryimage"},"image":{"@id":"https:\/\/lequotidien.mr\/?p=30425&lang=fr#primaryimage"},"thumbnailUrl":"https:\/\/lequotidien.mr\/wp-content\/uploads\/2025\/08\/25-08-2025-015.gif","datePublished":"2025-08-26T11:52:45+00:00","breadcrumb":{"@id":"https:\/\/lequotidien.mr\/?p=30425&lang=fr#breadcrumb"},"inLanguage":"ar","potentialAction":[{"@type":"ReadAction","target":["https:\/\/lequotidien.mr\/?p=30425&lang=fr"]}]},{"@type":"ImageObject","inLanguage":"ar","@id":"https:\/\/lequotidien.mr\/?p=30425&lang=fr#primaryimage","url":"https:\/\/lequotidien.mr\/wp-content\/uploads\/2025\/08\/25-08-2025-015.gif","contentUrl":"https:\/\/lequotidien.mr\/wp-content\/uploads\/2025\/08\/25-08-2025-015.gif","width":1400,"height":630},{"@type":"BreadcrumbList","@id":"https:\/\/lequotidien.mr\/?p=30425&lang=fr#breadcrumb","itemListElement":[{"@type":"ListItem","position":1,"name":"Home","item":"https:\/\/lequotidien.mr\/"},{"@type":"ListItem","position":2,"name":"\u00a0\u00a0Campagne agricole d\u2019hiver : promesses en r\u00e9union, p\u00e9nuries dans les march\u00e9s \u00a0"}]},{"@type":"WebSite","@id":"https:\/\/lequotidien.mr\/#website","url":"https:\/\/lequotidien.mr\/","name":"Le Quotidien de Nouakchott","description":"\u0625\u062e\u0628\u0627\u0631\u064a\u0629 \u0645\u0633\u062a\u0642\u0644\u0629 \u0644\u0644\u0623\u0646\u0628\u0627\u0621 \u0627\u0644\u0639\u0627\u0645\u0629","publisher":{"@id":"https:\/\/lequotidien.mr\/#organization"},"potentialAction":[{"@type":"SearchAction","target":{"@type":"EntryPoint","urlTemplate":"https:\/\/lequotidien.mr\/?s={search_term_string}"},"query-input":{"@type":"PropertyValueSpecification","valueRequired":true,"valueName":"search_term_string"}}],"inLanguage":"ar"},{"@type":"Organization","@id":"https:\/\/lequotidien.mr\/#organization","name":"Le Quotidien de Nouakchott","url":"https:\/\/lequotidien.mr\/","logo":{"@type":"ImageObject","inLanguage":"ar","@id":"https:\/\/lequotidien.mr\/#\/schema\/logo\/image\/","url":"https:\/\/lequotidien.mr\/wp-content\/uploads\/2022\/11\/logolequotidien.jpg","contentUrl":"https:\/\/lequotidien.mr\/wp-content\/uploads\/2022\/11\/logolequotidien.jpg","width":290,"height":65,"caption":"Le Quotidien de Nouakchott"},"image":{"@id":"https:\/\/lequotidien.mr\/#\/schema\/logo\/image\/"},"sameAs":["https:\/\/web.facebook.com\/lequotidienmr","https:\/\/x.com\/lequotidienmr"]},{"@type":"Person","@id":"https:\/\/lequotidien.mr\/#\/schema\/person\/f90fcdaa970c60288de4ed2e64a56472","name":"Le Quotidien","image":{"@type":"ImageObject","inLanguage":"ar","@id":"https:\/\/secure.gravatar.com\/avatar\/374cb39a1a458a912465a93e5a3ce6546886fc3da809a1f10c63e4e8fcbca30f?s=96&d=mm&r=g","url":"https:\/\/secure.gravatar.com\/avatar\/374cb39a1a458a912465a93e5a3ce6546886fc3da809a1f10c63e4e8fcbca30f?s=96&d=mm&r=g","contentUrl":"https:\/\/secure.gravatar.com\/avatar\/374cb39a1a458a912465a93e5a3ce6546886fc3da809a1f10c63e4e8fcbca30f?s=96&d=mm&r=g","caption":"Le Quotidien"},"sameAs":["https:\/\/lequotidien.mr\/"],"url":"https:\/\/lequotidien.mr\/?author=4"}]}},"_links":{"self":[{"href":"https:\/\/lequotidien.mr\/index.php?rest_route=\/wp\/v2\/posts\/30425","targetHints":{"allow":["GET"]}}],"collection":[{"href":"https:\/\/lequotidien.mr\/index.php?rest_route=\/wp\/v2\/posts"}],"about":[{"href":"https:\/\/lequotidien.mr\/index.php?rest_route=\/wp\/v2\/types\/post"}],"author":[{"embeddable":true,"href":"https:\/\/lequotidien.mr\/index.php?rest_route=\/wp\/v2\/users\/4"}],"replies":[{"embeddable":true,"href":"https:\/\/lequotidien.mr\/index.php?rest_route=%2Fwp%2Fv2%2Fcomments&post=30425"}],"version-history":[{"count":1,"href":"https:\/\/lequotidien.mr\/index.php?rest_route=\/wp\/v2\/posts\/30425\/revisions"}],"predecessor-version":[{"id":30427,"href":"https:\/\/lequotidien.mr\/index.php?rest_route=\/wp\/v2\/posts\/30425\/revisions\/30427"}],"wp:featuredmedia":[{"embeddable":true,"href":"https:\/\/lequotidien.mr\/index.php?rest_route=\/wp\/v2\/media\/30426"}],"wp:attachment":[{"href":"https:\/\/lequotidien.mr\/index.php?rest_route=%2Fwp%2Fv2%2Fmedia&parent=30425"}],"wp:term":[{"taxonomy":"category","embeddable":true,"href":"https:\/\/lequotidien.mr\/index.php?rest_route=%2Fwp%2Fv2%2Fcategories&post=30425"},{"taxonomy":"post_tag","embeddable":true,"href":"https:\/\/lequotidien.mr\/index.php?rest_route=%2Fwp%2Fv2%2Ftags&post=30425"}],"curies":[{"name":"wp","href":"https:\/\/api.w.org\/{rel}","templated":true}]}}